{"id":58014,"date":"2020-04-23T13:25:07","date_gmt":"2020-04-23T17:25:07","guid":{"rendered":"https:\/\/recursing-golick.147-182-135-0.plesk.page\/?p=58014"},"modified":"2020-04-24T10:33:53","modified_gmt":"2020-04-24T14:33:53","slug":"principios-del-reino","status":"publish","type":"post","link":"https:\/\/interamerica.org\/es\/2020\/04\/principios-del-reino\/","title":{"rendered":"Principios del Reino"},"content":{"rendered":"<p>23 de abril de 2020 | Silver Spring, Maryland, Estados Unidos | Por Tim Aka<\/p>\n<p>\u00a1Veintid\u00f3s millones de empleos perdidos en un mes en los Estados Unidos! Esta es una cifra abrumadora siendo que con ello desaparecen la mayor\u00eda de los trabajos que se hab\u00edan ganado desde la crisis financiera global en 2008. Y con esta crisis que no parece disminuir muy pronto, la cifra seguramente se va a incrementar. La crisis del COVID-19 ha expuesto lo d\u00e9bil de las finanzas de muchas familias, siendo que tres cuartas partes de los estadounidenses estaban viviendo simplemente al d\u00eda, de cheque a cheque, aun antes de la crisis. El constante descenso del nivel de vida en las naciones occidentales se va a acelerar por motivo de esta crisis. Muchas familias van a batallar para suplir sus necesidades b\u00e1sicas.<\/p>\n<p>\u00bfQu\u00e9 significa esto en cuanto a la habilidad de nuestras familias y particularmente de nuestros j\u00f3venes para hacer realidad sus sue\u00f1os y aspiraciones? De acuerdo con la jerarqu\u00eda de necesidades de Maslow, necesitamos satisfacer primero nuestras necesidades b\u00e1sicas de alimento, refugio y seguridad, a fin de poder elevarnos al siguiente nivel. Necesitamos tambi\u00e9n el sentido de pertenencia a una comunidad para poder continuar creciendo, todo lo cual el virus nos ha arrebatado. En 1943, Abraham Maslow propuso su modelo de salud sicol\u00f3gica y de desarrollo humano. Este modelo ha sido hasta ahora bien aceptado y forma las bases de las tareas de atenci\u00f3n a la salud, educaci\u00f3n y otros campos del desarrollo humano. La importancia de satisfacer las necesidades b\u00e1sicas a fin de que los seres humanos alcancen su potencial, es un concepto ampliamente reconocido.<\/p>\n<p>En forma coincidente, en 1943, cerca del fin de la Segunda Guerra Mundial, John Maynard Keynes, del Reino Unido y Harry White, de los Estados Unidos, fijaron el marco del acuerdo Bretton Woods,\u00a0que estableci\u00f3 las bases de la reconstrucci\u00f3n de la econom\u00eda mundial despu\u00e9s de la guerra. El concepto b\u00e1sico de este acuerdo fue el establecimiento del d\u00f3lar estadounidense como la moneda global de las transacciones y de reserva. Y en efecto, Estados Unidos se convirti\u00f3 en el banquero del mundo y desde entonces ha sido el poder financiero dominante. Nunca en la historia mundial se hab\u00eda visto el nivel de prosperidad alcanzado por esta era del d\u00f3lar. Las necesidades b\u00e1sicas se\u00f1aladas se hab\u00edan estado supliendo\u00a0 y muchos estaban subiendo al pin\u00e1culo de la \u201cactualizaci\u00f3n propia\u201d. \u00bfSer\u00e1 que el descenso de la econom\u00eda como resultado del COVID-19 ser\u00e1 la bomba de neutrones que arrasar\u00e1 con las aspiraciones de generaciones?<\/p>\n<p>A\u00f1os antes de Maslow, se present\u00f3 y proclam\u00f3 otro marco operativo que dec\u00eda: \u201cBienaventurados los pobres en esp\u00edritu porque de los tales es el reino de los cielos\u201d. \u00a0Y dichosos los que lloran, porque ser\u00e1n consolados\u201d. \u201cDichosos los que tienen hambre y sed de justicia, porque ser\u00e1n saciados\u201d. \u201cDichosos los perseguidos por causa de la justicia, porque el reino de los cielos les pertenece\u201d. (<a href=\"https:\/\/biblia.com\/bible\/nkjv\/Matt.%205.%203-10\" data-reference=\"Matt. 5. 3-10\" data-version=\"nkjv\" data-purpose=\"bible-reference\">Mat. 5: 3-10<\/a>). Un pobre carpintero procedente del peor vecindario en la regi\u00f3n, describi\u00f3 un concepto diferente para el desarrollo humano. Uno que no requiere de ninguna riqueza material para cumplirse. Uno que brinda gran esperanza para los pobres y desamparados del mundo. En una era cuando las riquezas eran consideradas como un emblema de la aprobaci\u00f3n de Dios, los pobres recibieron estas buena nuevas y promesas con alegr\u00eda y asombro.<\/p>\n<p>M\u00e1s aun, este Aldeano proclamaba que el reino de los cielos estaba a las puertas. Este reino se estaba acercando a ellos a pesar de su pobreza y miseria. Esta audaz aseveraci\u00f3n fue recibida con desd\u00e9n por parte de la \u00e9lite, pero recibida abiertamente por aquellos que no ten\u00edan esperanza. Este pobre indigente dijo que este reino era como el cielo. Si se ten\u00eda tan solo un poquito de ello, cambiar\u00eda completamente la naturaleza del que lo tuviera y la invertir\u00eda totalmente. Si lograbas tener una vislumbre de ello, har\u00eda que todo perdiera su valor y, nada, sino un completo intercambio de todo lo que tenemos, por este tesoro, iba a poder satisfacer el alma.<\/p>\n<p>Cristo anunci\u00f3 este reino hace dos mil a\u00f1os y nos lo ofreci\u00f3 como modelo de salud sicol\u00f3gica y desarrollo humano. \u00bfA qu\u00e9 m\u00e1s podemos aspirar sino a ser herederos del reino de los cielos; y m\u00e1s a\u00fan, a ser herederos juntamente con Cristo? En nuestra moderna posteridad es posible que hayamos perdido de vista este reino y el elevad\u00edsimo destino que ofrece a los seres humanos. Lo que es m\u00e1s, tal vez como adventistas que procuramos y esperamos el regreso de Cristo, hemos olvidado el m\u00e1s crucial de los principios proclamados por Cristo. Una doctrina que repiti\u00f3 una y otra vez: \u00a1El reino de los cielos se ha acercado! El reino de Cristo se inici\u00f3 hace dos mil a\u00f1os, aun cuando seguimos esperando el cumplimiento futuro de esta promesa.<\/p>\n<p>Se\u00f1ala Elena G. White en su libro \u201c<em>El Deseado de todas las gentes\u201d, <\/em>p. 279: \u201cPor la vida que vivimos mediante la gracia de Cristo se forma el car\u00e1cter. . . Los atributos del car\u00e1cter de Cristo son impartidos, y la imagen del Ser divino empieza a resplandecer. Los rostros de los hombres y mujeres que andan y trabajan con Dios expresan la paz del cielo. Est\u00e1n rodeados por la atm\u00f3sfera celestial. <em>Para esas almas, el reino de Dios empez\u00f3 ya<\/em>\u201d.<\/p>\n<p>Cristo camin\u00f3 muy de cerca con un peque\u00f1o grupo de personas para ayudarlas a captar la visi\u00f3n de su reino, porque sab\u00eda que si as\u00ed lo hac\u00edan, habr\u00edan de encender con su doctrina al mundo. \u00a0\u00bfC\u00f3mo ser\u00edan nuestras iglesias si nosotros, como cristianos, \u00a0realmente adopt\u00e1ramos la proclamaci\u00f3n de Jes\u00fas y acept\u00e1ramos su invitaci\u00f3n a ser parte de su reino hoy mismo? \u00bfQu\u00e9 significar\u00eda para un mundo que vive con temor e incertidumbre, el contemplar rostros iluminados con la paz del cielo? \u00bfQu\u00e9 tal si vivi\u00e9ramos como si el reino de los cielos ya hubiera comenzado?<\/p>\n<p><strong><em>Tim Aka<\/em><\/strong><em>\u00a0es tesorero asociado y director de inversiones en la Asociaci\u00f3n General de los Adventistas del S\u00e9ptimo D\u00eda, en Silver Spring, Maryland.<\/em><\/p>\n<p><em>Traducci\u00f3n \u2013 Gloria A. Castrej\u00f3n<\/em><\/p>\n<p>&nbsp;<\/p>\n<p><span class=\"byline-news\">\u00a0\u00a0\u00a0\u00a0\u00a0\u00a0\u00a0\u00a0\u00a0\u00a0\u00a0<\/span><\/p>\n","protected":false},"excerpt":{"rendered":"<p>23 de abril de 2020 | Silver Spring, Maryland, Estados Unidos | Por Tim Aka \u00a1Veintid\u00f3s millones de empleos perdidos en un mes en los Estados Unidos! Esta es una&#8230;<\/p>\n","protected":false},"author":3,"featured_media":57964,"comment_status":"open","ping_status":"closed","sticky":false,"template":"","format":"standard","meta":{"_acf_changed":false,"footnotes":""},"categories":[14,15],"tags":[],"class_list":["post-58014","post","type-post","status-publish","format-standard","has-post-thumbnail","hentry","category-de-la-iglesia-mundial","category-rss-espanol"],"acf":[],"yoast_head":"<!-- This site is optimized with the Yoast SEO plugin v27.3 - https:\/\/yoast.com\/product\/yoast-seo-wordpress\/ -->\n<title>Principios del Reino - Iglesia Adventista del S\u00e9ptimo D\u00eda - Divisi\u00f3n Interamericana<\/title>\n<meta name=\"robots\" content=\"index, follow, max-snippet:-1, max-image-preview:large, max-video-preview:-1\" \/>\n<link rel=\"canonical\" href=\"https:\/\/interamerica.org\/es\/2020\/04\/principios-del-reino\/\" \/>\n<meta property=\"og:locale\" content=\"es_ES\" \/>\n<meta property=\"og:type\" content=\"article\" \/>\n<meta property=\"og:title\" content=\"Principios del Reino - Iglesia Adventista del S\u00e9ptimo D\u00eda - Divisi\u00f3n Interamericana\" \/>\n<meta property=\"og:description\" content=\"23 de abril de 2020 | Silver Spring, Maryland, Estados Unidos | Por Tim Aka \u00a1Veintid\u00f3s millones de empleos perdidos en un mes en los Estados Unidos! Esta es una...\" \/>\n<meta property=\"og:url\" content=\"https:\/\/interamerica.org\/es\/2020\/04\/principios-del-reino\/\" \/>\n<meta property=\"og:site_name\" content=\"Iglesia Adventista del S\u00e9ptimo D\u00eda - Divisi\u00f3n Interamericana\" \/>\n<meta property=\"article:published_time\" content=\"2020-04-23T17:25:07+00:00\" \/>\n<meta property=\"article:modified_time\" content=\"2020-04-24T14:33:53+00:00\" \/>\n<meta property=\"og:image\" content=\"https:\/\/interamerica.org\/wp-content\/uploads\/2020\/04\/crisis-markus-winkler-trcafmv5vk-unsplash.jpg\" \/>\n\t<meta property=\"og:image:width\" content=\"1280\" \/>\n\t<meta property=\"og:image:height\" content=\"800\" \/>\n\t<meta property=\"og:image:type\" content=\"image\/jpeg\" \/>\n<meta name=\"author\" content=\"libna\" \/>\n<meta name=\"twitter:card\" content=\"summary_large_image\" \/>\n<meta name=\"twitter:label1\" content=\"Escrito por\" \/>\n\t<meta name=\"twitter:data1\" content=\"libna\" \/>\n\t<meta name=\"twitter:label2\" content=\"Tiempo de lectura\" \/>\n\t<meta name=\"twitter:data2\" content=\"5 minutos\" \/>\n<script type=\"application\/ld+json\" class=\"yoast-schema-graph\">{\"@context\":\"https:\\\/\\\/schema.org\",\"@graph\":[{\"@type\":\"Article\",\"@id\":\"https:\\\/\\\/interamerica.org\\\/es\\\/2020\\\/04\\\/principios-del-reino\\\/#article\",\"isPartOf\":{\"@id\":\"https:\\\/\\\/interamerica.org\\\/es\\\/2020\\\/04\\\/principios-del-reino\\\/\"},\"author\":{\"name\":\"libna\",\"@id\":\"https:\\\/\\\/interamerica.org\\\/es\\\/#\\\/schema\\\/person\\\/29998f2bc2d8bd0d38662909289b54f1\"},\"headline\":\"Principios del Reino\",\"datePublished\":\"2020-04-23T17:25:07+00:00\",\"dateModified\":\"2020-04-24T14:33:53+00:00\",\"mainEntityOfPage\":{\"@id\":\"https:\\\/\\\/interamerica.org\\\/es\\\/2020\\\/04\\\/principios-del-reino\\\/\"},\"wordCount\":1073,\"commentCount\":0,\"image\":{\"@id\":\"https:\\\/\\\/interamerica.org\\\/es\\\/2020\\\/04\\\/principios-del-reino\\\/#primaryimage\"},\"thumbnailUrl\":\"https:\\\/\\\/interamerica.org\\\/wp-content\\\/uploads\\\/2020\\\/04\\\/crisis-markus-winkler-trcafmv5vk-unsplash.jpg\",\"articleSection\":[\"Desde la iglesia mundial\",\"RSS Espa\u00f1ol\"],\"inLanguage\":\"es\",\"potentialAction\":[{\"@type\":\"CommentAction\",\"name\":\"Comment\",\"target\":[\"https:\\\/\\\/interamerica.org\\\/es\\\/2020\\\/04\\\/principios-del-reino\\\/#respond\"]}]},{\"@type\":\"WebPage\",\"@id\":\"https:\\\/\\\/interamerica.org\\\/es\\\/2020\\\/04\\\/principios-del-reino\\\/\",\"url\":\"https:\\\/\\\/interamerica.org\\\/es\\\/2020\\\/04\\\/principios-del-reino\\\/\",\"name\":\"Principios del Reino - Iglesia Adventista del S\u00e9ptimo D\u00eda - Divisi\u00f3n Interamericana\",\"isPartOf\":{\"@id\":\"https:\\\/\\\/interamerica.org\\\/es\\\/#website\"},\"primaryImageOfPage\":{\"@id\":\"https:\\\/\\\/interamerica.org\\\/es\\\/2020\\\/04\\\/principios-del-reino\\\/#primaryimage\"},\"image\":{\"@id\":\"https:\\\/\\\/interamerica.org\\\/es\\\/2020\\\/04\\\/principios-del-reino\\\/#primaryimage\"},\"thumbnailUrl\":\"https:\\\/\\\/interamerica.org\\\/wp-content\\\/uploads\\\/2020\\\/04\\\/crisis-markus-winkler-trcafmv5vk-unsplash.jpg\",\"datePublished\":\"2020-04-23T17:25:07+00:00\",\"dateModified\":\"2020-04-24T14:33:53+00:00\",\"author\":{\"@id\":\"https:\\\/\\\/interamerica.org\\\/es\\\/#\\\/schema\\\/person\\\/29998f2bc2d8bd0d38662909289b54f1\"},\"breadcrumb\":{\"@id\":\"https:\\\/\\\/interamerica.org\\\/es\\\/2020\\\/04\\\/principios-del-reino\\\/#breadcrumb\"},\"inLanguage\":\"es\",\"potentialAction\":[{\"@type\":\"ReadAction\",\"target\":[\"https:\\\/\\\/interamerica.org\\\/es\\\/2020\\\/04\\\/principios-del-reino\\\/\"]}]},{\"@type\":\"ImageObject\",\"inLanguage\":\"es\",\"@id\":\"https:\\\/\\\/interamerica.org\\\/es\\\/2020\\\/04\\\/principios-del-reino\\\/#primaryimage\",\"url\":\"https:\\\/\\\/interamerica.org\\\/wp-content\\\/uploads\\\/2020\\\/04\\\/crisis-markus-winkler-trcafmv5vk-unsplash.jpg\",\"contentUrl\":\"https:\\\/\\\/interamerica.org\\\/wp-content\\\/uploads\\\/2020\\\/04\\\/crisis-markus-winkler-trcafmv5vk-unsplash.jpg\",\"width\":1280,\"height\":800},{\"@type\":\"BreadcrumbList\",\"@id\":\"https:\\\/\\\/interamerica.org\\\/es\\\/2020\\\/04\\\/principios-del-reino\\\/#breadcrumb\",\"itemListElement\":[{\"@type\":\"ListItem\",\"position\":1,\"name\":\"Home\",\"item\":\"https:\\\/\\\/interamerica.org\\\/es\\\/\"},{\"@type\":\"ListItem\",\"position\":2,\"name\":\"Principios del Reino\"}]},{\"@type\":\"WebSite\",\"@id\":\"https:\\\/\\\/interamerica.org\\\/es\\\/#website\",\"url\":\"https:\\\/\\\/interamerica.org\\\/es\\\/\",\"name\":\"Iglesia Adventista del S\u00e9ptimo D\u00eda - Divisi\u00f3n Interamericana\",\"description\":\"\",\"potentialAction\":[{\"@type\":\"SearchAction\",\"target\":{\"@type\":\"EntryPoint\",\"urlTemplate\":\"https:\\\/\\\/interamerica.org\\\/es\\\/?s={search_term_string}\"},\"query-input\":{\"@type\":\"PropertyValueSpecification\",\"valueRequired\":true,\"valueName\":\"search_term_string\"}}],\"inLanguage\":\"es\"},{\"@type\":\"Person\",\"@id\":\"https:\\\/\\\/interamerica.org\\\/es\\\/#\\\/schema\\\/person\\\/29998f2bc2d8bd0d38662909289b54f1\",\"name\":\"libna\",\"image\":{\"@type\":\"ImageObject\",\"inLanguage\":\"es\",\"@id\":\"https:\\\/\\\/secure.gravatar.com\\\/avatar\\\/7c5bd30ae4b47a9ba3c856590957fd1d96dc588bf3ac05719d247e126840331f?s=96&d=mm&r=g\",\"url\":\"https:\\\/\\\/secure.gravatar.com\\\/avatar\\\/7c5bd30ae4b47a9ba3c856590957fd1d96dc588bf3ac05719d247e126840331f?s=96&d=mm&r=g\",\"contentUrl\":\"https:\\\/\\\/secure.gravatar.com\\\/avatar\\\/7c5bd30ae4b47a9ba3c856590957fd1d96dc588bf3ac05719d247e126840331f?s=96&d=mm&r=g\",\"caption\":\"libna\"}}]}<\/script>\n<!-- \/ Yoast SEO plugin. -->","yoast_head_json":{"title":"Principios del Reino - Iglesia Adventista del S\u00e9ptimo D\u00eda - Divisi\u00f3n Interamericana","robots":{"index":"index","follow":"follow","max-snippet":"max-snippet:-1","max-image-preview":"max-image-preview:large","max-video-preview":"max-video-preview:-1"},"canonical":"https:\/\/interamerica.org\/es\/2020\/04\/principios-del-reino\/","og_locale":"es_ES","og_type":"article","og_title":"Principios del Reino - Iglesia Adventista del S\u00e9ptimo D\u00eda - Divisi\u00f3n Interamericana","og_description":"23 de abril de 2020 | Silver Spring, Maryland, Estados Unidos | Por Tim Aka \u00a1Veintid\u00f3s millones de empleos perdidos en un mes en los Estados Unidos! Esta es una...","og_url":"https:\/\/interamerica.org\/es\/2020\/04\/principios-del-reino\/","og_site_name":"Iglesia Adventista del S\u00e9ptimo D\u00eda - Divisi\u00f3n Interamericana","article_published_time":"2020-04-23T17:25:07+00:00","article_modified_time":"2020-04-24T14:33:53+00:00","og_image":[{"width":1280,"height":800,"url":"https:\/\/interamerica.org\/wp-content\/uploads\/2020\/04\/crisis-markus-winkler-trcafmv5vk-unsplash.jpg","type":"image\/jpeg"}],"author":"libna","twitter_card":"summary_large_image","twitter_misc":{"Escrito por":"libna","Tiempo de lectura":"5 minutos"},"schema":{"@context":"https:\/\/schema.org","@graph":[{"@type":"Article","@id":"https:\/\/interamerica.org\/es\/2020\/04\/principios-del-reino\/#article","isPartOf":{"@id":"https:\/\/interamerica.org\/es\/2020\/04\/principios-del-reino\/"},"author":{"name":"libna","@id":"https:\/\/interamerica.org\/es\/#\/schema\/person\/29998f2bc2d8bd0d38662909289b54f1"},"headline":"Principios del Reino","datePublished":"2020-04-23T17:25:07+00:00","dateModified":"2020-04-24T14:33:53+00:00","mainEntityOfPage":{"@id":"https:\/\/interamerica.org\/es\/2020\/04\/principios-del-reino\/"},"wordCount":1073,"commentCount":0,"image":{"@id":"https:\/\/interamerica.org\/es\/2020\/04\/principios-del-reino\/#primaryimage"},"thumbnailUrl":"https:\/\/interamerica.org\/wp-content\/uploads\/2020\/04\/crisis-markus-winkler-trcafmv5vk-unsplash.jpg","articleSection":["Desde la iglesia mundial","RSS Espa\u00f1ol"],"inLanguage":"es","potentialAction":[{"@type":"CommentAction","name":"Comment","target":["https:\/\/interamerica.org\/es\/2020\/04\/principios-del-reino\/#respond"]}]},{"@type":"WebPage","@id":"https:\/\/interamerica.org\/es\/2020\/04\/principios-del-reino\/","url":"https:\/\/interamerica.org\/es\/2020\/04\/principios-del-reino\/","name":"Principios del Reino - Iglesia Adventista del S\u00e9ptimo D\u00eda - Divisi\u00f3n Interamericana","isPartOf":{"@id":"https:\/\/interamerica.org\/es\/#website"},"primaryImageOfPage":{"@id":"https:\/\/interamerica.org\/es\/2020\/04\/principios-del-reino\/#primaryimage"},"image":{"@id":"https:\/\/interamerica.org\/es\/2020\/04\/principios-del-reino\/#primaryimage"},"thumbnailUrl":"https:\/\/interamerica.org\/wp-content\/uploads\/2020\/04\/crisis-markus-winkler-trcafmv5vk-unsplash.jpg","datePublished":"2020-04-23T17:25:07+00:00","dateModified":"2020-04-24T14:33:53+00:00","author":{"@id":"https:\/\/interamerica.org\/es\/#\/schema\/person\/29998f2bc2d8bd0d38662909289b54f1"},"breadcrumb":{"@id":"https:\/\/interamerica.org\/es\/2020\/04\/principios-del-reino\/#breadcrumb"},"inLanguage":"es","potentialAction":[{"@type":"ReadAction","target":["https:\/\/interamerica.org\/es\/2020\/04\/principios-del-reino\/"]}]},{"@type":"ImageObject","inLanguage":"es","@id":"https:\/\/interamerica.org\/es\/2020\/04\/principios-del-reino\/#primaryimage","url":"https:\/\/interamerica.org\/wp-content\/uploads\/2020\/04\/crisis-markus-winkler-trcafmv5vk-unsplash.jpg","contentUrl":"https:\/\/interamerica.org\/wp-content\/uploads\/2020\/04\/crisis-markus-winkler-trcafmv5vk-unsplash.jpg","width":1280,"height":800},{"@type":"BreadcrumbList","@id":"https:\/\/interamerica.org\/es\/2020\/04\/principios-del-reino\/#breadcrumb","itemListElement":[{"@type":"ListItem","position":1,"name":"Home","item":"https:\/\/interamerica.org\/es\/"},{"@type":"ListItem","position":2,"name":"Principios del Reino"}]},{"@type":"WebSite","@id":"https:\/\/interamerica.org\/es\/#website","url":"https:\/\/interamerica.org\/es\/","name":"Iglesia Adventista del S\u00e9ptimo D\u00eda - Divisi\u00f3n Interamericana","description":"","potentialAction":[{"@type":"SearchAction","target":{"@type":"EntryPoint","urlTemplate":"https:\/\/interamerica.org\/es\/?s={search_term_string}"},"query-input":{"@type":"PropertyValueSpecification","valueRequired":true,"valueName":"search_term_string"}}],"inLanguage":"es"},{"@type":"Person","@id":"https:\/\/interamerica.org\/es\/#\/schema\/person\/29998f2bc2d8bd0d38662909289b54f1","name":"libna","image":{"@type":"ImageObject","inLanguage":"es","@id":"https:\/\/secure.gravatar.com\/avatar\/7c5bd30ae4b47a9ba3c856590957fd1d96dc588bf3ac05719d247e126840331f?s=96&d=mm&r=g","url":"https:\/\/secure.gravatar.com\/avatar\/7c5bd30ae4b47a9ba3c856590957fd1d96dc588bf3ac05719d247e126840331f?s=96&d=mm&r=g","contentUrl":"https:\/\/secure.gravatar.com\/avatar\/7c5bd30ae4b47a9ba3c856590957fd1d96dc588bf3ac05719d247e126840331f?s=96&d=mm&r=g","caption":"libna"}}]}},"_links":{"self":[{"href":"https:\/\/interamerica.org\/es\/wp-json\/wp\/v2\/posts\/58014","targetHints":{"allow":["GET"]}}],"collection":[{"href":"https:\/\/interamerica.org\/es\/wp-json\/wp\/v2\/posts"}],"about":[{"href":"https:\/\/interamerica.org\/es\/wp-json\/wp\/v2\/types\/post"}],"author":[{"embeddable":true,"href":"https:\/\/interamerica.org\/es\/wp-json\/wp\/v2\/users\/3"}],"replies":[{"embeddable":true,"href":"https:\/\/interamerica.org\/es\/wp-json\/wp\/v2\/comments?post=58014"}],"version-history":[{"count":0,"href":"https:\/\/interamerica.org\/es\/wp-json\/wp\/v2\/posts\/58014\/revisions"}],"wp:featuredmedia":[{"embeddable":true,"href":"https:\/\/interamerica.org\/es\/wp-json\/wp\/v2\/media\/57964"}],"wp:attachment":[{"href":"https:\/\/interamerica.org\/es\/wp-json\/wp\/v2\/media?parent=58014"}],"wp:term":[{"taxonomy":"category","embeddable":true,"href":"https:\/\/interamerica.org\/es\/wp-json\/wp\/v2\/categories?post=58014"},{"taxonomy":"post_tag","embeddable":true,"href":"https:\/\/interamerica.org\/es\/wp-json\/wp\/v2\/tags?post=58014"}],"curies":[{"name":"wp","href":"https:\/\/api.w.org\/{rel}","templated":true}]}}