{"id":58030,"date":"2020-04-26T12:48:38","date_gmt":"2020-04-26T16:48:38","guid":{"rendered":"https:\/\/recursing-golick.147-182-135-0.plesk.page\/?p=58030"},"modified":"2020-04-26T12:53:28","modified_gmt":"2020-04-26T16:53:28","slug":"el-mensaje-no-esta-en-cuarentena","status":"publish","type":"post","link":"https:\/\/interamerica.org\/es\/2020\/04\/el-mensaje-no-esta-en-cuarentena\/","title":{"rendered":"El mensaje no est\u00e1 en cuarentena"},"content":{"rendered":"<p>26 de abril de 2020 | Miami, Florida, Estados Unidos | Por Melchor Ferreyra, Divisi\u00f3n Interamericana<\/p>\n<p>Hay tres elementos que est\u00e1n presentes en el cumplimiento de la misi\u00f3n. Estos tres elementos son: El Mensaje, El Mensajero y El M\u00e9todo. En estos d\u00edas dif\u00edciles de crisis, en que el mundo ha sido trastornado por el COVID-19 y la mayor\u00eda de los miembros de iglesia y pastores est\u00e1n en cuarentena, uno de estos elementos ha sido afectado particularmente por este virus, porque los mensajeros han tenido que estar en cuarentena. Pero esto no va a romper la cadena l\u00f3gica en el cumplimiento de la Misi\u00f3n. Nos hemos levantado y decimos a voz en cuello EL MENSAJE NO EST\u00c1 EN CUARENTENA, porque el mensaje es de origen divino, viene de Dios y todo lo que viene de \u00e9l no puede fracasar. Los mensajeros, a\u00fan en cuarentena, siguen predicando el evangelio de salvaci\u00f3n a millones de seres humanos que necesitan escuchar una palabra de esperanza.<\/p>\n<p>Hay mucha gente que necesita que le llevemos un mensaje de esperanza en medio del caos y, a\u00fan desde nuestro \u201cencierro\u201d, podemos darles una palabra de \u00e1nimo. El ap\u00f3stol Pablo entendi\u00f3 bien claro esto cuando dijo: \u201cEn el cual sufro penalidades, hasta prisiones a modo de malhechor; mas la palabra de Dios no est\u00e1 presa\u201d (2 Timoteo 2:9). As\u00ed es; ciertamente, el mensaje y la Palabra de Dios no est\u00e1n en cuarentena.<\/p>\n<p>Me llam\u00f3 un familiar desde Nueva York y me dijo: \u201cPor favor ora por nosotros, mi esposa y yo hemos sido contagiados por el coronavirus\u201d. Lo interesante es que esta persona no es adventista, ni siquiera religiosa, no asiste a ninguna iglesia, siempre dijo que su religi\u00f3n era el trabajo y el dinero, pero ahora clama por ayuda en medio de su crisis respiratoria, con una tremenda dificultad para hablar por falta de aire, pidiendo que el Mensaje que alguna vez escuch\u00f3, sea ahora efectivo en su vida. Como buen mensajero, le dije que a\u00fan hay esperanza para \u00e9l y su esposa, que Dios no est\u00e1 en cuarentena, que Dios es real y que conf\u00ede en que \u00e9l har\u00e1 su voluntad en su vida.<\/p>\n<p>\u201cDebemos hacer planes sabios para que las gentes puedan tener la oportunidad de o\u00edr por s\u00ed mismas el \u00faltimo mensaje de misericordia que se dar\u00e1 al mundo. Se las debe amonestar a prepararse para el gran d\u00eda de Dios que est\u00e1 justamente delante de ellas. No tenemos tiempo que perder, debemos realizar todo esfuerzo posible para alcanzar a los hombres dondequiera que est\u00e9n\u201d (<em>Testimonios, <\/em>t. 6, p. 32). Nosotros estamos en cuarentena, pero no el Mensaje; y el Mensajero, a\u00fan en su \u201cencierro\u201d, puede ser un agente de esperanza a trav\u00e9s de las diferentes redes sociales y plataformas de comunicaci\u00f3n que hoy tiene a su alcance.<\/p>\n<p>Dios podr\u00eda hacer este trabajo independientemente de nosotros, pero no lo hace, porque \u00e9l quiere que nos involucremos en esta hermosa tarea. Dios depende de ti, mensajero en cuarentena, para alcanzar con su mensaje a otros.<\/p>\n<p>\u201cComo representantes suyos entre los hombres, Cristo no elige \u00e1ngeles que nunca cayeron, sino a seres humanos, hombres de pasiones iguales a las de aquellos a quienes tratan de salvar. Cristo mismo se revisti\u00f3 de la humanidad, para poder alcanzar a la humanidad. La divinidad necesitaba de la humanidad; porque se requer\u00eda tanto lo divino como lo humano para traer la salvaci\u00f3n al mundo. La divinidad necesitaba de la humanidad, para que \u00e9sta pudiese proporcionarle un medio de comunicaci\u00f3n entre Dios y el hombre\u201d (<em>El Deseado de todas las gentes<\/em>, p. 263).<\/p>\n<p>La historia y la Escritura atestiguan el hecho de que cuando Dios necesita hombres para su servicio, no los busca entre la clase ociosa, sino escoge a aquellos que son industriosos y que tienen \u00e9xito en sus diferentes clases de trabajos, como Mois\u00e9s, Gede\u00f3n, Eliseo, David, Nehem\u00edas, Pedro, Andr\u00e9s, Santiago, Juan. Y t\u00fa, querido hermano, solo faltas t\u00fa. Que la cuarentena no te desanime, que no te deprima, que por el contrario, te impulse a dar esperanza a los que la necesitan.<\/p>\n<p>\u201cLos agentes divinos y humanos est\u00e1n combinados en la obra de salvar almas. Dios ha hecho su parte y se necesita ahora actividad cristiana. Dios pide que se despliegue tal actividad. \u00c9l espera que su pueblo desempe\u00f1e una parte en la presentaci\u00f3n de la luz de la verdad a todas las naciones. \u00bfQui\u00e9n entrar\u00e1 en sociedad con el Se\u00f1or Jesucristo?\u201d (<em>Servicio cristiano, <\/em>p. 106)<em>.<\/em><\/p>\n<p>\u00bfQu\u00e9 acerca de los m\u00e9todos? Recuerda que ese es otro eslab\u00f3n en la cadena l\u00f3gica del cumplimiento de la misi\u00f3n. \u201cNuevos m\u00e9todos deben ser introducidos. El pueblo de Dios debe despertar a las necesidades actuales en las cuales est\u00e1 viviendo. Dios tiene hombres a los cuales llamar\u00e1 a su servicio \u2013hombres que no llevar\u00e1n adelante la obra con negligencia como ha sido llevada en lo pasado \u2026 No debe haber reglas fijas; nuestra obra es progresiva, y debe haber lugar para mejorar los m\u00e9todos. Pero bajo la direcci\u00f3n del Esp\u00edritu Santo, la unidad debe ser preservada, y lo ser\u00e1\u201d (<em>El evangelismo<\/em>, pp. 70, 73).<\/p>\n<p>Debemos poner nueva vida en los m\u00e9todos viejos. Necesitamos redise\u00f1ar los m\u00e9todos. \u201cSe necesitan hombres que oren a Dios por sabidur\u00eda y que, bajo la direcci\u00f3n de Dios, puedan poner nueva vida en los viejos m\u00e9todos de trabajo, y puedan inventar nuevos planes y nuevos m\u00e9todos de despertar el inter\u00e9s en los miembros de la iglesia y alcanzar a los hombres y mujeres del mundo\u201d (<em>Ib\u00edd.<\/em>)<\/p>\n<p>A manera de conclusi\u00f3n, quiero decir que debemos:<\/p>\n<ol>\n<li>Permitir la uni\u00f3n del poder divino con el esfuerzo humano.<\/li>\n<\/ol>\n<p>\u201cEl secreto del \u00e9xito estriba en la uni\u00f3n del poder divino con el esfuerzo humano. Los que logran los mayores resultados son lo que conf\u00edan m\u00e1s impl\u00edcitamente en el Brazo todopoderoso\u201d (<em>El colportor <\/em>evang\u00e9lico, p. 109).<\/p>\n<p>&nbsp;<\/p>\n<ol start=\"2\">\n<li>Realizar la obra con mucha oraci\u00f3n.<\/li>\n<\/ol>\n<p>\u201c\u2026[los] obreros jam\u00e1s podr\u00e1n lograr el mayor \u00e9xito hasta que aprendan cu\u00e1l es el secreto de la fuerza. Tienen que dedicar tiempo a pensar, orar, esperar que Dios renueve su poder f\u00edsico, mental y espiritual\u201d (<em>La educaci\u00f3n<\/em>, p. 234).<\/p>\n<p>&nbsp;<\/p>\n<ol start=\"3\">\n<li>Usar los m\u00e9todos de Cristo.<\/li>\n<\/ol>\n<p>\u201cS\u00f3lo el m\u00e9todo de Cristo ser\u00e1 el que dar\u00e1 \u00e9xito para llegar a la gente. El Salvador trataba con los hombres como quien deseaba hacerles bien. Les mostraba simpat\u00eda, atend\u00eda a sus necesidades y se ganaba su confianza. Entonces les dec\u00eda: Seguidme\u201d (<em>Consejos sobre el r\u00e9gimen alimenticio,<\/em> p. 551).<\/p>\n<p>&nbsp;<\/p>\n<ol start=\"4\">\n<li>Dominar las dificultades por medio de la fe.<\/li>\n<\/ol>\n<p>\u201cDios prepara a algunos haci\u00e9ndoles sufrir desilusi\u00f3n y aparente fracaso. Es prop\u00f3sito suyo que aprendan a dominar dificultades. Les inspira una determinaci\u00f3n de trocar en \u00e9xito todo fracaso aparente\u201d (<em>Obreros evang\u00e9licos<\/em>, p. 284).<\/p>\n<p>&nbsp;<\/p>\n<ol start=\"5\">\n<li>Vivir la vida cristiana.<\/li>\n<\/ol>\n<p>\u201cSobre cada conciencia debiera escribirse como quien burila sobre la roca con cincel de acero, que el verdadero \u00e9xito, para esta vida o la venidera, no puede obtenerse sino con la obediencia fiel a los principios eternos de la justicia\u201d (<em>Testimonios selectos<\/em>, t. 5, p.70).<\/p>\n<p>Dios nos ayude a ser cada vez m\u00e1s asertivos en el cumplimento de la Misi\u00f3n.<\/p>\n<p><em>Melchor Ferreyra es director de ministerios personales de la Divisi\u00f3n Interamericana de los Adventistas del S\u00e9ptimo D\u00eda.<\/em><\/p>\n","protected":false},"excerpt":{"rendered":"<p>26 de abril de 2020 | Miami, Florida, Estados Unidos | Por Melchor Ferreyra, Divisi\u00f3n Interamericana Hay tres elementos que est\u00e1n presentes en el cumplimiento de la misi\u00f3n. Estos tres&#8230;<\/p>\n","protected":false},"author":3,"featured_media":58028,"comment_status":"open","ping_status":"closed","sticky":false,"template":"","format":"standard","meta":{"_acf_changed":false,"footnotes":""},"categories":[16,15],"tags":[],"class_list":["post-58030","post","type-post","status-publish","format-standard","has-post-thumbnail","hentry","category-desde-la-sede","category-rss-espanol"],"acf":[],"yoast_head":"<!-- This site is optimized with the Yoast SEO plugin v27.3 - https:\/\/yoast.com\/product\/yoast-seo-wordpress\/ -->\n<title>El mensaje no est\u00e1 en cuarentena - Iglesia Adventista del S\u00e9ptimo D\u00eda - Divisi\u00f3n Interamericana<\/title>\n<meta name=\"robots\" content=\"index, follow, max-snippet:-1, max-image-preview:large, max-video-preview:-1\" \/>\n<link rel=\"canonical\" href=\"https:\/\/interamerica.org\/es\/2020\/04\/el-mensaje-no-esta-en-cuarentena\/\" \/>\n<meta property=\"og:locale\" content=\"es_ES\" \/>\n<meta property=\"og:type\" content=\"article\" \/>\n<meta property=\"og:title\" content=\"El mensaje no est\u00e1 en cuarentena - Iglesia Adventista del S\u00e9ptimo D\u00eda - Divisi\u00f3n Interamericana\" \/>\n<meta property=\"og:description\" content=\"26 de abril de 2020 | Miami, Florida, Estados Unidos | Por Melchor Ferreyra, Divisi\u00f3n Interamericana Hay tres elementos que est\u00e1n presentes en el cumplimiento de la misi\u00f3n. Estos tres...\" \/>\n<meta property=\"og:url\" content=\"https:\/\/interamerica.org\/es\/2020\/04\/el-mensaje-no-esta-en-cuarentena\/\" \/>\n<meta property=\"og:site_name\" content=\"Iglesia Adventista del S\u00e9ptimo D\u00eda - Divisi\u00f3n Interamericana\" \/>\n<meta property=\"article:published_time\" content=\"2020-04-26T16:48:38+00:00\" \/>\n<meta property=\"article:modified_time\" content=\"2020-04-26T16:53:28+00:00\" \/>\n<meta property=\"og:image\" content=\"https:\/\/interamerica.org\/wp-content\/uploads\/2020\/04\/bible-rod-long-drgrzqqsjda-unsplash1280.jpg\" \/>\n\t<meta property=\"og:image:width\" content=\"1000\" \/>\n\t<meta property=\"og:image:height\" content=\"667\" \/>\n\t<meta property=\"og:image:type\" content=\"image\/jpeg\" \/>\n<meta name=\"author\" content=\"libna\" \/>\n<meta name=\"twitter:card\" content=\"summary_large_image\" \/>\n<meta name=\"twitter:label1\" content=\"Escrito por\" \/>\n\t<meta name=\"twitter:data1\" content=\"libna\" \/>\n\t<meta name=\"twitter:label2\" content=\"Tiempo de lectura\" \/>\n\t<meta name=\"twitter:data2\" content=\"6 minutos\" \/>\n<script type=\"application\/ld+json\" class=\"yoast-schema-graph\">{\"@context\":\"https:\\\/\\\/schema.org\",\"@graph\":[{\"@type\":\"Article\",\"@id\":\"https:\\\/\\\/interamerica.org\\\/es\\\/2020\\\/04\\\/el-mensaje-no-esta-en-cuarentena\\\/#article\",\"isPartOf\":{\"@id\":\"https:\\\/\\\/interamerica.org\\\/es\\\/2020\\\/04\\\/el-mensaje-no-esta-en-cuarentena\\\/\"},\"author\":{\"name\":\"libna\",\"@id\":\"https:\\\/\\\/interamerica.org\\\/es\\\/#\\\/schema\\\/person\\\/29998f2bc2d8bd0d38662909289b54f1\"},\"headline\":\"El mensaje no est\u00e1 en cuarentena\",\"datePublished\":\"2020-04-26T16:48:38+00:00\",\"dateModified\":\"2020-04-26T16:53:28+00:00\",\"mainEntityOfPage\":{\"@id\":\"https:\\\/\\\/interamerica.org\\\/es\\\/2020\\\/04\\\/el-mensaje-no-esta-en-cuarentena\\\/\"},\"wordCount\":1259,\"commentCount\":0,\"image\":{\"@id\":\"https:\\\/\\\/interamerica.org\\\/es\\\/2020\\\/04\\\/el-mensaje-no-esta-en-cuarentena\\\/#primaryimage\"},\"thumbnailUrl\":\"https:\\\/\\\/interamerica.org\\\/wp-content\\\/uploads\\\/2020\\\/04\\\/bible-rod-long-drgrzqqsjda-unsplash1280.jpg\",\"articleSection\":[\"Desde la sede\",\"RSS Espa\u00f1ol\"],\"inLanguage\":\"es\",\"potentialAction\":[{\"@type\":\"CommentAction\",\"name\":\"Comment\",\"target\":[\"https:\\\/\\\/interamerica.org\\\/es\\\/2020\\\/04\\\/el-mensaje-no-esta-en-cuarentena\\\/#respond\"]}]},{\"@type\":\"WebPage\",\"@id\":\"https:\\\/\\\/interamerica.org\\\/es\\\/2020\\\/04\\\/el-mensaje-no-esta-en-cuarentena\\\/\",\"url\":\"https:\\\/\\\/interamerica.org\\\/es\\\/2020\\\/04\\\/el-mensaje-no-esta-en-cuarentena\\\/\",\"name\":\"El mensaje no est\u00e1 en cuarentena - Iglesia Adventista del S\u00e9ptimo D\u00eda - Divisi\u00f3n Interamericana\",\"isPartOf\":{\"@id\":\"https:\\\/\\\/interamerica.org\\\/es\\\/#website\"},\"primaryImageOfPage\":{\"@id\":\"https:\\\/\\\/interamerica.org\\\/es\\\/2020\\\/04\\\/el-mensaje-no-esta-en-cuarentena\\\/#primaryimage\"},\"image\":{\"@id\":\"https:\\\/\\\/interamerica.org\\\/es\\\/2020\\\/04\\\/el-mensaje-no-esta-en-cuarentena\\\/#primaryimage\"},\"thumbnailUrl\":\"https:\\\/\\\/interamerica.org\\\/wp-content\\\/uploads\\\/2020\\\/04\\\/bible-rod-long-drgrzqqsjda-unsplash1280.jpg\",\"datePublished\":\"2020-04-26T16:48:38+00:00\",\"dateModified\":\"2020-04-26T16:53:28+00:00\",\"author\":{\"@id\":\"https:\\\/\\\/interamerica.org\\\/es\\\/#\\\/schema\\\/person\\\/29998f2bc2d8bd0d38662909289b54f1\"},\"breadcrumb\":{\"@id\":\"https:\\\/\\\/interamerica.org\\\/es\\\/2020\\\/04\\\/el-mensaje-no-esta-en-cuarentena\\\/#breadcrumb\"},\"inLanguage\":\"es\",\"potentialAction\":[{\"@type\":\"ReadAction\",\"target\":[\"https:\\\/\\\/interamerica.org\\\/es\\\/2020\\\/04\\\/el-mensaje-no-esta-en-cuarentena\\\/\"]}]},{\"@type\":\"ImageObject\",\"inLanguage\":\"es\",\"@id\":\"https:\\\/\\\/interamerica.org\\\/es\\\/2020\\\/04\\\/el-mensaje-no-esta-en-cuarentena\\\/#primaryimage\",\"url\":\"https:\\\/\\\/interamerica.org\\\/wp-content\\\/uploads\\\/2020\\\/04\\\/bible-rod-long-drgrzqqsjda-unsplash1280.jpg\",\"contentUrl\":\"https:\\\/\\\/interamerica.org\\\/wp-content\\\/uploads\\\/2020\\\/04\\\/bible-rod-long-drgrzqqsjda-unsplash1280.jpg\",\"width\":1000,\"height\":667,\"caption\":\"[Photo: Unsplash]\"},{\"@type\":\"BreadcrumbList\",\"@id\":\"https:\\\/\\\/interamerica.org\\\/es\\\/2020\\\/04\\\/el-mensaje-no-esta-en-cuarentena\\\/#breadcrumb\",\"itemListElement\":[{\"@type\":\"ListItem\",\"position\":1,\"name\":\"Home\",\"item\":\"https:\\\/\\\/interamerica.org\\\/es\\\/\"},{\"@type\":\"ListItem\",\"position\":2,\"name\":\"El mensaje no est\u00e1 en cuarentena\"}]},{\"@type\":\"WebSite\",\"@id\":\"https:\\\/\\\/interamerica.org\\\/es\\\/#website\",\"url\":\"https:\\\/\\\/interamerica.org\\\/es\\\/\",\"name\":\"Iglesia Adventista del S\u00e9ptimo D\u00eda - Divisi\u00f3n Interamericana\",\"description\":\"\",\"potentialAction\":[{\"@type\":\"SearchAction\",\"target\":{\"@type\":\"EntryPoint\",\"urlTemplate\":\"https:\\\/\\\/interamerica.org\\\/es\\\/?s={search_term_string}\"},\"query-input\":{\"@type\":\"PropertyValueSpecification\",\"valueRequired\":true,\"valueName\":\"search_term_string\"}}],\"inLanguage\":\"es\"},{\"@type\":\"Person\",\"@id\":\"https:\\\/\\\/interamerica.org\\\/es\\\/#\\\/schema\\\/person\\\/29998f2bc2d8bd0d38662909289b54f1\",\"name\":\"libna\",\"image\":{\"@type\":\"ImageObject\",\"inLanguage\":\"es\",\"@id\":\"https:\\\/\\\/secure.gravatar.com\\\/avatar\\\/7c5bd30ae4b47a9ba3c856590957fd1d96dc588bf3ac05719d247e126840331f?s=96&d=mm&r=g\",\"url\":\"https:\\\/\\\/secure.gravatar.com\\\/avatar\\\/7c5bd30ae4b47a9ba3c856590957fd1d96dc588bf3ac05719d247e126840331f?s=96&d=mm&r=g\",\"contentUrl\":\"https:\\\/\\\/secure.gravatar.com\\\/avatar\\\/7c5bd30ae4b47a9ba3c856590957fd1d96dc588bf3ac05719d247e126840331f?s=96&d=mm&r=g\",\"caption\":\"libna\"}}]}<\/script>\n<!-- \/ Yoast SEO plugin. -->","yoast_head_json":{"title":"El mensaje no est\u00e1 en cuarentena - Iglesia Adventista del S\u00e9ptimo D\u00eda - Divisi\u00f3n Interamericana","robots":{"index":"index","follow":"follow","max-snippet":"max-snippet:-1","max-image-preview":"max-image-preview:large","max-video-preview":"max-video-preview:-1"},"canonical":"https:\/\/interamerica.org\/es\/2020\/04\/el-mensaje-no-esta-en-cuarentena\/","og_locale":"es_ES","og_type":"article","og_title":"El mensaje no est\u00e1 en cuarentena - Iglesia Adventista del S\u00e9ptimo D\u00eda - Divisi\u00f3n Interamericana","og_description":"26 de abril de 2020 | Miami, Florida, Estados Unidos | Por Melchor Ferreyra, Divisi\u00f3n Interamericana Hay tres elementos que est\u00e1n presentes en el cumplimiento de la misi\u00f3n. Estos tres...","og_url":"https:\/\/interamerica.org\/es\/2020\/04\/el-mensaje-no-esta-en-cuarentena\/","og_site_name":"Iglesia Adventista del S\u00e9ptimo D\u00eda - Divisi\u00f3n Interamericana","article_published_time":"2020-04-26T16:48:38+00:00","article_modified_time":"2020-04-26T16:53:28+00:00","og_image":[{"width":1000,"height":667,"url":"https:\/\/interamerica.org\/wp-content\/uploads\/2020\/04\/bible-rod-long-drgrzqqsjda-unsplash1280.jpg","type":"image\/jpeg"}],"author":"libna","twitter_card":"summary_large_image","twitter_misc":{"Escrito por":"libna","Tiempo de lectura":"6 minutos"},"schema":{"@context":"https:\/\/schema.org","@graph":[{"@type":"Article","@id":"https:\/\/interamerica.org\/es\/2020\/04\/el-mensaje-no-esta-en-cuarentena\/#article","isPartOf":{"@id":"https:\/\/interamerica.org\/es\/2020\/04\/el-mensaje-no-esta-en-cuarentena\/"},"author":{"name":"libna","@id":"https:\/\/interamerica.org\/es\/#\/schema\/person\/29998f2bc2d8bd0d38662909289b54f1"},"headline":"El mensaje no est\u00e1 en cuarentena","datePublished":"2020-04-26T16:48:38+00:00","dateModified":"2020-04-26T16:53:28+00:00","mainEntityOfPage":{"@id":"https:\/\/interamerica.org\/es\/2020\/04\/el-mensaje-no-esta-en-cuarentena\/"},"wordCount":1259,"commentCount":0,"image":{"@id":"https:\/\/interamerica.org\/es\/2020\/04\/el-mensaje-no-esta-en-cuarentena\/#primaryimage"},"thumbnailUrl":"https:\/\/interamerica.org\/wp-content\/uploads\/2020\/04\/bible-rod-long-drgrzqqsjda-unsplash1280.jpg","articleSection":["Desde la sede","RSS Espa\u00f1ol"],"inLanguage":"es","potentialAction":[{"@type":"CommentAction","name":"Comment","target":["https:\/\/interamerica.org\/es\/2020\/04\/el-mensaje-no-esta-en-cuarentena\/#respond"]}]},{"@type":"WebPage","@id":"https:\/\/interamerica.org\/es\/2020\/04\/el-mensaje-no-esta-en-cuarentena\/","url":"https:\/\/interamerica.org\/es\/2020\/04\/el-mensaje-no-esta-en-cuarentena\/","name":"El mensaje no est\u00e1 en cuarentena - Iglesia Adventista del S\u00e9ptimo D\u00eda - Divisi\u00f3n Interamericana","isPartOf":{"@id":"https:\/\/interamerica.org\/es\/#website"},"primaryImageOfPage":{"@id":"https:\/\/interamerica.org\/es\/2020\/04\/el-mensaje-no-esta-en-cuarentena\/#primaryimage"},"image":{"@id":"https:\/\/interamerica.org\/es\/2020\/04\/el-mensaje-no-esta-en-cuarentena\/#primaryimage"},"thumbnailUrl":"https:\/\/interamerica.org\/wp-content\/uploads\/2020\/04\/bible-rod-long-drgrzqqsjda-unsplash1280.jpg","datePublished":"2020-04-26T16:48:38+00:00","dateModified":"2020-04-26T16:53:28+00:00","author":{"@id":"https:\/\/interamerica.org\/es\/#\/schema\/person\/29998f2bc2d8bd0d38662909289b54f1"},"breadcrumb":{"@id":"https:\/\/interamerica.org\/es\/2020\/04\/el-mensaje-no-esta-en-cuarentena\/#breadcrumb"},"inLanguage":"es","potentialAction":[{"@type":"ReadAction","target":["https:\/\/interamerica.org\/es\/2020\/04\/el-mensaje-no-esta-en-cuarentena\/"]}]},{"@type":"ImageObject","inLanguage":"es","@id":"https:\/\/interamerica.org\/es\/2020\/04\/el-mensaje-no-esta-en-cuarentena\/#primaryimage","url":"https:\/\/interamerica.org\/wp-content\/uploads\/2020\/04\/bible-rod-long-drgrzqqsjda-unsplash1280.jpg","contentUrl":"https:\/\/interamerica.org\/wp-content\/uploads\/2020\/04\/bible-rod-long-drgrzqqsjda-unsplash1280.jpg","width":1000,"height":667,"caption":"[Photo: Unsplash]"},{"@type":"BreadcrumbList","@id":"https:\/\/interamerica.org\/es\/2020\/04\/el-mensaje-no-esta-en-cuarentena\/#breadcrumb","itemListElement":[{"@type":"ListItem","position":1,"name":"Home","item":"https:\/\/interamerica.org\/es\/"},{"@type":"ListItem","position":2,"name":"El mensaje no est\u00e1 en cuarentena"}]},{"@type":"WebSite","@id":"https:\/\/interamerica.org\/es\/#website","url":"https:\/\/interamerica.org\/es\/","name":"Iglesia Adventista del S\u00e9ptimo D\u00eda - Divisi\u00f3n Interamericana","description":"","potentialAction":[{"@type":"SearchAction","target":{"@type":"EntryPoint","urlTemplate":"https:\/\/interamerica.org\/es\/?s={search_term_string}"},"query-input":{"@type":"PropertyValueSpecification","valueRequired":true,"valueName":"search_term_string"}}],"inLanguage":"es"},{"@type":"Person","@id":"https:\/\/interamerica.org\/es\/#\/schema\/person\/29998f2bc2d8bd0d38662909289b54f1","name":"libna","image":{"@type":"ImageObject","inLanguage":"es","@id":"https:\/\/secure.gravatar.com\/avatar\/7c5bd30ae4b47a9ba3c856590957fd1d96dc588bf3ac05719d247e126840331f?s=96&d=mm&r=g","url":"https:\/\/secure.gravatar.com\/avatar\/7c5bd30ae4b47a9ba3c856590957fd1d96dc588bf3ac05719d247e126840331f?s=96&d=mm&r=g","contentUrl":"https:\/\/secure.gravatar.com\/avatar\/7c5bd30ae4b47a9ba3c856590957fd1d96dc588bf3ac05719d247e126840331f?s=96&d=mm&r=g","caption":"libna"}}]}},"_links":{"self":[{"href":"https:\/\/interamerica.org\/es\/wp-json\/wp\/v2\/posts\/58030","targetHints":{"allow":["GET"]}}],"collection":[{"href":"https:\/\/interamerica.org\/es\/wp-json\/wp\/v2\/posts"}],"about":[{"href":"https:\/\/interamerica.org\/es\/wp-json\/wp\/v2\/types\/post"}],"author":[{"embeddable":true,"href":"https:\/\/interamerica.org\/es\/wp-json\/wp\/v2\/users\/3"}],"replies":[{"embeddable":true,"href":"https:\/\/interamerica.org\/es\/wp-json\/wp\/v2\/comments?post=58030"}],"version-history":[{"count":0,"href":"https:\/\/interamerica.org\/es\/wp-json\/wp\/v2\/posts\/58030\/revisions"}],"wp:featuredmedia":[{"embeddable":true,"href":"https:\/\/interamerica.org\/es\/wp-json\/wp\/v2\/media\/58028"}],"wp:attachment":[{"href":"https:\/\/interamerica.org\/es\/wp-json\/wp\/v2\/media?parent=58030"}],"wp:term":[{"taxonomy":"category","embeddable":true,"href":"https:\/\/interamerica.org\/es\/wp-json\/wp\/v2\/categories?post=58030"},{"taxonomy":"post_tag","embeddable":true,"href":"https:\/\/interamerica.org\/es\/wp-json\/wp\/v2\/tags?post=58030"}],"curies":[{"name":"wp","href":"https:\/\/api.w.org\/{rel}","templated":true}]}}