{"id":58042,"date":"2020-04-25T13:58:23","date_gmt":"2020-04-25T17:58:23","guid":{"rendered":"https:\/\/recursing-golick.147-182-135-0.plesk.page\/?p=58042"},"modified":"2020-04-27T22:11:05","modified_gmt":"2020-04-28T02:11:05","slug":"jovenes-de-japon-hacen-frente-al-covid-19-con-un-programa-multi-generacional","status":"publish","type":"post","link":"https:\/\/interamerica.org\/es\/2020\/04\/jovenes-de-japon-hacen-frente-al-covid-19-con-un-programa-multi-generacional\/","title":{"rendered":"J\u00f3venes de Jap\u00f3n hacen frente al COVID-19 con un programa multi-generacional"},"content":{"rendered":"<p>25 de abril de 2020 | Jap\u00f3n |Por: Tanaka Noa, Divisi\u00f3n Asia-Pac\u00edfico Norte y <em>Adventist Review<\/em><\/p>\n<p>Aun cuando el coronavirus est\u00e1 llenando el mundo de temor, intr\u00e9pidos j\u00f3venes en Jap\u00f3n han encontrado formas creativas de testificar en favor de Cristo y de los principios b\u00edblicos sobre la salud.<\/p>\n<p>Del 17 al 26 de marzo de 2020, un grupo de j\u00f3venes, cuyos planes eran de participar en el programa March Youth Rush, pero que no pudieron hacerlo por causa del brote de coronavirus, tuvieron una nueva idea, a la que llamaron \u201cDaniel Rush.\u201d<\/p>\n<p>El programa Daniel Rush fue dise\u00f1ado para proveer a los j\u00f3venes una oportunidad de compa\u00f1erismo y crecimiento espiritual durante los largos d\u00edas de cuarentena y de no poder asistir a la escuela. Ellos no deseaban desperdiciar su tiempo y quedarse ociosos en su casa.<\/p>\n<p>Tres estudiantes universitarios Youth Rush y un dirigente Youth Rush, oraron al respecto, discutieron estrategias y planificaron el programa Daniel Rush en menos de una semana.<\/p>\n<p><span class=\"byline-news\">En la historia de Daniel, encontrada en la Biblia, se cuenta de cuatro j\u00f3venes hebreos que fueron llevados cautivos a Babilonia. En vez de participar de los ex\u00f3ticos y no saludables platillos de la comida en la corte babil\u00f3nica, Daniel y sus tres amigos pidieron que en vez de ello se les diera agua para beber y legumbres y vegetales para comer durante diez d\u00edas. El programa Daniel Rush anima a todos los participantes a tomar seriamente <\/span>a Dios y trata de introducir saludables h\u00e1bitos de vida en los participantes durante diez d\u00edas.<\/p>\n<p><div id=\"attachment_58040\" style=\"width: 510px\" class=\"wp-caption aligncenter\"><img fetchpriority=\"high\" decoding=\"async\" aria-describedby=\"caption-attachment-58040\" class=\" wp-image-58038\" src=\"https:\/\/recursing-golick.147-182-135-0.plesk.page\/wp-content\/uploads\/2020\/04\/daniel-rush-poster1.jpg\" alt=\"\" width=\"500\" height=\"667\" srcset=\"https:\/\/interamerica.org\/wp-content\/uploads\/2020\/04\/daniel-rush-poster1.jpg 480w, https:\/\/interamerica.org\/wp-content\/uploads\/2020\/04\/daniel-rush-poster1-225x300.jpg 225w\" sizes=\"(max-width: 500px) 100vw, 500px\" \/><p id=\"caption-attachment-58040\" class=\"wp-caption-text\">[Daniel Rush Cartel1 &#8211; \ubcf5\uc0ac\ubcf8 (1)]<\/p><\/div>Durante el programa, todas las comunicaciones y actividades se llevan a cabo a trav\u00e9s un grupo en l\u00ednea que usa la aplicaci\u00f3n m\u00f3vil Line, para una comunicaci\u00f3n instant\u00e1nea. A trav\u00e9s de invitaciones personales y al haberse corrido la voz respecto a este programa, 125 personas se unieron al programa en l\u00ednea.<\/p>\n<p>Cada d\u00eda, los l\u00edderes del programa Daniel Rush pusieron en l\u00ednea pruebas y encuestas sobre salud en el grupo Line. Se anim\u00f3 tambi\u00e9n a los participantes a aprender m\u00e1s acerca de la Biblia y la salud, a trav\u00e9s de un programa en l\u00ednea.<\/p>\n<p>El prop\u00f3sito de este programa fue ense\u00f1ar a los j\u00f3venes c\u00f3mo gustar de la b\u00fasqueda e implementaci\u00f3n de h\u00e1bitos de vida saludables, dijeron los organizadores.<\/p>\n<p>\u201cEn vez de dar las razones para dejar de hacer esto o lo otro y desalentar con ello los cambios saludables, el programa Daniel Rush anima a los participantes a comenzar con algo que ellos pueden hacer en forma inmediata\u201d, dijeron los organizadores. \u201cCreemos que la jornada en busca de la salud est\u00e1 muy cercanamente conectada al proceso de santificaci\u00f3n en la jornada cristiana\u201d.<\/p>\n<p>Siendo que cualquier persona con acceso a la red fue capaz de participar de acuerdo a su propio tiempo, los organizadores informaron que no solamente estudiantes, sino tambi\u00e9n personas adultas pudieron participar del programa.<\/p>\n<p>\u201cTuvimos participantes de todas las edades, desde adolescentes, hasta personas en sus 70 a\u00f1os\u201d, explicaron los organizadores. Hab\u00eda 125 personas de diferentes edades y trasfondos\u201d.<\/p>\n<p>Los participantes comentaron positivamente respecto a esta experiencia.<\/p>\n<p>\u201c\u00a1Fui capaz de hacer lo mejor posible a trav\u00e9s del apoyo del grupo!\u201d Otro manifest\u00f3: \u201c\u00a1Solo el tener una diferente actitud mental y sentirme responsable de mis acciones cambi\u00f3 mi d\u00eda! \u00a1Gracias a Dios por la oportunidad!\u201d Un tercero dijo: \u201cEn mi iglesia no hay j\u00f3venes de mi edad. A trav\u00e9s de este programa Daniel Rush, fui capaz de establecer camarader\u00eda espiritual con personas j\u00f3venes de mi edad! \u00a1Me siento muy feliz!\u201d<\/p>\n<p>Despu\u00e9s de terminado el programa de 10 d\u00edas de duraci\u00f3n, los dirigentes del mismo dijeron que tienen planes de repetir la experiencia para aquellos que deseen hacerlo. Tienen planes tambi\u00e9n de preparar un folleto con testimonios de los participantes.<\/p>\n<p>\u201cEn estos tiempos dif\u00edciles de pandemia de coronavirus, esperamos que el folleto de testimonios sea de inspiraci\u00f3n y aliento para las personas en Jap\u00f3n\u201d, dijeron los dirigentes.<\/p>\n<p>A trav\u00e9s de Daniel Rush, los organizadores esperan haber tornado una crisis en una nueva oportunidad para algunos. Esperan tambi\u00e9n que esto no sea una meta a la que se lleg\u00f3, sino un punto de partida.<\/p>\n<p>\u201cOramos porque aun despu\u00e9s de los diez d\u00edas de Daniel Rush, los j\u00f3venes contin\u00faen tomando seriamente el mensaje de salud y cumpliendo en forma ferviente y apasionada la misi\u00f3n del evangelio\u201d, dijeron.<\/p>\n<p><em>La <\/em><a href=\"http:\/\/nsdadventist.org\/news\/news_1_read.html?no=988\"><em>original version<\/em><\/a><em> (versi\u00f3n original) de esta historia se public\u00f3 en el <\/em><a href=\"http:\/\/nsdadventist.org\/news\/news_1.html\"><em>news site<\/em><\/a> <em>(sitio de noticias) de la Divisi\u00f3n Asia -Pac\u00edfico Norte.<\/em><\/p>\n<p>Traducci\u00f3n &#8211; Gloria A. Castrej\u00f3n<\/p>\n<p>&nbsp;<\/p>\n","protected":false},"excerpt":{"rendered":"<p>25 de abril de 2020 | Jap\u00f3n |Por: Tanaka Noa, Divisi\u00f3n Asia-Pac\u00edfico Norte y Adventist Review Aun cuando el coronavirus est\u00e1 llenando el mundo de temor, intr\u00e9pidos j\u00f3venes en Jap\u00f3n&#8230;<\/p>\n","protected":false},"author":3,"featured_media":58037,"comment_status":"open","ping_status":"closed","sticky":false,"template":"","format":"standard","meta":{"_acf_changed":false,"footnotes":""},"categories":[14,15],"tags":[],"class_list":["post-58042","post","type-post","status-publish","format-standard","has-post-thumbnail","hentry","category-de-la-iglesia-mundial","category-rss-espanol"],"acf":[],"yoast_head":"<!-- This site is optimized with the Yoast SEO plugin v27.3 - https:\/\/yoast.com\/product\/yoast-seo-wordpress\/ -->\n<title>J\u00f3venes de Jap\u00f3n hacen frente al COVID-19 con un programa multi-generacional - Iglesia Adventista del S\u00e9ptimo D\u00eda - Divisi\u00f3n Interamericana<\/title>\n<meta name=\"robots\" content=\"index, follow, max-snippet:-1, max-image-preview:large, max-video-preview:-1\" \/>\n<link rel=\"canonical\" href=\"https:\/\/interamerica.org\/es\/2020\/04\/jovenes-de-japon-hacen-frente-al-covid-19-con-un-programa-multi-generacional\/\" \/>\n<meta property=\"og:locale\" content=\"es_ES\" \/>\n<meta property=\"og:type\" content=\"article\" \/>\n<meta property=\"og:title\" content=\"J\u00f3venes de Jap\u00f3n hacen frente al COVID-19 con un programa multi-generacional - Iglesia Adventista del S\u00e9ptimo D\u00eda - Divisi\u00f3n Interamericana\" \/>\n<meta property=\"og:description\" content=\"25 de abril de 2020 | Jap\u00f3n |Por: Tanaka Noa, Divisi\u00f3n Asia-Pac\u00edfico Norte y Adventist Review Aun cuando el coronavirus est\u00e1 llenando el mundo de temor, intr\u00e9pidos j\u00f3venes en Jap\u00f3n...\" \/>\n<meta property=\"og:url\" content=\"https:\/\/interamerica.org\/es\/2020\/04\/jovenes-de-japon-hacen-frente-al-covid-19-con-un-programa-multi-generacional\/\" \/>\n<meta property=\"og:site_name\" content=\"Iglesia Adventista del S\u00e9ptimo D\u00eda - Divisi\u00f3n Interamericana\" \/>\n<meta property=\"article:published_time\" content=\"2020-04-25T17:58:23+00:00\" \/>\n<meta property=\"article:modified_time\" content=\"2020-04-28T02:11:05+00:00\" \/>\n<meta property=\"og:image\" content=\"https:\/\/interamerica.org\/wp-content\/uploads\/2020\/04\/vegetables-paprika-3212148-1920.jpg\" \/>\n\t<meta property=\"og:image:width\" content=\"1280\" \/>\n\t<meta property=\"og:image:height\" content=\"800\" \/>\n\t<meta property=\"og:image:type\" content=\"image\/jpeg\" \/>\n<meta name=\"author\" content=\"libna\" \/>\n<meta name=\"twitter:card\" content=\"summary_large_image\" \/>\n<meta name=\"twitter:label1\" content=\"Escrito por\" \/>\n\t<meta name=\"twitter:data1\" content=\"libna\" \/>\n\t<meta name=\"twitter:label2\" content=\"Tiempo de lectura\" \/>\n\t<meta name=\"twitter:data2\" content=\"4 minutos\" \/>\n<script type=\"application\/ld+json\" class=\"yoast-schema-graph\">{\"@context\":\"https:\\\/\\\/schema.org\",\"@graph\":[{\"@type\":\"Article\",\"@id\":\"https:\\\/\\\/interamerica.org\\\/es\\\/2020\\\/04\\\/jovenes-de-japon-hacen-frente-al-covid-19-con-un-programa-multi-generacional\\\/#article\",\"isPartOf\":{\"@id\":\"https:\\\/\\\/interamerica.org\\\/es\\\/2020\\\/04\\\/jovenes-de-japon-hacen-frente-al-covid-19-con-un-programa-multi-generacional\\\/\"},\"author\":{\"name\":\"libna\",\"@id\":\"https:\\\/\\\/interamerica.org\\\/es\\\/#\\\/schema\\\/person\\\/29998f2bc2d8bd0d38662909289b54f1\"},\"headline\":\"J\u00f3venes de Jap\u00f3n hacen frente al COVID-19 con un programa multi-generacional\",\"datePublished\":\"2020-04-25T17:58:23+00:00\",\"dateModified\":\"2020-04-28T02:11:05+00:00\",\"mainEntityOfPage\":{\"@id\":\"https:\\\/\\\/interamerica.org\\\/es\\\/2020\\\/04\\\/jovenes-de-japon-hacen-frente-al-covid-19-con-un-programa-multi-generacional\\\/\"},\"wordCount\":823,\"commentCount\":0,\"image\":{\"@id\":\"https:\\\/\\\/interamerica.org\\\/es\\\/2020\\\/04\\\/jovenes-de-japon-hacen-frente-al-covid-19-con-un-programa-multi-generacional\\\/#primaryimage\"},\"thumbnailUrl\":\"https:\\\/\\\/interamerica.org\\\/wp-content\\\/uploads\\\/2020\\\/04\\\/vegetables-paprika-3212148-1920.jpg\",\"articleSection\":[\"Desde la iglesia mundial\",\"RSS Espa\u00f1ol\"],\"inLanguage\":\"es\",\"potentialAction\":[{\"@type\":\"CommentAction\",\"name\":\"Comment\",\"target\":[\"https:\\\/\\\/interamerica.org\\\/es\\\/2020\\\/04\\\/jovenes-de-japon-hacen-frente-al-covid-19-con-un-programa-multi-generacional\\\/#respond\"]}]},{\"@type\":\"WebPage\",\"@id\":\"https:\\\/\\\/interamerica.org\\\/es\\\/2020\\\/04\\\/jovenes-de-japon-hacen-frente-al-covid-19-con-un-programa-multi-generacional\\\/\",\"url\":\"https:\\\/\\\/interamerica.org\\\/es\\\/2020\\\/04\\\/jovenes-de-japon-hacen-frente-al-covid-19-con-un-programa-multi-generacional\\\/\",\"name\":\"J\u00f3venes de Jap\u00f3n hacen frente al COVID-19 con un programa multi-generacional - Iglesia Adventista del S\u00e9ptimo D\u00eda - Divisi\u00f3n Interamericana\",\"isPartOf\":{\"@id\":\"https:\\\/\\\/interamerica.org\\\/es\\\/#website\"},\"primaryImageOfPage\":{\"@id\":\"https:\\\/\\\/interamerica.org\\\/es\\\/2020\\\/04\\\/jovenes-de-japon-hacen-frente-al-covid-19-con-un-programa-multi-generacional\\\/#primaryimage\"},\"image\":{\"@id\":\"https:\\\/\\\/interamerica.org\\\/es\\\/2020\\\/04\\\/jovenes-de-japon-hacen-frente-al-covid-19-con-un-programa-multi-generacional\\\/#primaryimage\"},\"thumbnailUrl\":\"https:\\\/\\\/interamerica.org\\\/wp-content\\\/uploads\\\/2020\\\/04\\\/vegetables-paprika-3212148-1920.jpg\",\"datePublished\":\"2020-04-25T17:58:23+00:00\",\"dateModified\":\"2020-04-28T02:11:05+00:00\",\"author\":{\"@id\":\"https:\\\/\\\/interamerica.org\\\/es\\\/#\\\/schema\\\/person\\\/29998f2bc2d8bd0d38662909289b54f1\"},\"breadcrumb\":{\"@id\":\"https:\\\/\\\/interamerica.org\\\/es\\\/2020\\\/04\\\/jovenes-de-japon-hacen-frente-al-covid-19-con-un-programa-multi-generacional\\\/#breadcrumb\"},\"inLanguage\":\"es\",\"potentialAction\":[{\"@type\":\"ReadAction\",\"target\":[\"https:\\\/\\\/interamerica.org\\\/es\\\/2020\\\/04\\\/jovenes-de-japon-hacen-frente-al-covid-19-con-un-programa-multi-generacional\\\/\"]}]},{\"@type\":\"ImageObject\",\"inLanguage\":\"es\",\"@id\":\"https:\\\/\\\/interamerica.org\\\/es\\\/2020\\\/04\\\/jovenes-de-japon-hacen-frente-al-covid-19-con-un-programa-multi-generacional\\\/#primaryimage\",\"url\":\"https:\\\/\\\/interamerica.org\\\/wp-content\\\/uploads\\\/2020\\\/04\\\/vegetables-paprika-3212148-1920.jpg\",\"contentUrl\":\"https:\\\/\\\/interamerica.org\\\/wp-content\\\/uploads\\\/2020\\\/04\\\/vegetables-paprika-3212148-1920.jpg\",\"width\":1280,\"height\":800,\"caption\":\"[Imagen: Pixabay]\"},{\"@type\":\"BreadcrumbList\",\"@id\":\"https:\\\/\\\/interamerica.org\\\/es\\\/2020\\\/04\\\/jovenes-de-japon-hacen-frente-al-covid-19-con-un-programa-multi-generacional\\\/#breadcrumb\",\"itemListElement\":[{\"@type\":\"ListItem\",\"position\":1,\"name\":\"Home\",\"item\":\"https:\\\/\\\/interamerica.org\\\/es\\\/\"},{\"@type\":\"ListItem\",\"position\":2,\"name\":\"J\u00f3venes de Jap\u00f3n hacen frente al COVID-19 con un programa multi-generacional\"}]},{\"@type\":\"WebSite\",\"@id\":\"https:\\\/\\\/interamerica.org\\\/es\\\/#website\",\"url\":\"https:\\\/\\\/interamerica.org\\\/es\\\/\",\"name\":\"Iglesia Adventista del S\u00e9ptimo D\u00eda - Divisi\u00f3n Interamericana\",\"description\":\"\",\"potentialAction\":[{\"@type\":\"SearchAction\",\"target\":{\"@type\":\"EntryPoint\",\"urlTemplate\":\"https:\\\/\\\/interamerica.org\\\/es\\\/?s={search_term_string}\"},\"query-input\":{\"@type\":\"PropertyValueSpecification\",\"valueRequired\":true,\"valueName\":\"search_term_string\"}}],\"inLanguage\":\"es\"},{\"@type\":\"Person\",\"@id\":\"https:\\\/\\\/interamerica.org\\\/es\\\/#\\\/schema\\\/person\\\/29998f2bc2d8bd0d38662909289b54f1\",\"name\":\"libna\",\"image\":{\"@type\":\"ImageObject\",\"inLanguage\":\"es\",\"@id\":\"https:\\\/\\\/secure.gravatar.com\\\/avatar\\\/7c5bd30ae4b47a9ba3c856590957fd1d96dc588bf3ac05719d247e126840331f?s=96&d=mm&r=g\",\"url\":\"https:\\\/\\\/secure.gravatar.com\\\/avatar\\\/7c5bd30ae4b47a9ba3c856590957fd1d96dc588bf3ac05719d247e126840331f?s=96&d=mm&r=g\",\"contentUrl\":\"https:\\\/\\\/secure.gravatar.com\\\/avatar\\\/7c5bd30ae4b47a9ba3c856590957fd1d96dc588bf3ac05719d247e126840331f?s=96&d=mm&r=g\",\"caption\":\"libna\"}}]}<\/script>\n<!-- \/ Yoast SEO plugin. -->","yoast_head_json":{"title":"J\u00f3venes de Jap\u00f3n hacen frente al COVID-19 con un programa multi-generacional - Iglesia Adventista del S\u00e9ptimo D\u00eda - Divisi\u00f3n Interamericana","robots":{"index":"index","follow":"follow","max-snippet":"max-snippet:-1","max-image-preview":"max-image-preview:large","max-video-preview":"max-video-preview:-1"},"canonical":"https:\/\/interamerica.org\/es\/2020\/04\/jovenes-de-japon-hacen-frente-al-covid-19-con-un-programa-multi-generacional\/","og_locale":"es_ES","og_type":"article","og_title":"J\u00f3venes de Jap\u00f3n hacen frente al COVID-19 con un programa multi-generacional - Iglesia Adventista del S\u00e9ptimo D\u00eda - Divisi\u00f3n Interamericana","og_description":"25 de abril de 2020 | Jap\u00f3n |Por: Tanaka Noa, Divisi\u00f3n Asia-Pac\u00edfico Norte y Adventist Review Aun cuando el coronavirus est\u00e1 llenando el mundo de temor, intr\u00e9pidos j\u00f3venes en Jap\u00f3n...","og_url":"https:\/\/interamerica.org\/es\/2020\/04\/jovenes-de-japon-hacen-frente-al-covid-19-con-un-programa-multi-generacional\/","og_site_name":"Iglesia Adventista del S\u00e9ptimo D\u00eda - Divisi\u00f3n Interamericana","article_published_time":"2020-04-25T17:58:23+00:00","article_modified_time":"2020-04-28T02:11:05+00:00","og_image":[{"width":1280,"height":800,"url":"https:\/\/interamerica.org\/wp-content\/uploads\/2020\/04\/vegetables-paprika-3212148-1920.jpg","type":"image\/jpeg"}],"author":"libna","twitter_card":"summary_large_image","twitter_misc":{"Escrito por":"libna","Tiempo de lectura":"4 minutos"},"schema":{"@context":"https:\/\/schema.org","@graph":[{"@type":"Article","@id":"https:\/\/interamerica.org\/es\/2020\/04\/jovenes-de-japon-hacen-frente-al-covid-19-con-un-programa-multi-generacional\/#article","isPartOf":{"@id":"https:\/\/interamerica.org\/es\/2020\/04\/jovenes-de-japon-hacen-frente-al-covid-19-con-un-programa-multi-generacional\/"},"author":{"name":"libna","@id":"https:\/\/interamerica.org\/es\/#\/schema\/person\/29998f2bc2d8bd0d38662909289b54f1"},"headline":"J\u00f3venes de Jap\u00f3n hacen frente al COVID-19 con un programa multi-generacional","datePublished":"2020-04-25T17:58:23+00:00","dateModified":"2020-04-28T02:11:05+00:00","mainEntityOfPage":{"@id":"https:\/\/interamerica.org\/es\/2020\/04\/jovenes-de-japon-hacen-frente-al-covid-19-con-un-programa-multi-generacional\/"},"wordCount":823,"commentCount":0,"image":{"@id":"https:\/\/interamerica.org\/es\/2020\/04\/jovenes-de-japon-hacen-frente-al-covid-19-con-un-programa-multi-generacional\/#primaryimage"},"thumbnailUrl":"https:\/\/interamerica.org\/wp-content\/uploads\/2020\/04\/vegetables-paprika-3212148-1920.jpg","articleSection":["Desde la iglesia mundial","RSS Espa\u00f1ol"],"inLanguage":"es","potentialAction":[{"@type":"CommentAction","name":"Comment","target":["https:\/\/interamerica.org\/es\/2020\/04\/jovenes-de-japon-hacen-frente-al-covid-19-con-un-programa-multi-generacional\/#respond"]}]},{"@type":"WebPage","@id":"https:\/\/interamerica.org\/es\/2020\/04\/jovenes-de-japon-hacen-frente-al-covid-19-con-un-programa-multi-generacional\/","url":"https:\/\/interamerica.org\/es\/2020\/04\/jovenes-de-japon-hacen-frente-al-covid-19-con-un-programa-multi-generacional\/","name":"J\u00f3venes de Jap\u00f3n hacen frente al COVID-19 con un programa multi-generacional - Iglesia Adventista del S\u00e9ptimo D\u00eda - Divisi\u00f3n Interamericana","isPartOf":{"@id":"https:\/\/interamerica.org\/es\/#website"},"primaryImageOfPage":{"@id":"https:\/\/interamerica.org\/es\/2020\/04\/jovenes-de-japon-hacen-frente-al-covid-19-con-un-programa-multi-generacional\/#primaryimage"},"image":{"@id":"https:\/\/interamerica.org\/es\/2020\/04\/jovenes-de-japon-hacen-frente-al-covid-19-con-un-programa-multi-generacional\/#primaryimage"},"thumbnailUrl":"https:\/\/interamerica.org\/wp-content\/uploads\/2020\/04\/vegetables-paprika-3212148-1920.jpg","datePublished":"2020-04-25T17:58:23+00:00","dateModified":"2020-04-28T02:11:05+00:00","author":{"@id":"https:\/\/interamerica.org\/es\/#\/schema\/person\/29998f2bc2d8bd0d38662909289b54f1"},"breadcrumb":{"@id":"https:\/\/interamerica.org\/es\/2020\/04\/jovenes-de-japon-hacen-frente-al-covid-19-con-un-programa-multi-generacional\/#breadcrumb"},"inLanguage":"es","potentialAction":[{"@type":"ReadAction","target":["https:\/\/interamerica.org\/es\/2020\/04\/jovenes-de-japon-hacen-frente-al-covid-19-con-un-programa-multi-generacional\/"]}]},{"@type":"ImageObject","inLanguage":"es","@id":"https:\/\/interamerica.org\/es\/2020\/04\/jovenes-de-japon-hacen-frente-al-covid-19-con-un-programa-multi-generacional\/#primaryimage","url":"https:\/\/interamerica.org\/wp-content\/uploads\/2020\/04\/vegetables-paprika-3212148-1920.jpg","contentUrl":"https:\/\/interamerica.org\/wp-content\/uploads\/2020\/04\/vegetables-paprika-3212148-1920.jpg","width":1280,"height":800,"caption":"[Imagen: Pixabay]"},{"@type":"BreadcrumbList","@id":"https:\/\/interamerica.org\/es\/2020\/04\/jovenes-de-japon-hacen-frente-al-covid-19-con-un-programa-multi-generacional\/#breadcrumb","itemListElement":[{"@type":"ListItem","position":1,"name":"Home","item":"https:\/\/interamerica.org\/es\/"},{"@type":"ListItem","position":2,"name":"J\u00f3venes de Jap\u00f3n hacen frente al COVID-19 con un programa multi-generacional"}]},{"@type":"WebSite","@id":"https:\/\/interamerica.org\/es\/#website","url":"https:\/\/interamerica.org\/es\/","name":"Iglesia Adventista del S\u00e9ptimo D\u00eda - Divisi\u00f3n Interamericana","description":"","potentialAction":[{"@type":"SearchAction","target":{"@type":"EntryPoint","urlTemplate":"https:\/\/interamerica.org\/es\/?s={search_term_string}"},"query-input":{"@type":"PropertyValueSpecification","valueRequired":true,"valueName":"search_term_string"}}],"inLanguage":"es"},{"@type":"Person","@id":"https:\/\/interamerica.org\/es\/#\/schema\/person\/29998f2bc2d8bd0d38662909289b54f1","name":"libna","image":{"@type":"ImageObject","inLanguage":"es","@id":"https:\/\/secure.gravatar.com\/avatar\/7c5bd30ae4b47a9ba3c856590957fd1d96dc588bf3ac05719d247e126840331f?s=96&d=mm&r=g","url":"https:\/\/secure.gravatar.com\/avatar\/7c5bd30ae4b47a9ba3c856590957fd1d96dc588bf3ac05719d247e126840331f?s=96&d=mm&r=g","contentUrl":"https:\/\/secure.gravatar.com\/avatar\/7c5bd30ae4b47a9ba3c856590957fd1d96dc588bf3ac05719d247e126840331f?s=96&d=mm&r=g","caption":"libna"}}]}},"_links":{"self":[{"href":"https:\/\/interamerica.org\/es\/wp-json\/wp\/v2\/posts\/58042","targetHints":{"allow":["GET"]}}],"collection":[{"href":"https:\/\/interamerica.org\/es\/wp-json\/wp\/v2\/posts"}],"about":[{"href":"https:\/\/interamerica.org\/es\/wp-json\/wp\/v2\/types\/post"}],"author":[{"embeddable":true,"href":"https:\/\/interamerica.org\/es\/wp-json\/wp\/v2\/users\/3"}],"replies":[{"embeddable":true,"href":"https:\/\/interamerica.org\/es\/wp-json\/wp\/v2\/comments?post=58042"}],"version-history":[{"count":0,"href":"https:\/\/interamerica.org\/es\/wp-json\/wp\/v2\/posts\/58042\/revisions"}],"wp:featuredmedia":[{"embeddable":true,"href":"https:\/\/interamerica.org\/es\/wp-json\/wp\/v2\/media\/58037"}],"wp:attachment":[{"href":"https:\/\/interamerica.org\/es\/wp-json\/wp\/v2\/media?parent=58042"}],"wp:term":[{"taxonomy":"category","embeddable":true,"href":"https:\/\/interamerica.org\/es\/wp-json\/wp\/v2\/categories?post=58042"},{"taxonomy":"post_tag","embeddable":true,"href":"https:\/\/interamerica.org\/es\/wp-json\/wp\/v2\/tags?post=58042"}],"curies":[{"name":"wp","href":"https:\/\/api.w.org\/{rel}","templated":true}]}}