{"id":58071,"date":"2020-04-27T20:21:34","date_gmt":"2020-04-28T00:21:34","guid":{"rendered":"https:\/\/recursing-golick.147-182-135-0.plesk.page\/?p=58071"},"modified":"2020-04-27T22:09:51","modified_gmt":"2020-04-28T02:09:51","slug":"adra-ayuda-al-personal-de-atencion-medica-en-loma-linda-california","status":"publish","type":"post","link":"https:\/\/interamerica.org\/es\/2020\/04\/adra-ayuda-al-personal-de-atencion-medica-en-loma-linda-california\/","title":{"rendered":"ADRA ayuda al personal de atenci\u00f3n m\u00e9dica en Loma Linda, California"},"content":{"rendered":"<p><div id=\"attachment_58055\" style=\"width: 814px\" class=\"wp-caption aligncenter\"><img fetchpriority=\"high\" decoding=\"async\" aria-describedby=\"caption-attachment-58055\" class=\" wp-image-58053\" src=\"https:\/\/recursing-golick.147-182-135-0.plesk.page\/wp-content\/uploads\/2020\/04\/csm-adra-1-adventist-development-and-relief-agency-aids-healthcare-workers-in-loma-linda-california-a8ab62f2aa.jpg\" alt=\"\" width=\"804\" height=\"452\" srcset=\"https:\/\/interamerica.org\/wp-content\/uploads\/2020\/04\/csm-adra-1-adventist-development-and-relief-agency-aids-healthcare-workers-in-loma-linda-california-a8ab62f2aa.jpg 672w, https:\/\/interamerica.org\/wp-content\/uploads\/2020\/04\/csm-adra-1-adventist-development-and-relief-agency-aids-healthcare-workers-in-loma-linda-california-a8ab62f2aa-300x169.jpg 300w\" sizes=\"(max-width: 804px) 100vw, 804px\" \/><p id=\"caption-attachment-58055\" class=\"wp-caption-text\">La vicepresidenta para asuntos de desarrollo de LLUH, Rachelle Bussell, expresa su aprecio y gratitud a ADRA con una se\u00f1al de sus manos en forma de coraz\u00f3n, por los paquetes de equipo de protecci\u00f3n recibidos. [Imagen cortes\u00eda de Loma Linda University Health]<\/p><\/div>27 de abril de 2020 | Silver Spring, Maryland, Estados Unidos | ADRA Internacional<\/p>\n<p>M\u00e9dicos, enfermeros, terapeutas neum\u00f3logos, entre otros, son algunos de los innumerables empleados de asistencia m\u00e9dica que est\u00e1n al frente en una lucha contra el tiempo para ayudar a\u00a0 pacientes gravemente enfermos durante la pandemia del COVID-19. De la misma manera que contin\u00faa la guerra ayudando a numerosas personas, tambi\u00e9n persiste la necesidad de contar con equipo de protecci\u00f3n (PPE) para este personal hospitalario.<\/p>\n<p>Loma Linda University Health (LLUH), un hospital universitario de vanguardia en el condado de San Bernardino, en el sur de California, cuenta con personal laborando las 24 horas a fin de asegurarse de que en medio de esta pandemia, la comunidad reciba atenci\u00f3n m\u00e9dica crucial. Recientemente, los Servicios Hospitalarios para Adultos, de LLUH, acudieron a la Agencia Adventista de Desarrollo y Recursos Asistenciales (ADRA) solicitando ayuda para obtener tal equipo de protecci\u00f3n.<\/p>\n<p>\u201cTiempo es vida y el conseguir recursos apropiados para preservar la vida de estos obreros esenciales durante estos tiempos inusuales, es de capital importancia. El personal de Loma Linda University Health est\u00e1 poniendo su vida en riesgo en favor de cuantas personas le es posible, pero necesita estar bien dotado de equipo de protecci\u00f3n confiable a fin de poder continuar ofreciendo atenci\u00f3n de primera\u201d, dijo Michael Kruger, presidente de ADRA. \u201cNos sentimos honrados porque Loma Linda haya pensado en nosotros y orgullosos de ayudar a proveer asistencia inmediata en donde m\u00e1s se necesita\u201d.<\/p>\n<p>Este equipo de protecci\u00f3n podr\u00eda incluir art\u00edculos protectores tales como cascos, \u00a0gafas de protecci\u00f3n, mascarillas faciales y otros art\u00edculos que son especialmente importantes para trabajadores de atenci\u00f3n de la salud, al reducir la exposici\u00f3n de tales empleados a los peligros de los agentes de infecci\u00f3n, en este caso, el coronavirus.<\/p>\n<p>\u201cCon frecuencia no reconocemos el valor de una familia hasta que se presenta una necesidad\u201d, dijo el rector y presidente de Loma Linda University Health, Richard H. Hart, MD, DrPH. \u201cEsta \u00a0ha sido la situaci\u00f3n en Loma Linda University Health durante el pasado mes al haber enfrentado la pandemia del COVID-19 con muchos pacientes posiblemente positivos en relaci\u00f3n a esta enfermedad, llegando a nuestros hospitales y cl\u00ednicas. Estamos profundamente agradecidos a ADRA, nuestra organizaci\u00f3n hermana en el servicio, por proveer una gran cantidad de equipo de protecci\u00f3n del personal, a fin de proteger a nuestros empleados durante este tiempo tan cr\u00edtico\u201d.<\/p>\n<p><strong>VER <\/strong><strong>el mensaje del Dr. <\/strong>Hart dirigido a ADRA\u00a0<a href=\"https:\/\/vimeo.com\/410297997\/f39004de6b\">here<\/a> (aqu\u00ed).<\/p>\n<p>Dentro de las 48 horas a partir de la solicitud hecha por LLUH, ADRA fue capaz de enviar casi 45,000 equipos de protecci\u00f3n a la unidad de manejo de suministros hospitalarios de LLUH, con mascarillas de protecci\u00f3n N95, batas aislantes, guantes y dem\u00e1s.<\/p>\n<p>\u201cNuestra m\u00e1s alta prioridad va a ser siempre la salud y seguridad de nuestros pacientes, empleados, estudiantes y comunidad\u201d, dijo Rachelle\u00a0Bussell, MA, RN, CFRE, vicepresidenta para asuntos de desarrollo. \u201cEsta donaci\u00f3n nos va a ayudar a proveer protecci\u00f3n de emergencia; una verdadera necesidad durante una de las m\u00e1s urgentes crisis de salud p\u00fablica experimentada en generaciones\u201d.<\/p>\n<p>El obtener este equipo de protecci\u00f3n sigue posando un persistente desaf\u00edo, siendo que los hospitales de toda la naci\u00f3n tienen que enfrentar un racionamiento de suministros m\u00e9dicos y de estos equipos en medio de esta pandemia que ha provocado un aluvi\u00f3n de demanda de los mismos. En zonas suburbanas, los hospitales informan \u00a0que no est\u00e1n teniendo acceso a suministros m\u00e9dicos y equipos de protecci\u00f3n tan r\u00e1pidamente como los hospitales de los grandes centros urbanos y, los equipos de protecci\u00f3n ordenados, tardan por lo menos 25 a 30 d\u00edas laborales para ser recibidos.<\/p>\n<p>Mientras, por una parte, contin\u00faa la orden de confinamiento en el hogar, sigue aumentando el n\u00famero de personas afectadas. Hasta abril, en solamente el condado de San Bernardino se hab\u00edan informado 72* defunciones y m\u00e1s de 1,000* casos confirmados de coronavirus. Globalmente, m\u00e1s de 2.6 millones de personas han contra\u00eddo esta enfermedad, ocupando los Estados Unidos el primer lugar mundial de casos confirmados para un total, hasta ahora, de casi 900,000* casos. (*Estas cifras pueden variar al avanzar la pandemia por todo el mundo).<\/p>\n<p>ADRA est\u00e1 respondiendo a trav\u00e9s de un esfuerzo internacional, proveyendo equipo de protecci\u00f3n y proporcionando ayuda con respecto al coronavirus en m\u00e1s de 33 pa\u00edses. Se ofrecer\u00e1 m\u00e1s informaci\u00f3n sobre esta historia seg\u00fan se vaya desarrollando.<\/p>\n<p>Puedes leer m\u00e1s acerca de la respuesta de ADRA ante el COVID-19, en \u00a0<a href=\"https:\/\/adra.org\/adra-provides-hope-during-coronavirus\">ADRA.org\/coronavirus<\/a>, u ofrecer tu ayuda y apoyo, visitando \u00a0<a href=\"http:\/\/adra.org\/CovidResponse\">ADRA.org\/CovidResponse<\/a>.<\/p>\n<p>Para saber m\u00e1s acerca de la respuesta de LLUH al COVID-19, visita <a href=\"https:\/\/lluh.org\/patients-visitors\/health-wellness\/coronavirus-information-and-updates?rsource=lluh.org\/coronavirus\">https:\/\/lluh.org\/patients-visitors\/health-wellness\/coronavirus-information-and-updates?rsource=lluh.org\/coronavirus<\/a>.<\/p>\n<p>Traducci\u00f3n \u2013 Gloria A Castrej\u00f3n<\/p>\n<p>&nbsp;<\/p>\n","protected":false},"excerpt":{"rendered":"<p>27 de abril de 2020 | Silver Spring, Maryland, Estados Unidos | ADRA Internacional M\u00e9dicos, enfermeros, terapeutas neum\u00f3logos, entre otros, son algunos de los innumerables empleados de asistencia m\u00e9dica que&#8230;<\/p>\n","protected":false},"author":3,"featured_media":58055,"comment_status":"open","ping_status":"closed","sticky":false,"template":"","format":"standard","meta":{"_acf_changed":false,"footnotes":""},"categories":[14,15],"tags":[],"class_list":["post-58071","post","type-post","status-publish","format-standard","has-post-thumbnail","hentry","category-de-la-iglesia-mundial","category-rss-espanol"],"acf":[],"yoast_head":"<!-- This site is optimized with the Yoast SEO plugin v27.3 - https:\/\/yoast.com\/product\/yoast-seo-wordpress\/ -->\n<title>ADRA ayuda al personal de atenci\u00f3n m\u00e9dica en Loma Linda, California - Iglesia Adventista del S\u00e9ptimo D\u00eda - Divisi\u00f3n Interamericana<\/title>\n<meta name=\"robots\" content=\"index, follow, max-snippet:-1, max-image-preview:large, max-video-preview:-1\" \/>\n<link rel=\"canonical\" href=\"https:\/\/interamerica.org\/es\/2020\/04\/adra-ayuda-al-personal-de-atencion-medica-en-loma-linda-california\/\" \/>\n<meta property=\"og:locale\" content=\"es_ES\" \/>\n<meta property=\"og:type\" content=\"article\" \/>\n<meta property=\"og:title\" content=\"ADRA ayuda al personal de atenci\u00f3n m\u00e9dica en Loma Linda, California - Iglesia Adventista del S\u00e9ptimo D\u00eda - Divisi\u00f3n Interamericana\" \/>\n<meta property=\"og:description\" content=\"27 de abril de 2020 | Silver Spring, Maryland, Estados Unidos | ADRA Internacional M\u00e9dicos, enfermeros, terapeutas neum\u00f3logos, entre otros, son algunos de los innumerables empleados de asistencia m\u00e9dica que...\" \/>\n<meta property=\"og:url\" content=\"https:\/\/interamerica.org\/es\/2020\/04\/adra-ayuda-al-personal-de-atencion-medica-en-loma-linda-california\/\" \/>\n<meta property=\"og:site_name\" content=\"Iglesia Adventista del S\u00e9ptimo D\u00eda - Divisi\u00f3n Interamericana\" \/>\n<meta property=\"article:published_time\" content=\"2020-04-28T00:21:34+00:00\" \/>\n<meta property=\"article:modified_time\" content=\"2020-04-28T02:09:51+00:00\" \/>\n<meta property=\"og:image\" content=\"https:\/\/interamerica.org\/wp-content\/uploads\/2020\/04\/csm-adra-1-adventist-development-and-relief-agency-aids-healthcare-workers-in-loma-linda-california-a8ab62f2aa.jpg\" \/>\n\t<meta property=\"og:image:width\" content=\"672\" \/>\n\t<meta property=\"og:image:height\" content=\"378\" \/>\n\t<meta property=\"og:image:type\" content=\"image\/jpeg\" \/>\n<meta name=\"author\" content=\"libna\" \/>\n<meta name=\"twitter:card\" content=\"summary_large_image\" \/>\n<meta name=\"twitter:label1\" content=\"Escrito por\" \/>\n\t<meta name=\"twitter:data1\" content=\"libna\" \/>\n\t<meta name=\"twitter:label2\" content=\"Tiempo de lectura\" \/>\n\t<meta name=\"twitter:data2\" content=\"4 minutos\" \/>\n<script type=\"application\/ld+json\" class=\"yoast-schema-graph\">{\"@context\":\"https:\\\/\\\/schema.org\",\"@graph\":[{\"@type\":\"Article\",\"@id\":\"https:\\\/\\\/interamerica.org\\\/es\\\/2020\\\/04\\\/adra-ayuda-al-personal-de-atencion-medica-en-loma-linda-california\\\/#article\",\"isPartOf\":{\"@id\":\"https:\\\/\\\/interamerica.org\\\/es\\\/2020\\\/04\\\/adra-ayuda-al-personal-de-atencion-medica-en-loma-linda-california\\\/\"},\"author\":{\"name\":\"libna\",\"@id\":\"https:\\\/\\\/interamerica.org\\\/es\\\/#\\\/schema\\\/person\\\/29998f2bc2d8bd0d38662909289b54f1\"},\"headline\":\"ADRA ayuda al personal de atenci\u00f3n m\u00e9dica en Loma Linda, California\",\"datePublished\":\"2020-04-28T00:21:34+00:00\",\"dateModified\":\"2020-04-28T02:09:51+00:00\",\"mainEntityOfPage\":{\"@id\":\"https:\\\/\\\/interamerica.org\\\/es\\\/2020\\\/04\\\/adra-ayuda-al-personal-de-atencion-medica-en-loma-linda-california\\\/\"},\"wordCount\":884,\"commentCount\":0,\"image\":{\"@id\":\"https:\\\/\\\/interamerica.org\\\/es\\\/2020\\\/04\\\/adra-ayuda-al-personal-de-atencion-medica-en-loma-linda-california\\\/#primaryimage\"},\"thumbnailUrl\":\"https:\\\/\\\/interamerica.org\\\/wp-content\\\/uploads\\\/2020\\\/04\\\/csm-adra-1-adventist-development-and-relief-agency-aids-healthcare-workers-in-loma-linda-california-a8ab62f2aa.jpg\",\"articleSection\":[\"Desde la iglesia mundial\",\"RSS Espa\u00f1ol\"],\"inLanguage\":\"es\",\"potentialAction\":[{\"@type\":\"CommentAction\",\"name\":\"Comment\",\"target\":[\"https:\\\/\\\/interamerica.org\\\/es\\\/2020\\\/04\\\/adra-ayuda-al-personal-de-atencion-medica-en-loma-linda-california\\\/#respond\"]}]},{\"@type\":\"WebPage\",\"@id\":\"https:\\\/\\\/interamerica.org\\\/es\\\/2020\\\/04\\\/adra-ayuda-al-personal-de-atencion-medica-en-loma-linda-california\\\/\",\"url\":\"https:\\\/\\\/interamerica.org\\\/es\\\/2020\\\/04\\\/adra-ayuda-al-personal-de-atencion-medica-en-loma-linda-california\\\/\",\"name\":\"ADRA ayuda al personal de atenci\u00f3n m\u00e9dica en Loma Linda, California - Iglesia Adventista del S\u00e9ptimo D\u00eda - Divisi\u00f3n Interamericana\",\"isPartOf\":{\"@id\":\"https:\\\/\\\/interamerica.org\\\/es\\\/#website\"},\"primaryImageOfPage\":{\"@id\":\"https:\\\/\\\/interamerica.org\\\/es\\\/2020\\\/04\\\/adra-ayuda-al-personal-de-atencion-medica-en-loma-linda-california\\\/#primaryimage\"},\"image\":{\"@id\":\"https:\\\/\\\/interamerica.org\\\/es\\\/2020\\\/04\\\/adra-ayuda-al-personal-de-atencion-medica-en-loma-linda-california\\\/#primaryimage\"},\"thumbnailUrl\":\"https:\\\/\\\/interamerica.org\\\/wp-content\\\/uploads\\\/2020\\\/04\\\/csm-adra-1-adventist-development-and-relief-agency-aids-healthcare-workers-in-loma-linda-california-a8ab62f2aa.jpg\",\"datePublished\":\"2020-04-28T00:21:34+00:00\",\"dateModified\":\"2020-04-28T02:09:51+00:00\",\"author\":{\"@id\":\"https:\\\/\\\/interamerica.org\\\/es\\\/#\\\/schema\\\/person\\\/29998f2bc2d8bd0d38662909289b54f1\"},\"breadcrumb\":{\"@id\":\"https:\\\/\\\/interamerica.org\\\/es\\\/2020\\\/04\\\/adra-ayuda-al-personal-de-atencion-medica-en-loma-linda-california\\\/#breadcrumb\"},\"inLanguage\":\"es\",\"potentialAction\":[{\"@type\":\"ReadAction\",\"target\":[\"https:\\\/\\\/interamerica.org\\\/es\\\/2020\\\/04\\\/adra-ayuda-al-personal-de-atencion-medica-en-loma-linda-california\\\/\"]}]},{\"@type\":\"ImageObject\",\"inLanguage\":\"es\",\"@id\":\"https:\\\/\\\/interamerica.org\\\/es\\\/2020\\\/04\\\/adra-ayuda-al-personal-de-atencion-medica-en-loma-linda-california\\\/#primaryimage\",\"url\":\"https:\\\/\\\/interamerica.org\\\/wp-content\\\/uploads\\\/2020\\\/04\\\/csm-adra-1-adventist-development-and-relief-agency-aids-healthcare-workers-in-loma-linda-california-a8ab62f2aa.jpg\",\"contentUrl\":\"https:\\\/\\\/interamerica.org\\\/wp-content\\\/uploads\\\/2020\\\/04\\\/csm-adra-1-adventist-development-and-relief-agency-aids-healthcare-workers-in-loma-linda-california-a8ab62f2aa.jpg\",\"width\":672,\"height\":378,\"caption\":\"La vicepresidenta para asuntos de desarrollo de LLUH, Rachelle Bussell, expresa su aprecio y gratitud a ADRA con una se\u00f1al de sus manos en forma de coraz\u00f3n, por los paquetes de equipo de protecci\u00f3n recibidos. [Imagen cortes\u00eda de Loma Linda University Health]\"},{\"@type\":\"BreadcrumbList\",\"@id\":\"https:\\\/\\\/interamerica.org\\\/es\\\/2020\\\/04\\\/adra-ayuda-al-personal-de-atencion-medica-en-loma-linda-california\\\/#breadcrumb\",\"itemListElement\":[{\"@type\":\"ListItem\",\"position\":1,\"name\":\"Home\",\"item\":\"https:\\\/\\\/interamerica.org\\\/es\\\/\"},{\"@type\":\"ListItem\",\"position\":2,\"name\":\"ADRA ayuda al personal de atenci\u00f3n m\u00e9dica en Loma Linda, California\"}]},{\"@type\":\"WebSite\",\"@id\":\"https:\\\/\\\/interamerica.org\\\/es\\\/#website\",\"url\":\"https:\\\/\\\/interamerica.org\\\/es\\\/\",\"name\":\"Iglesia Adventista del S\u00e9ptimo D\u00eda - Divisi\u00f3n Interamericana\",\"description\":\"\",\"potentialAction\":[{\"@type\":\"SearchAction\",\"target\":{\"@type\":\"EntryPoint\",\"urlTemplate\":\"https:\\\/\\\/interamerica.org\\\/es\\\/?s={search_term_string}\"},\"query-input\":{\"@type\":\"PropertyValueSpecification\",\"valueRequired\":true,\"valueName\":\"search_term_string\"}}],\"inLanguage\":\"es\"},{\"@type\":\"Person\",\"@id\":\"https:\\\/\\\/interamerica.org\\\/es\\\/#\\\/schema\\\/person\\\/29998f2bc2d8bd0d38662909289b54f1\",\"name\":\"libna\",\"image\":{\"@type\":\"ImageObject\",\"inLanguage\":\"es\",\"@id\":\"https:\\\/\\\/secure.gravatar.com\\\/avatar\\\/7c5bd30ae4b47a9ba3c856590957fd1d96dc588bf3ac05719d247e126840331f?s=96&d=mm&r=g\",\"url\":\"https:\\\/\\\/secure.gravatar.com\\\/avatar\\\/7c5bd30ae4b47a9ba3c856590957fd1d96dc588bf3ac05719d247e126840331f?s=96&d=mm&r=g\",\"contentUrl\":\"https:\\\/\\\/secure.gravatar.com\\\/avatar\\\/7c5bd30ae4b47a9ba3c856590957fd1d96dc588bf3ac05719d247e126840331f?s=96&d=mm&r=g\",\"caption\":\"libna\"}}]}<\/script>\n<!-- \/ Yoast SEO plugin. -->","yoast_head_json":{"title":"ADRA ayuda al personal de atenci\u00f3n m\u00e9dica en Loma Linda, California - Iglesia Adventista del S\u00e9ptimo D\u00eda - Divisi\u00f3n Interamericana","robots":{"index":"index","follow":"follow","max-snippet":"max-snippet:-1","max-image-preview":"max-image-preview:large","max-video-preview":"max-video-preview:-1"},"canonical":"https:\/\/interamerica.org\/es\/2020\/04\/adra-ayuda-al-personal-de-atencion-medica-en-loma-linda-california\/","og_locale":"es_ES","og_type":"article","og_title":"ADRA ayuda al personal de atenci\u00f3n m\u00e9dica en Loma Linda, California - Iglesia Adventista del S\u00e9ptimo D\u00eda - Divisi\u00f3n Interamericana","og_description":"27 de abril de 2020 | Silver Spring, Maryland, Estados Unidos | ADRA Internacional M\u00e9dicos, enfermeros, terapeutas neum\u00f3logos, entre otros, son algunos de los innumerables empleados de asistencia m\u00e9dica que...","og_url":"https:\/\/interamerica.org\/es\/2020\/04\/adra-ayuda-al-personal-de-atencion-medica-en-loma-linda-california\/","og_site_name":"Iglesia Adventista del S\u00e9ptimo D\u00eda - Divisi\u00f3n Interamericana","article_published_time":"2020-04-28T00:21:34+00:00","article_modified_time":"2020-04-28T02:09:51+00:00","og_image":[{"width":672,"height":378,"url":"https:\/\/interamerica.org\/wp-content\/uploads\/2020\/04\/csm-adra-1-adventist-development-and-relief-agency-aids-healthcare-workers-in-loma-linda-california-a8ab62f2aa.jpg","type":"image\/jpeg"}],"author":"libna","twitter_card":"summary_large_image","twitter_misc":{"Escrito por":"libna","Tiempo de lectura":"4 minutos"},"schema":{"@context":"https:\/\/schema.org","@graph":[{"@type":"Article","@id":"https:\/\/interamerica.org\/es\/2020\/04\/adra-ayuda-al-personal-de-atencion-medica-en-loma-linda-california\/#article","isPartOf":{"@id":"https:\/\/interamerica.org\/es\/2020\/04\/adra-ayuda-al-personal-de-atencion-medica-en-loma-linda-california\/"},"author":{"name":"libna","@id":"https:\/\/interamerica.org\/es\/#\/schema\/person\/29998f2bc2d8bd0d38662909289b54f1"},"headline":"ADRA ayuda al personal de atenci\u00f3n m\u00e9dica en Loma Linda, California","datePublished":"2020-04-28T00:21:34+00:00","dateModified":"2020-04-28T02:09:51+00:00","mainEntityOfPage":{"@id":"https:\/\/interamerica.org\/es\/2020\/04\/adra-ayuda-al-personal-de-atencion-medica-en-loma-linda-california\/"},"wordCount":884,"commentCount":0,"image":{"@id":"https:\/\/interamerica.org\/es\/2020\/04\/adra-ayuda-al-personal-de-atencion-medica-en-loma-linda-california\/#primaryimage"},"thumbnailUrl":"https:\/\/interamerica.org\/wp-content\/uploads\/2020\/04\/csm-adra-1-adventist-development-and-relief-agency-aids-healthcare-workers-in-loma-linda-california-a8ab62f2aa.jpg","articleSection":["Desde la iglesia mundial","RSS Espa\u00f1ol"],"inLanguage":"es","potentialAction":[{"@type":"CommentAction","name":"Comment","target":["https:\/\/interamerica.org\/es\/2020\/04\/adra-ayuda-al-personal-de-atencion-medica-en-loma-linda-california\/#respond"]}]},{"@type":"WebPage","@id":"https:\/\/interamerica.org\/es\/2020\/04\/adra-ayuda-al-personal-de-atencion-medica-en-loma-linda-california\/","url":"https:\/\/interamerica.org\/es\/2020\/04\/adra-ayuda-al-personal-de-atencion-medica-en-loma-linda-california\/","name":"ADRA ayuda al personal de atenci\u00f3n m\u00e9dica en Loma Linda, California - Iglesia Adventista del S\u00e9ptimo D\u00eda - Divisi\u00f3n Interamericana","isPartOf":{"@id":"https:\/\/interamerica.org\/es\/#website"},"primaryImageOfPage":{"@id":"https:\/\/interamerica.org\/es\/2020\/04\/adra-ayuda-al-personal-de-atencion-medica-en-loma-linda-california\/#primaryimage"},"image":{"@id":"https:\/\/interamerica.org\/es\/2020\/04\/adra-ayuda-al-personal-de-atencion-medica-en-loma-linda-california\/#primaryimage"},"thumbnailUrl":"https:\/\/interamerica.org\/wp-content\/uploads\/2020\/04\/csm-adra-1-adventist-development-and-relief-agency-aids-healthcare-workers-in-loma-linda-california-a8ab62f2aa.jpg","datePublished":"2020-04-28T00:21:34+00:00","dateModified":"2020-04-28T02:09:51+00:00","author":{"@id":"https:\/\/interamerica.org\/es\/#\/schema\/person\/29998f2bc2d8bd0d38662909289b54f1"},"breadcrumb":{"@id":"https:\/\/interamerica.org\/es\/2020\/04\/adra-ayuda-al-personal-de-atencion-medica-en-loma-linda-california\/#breadcrumb"},"inLanguage":"es","potentialAction":[{"@type":"ReadAction","target":["https:\/\/interamerica.org\/es\/2020\/04\/adra-ayuda-al-personal-de-atencion-medica-en-loma-linda-california\/"]}]},{"@type":"ImageObject","inLanguage":"es","@id":"https:\/\/interamerica.org\/es\/2020\/04\/adra-ayuda-al-personal-de-atencion-medica-en-loma-linda-california\/#primaryimage","url":"https:\/\/interamerica.org\/wp-content\/uploads\/2020\/04\/csm-adra-1-adventist-development-and-relief-agency-aids-healthcare-workers-in-loma-linda-california-a8ab62f2aa.jpg","contentUrl":"https:\/\/interamerica.org\/wp-content\/uploads\/2020\/04\/csm-adra-1-adventist-development-and-relief-agency-aids-healthcare-workers-in-loma-linda-california-a8ab62f2aa.jpg","width":672,"height":378,"caption":"La vicepresidenta para asuntos de desarrollo de LLUH, Rachelle Bussell, expresa su aprecio y gratitud a ADRA con una se\u00f1al de sus manos en forma de coraz\u00f3n, por los paquetes de equipo de protecci\u00f3n recibidos. [Imagen cortes\u00eda de Loma Linda University Health]"},{"@type":"BreadcrumbList","@id":"https:\/\/interamerica.org\/es\/2020\/04\/adra-ayuda-al-personal-de-atencion-medica-en-loma-linda-california\/#breadcrumb","itemListElement":[{"@type":"ListItem","position":1,"name":"Home","item":"https:\/\/interamerica.org\/es\/"},{"@type":"ListItem","position":2,"name":"ADRA ayuda al personal de atenci\u00f3n m\u00e9dica en Loma Linda, California"}]},{"@type":"WebSite","@id":"https:\/\/interamerica.org\/es\/#website","url":"https:\/\/interamerica.org\/es\/","name":"Iglesia Adventista del S\u00e9ptimo D\u00eda - Divisi\u00f3n Interamericana","description":"","potentialAction":[{"@type":"SearchAction","target":{"@type":"EntryPoint","urlTemplate":"https:\/\/interamerica.org\/es\/?s={search_term_string}"},"query-input":{"@type":"PropertyValueSpecification","valueRequired":true,"valueName":"search_term_string"}}],"inLanguage":"es"},{"@type":"Person","@id":"https:\/\/interamerica.org\/es\/#\/schema\/person\/29998f2bc2d8bd0d38662909289b54f1","name":"libna","image":{"@type":"ImageObject","inLanguage":"es","@id":"https:\/\/secure.gravatar.com\/avatar\/7c5bd30ae4b47a9ba3c856590957fd1d96dc588bf3ac05719d247e126840331f?s=96&d=mm&r=g","url":"https:\/\/secure.gravatar.com\/avatar\/7c5bd30ae4b47a9ba3c856590957fd1d96dc588bf3ac05719d247e126840331f?s=96&d=mm&r=g","contentUrl":"https:\/\/secure.gravatar.com\/avatar\/7c5bd30ae4b47a9ba3c856590957fd1d96dc588bf3ac05719d247e126840331f?s=96&d=mm&r=g","caption":"libna"}}]}},"_links":{"self":[{"href":"https:\/\/interamerica.org\/es\/wp-json\/wp\/v2\/posts\/58071","targetHints":{"allow":["GET"]}}],"collection":[{"href":"https:\/\/interamerica.org\/es\/wp-json\/wp\/v2\/posts"}],"about":[{"href":"https:\/\/interamerica.org\/es\/wp-json\/wp\/v2\/types\/post"}],"author":[{"embeddable":true,"href":"https:\/\/interamerica.org\/es\/wp-json\/wp\/v2\/users\/3"}],"replies":[{"embeddable":true,"href":"https:\/\/interamerica.org\/es\/wp-json\/wp\/v2\/comments?post=58071"}],"version-history":[{"count":0,"href":"https:\/\/interamerica.org\/es\/wp-json\/wp\/v2\/posts\/58071\/revisions"}],"wp:featuredmedia":[{"embeddable":true,"href":"https:\/\/interamerica.org\/es\/wp-json\/wp\/v2\/media\/58055"}],"wp:attachment":[{"href":"https:\/\/interamerica.org\/es\/wp-json\/wp\/v2\/media?parent=58071"}],"wp:term":[{"taxonomy":"category","embeddable":true,"href":"https:\/\/interamerica.org\/es\/wp-json\/wp\/v2\/categories?post=58071"},{"taxonomy":"post_tag","embeddable":true,"href":"https:\/\/interamerica.org\/es\/wp-json\/wp\/v2\/tags?post=58071"}],"curies":[{"name":"wp","href":"https:\/\/api.w.org\/{rel}","templated":true}]}}