{"id":58150,"date":"2020-04-29T20:42:34","date_gmt":"2020-04-30T00:42:34","guid":{"rendered":"https:\/\/recursing-golick.147-182-135-0.plesk.page\/?p=58150"},"modified":"2020-04-30T06:17:05","modified_gmt":"2020-04-30T10:17:05","slug":"una-agenda-para-el-ministerio-en-salud-mental-despues-de-la-pandemia","status":"publish","type":"post","link":"https:\/\/interamerica.org\/es\/2020\/04\/una-agenda-para-el-ministerio-en-salud-mental-despues-de-la-pandemia\/","title":{"rendered":"Una agenda para el ministerio en salud mental despu\u00e9s de la pandemia"},"content":{"rendered":"<p>29 de abril de 2020 | Miami, Florida, Estados Unidos | Por: Carlos Fayard y Belkis Archbold, para Noticias de la Divisi\u00f3n Interamericana<\/p>\n<p>Muchos expertos predicen una pandemia en salud mental despu\u00e9s del COVID-19. Devora Kestel, Jefa de Salud Mental y Abuso de Sustancias de la Organizaci\u00f3n Mundial de la Salud (OMS), cree que el impacto acumulativo de los efectos de la pandemia ser\u00e1 similar a los que se experimentaron en otras cat\u00e1strofes o aun en guerras: uno de cada cinco individuos se ver\u00e1 afectado por la ansiedad, la depresi\u00f3n y otros problemas emocionales. La posible exacerbaci\u00f3n de los problemas de salud emocional por estar en cuarentena y confinamiento por per\u00edodos prolongados de tiempo, el temor al contagio y la privaci\u00f3n emocional del distanciamiento social, el efecto en cascada de la recesi\u00f3n econ\u00f3mica que resulta en la p\u00e9rdida de empleos, el cierre de empresas y fondos de retiro, y est\u00e1 destinada a generar una pandemia en salud mental global.<\/p>\n<p>Aunque nadie puede estar seguro de que se producir\u00e1 una pandemia de salud mental, como una iglesia que cree en el ministerio de toda la persona, ahora podr\u00edamos prepararnos para responder y ministrar a las necesidades de las comunidades a las que servimos.<\/p>\n<p>Elena G. White, una de las pioneras de la Iglesia Adventista, guio a la iglesia para que comprendiera la importancia de la salud mental en el ministerio. Hace m\u00e1s de cien a\u00f1os escribi\u00f3: \u201cMuy \u00edntima es la relaci\u00f3n entre la mente y el cuerpo. Cuando una est\u00e1 afectada, el otro simpatiza con ella. La condici\u00f3n de la mente influye en la salud mucho m\u00e1s de lo que generalmente se cree. Muchas enfermedades son el resultado de la depresi\u00f3n mental. Las penas, la ansiedad, el descontento, remordimiento, sentimiento de culpabilidad y desconfianza, menoscaban las fuerzas vitales, y llevan al decaimiento y a la muerte\u201d (El ministerio de curaci\u00f3n, p. 185).<\/p>\n<p>Resulta interesante que Elena G. White habr\u00eda destacado la depresi\u00f3n como algo de un impacto abarcador sobre la salud y el bienestar. La Organizaci\u00f3n Mundial de la Salud ha identificado la depresi\u00f3n como la afecci\u00f3n de salud mental que tiene el impacto m\u00e1s significativo sobre los individuos, las familias y aun la econom\u00eda de comunidades enteras.<\/p>\n<p>Hasta hace poco, no se conoc\u00eda hasta qu\u00e9 punto la depresi\u00f3n juega un papel causal en muchas enfermedades. Investigaciones recientes publicadas en la revista cient\u00edfica <em>Molecular Psychiatry<a href=\"#_ftn1\" name=\"_ftnref1\"><strong>[1]<\/strong><\/a><\/em> hallaron que en efecto, la depresi\u00f3n tiene un papel causal en muchas afecciones m\u00e9dicas, un hecho que antes no se conoc\u00eda. \u00bfHemos nosotros, como comunidad de la fe, tomado la visi\u00f3n de Elena G. White con la debida seriedad? \u00bfEstamos preparados para responder a este desaf\u00edo?<\/p>\n<p>Las necesidades de salud mental que se encuentran en las comunidades de diversas partes del mundo son grandes, y es muy probable que se incrementen en el futuro cercano. La preparaci\u00f3n adecuada requiere que la iglesia sepa <em>c\u00f3mo, qu\u00e9, y d\u00f3nde <\/em>brindar respuestas, y as\u00ed tambi\u00e9n ser conscientes de los obst\u00e1culos para implementarlas. El <em>qu\u00e9 y el d\u00f3nde<\/em> est\u00e1n relacionados estrechamente, por lo que los analizaremos juntos, seguidos del <em>c\u00f3mo<\/em> y los obst\u00e1culos posibles que involucra este tipo de ministerio. Los \u00edtems espec\u00edficos de la agenda que siguen a continuaci\u00f3n han sido implementados con \u00e9xito en diversas partes de la Divisi\u00f3n Interamericana y en otras partes del mundo.<\/p>\n<p><strong>Qu\u00e9 y d\u00f3nde<\/strong><\/p>\n<p>La iglesia tiene la bendici\u00f3n de contar con un sistema maravilloso de iglesias locales, escuelas e instituciones m\u00e9dicas que, cuando trabajan en sinergia, pueden tener un impacto poderoso sobre sus comunidades. Imagine si las iglesias llevaran a cabo ferias de salud con \u00e9nfasis en la salud mental, si l\u00edderes espirituales presentaran seminarios que ense\u00f1an principios b\u00edblicos s\u00f3lidos para fortalecer el car\u00e1cter y desarrollar resiliencia, las escuelas se ocuparan de sus estudiantes vulnerables, e instituciones de salud que integraran con detenimiento la salud conductual a todos sus servicios. Imaginen si hici\u00e9ramos eso sin perder nuestra identidad y enfoque cristiano. Entender\u00edamos entonces la visi\u00f3n que deline\u00f3 Elena G. White hace m\u00e1s de cien a\u00f1os. \u00a1Y ser\u00eda algo poderoso! Aqu\u00ed est\u00e1 el <em>qu\u00e9 <\/em>y el <em>d\u00f3nde:<\/em><\/p>\n<ul>\n<li><u>Iglesia local<\/u>: Muchas iglesias llevan a cabo ferias de salud. Deber\u00edamos incluir una presencia robusta en el \u00e1rea de salud mental. Use un examen diagn\u00f3stico com\u00fan para la depresi\u00f3n, como una manera de identificar a los que podr\u00edan beneficiarse de una consulta all\u00ed mismo con un profesional capacitado. Hemos administrado ese examen diagn\u00f3stico al final de una hora de culto a cada adulto que asisti\u00f3 y brindado consultas al 15-20 por ciento de los presentes. Algunos fueron entonces derivados a profesionales capacitados mientras que la iglesia sigui\u00f3 brind\u00e1ndoles apoyo espiritual y emocional.<\/li>\n<li><u>L\u00edderes espirituales<\/u>: Los pastores, los profesionales de salud, los educadores y otros pueden ofrecer seminarios sobre salud emocional como una manera de llegar a la comunidad. La Divisi\u00f3n Interamericana, en colaboraci\u00f3n con la Universidad de Loma Linda, cuenta con un programa de capacitaci\u00f3n conocido como <em>\u201cSobre las alas del \u00e1guila\u201d <\/em>, que ense\u00f1a habilidades que permiten mejorar el perd\u00f3n, la gratitud y la compasi\u00f3n, arraigados en principios b\u00edblicos y basados en pr\u00e1cticas con fundamento cient\u00edfico. Los objetivos de los seminarios son ayudar a que los participantes desarrollen fortalezas de car\u00e1cter y resiliencia, y brindar identificaci\u00f3n temprana de angustia emocional para los que necesitan esos servicios. El seminario realiza un diagn\u00f3stico de rutina en busca de niveles de depresi\u00f3n, para identificar a los que necesitan ayuda profesional, mientras que la iglesia sigue brindando apoyo emocional y espiritual. La capacitaci\u00f3n incluye aprender habilidades b\u00e1sicas de apoyo emocional para servir mejor a la comunidad. Tambi\u00e9n hemos preparado seminarios similares para responder a situaciones traum\u00e1ticas y de abuso de sustancias. Capacitar a los l\u00edderes espirituales es fundamental, dado que las necesidades emocionales del mundo exceden lo que los profesionales pueden hacer.<\/li>\n<li><u>Escuelas<\/u>: Las instituciones educacionales est\u00e1n incorporando profesionales de salud mental al personal de apoyo. En la mayor\u00eda de los casos, las escuelas est\u00e1n haciendo un muy buen trabajo para llegar a sus estudiantes y brindar apoyo a los que lo necesitan. Las escuelas que no han podido hacerlo, podr\u00edan conectarse con sistemas m\u00e1s grandes y recibir la asistencia que necesitan.<\/li>\n<li><u>Instalaciones m\u00e9dicas<\/u>: La atenci\u00f3n de toda la persona ya no es una filosof\u00eda adventista particular. Mediante la integraci\u00f3n de la atenci\u00f3n conductual a la atenci\u00f3n primaria, las cl\u00ednicas de especialidades y las instalaciones hospitalarias han mostrado que contribuyen a mejoras en la salud f\u00edsica y mental. Hasta ahora, pocas instituciones adventistas han captado y adoptado este concepto. Los hospitales y cl\u00ednicas misioneros acaso no est\u00e9n equipados para brindar este tipo de servicio. La pandemia ha impulsado el uso de la telemedicina a la hora de brindar atenci\u00f3n. La iglesia podr\u00eda facilitar una red de proveedores que podr\u00edan guiar a los profesionales locales de la salud en el campo misionero, quienes podr\u00edan ofrecer tratamiento y monitorear el progreso, en consulta con especialistas.<\/li>\n<\/ul>\n<p><strong>C\u00f3mo<\/strong><\/p>\n<p>Es de suma importancia nuestra manera de llevar a cabo el ministerio de salud emocional. Como cristianos adventistas del s\u00e9ptimo d\u00eda, poseemos una identidad que est\u00e1 arraigada en el modelo de ministerio basado en la compasi\u00f3n, ejemplificado por Jes\u00fas e influido por una misi\u00f3n de afirmar las buenas nuevas del evangelio.<\/p>\n<p>Elena G. White propuso una serie de avenidas mediante las cuales puede llevarse a cabo la sanaci\u00f3n emocional: \u201cEl valor, la esperanza, la fe, la simpat\u00eda y el amor fomentan la salud y alargan la vida. Un esp\u00edritu satisfecho y alegre es como salud para el cuerpo y fuerza para el alma. \u2018El coraz\u00f3n alegre [gozoso] es una buena medicina\u2019\u201d (Proverbios 17:22; White, Elena, El ministerio de curaci\u00f3n, p. 185). Aunque deber\u00edamos resistir la tentaci\u00f3n de simplificar exageradamente la implementaci\u00f3n de esta declaraci\u00f3n, queda sumamente claro que la fe juega un papel fundamental.<\/p>\n<p>Como adventistas del s\u00e9ptimo d\u00eda, no es suficiente llevar a cabo bien la salud mental. Por supuesto, deber\u00edamos ser reflexivos, usar buena informaci\u00f3n, mostrarnos \u00e9ticos y profesionales, pero la salud mental no es una cirug\u00eda. Hay s\u00f3lidas investigaciones que se\u00f1alan la importancia de tener en cuenta e incorporar la fe en las intervenciones de salud mental. No alcanza con simplemente replicar lo que hace la salud mental secular. Tener una identidad Cristiana no es lo mismo que querer imponer nuestras creencias. Tener una identidad cristiana significa entretejer las mejores pr\u00e1cticas basadas en evidencias con una comprensi\u00f3n de las Escrituras, para experimentar un \u201ccoraz\u00f3n alegre\u201d en medio de los desaf\u00edos.<\/p>\n<p><strong>Obst\u00e1culos<\/strong><\/p>\n<p>Los adventistas del s\u00e9ptimo d\u00eda no estamos inmunes a los desaf\u00edos en lo que respecta a nuestra manera de comprender e implementar la salud mental. A continuaci\u00f3n mencionamos algunos de los obst\u00e1culos o \u00e1reas que hay que tener en cuenta a la hora de implementar un ministerio de salud mental.<\/p>\n<ul>\n<li>Aseg\u00farese de que no importa lo que haga, cuente con un apoyo profesional cre\u00edble al que hacer referencia a la hora del tratamiento, en aquellos que alcancen y superen su nivel actual de conocimiento o capacidad. Ofrecer un seminario en su iglesia que usted aprendi\u00f3 en pocos d\u00edas puede da\u00f1ar a las personas que usted desea ayudar. Usted podr\u00eda meterse en algo que claramente supera sus capacidades.<\/li>\n<li>Revise las credenciales de los profesionales de salud mental (sean o no adventistas) que est\u00e1n pensando en ayudarle. Podr\u00eda sorprenderse al saber cu\u00e1ntos afirman tener t\u00edtulos acad\u00e9micos que no poseen, o que fueron obtenidos en programas no acreditados o de dudosa reputaci\u00f3n. Afirmar que se es cristiano no siempre equivale a mostrarse \u00edntegro.<\/li>\n<li>Evite esos profesionales de salud mental con definiciones vagas de lo que significa espiritualidad. Hay algunos que afirman que es lo mismo hablar del \u201csignificado de la vida\u201d que mostrarse influido por ideas b\u00edblicas. Hay algunos que se basan en la meditaci\u00f3n de conciencia plena (conocida como mindfulness) y otras pr\u00e1cticas de trasfondo budista y afirman ser \u201cespirituales\u201d. Practicar el ministerio en un contexto Cristiano deber\u00eda reflejar la identidad cristiana. Usted puede variar cu\u00e1n expl\u00edcito se va a mostrar dependiendo de su audiencia, pero los profesionales con definiciones vagas tienden a mostrar una identidad tambi\u00e9n vaga.<\/li>\n<li>Nunca trabaje solo. Este ministerio puede resultar duro para su propia salud mental. Todas y cualquiera de las ideas presentadas m\u00e1s arriba deber\u00eda ser llevada a cabo en cooperaci\u00f3n con l\u00edderes espirituales, profesionales de salud y de la salud mental. Si usted no entra en ninguna de estas categor\u00edas, hay un lugar para usted. He trabajado con l\u00edderes laicos cuya pasi\u00f3n result\u00f3 en un ministerio extraordinario. Toda iniciativa necesita de un \u201ccampe\u00f3n\u201d. Esperar que los pastores u otros profesionales tomen la delantera puede no llevarlo a ning\u00fan lado.<\/li>\n<\/ul>\n<p>Nadie dijo que el ministerio es f\u00e1cil. Consu\u00e9lese con el hecho de que todos los que ministraron en la Biblia (Jes\u00fas, Pablo, Pedro, etc.) enfrentaron desilusiones, malentendidos y oposici\u00f3n. Ore para que el Se\u00f1or lo gu\u00ede junto con individuos con intereses similares y que \u00e9l le abra las puertas.<\/p>\n<p>Recuerde que nuestro ministerio busca que todos pueden tener una \u201cvida en abundancia\u201d (Juan 10:10), y eso lo incluye tambi\u00e9n a usted.<\/p>\n<p><em>Carlos Fayard, PhD, es profesor asociado de psiquiatr\u00eda en la Escuela de Medicina de la Universidad de Loma Linda. Est\u00e1 al frente del Centro de Colaboraci\u00f3n con la Organizaci\u00f3n Mundial de la Salud, del Departamento de Psiquiatr\u00eda, y es autor del libro \u201cChristian Principles for the Practice of Counseling and Psychotherapy.\u201d [Principios cristianos para la pr\u00e1ctica de la consejer\u00eda y la psicoterapia]<\/em><\/p>\n<p><em>Belkis Archbold, RN, es directora de ministerios de salud de la Divisi\u00f3n Interamericana de la Iglesia Adventista del S\u00e9ptimo D\u00eda.<\/em><\/p>\n<p><a href=\"#_ftnref1\" name=\"_ftn1\">[1]<\/a> Mulugeta, A., Zhou, A., King, C. <em>et al.<\/em> Association between major depressive disorder and multiple disease outcomes: a phenome-wide Mendelian randomisation study in the UK Biobank. <em>Mol Psychiatry<\/em> (2019). https:\/\/doi.org\/10.1038\/s41380-019-0486-1<\/p>\n<p>Traducci\u00f3n de Marcos Paseggi<\/p>\n","protected":false},"excerpt":{"rendered":"<p>29 de abril de 2020 | Miami, Florida, Estados Unidos | Por: Carlos Fayard y Belkis Archbold, para Noticias de la Divisi\u00f3n Interamericana Muchos expertos predicen una pandemia en salud&#8230;<\/p>\n","protected":false},"author":3,"featured_media":58145,"comment_status":"open","ping_status":"closed","sticky":false,"template":"","format":"standard","meta":{"_acf_changed":false,"footnotes":""},"categories":[16,15],"tags":[],"class_list":["post-58150","post","type-post","status-publish","format-standard","has-post-thumbnail","hentry","category-desde-la-sede","category-rss-espanol"],"acf":[],"yoast_head":"<!-- This site is optimized with the Yoast SEO plugin v27.3 - https:\/\/yoast.com\/product\/yoast-seo-wordpress\/ -->\n<title>Una agenda para el ministerio en salud mental despu\u00e9s de la pandemia - Iglesia Adventista del S\u00e9ptimo D\u00eda - Divisi\u00f3n Interamericana<\/title>\n<meta name=\"robots\" content=\"index, follow, max-snippet:-1, max-image-preview:large, max-video-preview:-1\" \/>\n<link rel=\"canonical\" href=\"https:\/\/interamerica.org\/es\/2020\/04\/una-agenda-para-el-ministerio-en-salud-mental-despues-de-la-pandemia\/\" \/>\n<meta property=\"og:locale\" content=\"es_ES\" \/>\n<meta property=\"og:type\" content=\"article\" \/>\n<meta property=\"og:title\" content=\"Una agenda para el ministerio en salud mental despu\u00e9s de la pandemia - Iglesia Adventista del S\u00e9ptimo D\u00eda - Divisi\u00f3n Interamericana\" \/>\n<meta property=\"og:description\" content=\"29 de abril de 2020 | Miami, Florida, Estados Unidos | Por: Carlos Fayard y Belkis Archbold, para Noticias de la Divisi\u00f3n Interamericana Muchos expertos predicen una pandemia en salud...\" \/>\n<meta property=\"og:url\" content=\"https:\/\/interamerica.org\/es\/2020\/04\/una-agenda-para-el-ministerio-en-salud-mental-despues-de-la-pandemia\/\" \/>\n<meta property=\"og:site_name\" content=\"Iglesia Adventista del S\u00e9ptimo D\u00eda - Divisi\u00f3n Interamericana\" \/>\n<meta property=\"article:published_time\" content=\"2020-04-30T00:42:34+00:00\" \/>\n<meta property=\"article:modified_time\" content=\"2020-04-30T10:17:05+00:00\" \/>\n<meta property=\"og:image\" content=\"https:\/\/interamerica.org\/wp-content\/uploads\/2020\/04\/hand-window-unsplash.jpg\" \/>\n\t<meta property=\"og:image:width\" content=\"1280\" \/>\n\t<meta property=\"og:image:height\" content=\"800\" \/>\n\t<meta property=\"og:image:type\" content=\"image\/jpeg\" \/>\n<meta name=\"author\" content=\"libna\" \/>\n<meta name=\"twitter:card\" content=\"summary_large_image\" \/>\n<meta name=\"twitter:label1\" content=\"Escrito por\" \/>\n\t<meta name=\"twitter:data1\" content=\"libna\" \/>\n\t<meta name=\"twitter:label2\" content=\"Tiempo de lectura\" \/>\n\t<meta name=\"twitter:data2\" content=\"11 minutos\" \/>\n<script type=\"application\/ld+json\" class=\"yoast-schema-graph\">{\"@context\":\"https:\\\/\\\/schema.org\",\"@graph\":[{\"@type\":\"Article\",\"@id\":\"https:\\\/\\\/interamerica.org\\\/es\\\/2020\\\/04\\\/una-agenda-para-el-ministerio-en-salud-mental-despues-de-la-pandemia\\\/#article\",\"isPartOf\":{\"@id\":\"https:\\\/\\\/interamerica.org\\\/es\\\/2020\\\/04\\\/una-agenda-para-el-ministerio-en-salud-mental-despues-de-la-pandemia\\\/\"},\"author\":{\"name\":\"libna\",\"@id\":\"https:\\\/\\\/interamerica.org\\\/es\\\/#\\\/schema\\\/person\\\/29998f2bc2d8bd0d38662909289b54f1\"},\"headline\":\"Una agenda para el ministerio en salud mental despu\u00e9s de la pandemia\",\"datePublished\":\"2020-04-30T00:42:34+00:00\",\"dateModified\":\"2020-04-30T10:17:05+00:00\",\"mainEntityOfPage\":{\"@id\":\"https:\\\/\\\/interamerica.org\\\/es\\\/2020\\\/04\\\/una-agenda-para-el-ministerio-en-salud-mental-despues-de-la-pandemia\\\/\"},\"wordCount\":2121,\"commentCount\":0,\"image\":{\"@id\":\"https:\\\/\\\/interamerica.org\\\/es\\\/2020\\\/04\\\/una-agenda-para-el-ministerio-en-salud-mental-despues-de-la-pandemia\\\/#primaryimage\"},\"thumbnailUrl\":\"https:\\\/\\\/interamerica.org\\\/wp-content\\\/uploads\\\/2020\\\/04\\\/hand-window-unsplash.jpg\",\"articleSection\":[\"Desde la sede\",\"RSS Espa\u00f1ol\"],\"inLanguage\":\"es\",\"potentialAction\":[{\"@type\":\"CommentAction\",\"name\":\"Comment\",\"target\":[\"https:\\\/\\\/interamerica.org\\\/es\\\/2020\\\/04\\\/una-agenda-para-el-ministerio-en-salud-mental-despues-de-la-pandemia\\\/#respond\"]}]},{\"@type\":\"WebPage\",\"@id\":\"https:\\\/\\\/interamerica.org\\\/es\\\/2020\\\/04\\\/una-agenda-para-el-ministerio-en-salud-mental-despues-de-la-pandemia\\\/\",\"url\":\"https:\\\/\\\/interamerica.org\\\/es\\\/2020\\\/04\\\/una-agenda-para-el-ministerio-en-salud-mental-despues-de-la-pandemia\\\/\",\"name\":\"Una agenda para el ministerio en salud mental despu\u00e9s de la pandemia - Iglesia Adventista del S\u00e9ptimo D\u00eda - Divisi\u00f3n Interamericana\",\"isPartOf\":{\"@id\":\"https:\\\/\\\/interamerica.org\\\/es\\\/#website\"},\"primaryImageOfPage\":{\"@id\":\"https:\\\/\\\/interamerica.org\\\/es\\\/2020\\\/04\\\/una-agenda-para-el-ministerio-en-salud-mental-despues-de-la-pandemia\\\/#primaryimage\"},\"image\":{\"@id\":\"https:\\\/\\\/interamerica.org\\\/es\\\/2020\\\/04\\\/una-agenda-para-el-ministerio-en-salud-mental-despues-de-la-pandemia\\\/#primaryimage\"},\"thumbnailUrl\":\"https:\\\/\\\/interamerica.org\\\/wp-content\\\/uploads\\\/2020\\\/04\\\/hand-window-unsplash.jpg\",\"datePublished\":\"2020-04-30T00:42:34+00:00\",\"dateModified\":\"2020-04-30T10:17:05+00:00\",\"author\":{\"@id\":\"https:\\\/\\\/interamerica.org\\\/es\\\/#\\\/schema\\\/person\\\/29998f2bc2d8bd0d38662909289b54f1\"},\"breadcrumb\":{\"@id\":\"https:\\\/\\\/interamerica.org\\\/es\\\/2020\\\/04\\\/una-agenda-para-el-ministerio-en-salud-mental-despues-de-la-pandemia\\\/#breadcrumb\"},\"inLanguage\":\"es\",\"potentialAction\":[{\"@type\":\"ReadAction\",\"target\":[\"https:\\\/\\\/interamerica.org\\\/es\\\/2020\\\/04\\\/una-agenda-para-el-ministerio-en-salud-mental-despues-de-la-pandemia\\\/\"]}]},{\"@type\":\"ImageObject\",\"inLanguage\":\"es\",\"@id\":\"https:\\\/\\\/interamerica.org\\\/es\\\/2020\\\/04\\\/una-agenda-para-el-ministerio-en-salud-mental-despues-de-la-pandemia\\\/#primaryimage\",\"url\":\"https:\\\/\\\/interamerica.org\\\/wp-content\\\/uploads\\\/2020\\\/04\\\/hand-window-unsplash.jpg\",\"contentUrl\":\"https:\\\/\\\/interamerica.org\\\/wp-content\\\/uploads\\\/2020\\\/04\\\/hand-window-unsplash.jpg\",\"width\":1280,\"height\":800},{\"@type\":\"BreadcrumbList\",\"@id\":\"https:\\\/\\\/interamerica.org\\\/es\\\/2020\\\/04\\\/una-agenda-para-el-ministerio-en-salud-mental-despues-de-la-pandemia\\\/#breadcrumb\",\"itemListElement\":[{\"@type\":\"ListItem\",\"position\":1,\"name\":\"Home\",\"item\":\"https:\\\/\\\/interamerica.org\\\/es\\\/\"},{\"@type\":\"ListItem\",\"position\":2,\"name\":\"Una agenda para el ministerio en salud mental despu\u00e9s de la pandemia\"}]},{\"@type\":\"WebSite\",\"@id\":\"https:\\\/\\\/interamerica.org\\\/es\\\/#website\",\"url\":\"https:\\\/\\\/interamerica.org\\\/es\\\/\",\"name\":\"Iglesia Adventista del S\u00e9ptimo D\u00eda - Divisi\u00f3n Interamericana\",\"description\":\"\",\"potentialAction\":[{\"@type\":\"SearchAction\",\"target\":{\"@type\":\"EntryPoint\",\"urlTemplate\":\"https:\\\/\\\/interamerica.org\\\/es\\\/?s={search_term_string}\"},\"query-input\":{\"@type\":\"PropertyValueSpecification\",\"valueRequired\":true,\"valueName\":\"search_term_string\"}}],\"inLanguage\":\"es\"},{\"@type\":\"Person\",\"@id\":\"https:\\\/\\\/interamerica.org\\\/es\\\/#\\\/schema\\\/person\\\/29998f2bc2d8bd0d38662909289b54f1\",\"name\":\"libna\",\"image\":{\"@type\":\"ImageObject\",\"inLanguage\":\"es\",\"@id\":\"https:\\\/\\\/secure.gravatar.com\\\/avatar\\\/7c5bd30ae4b47a9ba3c856590957fd1d96dc588bf3ac05719d247e126840331f?s=96&d=mm&r=g\",\"url\":\"https:\\\/\\\/secure.gravatar.com\\\/avatar\\\/7c5bd30ae4b47a9ba3c856590957fd1d96dc588bf3ac05719d247e126840331f?s=96&d=mm&r=g\",\"contentUrl\":\"https:\\\/\\\/secure.gravatar.com\\\/avatar\\\/7c5bd30ae4b47a9ba3c856590957fd1d96dc588bf3ac05719d247e126840331f?s=96&d=mm&r=g\",\"caption\":\"libna\"}}]}<\/script>\n<!-- \/ Yoast SEO plugin. -->","yoast_head_json":{"title":"Una agenda para el ministerio en salud mental despu\u00e9s de la pandemia - Iglesia Adventista del S\u00e9ptimo D\u00eda - Divisi\u00f3n Interamericana","robots":{"index":"index","follow":"follow","max-snippet":"max-snippet:-1","max-image-preview":"max-image-preview:large","max-video-preview":"max-video-preview:-1"},"canonical":"https:\/\/interamerica.org\/es\/2020\/04\/una-agenda-para-el-ministerio-en-salud-mental-despues-de-la-pandemia\/","og_locale":"es_ES","og_type":"article","og_title":"Una agenda para el ministerio en salud mental despu\u00e9s de la pandemia - Iglesia Adventista del S\u00e9ptimo D\u00eda - Divisi\u00f3n Interamericana","og_description":"29 de abril de 2020 | Miami, Florida, Estados Unidos | Por: Carlos Fayard y Belkis Archbold, para Noticias de la Divisi\u00f3n Interamericana Muchos expertos predicen una pandemia en salud...","og_url":"https:\/\/interamerica.org\/es\/2020\/04\/una-agenda-para-el-ministerio-en-salud-mental-despues-de-la-pandemia\/","og_site_name":"Iglesia Adventista del S\u00e9ptimo D\u00eda - Divisi\u00f3n Interamericana","article_published_time":"2020-04-30T00:42:34+00:00","article_modified_time":"2020-04-30T10:17:05+00:00","og_image":[{"width":1280,"height":800,"url":"https:\/\/interamerica.org\/wp-content\/uploads\/2020\/04\/hand-window-unsplash.jpg","type":"image\/jpeg"}],"author":"libna","twitter_card":"summary_large_image","twitter_misc":{"Escrito por":"libna","Tiempo de lectura":"11 minutos"},"schema":{"@context":"https:\/\/schema.org","@graph":[{"@type":"Article","@id":"https:\/\/interamerica.org\/es\/2020\/04\/una-agenda-para-el-ministerio-en-salud-mental-despues-de-la-pandemia\/#article","isPartOf":{"@id":"https:\/\/interamerica.org\/es\/2020\/04\/una-agenda-para-el-ministerio-en-salud-mental-despues-de-la-pandemia\/"},"author":{"name":"libna","@id":"https:\/\/interamerica.org\/es\/#\/schema\/person\/29998f2bc2d8bd0d38662909289b54f1"},"headline":"Una agenda para el ministerio en salud mental despu\u00e9s de la pandemia","datePublished":"2020-04-30T00:42:34+00:00","dateModified":"2020-04-30T10:17:05+00:00","mainEntityOfPage":{"@id":"https:\/\/interamerica.org\/es\/2020\/04\/una-agenda-para-el-ministerio-en-salud-mental-despues-de-la-pandemia\/"},"wordCount":2121,"commentCount":0,"image":{"@id":"https:\/\/interamerica.org\/es\/2020\/04\/una-agenda-para-el-ministerio-en-salud-mental-despues-de-la-pandemia\/#primaryimage"},"thumbnailUrl":"https:\/\/interamerica.org\/wp-content\/uploads\/2020\/04\/hand-window-unsplash.jpg","articleSection":["Desde la sede","RSS Espa\u00f1ol"],"inLanguage":"es","potentialAction":[{"@type":"CommentAction","name":"Comment","target":["https:\/\/interamerica.org\/es\/2020\/04\/una-agenda-para-el-ministerio-en-salud-mental-despues-de-la-pandemia\/#respond"]}]},{"@type":"WebPage","@id":"https:\/\/interamerica.org\/es\/2020\/04\/una-agenda-para-el-ministerio-en-salud-mental-despues-de-la-pandemia\/","url":"https:\/\/interamerica.org\/es\/2020\/04\/una-agenda-para-el-ministerio-en-salud-mental-despues-de-la-pandemia\/","name":"Una agenda para el ministerio en salud mental despu\u00e9s de la pandemia - Iglesia Adventista del S\u00e9ptimo D\u00eda - Divisi\u00f3n Interamericana","isPartOf":{"@id":"https:\/\/interamerica.org\/es\/#website"},"primaryImageOfPage":{"@id":"https:\/\/interamerica.org\/es\/2020\/04\/una-agenda-para-el-ministerio-en-salud-mental-despues-de-la-pandemia\/#primaryimage"},"image":{"@id":"https:\/\/interamerica.org\/es\/2020\/04\/una-agenda-para-el-ministerio-en-salud-mental-despues-de-la-pandemia\/#primaryimage"},"thumbnailUrl":"https:\/\/interamerica.org\/wp-content\/uploads\/2020\/04\/hand-window-unsplash.jpg","datePublished":"2020-04-30T00:42:34+00:00","dateModified":"2020-04-30T10:17:05+00:00","author":{"@id":"https:\/\/interamerica.org\/es\/#\/schema\/person\/29998f2bc2d8bd0d38662909289b54f1"},"breadcrumb":{"@id":"https:\/\/interamerica.org\/es\/2020\/04\/una-agenda-para-el-ministerio-en-salud-mental-despues-de-la-pandemia\/#breadcrumb"},"inLanguage":"es","potentialAction":[{"@type":"ReadAction","target":["https:\/\/interamerica.org\/es\/2020\/04\/una-agenda-para-el-ministerio-en-salud-mental-despues-de-la-pandemia\/"]}]},{"@type":"ImageObject","inLanguage":"es","@id":"https:\/\/interamerica.org\/es\/2020\/04\/una-agenda-para-el-ministerio-en-salud-mental-despues-de-la-pandemia\/#primaryimage","url":"https:\/\/interamerica.org\/wp-content\/uploads\/2020\/04\/hand-window-unsplash.jpg","contentUrl":"https:\/\/interamerica.org\/wp-content\/uploads\/2020\/04\/hand-window-unsplash.jpg","width":1280,"height":800},{"@type":"BreadcrumbList","@id":"https:\/\/interamerica.org\/es\/2020\/04\/una-agenda-para-el-ministerio-en-salud-mental-despues-de-la-pandemia\/#breadcrumb","itemListElement":[{"@type":"ListItem","position":1,"name":"Home","item":"https:\/\/interamerica.org\/es\/"},{"@type":"ListItem","position":2,"name":"Una agenda para el ministerio en salud mental despu\u00e9s de la pandemia"}]},{"@type":"WebSite","@id":"https:\/\/interamerica.org\/es\/#website","url":"https:\/\/interamerica.org\/es\/","name":"Iglesia Adventista del S\u00e9ptimo D\u00eda - Divisi\u00f3n Interamericana","description":"","potentialAction":[{"@type":"SearchAction","target":{"@type":"EntryPoint","urlTemplate":"https:\/\/interamerica.org\/es\/?s={search_term_string}"},"query-input":{"@type":"PropertyValueSpecification","valueRequired":true,"valueName":"search_term_string"}}],"inLanguage":"es"},{"@type":"Person","@id":"https:\/\/interamerica.org\/es\/#\/schema\/person\/29998f2bc2d8bd0d38662909289b54f1","name":"libna","image":{"@type":"ImageObject","inLanguage":"es","@id":"https:\/\/secure.gravatar.com\/avatar\/7c5bd30ae4b47a9ba3c856590957fd1d96dc588bf3ac05719d247e126840331f?s=96&d=mm&r=g","url":"https:\/\/secure.gravatar.com\/avatar\/7c5bd30ae4b47a9ba3c856590957fd1d96dc588bf3ac05719d247e126840331f?s=96&d=mm&r=g","contentUrl":"https:\/\/secure.gravatar.com\/avatar\/7c5bd30ae4b47a9ba3c856590957fd1d96dc588bf3ac05719d247e126840331f?s=96&d=mm&r=g","caption":"libna"}}]}},"_links":{"self":[{"href":"https:\/\/interamerica.org\/es\/wp-json\/wp\/v2\/posts\/58150","targetHints":{"allow":["GET"]}}],"collection":[{"href":"https:\/\/interamerica.org\/es\/wp-json\/wp\/v2\/posts"}],"about":[{"href":"https:\/\/interamerica.org\/es\/wp-json\/wp\/v2\/types\/post"}],"author":[{"embeddable":true,"href":"https:\/\/interamerica.org\/es\/wp-json\/wp\/v2\/users\/3"}],"replies":[{"embeddable":true,"href":"https:\/\/interamerica.org\/es\/wp-json\/wp\/v2\/comments?post=58150"}],"version-history":[{"count":0,"href":"https:\/\/interamerica.org\/es\/wp-json\/wp\/v2\/posts\/58150\/revisions"}],"wp:featuredmedia":[{"embeddable":true,"href":"https:\/\/interamerica.org\/es\/wp-json\/wp\/v2\/media\/58145"}],"wp:attachment":[{"href":"https:\/\/interamerica.org\/es\/wp-json\/wp\/v2\/media?parent=58150"}],"wp:term":[{"taxonomy":"category","embeddable":true,"href":"https:\/\/interamerica.org\/es\/wp-json\/wp\/v2\/categories?post=58150"},{"taxonomy":"post_tag","embeddable":true,"href":"https:\/\/interamerica.org\/es\/wp-json\/wp\/v2\/tags?post=58150"}],"curies":[{"name":"wp","href":"https:\/\/api.w.org\/{rel}","templated":true}]}}