{"id":58253,"date":"2020-05-01T16:47:49","date_gmt":"2020-05-01T20:47:49","guid":{"rendered":"https:\/\/recursing-golick.147-182-135-0.plesk.page\/?p=58253"},"modified":"2020-05-06T15:41:40","modified_gmt":"2020-05-06T19:41:40","slug":"iglesia-adventista-de-mexico-distribuye-alimentos-a-13500-de-sus-miembros","status":"publish","type":"post","link":"https:\/\/interamerica.org\/es\/2020\/05\/iglesia-adventista-de-mexico-distribuye-alimentos-a-13500-de-sus-miembros\/","title":{"rendered":"Iglesia Adventista de M\u00e9xico distribuye alimentos a 13500 de sus miembros"},"content":{"rendered":"<p><div id=\"attachment_58233\" style=\"width: 808px\" class=\"wp-caption aligncenter\"><img fetchpriority=\"high\" decoding=\"async\" aria-describedby=\"caption-attachment-58233\" class=\" wp-image-58231\" src=\"https:\/\/recursing-golick.147-182-135-0.plesk.page\/wp-content\/uploads\/2020\/05\/pastorjosueomana-north-veracruz-conference-1024x640.jpg\" alt=\"\" width=\"798\" height=\"499\" srcset=\"https:\/\/interamerica.org\/wp-content\/uploads\/2020\/05\/pastorjosueomana-north-veracruz-conference-1024x640.jpg 1024w, https:\/\/interamerica.org\/wp-content\/uploads\/2020\/05\/pastorjosueomana-north-veracruz-conference-300x187.jpg 300w, https:\/\/interamerica.org\/wp-content\/uploads\/2020\/05\/pastorjosueomana-north-veracruz-conference-768x480.jpg 768w, https:\/\/interamerica.org\/wp-content\/uploads\/2020\/05\/pastorjosueomana-north-veracruz-conference.jpg 1050w\" sizes=\"(max-width: 798px) 100vw, 798px\" \/><p id=\"caption-attachment-58233\" class=\"wp-caption-text\">El pastor Josue Oma\u00f1a de la Asociaci\u00f3n Norte de Veracruz en la Uni\u00f3n Mexicana Interoce\u00e1nica distribuye alimentos y otros art\u00edculos a un miembro de iglesia en el distrito que pastorea. Unas 13500 personas de las familias m\u00e1s necesitadas de todo el territorio se beneficiaron de la iniciativa de ayudar en medio de la crisis por la pandemia que afecta a muchos que no pueden ganarse el sustento para apoyar a sus familias. Las bolsas de alimentos fueron donadas en el territorio entre el 10 y el 15 de abril 2020. [Fotograf\u00eda: Uni\u00f3n Mexicana Interoce\u00e1nica]<\/p><\/div>1 de mayo de 2020 | Puebla, M\u00e9xico | Sharon Dom\u00ednguez\/Noticias de la Divisi\u00f3n Interamericana<\/p>\n<p>Unos 13500 adventistas del s\u00e9ptimo d\u00eda de la regi\u00f3n Interoce\u00e1nica de M\u00e9xico de la Iglesia Adventista recibieron alimentos y art\u00edculos esenciales para sus familias en momentos en que el pa\u00eds contin\u00faa con sus regulaciones por la cuarentena. Las familias seleccionadas se encuentran entre las m\u00e1s necesitadas en ocho estados mexicanos, donde los miembros de iglesia suman m\u00e1s de 203.400.<\/p>\n<p>\u201cHoy nuestros hermanos con peque\u00f1as negocios no tienen la posibilidad de trabajar, y creemos que la iglesia deber\u00eda hacer algo para ayudarlos\u201d, dijo el pastor Mois\u00e9s Reyna, presidente de la Iglesia Adventista en la Uni\u00f3n Mexicana Interoc\u00e9anica. \u201cEn la iglesia somos una familia y es el momento de realizar un esfuerzo entre todos para que a ellos no les haga falta. La iglesia ha sido siempre fiel y la union y campos locales siempre han tenido recursos para funcionamiento gracias a la fidelidad de sus miembros\u201d, a\u00f1adi\u00f3.<\/p>\n<p>Muchos de los m\u00e1s necesitados dependen de la paga diaria que reciben de vender art\u00edculos en el mercado o en las calles, dijeron los l\u00edderes de la iglesia. Las bolsas de comida distribuidas del 10-15 de abril incluyeron art\u00edculos no perecederos como arroz, frijoles, harina de ma\u00edz, fideos, cajas de leche, aceite, jab\u00f3n, papel sanitario o higi\u00e9nico y otros art\u00edculos similares.<\/p>\n<p><div id=\"attachment_58230\" style=\"width: 810px\" class=\"wp-caption aligncenter\"><img decoding=\"async\" aria-describedby=\"caption-attachment-58230\" class=\" wp-image-58228\" src=\"https:\/\/recursing-golick.147-182-135-0.plesk.page\/wp-content\/uploads\/2020\/05\/iomu-alicia-zapotecas-martha-las-cuartillas-mision-alpina-1024x640.jpg\" alt=\"\" width=\"800\" height=\"500\" srcset=\"https:\/\/interamerica.org\/wp-content\/uploads\/2020\/05\/iomu-alicia-zapotecas-martha-las-cuartillas-mision-alpina-1024x640.jpg 1024w, https:\/\/interamerica.org\/wp-content\/uploads\/2020\/05\/iomu-alicia-zapotecas-martha-las-cuartillas-mision-alpina-300x188.jpg 300w, https:\/\/interamerica.org\/wp-content\/uploads\/2020\/05\/iomu-alicia-zapotecas-martha-las-cuartillas-mision-alpina-768x480.jpg 768w, https:\/\/interamerica.org\/wp-content\/uploads\/2020\/05\/iomu-alicia-zapotecas-martha-las-cuartillas-mision-alpina.jpg 1280w\" sizes=\"(max-width: 800px) 100vw, 800px\" \/><p id=\"caption-attachment-58230\" class=\"wp-caption-text\">Alicia Zapotecas (izquierda) y su hija Marta, de la iglesia adventista de Las Cuartillas, en el distrito eclesi\u00e1stico del Norte de Puebla, sonr\u00eden despu\u00e9s de que los l\u00edderes de la iglesia distribuyeron art\u00edculos en su hogar a mediados de abril. [Fotograf\u00eda: Gregorio V\u00e1squez]<\/p><\/div>El tesorero de la Uni\u00f3n Mexicana Interoce\u00e1nica Antonio Rosas dijo que cada uno de los 247 distritos de la iglesia distribuyeron a treinta de sus familias m\u00e1s necesitadas.<\/p>\n<p>\u201cLas sedes de las uniones y las asociaciones y misiones proveyeron los fondos para la iniciativa, junto con los pastores y miembros que se ofrecieron como voluntarios para reunir y distribuir los art\u00edculos\u201d, dijo Rosas.<\/p>\n<p>Miguel Garc\u00eda, que es pastor en el distrito de D\u00edaz Mir\u00f3n en el Sur de Veracruz, ayud\u00f3 a identificar y distribuir bolsas de alimento a treinta familias. \u201cPod\u00eda ver las l\u00e1grimas en sus ojos porque se sienten amados por la iglesia\u201d, dijo Garc\u00eda. \u201cPod\u00eda ver que muchos estaban luchando y estaban tan agradecidos por los art\u00edculos recibidos. Muchos me estaban preguntando c\u00f3mo enviar los peque\u00f1os diezmos y ofrendas que hab\u00edan separado para la iglesia\u201d.<\/p>\n<p>Fabiola Morales fue una de los miembros de Puebla, que recibi\u00f3 las bolsas de art\u00edculos en abril. Qued\u00f3 sin palabras cuando un anciano de iglesia y su esposa llegaron hasta su casa. Ella ha asistido a la iglesia adventista de Las Cuartillas con sus dos hijos durante varios a\u00f1os. Es una madre sola, y ha estado luchando contra una enfermedad. \u201cMuch\u00edsimas gracias por hacer todo ese camino hasta aqu\u00ed para traer esto\u201d, dijo Morales. \u201cGracias a todos los miembros que se tomaron el tiempo de apoyarnos aqu\u00ed en nuestra casa\u201d.<\/p>\n<p><div id=\"attachment_58236\" style=\"width: 810px\" class=\"wp-caption aligncenter\"><img decoding=\"async\" aria-describedby=\"caption-attachment-58236\" class=\" wp-image-58234\" src=\"https:\/\/recursing-golick.147-182-135-0.plesk.page\/wp-content\/uploads\/2020\/05\/fabiola-morales-puebla-1024x640.jpg\" alt=\"\" width=\"800\" height=\"500\" srcset=\"https:\/\/interamerica.org\/wp-content\/uploads\/2020\/05\/fabiola-morales-puebla-1024x640.jpg 1024w, https:\/\/interamerica.org\/wp-content\/uploads\/2020\/05\/fabiola-morales-puebla-300x187.jpg 300w, https:\/\/interamerica.org\/wp-content\/uploads\/2020\/05\/fabiola-morales-puebla-768x480.jpg 768w, https:\/\/interamerica.org\/wp-content\/uploads\/2020\/05\/fabiola-morales-puebla.jpg 1050w\" sizes=\"(max-width: 800px) 100vw, 800px\" \/><p id=\"caption-attachment-58236\" class=\"wp-caption-text\">Fabiola Morales, de la iglesia adventista de Las Cuartillas en Puebla, M\u00e9xico, fue una de las miles que recibieron alimentos y otros art\u00edculos durante la iniciativa de la iglesia en todo el territorio, que busc\u00f3 asistir a las familias necesitadas que se han visto afectadas por las medidas de confinamiento. [Fotograf\u00eda: Gregorio V\u00e1squez]<\/p><\/div>El pastor Mart\u00edn Olvera, director de comunicaci\u00f3n de la Iglesia Adventista en la Uni\u00f3n Mexicana Interoce\u00e1nica, se uni\u00f3 a su esposa Mar\u00eda Guadalupe, quien es coordinadora SIEMA en la uni\u00f3n, para distribuir las bolsas de alimento. \u201cUna dama, quien es miembro de la iglesia adventista Mayorazgo en Puebla se mostr\u00f3 tan agradecida por la ayuda\u201d, dijo Olvera. \u201cElla perdi\u00f3 el trabajo como secretaria, y su esposo, que es ingeniero, es hipoac\u00fasico y est\u00e1 sin trabajo. Fue emocionante ver a este matrimonio fiel tan agradecido a Dios por el apoyo de la iglesia\u201d.<\/p>\n<p>\u201cEsta iniciativa ha mostrado la cercan\u00eda que la iglesia quiere tener con sus miembros aun cuando las iglesias han permanecido cerradas y los grupos peque\u00f1os no pueden reunirse\u201d, dijo Olvera.<\/p>\n<p>El plan es continuar ayudando a esas familias una vez m\u00e1s durante las pr\u00f3ximas dos semanas, dijo.<\/p>\n<p>La Agencia Adventista de Desarrollo y Recursos Asistenciales (ADRA) en la regi\u00f3n Interoce\u00e1nica Mexicana tambi\u00e9n est\u00e1 planeando beneficiar a unas cinco mil familias necesitadas del territorio durante este mes, inform\u00f3 su coordinador regional Daniel Garc\u00eda. \u201cEstamos trabajando para recolectar fondos para beneficiar a las familias que est\u00e1n luchando en medio de esta crisis\u201d, dijo.<\/p>\n<p><div id=\"attachment_58239\" style=\"width: 460px\" class=\"wp-caption aligncenter\"><img loading=\"lazy\" decoding=\"async\" aria-describedby=\"caption-attachment-58239\" class=\"size-full wp-image-58237\" src=\"https:\/\/recursing-golick.147-182-135-0.plesk.page\/wp-content\/uploads\/2020\/05\/josezeth-gamboa-district.jpg\" alt=\"\" width=\"450\" height=\"591\" srcset=\"https:\/\/interamerica.org\/wp-content\/uploads\/2020\/05\/josezeth-gamboa-district.jpg 450w, https:\/\/interamerica.org\/wp-content\/uploads\/2020\/05\/josezeth-gamboa-district-228x300.jpg 228w\" sizes=\"(max-width: 450px) 100vw, 450px\" \/><p id=\"caption-attachment-58239\" class=\"wp-caption-text\">El pastor Jos\u00e9 Zeth Gamboa (izquierda) visita un familiar en su distrito con una bolsa de alimentos. [Fotograf\u00eda: Uni\u00f3n Mexicana Interoce\u00e1nica]<\/p><\/div>Garc\u00eda dijo que los miembros de iglesia que pueden hacerlo est\u00e1n destinando fondos para apoyar el proyecto de asistir a las familias de la comunidad durante una distribuci\u00f3n especial el 23 de mayo.<\/p>\n<p>Para saber m\u00e1s de la Iglesia Adventista del S\u00e9ptimo D\u00eda en la Uni\u00f3n Mexicana Interoce\u00e1nica y sus iniciativas, visite <a href=\"https:\/\/iasd-umi.org\/\">iasd-umi.org<\/a><\/p>\n<p><em>Gregorio V\u00e1squez colabor\u00f3 con este informe.<\/em><\/p>\n<p>Traducci\u00f3n de Marcos Paseggi<\/p>\n","protected":false},"excerpt":{"rendered":"<p>1 de mayo de 2020 | Puebla, M\u00e9xico | Sharon Dom\u00ednguez\/Noticias de la Divisi\u00f3n Interamericana Unos 13500 adventistas del s\u00e9ptimo d\u00eda de la regi\u00f3n Interoce\u00e1nica de M\u00e9xico de la Iglesia&#8230;<\/p>\n","protected":false},"author":3,"featured_media":58233,"comment_status":"open","ping_status":"closed","sticky":false,"template":"","format":"standard","meta":{"_acf_changed":false,"footnotes":""},"categories":[17,15],"tags":[],"class_list":["post-58253","post","type-post","status-publish","format-standard","has-post-thumbnail","hentry","category-desde-el-campo","category-rss-espanol"],"acf":[],"yoast_head":"<!-- This site is optimized with the Yoast SEO plugin v27.3 - https:\/\/yoast.com\/product\/yoast-seo-wordpress\/ -->\n<title>Iglesia Adventista de M\u00e9xico distribuye alimentos a 13500 de sus miembros - Iglesia Adventista del S\u00e9ptimo D\u00eda - Divisi\u00f3n Interamericana<\/title>\n<meta name=\"robots\" content=\"index, follow, max-snippet:-1, max-image-preview:large, max-video-preview:-1\" \/>\n<link rel=\"canonical\" href=\"https:\/\/interamerica.org\/es\/2020\/05\/iglesia-adventista-de-mexico-distribuye-alimentos-a-13500-de-sus-miembros\/\" \/>\n<meta property=\"og:locale\" content=\"es_ES\" \/>\n<meta property=\"og:type\" content=\"article\" \/>\n<meta property=\"og:title\" content=\"Iglesia Adventista de M\u00e9xico distribuye alimentos a 13500 de sus miembros - Iglesia Adventista del S\u00e9ptimo D\u00eda - Divisi\u00f3n Interamericana\" \/>\n<meta property=\"og:description\" content=\"1 de mayo de 2020 | Puebla, M\u00e9xico | Sharon Dom\u00ednguez\/Noticias de la Divisi\u00f3n Interamericana Unos 13500 adventistas del s\u00e9ptimo d\u00eda de la regi\u00f3n Interoce\u00e1nica de M\u00e9xico de la Iglesia...\" \/>\n<meta property=\"og:url\" content=\"https:\/\/interamerica.org\/es\/2020\/05\/iglesia-adventista-de-mexico-distribuye-alimentos-a-13500-de-sus-miembros\/\" \/>\n<meta property=\"og:site_name\" content=\"Iglesia Adventista del S\u00e9ptimo D\u00eda - Divisi\u00f3n Interamericana\" \/>\n<meta property=\"article:published_time\" content=\"2020-05-01T20:47:49+00:00\" \/>\n<meta property=\"article:modified_time\" content=\"2020-05-06T19:41:40+00:00\" \/>\n<meta property=\"og:image\" content=\"https:\/\/interamerica.org\/wp-content\/uploads\/2020\/05\/pastorjosueomana-north-veracruz-conference.jpg\" \/>\n\t<meta property=\"og:image:width\" content=\"1050\" \/>\n\t<meta property=\"og:image:height\" content=\"656\" \/>\n\t<meta property=\"og:image:type\" content=\"image\/jpeg\" \/>\n<meta name=\"author\" content=\"libna\" \/>\n<meta name=\"twitter:card\" content=\"summary_large_image\" \/>\n<meta name=\"twitter:label1\" content=\"Escrito por\" \/>\n\t<meta name=\"twitter:data1\" content=\"libna\" \/>\n\t<meta name=\"twitter:label2\" content=\"Tiempo de lectura\" \/>\n\t<meta name=\"twitter:data2\" content=\"5 minutos\" \/>\n<script type=\"application\/ld+json\" class=\"yoast-schema-graph\">{\"@context\":\"https:\\\/\\\/schema.org\",\"@graph\":[{\"@type\":\"Article\",\"@id\":\"https:\\\/\\\/interamerica.org\\\/es\\\/2020\\\/05\\\/iglesia-adventista-de-mexico-distribuye-alimentos-a-13500-de-sus-miembros\\\/#article\",\"isPartOf\":{\"@id\":\"https:\\\/\\\/interamerica.org\\\/es\\\/2020\\\/05\\\/iglesia-adventista-de-mexico-distribuye-alimentos-a-13500-de-sus-miembros\\\/\"},\"author\":{\"name\":\"libna\",\"@id\":\"https:\\\/\\\/interamerica.org\\\/es\\\/#\\\/schema\\\/person\\\/29998f2bc2d8bd0d38662909289b54f1\"},\"headline\":\"Iglesia Adventista de M\u00e9xico distribuye alimentos a 13500 de sus miembros\",\"datePublished\":\"2020-05-01T20:47:49+00:00\",\"dateModified\":\"2020-05-06T19:41:40+00:00\",\"mainEntityOfPage\":{\"@id\":\"https:\\\/\\\/interamerica.org\\\/es\\\/2020\\\/05\\\/iglesia-adventista-de-mexico-distribuye-alimentos-a-13500-de-sus-miembros\\\/\"},\"wordCount\":1039,\"commentCount\":0,\"image\":{\"@id\":\"https:\\\/\\\/interamerica.org\\\/es\\\/2020\\\/05\\\/iglesia-adventista-de-mexico-distribuye-alimentos-a-13500-de-sus-miembros\\\/#primaryimage\"},\"thumbnailUrl\":\"https:\\\/\\\/interamerica.org\\\/wp-content\\\/uploads\\\/2020\\\/05\\\/pastorjosueomana-north-veracruz-conference.jpg\",\"articleSection\":[\"Desde el campo\",\"RSS Espa\u00f1ol\"],\"inLanguage\":\"es\",\"potentialAction\":[{\"@type\":\"CommentAction\",\"name\":\"Comment\",\"target\":[\"https:\\\/\\\/interamerica.org\\\/es\\\/2020\\\/05\\\/iglesia-adventista-de-mexico-distribuye-alimentos-a-13500-de-sus-miembros\\\/#respond\"]}]},{\"@type\":\"WebPage\",\"@id\":\"https:\\\/\\\/interamerica.org\\\/es\\\/2020\\\/05\\\/iglesia-adventista-de-mexico-distribuye-alimentos-a-13500-de-sus-miembros\\\/\",\"url\":\"https:\\\/\\\/interamerica.org\\\/es\\\/2020\\\/05\\\/iglesia-adventista-de-mexico-distribuye-alimentos-a-13500-de-sus-miembros\\\/\",\"name\":\"Iglesia Adventista de M\u00e9xico distribuye alimentos a 13500 de sus miembros - Iglesia Adventista del S\u00e9ptimo D\u00eda - Divisi\u00f3n Interamericana\",\"isPartOf\":{\"@id\":\"https:\\\/\\\/interamerica.org\\\/es\\\/#website\"},\"primaryImageOfPage\":{\"@id\":\"https:\\\/\\\/interamerica.org\\\/es\\\/2020\\\/05\\\/iglesia-adventista-de-mexico-distribuye-alimentos-a-13500-de-sus-miembros\\\/#primaryimage\"},\"image\":{\"@id\":\"https:\\\/\\\/interamerica.org\\\/es\\\/2020\\\/05\\\/iglesia-adventista-de-mexico-distribuye-alimentos-a-13500-de-sus-miembros\\\/#primaryimage\"},\"thumbnailUrl\":\"https:\\\/\\\/interamerica.org\\\/wp-content\\\/uploads\\\/2020\\\/05\\\/pastorjosueomana-north-veracruz-conference.jpg\",\"datePublished\":\"2020-05-01T20:47:49+00:00\",\"dateModified\":\"2020-05-06T19:41:40+00:00\",\"author\":{\"@id\":\"https:\\\/\\\/interamerica.org\\\/es\\\/#\\\/schema\\\/person\\\/29998f2bc2d8bd0d38662909289b54f1\"},\"breadcrumb\":{\"@id\":\"https:\\\/\\\/interamerica.org\\\/es\\\/2020\\\/05\\\/iglesia-adventista-de-mexico-distribuye-alimentos-a-13500-de-sus-miembros\\\/#breadcrumb\"},\"inLanguage\":\"es\",\"potentialAction\":[{\"@type\":\"ReadAction\",\"target\":[\"https:\\\/\\\/interamerica.org\\\/es\\\/2020\\\/05\\\/iglesia-adventista-de-mexico-distribuye-alimentos-a-13500-de-sus-miembros\\\/\"]}]},{\"@type\":\"ImageObject\",\"inLanguage\":\"es\",\"@id\":\"https:\\\/\\\/interamerica.org\\\/es\\\/2020\\\/05\\\/iglesia-adventista-de-mexico-distribuye-alimentos-a-13500-de-sus-miembros\\\/#primaryimage\",\"url\":\"https:\\\/\\\/interamerica.org\\\/wp-content\\\/uploads\\\/2020\\\/05\\\/pastorjosueomana-north-veracruz-conference.jpg\",\"contentUrl\":\"https:\\\/\\\/interamerica.org\\\/wp-content\\\/uploads\\\/2020\\\/05\\\/pastorjosueomana-north-veracruz-conference.jpg\",\"width\":1050,\"height\":656,\"caption\":\"El pastor Josue Oma\u00f1a de la Asociaci\u00f3n Norte de Veracruz en la Uni\u00f3n Interoce\u00e1nica distribuye alimentos y otros art\u00edculos a un miembro de iglesia en el distrito que pastorea. Unas 13500 personas de las familias m\u00e1s necesitadas de todo el territorio se beneficiaron de la iniciativa de ayudar en medio de la crisis por la pandemia que afecta a muchos que no pueden ganarse el sustento para apoyar a sus familias. Las bolsas de alimentos fueron donadas en el territorio entre el 10 y el 15 de abril 2020. [Fotograf\u00eda: Uni\u00f3n Mexicana Interoce\u00e1nica]\"},{\"@type\":\"BreadcrumbList\",\"@id\":\"https:\\\/\\\/interamerica.org\\\/es\\\/2020\\\/05\\\/iglesia-adventista-de-mexico-distribuye-alimentos-a-13500-de-sus-miembros\\\/#breadcrumb\",\"itemListElement\":[{\"@type\":\"ListItem\",\"position\":1,\"name\":\"Home\",\"item\":\"https:\\\/\\\/interamerica.org\\\/es\\\/\"},{\"@type\":\"ListItem\",\"position\":2,\"name\":\"Iglesia Adventista de M\u00e9xico distribuye alimentos a 13500 de sus miembros\"}]},{\"@type\":\"WebSite\",\"@id\":\"https:\\\/\\\/interamerica.org\\\/es\\\/#website\",\"url\":\"https:\\\/\\\/interamerica.org\\\/es\\\/\",\"name\":\"Iglesia Adventista del S\u00e9ptimo D\u00eda - Divisi\u00f3n Interamericana\",\"description\":\"\",\"potentialAction\":[{\"@type\":\"SearchAction\",\"target\":{\"@type\":\"EntryPoint\",\"urlTemplate\":\"https:\\\/\\\/interamerica.org\\\/es\\\/?s={search_term_string}\"},\"query-input\":{\"@type\":\"PropertyValueSpecification\",\"valueRequired\":true,\"valueName\":\"search_term_string\"}}],\"inLanguage\":\"es\"},{\"@type\":\"Person\",\"@id\":\"https:\\\/\\\/interamerica.org\\\/es\\\/#\\\/schema\\\/person\\\/29998f2bc2d8bd0d38662909289b54f1\",\"name\":\"libna\",\"image\":{\"@type\":\"ImageObject\",\"inLanguage\":\"es\",\"@id\":\"https:\\\/\\\/secure.gravatar.com\\\/avatar\\\/7c5bd30ae4b47a9ba3c856590957fd1d96dc588bf3ac05719d247e126840331f?s=96&d=mm&r=g\",\"url\":\"https:\\\/\\\/secure.gravatar.com\\\/avatar\\\/7c5bd30ae4b47a9ba3c856590957fd1d96dc588bf3ac05719d247e126840331f?s=96&d=mm&r=g\",\"contentUrl\":\"https:\\\/\\\/secure.gravatar.com\\\/avatar\\\/7c5bd30ae4b47a9ba3c856590957fd1d96dc588bf3ac05719d247e126840331f?s=96&d=mm&r=g\",\"caption\":\"libna\"}}]}<\/script>\n<!-- \/ Yoast SEO plugin. -->","yoast_head_json":{"title":"Iglesia Adventista de M\u00e9xico distribuye alimentos a 13500 de sus miembros - Iglesia Adventista del S\u00e9ptimo D\u00eda - Divisi\u00f3n Interamericana","robots":{"index":"index","follow":"follow","max-snippet":"max-snippet:-1","max-image-preview":"max-image-preview:large","max-video-preview":"max-video-preview:-1"},"canonical":"https:\/\/interamerica.org\/es\/2020\/05\/iglesia-adventista-de-mexico-distribuye-alimentos-a-13500-de-sus-miembros\/","og_locale":"es_ES","og_type":"article","og_title":"Iglesia Adventista de M\u00e9xico distribuye alimentos a 13500 de sus miembros - Iglesia Adventista del S\u00e9ptimo D\u00eda - Divisi\u00f3n Interamericana","og_description":"1 de mayo de 2020 | Puebla, M\u00e9xico | Sharon Dom\u00ednguez\/Noticias de la Divisi\u00f3n Interamericana Unos 13500 adventistas del s\u00e9ptimo d\u00eda de la regi\u00f3n Interoce\u00e1nica de M\u00e9xico de la Iglesia...","og_url":"https:\/\/interamerica.org\/es\/2020\/05\/iglesia-adventista-de-mexico-distribuye-alimentos-a-13500-de-sus-miembros\/","og_site_name":"Iglesia Adventista del S\u00e9ptimo D\u00eda - Divisi\u00f3n Interamericana","article_published_time":"2020-05-01T20:47:49+00:00","article_modified_time":"2020-05-06T19:41:40+00:00","og_image":[{"width":1050,"height":656,"url":"https:\/\/interamerica.org\/wp-content\/uploads\/2020\/05\/pastorjosueomana-north-veracruz-conference.jpg","type":"image\/jpeg"}],"author":"libna","twitter_card":"summary_large_image","twitter_misc":{"Escrito por":"libna","Tiempo de lectura":"5 minutos"},"schema":{"@context":"https:\/\/schema.org","@graph":[{"@type":"Article","@id":"https:\/\/interamerica.org\/es\/2020\/05\/iglesia-adventista-de-mexico-distribuye-alimentos-a-13500-de-sus-miembros\/#article","isPartOf":{"@id":"https:\/\/interamerica.org\/es\/2020\/05\/iglesia-adventista-de-mexico-distribuye-alimentos-a-13500-de-sus-miembros\/"},"author":{"name":"libna","@id":"https:\/\/interamerica.org\/es\/#\/schema\/person\/29998f2bc2d8bd0d38662909289b54f1"},"headline":"Iglesia Adventista de M\u00e9xico distribuye alimentos a 13500 de sus miembros","datePublished":"2020-05-01T20:47:49+00:00","dateModified":"2020-05-06T19:41:40+00:00","mainEntityOfPage":{"@id":"https:\/\/interamerica.org\/es\/2020\/05\/iglesia-adventista-de-mexico-distribuye-alimentos-a-13500-de-sus-miembros\/"},"wordCount":1039,"commentCount":0,"image":{"@id":"https:\/\/interamerica.org\/es\/2020\/05\/iglesia-adventista-de-mexico-distribuye-alimentos-a-13500-de-sus-miembros\/#primaryimage"},"thumbnailUrl":"https:\/\/interamerica.org\/wp-content\/uploads\/2020\/05\/pastorjosueomana-north-veracruz-conference.jpg","articleSection":["Desde el campo","RSS Espa\u00f1ol"],"inLanguage":"es","potentialAction":[{"@type":"CommentAction","name":"Comment","target":["https:\/\/interamerica.org\/es\/2020\/05\/iglesia-adventista-de-mexico-distribuye-alimentos-a-13500-de-sus-miembros\/#respond"]}]},{"@type":"WebPage","@id":"https:\/\/interamerica.org\/es\/2020\/05\/iglesia-adventista-de-mexico-distribuye-alimentos-a-13500-de-sus-miembros\/","url":"https:\/\/interamerica.org\/es\/2020\/05\/iglesia-adventista-de-mexico-distribuye-alimentos-a-13500-de-sus-miembros\/","name":"Iglesia Adventista de M\u00e9xico distribuye alimentos a 13500 de sus miembros - Iglesia Adventista del S\u00e9ptimo D\u00eda - Divisi\u00f3n Interamericana","isPartOf":{"@id":"https:\/\/interamerica.org\/es\/#website"},"primaryImageOfPage":{"@id":"https:\/\/interamerica.org\/es\/2020\/05\/iglesia-adventista-de-mexico-distribuye-alimentos-a-13500-de-sus-miembros\/#primaryimage"},"image":{"@id":"https:\/\/interamerica.org\/es\/2020\/05\/iglesia-adventista-de-mexico-distribuye-alimentos-a-13500-de-sus-miembros\/#primaryimage"},"thumbnailUrl":"https:\/\/interamerica.org\/wp-content\/uploads\/2020\/05\/pastorjosueomana-north-veracruz-conference.jpg","datePublished":"2020-05-01T20:47:49+00:00","dateModified":"2020-05-06T19:41:40+00:00","author":{"@id":"https:\/\/interamerica.org\/es\/#\/schema\/person\/29998f2bc2d8bd0d38662909289b54f1"},"breadcrumb":{"@id":"https:\/\/interamerica.org\/es\/2020\/05\/iglesia-adventista-de-mexico-distribuye-alimentos-a-13500-de-sus-miembros\/#breadcrumb"},"inLanguage":"es","potentialAction":[{"@type":"ReadAction","target":["https:\/\/interamerica.org\/es\/2020\/05\/iglesia-adventista-de-mexico-distribuye-alimentos-a-13500-de-sus-miembros\/"]}]},{"@type":"ImageObject","inLanguage":"es","@id":"https:\/\/interamerica.org\/es\/2020\/05\/iglesia-adventista-de-mexico-distribuye-alimentos-a-13500-de-sus-miembros\/#primaryimage","url":"https:\/\/interamerica.org\/wp-content\/uploads\/2020\/05\/pastorjosueomana-north-veracruz-conference.jpg","contentUrl":"https:\/\/interamerica.org\/wp-content\/uploads\/2020\/05\/pastorjosueomana-north-veracruz-conference.jpg","width":1050,"height":656,"caption":"El pastor Josue Oma\u00f1a de la Asociaci\u00f3n Norte de Veracruz en la Uni\u00f3n Interoce\u00e1nica distribuye alimentos y otros art\u00edculos a un miembro de iglesia en el distrito que pastorea. Unas 13500 personas de las familias m\u00e1s necesitadas de todo el territorio se beneficiaron de la iniciativa de ayudar en medio de la crisis por la pandemia que afecta a muchos que no pueden ganarse el sustento para apoyar a sus familias. Las bolsas de alimentos fueron donadas en el territorio entre el 10 y el 15 de abril 2020. [Fotograf\u00eda: Uni\u00f3n Mexicana Interoce\u00e1nica]"},{"@type":"BreadcrumbList","@id":"https:\/\/interamerica.org\/es\/2020\/05\/iglesia-adventista-de-mexico-distribuye-alimentos-a-13500-de-sus-miembros\/#breadcrumb","itemListElement":[{"@type":"ListItem","position":1,"name":"Home","item":"https:\/\/interamerica.org\/es\/"},{"@type":"ListItem","position":2,"name":"Iglesia Adventista de M\u00e9xico distribuye alimentos a 13500 de sus miembros"}]},{"@type":"WebSite","@id":"https:\/\/interamerica.org\/es\/#website","url":"https:\/\/interamerica.org\/es\/","name":"Iglesia Adventista del S\u00e9ptimo D\u00eda - Divisi\u00f3n Interamericana","description":"","potentialAction":[{"@type":"SearchAction","target":{"@type":"EntryPoint","urlTemplate":"https:\/\/interamerica.org\/es\/?s={search_term_string}"},"query-input":{"@type":"PropertyValueSpecification","valueRequired":true,"valueName":"search_term_string"}}],"inLanguage":"es"},{"@type":"Person","@id":"https:\/\/interamerica.org\/es\/#\/schema\/person\/29998f2bc2d8bd0d38662909289b54f1","name":"libna","image":{"@type":"ImageObject","inLanguage":"es","@id":"https:\/\/secure.gravatar.com\/avatar\/7c5bd30ae4b47a9ba3c856590957fd1d96dc588bf3ac05719d247e126840331f?s=96&d=mm&r=g","url":"https:\/\/secure.gravatar.com\/avatar\/7c5bd30ae4b47a9ba3c856590957fd1d96dc588bf3ac05719d247e126840331f?s=96&d=mm&r=g","contentUrl":"https:\/\/secure.gravatar.com\/avatar\/7c5bd30ae4b47a9ba3c856590957fd1d96dc588bf3ac05719d247e126840331f?s=96&d=mm&r=g","caption":"libna"}}]}},"_links":{"self":[{"href":"https:\/\/interamerica.org\/es\/wp-json\/wp\/v2\/posts\/58253","targetHints":{"allow":["GET"]}}],"collection":[{"href":"https:\/\/interamerica.org\/es\/wp-json\/wp\/v2\/posts"}],"about":[{"href":"https:\/\/interamerica.org\/es\/wp-json\/wp\/v2\/types\/post"}],"author":[{"embeddable":true,"href":"https:\/\/interamerica.org\/es\/wp-json\/wp\/v2\/users\/3"}],"replies":[{"embeddable":true,"href":"https:\/\/interamerica.org\/es\/wp-json\/wp\/v2\/comments?post=58253"}],"version-history":[{"count":0,"href":"https:\/\/interamerica.org\/es\/wp-json\/wp\/v2\/posts\/58253\/revisions"}],"wp:featuredmedia":[{"embeddable":true,"href":"https:\/\/interamerica.org\/es\/wp-json\/wp\/v2\/media\/58233"}],"wp:attachment":[{"href":"https:\/\/interamerica.org\/es\/wp-json\/wp\/v2\/media?parent=58253"}],"wp:term":[{"taxonomy":"category","embeddable":true,"href":"https:\/\/interamerica.org\/es\/wp-json\/wp\/v2\/categories?post=58253"},{"taxonomy":"post_tag","embeddable":true,"href":"https:\/\/interamerica.org\/es\/wp-json\/wp\/v2\/tags?post=58253"}],"curies":[{"name":"wp","href":"https:\/\/api.w.org\/{rel}","templated":true}]}}