{"id":58277,"date":"2020-05-04T13:19:05","date_gmt":"2020-05-04T17:19:05","guid":{"rendered":"https:\/\/recursing-golick.147-182-135-0.plesk.page\/?p=58277"},"modified":"2020-05-04T22:04:46","modified_gmt":"2020-05-05T02:04:46","slug":"perfecta-sincronizacion-de-planes-de-dios-en-cuba","status":"publish","type":"post","link":"https:\/\/interamerica.org\/es\/2020\/05\/perfecta-sincronizacion-de-planes-de-dios-en-cuba\/","title":{"rendered":"Perfecta sincronizaci\u00f3n de planes de Dios en Cuba"},"content":{"rendered":"<p>4 de mayo de 2020 | Redlands, California, Estados Unidos\u00a0 | Por: Quiet Hour Ministries<\/p>\n<p>Dos equipos misioneros de Quiet Hour Ministries (QHM) estaban ya listos para prestar sus servicios en Cuba al tiempo en que apenas comenzaban a aparecer informes dispersos acerca del COVID-19 en algunas partes de los Estados Unidos. No sab\u00edan lo que pronto vendr\u00eda d\u00edas m\u00e1s adelante, pero Dios s\u00ed lo sab\u00eda \u00a1y \u00e9l ten\u00eda un plan!<\/p>\n<p>\u201cEstamos orando porque Dios est\u00e9 con todos ustedes en este viaje\u201d, les escribi\u00f3 en un mensaje Randy Bates, presidente y director ejecutivo de QHM, a los miembros del equipo que estaba por partir. \u201cLos invito a reclamar para ustedes la promesa de <a href=\"https:\/\/biblia.com\/bible\/nkjv\/Prov%203.23\">Proverbios 3:23<\/a>, <a href=\"https:\/\/biblia.com\/bible\/nkjv\/Proverbs%203.26\" data-reference=\"Proverbs 3.26\" data-version=\"nkjv\" data-purpose=\"bible-reference\">26<\/a>: \u2018Podr\u00e1s recorrer tranquilo tu camino, y tus pies no tropezar\u00e1n\u2026<sup>\u00a0<\/sup>Porque el Se\u00f1or estar\u00e1 siempre a tu lado\u2019\u201d (NVI).<\/p>\n<p>Durante las siguientes horas, los miembros del equipo misionero de QHM, procedentes de todas partes de Estados Unidos, comenzaron a comunicarse a trav\u00e9s de su grupo formado en la aplicaci\u00f3n WhatsApp. \u201cYa casi estamos en Cuba\u201d, escribi\u00f3 Moraa, miembro de este grupo, sin siquiera imaginar la incre\u00edble semana que tendr\u00edan por delante.<\/p>\n<p>Los equipos llegaron sin ninguna novedad el 12 de marzo. Uno de los equipos se dirigi\u00f3 a la ciudad de Pil\u00f3n y el otro a Niquero. Sorprendentemente, la totalidad de sus materiales de evangelizaci\u00f3n pudieron pasar r\u00e1pidamente a trav\u00e9s de los protocolos de aduana. Los oficiales ni \u00a0siquiera los abrieron, lo cual es algo no com\u00fan que ocurra en los viajes misioneros a Cuba. Los equipos estaban listos para enfocar toda su atenci\u00f3n y energ\u00eda a su labor.<\/p>\n<p>Lo primero que hizo cada equipo fue echar a andar sus proyectos de construcci\u00f3n y ofrecer servicios cl\u00ednicos gratuitos, dando a la vez a conocer a Jes\u00fas a centenares de personas. En Pil\u00f3n, Linda, quien era parte del equipo, inform\u00f3 que la asistencia al programa preparado para los ni\u00f1os se elev\u00f3 de 26 asistentes, la primera noche, a 54 la siguiente. En la primera cl\u00ednica, el equipo atendi\u00f3 a m\u00e1s de 200 personas en cuatro horas. En Niquero, se estuvo experimentando tambi\u00e9n cl\u00ednicas repletase y un excelente progreso en la construcci\u00f3n.<\/p>\n<p>Mientras tanto, en los Estados Unidos, el coronavirus estaba ya r\u00e1pidamente llenando las noticias mientras la seriedad de la situaci\u00f3n comenzaba a elevarse. En las oficinas de QHM, se elevaban oraciones en procura de sabidur\u00eda. \u00bfDeb\u00edan los equipos misioneros regresar a casa inmediatamente, o deb\u00edan continuar trabajando?<\/p>\n<p>El director Randy les escribi\u00f3 a los equipos: \u201cNos sentimos muy emocionados de escuchar la forma como Dios est\u00e1 bendiciendo nuestra obra en Cuba. No deseamos traerlos de regreso antes de tiempo si no tenemos que hacerlo\u201d. Los equipos se sintieron aliviados. Ellos deseaban continuar y oraban porque pudieran ser capaces de terminar lo que hab\u00edan comenzado.<\/p>\n<p>Al avanzar la semana, comenzaron a haber peque\u00f1os cambios. En algunos lugares se rumoraba que hab\u00edan sido enviados ciudadanos de los Estados Unidos a propagar el virus entre la poblaci\u00f3n y hab\u00eda advertencias de no acudir a las cl\u00ednicas. Pero la gente de todas maneras continuaba abarrotando las cl\u00ednicas y las reuniones nocturnas.<\/p>\n<p>Sin embargo, ya para el jueves 19 de marzo, la situaci\u00f3n se hab\u00eda vuelto m\u00e1s urgente\u00a0 y, cuando el Departamento de Estado de los Estados Unidos lanz\u00f3 una advertencia de viajes, Nivel 4, para sus ciudadanos estadounidenses, QHM entendi\u00f3 que era tiempo de traer de regreso a sus equipos unos cuantos d\u00edas antes de lo planificado.<\/p>\n<p>\u201cComo todos ya lo han escuchado\u201d, escribi\u00f3 Wes Peppers, \u201ces muy probable que tengamos que salir de regreso a casa tan pronto como ma\u00f1ana mismo\u201d. Si tienen planes de dejar alguna cosa para las iglesias del lugar, h\u00e1ganlo esta misma noche.<\/p>\n<p>En casa, el personal de la oficina de QHM hac\u00eda apresuradamente arreglos de \u00faltima hora para traer de regreso a casa y sin novedad, a todo el grupo. Los equipos tomar\u00edan un autob\u00fas para viajar 20 horas hasta el aeropuerto de la Habana y entonces volar\u00edan de regreso a los Estados Unidos. El equipo estaba preparado, pero con el coraz\u00f3n destrozado por tener que alejarse antes de haber concluido su misi\u00f3n.<\/p>\n<p>Sin embargo, la noche anterior a la partida de los equipos, todos fueron incre\u00edblemente bendecidos al presenciar bautismos como resultado de su labor, con algunos otros que seguir\u00edan celebr\u00e1ndose. Aunque las cifras finales todav\u00eda contin\u00faan llegando, este equipo sabe que fueron parte de algo extra especial.<\/p>\n<p>El domingo de noche, ya con cada miembro del equipo seguro en casa, Darryl Bentley dio a conocer al grupo lo siguiente:<\/p>\n<p>\u201cEl presidente de la Uni\u00f3n de Cuba dijo que estos dos equipos tuvieron un impacto mayor que el ejercido por cualquier otro equipo o grupo en su asociaci\u00f3n. Tomando en cuenta la elevada concurrencia a las cl\u00ednicas, las solicitudes para recibir estudios b\u00edblicos y la cosecha bautismal entre los que estaban listos para el bautismo, dijo que estaba realmente sobrecogido por la forma como el Se\u00f1or hab\u00eda obrado.<\/p>\n<p>\u201cEsto me afirma en mi convicci\u00f3n de que hicimos lo correcto al mantenernos en curso tanto como nos fue posible y que llevamos a cabo nuestra misi\u00f3n seg\u00fan el Se\u00f1or nos fue dirigiendo\u201d. El Pastor Bentley escribi\u00f3: \u201cCreo sinceramente que el tiempo oportuno para ir a ese pa\u00eds y la elecci\u00f3n del tiempo de sacar a cada uno de all\u00ed, fue justamente como el Se\u00f1or quer\u00eda que fuese\u201d. El enemigo trat\u00f3 de desviarnos de nuestro prop\u00f3sito, pero nuestros equipos se mantuvieron en curso y el Se\u00f1or nos fue guiando en todo\u201d.<\/p>\n<p>Dios ten\u00eda un plan perfectamente coordinado y sincronizado y lo utiliz\u00f3 en su totalidad para su gloria.<\/p>\n<p>Janice, quien form\u00f3 parte tambi\u00e9n del equipo, dijo lo siguiente: \u201c\u00a1Alabado sea Dios! Regresamos de Niquero, en donde fuimos imbuidos de amor y paz a trav\u00e9s de nuestras experiencias. Que la paz de la que gozamos quede con nosotros al regresar a los Estados Unidos durante este tiempo ca\u00f3tico\u201d.<\/p>\n<p><em>La versi\u00f3n original de esta historia se public\u00f3 en el bolet\u00edn de noticias de Adventist Laymen\u2019s Services and Industries (ASI), de <\/em><a href=\"http:\/\/files.asiministries.org\/newsletters\/2020\/april\/\"><em>Abril 2020<\/em><\/a><em>.<\/em><\/p>\n<p><em>Traducci\u00f3n \u2013 Gloria A. Castrej\u00f3n<\/em><\/p>\n<p>&nbsp;<\/p>\n","protected":false},"excerpt":{"rendered":"<p>4 de mayo de 2020 | Redlands, California, Estados Unidos\u00a0 | Por: Quiet Hour Ministries Dos equipos misioneros de Quiet Hour Ministries (QHM) estaban ya listos para prestar sus servicios&#8230;<\/p>\n","protected":false},"author":3,"featured_media":58267,"comment_status":"open","ping_status":"closed","sticky":false,"template":"","format":"standard","meta":{"_acf_changed":false,"footnotes":""},"categories":[14,15],"tags":[],"class_list":["post-58277","post","type-post","status-publish","format-standard","has-post-thumbnail","hentry","category-de-la-iglesia-mundial","category-rss-espanol"],"acf":[],"yoast_head":"<!-- This site is optimized with the Yoast SEO plugin v27.3 - https:\/\/yoast.com\/product\/yoast-seo-wordpress\/ -->\n<title>Perfecta sincronizaci\u00f3n de planes de Dios en Cuba - Iglesia Adventista del S\u00e9ptimo D\u00eda - Divisi\u00f3n Interamericana<\/title>\n<meta name=\"robots\" content=\"index, follow, max-snippet:-1, max-image-preview:large, max-video-preview:-1\" \/>\n<link rel=\"canonical\" href=\"https:\/\/interamerica.org\/es\/2020\/05\/perfecta-sincronizacion-de-planes-de-dios-en-cuba\/\" \/>\n<meta property=\"og:locale\" content=\"es_ES\" \/>\n<meta property=\"og:type\" content=\"article\" \/>\n<meta property=\"og:title\" content=\"Perfecta sincronizaci\u00f3n de planes de Dios en Cuba - Iglesia Adventista del S\u00e9ptimo D\u00eda - Divisi\u00f3n Interamericana\" \/>\n<meta property=\"og:description\" content=\"4 de mayo de 2020 | Redlands, California, Estados Unidos\u00a0 | Por: Quiet Hour Ministries Dos equipos misioneros de Quiet Hour Ministries (QHM) estaban ya listos para prestar sus servicios...\" \/>\n<meta property=\"og:url\" content=\"https:\/\/interamerica.org\/es\/2020\/05\/perfecta-sincronizacion-de-planes-de-dios-en-cuba\/\" \/>\n<meta property=\"og:site_name\" content=\"Iglesia Adventista del S\u00e9ptimo D\u00eda - Divisi\u00f3n Interamericana\" \/>\n<meta property=\"article:published_time\" content=\"2020-05-04T17:19:05+00:00\" \/>\n<meta property=\"article:modified_time\" content=\"2020-05-05T02:04:46+00:00\" \/>\n<meta property=\"og:image\" content=\"https:\/\/interamerica.org\/wp-content\/uploads\/2020\/05\/cuba-architecture-3335045-1920-1280.jpg\" \/>\n\t<meta property=\"og:image:width\" content=\"1280\" \/>\n\t<meta property=\"og:image:height\" content=\"800\" \/>\n\t<meta property=\"og:image:type\" content=\"image\/jpeg\" \/>\n<meta name=\"author\" content=\"libna\" \/>\n<meta name=\"twitter:card\" content=\"summary_large_image\" \/>\n<meta name=\"twitter:label1\" content=\"Escrito por\" \/>\n\t<meta name=\"twitter:data1\" content=\"libna\" \/>\n\t<meta name=\"twitter:label2\" content=\"Tiempo de lectura\" \/>\n\t<meta name=\"twitter:data2\" content=\"5 minutos\" \/>\n<script type=\"application\/ld+json\" class=\"yoast-schema-graph\">{\"@context\":\"https:\\\/\\\/schema.org\",\"@graph\":[{\"@type\":\"Article\",\"@id\":\"https:\\\/\\\/interamerica.org\\\/es\\\/2020\\\/05\\\/perfecta-sincronizacion-de-planes-de-dios-en-cuba\\\/#article\",\"isPartOf\":{\"@id\":\"https:\\\/\\\/interamerica.org\\\/es\\\/2020\\\/05\\\/perfecta-sincronizacion-de-planes-de-dios-en-cuba\\\/\"},\"author\":{\"name\":\"libna\",\"@id\":\"https:\\\/\\\/interamerica.org\\\/es\\\/#\\\/schema\\\/person\\\/29998f2bc2d8bd0d38662909289b54f1\"},\"headline\":\"Perfecta sincronizaci\u00f3n de planes de Dios en Cuba\",\"datePublished\":\"2020-05-04T17:19:05+00:00\",\"dateModified\":\"2020-05-05T02:04:46+00:00\",\"mainEntityOfPage\":{\"@id\":\"https:\\\/\\\/interamerica.org\\\/es\\\/2020\\\/05\\\/perfecta-sincronizacion-de-planes-de-dios-en-cuba\\\/\"},\"wordCount\":1081,\"commentCount\":0,\"image\":{\"@id\":\"https:\\\/\\\/interamerica.org\\\/es\\\/2020\\\/05\\\/perfecta-sincronizacion-de-planes-de-dios-en-cuba\\\/#primaryimage\"},\"thumbnailUrl\":\"https:\\\/\\\/interamerica.org\\\/wp-content\\\/uploads\\\/2020\\\/05\\\/cuba-architecture-3335045-1920-1280.jpg\",\"articleSection\":[\"Desde la iglesia mundial\",\"RSS Espa\u00f1ol\"],\"inLanguage\":\"es\",\"potentialAction\":[{\"@type\":\"CommentAction\",\"name\":\"Comment\",\"target\":[\"https:\\\/\\\/interamerica.org\\\/es\\\/2020\\\/05\\\/perfecta-sincronizacion-de-planes-de-dios-en-cuba\\\/#respond\"]}]},{\"@type\":\"WebPage\",\"@id\":\"https:\\\/\\\/interamerica.org\\\/es\\\/2020\\\/05\\\/perfecta-sincronizacion-de-planes-de-dios-en-cuba\\\/\",\"url\":\"https:\\\/\\\/interamerica.org\\\/es\\\/2020\\\/05\\\/perfecta-sincronizacion-de-planes-de-dios-en-cuba\\\/\",\"name\":\"Perfecta sincronizaci\u00f3n de planes de Dios en Cuba - Iglesia Adventista del S\u00e9ptimo D\u00eda - Divisi\u00f3n Interamericana\",\"isPartOf\":{\"@id\":\"https:\\\/\\\/interamerica.org\\\/es\\\/#website\"},\"primaryImageOfPage\":{\"@id\":\"https:\\\/\\\/interamerica.org\\\/es\\\/2020\\\/05\\\/perfecta-sincronizacion-de-planes-de-dios-en-cuba\\\/#primaryimage\"},\"image\":{\"@id\":\"https:\\\/\\\/interamerica.org\\\/es\\\/2020\\\/05\\\/perfecta-sincronizacion-de-planes-de-dios-en-cuba\\\/#primaryimage\"},\"thumbnailUrl\":\"https:\\\/\\\/interamerica.org\\\/wp-content\\\/uploads\\\/2020\\\/05\\\/cuba-architecture-3335045-1920-1280.jpg\",\"datePublished\":\"2020-05-04T17:19:05+00:00\",\"dateModified\":\"2020-05-05T02:04:46+00:00\",\"author\":{\"@id\":\"https:\\\/\\\/interamerica.org\\\/es\\\/#\\\/schema\\\/person\\\/29998f2bc2d8bd0d38662909289b54f1\"},\"breadcrumb\":{\"@id\":\"https:\\\/\\\/interamerica.org\\\/es\\\/2020\\\/05\\\/perfecta-sincronizacion-de-planes-de-dios-en-cuba\\\/#breadcrumb\"},\"inLanguage\":\"es\",\"potentialAction\":[{\"@type\":\"ReadAction\",\"target\":[\"https:\\\/\\\/interamerica.org\\\/es\\\/2020\\\/05\\\/perfecta-sincronizacion-de-planes-de-dios-en-cuba\\\/\"]}]},{\"@type\":\"ImageObject\",\"inLanguage\":\"es\",\"@id\":\"https:\\\/\\\/interamerica.org\\\/es\\\/2020\\\/05\\\/perfecta-sincronizacion-de-planes-de-dios-en-cuba\\\/#primaryimage\",\"url\":\"https:\\\/\\\/interamerica.org\\\/wp-content\\\/uploads\\\/2020\\\/05\\\/cuba-architecture-3335045-1920-1280.jpg\",\"contentUrl\":\"https:\\\/\\\/interamerica.org\\\/wp-content\\\/uploads\\\/2020\\\/05\\\/cuba-architecture-3335045-1920-1280.jpg\",\"width\":1280,\"height\":800,\"caption\":\"[Imagen: Pixabay]\"},{\"@type\":\"BreadcrumbList\",\"@id\":\"https:\\\/\\\/interamerica.org\\\/es\\\/2020\\\/05\\\/perfecta-sincronizacion-de-planes-de-dios-en-cuba\\\/#breadcrumb\",\"itemListElement\":[{\"@type\":\"ListItem\",\"position\":1,\"name\":\"Home\",\"item\":\"https:\\\/\\\/interamerica.org\\\/es\\\/\"},{\"@type\":\"ListItem\",\"position\":2,\"name\":\"Perfecta sincronizaci\u00f3n de planes de Dios en Cuba\"}]},{\"@type\":\"WebSite\",\"@id\":\"https:\\\/\\\/interamerica.org\\\/es\\\/#website\",\"url\":\"https:\\\/\\\/interamerica.org\\\/es\\\/\",\"name\":\"Iglesia Adventista del S\u00e9ptimo D\u00eda - Divisi\u00f3n Interamericana\",\"description\":\"\",\"potentialAction\":[{\"@type\":\"SearchAction\",\"target\":{\"@type\":\"EntryPoint\",\"urlTemplate\":\"https:\\\/\\\/interamerica.org\\\/es\\\/?s={search_term_string}\"},\"query-input\":{\"@type\":\"PropertyValueSpecification\",\"valueRequired\":true,\"valueName\":\"search_term_string\"}}],\"inLanguage\":\"es\"},{\"@type\":\"Person\",\"@id\":\"https:\\\/\\\/interamerica.org\\\/es\\\/#\\\/schema\\\/person\\\/29998f2bc2d8bd0d38662909289b54f1\",\"name\":\"libna\",\"image\":{\"@type\":\"ImageObject\",\"inLanguage\":\"es\",\"@id\":\"https:\\\/\\\/secure.gravatar.com\\\/avatar\\\/7c5bd30ae4b47a9ba3c856590957fd1d96dc588bf3ac05719d247e126840331f?s=96&d=mm&r=g\",\"url\":\"https:\\\/\\\/secure.gravatar.com\\\/avatar\\\/7c5bd30ae4b47a9ba3c856590957fd1d96dc588bf3ac05719d247e126840331f?s=96&d=mm&r=g\",\"contentUrl\":\"https:\\\/\\\/secure.gravatar.com\\\/avatar\\\/7c5bd30ae4b47a9ba3c856590957fd1d96dc588bf3ac05719d247e126840331f?s=96&d=mm&r=g\",\"caption\":\"libna\"}}]}<\/script>\n<!-- \/ Yoast SEO plugin. -->","yoast_head_json":{"title":"Perfecta sincronizaci\u00f3n de planes de Dios en Cuba - Iglesia Adventista del S\u00e9ptimo D\u00eda - Divisi\u00f3n Interamericana","robots":{"index":"index","follow":"follow","max-snippet":"max-snippet:-1","max-image-preview":"max-image-preview:large","max-video-preview":"max-video-preview:-1"},"canonical":"https:\/\/interamerica.org\/es\/2020\/05\/perfecta-sincronizacion-de-planes-de-dios-en-cuba\/","og_locale":"es_ES","og_type":"article","og_title":"Perfecta sincronizaci\u00f3n de planes de Dios en Cuba - Iglesia Adventista del S\u00e9ptimo D\u00eda - Divisi\u00f3n Interamericana","og_description":"4 de mayo de 2020 | Redlands, California, Estados Unidos\u00a0 | Por: Quiet Hour Ministries Dos equipos misioneros de Quiet Hour Ministries (QHM) estaban ya listos para prestar sus servicios...","og_url":"https:\/\/interamerica.org\/es\/2020\/05\/perfecta-sincronizacion-de-planes-de-dios-en-cuba\/","og_site_name":"Iglesia Adventista del S\u00e9ptimo D\u00eda - Divisi\u00f3n Interamericana","article_published_time":"2020-05-04T17:19:05+00:00","article_modified_time":"2020-05-05T02:04:46+00:00","og_image":[{"width":1280,"height":800,"url":"https:\/\/interamerica.org\/wp-content\/uploads\/2020\/05\/cuba-architecture-3335045-1920-1280.jpg","type":"image\/jpeg"}],"author":"libna","twitter_card":"summary_large_image","twitter_misc":{"Escrito por":"libna","Tiempo de lectura":"5 minutos"},"schema":{"@context":"https:\/\/schema.org","@graph":[{"@type":"Article","@id":"https:\/\/interamerica.org\/es\/2020\/05\/perfecta-sincronizacion-de-planes-de-dios-en-cuba\/#article","isPartOf":{"@id":"https:\/\/interamerica.org\/es\/2020\/05\/perfecta-sincronizacion-de-planes-de-dios-en-cuba\/"},"author":{"name":"libna","@id":"https:\/\/interamerica.org\/es\/#\/schema\/person\/29998f2bc2d8bd0d38662909289b54f1"},"headline":"Perfecta sincronizaci\u00f3n de planes de Dios en Cuba","datePublished":"2020-05-04T17:19:05+00:00","dateModified":"2020-05-05T02:04:46+00:00","mainEntityOfPage":{"@id":"https:\/\/interamerica.org\/es\/2020\/05\/perfecta-sincronizacion-de-planes-de-dios-en-cuba\/"},"wordCount":1081,"commentCount":0,"image":{"@id":"https:\/\/interamerica.org\/es\/2020\/05\/perfecta-sincronizacion-de-planes-de-dios-en-cuba\/#primaryimage"},"thumbnailUrl":"https:\/\/interamerica.org\/wp-content\/uploads\/2020\/05\/cuba-architecture-3335045-1920-1280.jpg","articleSection":["Desde la iglesia mundial","RSS Espa\u00f1ol"],"inLanguage":"es","potentialAction":[{"@type":"CommentAction","name":"Comment","target":["https:\/\/interamerica.org\/es\/2020\/05\/perfecta-sincronizacion-de-planes-de-dios-en-cuba\/#respond"]}]},{"@type":"WebPage","@id":"https:\/\/interamerica.org\/es\/2020\/05\/perfecta-sincronizacion-de-planes-de-dios-en-cuba\/","url":"https:\/\/interamerica.org\/es\/2020\/05\/perfecta-sincronizacion-de-planes-de-dios-en-cuba\/","name":"Perfecta sincronizaci\u00f3n de planes de Dios en Cuba - Iglesia Adventista del S\u00e9ptimo D\u00eda - Divisi\u00f3n Interamericana","isPartOf":{"@id":"https:\/\/interamerica.org\/es\/#website"},"primaryImageOfPage":{"@id":"https:\/\/interamerica.org\/es\/2020\/05\/perfecta-sincronizacion-de-planes-de-dios-en-cuba\/#primaryimage"},"image":{"@id":"https:\/\/interamerica.org\/es\/2020\/05\/perfecta-sincronizacion-de-planes-de-dios-en-cuba\/#primaryimage"},"thumbnailUrl":"https:\/\/interamerica.org\/wp-content\/uploads\/2020\/05\/cuba-architecture-3335045-1920-1280.jpg","datePublished":"2020-05-04T17:19:05+00:00","dateModified":"2020-05-05T02:04:46+00:00","author":{"@id":"https:\/\/interamerica.org\/es\/#\/schema\/person\/29998f2bc2d8bd0d38662909289b54f1"},"breadcrumb":{"@id":"https:\/\/interamerica.org\/es\/2020\/05\/perfecta-sincronizacion-de-planes-de-dios-en-cuba\/#breadcrumb"},"inLanguage":"es","potentialAction":[{"@type":"ReadAction","target":["https:\/\/interamerica.org\/es\/2020\/05\/perfecta-sincronizacion-de-planes-de-dios-en-cuba\/"]}]},{"@type":"ImageObject","inLanguage":"es","@id":"https:\/\/interamerica.org\/es\/2020\/05\/perfecta-sincronizacion-de-planes-de-dios-en-cuba\/#primaryimage","url":"https:\/\/interamerica.org\/wp-content\/uploads\/2020\/05\/cuba-architecture-3335045-1920-1280.jpg","contentUrl":"https:\/\/interamerica.org\/wp-content\/uploads\/2020\/05\/cuba-architecture-3335045-1920-1280.jpg","width":1280,"height":800,"caption":"[Imagen: Pixabay]"},{"@type":"BreadcrumbList","@id":"https:\/\/interamerica.org\/es\/2020\/05\/perfecta-sincronizacion-de-planes-de-dios-en-cuba\/#breadcrumb","itemListElement":[{"@type":"ListItem","position":1,"name":"Home","item":"https:\/\/interamerica.org\/es\/"},{"@type":"ListItem","position":2,"name":"Perfecta sincronizaci\u00f3n de planes de Dios en Cuba"}]},{"@type":"WebSite","@id":"https:\/\/interamerica.org\/es\/#website","url":"https:\/\/interamerica.org\/es\/","name":"Iglesia Adventista del S\u00e9ptimo D\u00eda - Divisi\u00f3n Interamericana","description":"","potentialAction":[{"@type":"SearchAction","target":{"@type":"EntryPoint","urlTemplate":"https:\/\/interamerica.org\/es\/?s={search_term_string}"},"query-input":{"@type":"PropertyValueSpecification","valueRequired":true,"valueName":"search_term_string"}}],"inLanguage":"es"},{"@type":"Person","@id":"https:\/\/interamerica.org\/es\/#\/schema\/person\/29998f2bc2d8bd0d38662909289b54f1","name":"libna","image":{"@type":"ImageObject","inLanguage":"es","@id":"https:\/\/secure.gravatar.com\/avatar\/7c5bd30ae4b47a9ba3c856590957fd1d96dc588bf3ac05719d247e126840331f?s=96&d=mm&r=g","url":"https:\/\/secure.gravatar.com\/avatar\/7c5bd30ae4b47a9ba3c856590957fd1d96dc588bf3ac05719d247e126840331f?s=96&d=mm&r=g","contentUrl":"https:\/\/secure.gravatar.com\/avatar\/7c5bd30ae4b47a9ba3c856590957fd1d96dc588bf3ac05719d247e126840331f?s=96&d=mm&r=g","caption":"libna"}}]}},"_links":{"self":[{"href":"https:\/\/interamerica.org\/es\/wp-json\/wp\/v2\/posts\/58277","targetHints":{"allow":["GET"]}}],"collection":[{"href":"https:\/\/interamerica.org\/es\/wp-json\/wp\/v2\/posts"}],"about":[{"href":"https:\/\/interamerica.org\/es\/wp-json\/wp\/v2\/types\/post"}],"author":[{"embeddable":true,"href":"https:\/\/interamerica.org\/es\/wp-json\/wp\/v2\/users\/3"}],"replies":[{"embeddable":true,"href":"https:\/\/interamerica.org\/es\/wp-json\/wp\/v2\/comments?post=58277"}],"version-history":[{"count":0,"href":"https:\/\/interamerica.org\/es\/wp-json\/wp\/v2\/posts\/58277\/revisions"}],"wp:featuredmedia":[{"embeddable":true,"href":"https:\/\/interamerica.org\/es\/wp-json\/wp\/v2\/media\/58267"}],"wp:attachment":[{"href":"https:\/\/interamerica.org\/es\/wp-json\/wp\/v2\/media?parent=58277"}],"wp:term":[{"taxonomy":"category","embeddable":true,"href":"https:\/\/interamerica.org\/es\/wp-json\/wp\/v2\/categories?post=58277"},{"taxonomy":"post_tag","embeddable":true,"href":"https:\/\/interamerica.org\/es\/wp-json\/wp\/v2\/tags?post=58277"}],"curies":[{"name":"wp","href":"https:\/\/api.w.org\/{rel}","templated":true}]}}