{"id":58334,"date":"2020-05-05T20:50:40","date_gmt":"2020-05-06T00:50:40","guid":{"rendered":"https:\/\/recursing-golick.147-182-135-0.plesk.page\/?p=58334"},"modified":"2020-05-06T13:35:21","modified_gmt":"2020-05-06T17:35:21","slug":"apoya-hoy-a-un-familiar-o-vecino-enlutado","status":"publish","type":"post","link":"https:\/\/interamerica.org\/es\/2020\/05\/apoya-hoy-a-un-familiar-o-vecino-enlutado\/","title":{"rendered":"Apoya hoy a un familiar o vecino enlutado"},"content":{"rendered":"<p>5 de mayo de 2020 | Silver Spring, Maryland, Estados Unidos | Por Karen Nicola<\/p>\n<p>Est\u00e1 bien, voy a admitirlo. Soy una persona que gusta de arreglar las cosas. Y ahora pueden deducir que, mi primer instinto al ver una situaci\u00f3n, es pensar en muchas diferentes maneras de mejorarla, o de resolverla si es posible.<\/p>\n<p>Pero hoy, al observar a personas que deben sepultar a sus seres queridos fallecidos en medio de las restricciones para reunirse, impuestas por el COVID-19, me siento atada. Me perturba que cuando m\u00e1s necesitamos abundancia de contacto humano, es cuando eso debe considerarse arriesgado y peligroso. Solamente se permiten las reuniones con un m\u00e1ximo de diez asistentes. Los funerales, servicios f\u00fanebres en el cementerio y servicios en memoria de la persona fallecida son esenciales. Pero nos encontramos ahora ajust\u00e1ndonos a nuevas reglas durante el per\u00edodo de luto, adem\u00e1s de todo lo dem\u00e1s que ya ha cambiado en la vida de los enlutados. \u00bfC\u00f3mo podemos resolver este problema?<\/p>\n<p><strong>Posibles soluciones<\/strong><\/p>\n<p>La soluci\u00f3n m\u00e1s obvia es esperar hasta celebrar un servicio en memoria de la persona fallecida, hasta que sea permitido de nuevo el volverse a reunir, Para muchas personas, esta soluci\u00f3n puede ser factible.<\/p>\n<p>Pero, \u00bfqu\u00e9 hacer respecto a los familiares m\u00e1s cercanos del difunto? Pienso en ellos. Ellos tienen que retrasar esa importante reuni\u00f3n de apoyo. Experimentan el aislamiento en su m\u00e1s cruda soledad. Parte de la raz\u00f3n para reunirse a honrar a los muertos es apoyar a sus deudos. Los enlutados tienen mi coraz\u00f3n durante esta \u00e9poca de distanciamiento f\u00edsico y t\u00fa, quien puede confortarlos, tienes el enfoque de mi atenci\u00f3n.<\/p>\n<p>Si las familias eligen no aplazar un servicio f\u00fanebre, las funerarias est\u00e1n haciendo lo mejor que pueden para acomodar a grupos de 10 personas a la vez y para ofrecer servicios f\u00fanebres en l\u00ednea. Por ahora, esto puede proveer una forma de honrar a la persona fallecida, pero puede tambi\u00e9n proveer el apoyo que necesitan los dolientes. As\u00ed que, mi querido amigo sol\u00edcito, es ahora cuando se te necesita m\u00e1s que nunca.<\/p>\n<p><strong>Cinco maneras de apoyar a las personas enlutadas<\/strong><\/p>\n<p>Las siguientes son cinco ideas no muy complicadas que podr\u00edan marcar una diferencia en un vecino, amigo o familiar cercano enlutado. Los dolientes necesitan tu apoyo. Aun una sola de estas cinco ideas puede hacer una gran diferencia en un doliente quebrantado y aislado.<\/p>\n<ol>\n<li><strong>Haz arreglos para entregar comidas reci\u00e9n preparadas todos los d\u00edas.<\/strong>Provee lo suficiente solamente para un d\u00eda; no enormes asados, sino solamente lo suficiente para ese d\u00eda. Incluye ocasionalmente una bolsa de provisiones frescas, tales como una barra de pan, leche, cereal, y fruta fresca. Toma en cuenta tambi\u00e9n las necesidades diet\u00e9ticas,<\/li>\n<li><strong>Forma una lista de personas que llame por tel\u00e9fono durante la semana. <\/strong>Por ejemplo, haz una lista de siete personas que puedan llamar una a la vez cada d\u00eda de la semana. De esta manera, la persona enlutada puede recibir una llamada cada d\u00eda. Contin\u00faa haci\u00e9ndolo mientras el doliente pueda seguir obteniendo beneficio de eso.<\/li>\n<li><strong>Invita a amigos de fuera de la zona a enviar tarjetas, notas o cartas durante varios meses. <\/strong><strong>Las tarjetas hechas a manos por ni\u00f1os en el vecindario demuestran gran solicitud. <\/strong><\/li>\n<li><strong>Haz arreglos para que vecinos y amigos hagan visitas muy breves desde fuera de la casa<\/strong>, manteniendo siempre la apropiada distancia f\u00edsica.<\/li>\n<li><strong>Programa la intervenci\u00f3n de unas cuantas personas de tu iglesia o de la comunidad religiosa de los deudos para que llamen, lean de la Biblia y oren con la persona enlutada, cada noche, antes de ir a la cama. <\/strong>(Recuerda que los tiempos de dolor y de luto no son los mejores para dar a conocer doctrina; m\u00e1s bien, comparte con ellos la seguridad de la gracia de Dios que los consuele a trav\u00e9s de su dolor.<\/li>\n<\/ol>\n<p>Al hacer cada uno nuestra parte, podemos apoyar a nuestros amigos, vecinos y miembros de la familia, especialmente durante tiempos de aislamiento forzoso. Hoy es el tiempo de estar a la altura de la ocasi\u00f3n dando lo mejor de nosotros mismos por el bien de aquellos quebrantados de coraz\u00f3n.<\/p>\n<p><strong>Karen Nicola<\/strong>\u00a0es educadora y consejera en asuntos de duelo y aflicci\u00f3n. Puedes enterarte de lo que comparte en Facebook, en <a href=\"http:\/\/www.facebook.com\/comfortfortheday\/\">www.facebook.com\/comfortfortheday\/<\/a>.<\/p>\n<p>Traducci\u00f3n \u2013 Gloria A. Castrej\u00f3n<\/p>\n<p>&nbsp;<\/p>\n","protected":false},"excerpt":{"rendered":"<p>5 de mayo de 2020 | Silver Spring, Maryland, Estados Unidos | Por Karen Nicola Est\u00e1 bien, voy a admitirlo. Soy una persona que gusta de arreglar las cosas. Y&#8230;<\/p>\n","protected":false},"author":3,"featured_media":58304,"comment_status":"open","ping_status":"closed","sticky":false,"template":"","format":"standard","meta":{"_acf_changed":false,"footnotes":""},"categories":[14,15],"tags":[],"class_list":["post-58334","post","type-post","status-publish","format-standard","has-post-thumbnail","hentry","category-de-la-iglesia-mundial","category-rss-espanol"],"acf":[],"yoast_head":"<!-- This site is optimized with the Yoast SEO plugin v27.3 - https:\/\/yoast.com\/product\/yoast-seo-wordpress\/ -->\n<title>Apoya hoy a un familiar o vecino enlutado - Iglesia Adventista del S\u00e9ptimo D\u00eda - Divisi\u00f3n Interamericana<\/title>\n<meta name=\"robots\" content=\"index, follow, max-snippet:-1, max-image-preview:large, max-video-preview:-1\" \/>\n<link rel=\"canonical\" href=\"https:\/\/interamerica.org\/es\/2020\/05\/apoya-hoy-a-un-familiar-o-vecino-enlutado\/\" \/>\n<meta property=\"og:locale\" content=\"es_ES\" \/>\n<meta property=\"og:type\" content=\"article\" \/>\n<meta property=\"og:title\" content=\"Apoya hoy a un familiar o vecino enlutado - Iglesia Adventista del S\u00e9ptimo D\u00eda - Divisi\u00f3n Interamericana\" \/>\n<meta property=\"og:description\" content=\"5 de mayo de 2020 | Silver Spring, Maryland, Estados Unidos | Por Karen Nicola Est\u00e1 bien, voy a admitirlo. Soy una persona que gusta de arreglar las cosas. Y...\" \/>\n<meta property=\"og:url\" content=\"https:\/\/interamerica.org\/es\/2020\/05\/apoya-hoy-a-un-familiar-o-vecino-enlutado\/\" \/>\n<meta property=\"og:site_name\" content=\"Iglesia Adventista del S\u00e9ptimo D\u00eda - Divisi\u00f3n Interamericana\" \/>\n<meta property=\"article:published_time\" content=\"2020-05-06T00:50:40+00:00\" \/>\n<meta property=\"article:modified_time\" content=\"2020-05-06T17:35:21+00:00\" \/>\n<meta property=\"og:image\" content=\"https:\/\/interamerica.org\/wp-content\/uploads\/2020\/05\/sad-eric-ward-akt1bnnummk-unsplash.jpg\" \/>\n\t<meta property=\"og:image:width\" content=\"1280\" \/>\n\t<meta property=\"og:image:height\" content=\"800\" \/>\n\t<meta property=\"og:image:type\" content=\"image\/jpeg\" \/>\n<meta name=\"author\" content=\"libna\" \/>\n<meta name=\"twitter:card\" content=\"summary_large_image\" \/>\n<meta name=\"twitter:label1\" content=\"Escrito por\" \/>\n\t<meta name=\"twitter:data1\" content=\"libna\" \/>\n\t<meta name=\"twitter:label2\" content=\"Tiempo de lectura\" \/>\n\t<meta name=\"twitter:data2\" content=\"4 minutos\" \/>\n<script type=\"application\/ld+json\" class=\"yoast-schema-graph\">{\"@context\":\"https:\\\/\\\/schema.org\",\"@graph\":[{\"@type\":\"Article\",\"@id\":\"https:\\\/\\\/interamerica.org\\\/es\\\/2020\\\/05\\\/apoya-hoy-a-un-familiar-o-vecino-enlutado\\\/#article\",\"isPartOf\":{\"@id\":\"https:\\\/\\\/interamerica.org\\\/es\\\/2020\\\/05\\\/apoya-hoy-a-un-familiar-o-vecino-enlutado\\\/\"},\"author\":{\"name\":\"libna\",\"@id\":\"https:\\\/\\\/interamerica.org\\\/es\\\/#\\\/schema\\\/person\\\/29998f2bc2d8bd0d38662909289b54f1\"},\"headline\":\"Apoya hoy a un familiar o vecino enlutado\",\"datePublished\":\"2020-05-06T00:50:40+00:00\",\"dateModified\":\"2020-05-06T17:35:21+00:00\",\"mainEntityOfPage\":{\"@id\":\"https:\\\/\\\/interamerica.org\\\/es\\\/2020\\\/05\\\/apoya-hoy-a-un-familiar-o-vecino-enlutado\\\/\"},\"wordCount\":757,\"commentCount\":0,\"image\":{\"@id\":\"https:\\\/\\\/interamerica.org\\\/es\\\/2020\\\/05\\\/apoya-hoy-a-un-familiar-o-vecino-enlutado\\\/#primaryimage\"},\"thumbnailUrl\":\"https:\\\/\\\/interamerica.org\\\/wp-content\\\/uploads\\\/2020\\\/05\\\/sad-eric-ward-akt1bnnummk-unsplash.jpg\",\"articleSection\":[\"Desde la iglesia mundial\",\"RSS Espa\u00f1ol\"],\"inLanguage\":\"es\",\"potentialAction\":[{\"@type\":\"CommentAction\",\"name\":\"Comment\",\"target\":[\"https:\\\/\\\/interamerica.org\\\/es\\\/2020\\\/05\\\/apoya-hoy-a-un-familiar-o-vecino-enlutado\\\/#respond\"]}]},{\"@type\":\"WebPage\",\"@id\":\"https:\\\/\\\/interamerica.org\\\/es\\\/2020\\\/05\\\/apoya-hoy-a-un-familiar-o-vecino-enlutado\\\/\",\"url\":\"https:\\\/\\\/interamerica.org\\\/es\\\/2020\\\/05\\\/apoya-hoy-a-un-familiar-o-vecino-enlutado\\\/\",\"name\":\"Apoya hoy a un familiar o vecino enlutado - Iglesia Adventista del S\u00e9ptimo D\u00eda - Divisi\u00f3n Interamericana\",\"isPartOf\":{\"@id\":\"https:\\\/\\\/interamerica.org\\\/es\\\/#website\"},\"primaryImageOfPage\":{\"@id\":\"https:\\\/\\\/interamerica.org\\\/es\\\/2020\\\/05\\\/apoya-hoy-a-un-familiar-o-vecino-enlutado\\\/#primaryimage\"},\"image\":{\"@id\":\"https:\\\/\\\/interamerica.org\\\/es\\\/2020\\\/05\\\/apoya-hoy-a-un-familiar-o-vecino-enlutado\\\/#primaryimage\"},\"thumbnailUrl\":\"https:\\\/\\\/interamerica.org\\\/wp-content\\\/uploads\\\/2020\\\/05\\\/sad-eric-ward-akt1bnnummk-unsplash.jpg\",\"datePublished\":\"2020-05-06T00:50:40+00:00\",\"dateModified\":\"2020-05-06T17:35:21+00:00\",\"author\":{\"@id\":\"https:\\\/\\\/interamerica.org\\\/es\\\/#\\\/schema\\\/person\\\/29998f2bc2d8bd0d38662909289b54f1\"},\"breadcrumb\":{\"@id\":\"https:\\\/\\\/interamerica.org\\\/es\\\/2020\\\/05\\\/apoya-hoy-a-un-familiar-o-vecino-enlutado\\\/#breadcrumb\"},\"inLanguage\":\"es\",\"potentialAction\":[{\"@type\":\"ReadAction\",\"target\":[\"https:\\\/\\\/interamerica.org\\\/es\\\/2020\\\/05\\\/apoya-hoy-a-un-familiar-o-vecino-enlutado\\\/\"]}]},{\"@type\":\"ImageObject\",\"inLanguage\":\"es\",\"@id\":\"https:\\\/\\\/interamerica.org\\\/es\\\/2020\\\/05\\\/apoya-hoy-a-un-familiar-o-vecino-enlutado\\\/#primaryimage\",\"url\":\"https:\\\/\\\/interamerica.org\\\/wp-content\\\/uploads\\\/2020\\\/05\\\/sad-eric-ward-akt1bnnummk-unsplash.jpg\",\"contentUrl\":\"https:\\\/\\\/interamerica.org\\\/wp-content\\\/uploads\\\/2020\\\/05\\\/sad-eric-ward-akt1bnnummk-unsplash.jpg\",\"width\":1280,\"height\":800,\"caption\":\"[Imagen: Eric Ward\\\/Unsplash]\"},{\"@type\":\"BreadcrumbList\",\"@id\":\"https:\\\/\\\/interamerica.org\\\/es\\\/2020\\\/05\\\/apoya-hoy-a-un-familiar-o-vecino-enlutado\\\/#breadcrumb\",\"itemListElement\":[{\"@type\":\"ListItem\",\"position\":1,\"name\":\"Home\",\"item\":\"https:\\\/\\\/interamerica.org\\\/es\\\/\"},{\"@type\":\"ListItem\",\"position\":2,\"name\":\"Apoya hoy a un familiar o vecino enlutado\"}]},{\"@type\":\"WebSite\",\"@id\":\"https:\\\/\\\/interamerica.org\\\/es\\\/#website\",\"url\":\"https:\\\/\\\/interamerica.org\\\/es\\\/\",\"name\":\"Iglesia Adventista del S\u00e9ptimo D\u00eda - Divisi\u00f3n Interamericana\",\"description\":\"\",\"potentialAction\":[{\"@type\":\"SearchAction\",\"target\":{\"@type\":\"EntryPoint\",\"urlTemplate\":\"https:\\\/\\\/interamerica.org\\\/es\\\/?s={search_term_string}\"},\"query-input\":{\"@type\":\"PropertyValueSpecification\",\"valueRequired\":true,\"valueName\":\"search_term_string\"}}],\"inLanguage\":\"es\"},{\"@type\":\"Person\",\"@id\":\"https:\\\/\\\/interamerica.org\\\/es\\\/#\\\/schema\\\/person\\\/29998f2bc2d8bd0d38662909289b54f1\",\"name\":\"libna\",\"image\":{\"@type\":\"ImageObject\",\"inLanguage\":\"es\",\"@id\":\"https:\\\/\\\/secure.gravatar.com\\\/avatar\\\/7c5bd30ae4b47a9ba3c856590957fd1d96dc588bf3ac05719d247e126840331f?s=96&d=mm&r=g\",\"url\":\"https:\\\/\\\/secure.gravatar.com\\\/avatar\\\/7c5bd30ae4b47a9ba3c856590957fd1d96dc588bf3ac05719d247e126840331f?s=96&d=mm&r=g\",\"contentUrl\":\"https:\\\/\\\/secure.gravatar.com\\\/avatar\\\/7c5bd30ae4b47a9ba3c856590957fd1d96dc588bf3ac05719d247e126840331f?s=96&d=mm&r=g\",\"caption\":\"libna\"}}]}<\/script>\n<!-- \/ Yoast SEO plugin. -->","yoast_head_json":{"title":"Apoya hoy a un familiar o vecino enlutado - Iglesia Adventista del S\u00e9ptimo D\u00eda - Divisi\u00f3n Interamericana","robots":{"index":"index","follow":"follow","max-snippet":"max-snippet:-1","max-image-preview":"max-image-preview:large","max-video-preview":"max-video-preview:-1"},"canonical":"https:\/\/interamerica.org\/es\/2020\/05\/apoya-hoy-a-un-familiar-o-vecino-enlutado\/","og_locale":"es_ES","og_type":"article","og_title":"Apoya hoy a un familiar o vecino enlutado - Iglesia Adventista del S\u00e9ptimo D\u00eda - Divisi\u00f3n Interamericana","og_description":"5 de mayo de 2020 | Silver Spring, Maryland, Estados Unidos | Por Karen Nicola Est\u00e1 bien, voy a admitirlo. Soy una persona que gusta de arreglar las cosas. Y...","og_url":"https:\/\/interamerica.org\/es\/2020\/05\/apoya-hoy-a-un-familiar-o-vecino-enlutado\/","og_site_name":"Iglesia Adventista del S\u00e9ptimo D\u00eda - Divisi\u00f3n Interamericana","article_published_time":"2020-05-06T00:50:40+00:00","article_modified_time":"2020-05-06T17:35:21+00:00","og_image":[{"width":1280,"height":800,"url":"https:\/\/interamerica.org\/wp-content\/uploads\/2020\/05\/sad-eric-ward-akt1bnnummk-unsplash.jpg","type":"image\/jpeg"}],"author":"libna","twitter_card":"summary_large_image","twitter_misc":{"Escrito por":"libna","Tiempo de lectura":"4 minutos"},"schema":{"@context":"https:\/\/schema.org","@graph":[{"@type":"Article","@id":"https:\/\/interamerica.org\/es\/2020\/05\/apoya-hoy-a-un-familiar-o-vecino-enlutado\/#article","isPartOf":{"@id":"https:\/\/interamerica.org\/es\/2020\/05\/apoya-hoy-a-un-familiar-o-vecino-enlutado\/"},"author":{"name":"libna","@id":"https:\/\/interamerica.org\/es\/#\/schema\/person\/29998f2bc2d8bd0d38662909289b54f1"},"headline":"Apoya hoy a un familiar o vecino enlutado","datePublished":"2020-05-06T00:50:40+00:00","dateModified":"2020-05-06T17:35:21+00:00","mainEntityOfPage":{"@id":"https:\/\/interamerica.org\/es\/2020\/05\/apoya-hoy-a-un-familiar-o-vecino-enlutado\/"},"wordCount":757,"commentCount":0,"image":{"@id":"https:\/\/interamerica.org\/es\/2020\/05\/apoya-hoy-a-un-familiar-o-vecino-enlutado\/#primaryimage"},"thumbnailUrl":"https:\/\/interamerica.org\/wp-content\/uploads\/2020\/05\/sad-eric-ward-akt1bnnummk-unsplash.jpg","articleSection":["Desde la iglesia mundial","RSS Espa\u00f1ol"],"inLanguage":"es","potentialAction":[{"@type":"CommentAction","name":"Comment","target":["https:\/\/interamerica.org\/es\/2020\/05\/apoya-hoy-a-un-familiar-o-vecino-enlutado\/#respond"]}]},{"@type":"WebPage","@id":"https:\/\/interamerica.org\/es\/2020\/05\/apoya-hoy-a-un-familiar-o-vecino-enlutado\/","url":"https:\/\/interamerica.org\/es\/2020\/05\/apoya-hoy-a-un-familiar-o-vecino-enlutado\/","name":"Apoya hoy a un familiar o vecino enlutado - Iglesia Adventista del S\u00e9ptimo D\u00eda - Divisi\u00f3n Interamericana","isPartOf":{"@id":"https:\/\/interamerica.org\/es\/#website"},"primaryImageOfPage":{"@id":"https:\/\/interamerica.org\/es\/2020\/05\/apoya-hoy-a-un-familiar-o-vecino-enlutado\/#primaryimage"},"image":{"@id":"https:\/\/interamerica.org\/es\/2020\/05\/apoya-hoy-a-un-familiar-o-vecino-enlutado\/#primaryimage"},"thumbnailUrl":"https:\/\/interamerica.org\/wp-content\/uploads\/2020\/05\/sad-eric-ward-akt1bnnummk-unsplash.jpg","datePublished":"2020-05-06T00:50:40+00:00","dateModified":"2020-05-06T17:35:21+00:00","author":{"@id":"https:\/\/interamerica.org\/es\/#\/schema\/person\/29998f2bc2d8bd0d38662909289b54f1"},"breadcrumb":{"@id":"https:\/\/interamerica.org\/es\/2020\/05\/apoya-hoy-a-un-familiar-o-vecino-enlutado\/#breadcrumb"},"inLanguage":"es","potentialAction":[{"@type":"ReadAction","target":["https:\/\/interamerica.org\/es\/2020\/05\/apoya-hoy-a-un-familiar-o-vecino-enlutado\/"]}]},{"@type":"ImageObject","inLanguage":"es","@id":"https:\/\/interamerica.org\/es\/2020\/05\/apoya-hoy-a-un-familiar-o-vecino-enlutado\/#primaryimage","url":"https:\/\/interamerica.org\/wp-content\/uploads\/2020\/05\/sad-eric-ward-akt1bnnummk-unsplash.jpg","contentUrl":"https:\/\/interamerica.org\/wp-content\/uploads\/2020\/05\/sad-eric-ward-akt1bnnummk-unsplash.jpg","width":1280,"height":800,"caption":"[Imagen: Eric Ward\/Unsplash]"},{"@type":"BreadcrumbList","@id":"https:\/\/interamerica.org\/es\/2020\/05\/apoya-hoy-a-un-familiar-o-vecino-enlutado\/#breadcrumb","itemListElement":[{"@type":"ListItem","position":1,"name":"Home","item":"https:\/\/interamerica.org\/es\/"},{"@type":"ListItem","position":2,"name":"Apoya hoy a un familiar o vecino enlutado"}]},{"@type":"WebSite","@id":"https:\/\/interamerica.org\/es\/#website","url":"https:\/\/interamerica.org\/es\/","name":"Iglesia Adventista del S\u00e9ptimo D\u00eda - Divisi\u00f3n Interamericana","description":"","potentialAction":[{"@type":"SearchAction","target":{"@type":"EntryPoint","urlTemplate":"https:\/\/interamerica.org\/es\/?s={search_term_string}"},"query-input":{"@type":"PropertyValueSpecification","valueRequired":true,"valueName":"search_term_string"}}],"inLanguage":"es"},{"@type":"Person","@id":"https:\/\/interamerica.org\/es\/#\/schema\/person\/29998f2bc2d8bd0d38662909289b54f1","name":"libna","image":{"@type":"ImageObject","inLanguage":"es","@id":"https:\/\/secure.gravatar.com\/avatar\/7c5bd30ae4b47a9ba3c856590957fd1d96dc588bf3ac05719d247e126840331f?s=96&d=mm&r=g","url":"https:\/\/secure.gravatar.com\/avatar\/7c5bd30ae4b47a9ba3c856590957fd1d96dc588bf3ac05719d247e126840331f?s=96&d=mm&r=g","contentUrl":"https:\/\/secure.gravatar.com\/avatar\/7c5bd30ae4b47a9ba3c856590957fd1d96dc588bf3ac05719d247e126840331f?s=96&d=mm&r=g","caption":"libna"}}]}},"_links":{"self":[{"href":"https:\/\/interamerica.org\/es\/wp-json\/wp\/v2\/posts\/58334","targetHints":{"allow":["GET"]}}],"collection":[{"href":"https:\/\/interamerica.org\/es\/wp-json\/wp\/v2\/posts"}],"about":[{"href":"https:\/\/interamerica.org\/es\/wp-json\/wp\/v2\/types\/post"}],"author":[{"embeddable":true,"href":"https:\/\/interamerica.org\/es\/wp-json\/wp\/v2\/users\/3"}],"replies":[{"embeddable":true,"href":"https:\/\/interamerica.org\/es\/wp-json\/wp\/v2\/comments?post=58334"}],"version-history":[{"count":0,"href":"https:\/\/interamerica.org\/es\/wp-json\/wp\/v2\/posts\/58334\/revisions"}],"wp:featuredmedia":[{"embeddable":true,"href":"https:\/\/interamerica.org\/es\/wp-json\/wp\/v2\/media\/58304"}],"wp:attachment":[{"href":"https:\/\/interamerica.org\/es\/wp-json\/wp\/v2\/media?parent=58334"}],"wp:term":[{"taxonomy":"category","embeddable":true,"href":"https:\/\/interamerica.org\/es\/wp-json\/wp\/v2\/categories?post=58334"},{"taxonomy":"post_tag","embeddable":true,"href":"https:\/\/interamerica.org\/es\/wp-json\/wp\/v2\/tags?post=58334"}],"curies":[{"name":"wp","href":"https:\/\/api.w.org\/{rel}","templated":true}]}}