{"id":58344,"date":"2020-05-06T09:40:08","date_gmt":"2020-05-06T13:40:08","guid":{"rendered":"https:\/\/recursing-golick.147-182-135-0.plesk.page\/?p=58344"},"modified":"2020-05-06T12:37:24","modified_gmt":"2020-05-06T16:37:24","slug":"en-interamerica-los-lideres-de-la-iglesia-llevaran-a-cabo-programa-sabatico-especial-de-adoracion-en-linea","status":"publish","type":"post","link":"https:\/\/interamerica.org\/es\/2020\/05\/en-interamerica-los-lideres-de-la-iglesia-llevaran-a-cabo-programa-sabatico-especial-de-adoracion-en-linea\/","title":{"rendered":"En Interam\u00e9rica, los l\u00edderes de la iglesia llevar\u00e1n a cabo programa sab\u00e1tico especial de adoraci\u00f3n en l\u00ednea"},"content":{"rendered":"<p>6 de mayo de 2020 | Miami, Florida, Estados Unidos | Libna Stevens, Noticias de la Divisi\u00f3n Interamericana<\/p>\n<p>La Iglesia Adventista del S\u00e9ptimo D\u00eda en Interam\u00e9rica llevar\u00e1 a cabo un evento de u na hora para todo el territorio de la iglesia el s\u00e1bado 16 de mayo de 2020. El programa incluir\u00e1 un saludo especial el pastor Ted N.C. Wilson, presidente de la Iglesia Adventista, y una reflexi\u00f3n b\u00edblica a cargo del pastor Elie Henry, presidente de la Iglesia Adventista en Interam\u00e9rica. Se ha planificado la transmisi\u00f3n en vivo por Internet desde las 11:00 a las 12:00 del mediod\u00eda, hora de Miami.<\/p>\n<p>\u201cHemos estado siguiendo con inter\u00e9s las diversas iniciativas que est\u00e1n siendo implementadas cada s\u00e1bado en el territorio para asistir a la feligres\u00eda por medio de transmisiones en l\u00ednea, y quer\u00edamos reunirnos para adorar y orar juntos durante una hora\u201d, dijo el pastor Henry.<\/p>\n<p>Muchos de los cultos de adoraci\u00f3n sab\u00e1ticos en las 24 uniones, o principales regiones de la iglesia, han estado transmiti\u00e9ndose semanalmente en coordinaci\u00f3n con los distritos de las iglesias locales, asociaciones o misiones, y por cada uni\u00f3n, o mediante una combinaci\u00f3n de las tres, dijo el pastor Henry. El programa de adoraci\u00f3n sab\u00e1tica de una hora de duraci\u00f3n con los l\u00edderes de la Divisi\u00f3n Interamericana es lo suficientemente breve para permitir que los programas regionales sigan adelante con sus propios cultos en l\u00ednea sin alterar sus cronogramas, explic\u00f3.<\/p>\n<p>Para ver el mensaje espiritual del programa de una hora el s\u00e1bado 16 de mayo de 2020 de 11:00 a 12:00 de la ma\u00f1ana (Hora de Miami), visite <a href=\"http:\/\/webcast.interamerica.org\">webcast.interamerica.org<\/a><\/p>\n<p>Traducci\u00f3n de Marcos Paseggi<\/p>\n","protected":false},"excerpt":{"rendered":"<p>6 de mayo de 2020 | Miami, Florida, Estados Unidos | Libna Stevens, Noticias de la Divisi\u00f3n Interamericana La Iglesia Adventista del S\u00e9ptimo D\u00eda en Interam\u00e9rica llevar\u00e1 a cabo un&#8230;<\/p>\n","protected":false},"author":3,"featured_media":58312,"comment_status":"open","ping_status":"closed","sticky":false,"template":"","format":"standard","meta":{"_acf_changed":false,"footnotes":""},"categories":[16,15],"tags":[],"class_list":["post-58344","post","type-post","status-publish","format-standard","has-post-thumbnail","hentry","category-desde-la-sede","category-rss-espanol"],"acf":[],"yoast_head":"<!-- This site is optimized with the Yoast SEO plugin v27.3 - https:\/\/yoast.com\/product\/yoast-seo-wordpress\/ -->\n<title>En Interam\u00e9rica, los l\u00edderes de la iglesia llevar\u00e1n a cabo programa sab\u00e1tico especial de adoraci\u00f3n en l\u00ednea - Iglesia Adventista del S\u00e9ptimo D\u00eda - Divisi\u00f3n Interamericana<\/title>\n<meta name=\"robots\" content=\"index, follow, max-snippet:-1, max-image-preview:large, max-video-preview:-1\" \/>\n<link rel=\"canonical\" href=\"https:\/\/interamerica.org\/es\/2020\/05\/en-interamerica-los-lideres-de-la-iglesia-llevaran-a-cabo-programa-sabatico-especial-de-adoracion-en-linea\/\" \/>\n<meta property=\"og:locale\" content=\"es_ES\" \/>\n<meta property=\"og:type\" content=\"article\" \/>\n<meta property=\"og:title\" content=\"En Interam\u00e9rica, los l\u00edderes de la iglesia llevar\u00e1n a cabo programa sab\u00e1tico especial de adoraci\u00f3n en l\u00ednea - Iglesia Adventista del S\u00e9ptimo D\u00eda - Divisi\u00f3n Interamericana\" \/>\n<meta property=\"og:description\" content=\"6 de mayo de 2020 | Miami, Florida, Estados Unidos | Libna Stevens, Noticias de la Divisi\u00f3n Interamericana La Iglesia Adventista del S\u00e9ptimo D\u00eda en Interam\u00e9rica llevar\u00e1 a cabo un...\" \/>\n<meta property=\"og:url\" content=\"https:\/\/interamerica.org\/es\/2020\/05\/en-interamerica-los-lideres-de-la-iglesia-llevaran-a-cabo-programa-sabatico-especial-de-adoracion-en-linea\/\" \/>\n<meta property=\"og:site_name\" content=\"Iglesia Adventista del S\u00e9ptimo D\u00eda - Divisi\u00f3n Interamericana\" \/>\n<meta property=\"article:published_time\" content=\"2020-05-06T13:40:08+00:00\" \/>\n<meta property=\"article:modified_time\" content=\"2020-05-06T16:37:24+00:00\" \/>\n<meta property=\"og:image\" content=\"https:\/\/interamerica.org\/wp-content\/uploads\/2020\/05\/culto-interamerica.jpg\" \/>\n\t<meta property=\"og:image:width\" content=\"1280\" \/>\n\t<meta property=\"og:image:height\" content=\"800\" \/>\n\t<meta property=\"og:image:type\" content=\"image\/jpeg\" \/>\n<meta name=\"author\" content=\"libna\" \/>\n<meta name=\"twitter:card\" content=\"summary_large_image\" \/>\n<meta name=\"twitter:label1\" content=\"Escrito por\" \/>\n\t<meta name=\"twitter:data1\" content=\"libna\" \/>\n\t<meta name=\"twitter:label2\" content=\"Tiempo de lectura\" \/>\n\t<meta name=\"twitter:data2\" content=\"1 minuto\" \/>\n<script type=\"application\/ld+json\" class=\"yoast-schema-graph\">{\"@context\":\"https:\\\/\\\/schema.org\",\"@graph\":[{\"@type\":\"Article\",\"@id\":\"https:\\\/\\\/interamerica.org\\\/es\\\/2020\\\/05\\\/en-interamerica-los-lideres-de-la-iglesia-llevaran-a-cabo-programa-sabatico-especial-de-adoracion-en-linea\\\/#article\",\"isPartOf\":{\"@id\":\"https:\\\/\\\/interamerica.org\\\/es\\\/2020\\\/05\\\/en-interamerica-los-lideres-de-la-iglesia-llevaran-a-cabo-programa-sabatico-especial-de-adoracion-en-linea\\\/\"},\"author\":{\"name\":\"libna\",\"@id\":\"https:\\\/\\\/interamerica.org\\\/es\\\/#\\\/schema\\\/person\\\/29998f2bc2d8bd0d38662909289b54f1\"},\"headline\":\"En Interam\u00e9rica, los l\u00edderes de la iglesia llevar\u00e1n a cabo programa sab\u00e1tico especial de adoraci\u00f3n en l\u00ednea\",\"datePublished\":\"2020-05-06T13:40:08+00:00\",\"dateModified\":\"2020-05-06T16:37:24+00:00\",\"mainEntityOfPage\":{\"@id\":\"https:\\\/\\\/interamerica.org\\\/es\\\/2020\\\/05\\\/en-interamerica-los-lideres-de-la-iglesia-llevaran-a-cabo-programa-sabatico-especial-de-adoracion-en-linea\\\/\"},\"wordCount\":310,\"commentCount\":0,\"image\":{\"@id\":\"https:\\\/\\\/interamerica.org\\\/es\\\/2020\\\/05\\\/en-interamerica-los-lideres-de-la-iglesia-llevaran-a-cabo-programa-sabatico-especial-de-adoracion-en-linea\\\/#primaryimage\"},\"thumbnailUrl\":\"https:\\\/\\\/interamerica.org\\\/wp-content\\\/uploads\\\/2020\\\/05\\\/culto-interamerica.jpg\",\"articleSection\":[\"Desde la sede\",\"RSS Espa\u00f1ol\"],\"inLanguage\":\"es\",\"potentialAction\":[{\"@type\":\"CommentAction\",\"name\":\"Comment\",\"target\":[\"https:\\\/\\\/interamerica.org\\\/es\\\/2020\\\/05\\\/en-interamerica-los-lideres-de-la-iglesia-llevaran-a-cabo-programa-sabatico-especial-de-adoracion-en-linea\\\/#respond\"]}]},{\"@type\":\"WebPage\",\"@id\":\"https:\\\/\\\/interamerica.org\\\/es\\\/2020\\\/05\\\/en-interamerica-los-lideres-de-la-iglesia-llevaran-a-cabo-programa-sabatico-especial-de-adoracion-en-linea\\\/\",\"url\":\"https:\\\/\\\/interamerica.org\\\/es\\\/2020\\\/05\\\/en-interamerica-los-lideres-de-la-iglesia-llevaran-a-cabo-programa-sabatico-especial-de-adoracion-en-linea\\\/\",\"name\":\"En Interam\u00e9rica, los l\u00edderes de la iglesia llevar\u00e1n a cabo programa sab\u00e1tico especial de adoraci\u00f3n en l\u00ednea - Iglesia Adventista del S\u00e9ptimo D\u00eda - Divisi\u00f3n Interamericana\",\"isPartOf\":{\"@id\":\"https:\\\/\\\/interamerica.org\\\/es\\\/#website\"},\"primaryImageOfPage\":{\"@id\":\"https:\\\/\\\/interamerica.org\\\/es\\\/2020\\\/05\\\/en-interamerica-los-lideres-de-la-iglesia-llevaran-a-cabo-programa-sabatico-especial-de-adoracion-en-linea\\\/#primaryimage\"},\"image\":{\"@id\":\"https:\\\/\\\/interamerica.org\\\/es\\\/2020\\\/05\\\/en-interamerica-los-lideres-de-la-iglesia-llevaran-a-cabo-programa-sabatico-especial-de-adoracion-en-linea\\\/#primaryimage\"},\"thumbnailUrl\":\"https:\\\/\\\/interamerica.org\\\/wp-content\\\/uploads\\\/2020\\\/05\\\/culto-interamerica.jpg\",\"datePublished\":\"2020-05-06T13:40:08+00:00\",\"dateModified\":\"2020-05-06T16:37:24+00:00\",\"author\":{\"@id\":\"https:\\\/\\\/interamerica.org\\\/es\\\/#\\\/schema\\\/person\\\/29998f2bc2d8bd0d38662909289b54f1\"},\"breadcrumb\":{\"@id\":\"https:\\\/\\\/interamerica.org\\\/es\\\/2020\\\/05\\\/en-interamerica-los-lideres-de-la-iglesia-llevaran-a-cabo-programa-sabatico-especial-de-adoracion-en-linea\\\/#breadcrumb\"},\"inLanguage\":\"es\",\"potentialAction\":[{\"@type\":\"ReadAction\",\"target\":[\"https:\\\/\\\/interamerica.org\\\/es\\\/2020\\\/05\\\/en-interamerica-los-lideres-de-la-iglesia-llevaran-a-cabo-programa-sabatico-especial-de-adoracion-en-linea\\\/\"]}]},{\"@type\":\"ImageObject\",\"inLanguage\":\"es\",\"@id\":\"https:\\\/\\\/interamerica.org\\\/es\\\/2020\\\/05\\\/en-interamerica-los-lideres-de-la-iglesia-llevaran-a-cabo-programa-sabatico-especial-de-adoracion-en-linea\\\/#primaryimage\",\"url\":\"https:\\\/\\\/interamerica.org\\\/wp-content\\\/uploads\\\/2020\\\/05\\\/culto-interamerica.jpg\",\"contentUrl\":\"https:\\\/\\\/interamerica.org\\\/wp-content\\\/uploads\\\/2020\\\/05\\\/culto-interamerica.jpg\",\"width\":1280,\"height\":800},{\"@type\":\"BreadcrumbList\",\"@id\":\"https:\\\/\\\/interamerica.org\\\/es\\\/2020\\\/05\\\/en-interamerica-los-lideres-de-la-iglesia-llevaran-a-cabo-programa-sabatico-especial-de-adoracion-en-linea\\\/#breadcrumb\",\"itemListElement\":[{\"@type\":\"ListItem\",\"position\":1,\"name\":\"Home\",\"item\":\"https:\\\/\\\/interamerica.org\\\/es\\\/\"},{\"@type\":\"ListItem\",\"position\":2,\"name\":\"En Interam\u00e9rica, los l\u00edderes de la iglesia llevar\u00e1n a cabo programa sab\u00e1tico especial de adoraci\u00f3n en l\u00ednea\"}]},{\"@type\":\"WebSite\",\"@id\":\"https:\\\/\\\/interamerica.org\\\/es\\\/#website\",\"url\":\"https:\\\/\\\/interamerica.org\\\/es\\\/\",\"name\":\"Iglesia Adventista del S\u00e9ptimo D\u00eda - Divisi\u00f3n Interamericana\",\"description\":\"\",\"potentialAction\":[{\"@type\":\"SearchAction\",\"target\":{\"@type\":\"EntryPoint\",\"urlTemplate\":\"https:\\\/\\\/interamerica.org\\\/es\\\/?s={search_term_string}\"},\"query-input\":{\"@type\":\"PropertyValueSpecification\",\"valueRequired\":true,\"valueName\":\"search_term_string\"}}],\"inLanguage\":\"es\"},{\"@type\":\"Person\",\"@id\":\"https:\\\/\\\/interamerica.org\\\/es\\\/#\\\/schema\\\/person\\\/29998f2bc2d8bd0d38662909289b54f1\",\"name\":\"libna\",\"image\":{\"@type\":\"ImageObject\",\"inLanguage\":\"es\",\"@id\":\"https:\\\/\\\/secure.gravatar.com\\\/avatar\\\/7c5bd30ae4b47a9ba3c856590957fd1d96dc588bf3ac05719d247e126840331f?s=96&d=mm&r=g\",\"url\":\"https:\\\/\\\/secure.gravatar.com\\\/avatar\\\/7c5bd30ae4b47a9ba3c856590957fd1d96dc588bf3ac05719d247e126840331f?s=96&d=mm&r=g\",\"contentUrl\":\"https:\\\/\\\/secure.gravatar.com\\\/avatar\\\/7c5bd30ae4b47a9ba3c856590957fd1d96dc588bf3ac05719d247e126840331f?s=96&d=mm&r=g\",\"caption\":\"libna\"}}]}<\/script>\n<!-- \/ Yoast SEO plugin. -->","yoast_head_json":{"title":"En Interam\u00e9rica, los l\u00edderes de la iglesia llevar\u00e1n a cabo programa sab\u00e1tico especial de adoraci\u00f3n en l\u00ednea - Iglesia Adventista del S\u00e9ptimo D\u00eda - Divisi\u00f3n Interamericana","robots":{"index":"index","follow":"follow","max-snippet":"max-snippet:-1","max-image-preview":"max-image-preview:large","max-video-preview":"max-video-preview:-1"},"canonical":"https:\/\/interamerica.org\/es\/2020\/05\/en-interamerica-los-lideres-de-la-iglesia-llevaran-a-cabo-programa-sabatico-especial-de-adoracion-en-linea\/","og_locale":"es_ES","og_type":"article","og_title":"En Interam\u00e9rica, los l\u00edderes de la iglesia llevar\u00e1n a cabo programa sab\u00e1tico especial de adoraci\u00f3n en l\u00ednea - Iglesia Adventista del S\u00e9ptimo D\u00eda - Divisi\u00f3n Interamericana","og_description":"6 de mayo de 2020 | Miami, Florida, Estados Unidos | Libna Stevens, Noticias de la Divisi\u00f3n Interamericana La Iglesia Adventista del S\u00e9ptimo D\u00eda en Interam\u00e9rica llevar\u00e1 a cabo un...","og_url":"https:\/\/interamerica.org\/es\/2020\/05\/en-interamerica-los-lideres-de-la-iglesia-llevaran-a-cabo-programa-sabatico-especial-de-adoracion-en-linea\/","og_site_name":"Iglesia Adventista del S\u00e9ptimo D\u00eda - Divisi\u00f3n Interamericana","article_published_time":"2020-05-06T13:40:08+00:00","article_modified_time":"2020-05-06T16:37:24+00:00","og_image":[{"width":1280,"height":800,"url":"https:\/\/interamerica.org\/wp-content\/uploads\/2020\/05\/culto-interamerica.jpg","type":"image\/jpeg"}],"author":"libna","twitter_card":"summary_large_image","twitter_misc":{"Escrito por":"libna","Tiempo de lectura":"1 minuto"},"schema":{"@context":"https:\/\/schema.org","@graph":[{"@type":"Article","@id":"https:\/\/interamerica.org\/es\/2020\/05\/en-interamerica-los-lideres-de-la-iglesia-llevaran-a-cabo-programa-sabatico-especial-de-adoracion-en-linea\/#article","isPartOf":{"@id":"https:\/\/interamerica.org\/es\/2020\/05\/en-interamerica-los-lideres-de-la-iglesia-llevaran-a-cabo-programa-sabatico-especial-de-adoracion-en-linea\/"},"author":{"name":"libna","@id":"https:\/\/interamerica.org\/es\/#\/schema\/person\/29998f2bc2d8bd0d38662909289b54f1"},"headline":"En Interam\u00e9rica, los l\u00edderes de la iglesia llevar\u00e1n a cabo programa sab\u00e1tico especial de adoraci\u00f3n en l\u00ednea","datePublished":"2020-05-06T13:40:08+00:00","dateModified":"2020-05-06T16:37:24+00:00","mainEntityOfPage":{"@id":"https:\/\/interamerica.org\/es\/2020\/05\/en-interamerica-los-lideres-de-la-iglesia-llevaran-a-cabo-programa-sabatico-especial-de-adoracion-en-linea\/"},"wordCount":310,"commentCount":0,"image":{"@id":"https:\/\/interamerica.org\/es\/2020\/05\/en-interamerica-los-lideres-de-la-iglesia-llevaran-a-cabo-programa-sabatico-especial-de-adoracion-en-linea\/#primaryimage"},"thumbnailUrl":"https:\/\/interamerica.org\/wp-content\/uploads\/2020\/05\/culto-interamerica.jpg","articleSection":["Desde la sede","RSS Espa\u00f1ol"],"inLanguage":"es","potentialAction":[{"@type":"CommentAction","name":"Comment","target":["https:\/\/interamerica.org\/es\/2020\/05\/en-interamerica-los-lideres-de-la-iglesia-llevaran-a-cabo-programa-sabatico-especial-de-adoracion-en-linea\/#respond"]}]},{"@type":"WebPage","@id":"https:\/\/interamerica.org\/es\/2020\/05\/en-interamerica-los-lideres-de-la-iglesia-llevaran-a-cabo-programa-sabatico-especial-de-adoracion-en-linea\/","url":"https:\/\/interamerica.org\/es\/2020\/05\/en-interamerica-los-lideres-de-la-iglesia-llevaran-a-cabo-programa-sabatico-especial-de-adoracion-en-linea\/","name":"En Interam\u00e9rica, los l\u00edderes de la iglesia llevar\u00e1n a cabo programa sab\u00e1tico especial de adoraci\u00f3n en l\u00ednea - Iglesia Adventista del S\u00e9ptimo D\u00eda - Divisi\u00f3n Interamericana","isPartOf":{"@id":"https:\/\/interamerica.org\/es\/#website"},"primaryImageOfPage":{"@id":"https:\/\/interamerica.org\/es\/2020\/05\/en-interamerica-los-lideres-de-la-iglesia-llevaran-a-cabo-programa-sabatico-especial-de-adoracion-en-linea\/#primaryimage"},"image":{"@id":"https:\/\/interamerica.org\/es\/2020\/05\/en-interamerica-los-lideres-de-la-iglesia-llevaran-a-cabo-programa-sabatico-especial-de-adoracion-en-linea\/#primaryimage"},"thumbnailUrl":"https:\/\/interamerica.org\/wp-content\/uploads\/2020\/05\/culto-interamerica.jpg","datePublished":"2020-05-06T13:40:08+00:00","dateModified":"2020-05-06T16:37:24+00:00","author":{"@id":"https:\/\/interamerica.org\/es\/#\/schema\/person\/29998f2bc2d8bd0d38662909289b54f1"},"breadcrumb":{"@id":"https:\/\/interamerica.org\/es\/2020\/05\/en-interamerica-los-lideres-de-la-iglesia-llevaran-a-cabo-programa-sabatico-especial-de-adoracion-en-linea\/#breadcrumb"},"inLanguage":"es","potentialAction":[{"@type":"ReadAction","target":["https:\/\/interamerica.org\/es\/2020\/05\/en-interamerica-los-lideres-de-la-iglesia-llevaran-a-cabo-programa-sabatico-especial-de-adoracion-en-linea\/"]}]},{"@type":"ImageObject","inLanguage":"es","@id":"https:\/\/interamerica.org\/es\/2020\/05\/en-interamerica-los-lideres-de-la-iglesia-llevaran-a-cabo-programa-sabatico-especial-de-adoracion-en-linea\/#primaryimage","url":"https:\/\/interamerica.org\/wp-content\/uploads\/2020\/05\/culto-interamerica.jpg","contentUrl":"https:\/\/interamerica.org\/wp-content\/uploads\/2020\/05\/culto-interamerica.jpg","width":1280,"height":800},{"@type":"BreadcrumbList","@id":"https:\/\/interamerica.org\/es\/2020\/05\/en-interamerica-los-lideres-de-la-iglesia-llevaran-a-cabo-programa-sabatico-especial-de-adoracion-en-linea\/#breadcrumb","itemListElement":[{"@type":"ListItem","position":1,"name":"Home","item":"https:\/\/interamerica.org\/es\/"},{"@type":"ListItem","position":2,"name":"En Interam\u00e9rica, los l\u00edderes de la iglesia llevar\u00e1n a cabo programa sab\u00e1tico especial de adoraci\u00f3n en l\u00ednea"}]},{"@type":"WebSite","@id":"https:\/\/interamerica.org\/es\/#website","url":"https:\/\/interamerica.org\/es\/","name":"Iglesia Adventista del S\u00e9ptimo D\u00eda - Divisi\u00f3n Interamericana","description":"","potentialAction":[{"@type":"SearchAction","target":{"@type":"EntryPoint","urlTemplate":"https:\/\/interamerica.org\/es\/?s={search_term_string}"},"query-input":{"@type":"PropertyValueSpecification","valueRequired":true,"valueName":"search_term_string"}}],"inLanguage":"es"},{"@type":"Person","@id":"https:\/\/interamerica.org\/es\/#\/schema\/person\/29998f2bc2d8bd0d38662909289b54f1","name":"libna","image":{"@type":"ImageObject","inLanguage":"es","@id":"https:\/\/secure.gravatar.com\/avatar\/7c5bd30ae4b47a9ba3c856590957fd1d96dc588bf3ac05719d247e126840331f?s=96&d=mm&r=g","url":"https:\/\/secure.gravatar.com\/avatar\/7c5bd30ae4b47a9ba3c856590957fd1d96dc588bf3ac05719d247e126840331f?s=96&d=mm&r=g","contentUrl":"https:\/\/secure.gravatar.com\/avatar\/7c5bd30ae4b47a9ba3c856590957fd1d96dc588bf3ac05719d247e126840331f?s=96&d=mm&r=g","caption":"libna"}}]}},"_links":{"self":[{"href":"https:\/\/interamerica.org\/es\/wp-json\/wp\/v2\/posts\/58344","targetHints":{"allow":["GET"]}}],"collection":[{"href":"https:\/\/interamerica.org\/es\/wp-json\/wp\/v2\/posts"}],"about":[{"href":"https:\/\/interamerica.org\/es\/wp-json\/wp\/v2\/types\/post"}],"author":[{"embeddable":true,"href":"https:\/\/interamerica.org\/es\/wp-json\/wp\/v2\/users\/3"}],"replies":[{"embeddable":true,"href":"https:\/\/interamerica.org\/es\/wp-json\/wp\/v2\/comments?post=58344"}],"version-history":[{"count":0,"href":"https:\/\/interamerica.org\/es\/wp-json\/wp\/v2\/posts\/58344\/revisions"}],"wp:featuredmedia":[{"embeddable":true,"href":"https:\/\/interamerica.org\/es\/wp-json\/wp\/v2\/media\/58312"}],"wp:attachment":[{"href":"https:\/\/interamerica.org\/es\/wp-json\/wp\/v2\/media?parent=58344"}],"wp:term":[{"taxonomy":"category","embeddable":true,"href":"https:\/\/interamerica.org\/es\/wp-json\/wp\/v2\/categories?post=58344"},{"taxonomy":"post_tag","embeddable":true,"href":"https:\/\/interamerica.org\/es\/wp-json\/wp\/v2\/tags?post=58344"}],"curies":[{"name":"wp","href":"https:\/\/api.w.org\/{rel}","templated":true}]}}