{"id":58484,"date":"2020-05-07T20:51:12","date_gmt":"2020-05-08T00:51:12","guid":{"rendered":"https:\/\/recursing-golick.147-182-135-0.plesk.page\/?p=58484"},"modified":"2020-05-12T21:07:04","modified_gmt":"2020-05-13T01:07:04","slug":"poesia-en-cuatentena-una-fuente-de-bienestar","status":"publish","type":"post","link":"https:\/\/interamerica.org\/es\/2020\/05\/poesia-en-cuatentena-una-fuente-de-bienestar\/","title":{"rendered":"Poes\u00eda en cuarentena: Una fuente de bienestar"},"content":{"rendered":"<p>Mayo 6, 2020 | Loma Linda, California, Estados Unidos | Por Gloria Lozano-Castrej\u00f3n para la Divisi\u00f3n Interamericana<\/p>\n<p>Desde que la pandemia de COVID-19 comenz\u00f3 a transformar nuestros h\u00e1bitos de vida, tuvimos que renunciar a muchas actividades y deleites, por lo menos en su forma circunstancial; pero se abrieron puertas anteriormente cerradas en apariencia, aunque siempre estuvieron ah\u00ed, invitando a trasponerlas, tal vez con un poco de disciplina, curiosidad e imaginaci\u00f3n.<\/p>\n<p>Tal es el caso de la poes\u00eda, que de pronto ha tenido gran resurgimiento y resonancia fuera de sus m\u00e1s cerrados c\u00edrculos acad\u00e9micos, para convertirse en \u201cla voz del pueblo\u201d; un torrente de expresi\u00f3n, ayudado sin duda por la multiplicidad de los medios tecnol\u00f3gicos que permiten su divulgaci\u00f3n masiva; pero, sobre todo, por su capacidad de tocarnos las cuerdas m\u00e1s sensibles del ser en momentos de reflexi\u00f3n, de autoexamen, o de simplemente libre expresi\u00f3n ante el c\u00famulo de sentimientos a veces encontrados, ante los cuales nos enfrenta una crisis.<\/p>\n<p>Y es que la poes\u00eda, esa otra dimensi\u00f3n del lenguaje, se presta, por su concisi\u00f3n en la expresi\u00f3n, pero a la vez su infinitud de vuelo, para despertar, definir, reiterar, acentuar, celebrar, lamentar y a veces \u201cgritar\u201d, la gama de sentimientos, temores, alegr\u00edas, esperanzas y desesperanzas del ser humano. Todo aquello que es imposible enumerar ni encasillar aqu\u00ed: La cotidiana y a la vez compleja urdimbre del bagaje humano.<\/p>\n<p>Esta proliferaci\u00f3n del poema, al par de la nefasta del coronavirus, es un fen\u00f3meno internacional. La gente est\u00e1 leyendo, divulgando y publicando en todos los idiomas, poes\u00eda a granel. Se hace accesible a trav\u00e9s de la radio, la televisi\u00f3n, las redes sociales, se recita desde los balcones de las viviendas en cuarentena, o se exhibe en pancartas. Se lanzan concursos de poes\u00eda colectiva y encuentros po\u00e9ticos en que participan virtualmente centenares, adem\u00e1s de una serie de iniciativas para disfrutarla en casa, tales como <a href=\"https:\/\/twitter.com\/hashtag\/poesiaentusofa?src=hash\">#poesiaentusofa<\/a>, o<a href=\"https:\/\/www.lavanguardia.com\/cultura\/20200321\/474276548636\/agenda-confinamiento-conciertos-poesia-teatro.html\"> <strong>#LaCulturaEnTuCasa<\/strong> <\/a>, por nombrar algunas, en que renombrados artistas de los diferentes pa\u00edses la interpretan sentidamente; y hasta interminables maratones de lectura de poemas de todos los colores y sabores.<\/p>\n<p>M\u00e1s de una persona, ajena anteriormente a la poes\u00eda, ha sentido la necesidad de expresarse ahora por este medio y muchos otros han optado por una reconciliaci\u00f3n con ella despu\u00e9s de largas separaciones y divorcios de la misma.<\/p>\n<p>\u00bfY los cristianos? \u00bfHan recurrido al recurso de la poes\u00eda en tiempos de cuarentena? Por supuesto que s\u00ed; aunque tal vez sin siquiera darse cuenta. No hay quien no se haya consolado o calmado los temores propios o ajenos con la dulce seguridad de un Salmo b\u00edblico. No hay quien no haya recibido o enviado un bello vers\u00edculo po\u00e9tico, por alguna de las redes sociales, enriquecido tal vez con el a\u00f1adido de una bella e inspiradora imagen visual.<\/p>\n<p>Vers\u00edculos favoritos, favorecidos por la memoria precisamente por eso, porque se grabaron en ella con la facilidad de la rima y la fluidez del verso, por la belleza de sus met\u00e1foras o la magia de sus im\u00e1genes. Poes\u00eda, sin m\u00e1s, que se qued\u00f3 instalada en los pliegues del coraz\u00f3n para consuelo, reafirmaci\u00f3n y esperanza cristiana.<\/p>\n<p>\u201cJehov\u00e1 Dios es mi Pastor; nada me faltar\u00e1. . . Aunque ande en valle de sombras, de muerte, no temer\u00e9 mal alguno porque t\u00fa estar\u00e1s conmigo\u201d \u2013Salmo 23.<\/p>\n<p>\u201cPorque la porci\u00f3n del Se\u00f1or es su pueblo. . . lo guard\u00f3 como a la ni\u00f1a de sus ojos; <sup>\u00a0<\/sup>como un \u00e1guila que agita el nido y revolotea sobre sus polluelos, que despliega su plumaje y los lleva sobre sus alas\u201d -Deuteronomio 32: 9-11<\/p>\n<p>\u201cTen compasi\u00f3n de m\u00ed, oh, Dios. . . que en ti conf\u00edo. A la sombra de tus <strong>alas<\/strong> me refugiar\u00e9, hasta que haya pasado el peligro\u201d -Salmos 57:1<\/p>\n<p>\u201cEl Se\u00f1or es mi luz y mi salvaci\u00f3n; \u00bfa qui\u00e9n temer\u00e9? El Se\u00f1or es el baluarte de mi vida; \u00bfqui\u00e9n podr\u00e1 amedrentarme? Porque en el d\u00eda de la aflicci\u00f3n \u00e9l me resguardar\u00e1 en su morada\u201d- Salmo 27: 1-5;<\/p>\n<p>\u201cConvertiste mi lamento en danza; \u00a0me quitaste la ropa de luto y me vestiste de fiesta\u201d -Salmo 30:11<\/p>\n<p>Algunos cristianos, ante la posibilidad de una muerte inesperada, han repetido resignadamente, pero llenos de fe, las palabras de Job: \u201cAunque me matare, en \u00e9l esperar\u00e9\u201d \u2013 Job 13:15.<\/p>\n<p>Y otros, presintiendo los rigores del hambre por la falta de suministros en esta crisis, o tal vez por la sola posibilidad de ello, han repetido con el profeta Habacuc: \u201cAunque la higuera no florezca, \u00a0ni haya frutos en las vides; aunque falle la cosecha del olivo, \u00a0y los campos no produzcan alimentos; aunque en el aprisco no haya ovejas, \u00a0ni ganado alguno en los establos; <sup>\u00a0<\/sup>aun as\u00ed, yo me regocijar\u00e9 en el Se\u00f1or, \u00a1me alegrar\u00e9 en Dios, mi libertador! [Porque] el Se\u00f1or omnipotente es mi fuerza;\u00a0da a mis pies la ligereza de una gacela y me hace caminar por las alturas\u201d -Habacuc 3: 17- 19<\/p>\n<p>\u201cCuando la tormenta pase, dec\u00eda en su poema su autor cubano, Alexis Vald\u00e9s, y seamos sobrevivientes de un naufragio colectivo. . . con el coraz\u00f3n lloroso y el destino bendecido, nos sentiremos dichosos tan solo por estar vivos\u201d.<\/p>\n<p><em>Gloria Lozano-Castrej\u00f3n, es profesora jubilada de Lengua y Literatura, escritora y traductora.<\/em><\/p>\n","protected":false},"excerpt":{"rendered":"<p>Mayo 6, 2020 | Loma Linda, California, Estados Unidos | Por Gloria Lozano-Castrej\u00f3n para la Divisi\u00f3n Interamericana Desde que la pandemia de COVID-19 comenz\u00f3 a transformar nuestros h\u00e1bitos de vida,&#8230;<\/p>\n","protected":false},"author":3,"featured_media":58482,"comment_status":"open","ping_status":"closed","sticky":false,"template":"","format":"standard","meta":{"_acf_changed":false,"footnotes":""},"categories":[16,15],"tags":[],"class_list":["post-58484","post","type-post","status-publish","format-standard","has-post-thumbnail","hentry","category-desde-la-sede","category-rss-espanol"],"acf":[],"yoast_head":"<!-- This site is optimized with the Yoast SEO plugin v27.3 - https:\/\/yoast.com\/product\/yoast-seo-wordpress\/ -->\n<title>Poes\u00eda en cuarentena: Una fuente de bienestar - Iglesia Adventista del S\u00e9ptimo D\u00eda - Divisi\u00f3n Interamericana<\/title>\n<meta name=\"robots\" content=\"index, follow, max-snippet:-1, max-image-preview:large, max-video-preview:-1\" \/>\n<link rel=\"canonical\" href=\"https:\/\/interamerica.org\/es\/2020\/05\/poesia-en-cuatentena-una-fuente-de-bienestar\/\" \/>\n<meta property=\"og:locale\" content=\"es_ES\" \/>\n<meta property=\"og:type\" content=\"article\" \/>\n<meta property=\"og:title\" content=\"Poes\u00eda en cuarentena: Una fuente de bienestar - Iglesia Adventista del S\u00e9ptimo D\u00eda - Divisi\u00f3n Interamericana\" \/>\n<meta property=\"og:description\" content=\"Mayo 6, 2020 | Loma Linda, California, Estados Unidos | Por Gloria Lozano-Castrej\u00f3n para la Divisi\u00f3n Interamericana Desde que la pandemia de COVID-19 comenz\u00f3 a transformar nuestros h\u00e1bitos de vida,...\" \/>\n<meta property=\"og:url\" content=\"https:\/\/interamerica.org\/es\/2020\/05\/poesia-en-cuatentena-una-fuente-de-bienestar\/\" \/>\n<meta property=\"og:site_name\" content=\"Iglesia Adventista del S\u00e9ptimo D\u00eda - Divisi\u00f3n Interamericana\" \/>\n<meta property=\"article:published_time\" content=\"2020-05-08T00:51:12+00:00\" \/>\n<meta property=\"article:modified_time\" content=\"2020-05-13T01:07:04+00:00\" \/>\n<meta property=\"og:image\" content=\"https:\/\/interamerica.org\/wp-content\/uploads\/2020\/05\/poetry-tea-debby-hudson-fo4gzqi2t84-unsplash.jpg\" \/>\n\t<meta property=\"og:image:width\" content=\"1280\" \/>\n\t<meta property=\"og:image:height\" content=\"800\" \/>\n\t<meta property=\"og:image:type\" content=\"image\/jpeg\" \/>\n<meta name=\"author\" content=\"libna\" \/>\n<meta name=\"twitter:card\" content=\"summary_large_image\" \/>\n<meta name=\"twitter:label1\" content=\"Escrito por\" \/>\n\t<meta name=\"twitter:data1\" content=\"libna\" \/>\n\t<meta name=\"twitter:label2\" content=\"Tiempo de lectura\" \/>\n\t<meta name=\"twitter:data2\" content=\"4 minutos\" \/>\n<script type=\"application\/ld+json\" class=\"yoast-schema-graph\">{\"@context\":\"https:\\\/\\\/schema.org\",\"@graph\":[{\"@type\":\"Article\",\"@id\":\"https:\\\/\\\/interamerica.org\\\/es\\\/2020\\\/05\\\/poesia-en-cuatentena-una-fuente-de-bienestar\\\/#article\",\"isPartOf\":{\"@id\":\"https:\\\/\\\/interamerica.org\\\/es\\\/2020\\\/05\\\/poesia-en-cuatentena-una-fuente-de-bienestar\\\/\"},\"author\":{\"name\":\"libna\",\"@id\":\"https:\\\/\\\/interamerica.org\\\/es\\\/#\\\/schema\\\/person\\\/29998f2bc2d8bd0d38662909289b54f1\"},\"headline\":\"Poes\u00eda en cuarentena: Una fuente de bienestar\",\"datePublished\":\"2020-05-08T00:51:12+00:00\",\"dateModified\":\"2020-05-13T01:07:04+00:00\",\"mainEntityOfPage\":{\"@id\":\"https:\\\/\\\/interamerica.org\\\/es\\\/2020\\\/05\\\/poesia-en-cuatentena-una-fuente-de-bienestar\\\/\"},\"wordCount\":907,\"commentCount\":0,\"image\":{\"@id\":\"https:\\\/\\\/interamerica.org\\\/es\\\/2020\\\/05\\\/poesia-en-cuatentena-una-fuente-de-bienestar\\\/#primaryimage\"},\"thumbnailUrl\":\"https:\\\/\\\/interamerica.org\\\/wp-content\\\/uploads\\\/2020\\\/05\\\/poetry-tea-debby-hudson-fo4gzqi2t84-unsplash.jpg\",\"articleSection\":[\"Desde la sede\",\"RSS Espa\u00f1ol\"],\"inLanguage\":\"es\",\"potentialAction\":[{\"@type\":\"CommentAction\",\"name\":\"Comment\",\"target\":[\"https:\\\/\\\/interamerica.org\\\/es\\\/2020\\\/05\\\/poesia-en-cuatentena-una-fuente-de-bienestar\\\/#respond\"]}]},{\"@type\":\"WebPage\",\"@id\":\"https:\\\/\\\/interamerica.org\\\/es\\\/2020\\\/05\\\/poesia-en-cuatentena-una-fuente-de-bienestar\\\/\",\"url\":\"https:\\\/\\\/interamerica.org\\\/es\\\/2020\\\/05\\\/poesia-en-cuatentena-una-fuente-de-bienestar\\\/\",\"name\":\"Poes\u00eda en cuarentena: Una fuente de bienestar - Iglesia Adventista del S\u00e9ptimo D\u00eda - Divisi\u00f3n Interamericana\",\"isPartOf\":{\"@id\":\"https:\\\/\\\/interamerica.org\\\/es\\\/#website\"},\"primaryImageOfPage\":{\"@id\":\"https:\\\/\\\/interamerica.org\\\/es\\\/2020\\\/05\\\/poesia-en-cuatentena-una-fuente-de-bienestar\\\/#primaryimage\"},\"image\":{\"@id\":\"https:\\\/\\\/interamerica.org\\\/es\\\/2020\\\/05\\\/poesia-en-cuatentena-una-fuente-de-bienestar\\\/#primaryimage\"},\"thumbnailUrl\":\"https:\\\/\\\/interamerica.org\\\/wp-content\\\/uploads\\\/2020\\\/05\\\/poetry-tea-debby-hudson-fo4gzqi2t84-unsplash.jpg\",\"datePublished\":\"2020-05-08T00:51:12+00:00\",\"dateModified\":\"2020-05-13T01:07:04+00:00\",\"author\":{\"@id\":\"https:\\\/\\\/interamerica.org\\\/es\\\/#\\\/schema\\\/person\\\/29998f2bc2d8bd0d38662909289b54f1\"},\"breadcrumb\":{\"@id\":\"https:\\\/\\\/interamerica.org\\\/es\\\/2020\\\/05\\\/poesia-en-cuatentena-una-fuente-de-bienestar\\\/#breadcrumb\"},\"inLanguage\":\"es\",\"potentialAction\":[{\"@type\":\"ReadAction\",\"target\":[\"https:\\\/\\\/interamerica.org\\\/es\\\/2020\\\/05\\\/poesia-en-cuatentena-una-fuente-de-bienestar\\\/\"]}]},{\"@type\":\"ImageObject\",\"inLanguage\":\"es\",\"@id\":\"https:\\\/\\\/interamerica.org\\\/es\\\/2020\\\/05\\\/poesia-en-cuatentena-una-fuente-de-bienestar\\\/#primaryimage\",\"url\":\"https:\\\/\\\/interamerica.org\\\/wp-content\\\/uploads\\\/2020\\\/05\\\/poetry-tea-debby-hudson-fo4gzqi2t84-unsplash.jpg\",\"contentUrl\":\"https:\\\/\\\/interamerica.org\\\/wp-content\\\/uploads\\\/2020\\\/05\\\/poetry-tea-debby-hudson-fo4gzqi2t84-unsplash.jpg\",\"width\":1280,\"height\":800,\"caption\":\"[Photo: Debby Hudson\\\/IAD]\"},{\"@type\":\"BreadcrumbList\",\"@id\":\"https:\\\/\\\/interamerica.org\\\/es\\\/2020\\\/05\\\/poesia-en-cuatentena-una-fuente-de-bienestar\\\/#breadcrumb\",\"itemListElement\":[{\"@type\":\"ListItem\",\"position\":1,\"name\":\"Home\",\"item\":\"https:\\\/\\\/interamerica.org\\\/es\\\/\"},{\"@type\":\"ListItem\",\"position\":2,\"name\":\"Poes\u00eda en cuarentena: Una fuente de bienestar\"}]},{\"@type\":\"WebSite\",\"@id\":\"https:\\\/\\\/interamerica.org\\\/es\\\/#website\",\"url\":\"https:\\\/\\\/interamerica.org\\\/es\\\/\",\"name\":\"Iglesia Adventista del S\u00e9ptimo D\u00eda - Divisi\u00f3n Interamericana\",\"description\":\"\",\"potentialAction\":[{\"@type\":\"SearchAction\",\"target\":{\"@type\":\"EntryPoint\",\"urlTemplate\":\"https:\\\/\\\/interamerica.org\\\/es\\\/?s={search_term_string}\"},\"query-input\":{\"@type\":\"PropertyValueSpecification\",\"valueRequired\":true,\"valueName\":\"search_term_string\"}}],\"inLanguage\":\"es\"},{\"@type\":\"Person\",\"@id\":\"https:\\\/\\\/interamerica.org\\\/es\\\/#\\\/schema\\\/person\\\/29998f2bc2d8bd0d38662909289b54f1\",\"name\":\"libna\",\"image\":{\"@type\":\"ImageObject\",\"inLanguage\":\"es\",\"@id\":\"https:\\\/\\\/secure.gravatar.com\\\/avatar\\\/7c5bd30ae4b47a9ba3c856590957fd1d96dc588bf3ac05719d247e126840331f?s=96&d=mm&r=g\",\"url\":\"https:\\\/\\\/secure.gravatar.com\\\/avatar\\\/7c5bd30ae4b47a9ba3c856590957fd1d96dc588bf3ac05719d247e126840331f?s=96&d=mm&r=g\",\"contentUrl\":\"https:\\\/\\\/secure.gravatar.com\\\/avatar\\\/7c5bd30ae4b47a9ba3c856590957fd1d96dc588bf3ac05719d247e126840331f?s=96&d=mm&r=g\",\"caption\":\"libna\"}}]}<\/script>\n<!-- \/ Yoast SEO plugin. -->","yoast_head_json":{"title":"Poes\u00eda en cuarentena: Una fuente de bienestar - Iglesia Adventista del S\u00e9ptimo D\u00eda - Divisi\u00f3n Interamericana","robots":{"index":"index","follow":"follow","max-snippet":"max-snippet:-1","max-image-preview":"max-image-preview:large","max-video-preview":"max-video-preview:-1"},"canonical":"https:\/\/interamerica.org\/es\/2020\/05\/poesia-en-cuatentena-una-fuente-de-bienestar\/","og_locale":"es_ES","og_type":"article","og_title":"Poes\u00eda en cuarentena: Una fuente de bienestar - Iglesia Adventista del S\u00e9ptimo D\u00eda - Divisi\u00f3n Interamericana","og_description":"Mayo 6, 2020 | Loma Linda, California, Estados Unidos | Por Gloria Lozano-Castrej\u00f3n para la Divisi\u00f3n Interamericana Desde que la pandemia de COVID-19 comenz\u00f3 a transformar nuestros h\u00e1bitos de vida,...","og_url":"https:\/\/interamerica.org\/es\/2020\/05\/poesia-en-cuatentena-una-fuente-de-bienestar\/","og_site_name":"Iglesia Adventista del S\u00e9ptimo D\u00eda - Divisi\u00f3n Interamericana","article_published_time":"2020-05-08T00:51:12+00:00","article_modified_time":"2020-05-13T01:07:04+00:00","og_image":[{"width":1280,"height":800,"url":"https:\/\/interamerica.org\/wp-content\/uploads\/2020\/05\/poetry-tea-debby-hudson-fo4gzqi2t84-unsplash.jpg","type":"image\/jpeg"}],"author":"libna","twitter_card":"summary_large_image","twitter_misc":{"Escrito por":"libna","Tiempo de lectura":"4 minutos"},"schema":{"@context":"https:\/\/schema.org","@graph":[{"@type":"Article","@id":"https:\/\/interamerica.org\/es\/2020\/05\/poesia-en-cuatentena-una-fuente-de-bienestar\/#article","isPartOf":{"@id":"https:\/\/interamerica.org\/es\/2020\/05\/poesia-en-cuatentena-una-fuente-de-bienestar\/"},"author":{"name":"libna","@id":"https:\/\/interamerica.org\/es\/#\/schema\/person\/29998f2bc2d8bd0d38662909289b54f1"},"headline":"Poes\u00eda en cuarentena: Una fuente de bienestar","datePublished":"2020-05-08T00:51:12+00:00","dateModified":"2020-05-13T01:07:04+00:00","mainEntityOfPage":{"@id":"https:\/\/interamerica.org\/es\/2020\/05\/poesia-en-cuatentena-una-fuente-de-bienestar\/"},"wordCount":907,"commentCount":0,"image":{"@id":"https:\/\/interamerica.org\/es\/2020\/05\/poesia-en-cuatentena-una-fuente-de-bienestar\/#primaryimage"},"thumbnailUrl":"https:\/\/interamerica.org\/wp-content\/uploads\/2020\/05\/poetry-tea-debby-hudson-fo4gzqi2t84-unsplash.jpg","articleSection":["Desde la sede","RSS Espa\u00f1ol"],"inLanguage":"es","potentialAction":[{"@type":"CommentAction","name":"Comment","target":["https:\/\/interamerica.org\/es\/2020\/05\/poesia-en-cuatentena-una-fuente-de-bienestar\/#respond"]}]},{"@type":"WebPage","@id":"https:\/\/interamerica.org\/es\/2020\/05\/poesia-en-cuatentena-una-fuente-de-bienestar\/","url":"https:\/\/interamerica.org\/es\/2020\/05\/poesia-en-cuatentena-una-fuente-de-bienestar\/","name":"Poes\u00eda en cuarentena: Una fuente de bienestar - Iglesia Adventista del S\u00e9ptimo D\u00eda - Divisi\u00f3n Interamericana","isPartOf":{"@id":"https:\/\/interamerica.org\/es\/#website"},"primaryImageOfPage":{"@id":"https:\/\/interamerica.org\/es\/2020\/05\/poesia-en-cuatentena-una-fuente-de-bienestar\/#primaryimage"},"image":{"@id":"https:\/\/interamerica.org\/es\/2020\/05\/poesia-en-cuatentena-una-fuente-de-bienestar\/#primaryimage"},"thumbnailUrl":"https:\/\/interamerica.org\/wp-content\/uploads\/2020\/05\/poetry-tea-debby-hudson-fo4gzqi2t84-unsplash.jpg","datePublished":"2020-05-08T00:51:12+00:00","dateModified":"2020-05-13T01:07:04+00:00","author":{"@id":"https:\/\/interamerica.org\/es\/#\/schema\/person\/29998f2bc2d8bd0d38662909289b54f1"},"breadcrumb":{"@id":"https:\/\/interamerica.org\/es\/2020\/05\/poesia-en-cuatentena-una-fuente-de-bienestar\/#breadcrumb"},"inLanguage":"es","potentialAction":[{"@type":"ReadAction","target":["https:\/\/interamerica.org\/es\/2020\/05\/poesia-en-cuatentena-una-fuente-de-bienestar\/"]}]},{"@type":"ImageObject","inLanguage":"es","@id":"https:\/\/interamerica.org\/es\/2020\/05\/poesia-en-cuatentena-una-fuente-de-bienestar\/#primaryimage","url":"https:\/\/interamerica.org\/wp-content\/uploads\/2020\/05\/poetry-tea-debby-hudson-fo4gzqi2t84-unsplash.jpg","contentUrl":"https:\/\/interamerica.org\/wp-content\/uploads\/2020\/05\/poetry-tea-debby-hudson-fo4gzqi2t84-unsplash.jpg","width":1280,"height":800,"caption":"[Photo: Debby Hudson\/IAD]"},{"@type":"BreadcrumbList","@id":"https:\/\/interamerica.org\/es\/2020\/05\/poesia-en-cuatentena-una-fuente-de-bienestar\/#breadcrumb","itemListElement":[{"@type":"ListItem","position":1,"name":"Home","item":"https:\/\/interamerica.org\/es\/"},{"@type":"ListItem","position":2,"name":"Poes\u00eda en cuarentena: Una fuente de bienestar"}]},{"@type":"WebSite","@id":"https:\/\/interamerica.org\/es\/#website","url":"https:\/\/interamerica.org\/es\/","name":"Iglesia Adventista del S\u00e9ptimo D\u00eda - Divisi\u00f3n Interamericana","description":"","potentialAction":[{"@type":"SearchAction","target":{"@type":"EntryPoint","urlTemplate":"https:\/\/interamerica.org\/es\/?s={search_term_string}"},"query-input":{"@type":"PropertyValueSpecification","valueRequired":true,"valueName":"search_term_string"}}],"inLanguage":"es"},{"@type":"Person","@id":"https:\/\/interamerica.org\/es\/#\/schema\/person\/29998f2bc2d8bd0d38662909289b54f1","name":"libna","image":{"@type":"ImageObject","inLanguage":"es","@id":"https:\/\/secure.gravatar.com\/avatar\/7c5bd30ae4b47a9ba3c856590957fd1d96dc588bf3ac05719d247e126840331f?s=96&d=mm&r=g","url":"https:\/\/secure.gravatar.com\/avatar\/7c5bd30ae4b47a9ba3c856590957fd1d96dc588bf3ac05719d247e126840331f?s=96&d=mm&r=g","contentUrl":"https:\/\/secure.gravatar.com\/avatar\/7c5bd30ae4b47a9ba3c856590957fd1d96dc588bf3ac05719d247e126840331f?s=96&d=mm&r=g","caption":"libna"}}]}},"_links":{"self":[{"href":"https:\/\/interamerica.org\/es\/wp-json\/wp\/v2\/posts\/58484","targetHints":{"allow":["GET"]}}],"collection":[{"href":"https:\/\/interamerica.org\/es\/wp-json\/wp\/v2\/posts"}],"about":[{"href":"https:\/\/interamerica.org\/es\/wp-json\/wp\/v2\/types\/post"}],"author":[{"embeddable":true,"href":"https:\/\/interamerica.org\/es\/wp-json\/wp\/v2\/users\/3"}],"replies":[{"embeddable":true,"href":"https:\/\/interamerica.org\/es\/wp-json\/wp\/v2\/comments?post=58484"}],"version-history":[{"count":0,"href":"https:\/\/interamerica.org\/es\/wp-json\/wp\/v2\/posts\/58484\/revisions"}],"wp:featuredmedia":[{"embeddable":true,"href":"https:\/\/interamerica.org\/es\/wp-json\/wp\/v2\/media\/58482"}],"wp:attachment":[{"href":"https:\/\/interamerica.org\/es\/wp-json\/wp\/v2\/media?parent=58484"}],"wp:term":[{"taxonomy":"category","embeddable":true,"href":"https:\/\/interamerica.org\/es\/wp-json\/wp\/v2\/categories?post=58484"},{"taxonomy":"post_tag","embeddable":true,"href":"https:\/\/interamerica.org\/es\/wp-json\/wp\/v2\/tags?post=58484"}],"curies":[{"name":"wp","href":"https:\/\/api.w.org\/{rel}","templated":true}]}}