{"id":58489,"date":"2020-05-07T12:15:44","date_gmt":"2020-05-07T16:15:44","guid":{"rendered":"https:\/\/recursing-golick.147-182-135-0.plesk.page\/?p=58489"},"modified":"2020-05-12T21:08:00","modified_gmt":"2020-05-13T01:08:00","slug":"los-principales-lideres-adventistas-oran-por-la-feligresia-analizan-el-crecimiento-y-votan-iniciativa-abarcadora-de-evangelismo","status":"publish","type":"post","link":"https:\/\/interamerica.org\/es\/2020\/05\/los-principales-lideres-adventistas-oran-por-la-feligresia-analizan-el-crecimiento-y-votan-iniciativa-abarcadora-de-evangelismo\/","title":{"rendered":"Los principales l\u00edderes adventistas oran por la feligres\u00eda, analizan el crecimiento y votan iniciativa abarcadora de evangelismo"},"content":{"rendered":"<p><div id=\"attachment_58370\" style=\"width: 810px\" class=\"wp-caption aligncenter\"><img fetchpriority=\"high\" decoding=\"async\" aria-describedby=\"caption-attachment-58370\" class=\" wp-image-58368\" src=\"https:\/\/recursing-golick.147-182-135-0.plesk.page\/wp-content\/uploads\/2020\/05\/elie-henry-mym-20-may6-am-1024x640.jpg\" alt=\"\" width=\"800\" height=\"500\" srcset=\"https:\/\/interamerica.org\/wp-content\/uploads\/2020\/05\/elie-henry-mym-20-may6-am-1024x640.jpg 1024w, https:\/\/interamerica.org\/wp-content\/uploads\/2020\/05\/elie-henry-mym-20-may6-am-300x188.jpg 300w, https:\/\/interamerica.org\/wp-content\/uploads\/2020\/05\/elie-henry-mym-20-may6-am-768x480.jpg 768w, https:\/\/interamerica.org\/wp-content\/uploads\/2020\/05\/elie-henry-mym-20-may6-am.jpg 1280w\" sizes=\"(max-width: 800px) 100vw, 800px\" \/><p id=\"caption-attachment-58370\" class=\"wp-caption-text\">El pastor Elie Henry, presidente de la Divisi\u00f3n Interamericana, habla a los principales miembros de la junta directiva por videoconferencia, durante el comienzo de las sesiones de mitad de a\u00f1o de la Iglesia Adventista en Miami, Florida, Estados Unidos, el 6 de mayo de 2020. [Fotograf\u00eda: Abel M\u00e1rquez\/DIA]<\/p><\/div>7 de mayo de 2020 | Miami, Florida, Estados Unidos | Libna Stevens, Noticias de la Divisi\u00f3n Interamericana<\/p>\n<p>Los principales l\u00edderes de la Iglesia Adventista del S\u00e9ptimo D\u00eda en la Divisi\u00f3n Interamericana comenzaron el primer d\u00eda de las sesiones de fin de a\u00f1o de su junta directiva con momentos de oraci\u00f3n por la obra de la iglesia y la seguridad de sus miembros en todo el territorio.<\/p>\n<p>\u201cTodos ustedes se dan cuenta de que el tiempo en que estamos viviendo es un momento especial no solo para nosotros como parte de la familia de Interam\u00e9rica sino que es una situaci\u00f3n que est\u00e1 afectando al mundo de manera global\u201d, dijo el pastor Elie Henry, presidente de la Iglesia Adventista en Interam\u00e9rica. \u201cEn todos lados se est\u00e1 hablando de esta pandemia del coronavirus, y creemos que en momentos como estos es muy importante que nosotros vayamos y le pidamos a Dios que intervenga para que nos ayude en esta situaci\u00f3n\u201d.<\/p>\n<p>Las reuniones por videoconferencia, que reunieron a m\u00e1s de 160 miembros de la junta directiva esparcidos en las 24 regiones principales de la Divisi\u00f3n Interamericana, iniciaron una sesi\u00f3n de oraci\u00f3n por las v\u00edctimas del COVID-19 y sus familias entre los miembros de iglesia y por las de la comunidad. Tambi\u00e9n oraron por las autoridades en cada uno de los pa\u00edses representados en el territorio, por la iglesia y su misi\u00f3n, por los empleados de la organizaci\u00f3n, en especial por los que pertenecen a instituciones de salud y compa\u00f1\u00edas de alimentos en la primera l\u00ednea de lucha, como as\u00ed tambi\u00e9n por los campos locales, las uniones y las instituciones educacionales.<\/p>\n<p><div id=\"attachment_58373\" style=\"width: 819px\" class=\"wp-caption aligncenter\"><img decoding=\"async\" aria-describedby=\"caption-attachment-58373\" class=\" wp-image-58371\" src=\"https:\/\/recursing-golick.147-182-135-0.plesk.page\/wp-content\/uploads\/2020\/05\/mym-20-zoom-may-6-am-1024x611.jpg\" alt=\"\" width=\"809\" height=\"483\" srcset=\"https:\/\/interamerica.org\/wp-content\/uploads\/2020\/05\/mym-20-zoom-may-6-am-1024x611.jpg 1024w, https:\/\/interamerica.org\/wp-content\/uploads\/2020\/05\/mym-20-zoom-may-6-am-300x179.jpg 300w, https:\/\/interamerica.org\/wp-content\/uploads\/2020\/05\/mym-20-zoom-may-6-am-768x459.jpg 768w, https:\/\/interamerica.org\/wp-content\/uploads\/2020\/05\/mym-20-zoom-may-6-am.jpg 1050w\" sizes=\"(max-width: 809px) 100vw, 809px\" \/><p id=\"caption-attachment-58373\" class=\"wp-caption-text\">Parte de los 160 miembros de la Junta Directiva se conectan por medio de Zoom, durante el primer d\u00eda de las sesiones de mitad de a\u00f1o de la iglesia, el 6 de mayo de 2020. [Fotograf\u00eda: Abel M\u00e1rquez\/DIA]<\/p><\/div>\u201cEstamos enfrentando grandes desaf\u00edos como iglesia, pero tenemos que recurrir a Dios, y \u00e9l nos responder\u00e1\u201d, dijo el pastor Henry.<\/p>\n<p><strong>Crecimiento de la iglesia<\/strong><\/p>\n<p>Al destacar el fin del per\u00edodo de cinco a\u00f1os de crecimiento de las iglesias y las feligres\u00eda desde 2015, el pastor Leonard Johnson, secretario ejecutivo de la Iglesia Adventista en Interam\u00e9rica, inform\u00f3 que el a\u00f1o 2019 cerr\u00f3 con 184.279 nuevos miembros bautizados en la iglesia. El total de miembros en la Divisi\u00f3n Interamericana alcanza para diciembre de 2019 los 3.708.300. El informe presentado menciona que hay un total de 23.209 iglesias y congregaciones en el territorio. Esto representa 393 congregaciones nuevas tan solo en 2019, lo que significa un promedio de 33 congregaciones nuevas por mes a lo largo del a\u00f1o, expres\u00f3.<\/p>\n<p>\u201cInteram\u00e9rica contin\u00faa ocupando el tercer lugar en n\u00famero de feligreses entre las trece divisiones de la iglesia mundial\u201d, dijo el pastor Johnson. Es un lugar que ha ocupado durante m\u00e1s de dos d\u00e9cadas\u201d, inform\u00f3. \u201cAl comienzo del quinquenio [en 2015], los l\u00edderes de la iglesia se comprometieron a bautizar un mill\u00f3n de miembros,\u201d explic\u00f3. El total de bautismos durante el per\u00edodo de cinco a\u00f1os alcanz\u00f3 los 905.341.<\/p>\n<p><div id=\"attachment_58385\" style=\"width: 809px\" class=\"wp-caption aligncenter\"><img decoding=\"async\" aria-describedby=\"caption-attachment-58385\" class=\" wp-image-58383\" src=\"https:\/\/recursing-golick.147-182-135-0.plesk.page\/wp-content\/uploads\/2020\/05\/leonard-johnson-mym-20.jpg\" alt=\"\" width=\"799\" height=\"599\" srcset=\"https:\/\/interamerica.org\/wp-content\/uploads\/2020\/05\/leonard-johnson-mym-20.jpg 1024w, https:\/\/interamerica.org\/wp-content\/uploads\/2020\/05\/leonard-johnson-mym-20-300x225.jpg 300w, https:\/\/interamerica.org\/wp-content\/uploads\/2020\/05\/leonard-johnson-mym-20-768x576.jpg 768w\" sizes=\"(max-width: 799px) 100vw, 799px\" \/><p id=\"caption-attachment-58385\" class=\"wp-caption-text\">El pastor Leonard Johnson, secretario ejecutivo de la Iglesia Adventista en Interam\u00e9rica, comparte estad\u00edsticas sobre el n\u00famero de miembros hasta diciembre de 2019, durante su informe a la junta. [Fotograf\u00eda: Abel M\u00e1rquez\/DIA]<\/p><\/div>Aunque eso suma casi un mill\u00f3n, como resultado de la auditor\u00eda continuada de las n\u00f3minas de miembros en el territorio, las cartas de traslado, los decesos, los miembros que dejaron de serlo o de paradero desconocido, y otros ajustes, las p\u00e9rdidas de miembros en 2019 sumaron 261.167. \u201cEstamos perdiendo demasiados miembros\u201d, dijo Johnson. \u201cY estamos bautizando, pero podemos mejorar en la tarea de retener y llevar registros\u201d.<\/p>\n<p>El pastor Johnson se\u00f1al\u00f3 que en 2022, la Divisi\u00f3n Interamericana celebrar\u00e1 cien a\u00f1os desde que fue establecida como divisi\u00f3n. \u201cQueremos alcanzar la marca de cuatro millones de miembros en 20200 y seguir alabando a Dios por lo que ha hecho y lo que hemos podido lograr\u201d. Seg\u00fan su informe, en 1922, en la Divisi\u00f3n Interamericana hab\u00eda 8146 miembros registrados. Para 1987, se alcanz\u00f3 la marca de un mill\u00f3n de miembros. Entonces, en 2000, se lleg\u00f3 a los dos millones, y en 2008 se pas\u00f3 la marca de tres millones.<\/p>\n<p>Hacer que m\u00e1s miembros activos se muestren comprometidos y participen de compartir el evangelio donde viven se encuentra en el centro del nuevo plan estrat\u00e9gico votado por los principales l\u00edderes de la iglesia. Denominado \u2018I Will Go Interam\u00e9rica\u2019, la iniciativa abarcadora ha estado en etapa de preparaci\u00f3n durante m\u00e1s de ocho meses por parte de los principales l\u00edderes de la Iglesia Adventista en la Divisi\u00f3n Interamericana.<\/p>\n<p><div id=\"attachment_58423\" style=\"width: 813px\" class=\"wp-caption aligncenter\"><img loading=\"lazy\" decoding=\"async\" aria-describedby=\"caption-attachment-58423\" class=\" wp-image-58421\" src=\"https:\/\/recursing-golick.147-182-135-0.plesk.page\/wp-content\/uploads\/2020\/05\/secretary-report-may2020-for-2019-1024x570.png\" alt=\"\" width=\"803\" height=\"447\" srcset=\"https:\/\/interamerica.org\/wp-content\/uploads\/2020\/05\/secretary-report-may2020-for-2019-1024x570.png 1024w, https:\/\/interamerica.org\/wp-content\/uploads\/2020\/05\/secretary-report-may2020-for-2019-300x167.png 300w, https:\/\/interamerica.org\/wp-content\/uploads\/2020\/05\/secretary-report-may2020-for-2019-768x427.png 768w, https:\/\/interamerica.org\/wp-content\/uploads\/2020\/05\/secretary-report-may2020-for-2019-1536x855.png 1536w, https:\/\/interamerica.org\/wp-content\/uploads\/2020\/05\/secretary-report-may2020-for-2019.png 1754w\" sizes=\"(max-width: 803px) 100vw, 803px\" \/><p id=\"caption-attachment-58423\" class=\"wp-caption-text\">Parte del informe del secretario ejecutivo de la Divisi\u00f3n Interamericana mostr\u00f3 que la feligres\u00eda de la Iglesia Adventista en Interam\u00e9rica suma en el presente 3,7 millones, con 23.209 iglesias y congregaciones. [Gr\u00e1fico: Cortes\u00eda de Leonard Johnson\/DIA]<\/p><\/div><strong>Iniciativa \u2018I Will Go \u2013 Interam\u00e9rica\u2019<\/strong><\/p>\n<p>\u201cI Will Go &#8211; Interam\u00e9rica\u201d implica inspirar y equipar a todos los miembros de iglesia para que usen los dones espirituales que Dios les ha dado para testificar y servir a Cristo al alcanzar a todas las personas del territorio e influirlos a aceptar a Cristo como su Salvador personal\u201d, expres\u00f3 el pastor Balvin Braham, asistente del presidente de la Divisi\u00f3n Interamericana en el \u00e1rea de evangelismo, al presentar la versi\u00f3n final del plan a los miembros de la Junta Directiva antes de su votaci\u00f3n final.<\/p>\n<p>El documento del plan afirma las declaraciones de misi\u00f3n, visi\u00f3n y valores de la Divisi\u00f3n Interamericana, se basa la iniciativa reciente \u2018<a href=\"https:\/\/iwillgo2020.org\/\">I Will Go\u2019<\/a> de la Asociaci\u00f3n General, e incorpora factores claves del resultado de una reciente encuesta a los miembros de iglesia, en busca de un mayor impacto espiritual y un \u00e9nfasis m\u00e1s efectivo en la misi\u00f3n a lo largo y a lo ancho de toda la organizaci\u00f3n, desde la iglesia local hasta la misi\u00f3n, la asociaci\u00f3n, la uni\u00f3n, la divisi\u00f3n y a nivel institucional.<\/p>\n<p>Formulado para responder a los tres principales temas estrat\u00e9gico de Interam\u00e9rica, a saber, el evangelismo, la educaci\u00f3n y el servicio comunitario, el plan incluye m\u00e1s de una veintena de Indicadores Claves de Rendimiento para desarrollar y ejecutar planes de acci\u00f3n, acompa\u00f1ado de un plan financiero y un proceso de evaluaci\u00f3n que garantice la efectividad, explic\u00f3 Braham.<\/p>\n<p><div id=\"attachment_58434\" style=\"width: 521px\" class=\"wp-caption aligncenter\"><img loading=\"lazy\" decoding=\"async\" aria-describedby=\"caption-attachment-58434\" class=\" wp-image-58432\" src=\"https:\/\/recursing-golick.147-182-135-0.plesk.page\/wp-content\/uploads\/2020\/05\/iwillgo-cover-609x1024.jpg\" alt=\"\" width=\"511\" height=\"859\" srcset=\"https:\/\/interamerica.org\/wp-content\/uploads\/2020\/05\/iwillgo-cover-609x1024.jpg 609w, https:\/\/interamerica.org\/wp-content\/uploads\/2020\/05\/iwillgo-cover-178x300.jpg 178w, https:\/\/interamerica.org\/wp-content\/uploads\/2020\/05\/iwillgo-cover.jpg 640w\" sizes=\"(max-width: 511px) 100vw, 511px\" \/><p id=\"caption-attachment-58434\" class=\"wp-caption-text\">El plan abarcador \u2018I Will Go Interam\u00e9rica\u2019 fue votado el 6 de mayo de 2020, y se encuentra disponible en los tres idiomas para que sea implementado en todo el territorio a partir de este a\u00f1o. [Gr\u00e1fico: DIA]<\/p><\/div>El <strong>\u00e9nfasis en evangelismo<\/strong> buscar\u00e1 motivar \u201ca cada l\u00edder y miembro para que crezca como disc\u00edpulo de Cristo, compartiendo el evangelio con otros, garantizando una ganancia de almas continuada y crecimiento en el cuerpo de Cristo\u201d, expresa el documento. Implica alcanzar, equipar, rescatar y retener a personas de todas las clases y demograf\u00edas por medio de un plan inclusivo y de colaboraci\u00f3n: iniciativas para ganancia de almas, retenci\u00f3n de los miembros nuevos y evangelismo y misi\u00f3n.<\/p>\n<p>El <strong>\u00e9nfasis en la educaci\u00f3n<\/strong> incluye: 1) la educaci\u00f3n formal adquirida a trav\u00e9s de un enfoque educacional cristoc\u00e9ntrico en las escuelas e instituciones adventistas; y 2) la educaci\u00f3n no formal, que es un paradigma del discipulado que prepara a todos para el gozo del servicio en este mundo y en el mundo venidero. La educaci\u00f3n formal incluir\u00e1 mejoras acad\u00e9micas, crecimiento estudiantil, acreditaci\u00f3n y accesibilidad a la educaci\u00f3n adventista a lo largo y a lo ancho del territorio. La educaci\u00f3n no formal incluir\u00e1 el discipulado y la capacitaci\u00f3n en liderazgo.<\/p>\n<p>El <strong>\u00e9nfasis en Servicios Comunitarios<\/strong> \u201ccubre los puntos fundamentales para conectarse con las personas, por medio de iniciativas organizadas y ejecutadas deliberadamente que respondan a las necesidades sociales, emocionales y f\u00edsicas de los residentes dentro de \u00e1reas urbanas, suburbanas y rurales. Tambi\u00e9n responde a las necesidades de desarrollo dentro de las comunidades, como as\u00ed tambi\u00e9n a la mejora de la imagen de la iglesia en la comunidad. Los objetivos incluyen el impacto misionero, el desarrollo comunitario, el impacto socioemocional, as\u00ed como el crecimiento y el desarrollo f\u00edsicos.<\/p>\n<p><div id=\"attachment_58376\" style=\"width: 815px\" class=\"wp-caption aligncenter\"><img loading=\"lazy\" decoding=\"async\" aria-describedby=\"caption-attachment-58376\" class=\" wp-image-58374\" src=\"https:\/\/recursing-golick.147-182-135-0.plesk.page\/wp-content\/uploads\/2020\/05\/judith-robinson-mym-20.jpg\" alt=\"\" width=\"805\" height=\"604\" srcset=\"https:\/\/interamerica.org\/wp-content\/uploads\/2020\/05\/judith-robinson-mym-20.jpg 950w, https:\/\/interamerica.org\/wp-content\/uploads\/2020\/05\/judith-robinson-mym-20-300x225.jpg 300w, https:\/\/interamerica.org\/wp-content\/uploads\/2020\/05\/judith-robinson-mym-20-768x576.jpg 768w\" sizes=\"(max-width: 805px) 100vw, 805px\" \/><p id=\"caption-attachment-58376\" class=\"wp-caption-text\">Judith Robinson, representante laica de la Uni\u00f3n del Caribe Atl\u00e1ntico, ora durante los momentos de oraci\u00f3n en l\u00ednea con otros miembros de la Junta Directiva, el 6 de mayo de 2020. [Fotograf\u00eda: Abel M\u00e1rquez\/Divisi\u00f3n Interamericana]<\/p><\/div>El pastor Braham explic\u00f3 que el plan estrat\u00e9gico contar\u00e1 con un proceso de evaluaci\u00f3n para cada una de las \u00e1reas de \u00e9nfasis para una efectividad organizacional \u00f3ptima. Lea todo el plan abarcador de \u2018I Will Go Interam\u00e9rica\u2019 <a href=\"https:\/\/recursing-golick.147-182-135-0.plesk.page\/project\/i-will-go-strategic-plan-2020-2025\/\">AQU\u00cd<\/a><\/p>\n<p>La Junta Directiva vot\u00f3 un\u00e1nimemente adoptar el plan estrat\u00e9gico para los pr\u00f3ximos cinco a\u00f1os a lo largo y a lo ancho de sus pa\u00edses e islas, como as\u00ed tambi\u00e9n aprob\u00f3 las reorganizaciones de la Misi\u00f3n del Valle de M\u00e9xico y la Misi\u00f3n Norte de Costa Rica a un estatus superior, y la Misi\u00f3n Cubana Central para un ajuste del territorio.<\/p>\n<p>Por actualizaciones sobre las Reuniones de Mitad de A\u00f1o de Interam\u00e9rica de esta semana, vis\u00edtenos en <a href=\"https:\/\/recursing-golick.147-182-135-0.plesk.page\/news\/\">interamerica.org<\/a><\/p>\n<p>Traducci\u00f3n de Marcos Paseggi<\/p>\n","protected":false},"excerpt":{"rendered":"<p>7 de mayo de 2020 | Miami, Florida, Estados Unidos | Libna Stevens, Noticias de la Divisi\u00f3n Interamericana Los principales l\u00edderes de la Iglesia Adventista del S\u00e9ptimo D\u00eda en la&#8230;<\/p>\n","protected":false},"author":3,"featured_media":58427,"comment_status":"open","ping_status":"closed","sticky":false,"template":"","format":"standard","meta":{"_acf_changed":false,"footnotes":""},"categories":[16,15],"tags":[],"class_list":["post-58489","post","type-post","status-publish","format-standard","has-post-thumbnail","hentry","category-desde-la-sede","category-rss-espanol"],"acf":[],"yoast_head":"<!-- This site is optimized with the Yoast SEO plugin v27.3 - https:\/\/yoast.com\/product\/yoast-seo-wordpress\/ -->\n<title>Los principales l\u00edderes adventistas oran por la feligres\u00eda, analizan el crecimiento y votan iniciativa abarcadora de evangelismo - Iglesia Adventista del S\u00e9ptimo D\u00eda - Divisi\u00f3n Interamericana<\/title>\n<meta name=\"robots\" content=\"index, follow, max-snippet:-1, max-image-preview:large, max-video-preview:-1\" \/>\n<link rel=\"canonical\" href=\"https:\/\/interamerica.org\/es\/2020\/05\/los-principales-lideres-adventistas-oran-por-la-feligresia-analizan-el-crecimiento-y-votan-iniciativa-abarcadora-de-evangelismo\/\" \/>\n<meta property=\"og:locale\" content=\"es_ES\" \/>\n<meta property=\"og:type\" content=\"article\" \/>\n<meta property=\"og:title\" content=\"Los principales l\u00edderes adventistas oran por la feligres\u00eda, analizan el crecimiento y votan iniciativa abarcadora de evangelismo - Iglesia Adventista del S\u00e9ptimo D\u00eda - Divisi\u00f3n Interamericana\" \/>\n<meta property=\"og:description\" content=\"7 de mayo de 2020 | Miami, Florida, Estados Unidos | Libna Stevens, Noticias de la Divisi\u00f3n Interamericana Los principales l\u00edderes de la Iglesia Adventista del S\u00e9ptimo D\u00eda en la...\" \/>\n<meta property=\"og:url\" content=\"https:\/\/interamerica.org\/es\/2020\/05\/los-principales-lideres-adventistas-oran-por-la-feligresia-analizan-el-crecimiento-y-votan-iniciativa-abarcadora-de-evangelismo\/\" \/>\n<meta property=\"og:site_name\" content=\"Iglesia Adventista del S\u00e9ptimo D\u00eda - Divisi\u00f3n Interamericana\" \/>\n<meta property=\"article:published_time\" content=\"2020-05-07T16:15:44+00:00\" \/>\n<meta property=\"article:modified_time\" content=\"2020-05-13T01:08:00+00:00\" \/>\n<meta property=\"og:image\" content=\"https:\/\/interamerica.org\/wp-content\/uploads\/2020\/05\/iad-mym-header1280.jpg\" \/>\n\t<meta property=\"og:image:width\" content=\"1280\" \/>\n\t<meta property=\"og:image:height\" content=\"800\" \/>\n\t<meta property=\"og:image:type\" content=\"image\/jpeg\" \/>\n<meta name=\"author\" content=\"libna\" \/>\n<meta name=\"twitter:card\" content=\"summary_large_image\" \/>\n<meta name=\"twitter:label1\" content=\"Escrito por\" \/>\n\t<meta name=\"twitter:data1\" content=\"libna\" \/>\n\t<meta name=\"twitter:label2\" content=\"Tiempo de lectura\" \/>\n\t<meta name=\"twitter:data2\" content=\"8 minutos\" \/>\n<script type=\"application\/ld+json\" class=\"yoast-schema-graph\">{\"@context\":\"https:\\\/\\\/schema.org\",\"@graph\":[{\"@type\":\"Article\",\"@id\":\"https:\\\/\\\/interamerica.org\\\/es\\\/2020\\\/05\\\/los-principales-lideres-adventistas-oran-por-la-feligresia-analizan-el-crecimiento-y-votan-iniciativa-abarcadora-de-evangelismo\\\/#article\",\"isPartOf\":{\"@id\":\"https:\\\/\\\/interamerica.org\\\/es\\\/2020\\\/05\\\/los-principales-lideres-adventistas-oran-por-la-feligresia-analizan-el-crecimiento-y-votan-iniciativa-abarcadora-de-evangelismo\\\/\"},\"author\":{\"name\":\"libna\",\"@id\":\"https:\\\/\\\/interamerica.org\\\/es\\\/#\\\/schema\\\/person\\\/29998f2bc2d8bd0d38662909289b54f1\"},\"headline\":\"Los principales l\u00edderes adventistas oran por la feligres\u00eda, analizan el crecimiento y votan iniciativa abarcadora de evangelismo\",\"datePublished\":\"2020-05-07T16:15:44+00:00\",\"dateModified\":\"2020-05-13T01:08:00+00:00\",\"mainEntityOfPage\":{\"@id\":\"https:\\\/\\\/interamerica.org\\\/es\\\/2020\\\/05\\\/los-principales-lideres-adventistas-oran-por-la-feligresia-analizan-el-crecimiento-y-votan-iniciativa-abarcadora-de-evangelismo\\\/\"},\"wordCount\":1690,\"commentCount\":0,\"image\":{\"@id\":\"https:\\\/\\\/interamerica.org\\\/es\\\/2020\\\/05\\\/los-principales-lideres-adventistas-oran-por-la-feligresia-analizan-el-crecimiento-y-votan-iniciativa-abarcadora-de-evangelismo\\\/#primaryimage\"},\"thumbnailUrl\":\"https:\\\/\\\/interamerica.org\\\/wp-content\\\/uploads\\\/2020\\\/05\\\/iad-mym-header1280.jpg\",\"articleSection\":[\"Desde la sede\",\"RSS Espa\u00f1ol\"],\"inLanguage\":\"es\",\"potentialAction\":[{\"@type\":\"CommentAction\",\"name\":\"Comment\",\"target\":[\"https:\\\/\\\/interamerica.org\\\/es\\\/2020\\\/05\\\/los-principales-lideres-adventistas-oran-por-la-feligresia-analizan-el-crecimiento-y-votan-iniciativa-abarcadora-de-evangelismo\\\/#respond\"]}]},{\"@type\":\"WebPage\",\"@id\":\"https:\\\/\\\/interamerica.org\\\/es\\\/2020\\\/05\\\/los-principales-lideres-adventistas-oran-por-la-feligresia-analizan-el-crecimiento-y-votan-iniciativa-abarcadora-de-evangelismo\\\/\",\"url\":\"https:\\\/\\\/interamerica.org\\\/es\\\/2020\\\/05\\\/los-principales-lideres-adventistas-oran-por-la-feligresia-analizan-el-crecimiento-y-votan-iniciativa-abarcadora-de-evangelismo\\\/\",\"name\":\"Los principales l\u00edderes adventistas oran por la feligres\u00eda, analizan el crecimiento y votan iniciativa abarcadora de evangelismo - Iglesia Adventista del S\u00e9ptimo D\u00eda - Divisi\u00f3n Interamericana\",\"isPartOf\":{\"@id\":\"https:\\\/\\\/interamerica.org\\\/es\\\/#website\"},\"primaryImageOfPage\":{\"@id\":\"https:\\\/\\\/interamerica.org\\\/es\\\/2020\\\/05\\\/los-principales-lideres-adventistas-oran-por-la-feligresia-analizan-el-crecimiento-y-votan-iniciativa-abarcadora-de-evangelismo\\\/#primaryimage\"},\"image\":{\"@id\":\"https:\\\/\\\/interamerica.org\\\/es\\\/2020\\\/05\\\/los-principales-lideres-adventistas-oran-por-la-feligresia-analizan-el-crecimiento-y-votan-iniciativa-abarcadora-de-evangelismo\\\/#primaryimage\"},\"thumbnailUrl\":\"https:\\\/\\\/interamerica.org\\\/wp-content\\\/uploads\\\/2020\\\/05\\\/iad-mym-header1280.jpg\",\"datePublished\":\"2020-05-07T16:15:44+00:00\",\"dateModified\":\"2020-05-13T01:08:00+00:00\",\"author\":{\"@id\":\"https:\\\/\\\/interamerica.org\\\/es\\\/#\\\/schema\\\/person\\\/29998f2bc2d8bd0d38662909289b54f1\"},\"breadcrumb\":{\"@id\":\"https:\\\/\\\/interamerica.org\\\/es\\\/2020\\\/05\\\/los-principales-lideres-adventistas-oran-por-la-feligresia-analizan-el-crecimiento-y-votan-iniciativa-abarcadora-de-evangelismo\\\/#breadcrumb\"},\"inLanguage\":\"es\",\"potentialAction\":[{\"@type\":\"ReadAction\",\"target\":[\"https:\\\/\\\/interamerica.org\\\/es\\\/2020\\\/05\\\/los-principales-lideres-adventistas-oran-por-la-feligresia-analizan-el-crecimiento-y-votan-iniciativa-abarcadora-de-evangelismo\\\/\"]}]},{\"@type\":\"ImageObject\",\"inLanguage\":\"es\",\"@id\":\"https:\\\/\\\/interamerica.org\\\/es\\\/2020\\\/05\\\/los-principales-lideres-adventistas-oran-por-la-feligresia-analizan-el-crecimiento-y-votan-iniciativa-abarcadora-de-evangelismo\\\/#primaryimage\",\"url\":\"https:\\\/\\\/interamerica.org\\\/wp-content\\\/uploads\\\/2020\\\/05\\\/iad-mym-header1280.jpg\",\"contentUrl\":\"https:\\\/\\\/interamerica.org\\\/wp-content\\\/uploads\\\/2020\\\/05\\\/iad-mym-header1280.jpg\",\"width\":1280,\"height\":800,\"caption\":\"[Fotograf\u00eda: Abel M\u00e1rquez\\\/DIA]\"},{\"@type\":\"BreadcrumbList\",\"@id\":\"https:\\\/\\\/interamerica.org\\\/es\\\/2020\\\/05\\\/los-principales-lideres-adventistas-oran-por-la-feligresia-analizan-el-crecimiento-y-votan-iniciativa-abarcadora-de-evangelismo\\\/#breadcrumb\",\"itemListElement\":[{\"@type\":\"ListItem\",\"position\":1,\"name\":\"Home\",\"item\":\"https:\\\/\\\/interamerica.org\\\/es\\\/\"},{\"@type\":\"ListItem\",\"position\":2,\"name\":\"Los principales l\u00edderes adventistas oran por la feligres\u00eda, analizan el crecimiento y votan iniciativa abarcadora de evangelismo\"}]},{\"@type\":\"WebSite\",\"@id\":\"https:\\\/\\\/interamerica.org\\\/es\\\/#website\",\"url\":\"https:\\\/\\\/interamerica.org\\\/es\\\/\",\"name\":\"Iglesia Adventista del S\u00e9ptimo D\u00eda - Divisi\u00f3n Interamericana\",\"description\":\"\",\"potentialAction\":[{\"@type\":\"SearchAction\",\"target\":{\"@type\":\"EntryPoint\",\"urlTemplate\":\"https:\\\/\\\/interamerica.org\\\/es\\\/?s={search_term_string}\"},\"query-input\":{\"@type\":\"PropertyValueSpecification\",\"valueRequired\":true,\"valueName\":\"search_term_string\"}}],\"inLanguage\":\"es\"},{\"@type\":\"Person\",\"@id\":\"https:\\\/\\\/interamerica.org\\\/es\\\/#\\\/schema\\\/person\\\/29998f2bc2d8bd0d38662909289b54f1\",\"name\":\"libna\",\"image\":{\"@type\":\"ImageObject\",\"inLanguage\":\"es\",\"@id\":\"https:\\\/\\\/secure.gravatar.com\\\/avatar\\\/7c5bd30ae4b47a9ba3c856590957fd1d96dc588bf3ac05719d247e126840331f?s=96&d=mm&r=g\",\"url\":\"https:\\\/\\\/secure.gravatar.com\\\/avatar\\\/7c5bd30ae4b47a9ba3c856590957fd1d96dc588bf3ac05719d247e126840331f?s=96&d=mm&r=g\",\"contentUrl\":\"https:\\\/\\\/secure.gravatar.com\\\/avatar\\\/7c5bd30ae4b47a9ba3c856590957fd1d96dc588bf3ac05719d247e126840331f?s=96&d=mm&r=g\",\"caption\":\"libna\"}}]}<\/script>\n<!-- \/ Yoast SEO plugin. -->","yoast_head_json":{"title":"Los principales l\u00edderes adventistas oran por la feligres\u00eda, analizan el crecimiento y votan iniciativa abarcadora de evangelismo - Iglesia Adventista del S\u00e9ptimo D\u00eda - Divisi\u00f3n Interamericana","robots":{"index":"index","follow":"follow","max-snippet":"max-snippet:-1","max-image-preview":"max-image-preview:large","max-video-preview":"max-video-preview:-1"},"canonical":"https:\/\/interamerica.org\/es\/2020\/05\/los-principales-lideres-adventistas-oran-por-la-feligresia-analizan-el-crecimiento-y-votan-iniciativa-abarcadora-de-evangelismo\/","og_locale":"es_ES","og_type":"article","og_title":"Los principales l\u00edderes adventistas oran por la feligres\u00eda, analizan el crecimiento y votan iniciativa abarcadora de evangelismo - Iglesia Adventista del S\u00e9ptimo D\u00eda - Divisi\u00f3n Interamericana","og_description":"7 de mayo de 2020 | Miami, Florida, Estados Unidos | Libna Stevens, Noticias de la Divisi\u00f3n Interamericana Los principales l\u00edderes de la Iglesia Adventista del S\u00e9ptimo D\u00eda en la...","og_url":"https:\/\/interamerica.org\/es\/2020\/05\/los-principales-lideres-adventistas-oran-por-la-feligresia-analizan-el-crecimiento-y-votan-iniciativa-abarcadora-de-evangelismo\/","og_site_name":"Iglesia Adventista del S\u00e9ptimo D\u00eda - Divisi\u00f3n Interamericana","article_published_time":"2020-05-07T16:15:44+00:00","article_modified_time":"2020-05-13T01:08:00+00:00","og_image":[{"width":1280,"height":800,"url":"https:\/\/interamerica.org\/wp-content\/uploads\/2020\/05\/iad-mym-header1280.jpg","type":"image\/jpeg"}],"author":"libna","twitter_card":"summary_large_image","twitter_misc":{"Escrito por":"libna","Tiempo de lectura":"8 minutos"},"schema":{"@context":"https:\/\/schema.org","@graph":[{"@type":"Article","@id":"https:\/\/interamerica.org\/es\/2020\/05\/los-principales-lideres-adventistas-oran-por-la-feligresia-analizan-el-crecimiento-y-votan-iniciativa-abarcadora-de-evangelismo\/#article","isPartOf":{"@id":"https:\/\/interamerica.org\/es\/2020\/05\/los-principales-lideres-adventistas-oran-por-la-feligresia-analizan-el-crecimiento-y-votan-iniciativa-abarcadora-de-evangelismo\/"},"author":{"name":"libna","@id":"https:\/\/interamerica.org\/es\/#\/schema\/person\/29998f2bc2d8bd0d38662909289b54f1"},"headline":"Los principales l\u00edderes adventistas oran por la feligres\u00eda, analizan el crecimiento y votan iniciativa abarcadora de evangelismo","datePublished":"2020-05-07T16:15:44+00:00","dateModified":"2020-05-13T01:08:00+00:00","mainEntityOfPage":{"@id":"https:\/\/interamerica.org\/es\/2020\/05\/los-principales-lideres-adventistas-oran-por-la-feligresia-analizan-el-crecimiento-y-votan-iniciativa-abarcadora-de-evangelismo\/"},"wordCount":1690,"commentCount":0,"image":{"@id":"https:\/\/interamerica.org\/es\/2020\/05\/los-principales-lideres-adventistas-oran-por-la-feligresia-analizan-el-crecimiento-y-votan-iniciativa-abarcadora-de-evangelismo\/#primaryimage"},"thumbnailUrl":"https:\/\/interamerica.org\/wp-content\/uploads\/2020\/05\/iad-mym-header1280.jpg","articleSection":["Desde la sede","RSS Espa\u00f1ol"],"inLanguage":"es","potentialAction":[{"@type":"CommentAction","name":"Comment","target":["https:\/\/interamerica.org\/es\/2020\/05\/los-principales-lideres-adventistas-oran-por-la-feligresia-analizan-el-crecimiento-y-votan-iniciativa-abarcadora-de-evangelismo\/#respond"]}]},{"@type":"WebPage","@id":"https:\/\/interamerica.org\/es\/2020\/05\/los-principales-lideres-adventistas-oran-por-la-feligresia-analizan-el-crecimiento-y-votan-iniciativa-abarcadora-de-evangelismo\/","url":"https:\/\/interamerica.org\/es\/2020\/05\/los-principales-lideres-adventistas-oran-por-la-feligresia-analizan-el-crecimiento-y-votan-iniciativa-abarcadora-de-evangelismo\/","name":"Los principales l\u00edderes adventistas oran por la feligres\u00eda, analizan el crecimiento y votan iniciativa abarcadora de evangelismo - Iglesia Adventista del S\u00e9ptimo D\u00eda - Divisi\u00f3n Interamericana","isPartOf":{"@id":"https:\/\/interamerica.org\/es\/#website"},"primaryImageOfPage":{"@id":"https:\/\/interamerica.org\/es\/2020\/05\/los-principales-lideres-adventistas-oran-por-la-feligresia-analizan-el-crecimiento-y-votan-iniciativa-abarcadora-de-evangelismo\/#primaryimage"},"image":{"@id":"https:\/\/interamerica.org\/es\/2020\/05\/los-principales-lideres-adventistas-oran-por-la-feligresia-analizan-el-crecimiento-y-votan-iniciativa-abarcadora-de-evangelismo\/#primaryimage"},"thumbnailUrl":"https:\/\/interamerica.org\/wp-content\/uploads\/2020\/05\/iad-mym-header1280.jpg","datePublished":"2020-05-07T16:15:44+00:00","dateModified":"2020-05-13T01:08:00+00:00","author":{"@id":"https:\/\/interamerica.org\/es\/#\/schema\/person\/29998f2bc2d8bd0d38662909289b54f1"},"breadcrumb":{"@id":"https:\/\/interamerica.org\/es\/2020\/05\/los-principales-lideres-adventistas-oran-por-la-feligresia-analizan-el-crecimiento-y-votan-iniciativa-abarcadora-de-evangelismo\/#breadcrumb"},"inLanguage":"es","potentialAction":[{"@type":"ReadAction","target":["https:\/\/interamerica.org\/es\/2020\/05\/los-principales-lideres-adventistas-oran-por-la-feligresia-analizan-el-crecimiento-y-votan-iniciativa-abarcadora-de-evangelismo\/"]}]},{"@type":"ImageObject","inLanguage":"es","@id":"https:\/\/interamerica.org\/es\/2020\/05\/los-principales-lideres-adventistas-oran-por-la-feligresia-analizan-el-crecimiento-y-votan-iniciativa-abarcadora-de-evangelismo\/#primaryimage","url":"https:\/\/interamerica.org\/wp-content\/uploads\/2020\/05\/iad-mym-header1280.jpg","contentUrl":"https:\/\/interamerica.org\/wp-content\/uploads\/2020\/05\/iad-mym-header1280.jpg","width":1280,"height":800,"caption":"[Fotograf\u00eda: Abel M\u00e1rquez\/DIA]"},{"@type":"BreadcrumbList","@id":"https:\/\/interamerica.org\/es\/2020\/05\/los-principales-lideres-adventistas-oran-por-la-feligresia-analizan-el-crecimiento-y-votan-iniciativa-abarcadora-de-evangelismo\/#breadcrumb","itemListElement":[{"@type":"ListItem","position":1,"name":"Home","item":"https:\/\/interamerica.org\/es\/"},{"@type":"ListItem","position":2,"name":"Los principales l\u00edderes adventistas oran por la feligres\u00eda, analizan el crecimiento y votan iniciativa abarcadora de evangelismo"}]},{"@type":"WebSite","@id":"https:\/\/interamerica.org\/es\/#website","url":"https:\/\/interamerica.org\/es\/","name":"Iglesia Adventista del S\u00e9ptimo D\u00eda - Divisi\u00f3n Interamericana","description":"","potentialAction":[{"@type":"SearchAction","target":{"@type":"EntryPoint","urlTemplate":"https:\/\/interamerica.org\/es\/?s={search_term_string}"},"query-input":{"@type":"PropertyValueSpecification","valueRequired":true,"valueName":"search_term_string"}}],"inLanguage":"es"},{"@type":"Person","@id":"https:\/\/interamerica.org\/es\/#\/schema\/person\/29998f2bc2d8bd0d38662909289b54f1","name":"libna","image":{"@type":"ImageObject","inLanguage":"es","@id":"https:\/\/secure.gravatar.com\/avatar\/7c5bd30ae4b47a9ba3c856590957fd1d96dc588bf3ac05719d247e126840331f?s=96&d=mm&r=g","url":"https:\/\/secure.gravatar.com\/avatar\/7c5bd30ae4b47a9ba3c856590957fd1d96dc588bf3ac05719d247e126840331f?s=96&d=mm&r=g","contentUrl":"https:\/\/secure.gravatar.com\/avatar\/7c5bd30ae4b47a9ba3c856590957fd1d96dc588bf3ac05719d247e126840331f?s=96&d=mm&r=g","caption":"libna"}}]}},"_links":{"self":[{"href":"https:\/\/interamerica.org\/es\/wp-json\/wp\/v2\/posts\/58489","targetHints":{"allow":["GET"]}}],"collection":[{"href":"https:\/\/interamerica.org\/es\/wp-json\/wp\/v2\/posts"}],"about":[{"href":"https:\/\/interamerica.org\/es\/wp-json\/wp\/v2\/types\/post"}],"author":[{"embeddable":true,"href":"https:\/\/interamerica.org\/es\/wp-json\/wp\/v2\/users\/3"}],"replies":[{"embeddable":true,"href":"https:\/\/interamerica.org\/es\/wp-json\/wp\/v2\/comments?post=58489"}],"version-history":[{"count":0,"href":"https:\/\/interamerica.org\/es\/wp-json\/wp\/v2\/posts\/58489\/revisions"}],"wp:featuredmedia":[{"embeddable":true,"href":"https:\/\/interamerica.org\/es\/wp-json\/wp\/v2\/media\/58427"}],"wp:attachment":[{"href":"https:\/\/interamerica.org\/es\/wp-json\/wp\/v2\/media?parent=58489"}],"wp:term":[{"taxonomy":"category","embeddable":true,"href":"https:\/\/interamerica.org\/es\/wp-json\/wp\/v2\/categories?post=58489"},{"taxonomy":"post_tag","embeddable":true,"href":"https:\/\/interamerica.org\/es\/wp-json\/wp\/v2\/tags?post=58489"}],"curies":[{"name":"wp","href":"https:\/\/api.w.org\/{rel}","templated":true}]}}