{"id":58587,"date":"2020-05-10T08:34:11","date_gmt":"2020-05-10T12:34:11","guid":{"rendered":"https:\/\/recursing-golick.147-182-135-0.plesk.page\/?p=58587"},"modified":"2020-05-11T15:46:59","modified_gmt":"2020-05-11T19:46:59","slug":"lideres-adventistas-acuerdan-dar-pasos-concretos-para-prevenir-y-tratar-el-abuso-sexual","status":"publish","type":"post","link":"https:\/\/interamerica.org\/es\/2020\/05\/lideres-adventistas-acuerdan-dar-pasos-concretos-para-prevenir-y-tratar-el-abuso-sexual\/","title":{"rendered":"L\u00edderes adventistas acuerdan dar pasos concretos para prevenir y tratar el abuso sexual"},"content":{"rendered":"<p><span class=\"byline-news\">9 de mayo de 2020 | Silver Spring, Maryland, Estados Unidos | Por: Marcos Paseggi, <\/span><em><span class=\"byline-news\">Adventist Review<\/span><\/em><\/p>\n<p>Una y otra vez, los expertos en abuso sexual nos recuerdan que uno de los peores temores de las v\u00edctimas es verse ignoradas cuando buscan ayuda. Es algo, dicen los expertos, que puede llevar a consecuencias perjudiciales y a largo plazo para la salud.<\/p>\n<p>En el contexto de la vida de la iglesia y las organizaciones de trasfondo religioso, dicen ellos, esa violaci\u00f3n de la confianza puede resultar totalmente devastadora.<\/p>\n<p>Contra ese trasfondo, los l\u00edderes de la Iglesia Adventista del S\u00e9ptimo D\u00eda hace poco han brindado evidencias de que las regiones de la iglesia (o divisiones) est\u00e1n dando pasos concretos para asegurarse de que las organizaciones y las instituciones de la iglesia trabajen de manera decidida para prevenir el abuso sexual. Al mismo tiempo, los l\u00edderes regionales se han comprometido con seguir trabajando para redactar protocolos detallados para prevenir o responder a cualquier queja de abuso sexual en la iglesia.<\/p>\n<p>La medida se produjo al final de una animada discusi\u00f3n por Zoom y posterior votaci\u00f3n el pasado 15 de abril de 2020, en el segundo d\u00eda del Concilio de Primavera de la Iglesia Adventista, uno de los dos encuentros administrativos de la iglesia mundial. Debido a la pandemia del COVID-19, las sesiones de este a\u00f1o con decenas de l\u00edderes de todo el mundo se llevaron a cabo totalmente en l\u00ednea.<\/p>\n<p><strong>Abuso sexual en la iglesia<\/strong><\/p>\n<p>\u201cTriste es decirlo, nuestra iglesia no est\u00e1 inmune al abuso sexual\u201d, dijo Gary Krause, director de Misi\u00f3n Adventista, quien introdujo el \u00edtem de agenda para su discusi\u00f3n. Krause explic\u00f3 que la inclusi\u00f3n de este tema se produjo despu\u00e9s de informes de las divisiones de la iglesia y de discusiones que tuvieron lugar en la Comisi\u00f3n de la Asociaci\u00f3n General y los Directivos de las Divisiones (GCDO). Este organismo m\u00e1s reducido incluye los principales administradores de la iglesia mundial y las trece regiones del mundo. Krause dijo que en esa sesi\u00f3n, \u201cse dedic\u00f3 una gran cantidad de tiempo para escuchar a los l\u00edderes [regionales]. [El objetivo fue saber] qu\u00e9 est\u00e1n haciendo para prevenir los delitos por abuso sexual dentro de la iglesia en sus territorios\u201d.<\/p>\n<p>Krause dijo que se sent\u00eda feliz de informar que hay evidencias de que cada divisi\u00f3n de la iglesia est\u00e1 trabajando en el tema y est\u00e1 avanzando para dar a conocer medidas dise\u00f1adas para implementar principios votados hace mucho. \u201cSe est\u00e1n estableciendo protocolos\u201d, expres\u00f3.<\/p>\n<p>El presidente de la Iglesia Adventista Ted N. C. Wilson concord\u00f3, destacando que los l\u00edderes regionales han trabajado con las regiones de las uniones locales, ayudando a los miembros a sensibilizarse respecto de la prevenci\u00f3n del abuso sexual tanto en el caso de los ni\u00f1os como de los adultos.<\/p>\n<p>Es lo que hay que hacer, enfatiz\u00f3.<\/p>\n<p>\u201cNecesitamos un liderazgo s\u00f3lido [respecto de esta cuesti\u00f3n],\u201d dijo Wilson. \u201cTenemos que ayudar a las personas para que entiendan, y mostrarles un camino mejor\u201d.<\/p>\n<p><strong>Una larga historia de lucha contra el tema<\/strong><\/p>\n<p>La Iglesia Adventista del S\u00e9ptimo D\u00eda posee una historia de d\u00e9cadas de lucha contra el abuso sexual en la iglesia, aun a\u00f1os antes de que fuera com\u00fan encontrar el tema en los titulares de los peri\u00f3dicos, seg\u00fan los l\u00edderes. Ya all\u00e1 por 1987, los l\u00edderes de la iglesia votaron una <a href=\"https:\/\/www.adventist.org\/articles\/sexual-behavior\/\" target=\"_blank\" rel=\"noopener noreferrer\">Declaraci\u00f3n sobre conducta sexual<\/a>, y en 1990, a\u00f1adieron una <a href=\"https:\/\/www.adventist.org\/articles\/pornography\/\" target=\"_blank\" rel=\"noopener noreferrer\">Declaraci\u00f3n sobre la pornograf\u00eda<\/a>.<\/p>\n<p>Con el paso de los a\u00f1os, las declaraciones oficiales se enfocaron m\u00e1s en los aspectos espec\u00edficos, como lo fue la <a href=\"https:\/\/www.adventist.org\/articles\/statement-on-abuse-and-family-violence\/\" target=\"_blank\" rel=\"noopener noreferrer\">Declaraci\u00f3n sobre abuso y violencia familiar<\/a>, la <a href=\"https:\/\/www.adventist.org\/articles\/family-violence\/\" target=\"_blank\" rel=\"noopener noreferrer\">Declaraci\u00f3n sobre violencia familiar<\/a> de 1996, y la <a href=\"https:\/\/www.adventist.org\/articles\/child-sexual-abuse\/\" target=\"_blank\" rel=\"noopener noreferrer\">Declaraci\u00f3n sobre abuso infantil<\/a> de 1997. M\u00e1s tarde, en 2000, los l\u00edderes de la iglesia votaron una<a href=\"https:\/\/www.adventist.org\/articles\/female-genital-mutilation\/\" target=\"_blank\" rel=\"noopener noreferrer\">Declaraci\u00f3n sobre mutilaci\u00f3n genital femenina<\/a>, y en 2010, un documento sobre <a href=\"https:\/\/www.adventist.org\/articles\/ending-violence-against-women-and-girls\/\" target=\"_blank\" rel=\"noopener noreferrer\">Poner fin a la violencia contra las mujeres y las ni\u00f1as<\/a>.<\/p>\n<p>Seg\u00fan los l\u00edderes de la iglesia, la defensa de la Iglesia Adventista no ha estado relegada tan solo al voto de declaraciones oficiales. Durante a\u00f1os, el departamento de Ministerios de la Mujer, la Agencia Adventista de Desarrollo y Recursos Asistenciales (ADRA) y otros han luchado contra la violencia y el abuso tanto dentro como fuera de la iglesia, se\u00f1alaron los l\u00edderes.<\/p>\n<p>\u201cEl departamento de Ministerios de Salud est\u00e1 involucrado intencionalmente en esta \u00e1rea espec\u00edfica\u201d, dijo Peter Landless, quien est\u00e1 al frente de ese departamento de la iglesia mundial. \u201cEnse\u00f1amos a nuestros colegas de las divisiones la importancia de tratar el tema del abuso sexual, la violencia sexual y la violencia dom\u00e9stica\u201d, dijo Landless.<\/p>\n<p>Linda Koh, directora de Ministerios de Ni\u00f1os de la Iglesia Adventista, se mostr\u00f3 de acuerdo.<\/p>\n<p>\u201cDurante a\u00f1os, hemos estado trabajando con los l\u00edderes en favor de la seguridad de los ni\u00f1os\u201d, dijo Koh, que pidi\u00f3 a las regiones de la iglesia que sean conscientes del componente de abuso infantil al tratar el tema de abuso sexual.<\/p>\n<p>Por su parte, Mario Ceballos, director de Ministerios de Capellan\u00eda record\u00f3 tambi\u00e9n a los l\u00edderes de la <a href=\"https:\/\/ketteringhealth.org\/kettering\/\" target=\"_blank\" rel=\"noopener noreferrer\">Kettering Health Network<\/a> con sede en Ohio, Estados Unidos, una organizaci\u00f3n de atenci\u00f3n de la salud que cuenta con uno de los pocos centros de consejer\u00eda para miembros de la obra ministerial. Es un servicio fundamental, expres\u00f3, porque \u201calgunas esposas de nuestros ministros son v\u00edctimas del abuso sexual y f\u00edsico\u201d.<\/p>\n<p>La Iglesia Adventista tambi\u00e9n cuenta con una historia de asociarse con organizaciones como las Naciones Unidas para luchar contra el abuso, la violencia y el tr\u00e1fico de personas, dijo Ganoune Diop, director de Asuntos P\u00fablicas y Libertad Religiosa (PARL).<\/p>\n<p>\u201cHemos estado participando durante a\u00f1os. Los adventistas hemos estado tomando muy en serio este tema\u201d, dijo Diop.<\/p>\n<p>A pesar de lo que se ha hecho, los l\u00edderes creen que los progresos actuales ayudar\u00e1n a a\u00f1adir medidas concretas y coordinadas como as\u00ed tambi\u00e9n protocolos que permitan enfrentar la cuesti\u00f3n del abuso sexual en la iglesia. Y los l\u00edderes de la iglesia no est\u00e1n enfrentando esta cuesti\u00f3n a medias, enfatiz\u00f3 Wilson. \u201cEstamos dando a esto la m\u00e1s alta prioridad posible\u201d, dijo.<\/p>\n<p><strong>Una discusi\u00f3n animada<\/strong><\/p>\n<p>La discusi\u00f3n virtual \u201csobre tablas\u201d pareci\u00f3 reflejar un consenso de apoyo por la direcci\u00f3n en que est\u00e1 avanzando la iglesia, aun cuando varios l\u00edderes enfatizaron que hay mucho m\u00e1s que podr\u00eda hacerse.<\/p>\n<p>\u201cGracias por el informe\u201d, dijo David Trim, director de la Secretar\u00eda de Archivos, Estad\u00edsticas e Investigaciones (ASTR). \u201cEs muy agradable saber que la iglesia est\u00e1 reconociendo y confrontando el problema. Pero es un problema espiritual, y hay mucho m\u00e1s que hacer\u201d, a\u00f1adi\u00f3.<\/p>\n<p>Willie Oliver, codirector de Ministerios a la Familia de la Iglesia Adventista concord\u00f3 con esa opini\u00f3n.<\/p>\n<p>\u201cQuiero agradecer a la comisi\u00f3n por hacer frente a este tema\u201d, dijo Oliver. \u201cEl hecho de que estamos vot\u00e1ndolo a este nivel nos ayuda en nuestra tarea. Gracias por esta realidad que busca intervenir, si bien seguimos orando para que este c\u00e1ncer sea desterrado de nuestra iglesia\u201d.<\/p>\n<p>Heather Dawn-Small, quien, como directora del departamento de Ministerios de la Mujer de la Iglesia Adventista, <a href=\"https:\/\/www.enditnow.org\/\" target=\"_blank\" rel=\"noopener noreferrer\">ha luchado contra la violencia hacia las mujeres y los ni\u00f1os<\/a> durante a\u00f1os, dijo que esto se sume a las iniciativas de su departamento.<\/p>\n<p>\u201cMe siento feliz de ver que se est\u00e1 llevando a cabo esta iniciativa. Ver que los l\u00edderes de nuestra iglesia dan esta clase de paso resulta alentador, y una afirmaci\u00f3n de todo el trabajo que ya hemos llevado a cabo\u201d, dijo Dawn-Small.<\/p>\n<p><strong>\u00bfQu\u00e9 m\u00e1s se puede hacer?<\/strong><\/p>\n<p>Durante la discusi\u00f3n, varios l\u00edderes enfatizaron pasos adicionales que podr\u00eda dar la iglesia.<\/p>\n<p>Neil Nedley, presidente del Instituto Weimar y miembro laico de Junta Directiva de la Asociaci\u00f3n General, dijo que todo comienza con los fundamentos b\u00edblicos sobre el tema. Destac\u00f3 que en al antiguo Israel, cada a\u00f1o se le\u00eda a cada hombre, mujer y ni\u00f1o el cap\u00edtulo 18 de libro de Lev\u00edtico (referido a la inmoralidad sexual) despu\u00e9s del d\u00eda de la expiaci\u00f3n. \u201cEl objetivo que ten\u00edan era que los ni\u00f1os supieran lo que estaba bien y lo que estaba mal\u201d, dijo Nedley. \u201cEsto probablemente se aplique al presente m\u00e1s que nunca antes\u201d, a\u00f1adi\u00f3.<\/p>\n<p>Wilson dijo que los administradores de todas partes deber\u00edan saber que no pueden seguir trabajando con personas que abusan o victimizan a otros. \u201cNo hay raz\u00f3n para dar empleo a personas [culpables de abuso]\u201d, asegur\u00f3 a los miembros de la junta.<\/p>\n<p>Dawn-Small, por otra parte, enfatiz\u00f3 la necesidad de mejorar la comunicaci\u00f3n con los miembros de iglesia en los bancos de la iglesia.<\/p>\n<p>\u201cEn la iglesia est\u00e1n pasando muchas cosas, pero acaso no sepamos qu\u00e9 es lo que est\u00e1 pasando. Las personas est\u00e1n preguntando: \u2018\u00bfQu\u00e9 est\u00e1n haciendo los l\u00edderes de mi iglesia para enfrentar este problema?\u2019 Despu\u00e9s de tantos a\u00f1os, no est\u00e1 comunicando la cuesti\u00f3n todo lo que se deber\u00eda\u201d, se\u00f1al\u00f3.<\/p>\n<p>Ginger Ketting-Weller, rectora del Instituto Adventista Internacional de Estudios Avanzados en las Filipinas, dijo que la iglesia deber\u00eda ir m\u00e1s all\u00e1 de tan solo conocer el estado de la situaci\u00f3n en las regiones de la iglesia.<\/p>\n<p>\u201cSi no brindamos capacitaci\u00f3n sobre las mejores pr\u00e1cticas, no sabr\u00e1n qu\u00e9 hacer\u201d, expres\u00f3.<\/p>\n<p>Varios de los principales l\u00edderes que est\u00e1n al tanto de los protocolos regionales que est\u00e1n siendo redactados aseguraron a los miembros de la comisi\u00f3n que las regiones de la iglesia est\u00e1n avanzando decididamente en esa direcci\u00f3n.<\/p>\n<p>\u201cDespu\u00e9s de haber visto los documentos que han producido las divisiones, me siento muy satisfecho con la direcci\u00f3n en que est\u00e1n avanzando las divisiones\u201d, dijo Tom Lemon, uno de los vicepresidentes de la iglesia.<\/p>\n<p>Ella Simmons, otra de los vicepresidentes de la iglesia mundial, se mostr\u00f3 de acuerdo.<\/p>\n<p>\u201cMe sent\u00ed sumamente aliviada y alentada por lo que se ha presentado, porque tengo el beneficio de los detalles, aun si las noticias no son buenas\u201d, dijo.<\/p>\n<p>Wilson concluy\u00f3 diciendo que la discusi\u00f3n marcaba el comienzo de un proceso.<\/p>\n<p>\u201cEs un trabajo en curso\u201d, dijo, asegurando a los miembros de la comisi\u00f3n que el tema ser\u00eda incluido en agendas futuras. \u201c\u00bfEs este el fin? No, pero es un buen comienzo\u201d, dijo.<\/p>\n<p>Los miembros de la junta votaron entonces si aceptar o no el informe de progreso sobre el tema. La medida fue aprobada por una votaci\u00f3n de 95 a 1.<\/p>\n<p>Traducci\u00f3n de Marcos Paseggi<\/p>\n","protected":false},"excerpt":{"rendered":"<p>9 de mayo de 2020 | Silver Spring, Maryland, Estados Unidos | Por: Marcos Paseggi, Adventist Review Una y otra vez, los expertos en abuso sexual nos recuerdan que uno&#8230;<\/p>\n","protected":false},"author":3,"featured_media":58566,"comment_status":"open","ping_status":"closed","sticky":false,"template":"","format":"standard","meta":{"_acf_changed":false,"footnotes":""},"categories":[14,15],"tags":[],"class_list":["post-58587","post","type-post","status-publish","format-standard","has-post-thumbnail","hentry","category-de-la-iglesia-mundial","category-rss-espanol"],"acf":[],"yoast_head":"<!-- This site is optimized with the Yoast SEO plugin v27.3 - https:\/\/yoast.com\/product\/yoast-seo-wordpress\/ -->\n<title>L\u00edderes adventistas acuerdan dar pasos concretos para prevenir y tratar el abuso sexual - Iglesia Adventista del S\u00e9ptimo D\u00eda - Divisi\u00f3n Interamericana<\/title>\n<meta name=\"robots\" content=\"index, follow, max-snippet:-1, max-image-preview:large, max-video-preview:-1\" \/>\n<link rel=\"canonical\" href=\"https:\/\/interamerica.org\/es\/2020\/05\/lideres-adventistas-acuerdan-dar-pasos-concretos-para-prevenir-y-tratar-el-abuso-sexual\/\" \/>\n<meta property=\"og:locale\" content=\"es_ES\" \/>\n<meta property=\"og:type\" content=\"article\" \/>\n<meta property=\"og:title\" content=\"L\u00edderes adventistas acuerdan dar pasos concretos para prevenir y tratar el abuso sexual - Iglesia Adventista del S\u00e9ptimo D\u00eda - Divisi\u00f3n Interamericana\" \/>\n<meta property=\"og:description\" content=\"9 de mayo de 2020 | Silver Spring, Maryland, Estados Unidos | Por: Marcos Paseggi, Adventist Review Una y otra vez, los expertos en abuso sexual nos recuerdan que uno...\" \/>\n<meta property=\"og:url\" content=\"https:\/\/interamerica.org\/es\/2020\/05\/lideres-adventistas-acuerdan-dar-pasos-concretos-para-prevenir-y-tratar-el-abuso-sexual\/\" \/>\n<meta property=\"og:site_name\" content=\"Iglesia Adventista del S\u00e9ptimo D\u00eda - Divisi\u00f3n Interamericana\" \/>\n<meta property=\"article:published_time\" content=\"2020-05-10T12:34:11+00:00\" \/>\n<meta property=\"article:modified_time\" content=\"2020-05-11T19:46:59+00:00\" \/>\n<meta property=\"og:image\" content=\"https:\/\/interamerica.org\/wp-content\/uploads\/2020\/05\/adventist-leaders-agree-on-concrete-steps-to-prevent-treat-sexual-abuse.jpg\" \/>\n\t<meta property=\"og:image:width\" content=\"1000\" \/>\n\t<meta property=\"og:image:height\" content=\"500\" \/>\n\t<meta property=\"og:image:type\" content=\"image\/jpeg\" \/>\n<meta name=\"author\" content=\"libna\" \/>\n<meta name=\"twitter:card\" content=\"summary_large_image\" \/>\n<meta name=\"twitter:label1\" content=\"Escrito por\" \/>\n\t<meta name=\"twitter:data1\" content=\"libna\" \/>\n\t<meta name=\"twitter:label2\" content=\"Tiempo de lectura\" \/>\n\t<meta name=\"twitter:data2\" content=\"9 minutos\" \/>\n<script type=\"application\/ld+json\" class=\"yoast-schema-graph\">{\"@context\":\"https:\\\/\\\/schema.org\",\"@graph\":[{\"@type\":\"Article\",\"@id\":\"https:\\\/\\\/interamerica.org\\\/es\\\/2020\\\/05\\\/lideres-adventistas-acuerdan-dar-pasos-concretos-para-prevenir-y-tratar-el-abuso-sexual\\\/#article\",\"isPartOf\":{\"@id\":\"https:\\\/\\\/interamerica.org\\\/es\\\/2020\\\/05\\\/lideres-adventistas-acuerdan-dar-pasos-concretos-para-prevenir-y-tratar-el-abuso-sexual\\\/\"},\"author\":{\"name\":\"libna\",\"@id\":\"https:\\\/\\\/interamerica.org\\\/es\\\/#\\\/schema\\\/person\\\/29998f2bc2d8bd0d38662909289b54f1\"},\"headline\":\"L\u00edderes adventistas acuerdan dar pasos concretos para prevenir y tratar el abuso sexual\",\"datePublished\":\"2020-05-10T12:34:11+00:00\",\"dateModified\":\"2020-05-11T19:46:59+00:00\",\"mainEntityOfPage\":{\"@id\":\"https:\\\/\\\/interamerica.org\\\/es\\\/2020\\\/05\\\/lideres-adventistas-acuerdan-dar-pasos-concretos-para-prevenir-y-tratar-el-abuso-sexual\\\/\"},\"wordCount\":1823,\"commentCount\":0,\"image\":{\"@id\":\"https:\\\/\\\/interamerica.org\\\/es\\\/2020\\\/05\\\/lideres-adventistas-acuerdan-dar-pasos-concretos-para-prevenir-y-tratar-el-abuso-sexual\\\/#primaryimage\"},\"thumbnailUrl\":\"https:\\\/\\\/interamerica.org\\\/wp-content\\\/uploads\\\/2020\\\/05\\\/adventist-leaders-agree-on-concrete-steps-to-prevent-treat-sexual-abuse.jpg\",\"articleSection\":[\"Desde la iglesia mundial\",\"RSS Espa\u00f1ol\"],\"inLanguage\":\"es\",\"potentialAction\":[{\"@type\":\"CommentAction\",\"name\":\"Comment\",\"target\":[\"https:\\\/\\\/interamerica.org\\\/es\\\/2020\\\/05\\\/lideres-adventistas-acuerdan-dar-pasos-concretos-para-prevenir-y-tratar-el-abuso-sexual\\\/#respond\"]}]},{\"@type\":\"WebPage\",\"@id\":\"https:\\\/\\\/interamerica.org\\\/es\\\/2020\\\/05\\\/lideres-adventistas-acuerdan-dar-pasos-concretos-para-prevenir-y-tratar-el-abuso-sexual\\\/\",\"url\":\"https:\\\/\\\/interamerica.org\\\/es\\\/2020\\\/05\\\/lideres-adventistas-acuerdan-dar-pasos-concretos-para-prevenir-y-tratar-el-abuso-sexual\\\/\",\"name\":\"L\u00edderes adventistas acuerdan dar pasos concretos para prevenir y tratar el abuso sexual - Iglesia Adventista del S\u00e9ptimo D\u00eda - Divisi\u00f3n Interamericana\",\"isPartOf\":{\"@id\":\"https:\\\/\\\/interamerica.org\\\/es\\\/#website\"},\"primaryImageOfPage\":{\"@id\":\"https:\\\/\\\/interamerica.org\\\/es\\\/2020\\\/05\\\/lideres-adventistas-acuerdan-dar-pasos-concretos-para-prevenir-y-tratar-el-abuso-sexual\\\/#primaryimage\"},\"image\":{\"@id\":\"https:\\\/\\\/interamerica.org\\\/es\\\/2020\\\/05\\\/lideres-adventistas-acuerdan-dar-pasos-concretos-para-prevenir-y-tratar-el-abuso-sexual\\\/#primaryimage\"},\"thumbnailUrl\":\"https:\\\/\\\/interamerica.org\\\/wp-content\\\/uploads\\\/2020\\\/05\\\/adventist-leaders-agree-on-concrete-steps-to-prevent-treat-sexual-abuse.jpg\",\"datePublished\":\"2020-05-10T12:34:11+00:00\",\"dateModified\":\"2020-05-11T19:46:59+00:00\",\"author\":{\"@id\":\"https:\\\/\\\/interamerica.org\\\/es\\\/#\\\/schema\\\/person\\\/29998f2bc2d8bd0d38662909289b54f1\"},\"breadcrumb\":{\"@id\":\"https:\\\/\\\/interamerica.org\\\/es\\\/2020\\\/05\\\/lideres-adventistas-acuerdan-dar-pasos-concretos-para-prevenir-y-tratar-el-abuso-sexual\\\/#breadcrumb\"},\"inLanguage\":\"es\",\"potentialAction\":[{\"@type\":\"ReadAction\",\"target\":[\"https:\\\/\\\/interamerica.org\\\/es\\\/2020\\\/05\\\/lideres-adventistas-acuerdan-dar-pasos-concretos-para-prevenir-y-tratar-el-abuso-sexual\\\/\"]}]},{\"@type\":\"ImageObject\",\"inLanguage\":\"es\",\"@id\":\"https:\\\/\\\/interamerica.org\\\/es\\\/2020\\\/05\\\/lideres-adventistas-acuerdan-dar-pasos-concretos-para-prevenir-y-tratar-el-abuso-sexual\\\/#primaryimage\",\"url\":\"https:\\\/\\\/interamerica.org\\\/wp-content\\\/uploads\\\/2020\\\/05\\\/adventist-leaders-agree-on-concrete-steps-to-prevent-treat-sexual-abuse.jpg\",\"contentUrl\":\"https:\\\/\\\/interamerica.org\\\/wp-content\\\/uploads\\\/2020\\\/05\\\/adventist-leaders-agree-on-concrete-steps-to-prevent-treat-sexual-abuse.jpg\",\"width\":1000,\"height\":500},{\"@type\":\"BreadcrumbList\",\"@id\":\"https:\\\/\\\/interamerica.org\\\/es\\\/2020\\\/05\\\/lideres-adventistas-acuerdan-dar-pasos-concretos-para-prevenir-y-tratar-el-abuso-sexual\\\/#breadcrumb\",\"itemListElement\":[{\"@type\":\"ListItem\",\"position\":1,\"name\":\"Home\",\"item\":\"https:\\\/\\\/interamerica.org\\\/es\\\/\"},{\"@type\":\"ListItem\",\"position\":2,\"name\":\"L\u00edderes adventistas acuerdan dar pasos concretos para prevenir y tratar el abuso sexual\"}]},{\"@type\":\"WebSite\",\"@id\":\"https:\\\/\\\/interamerica.org\\\/es\\\/#website\",\"url\":\"https:\\\/\\\/interamerica.org\\\/es\\\/\",\"name\":\"Iglesia Adventista del S\u00e9ptimo D\u00eda - Divisi\u00f3n Interamericana\",\"description\":\"\",\"potentialAction\":[{\"@type\":\"SearchAction\",\"target\":{\"@type\":\"EntryPoint\",\"urlTemplate\":\"https:\\\/\\\/interamerica.org\\\/es\\\/?s={search_term_string}\"},\"query-input\":{\"@type\":\"PropertyValueSpecification\",\"valueRequired\":true,\"valueName\":\"search_term_string\"}}],\"inLanguage\":\"es\"},{\"@type\":\"Person\",\"@id\":\"https:\\\/\\\/interamerica.org\\\/es\\\/#\\\/schema\\\/person\\\/29998f2bc2d8bd0d38662909289b54f1\",\"name\":\"libna\",\"image\":{\"@type\":\"ImageObject\",\"inLanguage\":\"es\",\"@id\":\"https:\\\/\\\/secure.gravatar.com\\\/avatar\\\/7c5bd30ae4b47a9ba3c856590957fd1d96dc588bf3ac05719d247e126840331f?s=96&d=mm&r=g\",\"url\":\"https:\\\/\\\/secure.gravatar.com\\\/avatar\\\/7c5bd30ae4b47a9ba3c856590957fd1d96dc588bf3ac05719d247e126840331f?s=96&d=mm&r=g\",\"contentUrl\":\"https:\\\/\\\/secure.gravatar.com\\\/avatar\\\/7c5bd30ae4b47a9ba3c856590957fd1d96dc588bf3ac05719d247e126840331f?s=96&d=mm&r=g\",\"caption\":\"libna\"}}]}<\/script>\n<!-- \/ Yoast SEO plugin. -->","yoast_head_json":{"title":"L\u00edderes adventistas acuerdan dar pasos concretos para prevenir y tratar el abuso sexual - Iglesia Adventista del S\u00e9ptimo D\u00eda - Divisi\u00f3n Interamericana","robots":{"index":"index","follow":"follow","max-snippet":"max-snippet:-1","max-image-preview":"max-image-preview:large","max-video-preview":"max-video-preview:-1"},"canonical":"https:\/\/interamerica.org\/es\/2020\/05\/lideres-adventistas-acuerdan-dar-pasos-concretos-para-prevenir-y-tratar-el-abuso-sexual\/","og_locale":"es_ES","og_type":"article","og_title":"L\u00edderes adventistas acuerdan dar pasos concretos para prevenir y tratar el abuso sexual - Iglesia Adventista del S\u00e9ptimo D\u00eda - Divisi\u00f3n Interamericana","og_description":"9 de mayo de 2020 | Silver Spring, Maryland, Estados Unidos | Por: Marcos Paseggi, Adventist Review Una y otra vez, los expertos en abuso sexual nos recuerdan que uno...","og_url":"https:\/\/interamerica.org\/es\/2020\/05\/lideres-adventistas-acuerdan-dar-pasos-concretos-para-prevenir-y-tratar-el-abuso-sexual\/","og_site_name":"Iglesia Adventista del S\u00e9ptimo D\u00eda - Divisi\u00f3n Interamericana","article_published_time":"2020-05-10T12:34:11+00:00","article_modified_time":"2020-05-11T19:46:59+00:00","og_image":[{"width":1000,"height":500,"url":"https:\/\/interamerica.org\/wp-content\/uploads\/2020\/05\/adventist-leaders-agree-on-concrete-steps-to-prevent-treat-sexual-abuse.jpg","type":"image\/jpeg"}],"author":"libna","twitter_card":"summary_large_image","twitter_misc":{"Escrito por":"libna","Tiempo de lectura":"9 minutos"},"schema":{"@context":"https:\/\/schema.org","@graph":[{"@type":"Article","@id":"https:\/\/interamerica.org\/es\/2020\/05\/lideres-adventistas-acuerdan-dar-pasos-concretos-para-prevenir-y-tratar-el-abuso-sexual\/#article","isPartOf":{"@id":"https:\/\/interamerica.org\/es\/2020\/05\/lideres-adventistas-acuerdan-dar-pasos-concretos-para-prevenir-y-tratar-el-abuso-sexual\/"},"author":{"name":"libna","@id":"https:\/\/interamerica.org\/es\/#\/schema\/person\/29998f2bc2d8bd0d38662909289b54f1"},"headline":"L\u00edderes adventistas acuerdan dar pasos concretos para prevenir y tratar el abuso sexual","datePublished":"2020-05-10T12:34:11+00:00","dateModified":"2020-05-11T19:46:59+00:00","mainEntityOfPage":{"@id":"https:\/\/interamerica.org\/es\/2020\/05\/lideres-adventistas-acuerdan-dar-pasos-concretos-para-prevenir-y-tratar-el-abuso-sexual\/"},"wordCount":1823,"commentCount":0,"image":{"@id":"https:\/\/interamerica.org\/es\/2020\/05\/lideres-adventistas-acuerdan-dar-pasos-concretos-para-prevenir-y-tratar-el-abuso-sexual\/#primaryimage"},"thumbnailUrl":"https:\/\/interamerica.org\/wp-content\/uploads\/2020\/05\/adventist-leaders-agree-on-concrete-steps-to-prevent-treat-sexual-abuse.jpg","articleSection":["Desde la iglesia mundial","RSS Espa\u00f1ol"],"inLanguage":"es","potentialAction":[{"@type":"CommentAction","name":"Comment","target":["https:\/\/interamerica.org\/es\/2020\/05\/lideres-adventistas-acuerdan-dar-pasos-concretos-para-prevenir-y-tratar-el-abuso-sexual\/#respond"]}]},{"@type":"WebPage","@id":"https:\/\/interamerica.org\/es\/2020\/05\/lideres-adventistas-acuerdan-dar-pasos-concretos-para-prevenir-y-tratar-el-abuso-sexual\/","url":"https:\/\/interamerica.org\/es\/2020\/05\/lideres-adventistas-acuerdan-dar-pasos-concretos-para-prevenir-y-tratar-el-abuso-sexual\/","name":"L\u00edderes adventistas acuerdan dar pasos concretos para prevenir y tratar el abuso sexual - Iglesia Adventista del S\u00e9ptimo D\u00eda - Divisi\u00f3n Interamericana","isPartOf":{"@id":"https:\/\/interamerica.org\/es\/#website"},"primaryImageOfPage":{"@id":"https:\/\/interamerica.org\/es\/2020\/05\/lideres-adventistas-acuerdan-dar-pasos-concretos-para-prevenir-y-tratar-el-abuso-sexual\/#primaryimage"},"image":{"@id":"https:\/\/interamerica.org\/es\/2020\/05\/lideres-adventistas-acuerdan-dar-pasos-concretos-para-prevenir-y-tratar-el-abuso-sexual\/#primaryimage"},"thumbnailUrl":"https:\/\/interamerica.org\/wp-content\/uploads\/2020\/05\/adventist-leaders-agree-on-concrete-steps-to-prevent-treat-sexual-abuse.jpg","datePublished":"2020-05-10T12:34:11+00:00","dateModified":"2020-05-11T19:46:59+00:00","author":{"@id":"https:\/\/interamerica.org\/es\/#\/schema\/person\/29998f2bc2d8bd0d38662909289b54f1"},"breadcrumb":{"@id":"https:\/\/interamerica.org\/es\/2020\/05\/lideres-adventistas-acuerdan-dar-pasos-concretos-para-prevenir-y-tratar-el-abuso-sexual\/#breadcrumb"},"inLanguage":"es","potentialAction":[{"@type":"ReadAction","target":["https:\/\/interamerica.org\/es\/2020\/05\/lideres-adventistas-acuerdan-dar-pasos-concretos-para-prevenir-y-tratar-el-abuso-sexual\/"]}]},{"@type":"ImageObject","inLanguage":"es","@id":"https:\/\/interamerica.org\/es\/2020\/05\/lideres-adventistas-acuerdan-dar-pasos-concretos-para-prevenir-y-tratar-el-abuso-sexual\/#primaryimage","url":"https:\/\/interamerica.org\/wp-content\/uploads\/2020\/05\/adventist-leaders-agree-on-concrete-steps-to-prevent-treat-sexual-abuse.jpg","contentUrl":"https:\/\/interamerica.org\/wp-content\/uploads\/2020\/05\/adventist-leaders-agree-on-concrete-steps-to-prevent-treat-sexual-abuse.jpg","width":1000,"height":500},{"@type":"BreadcrumbList","@id":"https:\/\/interamerica.org\/es\/2020\/05\/lideres-adventistas-acuerdan-dar-pasos-concretos-para-prevenir-y-tratar-el-abuso-sexual\/#breadcrumb","itemListElement":[{"@type":"ListItem","position":1,"name":"Home","item":"https:\/\/interamerica.org\/es\/"},{"@type":"ListItem","position":2,"name":"L\u00edderes adventistas acuerdan dar pasos concretos para prevenir y tratar el abuso sexual"}]},{"@type":"WebSite","@id":"https:\/\/interamerica.org\/es\/#website","url":"https:\/\/interamerica.org\/es\/","name":"Iglesia Adventista del S\u00e9ptimo D\u00eda - Divisi\u00f3n Interamericana","description":"","potentialAction":[{"@type":"SearchAction","target":{"@type":"EntryPoint","urlTemplate":"https:\/\/interamerica.org\/es\/?s={search_term_string}"},"query-input":{"@type":"PropertyValueSpecification","valueRequired":true,"valueName":"search_term_string"}}],"inLanguage":"es"},{"@type":"Person","@id":"https:\/\/interamerica.org\/es\/#\/schema\/person\/29998f2bc2d8bd0d38662909289b54f1","name":"libna","image":{"@type":"ImageObject","inLanguage":"es","@id":"https:\/\/secure.gravatar.com\/avatar\/7c5bd30ae4b47a9ba3c856590957fd1d96dc588bf3ac05719d247e126840331f?s=96&d=mm&r=g","url":"https:\/\/secure.gravatar.com\/avatar\/7c5bd30ae4b47a9ba3c856590957fd1d96dc588bf3ac05719d247e126840331f?s=96&d=mm&r=g","contentUrl":"https:\/\/secure.gravatar.com\/avatar\/7c5bd30ae4b47a9ba3c856590957fd1d96dc588bf3ac05719d247e126840331f?s=96&d=mm&r=g","caption":"libna"}}]}},"_links":{"self":[{"href":"https:\/\/interamerica.org\/es\/wp-json\/wp\/v2\/posts\/58587","targetHints":{"allow":["GET"]}}],"collection":[{"href":"https:\/\/interamerica.org\/es\/wp-json\/wp\/v2\/posts"}],"about":[{"href":"https:\/\/interamerica.org\/es\/wp-json\/wp\/v2\/types\/post"}],"author":[{"embeddable":true,"href":"https:\/\/interamerica.org\/es\/wp-json\/wp\/v2\/users\/3"}],"replies":[{"embeddable":true,"href":"https:\/\/interamerica.org\/es\/wp-json\/wp\/v2\/comments?post=58587"}],"version-history":[{"count":0,"href":"https:\/\/interamerica.org\/es\/wp-json\/wp\/v2\/posts\/58587\/revisions"}],"wp:featuredmedia":[{"embeddable":true,"href":"https:\/\/interamerica.org\/es\/wp-json\/wp\/v2\/media\/58566"}],"wp:attachment":[{"href":"https:\/\/interamerica.org\/es\/wp-json\/wp\/v2\/media?parent=58587"}],"wp:term":[{"taxonomy":"category","embeddable":true,"href":"https:\/\/interamerica.org\/es\/wp-json\/wp\/v2\/categories?post=58587"},{"taxonomy":"post_tag","embeddable":true,"href":"https:\/\/interamerica.org\/es\/wp-json\/wp\/v2\/tags?post=58587"}],"curies":[{"name":"wp","href":"https:\/\/api.w.org\/{rel}","templated":true}]}}