{"id":58603,"date":"2020-05-09T20:31:54","date_gmt":"2020-05-10T00:31:54","guid":{"rendered":"https:\/\/recursing-golick.147-182-135-0.plesk.page\/?p=58603"},"modified":"2020-05-12T08:10:59","modified_gmt":"2020-05-12T12:10:59","slug":"hospitales-adventistas-reconocidos-nuevamente-en-clasificacion-nacional-por-su-seguridad","status":"publish","type":"post","link":"https:\/\/interamerica.org\/es\/2020\/05\/hospitales-adventistas-reconocidos-nuevamente-en-clasificacion-nacional-por-su-seguridad\/","title":{"rendered":"Hospitales adventistas reconocidos nuevamente en clasificaci\u00f3n nacional por su seguridad"},"content":{"rendered":"<div><\/div>\n<div><div id=\"attachment_58580\" style=\"width: 682px\" class=\"wp-caption aligncenter\"><img fetchpriority=\"high\" decoding=\"async\" aria-describedby=\"caption-attachment-58580\" class=\"size-full wp-image-58578\" src=\"https:\/\/recursing-golick.147-182-135-0.plesk.page\/wp-content\/uploads\/2020\/05\/csm-llu-1-adventist-hospitals-again-recognized-for-safety-in-nationwide-rankingscroppedforposting-80b35bc80e.jpg\" alt=\"\" width=\"672\" height=\"378\" srcset=\"https:\/\/interamerica.org\/wp-content\/uploads\/2020\/05\/csm-llu-1-adventist-hospitals-again-recognized-for-safety-in-nationwide-rankingscroppedforposting-80b35bc80e.jpg 672w, https:\/\/interamerica.org\/wp-content\/uploads\/2020\/05\/csm-llu-1-adventist-hospitals-again-recognized-for-safety-in-nationwide-rankingscroppedforposting-80b35bc80e-300x169.jpg 300w\" sizes=\"(max-width: 672px) 100vw, 672px\" \/><p id=\"caption-attachment-58580\" class=\"wp-caption-text\">Un paciente recibe rehabilitaci\u00f3n especializada en el Centro M\u00e9dico del Hospital de la Universidad Loma Linda, East Campus. [Imagen cortes\u00eda de Loma Linda University Health]<\/p><\/div><\/div>\n<div class=\"article__meta\">\n<p>9 de mayo de 2020 \u00a0|\u00a0 Loma Linda, California, Estados Unidos \u00a0|\u00a0 Briana Pastorino<\/p>\n<p>Dos hospitales adventistas del s\u00e9ptimo d\u00eda en California, Estados Unidos, recibieron nuevamente reconocimiento nacional por la seguridad y calidad de servicio ofrecidas a sus pacientes, anunci\u00f3 la organizaci\u00f3n independiente de vigilancia y control The Leapfrog Group.<\/p>\n<p>Tanto el hospital del Centro M\u00e9dico de la Universidad Loma Linda, como su hospital East Campus recibieron la clasificaci\u00f3n \u201cA\u201d para la primavera de 2020. Estas designaciones son ampliamente consideradas como uno de lo m\u00e1s competitivos honores que pueden recibir los hospitales en Estados Unidos.<\/p>\n<p>\u201cEl reconocimiento dado por Leapfrog a nuestros m\u00e9dicos, enfermeras y personal de apoyo, es un honor incre\u00edble\u201d dijo el jefe ejecutivo de los hospitales, Kerry Heinrich. \u201cCada d\u00eda, el equipo\u00a0 entero de Loma Linda University Health se afana por proveer el mejor ambiente posible de seguridad para cada uno de nuestros pacientes. Toda la comunidad del Inland Empire, en el sur de California, recibe los beneficios de la cultura de seguridad que promueve nuestra organizaci\u00f3n y que ha identificado Leapfrog\u201d.<\/p>\n<p>Este logro se suma al reconocimiento de Seguridad Hospitalaria Grado \u201cA\u201d , en el oto\u00f1o de 2019, constituy\u00e9ndose en la tercera y cuarta consecutiva clasificaci\u00f3n \u201cA\u201d, tanto para el Centro M\u00e9dico como para el hospital de East Campus, respectivamente.<\/p>\n<p>El Grado de Seguridad es un grado expresado en letras y asignado a todos los hospitales generales en todo el pa\u00eds, el cual se actualiza cada seis meses y eval\u00faa cu\u00e1n bien el hospital previene errores m\u00e9dicos y otros perjuicios contra los pacientes.<\/p>\n<p>Elaborado bajo la direcci\u00f3n de un panel nacional de expertos, el Grado Leapfrog de Seguridad en Hospitales, utiliza 28 medidas de datos sobre seguridad en hospitales, disponibles p\u00fablicamente, para asignar grados, dos veces al a\u00f1o, a m\u00e1s de 2,600 hospitales de cuidado intensivo. La metodolog\u00eda de Grado de Seguridad en Hospitales es totalmente transparente, arbitrada o revisada por pares y los resultados est\u00e1n disponibles al p\u00fablico.<\/p>\n<p>\u201cNo importa cu\u00e1l sea la situaci\u00f3n, estamos dedicados a proveer atenci\u00f3n m\u00e9dica de alta calidad en un ambiente seguro y de calidad, a cualquier paciente que entre por nuestra puerta\u201d, dijo Jonathan Jean-Marie, vicepresidente y administrador del hospital en East Campus. \u201cEl recibir esta designaci\u00f3n por la cuarta vez es un logro que reafirma el compromiso y entrega que cada miembro de nuestro personal manifiesta por esta organizaci\u00f3n\u201d.<\/p>\n<p>El Centro M\u00e9dico de la Universidad Loma y el de East Campus, cuentan con m\u00e1s de 6,500 empleados, incluyendo especialistas, m\u00e9dicos, enfermeros y personal de apoyo. Apoyados por amplios servicios de salud, tanto internos como externos, los empleados de estos hospitales est\u00e1n dedicados a proveer un ambiente de seguridad y sanidad para sus pacientes.<\/p>\n<p>Durante 115 a\u00f1os, comenzando en 1905, la misi\u00f3n de Loma Linda ha sido \u201cprocurar el bienestar integral del ser humano\u201d a trav\u00e9s de atenci\u00f3n m\u00e9dica y espiritual basada en los principios de salud promovidos por la Iglesia Adventista del S\u00e9ptimo D\u00eda. Cuando Elena G. White, pionera y cofundadora del movimiento adventista visit\u00f3 por primera vez Loma Linda, describi\u00f3 el sitio como \u201cel lugar m\u00e1s deseable que haya visto jam\u00e1s para un sanatorio\u201d. Desde all\u00ed, Loma Linda se ha expandido hasta llegar a ser un centro m\u00e9dico de renombre mundial que ha patrocinado tambi\u00e9n misiones de cuidados m\u00e9dicos, as\u00ed como cl\u00ednicas y hospitales en otras partes del mundo.<\/p>\n<p>Para ver todos los detalles de este grado concedido o para tener acceso a sugerencias a los pacientes para su seguridad en el hospital, accede a hospitalsafetygrade.org. Para m\u00e1s informaci\u00f3n acerca de los servicios y proveedores de Linda University Health, o para programar una cita, entra por favor a\u00a0<a href=\"https:\/\/lluh.org\/\">lluh.org\u00a0<\/a>o llama al 909-558-4000<\/p>\n<p><a href=\"https:\/\/news.llu.edu\/patient-care\/hospitals-nationally-recognized-with-safety-grade\">This article<\/a>\u00a0(este art\u00edculo) se public\u00f3 originalmente en <a href=\"https:\/\/news.llu.edu\/?keywords=&amp;category=&amp;month=&amp;page=1\">Loma Linda University Health news site<\/a> (sitio de noticias de Loma Linda University Health).<\/p>\n<p>Traducci\u00f3n \u2013 Gloria A. Castrej\u00f3n<\/p>\n<\/div>\n","protected":false},"excerpt":{"rendered":"<p>9 de mayo de 2020 \u00a0|\u00a0 Loma Linda, California, Estados Unidos \u00a0|\u00a0 Briana Pastorino Dos hospitales adventistas del s\u00e9ptimo d\u00eda en California, Estados Unidos, recibieron nuevamente reconocimiento nacional por la&#8230;<\/p>\n","protected":false},"author":3,"featured_media":58580,"comment_status":"open","ping_status":"closed","sticky":false,"template":"","format":"standard","meta":{"_acf_changed":false,"footnotes":""},"categories":[14,15],"tags":[],"class_list":["post-58603","post","type-post","status-publish","format-standard","has-post-thumbnail","hentry","category-de-la-iglesia-mundial","category-rss-espanol"],"acf":[],"yoast_head":"<!-- This site is optimized with the Yoast SEO plugin v27.3 - https:\/\/yoast.com\/product\/yoast-seo-wordpress\/ -->\n<title>Hospitales adventistas reconocidos nuevamente en clasificaci\u00f3n nacional por su seguridad - Iglesia Adventista del S\u00e9ptimo D\u00eda - Divisi\u00f3n Interamericana<\/title>\n<meta name=\"robots\" content=\"index, follow, max-snippet:-1, max-image-preview:large, max-video-preview:-1\" \/>\n<link rel=\"canonical\" href=\"https:\/\/interamerica.org\/es\/2020\/05\/hospitales-adventistas-reconocidos-nuevamente-en-clasificacion-nacional-por-su-seguridad\/\" \/>\n<meta property=\"og:locale\" content=\"es_ES\" \/>\n<meta property=\"og:type\" content=\"article\" \/>\n<meta property=\"og:title\" content=\"Hospitales adventistas reconocidos nuevamente en clasificaci\u00f3n nacional por su seguridad - Iglesia Adventista del S\u00e9ptimo D\u00eda - Divisi\u00f3n Interamericana\" \/>\n<meta property=\"og:description\" content=\"9 de mayo de 2020 \u00a0|\u00a0 Loma Linda, California, Estados Unidos \u00a0|\u00a0 Briana Pastorino Dos hospitales adventistas del s\u00e9ptimo d\u00eda en California, Estados Unidos, recibieron nuevamente reconocimiento nacional por la...\" \/>\n<meta property=\"og:url\" content=\"https:\/\/interamerica.org\/es\/2020\/05\/hospitales-adventistas-reconocidos-nuevamente-en-clasificacion-nacional-por-su-seguridad\/\" \/>\n<meta property=\"og:site_name\" content=\"Iglesia Adventista del S\u00e9ptimo D\u00eda - Divisi\u00f3n Interamericana\" \/>\n<meta property=\"article:published_time\" content=\"2020-05-10T00:31:54+00:00\" \/>\n<meta property=\"article:modified_time\" content=\"2020-05-12T12:10:59+00:00\" \/>\n<meta property=\"og:image\" content=\"https:\/\/interamerica.org\/wp-content\/uploads\/2020\/05\/csm-llu-1-adventist-hospitals-again-recognized-for-safety-in-nationwide-rankingscroppedforposting-80b35bc80e.jpg\" \/>\n\t<meta property=\"og:image:width\" content=\"672\" \/>\n\t<meta property=\"og:image:height\" content=\"378\" \/>\n\t<meta property=\"og:image:type\" content=\"image\/jpeg\" \/>\n<meta name=\"author\" content=\"libna\" \/>\n<meta name=\"twitter:card\" content=\"summary_large_image\" \/>\n<meta name=\"twitter:label1\" content=\"Escrito por\" \/>\n\t<meta name=\"twitter:data1\" content=\"libna\" \/>\n\t<meta name=\"twitter:label2\" content=\"Tiempo de lectura\" \/>\n\t<meta name=\"twitter:data2\" content=\"4 minutos\" \/>\n<script type=\"application\/ld+json\" class=\"yoast-schema-graph\">{\"@context\":\"https:\\\/\\\/schema.org\",\"@graph\":[{\"@type\":\"Article\",\"@id\":\"https:\\\/\\\/interamerica.org\\\/es\\\/2020\\\/05\\\/hospitales-adventistas-reconocidos-nuevamente-en-clasificacion-nacional-por-su-seguridad\\\/#article\",\"isPartOf\":{\"@id\":\"https:\\\/\\\/interamerica.org\\\/es\\\/2020\\\/05\\\/hospitales-adventistas-reconocidos-nuevamente-en-clasificacion-nacional-por-su-seguridad\\\/\"},\"author\":{\"name\":\"libna\",\"@id\":\"https:\\\/\\\/interamerica.org\\\/es\\\/#\\\/schema\\\/person\\\/29998f2bc2d8bd0d38662909289b54f1\"},\"headline\":\"Hospitales adventistas reconocidos nuevamente en clasificaci\u00f3n nacional por su seguridad\",\"datePublished\":\"2020-05-10T00:31:54+00:00\",\"dateModified\":\"2020-05-12T12:10:59+00:00\",\"mainEntityOfPage\":{\"@id\":\"https:\\\/\\\/interamerica.org\\\/es\\\/2020\\\/05\\\/hospitales-adventistas-reconocidos-nuevamente-en-clasificacion-nacional-por-su-seguridad\\\/\"},\"wordCount\":722,\"commentCount\":0,\"image\":{\"@id\":\"https:\\\/\\\/interamerica.org\\\/es\\\/2020\\\/05\\\/hospitales-adventistas-reconocidos-nuevamente-en-clasificacion-nacional-por-su-seguridad\\\/#primaryimage\"},\"thumbnailUrl\":\"https:\\\/\\\/interamerica.org\\\/wp-content\\\/uploads\\\/2020\\\/05\\\/csm-llu-1-adventist-hospitals-again-recognized-for-safety-in-nationwide-rankingscroppedforposting-80b35bc80e.jpg\",\"articleSection\":[\"Desde la iglesia mundial\",\"RSS Espa\u00f1ol\"],\"inLanguage\":\"es\",\"potentialAction\":[{\"@type\":\"CommentAction\",\"name\":\"Comment\",\"target\":[\"https:\\\/\\\/interamerica.org\\\/es\\\/2020\\\/05\\\/hospitales-adventistas-reconocidos-nuevamente-en-clasificacion-nacional-por-su-seguridad\\\/#respond\"]}]},{\"@type\":\"WebPage\",\"@id\":\"https:\\\/\\\/interamerica.org\\\/es\\\/2020\\\/05\\\/hospitales-adventistas-reconocidos-nuevamente-en-clasificacion-nacional-por-su-seguridad\\\/\",\"url\":\"https:\\\/\\\/interamerica.org\\\/es\\\/2020\\\/05\\\/hospitales-adventistas-reconocidos-nuevamente-en-clasificacion-nacional-por-su-seguridad\\\/\",\"name\":\"Hospitales adventistas reconocidos nuevamente en clasificaci\u00f3n nacional por su seguridad - Iglesia Adventista del S\u00e9ptimo D\u00eda - Divisi\u00f3n Interamericana\",\"isPartOf\":{\"@id\":\"https:\\\/\\\/interamerica.org\\\/es\\\/#website\"},\"primaryImageOfPage\":{\"@id\":\"https:\\\/\\\/interamerica.org\\\/es\\\/2020\\\/05\\\/hospitales-adventistas-reconocidos-nuevamente-en-clasificacion-nacional-por-su-seguridad\\\/#primaryimage\"},\"image\":{\"@id\":\"https:\\\/\\\/interamerica.org\\\/es\\\/2020\\\/05\\\/hospitales-adventistas-reconocidos-nuevamente-en-clasificacion-nacional-por-su-seguridad\\\/#primaryimage\"},\"thumbnailUrl\":\"https:\\\/\\\/interamerica.org\\\/wp-content\\\/uploads\\\/2020\\\/05\\\/csm-llu-1-adventist-hospitals-again-recognized-for-safety-in-nationwide-rankingscroppedforposting-80b35bc80e.jpg\",\"datePublished\":\"2020-05-10T00:31:54+00:00\",\"dateModified\":\"2020-05-12T12:10:59+00:00\",\"author\":{\"@id\":\"https:\\\/\\\/interamerica.org\\\/es\\\/#\\\/schema\\\/person\\\/29998f2bc2d8bd0d38662909289b54f1\"},\"breadcrumb\":{\"@id\":\"https:\\\/\\\/interamerica.org\\\/es\\\/2020\\\/05\\\/hospitales-adventistas-reconocidos-nuevamente-en-clasificacion-nacional-por-su-seguridad\\\/#breadcrumb\"},\"inLanguage\":\"es\",\"potentialAction\":[{\"@type\":\"ReadAction\",\"target\":[\"https:\\\/\\\/interamerica.org\\\/es\\\/2020\\\/05\\\/hospitales-adventistas-reconocidos-nuevamente-en-clasificacion-nacional-por-su-seguridad\\\/\"]}]},{\"@type\":\"ImageObject\",\"inLanguage\":\"es\",\"@id\":\"https:\\\/\\\/interamerica.org\\\/es\\\/2020\\\/05\\\/hospitales-adventistas-reconocidos-nuevamente-en-clasificacion-nacional-por-su-seguridad\\\/#primaryimage\",\"url\":\"https:\\\/\\\/interamerica.org\\\/wp-content\\\/uploads\\\/2020\\\/05\\\/csm-llu-1-adventist-hospitals-again-recognized-for-safety-in-nationwide-rankingscroppedforposting-80b35bc80e.jpg\",\"contentUrl\":\"https:\\\/\\\/interamerica.org\\\/wp-content\\\/uploads\\\/2020\\\/05\\\/csm-llu-1-adventist-hospitals-again-recognized-for-safety-in-nationwide-rankingscroppedforposting-80b35bc80e.jpg\",\"width\":672,\"height\":378,\"caption\":\"Un paciente recibe rehabilitaci\u00f3n especializada en el Centro M\u00e9dico del Hospital de la Universidad Loma Linda, East Campus. [Imagen cortes\u00eda de Loma Linda University Health]\"},{\"@type\":\"BreadcrumbList\",\"@id\":\"https:\\\/\\\/interamerica.org\\\/es\\\/2020\\\/05\\\/hospitales-adventistas-reconocidos-nuevamente-en-clasificacion-nacional-por-su-seguridad\\\/#breadcrumb\",\"itemListElement\":[{\"@type\":\"ListItem\",\"position\":1,\"name\":\"Home\",\"item\":\"https:\\\/\\\/interamerica.org\\\/es\\\/\"},{\"@type\":\"ListItem\",\"position\":2,\"name\":\"Hospitales adventistas reconocidos nuevamente en clasificaci\u00f3n nacional por su seguridad\"}]},{\"@type\":\"WebSite\",\"@id\":\"https:\\\/\\\/interamerica.org\\\/es\\\/#website\",\"url\":\"https:\\\/\\\/interamerica.org\\\/es\\\/\",\"name\":\"Iglesia Adventista del S\u00e9ptimo D\u00eda - Divisi\u00f3n Interamericana\",\"description\":\"\",\"potentialAction\":[{\"@type\":\"SearchAction\",\"target\":{\"@type\":\"EntryPoint\",\"urlTemplate\":\"https:\\\/\\\/interamerica.org\\\/es\\\/?s={search_term_string}\"},\"query-input\":{\"@type\":\"PropertyValueSpecification\",\"valueRequired\":true,\"valueName\":\"search_term_string\"}}],\"inLanguage\":\"es\"},{\"@type\":\"Person\",\"@id\":\"https:\\\/\\\/interamerica.org\\\/es\\\/#\\\/schema\\\/person\\\/29998f2bc2d8bd0d38662909289b54f1\",\"name\":\"libna\",\"image\":{\"@type\":\"ImageObject\",\"inLanguage\":\"es\",\"@id\":\"https:\\\/\\\/secure.gravatar.com\\\/avatar\\\/7c5bd30ae4b47a9ba3c856590957fd1d96dc588bf3ac05719d247e126840331f?s=96&d=mm&r=g\",\"url\":\"https:\\\/\\\/secure.gravatar.com\\\/avatar\\\/7c5bd30ae4b47a9ba3c856590957fd1d96dc588bf3ac05719d247e126840331f?s=96&d=mm&r=g\",\"contentUrl\":\"https:\\\/\\\/secure.gravatar.com\\\/avatar\\\/7c5bd30ae4b47a9ba3c856590957fd1d96dc588bf3ac05719d247e126840331f?s=96&d=mm&r=g\",\"caption\":\"libna\"}}]}<\/script>\n<!-- \/ Yoast SEO plugin. -->","yoast_head_json":{"title":"Hospitales adventistas reconocidos nuevamente en clasificaci\u00f3n nacional por su seguridad - Iglesia Adventista del S\u00e9ptimo D\u00eda - Divisi\u00f3n Interamericana","robots":{"index":"index","follow":"follow","max-snippet":"max-snippet:-1","max-image-preview":"max-image-preview:large","max-video-preview":"max-video-preview:-1"},"canonical":"https:\/\/interamerica.org\/es\/2020\/05\/hospitales-adventistas-reconocidos-nuevamente-en-clasificacion-nacional-por-su-seguridad\/","og_locale":"es_ES","og_type":"article","og_title":"Hospitales adventistas reconocidos nuevamente en clasificaci\u00f3n nacional por su seguridad - Iglesia Adventista del S\u00e9ptimo D\u00eda - Divisi\u00f3n Interamericana","og_description":"9 de mayo de 2020 \u00a0|\u00a0 Loma Linda, California, Estados Unidos \u00a0|\u00a0 Briana Pastorino Dos hospitales adventistas del s\u00e9ptimo d\u00eda en California, Estados Unidos, recibieron nuevamente reconocimiento nacional por la...","og_url":"https:\/\/interamerica.org\/es\/2020\/05\/hospitales-adventistas-reconocidos-nuevamente-en-clasificacion-nacional-por-su-seguridad\/","og_site_name":"Iglesia Adventista del S\u00e9ptimo D\u00eda - Divisi\u00f3n Interamericana","article_published_time":"2020-05-10T00:31:54+00:00","article_modified_time":"2020-05-12T12:10:59+00:00","og_image":[{"width":672,"height":378,"url":"https:\/\/interamerica.org\/wp-content\/uploads\/2020\/05\/csm-llu-1-adventist-hospitals-again-recognized-for-safety-in-nationwide-rankingscroppedforposting-80b35bc80e.jpg","type":"image\/jpeg"}],"author":"libna","twitter_card":"summary_large_image","twitter_misc":{"Escrito por":"libna","Tiempo de lectura":"4 minutos"},"schema":{"@context":"https:\/\/schema.org","@graph":[{"@type":"Article","@id":"https:\/\/interamerica.org\/es\/2020\/05\/hospitales-adventistas-reconocidos-nuevamente-en-clasificacion-nacional-por-su-seguridad\/#article","isPartOf":{"@id":"https:\/\/interamerica.org\/es\/2020\/05\/hospitales-adventistas-reconocidos-nuevamente-en-clasificacion-nacional-por-su-seguridad\/"},"author":{"name":"libna","@id":"https:\/\/interamerica.org\/es\/#\/schema\/person\/29998f2bc2d8bd0d38662909289b54f1"},"headline":"Hospitales adventistas reconocidos nuevamente en clasificaci\u00f3n nacional por su seguridad","datePublished":"2020-05-10T00:31:54+00:00","dateModified":"2020-05-12T12:10:59+00:00","mainEntityOfPage":{"@id":"https:\/\/interamerica.org\/es\/2020\/05\/hospitales-adventistas-reconocidos-nuevamente-en-clasificacion-nacional-por-su-seguridad\/"},"wordCount":722,"commentCount":0,"image":{"@id":"https:\/\/interamerica.org\/es\/2020\/05\/hospitales-adventistas-reconocidos-nuevamente-en-clasificacion-nacional-por-su-seguridad\/#primaryimage"},"thumbnailUrl":"https:\/\/interamerica.org\/wp-content\/uploads\/2020\/05\/csm-llu-1-adventist-hospitals-again-recognized-for-safety-in-nationwide-rankingscroppedforposting-80b35bc80e.jpg","articleSection":["Desde la iglesia mundial","RSS Espa\u00f1ol"],"inLanguage":"es","potentialAction":[{"@type":"CommentAction","name":"Comment","target":["https:\/\/interamerica.org\/es\/2020\/05\/hospitales-adventistas-reconocidos-nuevamente-en-clasificacion-nacional-por-su-seguridad\/#respond"]}]},{"@type":"WebPage","@id":"https:\/\/interamerica.org\/es\/2020\/05\/hospitales-adventistas-reconocidos-nuevamente-en-clasificacion-nacional-por-su-seguridad\/","url":"https:\/\/interamerica.org\/es\/2020\/05\/hospitales-adventistas-reconocidos-nuevamente-en-clasificacion-nacional-por-su-seguridad\/","name":"Hospitales adventistas reconocidos nuevamente en clasificaci\u00f3n nacional por su seguridad - Iglesia Adventista del S\u00e9ptimo D\u00eda - Divisi\u00f3n Interamericana","isPartOf":{"@id":"https:\/\/interamerica.org\/es\/#website"},"primaryImageOfPage":{"@id":"https:\/\/interamerica.org\/es\/2020\/05\/hospitales-adventistas-reconocidos-nuevamente-en-clasificacion-nacional-por-su-seguridad\/#primaryimage"},"image":{"@id":"https:\/\/interamerica.org\/es\/2020\/05\/hospitales-adventistas-reconocidos-nuevamente-en-clasificacion-nacional-por-su-seguridad\/#primaryimage"},"thumbnailUrl":"https:\/\/interamerica.org\/wp-content\/uploads\/2020\/05\/csm-llu-1-adventist-hospitals-again-recognized-for-safety-in-nationwide-rankingscroppedforposting-80b35bc80e.jpg","datePublished":"2020-05-10T00:31:54+00:00","dateModified":"2020-05-12T12:10:59+00:00","author":{"@id":"https:\/\/interamerica.org\/es\/#\/schema\/person\/29998f2bc2d8bd0d38662909289b54f1"},"breadcrumb":{"@id":"https:\/\/interamerica.org\/es\/2020\/05\/hospitales-adventistas-reconocidos-nuevamente-en-clasificacion-nacional-por-su-seguridad\/#breadcrumb"},"inLanguage":"es","potentialAction":[{"@type":"ReadAction","target":["https:\/\/interamerica.org\/es\/2020\/05\/hospitales-adventistas-reconocidos-nuevamente-en-clasificacion-nacional-por-su-seguridad\/"]}]},{"@type":"ImageObject","inLanguage":"es","@id":"https:\/\/interamerica.org\/es\/2020\/05\/hospitales-adventistas-reconocidos-nuevamente-en-clasificacion-nacional-por-su-seguridad\/#primaryimage","url":"https:\/\/interamerica.org\/wp-content\/uploads\/2020\/05\/csm-llu-1-adventist-hospitals-again-recognized-for-safety-in-nationwide-rankingscroppedforposting-80b35bc80e.jpg","contentUrl":"https:\/\/interamerica.org\/wp-content\/uploads\/2020\/05\/csm-llu-1-adventist-hospitals-again-recognized-for-safety-in-nationwide-rankingscroppedforposting-80b35bc80e.jpg","width":672,"height":378,"caption":"Un paciente recibe rehabilitaci\u00f3n especializada en el Centro M\u00e9dico del Hospital de la Universidad Loma Linda, East Campus. [Imagen cortes\u00eda de Loma Linda University Health]"},{"@type":"BreadcrumbList","@id":"https:\/\/interamerica.org\/es\/2020\/05\/hospitales-adventistas-reconocidos-nuevamente-en-clasificacion-nacional-por-su-seguridad\/#breadcrumb","itemListElement":[{"@type":"ListItem","position":1,"name":"Home","item":"https:\/\/interamerica.org\/es\/"},{"@type":"ListItem","position":2,"name":"Hospitales adventistas reconocidos nuevamente en clasificaci\u00f3n nacional por su seguridad"}]},{"@type":"WebSite","@id":"https:\/\/interamerica.org\/es\/#website","url":"https:\/\/interamerica.org\/es\/","name":"Iglesia Adventista del S\u00e9ptimo D\u00eda - Divisi\u00f3n Interamericana","description":"","potentialAction":[{"@type":"SearchAction","target":{"@type":"EntryPoint","urlTemplate":"https:\/\/interamerica.org\/es\/?s={search_term_string}"},"query-input":{"@type":"PropertyValueSpecification","valueRequired":true,"valueName":"search_term_string"}}],"inLanguage":"es"},{"@type":"Person","@id":"https:\/\/interamerica.org\/es\/#\/schema\/person\/29998f2bc2d8bd0d38662909289b54f1","name":"libna","image":{"@type":"ImageObject","inLanguage":"es","@id":"https:\/\/secure.gravatar.com\/avatar\/7c5bd30ae4b47a9ba3c856590957fd1d96dc588bf3ac05719d247e126840331f?s=96&d=mm&r=g","url":"https:\/\/secure.gravatar.com\/avatar\/7c5bd30ae4b47a9ba3c856590957fd1d96dc588bf3ac05719d247e126840331f?s=96&d=mm&r=g","contentUrl":"https:\/\/secure.gravatar.com\/avatar\/7c5bd30ae4b47a9ba3c856590957fd1d96dc588bf3ac05719d247e126840331f?s=96&d=mm&r=g","caption":"libna"}}]}},"_links":{"self":[{"href":"https:\/\/interamerica.org\/es\/wp-json\/wp\/v2\/posts\/58603","targetHints":{"allow":["GET"]}}],"collection":[{"href":"https:\/\/interamerica.org\/es\/wp-json\/wp\/v2\/posts"}],"about":[{"href":"https:\/\/interamerica.org\/es\/wp-json\/wp\/v2\/types\/post"}],"author":[{"embeddable":true,"href":"https:\/\/interamerica.org\/es\/wp-json\/wp\/v2\/users\/3"}],"replies":[{"embeddable":true,"href":"https:\/\/interamerica.org\/es\/wp-json\/wp\/v2\/comments?post=58603"}],"version-history":[{"count":0,"href":"https:\/\/interamerica.org\/es\/wp-json\/wp\/v2\/posts\/58603\/revisions"}],"wp:featuredmedia":[{"embeddable":true,"href":"https:\/\/interamerica.org\/es\/wp-json\/wp\/v2\/media\/58580"}],"wp:attachment":[{"href":"https:\/\/interamerica.org\/es\/wp-json\/wp\/v2\/media?parent=58603"}],"wp:term":[{"taxonomy":"category","embeddable":true,"href":"https:\/\/interamerica.org\/es\/wp-json\/wp\/v2\/categories?post=58603"},{"taxonomy":"post_tag","embeddable":true,"href":"https:\/\/interamerica.org\/es\/wp-json\/wp\/v2\/tags?post=58603"}],"curies":[{"name":"wp","href":"https:\/\/api.w.org\/{rel}","templated":true}]}}