{"id":58663,"date":"2020-05-12T17:37:34","date_gmt":"2020-05-12T21:37:34","guid":{"rendered":"https:\/\/recursing-golick.147-182-135-0.plesk.page\/?p=58663"},"modified":"2020-05-12T20:58:53","modified_gmt":"2020-05-13T00:58:53","slug":"feliz-dia-del-planeta-tierra","status":"publish","type":"post","link":"https:\/\/interamerica.org\/es\/2020\/05\/feliz-dia-del-planeta-tierra\/","title":{"rendered":"\u00a1Feliz D\u00eda del Planeta Tierra!"},"content":{"rendered":"<p>12 de mayo de 2020 | Silver Spring, Maryland, Estados Unidos | Por Stephen Chavez<\/p>\n<p>Si el coronavirus no hubiera acaparado las noticias por los \u00faltimos dos meses, tal vez habr\u00edamos tenido tiempo de observar en forma m\u00e1s apropiada el 50\u00b0 aniversario del D\u00eda de la Tierra, el 22 de abril.<\/p>\n<p>S\u00e9 que para muchos, el D\u00eda de la Tierra (del Planeta Tierra, o de la Madre Tierra, como se llama en algunos lugares) lleva consigo una carga de connotaciones mayor que la de un super tanque de petr\u00f3leo crudo procedente del Oriente Medio. Pero para la gente que cada semana celebra al Creador y a su creaci\u00f3n \u201cbuena en gran manera\u201d, es totalmente apropiado citar el progreso logrado durante los \u00faltimos 50 a\u00f1os para restaurar el aire y agua puros, la energ\u00eda sostenible y la \u00a0igualdad econ\u00f3mica.<\/p>\n<p>Habiendo crecido en el sur de California en las d\u00e9cadas de los 1960 y 1970, recuerdo muy bien la contaminaci\u00f3n ambiental que envolv\u00eda la cuenca de los Los \u00c1ngeles y la regi\u00f3n tierra adentro del llamado \u201cinland empire\u201d de San Bernardino. Al arribar a mi casa en mi bicicleta, despu\u00e9s de la escuela, muy frecuentemente me tiraba sin m\u00e1s sobre la cama, con los pulmones ardiendo por el efecto del esmog.<\/p>\n<p>Cincuenta a\u00f1os atr\u00e1s, el indiscriminado uso de pesticidas puso en riesgo enteras especies de aves y animales. Sustancias qu\u00edmicas fueron arrojadas inapropiadamente sobre terrenos permanentemente contaminados e hicieron que \u201cse incendiaran\u201d los r\u00edos. El reciclaje era una idea \u00a0exc\u00e9ntrica, totalmente innecesaria en un pa\u00eds de \u201cilimitados\u201d recursos naturales.<\/p>\n<p>Esa imagen de la Tierra, vista desde el espacio, como una peque\u00f1a esfera azul y gris, tal vez haya sido parta del \u00edmpetu para recordarnos que el planeta requiere de nuestro cuidado. Ciertamente no fue una sorpresa para aquellos de nosotros que recordamos las palabras del G\u00e9nesis: \u201cY vio Dios todo cuanto hab\u00eda hecho, y era bueno en gran manera\u201d (<a href=\"https:\/\/biblia.com\/bible\/nkjv\/Gen.%201.31\" data-reference=\"Gen. 1.31\" data-version=\"nkjv\" data-purpose=\"bible-reference\">G\u00e9n. 1:31<\/a>).<\/p>\n<p>La Biblia dice tambi\u00e9n acerca de nuestros primeros padres: \u201cJehov\u00e1 Dios plant\u00f3 un huerto en Ed\u00e9n, al oriente, y puso all\u00ed al hombre que hab\u00eda formado. . . Jehov\u00e1 Dios. . . lo puso en el huerto de Ed\u00e9n, para que lo labrara y lo cuidara\u201d (<a href=\"https:\/\/biblia.com\/bible\/nkjv\/Gen.%202.8\" data-reference=\"Gen. 2.8\" data-version=\"nkjv\" data-purpose=\"bible-reference\">G\u00e9n. 2:8<\/a>, <a href=\"https:\/\/biblia.com\/bible\/nkjv\/Gen%202.15\" data-reference=\"Gen 2.15\" data-version=\"nkjv\" data-purpose=\"bible-reference\">15<\/a>).<\/p>\n<p>Eso no significa que todos debemos ser jardineros, o siquiera tener esa habilidad. Significa simplemente que, por el momento, \u201ceste mundo es nuestro hogar\u201d y que es nuestra responsabilidad, como hijos de Dios, preservar este planeta como buenos mayordomos<\/p>\n<p>Los \u00faltimos 50 a\u00f1os han sido de gran progreso en cuanto a cuidar de nuestro planeta. La contaminaci\u00f3n del aire ha disminuido en la mayor\u00eda de las ciudades de Norteam\u00e9rica, Europa, y el Pacifico Sur. El sistema de reciclaje est\u00e1 en marcha, reduciendo con ello la necesidad de usar recursos naturales no renovables. La energ\u00eda generada por el viento, la solar y la hidr\u00e1ulica, se hacen cada vez m\u00e1s accesible, m\u00e1s eficiente y menos costosa. Las corporaciones multinacionales se afanan por reducir el impacto medioambiental negativo. Todas estas son cosas que los creacionistas podemos celebrar.<\/p>\n<p>Sin embargo, podemos hacer m\u00e1s.<\/p>\n<p>Vastas poblaciones en pa\u00edses en desarrollo tienen muy poco acceso al agua potable y al aire no contaminado. Y no hay excusa por los desechos y basura que ensucian nuestras costas, r\u00edos, arroyos y carreteras. Pero las aparentemente peque\u00f1as e insignificantes acciones se van sumando; tales como caminar, ir en bicicleta o usar el transporte p\u00fablico en vez de conducir el propio veh\u00edculo; uso de bolsas reusables de tela para hacer las compras y botellas tambi\u00e9n reusables para el agua, en vez de las de pl\u00e1stico; donar tiempo cada semana para recoger basura en la calle o en la carretera.<\/p>\n<p>No necesitamos creer en el calentamiento global para estar conscientes de la devastaci\u00f3n causada por los fuegos incontrolados que consumen casi todo lo que encuentran en su camino; de los tifones y huracanes que dejan a su paso enormes huellas de destrucci\u00f3n. Tal vez son simplemente parte de lo que significa vivir en un planeta maldecido por el pecado. Pero, as\u00ed como Cristo nos redimi\u00f3 para restaurar en nosotros la imagen de Dios, nuestro cuidado de este planeta demuestra nuestra entrega y dedicaci\u00f3n a vivir su voluntad en su \u201cbuena en gran manera\u201d creaci\u00f3n.<\/p>\n<p>No necesit\u00e1bamos un D\u00eda de la Tierra para dec\u00edrnoslo; pero, durante 50 a\u00f1os, ha sido un \u00fatil recordatorio.<\/p>\n<p><strong>Stephen Chavez<\/strong><em> es editor asistente de <\/em><em>A<\/em>dventist Review<em>.<\/em><\/p>\n<p>Traducci\u00f3n \u2013 Gloria A. Castrej\u00f3n<\/p>\n<p>&nbsp;<\/p>\n<p><span class=\"byline-news\">\u00a0\u00a0\u00a0\u00a0\u00a0 <\/span><\/p>\n","protected":false},"excerpt":{"rendered":"<p>12 de mayo de 2020 | Silver Spring, Maryland, Estados Unidos | Por Stephen Chavez Si el coronavirus no hubiera acaparado las noticias por los \u00faltimos dos meses, tal vez&#8230;<\/p>\n","protected":false},"author":3,"featured_media":58630,"comment_status":"open","ping_status":"closed","sticky":false,"template":"","format":"standard","meta":{"_acf_changed":false,"footnotes":""},"categories":[14,15],"tags":[],"class_list":["post-58663","post","type-post","status-publish","format-standard","has-post-thumbnail","hentry","category-de-la-iglesia-mundial","category-rss-espanol"],"acf":[],"yoast_head":"<!-- This site is optimized with the Yoast SEO plugin v27.3 - https:\/\/yoast.com\/product\/yoast-seo-wordpress\/ -->\n<title>\u00a1Feliz D\u00eda del Planeta Tierra! - Iglesia Adventista del S\u00e9ptimo D\u00eda - Divisi\u00f3n Interamericana<\/title>\n<meta name=\"robots\" content=\"index, follow, max-snippet:-1, max-image-preview:large, max-video-preview:-1\" \/>\n<link rel=\"canonical\" href=\"https:\/\/interamerica.org\/es\/2020\/05\/feliz-dia-del-planeta-tierra\/\" \/>\n<meta property=\"og:locale\" content=\"es_ES\" \/>\n<meta property=\"og:type\" content=\"article\" \/>\n<meta property=\"og:title\" content=\"\u00a1Feliz D\u00eda del Planeta Tierra! - Iglesia Adventista del S\u00e9ptimo D\u00eda - Divisi\u00f3n Interamericana\" \/>\n<meta property=\"og:description\" content=\"12 de mayo de 2020 | Silver Spring, Maryland, Estados Unidos | Por Stephen Chavez Si el coronavirus no hubiera acaparado las noticias por los \u00faltimos dos meses, tal vez...\" \/>\n<meta property=\"og:url\" content=\"https:\/\/interamerica.org\/es\/2020\/05\/feliz-dia-del-planeta-tierra\/\" \/>\n<meta property=\"og:site_name\" content=\"Iglesia Adventista del S\u00e9ptimo D\u00eda - Divisi\u00f3n Interamericana\" \/>\n<meta property=\"article:published_time\" content=\"2020-05-12T21:37:34+00:00\" \/>\n<meta property=\"article:modified_time\" content=\"2020-05-13T00:58:53+00:00\" \/>\n<meta property=\"og:image\" content=\"https:\/\/interamerica.org\/wp-content\/uploads\/2020\/05\/earth-1617121-1920.jpg\" \/>\n\t<meta property=\"og:image:width\" content=\"1280\" \/>\n\t<meta property=\"og:image:height\" content=\"800\" \/>\n\t<meta property=\"og:image:type\" content=\"image\/jpeg\" \/>\n<meta name=\"author\" content=\"libna\" \/>\n<meta name=\"twitter:card\" content=\"summary_large_image\" \/>\n<meta name=\"twitter:label1\" content=\"Escrito por\" \/>\n\t<meta name=\"twitter:data1\" content=\"libna\" \/>\n\t<meta name=\"twitter:label2\" content=\"Tiempo de lectura\" \/>\n\t<meta name=\"twitter:data2\" content=\"4 minutos\" \/>\n<script type=\"application\/ld+json\" class=\"yoast-schema-graph\">{\"@context\":\"https:\\\/\\\/schema.org\",\"@graph\":[{\"@type\":\"Article\",\"@id\":\"https:\\\/\\\/interamerica.org\\\/es\\\/2020\\\/05\\\/feliz-dia-del-planeta-tierra\\\/#article\",\"isPartOf\":{\"@id\":\"https:\\\/\\\/interamerica.org\\\/es\\\/2020\\\/05\\\/feliz-dia-del-planeta-tierra\\\/\"},\"author\":{\"name\":\"libna\",\"@id\":\"https:\\\/\\\/interamerica.org\\\/es\\\/#\\\/schema\\\/person\\\/29998f2bc2d8bd0d38662909289b54f1\"},\"headline\":\"\u00a1Feliz D\u00eda del Planeta Tierra!\",\"datePublished\":\"2020-05-12T21:37:34+00:00\",\"dateModified\":\"2020-05-13T00:58:53+00:00\",\"mainEntityOfPage\":{\"@id\":\"https:\\\/\\\/interamerica.org\\\/es\\\/2020\\\/05\\\/feliz-dia-del-planeta-tierra\\\/\"},\"wordCount\":776,\"commentCount\":0,\"image\":{\"@id\":\"https:\\\/\\\/interamerica.org\\\/es\\\/2020\\\/05\\\/feliz-dia-del-planeta-tierra\\\/#primaryimage\"},\"thumbnailUrl\":\"https:\\\/\\\/interamerica.org\\\/wp-content\\\/uploads\\\/2020\\\/05\\\/earth-1617121-1920.jpg\",\"articleSection\":[\"Desde la iglesia mundial\",\"RSS Espa\u00f1ol\"],\"inLanguage\":\"es\",\"potentialAction\":[{\"@type\":\"CommentAction\",\"name\":\"Comment\",\"target\":[\"https:\\\/\\\/interamerica.org\\\/es\\\/2020\\\/05\\\/feliz-dia-del-planeta-tierra\\\/#respond\"]}]},{\"@type\":\"WebPage\",\"@id\":\"https:\\\/\\\/interamerica.org\\\/es\\\/2020\\\/05\\\/feliz-dia-del-planeta-tierra\\\/\",\"url\":\"https:\\\/\\\/interamerica.org\\\/es\\\/2020\\\/05\\\/feliz-dia-del-planeta-tierra\\\/\",\"name\":\"\u00a1Feliz D\u00eda del Planeta Tierra! - Iglesia Adventista del S\u00e9ptimo D\u00eda - Divisi\u00f3n Interamericana\",\"isPartOf\":{\"@id\":\"https:\\\/\\\/interamerica.org\\\/es\\\/#website\"},\"primaryImageOfPage\":{\"@id\":\"https:\\\/\\\/interamerica.org\\\/es\\\/2020\\\/05\\\/feliz-dia-del-planeta-tierra\\\/#primaryimage\"},\"image\":{\"@id\":\"https:\\\/\\\/interamerica.org\\\/es\\\/2020\\\/05\\\/feliz-dia-del-planeta-tierra\\\/#primaryimage\"},\"thumbnailUrl\":\"https:\\\/\\\/interamerica.org\\\/wp-content\\\/uploads\\\/2020\\\/05\\\/earth-1617121-1920.jpg\",\"datePublished\":\"2020-05-12T21:37:34+00:00\",\"dateModified\":\"2020-05-13T00:58:53+00:00\",\"author\":{\"@id\":\"https:\\\/\\\/interamerica.org\\\/es\\\/#\\\/schema\\\/person\\\/29998f2bc2d8bd0d38662909289b54f1\"},\"breadcrumb\":{\"@id\":\"https:\\\/\\\/interamerica.org\\\/es\\\/2020\\\/05\\\/feliz-dia-del-planeta-tierra\\\/#breadcrumb\"},\"inLanguage\":\"es\",\"potentialAction\":[{\"@type\":\"ReadAction\",\"target\":[\"https:\\\/\\\/interamerica.org\\\/es\\\/2020\\\/05\\\/feliz-dia-del-planeta-tierra\\\/\"]}]},{\"@type\":\"ImageObject\",\"inLanguage\":\"es\",\"@id\":\"https:\\\/\\\/interamerica.org\\\/es\\\/2020\\\/05\\\/feliz-dia-del-planeta-tierra\\\/#primaryimage\",\"url\":\"https:\\\/\\\/interamerica.org\\\/wp-content\\\/uploads\\\/2020\\\/05\\\/earth-1617121-1920.jpg\",\"contentUrl\":\"https:\\\/\\\/interamerica.org\\\/wp-content\\\/uploads\\\/2020\\\/05\\\/earth-1617121-1920.jpg\",\"width\":1280,\"height\":800},{\"@type\":\"BreadcrumbList\",\"@id\":\"https:\\\/\\\/interamerica.org\\\/es\\\/2020\\\/05\\\/feliz-dia-del-planeta-tierra\\\/#breadcrumb\",\"itemListElement\":[{\"@type\":\"ListItem\",\"position\":1,\"name\":\"Home\",\"item\":\"https:\\\/\\\/interamerica.org\\\/es\\\/\"},{\"@type\":\"ListItem\",\"position\":2,\"name\":\"\u00a1Feliz D\u00eda del Planeta Tierra!\"}]},{\"@type\":\"WebSite\",\"@id\":\"https:\\\/\\\/interamerica.org\\\/es\\\/#website\",\"url\":\"https:\\\/\\\/interamerica.org\\\/es\\\/\",\"name\":\"Iglesia Adventista del S\u00e9ptimo D\u00eda - Divisi\u00f3n Interamericana\",\"description\":\"\",\"potentialAction\":[{\"@type\":\"SearchAction\",\"target\":{\"@type\":\"EntryPoint\",\"urlTemplate\":\"https:\\\/\\\/interamerica.org\\\/es\\\/?s={search_term_string}\"},\"query-input\":{\"@type\":\"PropertyValueSpecification\",\"valueRequired\":true,\"valueName\":\"search_term_string\"}}],\"inLanguage\":\"es\"},{\"@type\":\"Person\",\"@id\":\"https:\\\/\\\/interamerica.org\\\/es\\\/#\\\/schema\\\/person\\\/29998f2bc2d8bd0d38662909289b54f1\",\"name\":\"libna\",\"image\":{\"@type\":\"ImageObject\",\"inLanguage\":\"es\",\"@id\":\"https:\\\/\\\/secure.gravatar.com\\\/avatar\\\/7c5bd30ae4b47a9ba3c856590957fd1d96dc588bf3ac05719d247e126840331f?s=96&d=mm&r=g\",\"url\":\"https:\\\/\\\/secure.gravatar.com\\\/avatar\\\/7c5bd30ae4b47a9ba3c856590957fd1d96dc588bf3ac05719d247e126840331f?s=96&d=mm&r=g\",\"contentUrl\":\"https:\\\/\\\/secure.gravatar.com\\\/avatar\\\/7c5bd30ae4b47a9ba3c856590957fd1d96dc588bf3ac05719d247e126840331f?s=96&d=mm&r=g\",\"caption\":\"libna\"}}]}<\/script>\n<!-- \/ Yoast SEO plugin. -->","yoast_head_json":{"title":"\u00a1Feliz D\u00eda del Planeta Tierra! - Iglesia Adventista del S\u00e9ptimo D\u00eda - Divisi\u00f3n Interamericana","robots":{"index":"index","follow":"follow","max-snippet":"max-snippet:-1","max-image-preview":"max-image-preview:large","max-video-preview":"max-video-preview:-1"},"canonical":"https:\/\/interamerica.org\/es\/2020\/05\/feliz-dia-del-planeta-tierra\/","og_locale":"es_ES","og_type":"article","og_title":"\u00a1Feliz D\u00eda del Planeta Tierra! - Iglesia Adventista del S\u00e9ptimo D\u00eda - Divisi\u00f3n Interamericana","og_description":"12 de mayo de 2020 | Silver Spring, Maryland, Estados Unidos | Por Stephen Chavez Si el coronavirus no hubiera acaparado las noticias por los \u00faltimos dos meses, tal vez...","og_url":"https:\/\/interamerica.org\/es\/2020\/05\/feliz-dia-del-planeta-tierra\/","og_site_name":"Iglesia Adventista del S\u00e9ptimo D\u00eda - Divisi\u00f3n Interamericana","article_published_time":"2020-05-12T21:37:34+00:00","article_modified_time":"2020-05-13T00:58:53+00:00","og_image":[{"width":1280,"height":800,"url":"https:\/\/interamerica.org\/wp-content\/uploads\/2020\/05\/earth-1617121-1920.jpg","type":"image\/jpeg"}],"author":"libna","twitter_card":"summary_large_image","twitter_misc":{"Escrito por":"libna","Tiempo de lectura":"4 minutos"},"schema":{"@context":"https:\/\/schema.org","@graph":[{"@type":"Article","@id":"https:\/\/interamerica.org\/es\/2020\/05\/feliz-dia-del-planeta-tierra\/#article","isPartOf":{"@id":"https:\/\/interamerica.org\/es\/2020\/05\/feliz-dia-del-planeta-tierra\/"},"author":{"name":"libna","@id":"https:\/\/interamerica.org\/es\/#\/schema\/person\/29998f2bc2d8bd0d38662909289b54f1"},"headline":"\u00a1Feliz D\u00eda del Planeta Tierra!","datePublished":"2020-05-12T21:37:34+00:00","dateModified":"2020-05-13T00:58:53+00:00","mainEntityOfPage":{"@id":"https:\/\/interamerica.org\/es\/2020\/05\/feliz-dia-del-planeta-tierra\/"},"wordCount":776,"commentCount":0,"image":{"@id":"https:\/\/interamerica.org\/es\/2020\/05\/feliz-dia-del-planeta-tierra\/#primaryimage"},"thumbnailUrl":"https:\/\/interamerica.org\/wp-content\/uploads\/2020\/05\/earth-1617121-1920.jpg","articleSection":["Desde la iglesia mundial","RSS Espa\u00f1ol"],"inLanguage":"es","potentialAction":[{"@type":"CommentAction","name":"Comment","target":["https:\/\/interamerica.org\/es\/2020\/05\/feliz-dia-del-planeta-tierra\/#respond"]}]},{"@type":"WebPage","@id":"https:\/\/interamerica.org\/es\/2020\/05\/feliz-dia-del-planeta-tierra\/","url":"https:\/\/interamerica.org\/es\/2020\/05\/feliz-dia-del-planeta-tierra\/","name":"\u00a1Feliz D\u00eda del Planeta Tierra! - Iglesia Adventista del S\u00e9ptimo D\u00eda - Divisi\u00f3n Interamericana","isPartOf":{"@id":"https:\/\/interamerica.org\/es\/#website"},"primaryImageOfPage":{"@id":"https:\/\/interamerica.org\/es\/2020\/05\/feliz-dia-del-planeta-tierra\/#primaryimage"},"image":{"@id":"https:\/\/interamerica.org\/es\/2020\/05\/feliz-dia-del-planeta-tierra\/#primaryimage"},"thumbnailUrl":"https:\/\/interamerica.org\/wp-content\/uploads\/2020\/05\/earth-1617121-1920.jpg","datePublished":"2020-05-12T21:37:34+00:00","dateModified":"2020-05-13T00:58:53+00:00","author":{"@id":"https:\/\/interamerica.org\/es\/#\/schema\/person\/29998f2bc2d8bd0d38662909289b54f1"},"breadcrumb":{"@id":"https:\/\/interamerica.org\/es\/2020\/05\/feliz-dia-del-planeta-tierra\/#breadcrumb"},"inLanguage":"es","potentialAction":[{"@type":"ReadAction","target":["https:\/\/interamerica.org\/es\/2020\/05\/feliz-dia-del-planeta-tierra\/"]}]},{"@type":"ImageObject","inLanguage":"es","@id":"https:\/\/interamerica.org\/es\/2020\/05\/feliz-dia-del-planeta-tierra\/#primaryimage","url":"https:\/\/interamerica.org\/wp-content\/uploads\/2020\/05\/earth-1617121-1920.jpg","contentUrl":"https:\/\/interamerica.org\/wp-content\/uploads\/2020\/05\/earth-1617121-1920.jpg","width":1280,"height":800},{"@type":"BreadcrumbList","@id":"https:\/\/interamerica.org\/es\/2020\/05\/feliz-dia-del-planeta-tierra\/#breadcrumb","itemListElement":[{"@type":"ListItem","position":1,"name":"Home","item":"https:\/\/interamerica.org\/es\/"},{"@type":"ListItem","position":2,"name":"\u00a1Feliz D\u00eda del Planeta Tierra!"}]},{"@type":"WebSite","@id":"https:\/\/interamerica.org\/es\/#website","url":"https:\/\/interamerica.org\/es\/","name":"Iglesia Adventista del S\u00e9ptimo D\u00eda - Divisi\u00f3n Interamericana","description":"","potentialAction":[{"@type":"SearchAction","target":{"@type":"EntryPoint","urlTemplate":"https:\/\/interamerica.org\/es\/?s={search_term_string}"},"query-input":{"@type":"PropertyValueSpecification","valueRequired":true,"valueName":"search_term_string"}}],"inLanguage":"es"},{"@type":"Person","@id":"https:\/\/interamerica.org\/es\/#\/schema\/person\/29998f2bc2d8bd0d38662909289b54f1","name":"libna","image":{"@type":"ImageObject","inLanguage":"es","@id":"https:\/\/secure.gravatar.com\/avatar\/7c5bd30ae4b47a9ba3c856590957fd1d96dc588bf3ac05719d247e126840331f?s=96&d=mm&r=g","url":"https:\/\/secure.gravatar.com\/avatar\/7c5bd30ae4b47a9ba3c856590957fd1d96dc588bf3ac05719d247e126840331f?s=96&d=mm&r=g","contentUrl":"https:\/\/secure.gravatar.com\/avatar\/7c5bd30ae4b47a9ba3c856590957fd1d96dc588bf3ac05719d247e126840331f?s=96&d=mm&r=g","caption":"libna"}}]}},"_links":{"self":[{"href":"https:\/\/interamerica.org\/es\/wp-json\/wp\/v2\/posts\/58663","targetHints":{"allow":["GET"]}}],"collection":[{"href":"https:\/\/interamerica.org\/es\/wp-json\/wp\/v2\/posts"}],"about":[{"href":"https:\/\/interamerica.org\/es\/wp-json\/wp\/v2\/types\/post"}],"author":[{"embeddable":true,"href":"https:\/\/interamerica.org\/es\/wp-json\/wp\/v2\/users\/3"}],"replies":[{"embeddable":true,"href":"https:\/\/interamerica.org\/es\/wp-json\/wp\/v2\/comments?post=58663"}],"version-history":[{"count":0,"href":"https:\/\/interamerica.org\/es\/wp-json\/wp\/v2\/posts\/58663\/revisions"}],"wp:featuredmedia":[{"embeddable":true,"href":"https:\/\/interamerica.org\/es\/wp-json\/wp\/v2\/media\/58630"}],"wp:attachment":[{"href":"https:\/\/interamerica.org\/es\/wp-json\/wp\/v2\/media?parent=58663"}],"wp:term":[{"taxonomy":"category","embeddable":true,"href":"https:\/\/interamerica.org\/es\/wp-json\/wp\/v2\/categories?post=58663"},{"taxonomy":"post_tag","embeddable":true,"href":"https:\/\/interamerica.org\/es\/wp-json\/wp\/v2\/tags?post=58663"}],"curies":[{"name":"wp","href":"https:\/\/api.w.org\/{rel}","templated":true}]}}