{"id":58777,"date":"2020-05-14T18:48:38","date_gmt":"2020-05-14T22:48:38","guid":{"rendered":"https:\/\/recursing-golick.147-182-135-0.plesk.page\/?p=58777"},"modified":"2020-06-23T14:25:08","modified_gmt":"2020-06-23T18:25:08","slug":"lideres-de-la-iglesia-celebran-el-exito-de-50-dias-de-oracion-en-interamerica","status":"publish","type":"post","link":"https:\/\/interamerica.org\/es\/2020\/05\/lideres-de-la-iglesia-celebran-el-exito-de-50-dias-de-oracion-en-interamerica\/","title":{"rendered":"L\u00edderes de la iglesia celebran el \u00e9xito de 50 d\u00edas de oraci\u00f3n en Interam\u00e9rica"},"content":{"rendered":"<p><div id=\"attachment_58724\" style=\"width: 870px\" class=\"wp-caption aligncenter\"><img fetchpriority=\"high\" decoding=\"async\" aria-describedby=\"caption-attachment-58724\" class=\" wp-image-58722\" src=\"https:\/\/recursing-golick.147-182-135-0.plesk.page\/wp-content\/uploads\/2020\/05\/zoom-50days-group-1024x598.jpg\" alt=\"\" width=\"860\" height=\"502\" srcset=\"https:\/\/interamerica.org\/wp-content\/uploads\/2020\/05\/zoom-50days-group-1024x598.jpg 1024w, https:\/\/interamerica.org\/wp-content\/uploads\/2020\/05\/zoom-50days-group-300x175.jpg 300w, https:\/\/interamerica.org\/wp-content\/uploads\/2020\/05\/zoom-50days-group-768x449.jpg 768w, https:\/\/interamerica.org\/wp-content\/uploads\/2020\/05\/zoom-50days-group.jpg 1075w\" sizes=\"(max-width: 860px) 100vw, 860px\" \/><p id=\"caption-attachment-58724\" class=\"wp-caption-text\">Los l\u00edderes y miembros de la Iglesia Adventista del S\u00e9ptimo D\u00eda en toda la Divisi\u00f3n Interamericana se conectaron para celebrar los primeros 50 d\u00edas de oraci\u00f3n, durante una videoconferencia especial por Zoom el pasado 13 de mayo de 2020. El evento atrajo a mil participantes que se conectaron para reafirmar y promover la iniciativa de los 100 D\u00edas de Oraci\u00f3n lanzada por la Iglesia Adventista mundial all\u00e1 por marzo. [Fotograf\u00eda: Libna Stevens\/DIA]<\/p><\/div><strong>REVISADO: 24 de junio 2020<\/strong><\/p>\n<p>14 de mayo 2020 | Miami, Florida, Estados Unidos | Libna Stevens, Divisi\u00f3n Interamericana<\/p>\n<p>Los l\u00edderes de la Iglesia Adventista de toda la Divisi\u00f3n Interamericana hicieron una pausa para celebrar 50 d\u00edas de oraciones diarias, durante un programa de videoconferencia de dos horas y media llevado a cabo anoche. El encuentro atrajo a mil l\u00edderes y miembros de iglesia de los 24 territorios de las uniones para orar, adorar y compartir testimonios de oraciones contestadas al promediar la iniciativa de los 100 D\u00edas de Oraci\u00f3n lanzada por la Iglesia Adventista mundial hacia fines de marzo.<\/p>\n<p>\u201cHemos visto la maravillosa bondad de nuestro Dios mediante esta iniciativa de oraci\u00f3n\u201d, dijo el pastor Samuel Telemaque, director de Escuela Sab\u00e1tica y principal organizador de la iniciativa en la Divisi\u00f3n Interamericana. El encuentro en l\u00ednea tuvo por prop\u00f3sito dar alabanza a Dios por los primeros 50 d\u00edas de oraci\u00f3n, afirmar iniciativas de oraci\u00f3n e identificar nuevas iniciativas de oraci\u00f3n para los pr\u00f3ximos 50 d\u00edas, expres\u00f3.<\/p>\n<p>Los l\u00edderes de la iglesia tomaron turnos para leer vers\u00edculos de las Escrituras, y participaron de una serie de oraciones intercesoras por los que han perdido su trabajo como resultado de la pandemia. Tambi\u00e9n oraron por los l\u00edderes del gobierno, para que Dios proteja a la iglesia y a los miembros, por el derramamiento del Esp\u00edritu Santo y la orientaci\u00f3n para nuevas oportunidades misioneras en las ciudades y comunidades de todas partes.<\/p>\n<p><div id=\"attachment_58736\" style=\"width: 812px\" class=\"wp-caption aligncenter\"><img decoding=\"async\" aria-describedby=\"caption-attachment-58736\" class=\" wp-image-58734\" src=\"https:\/\/recursing-golick.147-182-135-0.plesk.page\/wp-content\/uploads\/2020\/05\/samuel-telemaque-zoom-50days.jpg\" alt=\"\" width=\"802\" height=\"536\" srcset=\"https:\/\/interamerica.org\/wp-content\/uploads\/2020\/05\/samuel-telemaque-zoom-50days.jpg 981w, https:\/\/interamerica.org\/wp-content\/uploads\/2020\/05\/samuel-telemaque-zoom-50days-300x201.jpg 300w, https:\/\/interamerica.org\/wp-content\/uploads\/2020\/05\/samuel-telemaque-zoom-50days-768x514.jpg 768w\" sizes=\"(max-width: 802px) 100vw, 802px\" \/><p id=\"caption-attachment-58736\" class=\"wp-caption-text\">El pastor Samuel Telemaque, director de Escuela Sab\u00e1tica de la Iglesia Adventista de Interam\u00e9rica y principal organizador de la iniciativa de los 100 D\u00edas de Oraci\u00f3n en el territorio, comparto el pr\u00f3ximo \u00e9nfasis de oraci\u00f3n para los siguientes cincuenta d\u00edas. [Fotograf\u00eda: Libna Stevens\/DIA]<\/p><\/div>El pastor Elie Henry, presidente de la Divisi\u00f3n Interamericana, agradeci\u00f3 a todos los l\u00edderes y miembros de iglesia por su compromiso continuado con la promoci\u00f3n de la iniciativa de oraci\u00f3n a lo largo del territorio de la divisi\u00f3n. \u201cEs bueno ver que somos perseverantes en la oraci\u00f3n durante estos tiempos de grandes desaf\u00edos\u201d, dijo el pastor Henry. Anim\u00f3 a los l\u00edderes para que contin\u00faen involucrando a los miembros para orar a Dios en sus hogares y dondequiera est\u00e9n.<\/p>\n<p>Entre los testimonios de oraciones respondidas que se compartieron estuvieron los del doctor Tony Frankson de las Bahamas, en el territorio de la Uni\u00f3n del Caribe Atl\u00e1ntico. El doctor Frankson comparti\u00f3 de qu\u00e9 manera Dios lo sustent\u00f3 durante el tiempo que pas\u00f3 en el hospital en cuidados intensivos debido al COVID-19. \u201cDios me preserv\u00f3 la vida\u201d, dijo el doctor Frankson. \u201cEn ning\u00fan momento sent\u00ed temor de morir. Me consumi\u00f3 la posibilidad de usar toda oportunidad posible para compartir el amor de Dios. Es simplemente maravilloso c\u00f3mo Dios ha estado acompa\u00f1ando en la recuperaci\u00f3n ya cinco semanas despu\u00e9s de haber recibido el alta del hospital\u201d.<\/p>\n<p>Tambi\u00e9n se compartieron otros testimonios de oraciones contestadas, incluido c\u00f3mo Dios provey\u00f3 de fondos especiales en menos de 24 horas para ayudar a alimentar a un orfanato en Hait\u00ed financiado por un proyecto de ADRA Puerto Rico, un hogar que se le brind\u00f3 a un pastor y su familia en Venezuela, un estudiante en la Rep\u00fablica Dominicana que pudo rendir sus ex\u00e1menes en otro d\u00eda en lugar del s\u00e1bado, y otros m\u00e1s.<\/p>\n<p><div id=\"attachment_58733\" style=\"width: 811px\" class=\"wp-caption aligncenter\"><img decoding=\"async\" aria-describedby=\"caption-attachment-58733\" class=\" wp-image-58731\" src=\"https:\/\/recursing-golick.147-182-135-0.plesk.page\/wp-content\/uploads\/2020\/05\/luis-aguillon-zoom-50days.jpg\" alt=\"\" width=\"801\" height=\"546\" srcset=\"https:\/\/interamerica.org\/wp-content\/uploads\/2020\/05\/luis-aguillon-zoom-50days.jpg 1000w, https:\/\/interamerica.org\/wp-content\/uploads\/2020\/05\/luis-aguillon-zoom-50days-300x205.jpg 300w, https:\/\/interamerica.org\/wp-content\/uploads\/2020\/05\/luis-aguillon-zoom-50days-768x524.jpg 768w\" sizes=\"(max-width: 801px) 100vw, 801px\" \/><p id=\"caption-attachment-58733\" class=\"wp-caption-text\">El pastor Luis Aguill\u00f3n, de la Uni\u00f3n Salvadore\u00f1a, lee una porci\u00f3n de la Biblia, durante la videoconferencia por Zoom, el 13 de mayo de 2020. [Fotograf\u00eda: Libna Stevens\/DIA]<\/p><\/div>Los l\u00edderes tambi\u00e9n compartieron el \u00e9xito de la iniciativa en todas sus iglesias locales.<\/p>\n<p>En la regi\u00f3n Mexicana del Norte, las once asociaciones y misiones, como as\u00ed tambi\u00e9n las instituciones, se han sumado a la iniciativa de oraci\u00f3n, inform\u00f3 el pastor David Maldonado, coordinador de la iniciativa en la iglesia all\u00ed. \u201cComenzamos a tomar turnos desde la 1.00 de la madrugada a las 12.59 de la madrugada siguiente, y esto ha resultado en grandes bendiciones en medio de la crisis por la pandemia\u201d, dijo Maldonado. \u201cHemos tenido m\u00faltiples reuniones de oraci\u00f3n virtuales, y hemos recibido m\u00e1s de mil pedidos espec\u00edficos de oraci\u00f3n. Estos pedidos son elevados en oraci\u00f3n cada vez que son enviados\u201d.<\/p>\n<p>En la Uni\u00f3n Caribe\u00f1a, se han llevado a cabo cadenas de oraci\u00f3n en todas las islas que conforman el territorio, que es una oraci\u00f3n espec\u00edfica las 24 horas del d\u00eda pidiendo la restauraci\u00f3n de la familia que comienza cada d\u00eda a las 6.00, inform\u00f3 Verna Francis de la Asociaci\u00f3n Este del Caribe. \u201cSabemos que donde hay crisis, Cristo est\u00e1 all\u00ed, por lo que sabemos que cada hora es un momento para la oraci\u00f3n, por lo que hemos seguido orando por pedidos espec\u00edficos, durante los programas especiales por Zoom, y mediante chats de oraci\u00f3n\u201d, dijo Francis.<\/p>\n<p>En Jamaica, el pastor Dudley Hosien comparti\u00f3 que la iglesia ha visto c\u00f3mo Dios ha obrado maravillas por medio de la iniciativa de oraci\u00f3n en toda la naci\u00f3n. \u201cJamaica ha estado saturada de oraci\u00f3n. Oramos por la naci\u00f3n, por los pastores, por los miembros de iglesia, por nuestras finanzas, el hospital adventista, las universidades, las escuelas, los obreros de avanzada, y vemos que Dios est\u00e1 obrando\u201d, dijo Hosien. Hasta el momento, han surgido 23 nuevas iniciativas de oraci\u00f3n y se han abierto 94 l\u00edneas de oraci\u00f3n durante los primeros 50 d\u00edas de oraci\u00f3n de la iniciativa de la iglesia global.<\/p>\n<p><div id=\"attachment_58730\" style=\"width: 812px\" class=\"wp-caption aligncenter\"><img loading=\"lazy\" decoding=\"async\" aria-describedby=\"caption-attachment-58730\" class=\" wp-image-58728\" src=\"https:\/\/recursing-golick.147-182-135-0.plesk.page\/wp-content\/uploads\/2020\/05\/tony-frankson-zoom-50days.jpg\" alt=\"\" width=\"802\" height=\"552\" srcset=\"https:\/\/interamerica.org\/wp-content\/uploads\/2020\/05\/tony-frankson-zoom-50days.jpg 1000w, https:\/\/interamerica.org\/wp-content\/uploads\/2020\/05\/tony-frankson-zoom-50days-300x206.jpg 300w, https:\/\/interamerica.org\/wp-content\/uploads\/2020\/05\/tony-frankson-zoom-50days-768x528.jpg 768w\" sizes=\"(max-width: 802px) 100vw, 802px\" \/><p id=\"caption-attachment-58730\" class=\"wp-caption-text\">El doctor Tony Franckson de la Uni\u00f3n del Caribe Atl\u00e1ntico, comparte su testimonio de su lucha contra el COVID-19 que lo mantuve en cuidados intensivos en el hospital hace dos meses en las Bahamas. [Fotograf\u00eda: Libna Stevens\/DIA]<\/p><\/div>Tambi\u00e9n se anim\u00f3 a los l\u00edderes para que contin\u00faen con el \u00e9nfasis en la iniciativa global de oraci\u00f3n durante los pr\u00f3ximos 50 d\u00edas, con razones adicionales de oraci\u00f3n por Interam\u00e9rica, seg\u00fan el siguiente detalle:<\/p>\n<ul>\n<li>Orar por el \u00e9nfasis del plan estrat\u00e9gico de Interam\u00e9rica \u2018I Will Go\u2019 sobre evangelismo, educaci\u00f3n y servicio comunitarios<\/li>\n<li>Orar por la salud y las preocupaciones econ\u00f3micas de los miembros<\/li>\n<li>Orar por los desaf\u00edos financieros que enfrenta el territorio de la Divisi\u00f3n Interamericana, lo incluye a sus uniones, asociaciones y misiones<\/li>\n<li>Orar por las familias pastorales<\/li>\n<li>Orar por el futuro de la educaci\u00f3n en la Divisi\u00f3n Interamericana<\/li>\n<li>Orar por una explosion de oraciones intercesoras en toda la Divisi\u00f3n Interamericana<\/li>\n<\/ul>\n<p>\u201cNos gustar\u00eda que las iglesias no solo oren sino que tambi\u00e9n incorporen en sus ministerios de oraci\u00f3n el estudio de la Biblia y el derramamiento del Esp\u00edritu Santo\u201d, dijo el pastor Telemaque. \u201cEl estudio de la Biblia, la oraci\u00f3n y el ministerio tienen que combinarse para producir la transformaci\u00f3n en la vida de los que oran y de aquellos por quienes est\u00e1n orando\u201d.<\/p>\n<p><div id=\"attachment_58752\" style=\"width: 811px\" class=\"wp-caption aligncenter\"><img loading=\"lazy\" decoding=\"async\" aria-describedby=\"caption-attachment-58752\" class=\" wp-image-58750\" src=\"https:\/\/recursing-golick.147-182-135-0.plesk.page\/wp-content\/uploads\/2020\/05\/efrain-velazquez-zoom-50days.jpg\" alt=\"\" width=\"801\" height=\"550\" srcset=\"https:\/\/interamerica.org\/wp-content\/uploads\/2020\/05\/efrain-velazquez-zoom-50days.jpg 1000w, https:\/\/interamerica.org\/wp-content\/uploads\/2020\/05\/efrain-velazquez-zoom-50days-300x206.jpg 300w, https:\/\/interamerica.org\/wp-content\/uploads\/2020\/05\/efrain-velazquez-zoom-50days-768x528.jpg 768w\" sizes=\"(max-width: 801px) 100vw, 801px\" \/><p id=\"caption-attachment-58752\" class=\"wp-caption-text\">El pastor Efra\u00edn Velazquez, presidente del Seminario Teol\u00f3gico Interamericano, ora durante el evento en l\u00ednea de la iniciativa de oraci\u00f3n. [Fotograf\u00eda: Libna Stevens\/DIA]<\/p><\/div>Asimismo, se ha planificado un d\u00eda de ayuno y oraci\u00f3n en la Divisi\u00f3n Interamericana para el pr\u00f3ximo 4 de julio de 2020. El plan es que durante un per\u00edodo de 24 horas del viernes 3 de julio al s\u00e1bado 4 de julio, cada una de las 24 uniones de la Divisi\u00f3n Interamericana dedique una hora espec\u00edfica para orar en los hogares.\u00a0 El dia marcara una celebraci\u00f3n al final de la iniciativa de los 100 D\u00edas de Oraci\u00f3n el s\u00e1bado 4 de julio de 2020, con un programa especial en l\u00ednea en Interam\u00e9rica, dijeron los organizadores.<\/p>\n<p>Para saber m\u00e1s sobre los 100 D\u00edas de Oraci\u00f3n en Interam\u00e9rica, y para ver recursos diarios de video:<\/p>\n<p>Entre <a href=\"https:\/\/recursing-golick.147-182-135-0.plesk.page\/project\/100-days-of-prayer\/\">AQU\u00cd<\/a> para <strong>ingl\u00e9s<\/strong><\/p>\n<p>Entre <a href=\"https:\/\/recursing-golick.147-182-135-0.plesk.page\/es\/project\/100-days-of-prayer\/\">AQU\u00cd<\/a> para <strong>espa\u00f1ol<\/strong><\/p>\n<p>Entre <a href=\"https:\/\/recursing-golick.147-182-135-0.plesk.page\/fr\/project\/100-days-of-prayer\/\">AQU\u00cd<\/a> para <strong>franc\u00e9s<\/strong><\/p>\n<p>Para saber los pr\u00f3ximos eventos y actividades en toda la Divisi\u00f3n Interamericana, vis\u00edtenos en <a href=\"https:\/\/recursing-golick.147-182-135-0.plesk.page\/news\/\">interamerica.org<\/a><\/p>\n<p>Traducci\u00f3n de Marcos Paseggi<\/p>\n","protected":false},"excerpt":{"rendered":"<p>REVISADO: 24 de junio 2020 14 de mayo 2020 | Miami, Florida, Estados Unidos | Libna Stevens, Divisi\u00f3n Interamericana Los l\u00edderes de la Iglesia Adventista de toda la Divisi\u00f3n Interamericana&#8230;<\/p>\n","protected":false},"author":3,"featured_media":58724,"comment_status":"open","ping_status":"closed","sticky":false,"template":"","format":"standard","meta":{"_acf_changed":false,"footnotes":""},"categories":[16,15],"tags":[],"class_list":["post-58777","post","type-post","status-publish","format-standard","has-post-thumbnail","hentry","category-desde-la-sede","category-rss-espanol"],"acf":[],"yoast_head":"<!-- This site is optimized with the Yoast SEO plugin v27.3 - https:\/\/yoast.com\/product\/yoast-seo-wordpress\/ -->\n<title>L\u00edderes de la iglesia celebran el \u00e9xito de 50 d\u00edas de oraci\u00f3n en Interam\u00e9rica - Iglesia Adventista del S\u00e9ptimo D\u00eda - Divisi\u00f3n Interamericana<\/title>\n<meta name=\"robots\" content=\"index, follow, max-snippet:-1, max-image-preview:large, max-video-preview:-1\" \/>\n<link rel=\"canonical\" href=\"https:\/\/interamerica.org\/es\/2020\/05\/lideres-de-la-iglesia-celebran-el-exito-de-50-dias-de-oracion-en-interamerica\/\" \/>\n<meta property=\"og:locale\" content=\"es_ES\" \/>\n<meta property=\"og:type\" content=\"article\" \/>\n<meta property=\"og:title\" content=\"L\u00edderes de la iglesia celebran el \u00e9xito de 50 d\u00edas de oraci\u00f3n en Interam\u00e9rica - Iglesia Adventista del S\u00e9ptimo D\u00eda - Divisi\u00f3n Interamericana\" \/>\n<meta property=\"og:description\" content=\"REVISADO: 24 de junio 2020 14 de mayo 2020 | Miami, Florida, Estados Unidos | Libna Stevens, Divisi\u00f3n Interamericana Los l\u00edderes de la Iglesia Adventista de toda la Divisi\u00f3n Interamericana...\" \/>\n<meta property=\"og:url\" content=\"https:\/\/interamerica.org\/es\/2020\/05\/lideres-de-la-iglesia-celebran-el-exito-de-50-dias-de-oracion-en-interamerica\/\" \/>\n<meta property=\"og:site_name\" content=\"Iglesia Adventista del S\u00e9ptimo D\u00eda - Divisi\u00f3n Interamericana\" \/>\n<meta property=\"article:published_time\" content=\"2020-05-14T22:48:38+00:00\" \/>\n<meta property=\"article:modified_time\" content=\"2020-06-23T18:25:08+00:00\" \/>\n<meta property=\"og:image\" content=\"https:\/\/interamerica.org\/wp-content\/uploads\/2020\/05\/zoom-50days-group.jpg\" \/>\n\t<meta property=\"og:image:width\" content=\"1075\" \/>\n\t<meta property=\"og:image:height\" content=\"628\" \/>\n\t<meta property=\"og:image:type\" content=\"image\/jpeg\" \/>\n<meta name=\"author\" content=\"libna\" \/>\n<meta name=\"twitter:card\" content=\"summary_large_image\" \/>\n<meta name=\"twitter:label1\" content=\"Escrito por\" \/>\n\t<meta name=\"twitter:data1\" content=\"libna\" \/>\n\t<meta name=\"twitter:label2\" content=\"Tiempo de lectura\" \/>\n\t<meta name=\"twitter:data2\" content=\"7 minutos\" \/>\n<script type=\"application\/ld+json\" class=\"yoast-schema-graph\">{\"@context\":\"https:\\\/\\\/schema.org\",\"@graph\":[{\"@type\":\"Article\",\"@id\":\"https:\\\/\\\/interamerica.org\\\/es\\\/2020\\\/05\\\/lideres-de-la-iglesia-celebran-el-exito-de-50-dias-de-oracion-en-interamerica\\\/#article\",\"isPartOf\":{\"@id\":\"https:\\\/\\\/interamerica.org\\\/es\\\/2020\\\/05\\\/lideres-de-la-iglesia-celebran-el-exito-de-50-dias-de-oracion-en-interamerica\\\/\"},\"author\":{\"name\":\"libna\",\"@id\":\"https:\\\/\\\/interamerica.org\\\/es\\\/#\\\/schema\\\/person\\\/29998f2bc2d8bd0d38662909289b54f1\"},\"headline\":\"L\u00edderes de la iglesia celebran el \u00e9xito de 50 d\u00edas de oraci\u00f3n en Interam\u00e9rica\",\"datePublished\":\"2020-05-14T22:48:38+00:00\",\"dateModified\":\"2020-06-23T18:25:08+00:00\",\"mainEntityOfPage\":{\"@id\":\"https:\\\/\\\/interamerica.org\\\/es\\\/2020\\\/05\\\/lideres-de-la-iglesia-celebran-el-exito-de-50-dias-de-oracion-en-interamerica\\\/\"},\"wordCount\":1504,\"commentCount\":0,\"image\":{\"@id\":\"https:\\\/\\\/interamerica.org\\\/es\\\/2020\\\/05\\\/lideres-de-la-iglesia-celebran-el-exito-de-50-dias-de-oracion-en-interamerica\\\/#primaryimage\"},\"thumbnailUrl\":\"https:\\\/\\\/interamerica.org\\\/wp-content\\\/uploads\\\/2020\\\/05\\\/zoom-50days-group.jpg\",\"articleSection\":[\"Desde la sede\",\"RSS Espa\u00f1ol\"],\"inLanguage\":\"es\",\"potentialAction\":[{\"@type\":\"CommentAction\",\"name\":\"Comment\",\"target\":[\"https:\\\/\\\/interamerica.org\\\/es\\\/2020\\\/05\\\/lideres-de-la-iglesia-celebran-el-exito-de-50-dias-de-oracion-en-interamerica\\\/#respond\"]}]},{\"@type\":\"WebPage\",\"@id\":\"https:\\\/\\\/interamerica.org\\\/es\\\/2020\\\/05\\\/lideres-de-la-iglesia-celebran-el-exito-de-50-dias-de-oracion-en-interamerica\\\/\",\"url\":\"https:\\\/\\\/interamerica.org\\\/es\\\/2020\\\/05\\\/lideres-de-la-iglesia-celebran-el-exito-de-50-dias-de-oracion-en-interamerica\\\/\",\"name\":\"L\u00edderes de la iglesia celebran el \u00e9xito de 50 d\u00edas de oraci\u00f3n en Interam\u00e9rica - Iglesia Adventista del S\u00e9ptimo D\u00eda - Divisi\u00f3n Interamericana\",\"isPartOf\":{\"@id\":\"https:\\\/\\\/interamerica.org\\\/es\\\/#website\"},\"primaryImageOfPage\":{\"@id\":\"https:\\\/\\\/interamerica.org\\\/es\\\/2020\\\/05\\\/lideres-de-la-iglesia-celebran-el-exito-de-50-dias-de-oracion-en-interamerica\\\/#primaryimage\"},\"image\":{\"@id\":\"https:\\\/\\\/interamerica.org\\\/es\\\/2020\\\/05\\\/lideres-de-la-iglesia-celebran-el-exito-de-50-dias-de-oracion-en-interamerica\\\/#primaryimage\"},\"thumbnailUrl\":\"https:\\\/\\\/interamerica.org\\\/wp-content\\\/uploads\\\/2020\\\/05\\\/zoom-50days-group.jpg\",\"datePublished\":\"2020-05-14T22:48:38+00:00\",\"dateModified\":\"2020-06-23T18:25:08+00:00\",\"author\":{\"@id\":\"https:\\\/\\\/interamerica.org\\\/es\\\/#\\\/schema\\\/person\\\/29998f2bc2d8bd0d38662909289b54f1\"},\"breadcrumb\":{\"@id\":\"https:\\\/\\\/interamerica.org\\\/es\\\/2020\\\/05\\\/lideres-de-la-iglesia-celebran-el-exito-de-50-dias-de-oracion-en-interamerica\\\/#breadcrumb\"},\"inLanguage\":\"es\",\"potentialAction\":[{\"@type\":\"ReadAction\",\"target\":[\"https:\\\/\\\/interamerica.org\\\/es\\\/2020\\\/05\\\/lideres-de-la-iglesia-celebran-el-exito-de-50-dias-de-oracion-en-interamerica\\\/\"]}]},{\"@type\":\"ImageObject\",\"inLanguage\":\"es\",\"@id\":\"https:\\\/\\\/interamerica.org\\\/es\\\/2020\\\/05\\\/lideres-de-la-iglesia-celebran-el-exito-de-50-dias-de-oracion-en-interamerica\\\/#primaryimage\",\"url\":\"https:\\\/\\\/interamerica.org\\\/wp-content\\\/uploads\\\/2020\\\/05\\\/zoom-50days-group.jpg\",\"contentUrl\":\"https:\\\/\\\/interamerica.org\\\/wp-content\\\/uploads\\\/2020\\\/05\\\/zoom-50days-group.jpg\",\"width\":1075,\"height\":628,\"caption\":\"[Fotograf\u00eda: Libna Stevens\\\/Divisi\u00f3n Interamericana]\"},{\"@type\":\"BreadcrumbList\",\"@id\":\"https:\\\/\\\/interamerica.org\\\/es\\\/2020\\\/05\\\/lideres-de-la-iglesia-celebran-el-exito-de-50-dias-de-oracion-en-interamerica\\\/#breadcrumb\",\"itemListElement\":[{\"@type\":\"ListItem\",\"position\":1,\"name\":\"Home\",\"item\":\"https:\\\/\\\/interamerica.org\\\/es\\\/\"},{\"@type\":\"ListItem\",\"position\":2,\"name\":\"L\u00edderes de la iglesia celebran el \u00e9xito de 50 d\u00edas de oraci\u00f3n en Interam\u00e9rica\"}]},{\"@type\":\"WebSite\",\"@id\":\"https:\\\/\\\/interamerica.org\\\/es\\\/#website\",\"url\":\"https:\\\/\\\/interamerica.org\\\/es\\\/\",\"name\":\"Iglesia Adventista del S\u00e9ptimo D\u00eda - Divisi\u00f3n Interamericana\",\"description\":\"\",\"potentialAction\":[{\"@type\":\"SearchAction\",\"target\":{\"@type\":\"EntryPoint\",\"urlTemplate\":\"https:\\\/\\\/interamerica.org\\\/es\\\/?s={search_term_string}\"},\"query-input\":{\"@type\":\"PropertyValueSpecification\",\"valueRequired\":true,\"valueName\":\"search_term_string\"}}],\"inLanguage\":\"es\"},{\"@type\":\"Person\",\"@id\":\"https:\\\/\\\/interamerica.org\\\/es\\\/#\\\/schema\\\/person\\\/29998f2bc2d8bd0d38662909289b54f1\",\"name\":\"libna\",\"image\":{\"@type\":\"ImageObject\",\"inLanguage\":\"es\",\"@id\":\"https:\\\/\\\/secure.gravatar.com\\\/avatar\\\/7c5bd30ae4b47a9ba3c856590957fd1d96dc588bf3ac05719d247e126840331f?s=96&d=mm&r=g\",\"url\":\"https:\\\/\\\/secure.gravatar.com\\\/avatar\\\/7c5bd30ae4b47a9ba3c856590957fd1d96dc588bf3ac05719d247e126840331f?s=96&d=mm&r=g\",\"contentUrl\":\"https:\\\/\\\/secure.gravatar.com\\\/avatar\\\/7c5bd30ae4b47a9ba3c856590957fd1d96dc588bf3ac05719d247e126840331f?s=96&d=mm&r=g\",\"caption\":\"libna\"}}]}<\/script>\n<!-- \/ Yoast SEO plugin. -->","yoast_head_json":{"title":"L\u00edderes de la iglesia celebran el \u00e9xito de 50 d\u00edas de oraci\u00f3n en Interam\u00e9rica - Iglesia Adventista del S\u00e9ptimo D\u00eda - Divisi\u00f3n Interamericana","robots":{"index":"index","follow":"follow","max-snippet":"max-snippet:-1","max-image-preview":"max-image-preview:large","max-video-preview":"max-video-preview:-1"},"canonical":"https:\/\/interamerica.org\/es\/2020\/05\/lideres-de-la-iglesia-celebran-el-exito-de-50-dias-de-oracion-en-interamerica\/","og_locale":"es_ES","og_type":"article","og_title":"L\u00edderes de la iglesia celebran el \u00e9xito de 50 d\u00edas de oraci\u00f3n en Interam\u00e9rica - Iglesia Adventista del S\u00e9ptimo D\u00eda - Divisi\u00f3n Interamericana","og_description":"REVISADO: 24 de junio 2020 14 de mayo 2020 | Miami, Florida, Estados Unidos | Libna Stevens, Divisi\u00f3n Interamericana Los l\u00edderes de la Iglesia Adventista de toda la Divisi\u00f3n Interamericana...","og_url":"https:\/\/interamerica.org\/es\/2020\/05\/lideres-de-la-iglesia-celebran-el-exito-de-50-dias-de-oracion-en-interamerica\/","og_site_name":"Iglesia Adventista del S\u00e9ptimo D\u00eda - Divisi\u00f3n Interamericana","article_published_time":"2020-05-14T22:48:38+00:00","article_modified_time":"2020-06-23T18:25:08+00:00","og_image":[{"width":1075,"height":628,"url":"https:\/\/interamerica.org\/wp-content\/uploads\/2020\/05\/zoom-50days-group.jpg","type":"image\/jpeg"}],"author":"libna","twitter_card":"summary_large_image","twitter_misc":{"Escrito por":"libna","Tiempo de lectura":"7 minutos"},"schema":{"@context":"https:\/\/schema.org","@graph":[{"@type":"Article","@id":"https:\/\/interamerica.org\/es\/2020\/05\/lideres-de-la-iglesia-celebran-el-exito-de-50-dias-de-oracion-en-interamerica\/#article","isPartOf":{"@id":"https:\/\/interamerica.org\/es\/2020\/05\/lideres-de-la-iglesia-celebran-el-exito-de-50-dias-de-oracion-en-interamerica\/"},"author":{"name":"libna","@id":"https:\/\/interamerica.org\/es\/#\/schema\/person\/29998f2bc2d8bd0d38662909289b54f1"},"headline":"L\u00edderes de la iglesia celebran el \u00e9xito de 50 d\u00edas de oraci\u00f3n en Interam\u00e9rica","datePublished":"2020-05-14T22:48:38+00:00","dateModified":"2020-06-23T18:25:08+00:00","mainEntityOfPage":{"@id":"https:\/\/interamerica.org\/es\/2020\/05\/lideres-de-la-iglesia-celebran-el-exito-de-50-dias-de-oracion-en-interamerica\/"},"wordCount":1504,"commentCount":0,"image":{"@id":"https:\/\/interamerica.org\/es\/2020\/05\/lideres-de-la-iglesia-celebran-el-exito-de-50-dias-de-oracion-en-interamerica\/#primaryimage"},"thumbnailUrl":"https:\/\/interamerica.org\/wp-content\/uploads\/2020\/05\/zoom-50days-group.jpg","articleSection":["Desde la sede","RSS Espa\u00f1ol"],"inLanguage":"es","potentialAction":[{"@type":"CommentAction","name":"Comment","target":["https:\/\/interamerica.org\/es\/2020\/05\/lideres-de-la-iglesia-celebran-el-exito-de-50-dias-de-oracion-en-interamerica\/#respond"]}]},{"@type":"WebPage","@id":"https:\/\/interamerica.org\/es\/2020\/05\/lideres-de-la-iglesia-celebran-el-exito-de-50-dias-de-oracion-en-interamerica\/","url":"https:\/\/interamerica.org\/es\/2020\/05\/lideres-de-la-iglesia-celebran-el-exito-de-50-dias-de-oracion-en-interamerica\/","name":"L\u00edderes de la iglesia celebran el \u00e9xito de 50 d\u00edas de oraci\u00f3n en Interam\u00e9rica - Iglesia Adventista del S\u00e9ptimo D\u00eda - Divisi\u00f3n Interamericana","isPartOf":{"@id":"https:\/\/interamerica.org\/es\/#website"},"primaryImageOfPage":{"@id":"https:\/\/interamerica.org\/es\/2020\/05\/lideres-de-la-iglesia-celebran-el-exito-de-50-dias-de-oracion-en-interamerica\/#primaryimage"},"image":{"@id":"https:\/\/interamerica.org\/es\/2020\/05\/lideres-de-la-iglesia-celebran-el-exito-de-50-dias-de-oracion-en-interamerica\/#primaryimage"},"thumbnailUrl":"https:\/\/interamerica.org\/wp-content\/uploads\/2020\/05\/zoom-50days-group.jpg","datePublished":"2020-05-14T22:48:38+00:00","dateModified":"2020-06-23T18:25:08+00:00","author":{"@id":"https:\/\/interamerica.org\/es\/#\/schema\/person\/29998f2bc2d8bd0d38662909289b54f1"},"breadcrumb":{"@id":"https:\/\/interamerica.org\/es\/2020\/05\/lideres-de-la-iglesia-celebran-el-exito-de-50-dias-de-oracion-en-interamerica\/#breadcrumb"},"inLanguage":"es","potentialAction":[{"@type":"ReadAction","target":["https:\/\/interamerica.org\/es\/2020\/05\/lideres-de-la-iglesia-celebran-el-exito-de-50-dias-de-oracion-en-interamerica\/"]}]},{"@type":"ImageObject","inLanguage":"es","@id":"https:\/\/interamerica.org\/es\/2020\/05\/lideres-de-la-iglesia-celebran-el-exito-de-50-dias-de-oracion-en-interamerica\/#primaryimage","url":"https:\/\/interamerica.org\/wp-content\/uploads\/2020\/05\/zoom-50days-group.jpg","contentUrl":"https:\/\/interamerica.org\/wp-content\/uploads\/2020\/05\/zoom-50days-group.jpg","width":1075,"height":628,"caption":"[Fotograf\u00eda: Libna Stevens\/Divisi\u00f3n Interamericana]"},{"@type":"BreadcrumbList","@id":"https:\/\/interamerica.org\/es\/2020\/05\/lideres-de-la-iglesia-celebran-el-exito-de-50-dias-de-oracion-en-interamerica\/#breadcrumb","itemListElement":[{"@type":"ListItem","position":1,"name":"Home","item":"https:\/\/interamerica.org\/es\/"},{"@type":"ListItem","position":2,"name":"L\u00edderes de la iglesia celebran el \u00e9xito de 50 d\u00edas de oraci\u00f3n en Interam\u00e9rica"}]},{"@type":"WebSite","@id":"https:\/\/interamerica.org\/es\/#website","url":"https:\/\/interamerica.org\/es\/","name":"Iglesia Adventista del S\u00e9ptimo D\u00eda - Divisi\u00f3n Interamericana","description":"","potentialAction":[{"@type":"SearchAction","target":{"@type":"EntryPoint","urlTemplate":"https:\/\/interamerica.org\/es\/?s={search_term_string}"},"query-input":{"@type":"PropertyValueSpecification","valueRequired":true,"valueName":"search_term_string"}}],"inLanguage":"es"},{"@type":"Person","@id":"https:\/\/interamerica.org\/es\/#\/schema\/person\/29998f2bc2d8bd0d38662909289b54f1","name":"libna","image":{"@type":"ImageObject","inLanguage":"es","@id":"https:\/\/secure.gravatar.com\/avatar\/7c5bd30ae4b47a9ba3c856590957fd1d96dc588bf3ac05719d247e126840331f?s=96&d=mm&r=g","url":"https:\/\/secure.gravatar.com\/avatar\/7c5bd30ae4b47a9ba3c856590957fd1d96dc588bf3ac05719d247e126840331f?s=96&d=mm&r=g","contentUrl":"https:\/\/secure.gravatar.com\/avatar\/7c5bd30ae4b47a9ba3c856590957fd1d96dc588bf3ac05719d247e126840331f?s=96&d=mm&r=g","caption":"libna"}}]}},"_links":{"self":[{"href":"https:\/\/interamerica.org\/es\/wp-json\/wp\/v2\/posts\/58777","targetHints":{"allow":["GET"]}}],"collection":[{"href":"https:\/\/interamerica.org\/es\/wp-json\/wp\/v2\/posts"}],"about":[{"href":"https:\/\/interamerica.org\/es\/wp-json\/wp\/v2\/types\/post"}],"author":[{"embeddable":true,"href":"https:\/\/interamerica.org\/es\/wp-json\/wp\/v2\/users\/3"}],"replies":[{"embeddable":true,"href":"https:\/\/interamerica.org\/es\/wp-json\/wp\/v2\/comments?post=58777"}],"version-history":[{"count":0,"href":"https:\/\/interamerica.org\/es\/wp-json\/wp\/v2\/posts\/58777\/revisions"}],"wp:featuredmedia":[{"embeddable":true,"href":"https:\/\/interamerica.org\/es\/wp-json\/wp\/v2\/media\/58724"}],"wp:attachment":[{"href":"https:\/\/interamerica.org\/es\/wp-json\/wp\/v2\/media?parent=58777"}],"wp:term":[{"taxonomy":"category","embeddable":true,"href":"https:\/\/interamerica.org\/es\/wp-json\/wp\/v2\/categories?post=58777"},{"taxonomy":"post_tag","embeddable":true,"href":"https:\/\/interamerica.org\/es\/wp-json\/wp\/v2\/tags?post=58777"}],"curies":[{"name":"wp","href":"https:\/\/api.w.org\/{rel}","templated":true}]}}