{"id":58814,"date":"2020-05-16T20:27:27","date_gmt":"2020-05-17T00:27:27","guid":{"rendered":"https:\/\/recursing-golick.147-182-135-0.plesk.page\/?p=58814"},"modified":"2020-05-17T13:58:01","modified_gmt":"2020-05-17T17:58:01","slug":"como-participar-de-llamar-digitalmente-a-las-puertas","status":"publish","type":"post","link":"https:\/\/interamerica.org\/es\/2020\/05\/como-participar-de-llamar-digitalmente-a-las-puertas\/","title":{"rendered":"C\u00f3mo participar de llamar digitalmente a las puertas"},"content":{"rendered":"<p><span class=\"byline-news\">15 de mayo de 2020 | Columbia, Maryland, Estados Unidos | Por: Jamie Jean Schneider Domm, Divisi\u00f3n Norteamericana<\/span><\/p>\n<p><span class=\"cap\"> Es dif\u00edcil llamar a la puerta de otra persona, aun si ya los conocemos. En efecto, hoy d\u00eda no es siquiera aceptable desde el punto de vista social aparecerse inesperadamente en la casa de otra persona en caso de que est\u00e9n ocupados cuando decidimos pasar por all\u00ed. Tenemos que llamar y concertar primero una visita. Si le sumamos a esto la necesidad de distanciamiento social (f\u00edsico), queda claro que la antigua manera de evangelizar ya no puede ser el m\u00e9todo primordial.<\/span><\/p>\n<p>Pero no tienen que golpear a la puerta de un extra\u00f1o para compartir su fe. Tampoco tienen que crear el contenido. Los colportores no son tambi\u00e9n los autores de los libros que venden. No todos tienen que dedicarse a la creaci\u00f3n de contenidos.<\/p>\n<p>Los medios sociales nos permiten compartir nuestra fe e involucrarnos con nuestra comunidad cuando le resulta m\u00e1s conveniente a ella. Permite que nuestra audiencia escoja por s\u00ed sola si quiere participar o no.<\/p>\n<p>Los j\u00f3venes pasan de 9 a18 o m\u00e1s horas por d\u00eda detr\u00e1s de una pantalla. Hay all\u00ed muchas oportunidades de compartir y alcanzar a las personas en todas partes. Si excluimos los per\u00edodos para dormir y de cuarentena, \u00bfcu\u00e1ntas personas se encuentran por lo general nueve horas al d\u00eda para responder a la puerta? En una vida diaria normal, muchos salen de sus casas temprano y regresan a su casa tarde en la noche.<\/p>\n<p>Llamar digitalmente a la puerta significa compartir contenidos espirituales en nuestros perfiles de medios sociales o por medio de mensajes y correos electr\u00f3nicos para crear una oportunidad de que las personas interact\u00faen con nosotros respecto de nuestra fe. El contenido espiritual puede ser cualquier cosa (una imagen, un texto, un video, un blog y as\u00ed sucesivamente); aseg\u00farese tan solo de incluir junto con \u00e9l un mensaje personalizado sobre el impacto que ha tenido sobre usted. Sus amigos y seguidores pueden desplazarse por sus p\u00e1ginas y decidir si interactuar cuando les resulte conveniente.<\/p>\n<p>Dado que muchas personas pod\u00edan estar en sus hogares y tener tiempo extra entre manos como resultado del COVID-19 o una futura crisis, los medios sociales podr\u00edan ser su principal fuente de entretenimiento y conexi\u00f3n. Hay muchas oportunidades ahora mismo para que compartamos y alcancemos a las personas en todas partes por medio de las tecnolog\u00edas digitales. El \u00e9xito ya no puede ser medido tan solo al contar personas dentro de un edificio. Tenemos que considerar si estamos construyendo un reino o no.<\/p>\n<p><strong>Oportunidades en l\u00ednea de boca en boca<\/strong><\/p>\n<p>Que la noticia se transmita de boca en boca es a\u00fan el mecanismo m\u00e1s firme de publicidad para dar a conocer un producto o una causa. La gente siempre conf\u00eda en la opini\u00f3n de sus amigos y familiares sobre lo que dice una marca sobre s\u00ed mismo. Es por ello que las recensiones y los testimonios resultan tan poderosos.<\/p>\n<p>Participamos en la publicidad de boca en boca cada vez que compartimos lo que pensamos de un producto o lo experimentamos con otros. Podemos compartir algo en persona, pero la publicidad de boca en boca a menudo tiene lugar en los medios sociales y por medio de aplicaciones de mensajer\u00eda y texto. Hacemos esto constantemente en lo tiene que ver con nuestros intereses y ni siquiera nos damos cuenta de ello.<\/p>\n<p>En t\u00e9rminos de compartir el evangelio, esto significa simplemente hacer lo que usted est\u00e1 haciendo todo el tiempo en l\u00ednea, pero hacerlo para el reino. En otras palabras, actuar de manera deliberada a la hora de compartir algo.<\/p>\n<p><strong>Algunas maneras digitales en que puedes distribuir los mensajes adventistas <\/strong><\/p>\n<p>Puede que usted ya tenga el h\u00e1bito de compartir en un medio digital, pero puede diversificarse con las siguientes actividades:<\/p>\n<ul>\n<li>Reenviar correos electr\u00f3nicos<\/li>\n<li>Enviar invitaciones de texto con un enlace a los contactos, o enviar invitaciones por v\u00eda de aplicaciones de mensajes<\/li>\n<li>Compartir contenidos de los perfiles de su iglesia o de un ministerio que usted siga, y a\u00f1adir un mensaje personalizado<\/li>\n<li>Transmitir eventos, sermones, grupos de estudio de la Biblia, etc., en vivo, de sus perfiles de medios sociales<\/li>\n<li>Marcar \u201cMe gusta\u201d \u201cMe encanta\u201d, o \u201cMe asombra\u201d en las publicaciones de ministerios de Facebook para incrementar la llegada org\u00e1nica<\/li>\n<li>Publicar en grupos o aplicaciones comunitarias como Nextdoor sobre pr\u00f3ximos eventos<\/li>\n<li>Hallar maneras digitales de conectarse con los vecinos y la comunidad; compartir entonces la fe con ellos<\/li>\n<li>Seguir, \u201chacerse amigo\u201d, o unirse a grupos cristianos en l\u00ednea para ayudar a incrementar la influencia digital<\/li>\n<\/ul>\n<p><strong>Reforzar la influencia social por medio de pods<\/strong><\/p>\n<p>Crear una cultura de compartir e interactuar con el contenido dentro de la comunidad de la iglesia. Casi todos est\u00e1n en los medios sociales. Aun si tienen una congregaci\u00f3n de m\u00e1s edad, es probable que muchos de ellos est\u00e9n en Facebook y tengan una direcci\u00f3n de correo electr\u00f3nico. No asuma que no es as\u00ed; pregunte y descubra qu\u00e9 plataformas est\u00e1n usando.<\/p>\n<p>La influencia social puede ser tanto an\u00e1loga como digital. Las iglesias andan bien con la distribuci\u00f3n an\u00e1loga (volantes impresos, por ejemplo); sin embargo, necesitamos comenzar a reforzar la influencia en los medios sociales que pueden tener nuestros miembros. Aun en una iglesia peque\u00f1a de cincuenta personas, si la mitad de ellos estuvieran en los medios sociales y se conectaran a tan solo cincuenta personas dentro de la comunidad (fuera de la congregaci\u00f3n), eso representa un alcance potencial de 1250 personas. Esa es una estimaci\u00f3n baja, pero entienden lo que quiero decir.<\/p>\n<p>Capacite a sus miembros para que funcionen como un \u201cpod\u201d de medios sociales. Un \u201cpod\u201d es un grupo que incrementa la participaci\u00f3n en las plataformas de medios sociales como Instagram y Facebook, y esto puede aplicarse inclusive al uso del correo electr\u00f3nico. Los miembros de un pod aceptan comentar \u201cMe gusta\u201d, y comparten los contenidos de cada uno o el contenido de una entidad en particular como es el caso de una iglesia o ministerio. Ense\u00f1e a sus miembros a que participen y compartan los contenidos de su iglesia todas las semanas como una manera de evangelismo y hacer obra misionera.<\/p>\n<p>Los compromisos de los pods var\u00edan, pero por lo general, se encuadran dentro de tres categor\u00edas:<\/p>\n<ol>\n<li>Todos los usuarios tienen que responder a todas las publicaciones en menos de una hora<\/li>\n<li>Todos los usuarios tienen que responder a todas las publicaciones dentro de las 24 horas<\/li>\n<li>Todos los usuarios tienen que responder a las publicaciones relevantes toda vez que puedan<\/li>\n<\/ol>\n<p>Una congregaci\u00f3n que comprende el valor de participar en el ministerio de esta manera puede servir como un poderoso veh\u00edculo para alcanzar a otras almas. Para ser conscientes de su potencial, tienen que ser equipados y alentados. Determine las fortalezas de los miembros y capac\u00edtelos para usar sus fortalezas.<\/p>\n<p>Aseg\u00farese de:<\/p>\n<ul>\n<li>Dedique tiempo en las reuniones y durante el culto o las pr\u00e1cticas de coro a dar prioridad a la tecnolog\u00eda<\/li>\n<li>Brinde una capacitaci\u00f3n pr\u00e1ctica a los miembros de iglesia<\/li>\n<li>P\u00eddales que saquen sus tel\u00e9fonos celulares y llevan a cabo una determinada acci\u00f3n all\u00ed mismo en el momento<\/li>\n<li>Designe a una determinada persona para que publique sobre eventos claves a los grupos locales o aplicaciones comunitarias como Nextdoor<\/li>\n<li>Anime a los miembros a que marquen los eventos de Facebook con \u201cAsistir\u00e9\u201d o \u201cMe interesa\u201d para incrementar el alcance org\u00e1nico<\/li>\n<li>An\u00edmelos a invitar a otros a eventos por medio del correo electr\u00f3nico o texto, o en Facebook<\/li>\n<li>An\u00edmelos a poner \u201cMe gusta\u201d, \u201cMe asombra\u201d, o \u201cMe gusta\u201d a contenidos relevantes de su perfil de Facebook (y otras plataformas de medios sociales); esto incrementa el tr\u00e1fico org\u00e1nico<\/li>\n<li>D\u00edgales cu\u00e1ndo esperar correos electr\u00f3nicos, y p\u00eddales que reenv\u00eden correos electr\u00f3nicos a sus contactos<\/li>\n<li>Env\u00edo correos electr\u00f3nicos semanales con enlaces a contenidos que usted quiere que los miembros compartan o con los que quiere que participen<\/li>\n<li>Mant\u00e9nganlos informados sobre c\u00f3mo est\u00e1n funcionando sus esfuerzos, y cree alg\u00fan tipo de trabajo en equipo<\/li>\n<li>Haga que se entusiasmen con el discipulado digital al compartir su entusiasmo y testimonios sobre c\u00f3mo ha funcionado<\/li>\n<\/ul>\n<p><strong>Un estudio de caso durante las fiestas<\/strong><\/p>\n<p>Mi iglesia local est\u00e1 compuesta predominantemente por personas mayores, y tenemos unos doscientos miembros: de ninguna manera es una megaiglesia. Para nuestros programas y eventos especiales durante las fiestas, los l\u00edderes me pidieron que me encargara de la promoci\u00f3n.<\/p>\n<p>M\u00e1s all\u00e1 de apuntar a la comunidad con publicidad social, tambi\u00e9n dediqu\u00e9 mucho tiempo movilizando a los miembros para que distribuyan volantes, reenv\u00eden correos electr\u00f3nicos, compartan en los medios sociales, env\u00eden mensajes de texto, y as\u00ed sucesivamente. Esto es algo nuevo para ellos y que sale de sus zona c\u00f3moda, pero somos una comunidad muy unida, y nuestros miembros buscan ayudarse mutuamente.<\/p>\n<p>Al final de las seis semanas de campa\u00f1a para nuestra obra anual de Navidad, se hab\u00edan reservado 393 entradas de antemano y, el d\u00eda del evento, llenamos el lugar con unos 500 presentes. Ahora bien, nuestra zona metropolitana cuenta con much\u00edsimas oportunidades de eventos para las fiestas, de manera que las personas no ten\u00edan por qu\u00e9 elegirnos. En su gran mayor\u00eda, las personas que reservaron sus entradas en l\u00ednea dijeron que hab\u00edan escuchado del evento de un amigo o familiar por medio de un correo electr\u00f3nico o mensaje en los medios sociales. El boca en boca super\u00f3 a los avisos sociales pagos. Para nuestro evento anterior en Pascuas, por el contrario, sin una estrategia de promoci\u00f3n y con mucha menos competencia de eventos en la zona en esa \u00e9poca, solo se reservaron 100 entradas de antemano.<\/p>\n<p>Despu\u00e9s de la obra de Navidad, enviamos una encuesta de seguimiento para recibir aportes que nos permitieran comprender a nuestra audiencia y para hacerles saber que valor\u00e1bamos su opini\u00f3n. Esto nos permiti\u00f3 entender cu\u00e1ntos no adventistas asistieron al programa. En este caso, el 20 por ciento de los respondieron a la encuesta no eran adventistas. Esto tambi\u00e9n nos dio la oportunidad del servicio, al a\u00f1adir la pregunta: \u201c\u00bfHay algo con lo que podemos ayudarlo? H\u00e1ganos saber c\u00f3mo podemos bendecirlo, y br\u00edndenos por favor su informaci\u00f3n de contacto\u201d.<\/p>\n<p>Este es un ejemplo de c\u00f3mo, teniendo la capacitaci\u00f3n apropiada, aun una congregaci\u00f3n de m\u00e1s edad puede recurrir al potencial no usado para ayudar a que la iglesia alcance mejor a la comunidad local por medio de una conciencia mayor sobre el tema. Para mi congregaci\u00f3n, este ejemplo sirvi\u00f3 como una prueba y, desde entonces, todas las entradas para nuestros programas especiales han sido reservados de antemano.<\/p>\n<p>Esta actividad promocional tuvo resultados inmediatos, pero tener una congregaci\u00f3n que se involucre todo el tiempo en llamar digitalmente a las puertas puede tener un efecto extendido que acaso no podamos apreciar plenamente antes de llegar al cielo. Al usar este modelo, nuestros mensajes de esperanza y plenitud podr\u00edan esparcirse a cada extremo del espacio digital y, aunque no todos pueden entrar por la puerta de la iglesia, podr\u00e1n conectarse con Dios.<\/p>\n<p><em>La<\/em><a href=\"https:\/\/www.sdadata.org\/digital-evangelism-blog\/how-to-engage-in-digital-door-knocking?fbclid=IwAR2JX6NLz6qdyy5hnUsRyKiTPzWajWlsqaI1H1aKBotvsen3ZTamK3n4n7o\" target=\"_blank\" rel=\"noopener noreferrer\"><em>versi\u00f3n original<\/em><\/a><em> de esta publicaci\u00f3n apareci\u00f3 en el <\/em><a href=\"https:\/\/www.sdadata.org\/digital-evangelism-blog\" target=\"_blank\" rel=\"noopener noreferrer\"><em>blog de Big Data and Social Media<\/em>de la Divisi\u00f3n Norteamericana<\/a><em>.<\/em><\/p>\n<p>Traducci\u00f3n de Marcos Paseggi<\/p>\n","protected":false},"excerpt":{"rendered":"<p>15 de mayo de 2020 | Columbia, Maryland, Estados Unidos | Por: Jamie Jean Schneider Domm, Divisi\u00f3n Norteamericana Es dif\u00edcil llamar a la puerta de otra persona, aun si ya&#8230;<\/p>\n","protected":false},"author":3,"featured_media":58769,"comment_status":"open","ping_status":"closed","sticky":false,"template":"","format":"standard","meta":{"_acf_changed":false,"footnotes":""},"categories":[14,15],"tags":[],"class_list":["post-58814","post","type-post","status-publish","format-standard","has-post-thumbnail","hentry","category-de-la-iglesia-mundial","category-rss-espanol"],"acf":[],"yoast_head":"<!-- This site is optimized with the Yoast SEO plugin v27.3 - https:\/\/yoast.com\/product\/yoast-seo-wordpress\/ -->\n<title>C\u00f3mo participar de llamar digitalmente a las puertas - Iglesia Adventista del S\u00e9ptimo D\u00eda - Divisi\u00f3n Interamericana<\/title>\n<meta name=\"robots\" content=\"index, follow, max-snippet:-1, max-image-preview:large, max-video-preview:-1\" \/>\n<link rel=\"canonical\" href=\"https:\/\/interamerica.org\/es\/2020\/05\/como-participar-de-llamar-digitalmente-a-las-puertas\/\" \/>\n<meta property=\"og:locale\" content=\"es_ES\" \/>\n<meta property=\"og:type\" content=\"article\" \/>\n<meta property=\"og:title\" content=\"C\u00f3mo participar de llamar digitalmente a las puertas - Iglesia Adventista del S\u00e9ptimo D\u00eda - Divisi\u00f3n Interamericana\" \/>\n<meta property=\"og:description\" content=\"15 de mayo de 2020 | Columbia, Maryland, Estados Unidos | Por: Jamie Jean Schneider Domm, Divisi\u00f3n Norteamericana Es dif\u00edcil llamar a la puerta de otra persona, aun si ya...\" \/>\n<meta property=\"og:url\" content=\"https:\/\/interamerica.org\/es\/2020\/05\/como-participar-de-llamar-digitalmente-a-las-puertas\/\" \/>\n<meta property=\"og:site_name\" content=\"Iglesia Adventista del S\u00e9ptimo D\u00eda - Divisi\u00f3n Interamericana\" \/>\n<meta property=\"article:published_time\" content=\"2020-05-17T00:27:27+00:00\" \/>\n<meta property=\"article:modified_time\" content=\"2020-05-17T17:58:01+00:00\" \/>\n<meta property=\"og:image\" content=\"https:\/\/interamerica.org\/wp-content\/uploads\/2020\/05\/computer2-kaitlyn-baker-vzjdyl5jvxy-unsplash.jpg\" \/>\n\t<meta property=\"og:image:width\" content=\"1280\" \/>\n\t<meta property=\"og:image:height\" content=\"800\" \/>\n\t<meta property=\"og:image:type\" content=\"image\/jpeg\" \/>\n<meta name=\"author\" content=\"libna\" \/>\n<meta name=\"twitter:card\" content=\"summary_large_image\" \/>\n<meta name=\"twitter:label1\" content=\"Escrito por\" \/>\n\t<meta name=\"twitter:data1\" content=\"libna\" \/>\n\t<meta name=\"twitter:label2\" content=\"Tiempo de lectura\" \/>\n\t<meta name=\"twitter:data2\" content=\"10 minutos\" \/>\n<script type=\"application\/ld+json\" class=\"yoast-schema-graph\">{\"@context\":\"https:\\\/\\\/schema.org\",\"@graph\":[{\"@type\":\"Article\",\"@id\":\"https:\\\/\\\/interamerica.org\\\/es\\\/2020\\\/05\\\/como-participar-de-llamar-digitalmente-a-las-puertas\\\/#article\",\"isPartOf\":{\"@id\":\"https:\\\/\\\/interamerica.org\\\/es\\\/2020\\\/05\\\/como-participar-de-llamar-digitalmente-a-las-puertas\\\/\"},\"author\":{\"name\":\"libna\",\"@id\":\"https:\\\/\\\/interamerica.org\\\/es\\\/#\\\/schema\\\/person\\\/29998f2bc2d8bd0d38662909289b54f1\"},\"headline\":\"C\u00f3mo participar de llamar digitalmente a las puertas\",\"datePublished\":\"2020-05-17T00:27:27+00:00\",\"dateModified\":\"2020-05-17T17:58:01+00:00\",\"mainEntityOfPage\":{\"@id\":\"https:\\\/\\\/interamerica.org\\\/es\\\/2020\\\/05\\\/como-participar-de-llamar-digitalmente-a-las-puertas\\\/\"},\"wordCount\":1949,\"commentCount\":0,\"image\":{\"@id\":\"https:\\\/\\\/interamerica.org\\\/es\\\/2020\\\/05\\\/como-participar-de-llamar-digitalmente-a-las-puertas\\\/#primaryimage\"},\"thumbnailUrl\":\"https:\\\/\\\/interamerica.org\\\/wp-content\\\/uploads\\\/2020\\\/05\\\/computer2-kaitlyn-baker-vzjdyl5jvxy-unsplash.jpg\",\"articleSection\":[\"Desde la iglesia mundial\",\"RSS Espa\u00f1ol\"],\"inLanguage\":\"es\",\"potentialAction\":[{\"@type\":\"CommentAction\",\"name\":\"Comment\",\"target\":[\"https:\\\/\\\/interamerica.org\\\/es\\\/2020\\\/05\\\/como-participar-de-llamar-digitalmente-a-las-puertas\\\/#respond\"]}]},{\"@type\":\"WebPage\",\"@id\":\"https:\\\/\\\/interamerica.org\\\/es\\\/2020\\\/05\\\/como-participar-de-llamar-digitalmente-a-las-puertas\\\/\",\"url\":\"https:\\\/\\\/interamerica.org\\\/es\\\/2020\\\/05\\\/como-participar-de-llamar-digitalmente-a-las-puertas\\\/\",\"name\":\"C\u00f3mo participar de llamar digitalmente a las puertas - Iglesia Adventista del S\u00e9ptimo D\u00eda - Divisi\u00f3n Interamericana\",\"isPartOf\":{\"@id\":\"https:\\\/\\\/interamerica.org\\\/es\\\/#website\"},\"primaryImageOfPage\":{\"@id\":\"https:\\\/\\\/interamerica.org\\\/es\\\/2020\\\/05\\\/como-participar-de-llamar-digitalmente-a-las-puertas\\\/#primaryimage\"},\"image\":{\"@id\":\"https:\\\/\\\/interamerica.org\\\/es\\\/2020\\\/05\\\/como-participar-de-llamar-digitalmente-a-las-puertas\\\/#primaryimage\"},\"thumbnailUrl\":\"https:\\\/\\\/interamerica.org\\\/wp-content\\\/uploads\\\/2020\\\/05\\\/computer2-kaitlyn-baker-vzjdyl5jvxy-unsplash.jpg\",\"datePublished\":\"2020-05-17T00:27:27+00:00\",\"dateModified\":\"2020-05-17T17:58:01+00:00\",\"author\":{\"@id\":\"https:\\\/\\\/interamerica.org\\\/es\\\/#\\\/schema\\\/person\\\/29998f2bc2d8bd0d38662909289b54f1\"},\"breadcrumb\":{\"@id\":\"https:\\\/\\\/interamerica.org\\\/es\\\/2020\\\/05\\\/como-participar-de-llamar-digitalmente-a-las-puertas\\\/#breadcrumb\"},\"inLanguage\":\"es\",\"potentialAction\":[{\"@type\":\"ReadAction\",\"target\":[\"https:\\\/\\\/interamerica.org\\\/es\\\/2020\\\/05\\\/como-participar-de-llamar-digitalmente-a-las-puertas\\\/\"]}]},{\"@type\":\"ImageObject\",\"inLanguage\":\"es\",\"@id\":\"https:\\\/\\\/interamerica.org\\\/es\\\/2020\\\/05\\\/como-participar-de-llamar-digitalmente-a-las-puertas\\\/#primaryimage\",\"url\":\"https:\\\/\\\/interamerica.org\\\/wp-content\\\/uploads\\\/2020\\\/05\\\/computer2-kaitlyn-baker-vzjdyl5jvxy-unsplash.jpg\",\"contentUrl\":\"https:\\\/\\\/interamerica.org\\\/wp-content\\\/uploads\\\/2020\\\/05\\\/computer2-kaitlyn-baker-vzjdyl5jvxy-unsplash.jpg\",\"width\":1280,\"height\":800,\"caption\":\"[Fotograf\u00eda: Kaitlyn Baker\\\/unsplash]\"},{\"@type\":\"BreadcrumbList\",\"@id\":\"https:\\\/\\\/interamerica.org\\\/es\\\/2020\\\/05\\\/como-participar-de-llamar-digitalmente-a-las-puertas\\\/#breadcrumb\",\"itemListElement\":[{\"@type\":\"ListItem\",\"position\":1,\"name\":\"Home\",\"item\":\"https:\\\/\\\/interamerica.org\\\/es\\\/\"},{\"@type\":\"ListItem\",\"position\":2,\"name\":\"C\u00f3mo participar de llamar digitalmente a las puertas\"}]},{\"@type\":\"WebSite\",\"@id\":\"https:\\\/\\\/interamerica.org\\\/es\\\/#website\",\"url\":\"https:\\\/\\\/interamerica.org\\\/es\\\/\",\"name\":\"Iglesia Adventista del S\u00e9ptimo D\u00eda - Divisi\u00f3n Interamericana\",\"description\":\"\",\"potentialAction\":[{\"@type\":\"SearchAction\",\"target\":{\"@type\":\"EntryPoint\",\"urlTemplate\":\"https:\\\/\\\/interamerica.org\\\/es\\\/?s={search_term_string}\"},\"query-input\":{\"@type\":\"PropertyValueSpecification\",\"valueRequired\":true,\"valueName\":\"search_term_string\"}}],\"inLanguage\":\"es\"},{\"@type\":\"Person\",\"@id\":\"https:\\\/\\\/interamerica.org\\\/es\\\/#\\\/schema\\\/person\\\/29998f2bc2d8bd0d38662909289b54f1\",\"name\":\"libna\",\"image\":{\"@type\":\"ImageObject\",\"inLanguage\":\"es\",\"@id\":\"https:\\\/\\\/secure.gravatar.com\\\/avatar\\\/7c5bd30ae4b47a9ba3c856590957fd1d96dc588bf3ac05719d247e126840331f?s=96&d=mm&r=g\",\"url\":\"https:\\\/\\\/secure.gravatar.com\\\/avatar\\\/7c5bd30ae4b47a9ba3c856590957fd1d96dc588bf3ac05719d247e126840331f?s=96&d=mm&r=g\",\"contentUrl\":\"https:\\\/\\\/secure.gravatar.com\\\/avatar\\\/7c5bd30ae4b47a9ba3c856590957fd1d96dc588bf3ac05719d247e126840331f?s=96&d=mm&r=g\",\"caption\":\"libna\"}}]}<\/script>\n<!-- \/ Yoast SEO plugin. -->","yoast_head_json":{"title":"C\u00f3mo participar de llamar digitalmente a las puertas - Iglesia Adventista del S\u00e9ptimo D\u00eda - Divisi\u00f3n Interamericana","robots":{"index":"index","follow":"follow","max-snippet":"max-snippet:-1","max-image-preview":"max-image-preview:large","max-video-preview":"max-video-preview:-1"},"canonical":"https:\/\/interamerica.org\/es\/2020\/05\/como-participar-de-llamar-digitalmente-a-las-puertas\/","og_locale":"es_ES","og_type":"article","og_title":"C\u00f3mo participar de llamar digitalmente a las puertas - Iglesia Adventista del S\u00e9ptimo D\u00eda - Divisi\u00f3n Interamericana","og_description":"15 de mayo de 2020 | Columbia, Maryland, Estados Unidos | Por: Jamie Jean Schneider Domm, Divisi\u00f3n Norteamericana Es dif\u00edcil llamar a la puerta de otra persona, aun si ya...","og_url":"https:\/\/interamerica.org\/es\/2020\/05\/como-participar-de-llamar-digitalmente-a-las-puertas\/","og_site_name":"Iglesia Adventista del S\u00e9ptimo D\u00eda - Divisi\u00f3n Interamericana","article_published_time":"2020-05-17T00:27:27+00:00","article_modified_time":"2020-05-17T17:58:01+00:00","og_image":[{"width":1280,"height":800,"url":"https:\/\/interamerica.org\/wp-content\/uploads\/2020\/05\/computer2-kaitlyn-baker-vzjdyl5jvxy-unsplash.jpg","type":"image\/jpeg"}],"author":"libna","twitter_card":"summary_large_image","twitter_misc":{"Escrito por":"libna","Tiempo de lectura":"10 minutos"},"schema":{"@context":"https:\/\/schema.org","@graph":[{"@type":"Article","@id":"https:\/\/interamerica.org\/es\/2020\/05\/como-participar-de-llamar-digitalmente-a-las-puertas\/#article","isPartOf":{"@id":"https:\/\/interamerica.org\/es\/2020\/05\/como-participar-de-llamar-digitalmente-a-las-puertas\/"},"author":{"name":"libna","@id":"https:\/\/interamerica.org\/es\/#\/schema\/person\/29998f2bc2d8bd0d38662909289b54f1"},"headline":"C\u00f3mo participar de llamar digitalmente a las puertas","datePublished":"2020-05-17T00:27:27+00:00","dateModified":"2020-05-17T17:58:01+00:00","mainEntityOfPage":{"@id":"https:\/\/interamerica.org\/es\/2020\/05\/como-participar-de-llamar-digitalmente-a-las-puertas\/"},"wordCount":1949,"commentCount":0,"image":{"@id":"https:\/\/interamerica.org\/es\/2020\/05\/como-participar-de-llamar-digitalmente-a-las-puertas\/#primaryimage"},"thumbnailUrl":"https:\/\/interamerica.org\/wp-content\/uploads\/2020\/05\/computer2-kaitlyn-baker-vzjdyl5jvxy-unsplash.jpg","articleSection":["Desde la iglesia mundial","RSS Espa\u00f1ol"],"inLanguage":"es","potentialAction":[{"@type":"CommentAction","name":"Comment","target":["https:\/\/interamerica.org\/es\/2020\/05\/como-participar-de-llamar-digitalmente-a-las-puertas\/#respond"]}]},{"@type":"WebPage","@id":"https:\/\/interamerica.org\/es\/2020\/05\/como-participar-de-llamar-digitalmente-a-las-puertas\/","url":"https:\/\/interamerica.org\/es\/2020\/05\/como-participar-de-llamar-digitalmente-a-las-puertas\/","name":"C\u00f3mo participar de llamar digitalmente a las puertas - Iglesia Adventista del S\u00e9ptimo D\u00eda - Divisi\u00f3n Interamericana","isPartOf":{"@id":"https:\/\/interamerica.org\/es\/#website"},"primaryImageOfPage":{"@id":"https:\/\/interamerica.org\/es\/2020\/05\/como-participar-de-llamar-digitalmente-a-las-puertas\/#primaryimage"},"image":{"@id":"https:\/\/interamerica.org\/es\/2020\/05\/como-participar-de-llamar-digitalmente-a-las-puertas\/#primaryimage"},"thumbnailUrl":"https:\/\/interamerica.org\/wp-content\/uploads\/2020\/05\/computer2-kaitlyn-baker-vzjdyl5jvxy-unsplash.jpg","datePublished":"2020-05-17T00:27:27+00:00","dateModified":"2020-05-17T17:58:01+00:00","author":{"@id":"https:\/\/interamerica.org\/es\/#\/schema\/person\/29998f2bc2d8bd0d38662909289b54f1"},"breadcrumb":{"@id":"https:\/\/interamerica.org\/es\/2020\/05\/como-participar-de-llamar-digitalmente-a-las-puertas\/#breadcrumb"},"inLanguage":"es","potentialAction":[{"@type":"ReadAction","target":["https:\/\/interamerica.org\/es\/2020\/05\/como-participar-de-llamar-digitalmente-a-las-puertas\/"]}]},{"@type":"ImageObject","inLanguage":"es","@id":"https:\/\/interamerica.org\/es\/2020\/05\/como-participar-de-llamar-digitalmente-a-las-puertas\/#primaryimage","url":"https:\/\/interamerica.org\/wp-content\/uploads\/2020\/05\/computer2-kaitlyn-baker-vzjdyl5jvxy-unsplash.jpg","contentUrl":"https:\/\/interamerica.org\/wp-content\/uploads\/2020\/05\/computer2-kaitlyn-baker-vzjdyl5jvxy-unsplash.jpg","width":1280,"height":800,"caption":"[Fotograf\u00eda: Kaitlyn Baker\/unsplash]"},{"@type":"BreadcrumbList","@id":"https:\/\/interamerica.org\/es\/2020\/05\/como-participar-de-llamar-digitalmente-a-las-puertas\/#breadcrumb","itemListElement":[{"@type":"ListItem","position":1,"name":"Home","item":"https:\/\/interamerica.org\/es\/"},{"@type":"ListItem","position":2,"name":"C\u00f3mo participar de llamar digitalmente a las puertas"}]},{"@type":"WebSite","@id":"https:\/\/interamerica.org\/es\/#website","url":"https:\/\/interamerica.org\/es\/","name":"Iglesia Adventista del S\u00e9ptimo D\u00eda - Divisi\u00f3n Interamericana","description":"","potentialAction":[{"@type":"SearchAction","target":{"@type":"EntryPoint","urlTemplate":"https:\/\/interamerica.org\/es\/?s={search_term_string}"},"query-input":{"@type":"PropertyValueSpecification","valueRequired":true,"valueName":"search_term_string"}}],"inLanguage":"es"},{"@type":"Person","@id":"https:\/\/interamerica.org\/es\/#\/schema\/person\/29998f2bc2d8bd0d38662909289b54f1","name":"libna","image":{"@type":"ImageObject","inLanguage":"es","@id":"https:\/\/secure.gravatar.com\/avatar\/7c5bd30ae4b47a9ba3c856590957fd1d96dc588bf3ac05719d247e126840331f?s=96&d=mm&r=g","url":"https:\/\/secure.gravatar.com\/avatar\/7c5bd30ae4b47a9ba3c856590957fd1d96dc588bf3ac05719d247e126840331f?s=96&d=mm&r=g","contentUrl":"https:\/\/secure.gravatar.com\/avatar\/7c5bd30ae4b47a9ba3c856590957fd1d96dc588bf3ac05719d247e126840331f?s=96&d=mm&r=g","caption":"libna"}}]}},"_links":{"self":[{"href":"https:\/\/interamerica.org\/es\/wp-json\/wp\/v2\/posts\/58814","targetHints":{"allow":["GET"]}}],"collection":[{"href":"https:\/\/interamerica.org\/es\/wp-json\/wp\/v2\/posts"}],"about":[{"href":"https:\/\/interamerica.org\/es\/wp-json\/wp\/v2\/types\/post"}],"author":[{"embeddable":true,"href":"https:\/\/interamerica.org\/es\/wp-json\/wp\/v2\/users\/3"}],"replies":[{"embeddable":true,"href":"https:\/\/interamerica.org\/es\/wp-json\/wp\/v2\/comments?post=58814"}],"version-history":[{"count":0,"href":"https:\/\/interamerica.org\/es\/wp-json\/wp\/v2\/posts\/58814\/revisions"}],"wp:featuredmedia":[{"embeddable":true,"href":"https:\/\/interamerica.org\/es\/wp-json\/wp\/v2\/media\/58769"}],"wp:attachment":[{"href":"https:\/\/interamerica.org\/es\/wp-json\/wp\/v2\/media?parent=58814"}],"wp:term":[{"taxonomy":"category","embeddable":true,"href":"https:\/\/interamerica.org\/es\/wp-json\/wp\/v2\/categories?post=58814"},{"taxonomy":"post_tag","embeddable":true,"href":"https:\/\/interamerica.org\/es\/wp-json\/wp\/v2\/tags?post=58814"}],"curies":[{"name":"wp","href":"https:\/\/api.w.org\/{rel}","templated":true}]}}