{"id":58895,"date":"2020-05-19T17:43:08","date_gmt":"2020-05-19T21:43:08","guid":{"rendered":"https:\/\/recursing-golick.147-182-135-0.plesk.page\/?p=58895"},"modified":"2020-05-19T19:32:25","modified_gmt":"2020-05-19T23:32:25","slug":"inmigrantes-venezolanos-reciben-donacion-de-mascarillas-alimentos-y-ropa","status":"publish","type":"post","link":"https:\/\/interamerica.org\/es\/2020\/05\/inmigrantes-venezolanos-reciben-donacion-de-mascarillas-alimentos-y-ropa\/","title":{"rendered":"Inmigrantes venezolanos reciben donaci\u00f3n de mascarillas, alimentos y ropa"},"content":{"rendered":"<p><div id=\"attachment_58887\" style=\"width: 810px\" class=\"wp-caption aligncenter\"><img fetchpriority=\"high\" decoding=\"async\" aria-describedby=\"caption-attachment-58887\" class=\" wp-image-58885\" src=\"https:\/\/recursing-golick.147-182-135-0.plesk.page\/wp-content\/uploads\/2020\/05\/csm-sad-18-venezuelan-immigrants-receive-masks-food-and-clothes-donationcroppedforposting-e26276f845-1280-1024x640.jpg\" alt=\"\" width=\"800\" height=\"500\" srcset=\"https:\/\/interamerica.org\/wp-content\/uploads\/2020\/05\/csm-sad-18-venezuelan-immigrants-receive-masks-food-and-clothes-donationcroppedforposting-e26276f845-1280-1024x640.jpg 1024w, https:\/\/interamerica.org\/wp-content\/uploads\/2020\/05\/csm-sad-18-venezuelan-immigrants-receive-masks-food-and-clothes-donationcroppedforposting-e26276f845-1280-300x188.jpg 300w, https:\/\/interamerica.org\/wp-content\/uploads\/2020\/05\/csm-sad-18-venezuelan-immigrants-receive-masks-food-and-clothes-donationcroppedforposting-e26276f845-1280-768x480.jpg 768w, https:\/\/interamerica.org\/wp-content\/uploads\/2020\/05\/csm-sad-18-venezuelan-immigrants-receive-masks-food-and-clothes-donationcroppedforposting-e26276f845-1280.jpg 1280w\" sizes=\"(max-width: 800px) 100vw, 800px\" \/><p id=\"caption-attachment-58887\" class=\"wp-caption-text\">[Imagen: Divisi\u00f3n Sudamericana]<\/p><\/div>16 de mayo de 2020 | Brasil | Divisi\u00f3n Sudamericana<\/p>\n<p>Las familias inmigrantes se encuentran entre las personas m\u00e1s vulnerables afectadas por la crisis del coronavirus. En Brasil, muchos inmigrantes han perdido sus trabajos o han visto reducidos sus ingresos por causa de la pandemia, por lo que no cuentan con los recursos b\u00e1sicos para vivir dignamente. Es en tiempos como estos que <a href=\"https:\/\/www.adventistas.org\/pt\/asa\/\">Adventist Solidarity Action (ASA)<\/a>\u00a0se convierte en una de las \u00fanicas esperanzas para estas personas.<\/p>\n<p>El 26 de abril, docenas de inmigrantes venezolanos residentes en Guatambu, una poblaci\u00f3n de aproximadamente 5,000 habitantes al oeste de Santa Catarina, recibieron alimentos, ropa, zapatos y mascarillas por parte del equipo ASA de la Iglesia Adventista Central en Chapec\u00f3.<\/p>\n<p>Casi todas las 62 familias beneficiadas son venezolanos que llegaron a Brasil en busca de nuevas oportunidades debido a la crisis pol\u00edtica y humanitaria en su pa\u00eds. En total, fueron donados aproximadamente 1,600 piezas de ropa, cerca de 300 kilos de alimentos y unas cien mascarillas.<\/p>\n<p>De acuerdo con Elizandro Ficagna, director de comunicaci\u00f3n de la Iglesia Adventista Central en Chapec\u00f3, los miembros ASA han estado prestando ayuda a estas familias desde que llegaron al oeste de Santa Catarina. \u201cEstos art\u00edculos han sido donados por la comunidad y los miembros de ASA los recogen y llevan a los necesitados\u201d, explic\u00f3 el director Ficagna.<\/p>\n<p>Ines Hahn forma parte de este grupo. Nos explica qu\u00e9 es lo que la motiva a involucrarse en proyectos de solidaridad y qu\u00e9 se siente al ver los resultados de la labor voluntaria. \u201c\u00a1Me apasiona esto que hago! Solo el amor de Dios puede llenarnos de valor Y el ver las sonrisas o las l\u00e1grimas de las personas cuando son contestadas sus peticiones, recompensa todo el esfuerzo que se invierte\u201d, se\u00f1al\u00f3.<\/p>\n<p><a href=\"https:\/\/noticias.adventistas.org\/pt\/noticia\/projetos-sociais\/familias-de-imigrantes-da-venezuela-recebem-doacoes-de-roupas-alimentos-e-mascaras-em-sc\/\">This article<\/a>\u00a0(Esta noticias) se public\u00f3 originalmente en el <a href=\"https:\/\/noticias.adventistas.org\/pt\/?orderby=date&amp;order=DESC&amp;post_status=publish&amp;post_type=post&amp;seemore_title=%C3%9Altimas+Not%C3%ADcias&amp;xtt-pa-sedes=dsa\">South American Division\u2019s Portuguese news site<\/a> (sitio de noticias en portugu\u00e9s de la Divisi\u00f3n Sudamericana).<\/p>\n<p>Traducci\u00f3n \u2013 Gloria A. Castrej\u00f3n<\/p>\n<p><span class=\"pub_date font--secondary--s gray can-be--white\">\u00a0\u00a0\u00a0\u00a0\u00a0\u00a0<\/span><\/p>\n","protected":false},"excerpt":{"rendered":"<p>16 de mayo de 2020 | Brasil | Divisi\u00f3n Sudamericana Las familias inmigrantes se encuentran entre las personas m\u00e1s vulnerables afectadas por la crisis del coronavirus. En Brasil, muchos inmigrantes&#8230;<\/p>\n","protected":false},"author":3,"featured_media":58884,"comment_status":"open","ping_status":"closed","sticky":false,"template":"","format":"standard","meta":{"_acf_changed":false,"footnotes":""},"categories":[14,15],"tags":[],"class_list":["post-58895","post","type-post","status-publish","format-standard","has-post-thumbnail","hentry","category-de-la-iglesia-mundial","category-rss-espanol"],"acf":[],"yoast_head":"<!-- This site is optimized with the Yoast SEO plugin v27.3 - https:\/\/yoast.com\/product\/yoast-seo-wordpress\/ -->\n<title>Inmigrantes venezolanos reciben donaci\u00f3n de mascarillas, alimentos y ropa - Iglesia Adventista del S\u00e9ptimo D\u00eda - Divisi\u00f3n Interamericana<\/title>\n<meta name=\"robots\" content=\"index, follow, max-snippet:-1, max-image-preview:large, max-video-preview:-1\" \/>\n<link rel=\"canonical\" href=\"https:\/\/interamerica.org\/es\/2020\/05\/inmigrantes-venezolanos-reciben-donacion-de-mascarillas-alimentos-y-ropa\/\" \/>\n<meta property=\"og:locale\" content=\"es_ES\" \/>\n<meta property=\"og:type\" content=\"article\" \/>\n<meta property=\"og:title\" content=\"Inmigrantes venezolanos reciben donaci\u00f3n de mascarillas, alimentos y ropa - Iglesia Adventista del S\u00e9ptimo D\u00eda - Divisi\u00f3n Interamericana\" \/>\n<meta property=\"og:description\" content=\"16 de mayo de 2020 | Brasil | Divisi\u00f3n Sudamericana Las familias inmigrantes se encuentran entre las personas m\u00e1s vulnerables afectadas por la crisis del coronavirus. En Brasil, muchos inmigrantes...\" \/>\n<meta property=\"og:url\" content=\"https:\/\/interamerica.org\/es\/2020\/05\/inmigrantes-venezolanos-reciben-donacion-de-mascarillas-alimentos-y-ropa\/\" \/>\n<meta property=\"og:site_name\" content=\"Iglesia Adventista del S\u00e9ptimo D\u00eda - Divisi\u00f3n Interamericana\" \/>\n<meta property=\"article:published_time\" content=\"2020-05-19T21:43:08+00:00\" \/>\n<meta property=\"article:modified_time\" content=\"2020-05-19T23:32:25+00:00\" \/>\n<meta property=\"og:image\" content=\"https:\/\/interamerica.org\/wp-content\/uploads\/2020\/05\/csm-sad-18-venezuelan-immigrants-receive-masks-food-and-clothes-donationcroppedforposting-e26276f845.jpg\" \/>\n\t<meta property=\"og:image:width\" content=\"672\" \/>\n\t<meta property=\"og:image:height\" content=\"378\" \/>\n\t<meta property=\"og:image:type\" content=\"image\/jpeg\" \/>\n<meta name=\"author\" content=\"libna\" \/>\n<meta name=\"twitter:card\" content=\"summary_large_image\" \/>\n<meta name=\"twitter:label1\" content=\"Escrito por\" \/>\n\t<meta name=\"twitter:data1\" content=\"libna\" \/>\n\t<meta name=\"twitter:label2\" content=\"Tiempo de lectura\" \/>\n\t<meta name=\"twitter:data2\" content=\"2 minutos\" \/>\n<script type=\"application\/ld+json\" class=\"yoast-schema-graph\">{\"@context\":\"https:\\\/\\\/schema.org\",\"@graph\":[{\"@type\":\"Article\",\"@id\":\"https:\\\/\\\/interamerica.org\\\/es\\\/2020\\\/05\\\/inmigrantes-venezolanos-reciben-donacion-de-mascarillas-alimentos-y-ropa\\\/#article\",\"isPartOf\":{\"@id\":\"https:\\\/\\\/interamerica.org\\\/es\\\/2020\\\/05\\\/inmigrantes-venezolanos-reciben-donacion-de-mascarillas-alimentos-y-ropa\\\/\"},\"author\":{\"name\":\"libna\",\"@id\":\"https:\\\/\\\/interamerica.org\\\/es\\\/#\\\/schema\\\/person\\\/29998f2bc2d8bd0d38662909289b54f1\"},\"headline\":\"Inmigrantes venezolanos reciben donaci\u00f3n de mascarillas, alimentos y ropa\",\"datePublished\":\"2020-05-19T21:43:08+00:00\",\"dateModified\":\"2020-05-19T23:32:25+00:00\",\"mainEntityOfPage\":{\"@id\":\"https:\\\/\\\/interamerica.org\\\/es\\\/2020\\\/05\\\/inmigrantes-venezolanos-reciben-donacion-de-mascarillas-alimentos-y-ropa\\\/\"},\"wordCount\":347,\"commentCount\":0,\"image\":{\"@id\":\"https:\\\/\\\/interamerica.org\\\/es\\\/2020\\\/05\\\/inmigrantes-venezolanos-reciben-donacion-de-mascarillas-alimentos-y-ropa\\\/#primaryimage\"},\"thumbnailUrl\":\"https:\\\/\\\/interamerica.org\\\/wp-content\\\/uploads\\\/2020\\\/05\\\/csm-sad-18-venezuelan-immigrants-receive-masks-food-and-clothes-donationcroppedforposting-e26276f845.jpg\",\"articleSection\":[\"Desde la iglesia mundial\",\"RSS Espa\u00f1ol\"],\"inLanguage\":\"es\",\"potentialAction\":[{\"@type\":\"CommentAction\",\"name\":\"Comment\",\"target\":[\"https:\\\/\\\/interamerica.org\\\/es\\\/2020\\\/05\\\/inmigrantes-venezolanos-reciben-donacion-de-mascarillas-alimentos-y-ropa\\\/#respond\"]}]},{\"@type\":\"WebPage\",\"@id\":\"https:\\\/\\\/interamerica.org\\\/es\\\/2020\\\/05\\\/inmigrantes-venezolanos-reciben-donacion-de-mascarillas-alimentos-y-ropa\\\/\",\"url\":\"https:\\\/\\\/interamerica.org\\\/es\\\/2020\\\/05\\\/inmigrantes-venezolanos-reciben-donacion-de-mascarillas-alimentos-y-ropa\\\/\",\"name\":\"Inmigrantes venezolanos reciben donaci\u00f3n de mascarillas, alimentos y ropa - Iglesia Adventista del S\u00e9ptimo D\u00eda - Divisi\u00f3n Interamericana\",\"isPartOf\":{\"@id\":\"https:\\\/\\\/interamerica.org\\\/es\\\/#website\"},\"primaryImageOfPage\":{\"@id\":\"https:\\\/\\\/interamerica.org\\\/es\\\/2020\\\/05\\\/inmigrantes-venezolanos-reciben-donacion-de-mascarillas-alimentos-y-ropa\\\/#primaryimage\"},\"image\":{\"@id\":\"https:\\\/\\\/interamerica.org\\\/es\\\/2020\\\/05\\\/inmigrantes-venezolanos-reciben-donacion-de-mascarillas-alimentos-y-ropa\\\/#primaryimage\"},\"thumbnailUrl\":\"https:\\\/\\\/interamerica.org\\\/wp-content\\\/uploads\\\/2020\\\/05\\\/csm-sad-18-venezuelan-immigrants-receive-masks-food-and-clothes-donationcroppedforposting-e26276f845.jpg\",\"datePublished\":\"2020-05-19T21:43:08+00:00\",\"dateModified\":\"2020-05-19T23:32:25+00:00\",\"author\":{\"@id\":\"https:\\\/\\\/interamerica.org\\\/es\\\/#\\\/schema\\\/person\\\/29998f2bc2d8bd0d38662909289b54f1\"},\"breadcrumb\":{\"@id\":\"https:\\\/\\\/interamerica.org\\\/es\\\/2020\\\/05\\\/inmigrantes-venezolanos-reciben-donacion-de-mascarillas-alimentos-y-ropa\\\/#breadcrumb\"},\"inLanguage\":\"es\",\"potentialAction\":[{\"@type\":\"ReadAction\",\"target\":[\"https:\\\/\\\/interamerica.org\\\/es\\\/2020\\\/05\\\/inmigrantes-venezolanos-reciben-donacion-de-mascarillas-alimentos-y-ropa\\\/\"]}]},{\"@type\":\"ImageObject\",\"inLanguage\":\"es\",\"@id\":\"https:\\\/\\\/interamerica.org\\\/es\\\/2020\\\/05\\\/inmigrantes-venezolanos-reciben-donacion-de-mascarillas-alimentos-y-ropa\\\/#primaryimage\",\"url\":\"https:\\\/\\\/interamerica.org\\\/wp-content\\\/uploads\\\/2020\\\/05\\\/csm-sad-18-venezuelan-immigrants-receive-masks-food-and-clothes-donationcroppedforposting-e26276f845.jpg\",\"contentUrl\":\"https:\\\/\\\/interamerica.org\\\/wp-content\\\/uploads\\\/2020\\\/05\\\/csm-sad-18-venezuelan-immigrants-receive-masks-food-and-clothes-donationcroppedforposting-e26276f845.jpg\",\"width\":672,\"height\":378,\"caption\":\"[Imagen cortes\u00eda de la Diviis\u00f3n Sudamericana]\"},{\"@type\":\"BreadcrumbList\",\"@id\":\"https:\\\/\\\/interamerica.org\\\/es\\\/2020\\\/05\\\/inmigrantes-venezolanos-reciben-donacion-de-mascarillas-alimentos-y-ropa\\\/#breadcrumb\",\"itemListElement\":[{\"@type\":\"ListItem\",\"position\":1,\"name\":\"Home\",\"item\":\"https:\\\/\\\/interamerica.org\\\/es\\\/\"},{\"@type\":\"ListItem\",\"position\":2,\"name\":\"Inmigrantes venezolanos reciben donaci\u00f3n de mascarillas, alimentos y ropa\"}]},{\"@type\":\"WebSite\",\"@id\":\"https:\\\/\\\/interamerica.org\\\/es\\\/#website\",\"url\":\"https:\\\/\\\/interamerica.org\\\/es\\\/\",\"name\":\"Iglesia Adventista del S\u00e9ptimo D\u00eda - Divisi\u00f3n Interamericana\",\"description\":\"\",\"potentialAction\":[{\"@type\":\"SearchAction\",\"target\":{\"@type\":\"EntryPoint\",\"urlTemplate\":\"https:\\\/\\\/interamerica.org\\\/es\\\/?s={search_term_string}\"},\"query-input\":{\"@type\":\"PropertyValueSpecification\",\"valueRequired\":true,\"valueName\":\"search_term_string\"}}],\"inLanguage\":\"es\"},{\"@type\":\"Person\",\"@id\":\"https:\\\/\\\/interamerica.org\\\/es\\\/#\\\/schema\\\/person\\\/29998f2bc2d8bd0d38662909289b54f1\",\"name\":\"libna\",\"image\":{\"@type\":\"ImageObject\",\"inLanguage\":\"es\",\"@id\":\"https:\\\/\\\/secure.gravatar.com\\\/avatar\\\/7c5bd30ae4b47a9ba3c856590957fd1d96dc588bf3ac05719d247e126840331f?s=96&d=mm&r=g\",\"url\":\"https:\\\/\\\/secure.gravatar.com\\\/avatar\\\/7c5bd30ae4b47a9ba3c856590957fd1d96dc588bf3ac05719d247e126840331f?s=96&d=mm&r=g\",\"contentUrl\":\"https:\\\/\\\/secure.gravatar.com\\\/avatar\\\/7c5bd30ae4b47a9ba3c856590957fd1d96dc588bf3ac05719d247e126840331f?s=96&d=mm&r=g\",\"caption\":\"libna\"}}]}<\/script>\n<!-- \/ Yoast SEO plugin. -->","yoast_head_json":{"title":"Inmigrantes venezolanos reciben donaci\u00f3n de mascarillas, alimentos y ropa - Iglesia Adventista del S\u00e9ptimo D\u00eda - Divisi\u00f3n Interamericana","robots":{"index":"index","follow":"follow","max-snippet":"max-snippet:-1","max-image-preview":"max-image-preview:large","max-video-preview":"max-video-preview:-1"},"canonical":"https:\/\/interamerica.org\/es\/2020\/05\/inmigrantes-venezolanos-reciben-donacion-de-mascarillas-alimentos-y-ropa\/","og_locale":"es_ES","og_type":"article","og_title":"Inmigrantes venezolanos reciben donaci\u00f3n de mascarillas, alimentos y ropa - Iglesia Adventista del S\u00e9ptimo D\u00eda - Divisi\u00f3n Interamericana","og_description":"16 de mayo de 2020 | Brasil | Divisi\u00f3n Sudamericana Las familias inmigrantes se encuentran entre las personas m\u00e1s vulnerables afectadas por la crisis del coronavirus. En Brasil, muchos inmigrantes...","og_url":"https:\/\/interamerica.org\/es\/2020\/05\/inmigrantes-venezolanos-reciben-donacion-de-mascarillas-alimentos-y-ropa\/","og_site_name":"Iglesia Adventista del S\u00e9ptimo D\u00eda - Divisi\u00f3n Interamericana","article_published_time":"2020-05-19T21:43:08+00:00","article_modified_time":"2020-05-19T23:32:25+00:00","og_image":[{"width":672,"height":378,"url":"https:\/\/interamerica.org\/wp-content\/uploads\/2020\/05\/csm-sad-18-venezuelan-immigrants-receive-masks-food-and-clothes-donationcroppedforposting-e26276f845.jpg","type":"image\/jpeg"}],"author":"libna","twitter_card":"summary_large_image","twitter_misc":{"Escrito por":"libna","Tiempo de lectura":"2 minutos"},"schema":{"@context":"https:\/\/schema.org","@graph":[{"@type":"Article","@id":"https:\/\/interamerica.org\/es\/2020\/05\/inmigrantes-venezolanos-reciben-donacion-de-mascarillas-alimentos-y-ropa\/#article","isPartOf":{"@id":"https:\/\/interamerica.org\/es\/2020\/05\/inmigrantes-venezolanos-reciben-donacion-de-mascarillas-alimentos-y-ropa\/"},"author":{"name":"libna","@id":"https:\/\/interamerica.org\/es\/#\/schema\/person\/29998f2bc2d8bd0d38662909289b54f1"},"headline":"Inmigrantes venezolanos reciben donaci\u00f3n de mascarillas, alimentos y ropa","datePublished":"2020-05-19T21:43:08+00:00","dateModified":"2020-05-19T23:32:25+00:00","mainEntityOfPage":{"@id":"https:\/\/interamerica.org\/es\/2020\/05\/inmigrantes-venezolanos-reciben-donacion-de-mascarillas-alimentos-y-ropa\/"},"wordCount":347,"commentCount":0,"image":{"@id":"https:\/\/interamerica.org\/es\/2020\/05\/inmigrantes-venezolanos-reciben-donacion-de-mascarillas-alimentos-y-ropa\/#primaryimage"},"thumbnailUrl":"https:\/\/interamerica.org\/wp-content\/uploads\/2020\/05\/csm-sad-18-venezuelan-immigrants-receive-masks-food-and-clothes-donationcroppedforposting-e26276f845.jpg","articleSection":["Desde la iglesia mundial","RSS Espa\u00f1ol"],"inLanguage":"es","potentialAction":[{"@type":"CommentAction","name":"Comment","target":["https:\/\/interamerica.org\/es\/2020\/05\/inmigrantes-venezolanos-reciben-donacion-de-mascarillas-alimentos-y-ropa\/#respond"]}]},{"@type":"WebPage","@id":"https:\/\/interamerica.org\/es\/2020\/05\/inmigrantes-venezolanos-reciben-donacion-de-mascarillas-alimentos-y-ropa\/","url":"https:\/\/interamerica.org\/es\/2020\/05\/inmigrantes-venezolanos-reciben-donacion-de-mascarillas-alimentos-y-ropa\/","name":"Inmigrantes venezolanos reciben donaci\u00f3n de mascarillas, alimentos y ropa - Iglesia Adventista del S\u00e9ptimo D\u00eda - Divisi\u00f3n Interamericana","isPartOf":{"@id":"https:\/\/interamerica.org\/es\/#website"},"primaryImageOfPage":{"@id":"https:\/\/interamerica.org\/es\/2020\/05\/inmigrantes-venezolanos-reciben-donacion-de-mascarillas-alimentos-y-ropa\/#primaryimage"},"image":{"@id":"https:\/\/interamerica.org\/es\/2020\/05\/inmigrantes-venezolanos-reciben-donacion-de-mascarillas-alimentos-y-ropa\/#primaryimage"},"thumbnailUrl":"https:\/\/interamerica.org\/wp-content\/uploads\/2020\/05\/csm-sad-18-venezuelan-immigrants-receive-masks-food-and-clothes-donationcroppedforposting-e26276f845.jpg","datePublished":"2020-05-19T21:43:08+00:00","dateModified":"2020-05-19T23:32:25+00:00","author":{"@id":"https:\/\/interamerica.org\/es\/#\/schema\/person\/29998f2bc2d8bd0d38662909289b54f1"},"breadcrumb":{"@id":"https:\/\/interamerica.org\/es\/2020\/05\/inmigrantes-venezolanos-reciben-donacion-de-mascarillas-alimentos-y-ropa\/#breadcrumb"},"inLanguage":"es","potentialAction":[{"@type":"ReadAction","target":["https:\/\/interamerica.org\/es\/2020\/05\/inmigrantes-venezolanos-reciben-donacion-de-mascarillas-alimentos-y-ropa\/"]}]},{"@type":"ImageObject","inLanguage":"es","@id":"https:\/\/interamerica.org\/es\/2020\/05\/inmigrantes-venezolanos-reciben-donacion-de-mascarillas-alimentos-y-ropa\/#primaryimage","url":"https:\/\/interamerica.org\/wp-content\/uploads\/2020\/05\/csm-sad-18-venezuelan-immigrants-receive-masks-food-and-clothes-donationcroppedforposting-e26276f845.jpg","contentUrl":"https:\/\/interamerica.org\/wp-content\/uploads\/2020\/05\/csm-sad-18-venezuelan-immigrants-receive-masks-food-and-clothes-donationcroppedforposting-e26276f845.jpg","width":672,"height":378,"caption":"[Imagen cortes\u00eda de la Diviis\u00f3n Sudamericana]"},{"@type":"BreadcrumbList","@id":"https:\/\/interamerica.org\/es\/2020\/05\/inmigrantes-venezolanos-reciben-donacion-de-mascarillas-alimentos-y-ropa\/#breadcrumb","itemListElement":[{"@type":"ListItem","position":1,"name":"Home","item":"https:\/\/interamerica.org\/es\/"},{"@type":"ListItem","position":2,"name":"Inmigrantes venezolanos reciben donaci\u00f3n de mascarillas, alimentos y ropa"}]},{"@type":"WebSite","@id":"https:\/\/interamerica.org\/es\/#website","url":"https:\/\/interamerica.org\/es\/","name":"Iglesia Adventista del S\u00e9ptimo D\u00eda - Divisi\u00f3n Interamericana","description":"","potentialAction":[{"@type":"SearchAction","target":{"@type":"EntryPoint","urlTemplate":"https:\/\/interamerica.org\/es\/?s={search_term_string}"},"query-input":{"@type":"PropertyValueSpecification","valueRequired":true,"valueName":"search_term_string"}}],"inLanguage":"es"},{"@type":"Person","@id":"https:\/\/interamerica.org\/es\/#\/schema\/person\/29998f2bc2d8bd0d38662909289b54f1","name":"libna","image":{"@type":"ImageObject","inLanguage":"es","@id":"https:\/\/secure.gravatar.com\/avatar\/7c5bd30ae4b47a9ba3c856590957fd1d96dc588bf3ac05719d247e126840331f?s=96&d=mm&r=g","url":"https:\/\/secure.gravatar.com\/avatar\/7c5bd30ae4b47a9ba3c856590957fd1d96dc588bf3ac05719d247e126840331f?s=96&d=mm&r=g","contentUrl":"https:\/\/secure.gravatar.com\/avatar\/7c5bd30ae4b47a9ba3c856590957fd1d96dc588bf3ac05719d247e126840331f?s=96&d=mm&r=g","caption":"libna"}}]}},"_links":{"self":[{"href":"https:\/\/interamerica.org\/es\/wp-json\/wp\/v2\/posts\/58895","targetHints":{"allow":["GET"]}}],"collection":[{"href":"https:\/\/interamerica.org\/es\/wp-json\/wp\/v2\/posts"}],"about":[{"href":"https:\/\/interamerica.org\/es\/wp-json\/wp\/v2\/types\/post"}],"author":[{"embeddable":true,"href":"https:\/\/interamerica.org\/es\/wp-json\/wp\/v2\/users\/3"}],"replies":[{"embeddable":true,"href":"https:\/\/interamerica.org\/es\/wp-json\/wp\/v2\/comments?post=58895"}],"version-history":[{"count":0,"href":"https:\/\/interamerica.org\/es\/wp-json\/wp\/v2\/posts\/58895\/revisions"}],"wp:featuredmedia":[{"embeddable":true,"href":"https:\/\/interamerica.org\/es\/wp-json\/wp\/v2\/media\/58884"}],"wp:attachment":[{"href":"https:\/\/interamerica.org\/es\/wp-json\/wp\/v2\/media?parent=58895"}],"wp:term":[{"taxonomy":"category","embeddable":true,"href":"https:\/\/interamerica.org\/es\/wp-json\/wp\/v2\/categories?post=58895"},{"taxonomy":"post_tag","embeddable":true,"href":"https:\/\/interamerica.org\/es\/wp-json\/wp\/v2\/tags?post=58895"}],"curies":[{"name":"wp","href":"https:\/\/api.w.org\/{rel}","templated":true}]}}