{"id":59013,"date":"2020-05-21T16:00:34","date_gmt":"2020-05-21T20:00:34","guid":{"rendered":"https:\/\/recursing-golick.147-182-135-0.plesk.page\/?p=59013"},"modified":"2020-05-21T19:33:44","modified_gmt":"2020-05-21T23:33:44","slug":"el-poder-de-la-obra-de-publicaciones","status":"publish","type":"post","link":"https:\/\/interamerica.org\/es\/2020\/05\/el-poder-de-la-obra-de-publicaciones\/","title":{"rendered":"El poder de la obra de publicaciones"},"content":{"rendered":"<p>21 de mayo 2020 | Miami, Florida, Estados Unidos | Por Ervin Gonz\u00e1lez, Divisi\u00f3n Interamericana<\/p>\n<p><strong>\u00bfQu\u00e9 representa la obra de publicaciones para la iglesia adventista?<\/strong><\/p>\n<p>Por varios a\u00f1os, la iglesia ha practicado diferentes m\u00e9todos para dar a conocer el mensaje b\u00edblico de salvaci\u00f3n a las gentes. Se han realizado campa\u00f1as p\u00fablicas, campa\u00f1as de barrio, grupos peque\u00f1os; se han impartido estudios b\u00edblicos y diversas formas de dar el evangelio por medio de las instituciones de salud. Tambi\u00e9n se han utilizado otros medios como la educaci\u00f3n cristiana, las redes sociales, la radio y la televisi\u00f3n.<\/p>\n<p>Estas formas de evangelizar le han tra\u00eddo beneficios a la iglesia para su crecimiento y expansi\u00f3n alcanzando a miles de personas en casi todo el mundo. Sin embargo, hay otra forma especial de evangelizar que ha demostrado ser muy efectiva y que fue uno de los pilares fundamentales que la iglesia utiliz\u00f3 desde sus inicios para desarrollarse: la evangelizaci\u00f3n por medio de las publicaciones.<\/p>\n<p>Actualmente, la obra de publicaciones en la iglesia adventista abarca, al menos, tres sectores. En primer lugar, a los colportores regulares y a los estudiantes que trabajan arduamente llevando el mensaje de casa en casa. En segundo lugar, a los miembros que adquieren los libros, los leen para desarrollar una fe madura y luego los obsequian. Finalmente, a todos los miembros de iglesia que participan en la distribuci\u00f3n masiva de los libros misioneros cada a\u00f1o.<\/p>\n<p><strong>Los beneficios de evangelizar con las publicaciones adventistas<\/strong><\/p>\n<p><strong>El mejor m\u00e9todo.<\/strong> Al referirse a la obra con las publicaciones y el colportaje, Elena de White afirm\u00f3 que \u201cPara presentar a la gente las verdades importantes para nuestros tiempos, no se puede emplear m\u00e9todo mejor y m\u00e1s afortunado\u201d (<em>El colportor evang\u00e9lico, <\/em>p. 16). El poder y la efectividad de este m\u00e9todo radica en que se evangeliza a las personas con las publicaciones de manera personal. Se les visita en sus hogares, negocios, oficinas, empresas y diversos centros de trabajo, comparti\u00e9ndoles el \u00faltimo mensaje de advertencia de Dios a la humanidad y habl\u00e1ndoles de la maravillosa historia del amor de Cristo. As\u00ed, la gente conoce de Jes\u00fas y lo acepta como su Salvador.<\/p>\n<p><strong>Evangelizar nuevos territorios.<\/strong> Las publicaciones son una herramienta poderosa para introducir el evangelio y conquistar nuevos territorios en ciudades grandes o peque\u00f1as. Los colportores son enviados para trabajar en zonas donde no hay obra adventista, visitan a las personas en sus hogares, les dejan la literatura adventista y obtienen resultados sobresalientes. Los libros que se dejan en los hogares son mensajeros silenciosos que, cuando son le\u00eddos, traen a las personas el conocimiento del amor del Salvador. La sierva de Dios asegura que Dios cuida de su verdad y llegar\u00e1 el d\u00eda en que esos libros se leer\u00e1n y \u201cm\u00e1s de mil personas se convertir\u00e1n en un solo d\u00eda, la mayor\u00eda de las cuales atribuir\u00e1n sus primeras convicciones a la lectura de nuestras publicaciones\u201d. CE. 209, 210.<\/p>\n<p><strong>Fortaleza para los nuevos conversos.<\/strong> Cuando un nuevo creyente acepta a Jes\u00fas y se bautiza en la iglesia, se le ense\u00f1a a leer y utilizar las publicaciones como la mejor, la m\u00e1s f\u00e1cil y econ\u00f3mica herramienta para compartir su fe y mantener su vigor espiritual. Entre m\u00e1s practica un nuevo converso esta actividad misionera, m\u00e1s fortalece su conocimiento sobre la Biblia y las doctrinas que profesa, enriquece su experiencia de conversi\u00f3n y cimenta su fe.<\/p>\n<p><strong>Experimentar el poder del Esp\u00edritu Santo.<\/strong> Los miembros de la iglesia que comparten su fe por medio de las publicaciones experimentan con frecuencia el poder y la gu\u00eda del Esp\u00edritu Santo en sus vidas. Cuando abren sus labios para compartir el mensaje de salvaci\u00f3n, hablan con sabidur\u00eda y poder porque el Esp\u00edritu los dirige, capacita, ense\u00f1a, les hace recordar y les da palabras adecuadas para convencer a las personas del gran amor de Jes\u00fas.<\/p>\n<p><strong>Alcanzar a toda clase de personas.<\/strong> Muchos miembros de iglesia han tenido experiencias maravillosas por haber alcanzado a diferentes clases de personas con el evangelio al compartirles nuestras publicaciones. Este m\u00e9todo es eficaz para llegar a la gente humilde, a la gente de negocios, a las personas importantes, intelectuales y famosos y ense\u00f1arles las verdades de la Palabra de Dios, que brindan fortaleza espiritual especialmente en estos tiempos dif\u00edciles de inseguridad por la pandemia que les ha tra\u00eddo temor, ansiedad, desesperaci\u00f3n, dolor y sufrimiento.<\/p>\n<p><strong>Las manos de Dios para alimentar.<\/strong> Los miembros de la iglesia se convierten en las manos de Dios para llevan por medio de las publicaciones el alimento espiritual a las gentes que tienen hambre del amor de Jes\u00fas. Al abrirles las p\u00e1ginas de los libros y revistas y enterarse de las provisiones que Dios ha provisto para su bienestar, descubren la maravilla del cuidado y protecci\u00f3n divinas, se fortalecen con la Palabra, aprenden a confiar en Dios y se satisfacen sus necesidades espirituales, mentales y f\u00edsicas.<\/p>\n<p>Este es el tiempo para predicar el evangelio por medio de las publicaciones. Mientras haya oportunidad, hay que compartir todos los libros y revistas posibles con las personas. Cuando ya no haya libertad para predicar en las iglesias, en las casas y en ning\u00fan otro lado, estos \u201cmensajeros silenciosos\u201d estar\u00e1n en los hogares y el Esp\u00edritu Santo guiar\u00e1 a las personas para buscarlos y leerlos. As\u00ed descubrir\u00e1n el amor de Dios y las verdades vivientes de su Palabra. Nos sorprenderemos al ver los resultados.<\/p>\n<p>Es tiempo de que los miembros se alimenten de nuestras publicaciones para fortalecer su fe en Dios y las compartan con otros. Las p\u00e1ginas impresas con el evangelio de salvaci\u00f3n deben alertar a la humanidad con las nuevas de que Jesucristo viene pronto y preparar a un pueblo para el encuentro con su Dios.<\/p>\n<p><em>Ervin Gonz\u00e1lez es el director de publicaciones de la Divisi\u00f3n Interamericana de los Adventistas del S\u00e9ptimo D\u00eda.<br \/>\n<\/em><\/p>\n","protected":false},"excerpt":{"rendered":"<p>21 de mayo 2020 | Miami, Florida, Estados Unidos | Por Ervin Gonz\u00e1lez, Divisi\u00f3n Interamericana \u00bfQu\u00e9 representa la obra de publicaciones para la iglesia adventista? Por varios a\u00f1os, la iglesia&#8230;<\/p>\n","protected":false},"author":3,"featured_media":59009,"comment_status":"open","ping_status":"closed","sticky":false,"template":"","format":"standard","meta":{"_acf_changed":false,"footnotes":""},"categories":[16,15],"tags":[],"class_list":["post-59013","post","type-post","status-publish","format-standard","has-post-thumbnail","hentry","category-desde-la-sede","category-rss-espanol"],"acf":[],"yoast_head":"<!-- This site is optimized with the Yoast SEO plugin v27.3 - https:\/\/yoast.com\/product\/yoast-seo-wordpress\/ -->\n<title>El poder de la obra de publicaciones - Iglesia Adventista del S\u00e9ptimo D\u00eda - Divisi\u00f3n Interamericana<\/title>\n<meta name=\"robots\" content=\"index, follow, max-snippet:-1, max-image-preview:large, max-video-preview:-1\" \/>\n<link rel=\"canonical\" href=\"https:\/\/interamerica.org\/es\/2020\/05\/el-poder-de-la-obra-de-publicaciones\/\" \/>\n<meta property=\"og:locale\" content=\"es_ES\" \/>\n<meta property=\"og:type\" content=\"article\" \/>\n<meta property=\"og:title\" content=\"El poder de la obra de publicaciones - Iglesia Adventista del S\u00e9ptimo D\u00eda - Divisi\u00f3n Interamericana\" \/>\n<meta property=\"og:description\" content=\"21 de mayo 2020 | Miami, Florida, Estados Unidos | Por Ervin Gonz\u00e1lez, Divisi\u00f3n Interamericana \u00bfQu\u00e9 representa la obra de publicaciones para la iglesia adventista? Por varios a\u00f1os, la iglesia...\" \/>\n<meta property=\"og:url\" content=\"https:\/\/interamerica.org\/es\/2020\/05\/el-poder-de-la-obra-de-publicaciones\/\" \/>\n<meta property=\"og:site_name\" content=\"Iglesia Adventista del S\u00e9ptimo D\u00eda - Divisi\u00f3n Interamericana\" \/>\n<meta property=\"article:published_time\" content=\"2020-05-21T20:00:34+00:00\" \/>\n<meta property=\"article:modified_time\" content=\"2020-05-21T23:33:44+00:00\" \/>\n<meta property=\"og:image\" content=\"https:\/\/interamerica.org\/wp-content\/uploads\/2020\/05\/kimberly-farmer-luaakcuanvi-unsplash-1280.jpg\" \/>\n\t<meta property=\"og:image:width\" content=\"1280\" \/>\n\t<meta property=\"og:image:height\" content=\"800\" \/>\n\t<meta property=\"og:image:type\" content=\"image\/jpeg\" \/>\n<meta name=\"author\" content=\"libna\" \/>\n<meta name=\"twitter:card\" content=\"summary_large_image\" \/>\n<meta name=\"twitter:label1\" content=\"Escrito por\" \/>\n\t<meta name=\"twitter:data1\" content=\"libna\" \/>\n\t<meta name=\"twitter:label2\" content=\"Tiempo de lectura\" \/>\n\t<meta name=\"twitter:data2\" content=\"5 minutos\" \/>\n<script type=\"application\/ld+json\" class=\"yoast-schema-graph\">{\"@context\":\"https:\\\/\\\/schema.org\",\"@graph\":[{\"@type\":\"Article\",\"@id\":\"https:\\\/\\\/interamerica.org\\\/es\\\/2020\\\/05\\\/el-poder-de-la-obra-de-publicaciones\\\/#article\",\"isPartOf\":{\"@id\":\"https:\\\/\\\/interamerica.org\\\/es\\\/2020\\\/05\\\/el-poder-de-la-obra-de-publicaciones\\\/\"},\"author\":{\"name\":\"libna\",\"@id\":\"https:\\\/\\\/interamerica.org\\\/es\\\/#\\\/schema\\\/person\\\/29998f2bc2d8bd0d38662909289b54f1\"},\"headline\":\"El poder de la obra de publicaciones\",\"datePublished\":\"2020-05-21T20:00:34+00:00\",\"dateModified\":\"2020-05-21T23:33:44+00:00\",\"mainEntityOfPage\":{\"@id\":\"https:\\\/\\\/interamerica.org\\\/es\\\/2020\\\/05\\\/el-poder-de-la-obra-de-publicaciones\\\/\"},\"wordCount\":1024,\"commentCount\":0,\"image\":{\"@id\":\"https:\\\/\\\/interamerica.org\\\/es\\\/2020\\\/05\\\/el-poder-de-la-obra-de-publicaciones\\\/#primaryimage\"},\"thumbnailUrl\":\"https:\\\/\\\/interamerica.org\\\/wp-content\\\/uploads\\\/2020\\\/05\\\/kimberly-farmer-luaakcuanvi-unsplash-1280.jpg\",\"articleSection\":[\"Desde la sede\",\"RSS Espa\u00f1ol\"],\"inLanguage\":\"es\",\"potentialAction\":[{\"@type\":\"CommentAction\",\"name\":\"Comment\",\"target\":[\"https:\\\/\\\/interamerica.org\\\/es\\\/2020\\\/05\\\/el-poder-de-la-obra-de-publicaciones\\\/#respond\"]}]},{\"@type\":\"WebPage\",\"@id\":\"https:\\\/\\\/interamerica.org\\\/es\\\/2020\\\/05\\\/el-poder-de-la-obra-de-publicaciones\\\/\",\"url\":\"https:\\\/\\\/interamerica.org\\\/es\\\/2020\\\/05\\\/el-poder-de-la-obra-de-publicaciones\\\/\",\"name\":\"El poder de la obra de publicaciones - Iglesia Adventista del S\u00e9ptimo D\u00eda - Divisi\u00f3n Interamericana\",\"isPartOf\":{\"@id\":\"https:\\\/\\\/interamerica.org\\\/es\\\/#website\"},\"primaryImageOfPage\":{\"@id\":\"https:\\\/\\\/interamerica.org\\\/es\\\/2020\\\/05\\\/el-poder-de-la-obra-de-publicaciones\\\/#primaryimage\"},\"image\":{\"@id\":\"https:\\\/\\\/interamerica.org\\\/es\\\/2020\\\/05\\\/el-poder-de-la-obra-de-publicaciones\\\/#primaryimage\"},\"thumbnailUrl\":\"https:\\\/\\\/interamerica.org\\\/wp-content\\\/uploads\\\/2020\\\/05\\\/kimberly-farmer-luaakcuanvi-unsplash-1280.jpg\",\"datePublished\":\"2020-05-21T20:00:34+00:00\",\"dateModified\":\"2020-05-21T23:33:44+00:00\",\"author\":{\"@id\":\"https:\\\/\\\/interamerica.org\\\/es\\\/#\\\/schema\\\/person\\\/29998f2bc2d8bd0d38662909289b54f1\"},\"breadcrumb\":{\"@id\":\"https:\\\/\\\/interamerica.org\\\/es\\\/2020\\\/05\\\/el-poder-de-la-obra-de-publicaciones\\\/#breadcrumb\"},\"inLanguage\":\"es\",\"potentialAction\":[{\"@type\":\"ReadAction\",\"target\":[\"https:\\\/\\\/interamerica.org\\\/es\\\/2020\\\/05\\\/el-poder-de-la-obra-de-publicaciones\\\/\"]}]},{\"@type\":\"ImageObject\",\"inLanguage\":\"es\",\"@id\":\"https:\\\/\\\/interamerica.org\\\/es\\\/2020\\\/05\\\/el-poder-de-la-obra-de-publicaciones\\\/#primaryimage\",\"url\":\"https:\\\/\\\/interamerica.org\\\/wp-content\\\/uploads\\\/2020\\\/05\\\/kimberly-farmer-luaakcuanvi-unsplash-1280.jpg\",\"contentUrl\":\"https:\\\/\\\/interamerica.org\\\/wp-content\\\/uploads\\\/2020\\\/05\\\/kimberly-farmer-luaakcuanvi-unsplash-1280.jpg\",\"width\":1280,\"height\":800,\"caption\":\"[Photo: Kimberly Farmer\\\/unsplash]\"},{\"@type\":\"BreadcrumbList\",\"@id\":\"https:\\\/\\\/interamerica.org\\\/es\\\/2020\\\/05\\\/el-poder-de-la-obra-de-publicaciones\\\/#breadcrumb\",\"itemListElement\":[{\"@type\":\"ListItem\",\"position\":1,\"name\":\"Home\",\"item\":\"https:\\\/\\\/interamerica.org\\\/es\\\/\"},{\"@type\":\"ListItem\",\"position\":2,\"name\":\"El poder de la obra de publicaciones\"}]},{\"@type\":\"WebSite\",\"@id\":\"https:\\\/\\\/interamerica.org\\\/es\\\/#website\",\"url\":\"https:\\\/\\\/interamerica.org\\\/es\\\/\",\"name\":\"Iglesia Adventista del S\u00e9ptimo D\u00eda - Divisi\u00f3n Interamericana\",\"description\":\"\",\"potentialAction\":[{\"@type\":\"SearchAction\",\"target\":{\"@type\":\"EntryPoint\",\"urlTemplate\":\"https:\\\/\\\/interamerica.org\\\/es\\\/?s={search_term_string}\"},\"query-input\":{\"@type\":\"PropertyValueSpecification\",\"valueRequired\":true,\"valueName\":\"search_term_string\"}}],\"inLanguage\":\"es\"},{\"@type\":\"Person\",\"@id\":\"https:\\\/\\\/interamerica.org\\\/es\\\/#\\\/schema\\\/person\\\/29998f2bc2d8bd0d38662909289b54f1\",\"name\":\"libna\",\"image\":{\"@type\":\"ImageObject\",\"inLanguage\":\"es\",\"@id\":\"https:\\\/\\\/secure.gravatar.com\\\/avatar\\\/7c5bd30ae4b47a9ba3c856590957fd1d96dc588bf3ac05719d247e126840331f?s=96&d=mm&r=g\",\"url\":\"https:\\\/\\\/secure.gravatar.com\\\/avatar\\\/7c5bd30ae4b47a9ba3c856590957fd1d96dc588bf3ac05719d247e126840331f?s=96&d=mm&r=g\",\"contentUrl\":\"https:\\\/\\\/secure.gravatar.com\\\/avatar\\\/7c5bd30ae4b47a9ba3c856590957fd1d96dc588bf3ac05719d247e126840331f?s=96&d=mm&r=g\",\"caption\":\"libna\"}}]}<\/script>\n<!-- \/ Yoast SEO plugin. -->","yoast_head_json":{"title":"El poder de la obra de publicaciones - Iglesia Adventista del S\u00e9ptimo D\u00eda - Divisi\u00f3n Interamericana","robots":{"index":"index","follow":"follow","max-snippet":"max-snippet:-1","max-image-preview":"max-image-preview:large","max-video-preview":"max-video-preview:-1"},"canonical":"https:\/\/interamerica.org\/es\/2020\/05\/el-poder-de-la-obra-de-publicaciones\/","og_locale":"es_ES","og_type":"article","og_title":"El poder de la obra de publicaciones - Iglesia Adventista del S\u00e9ptimo D\u00eda - Divisi\u00f3n Interamericana","og_description":"21 de mayo 2020 | Miami, Florida, Estados Unidos | Por Ervin Gonz\u00e1lez, Divisi\u00f3n Interamericana \u00bfQu\u00e9 representa la obra de publicaciones para la iglesia adventista? Por varios a\u00f1os, la iglesia...","og_url":"https:\/\/interamerica.org\/es\/2020\/05\/el-poder-de-la-obra-de-publicaciones\/","og_site_name":"Iglesia Adventista del S\u00e9ptimo D\u00eda - Divisi\u00f3n Interamericana","article_published_time":"2020-05-21T20:00:34+00:00","article_modified_time":"2020-05-21T23:33:44+00:00","og_image":[{"width":1280,"height":800,"url":"https:\/\/interamerica.org\/wp-content\/uploads\/2020\/05\/kimberly-farmer-luaakcuanvi-unsplash-1280.jpg","type":"image\/jpeg"}],"author":"libna","twitter_card":"summary_large_image","twitter_misc":{"Escrito por":"libna","Tiempo de lectura":"5 minutos"},"schema":{"@context":"https:\/\/schema.org","@graph":[{"@type":"Article","@id":"https:\/\/interamerica.org\/es\/2020\/05\/el-poder-de-la-obra-de-publicaciones\/#article","isPartOf":{"@id":"https:\/\/interamerica.org\/es\/2020\/05\/el-poder-de-la-obra-de-publicaciones\/"},"author":{"name":"libna","@id":"https:\/\/interamerica.org\/es\/#\/schema\/person\/29998f2bc2d8bd0d38662909289b54f1"},"headline":"El poder de la obra de publicaciones","datePublished":"2020-05-21T20:00:34+00:00","dateModified":"2020-05-21T23:33:44+00:00","mainEntityOfPage":{"@id":"https:\/\/interamerica.org\/es\/2020\/05\/el-poder-de-la-obra-de-publicaciones\/"},"wordCount":1024,"commentCount":0,"image":{"@id":"https:\/\/interamerica.org\/es\/2020\/05\/el-poder-de-la-obra-de-publicaciones\/#primaryimage"},"thumbnailUrl":"https:\/\/interamerica.org\/wp-content\/uploads\/2020\/05\/kimberly-farmer-luaakcuanvi-unsplash-1280.jpg","articleSection":["Desde la sede","RSS Espa\u00f1ol"],"inLanguage":"es","potentialAction":[{"@type":"CommentAction","name":"Comment","target":["https:\/\/interamerica.org\/es\/2020\/05\/el-poder-de-la-obra-de-publicaciones\/#respond"]}]},{"@type":"WebPage","@id":"https:\/\/interamerica.org\/es\/2020\/05\/el-poder-de-la-obra-de-publicaciones\/","url":"https:\/\/interamerica.org\/es\/2020\/05\/el-poder-de-la-obra-de-publicaciones\/","name":"El poder de la obra de publicaciones - Iglesia Adventista del S\u00e9ptimo D\u00eda - Divisi\u00f3n Interamericana","isPartOf":{"@id":"https:\/\/interamerica.org\/es\/#website"},"primaryImageOfPage":{"@id":"https:\/\/interamerica.org\/es\/2020\/05\/el-poder-de-la-obra-de-publicaciones\/#primaryimage"},"image":{"@id":"https:\/\/interamerica.org\/es\/2020\/05\/el-poder-de-la-obra-de-publicaciones\/#primaryimage"},"thumbnailUrl":"https:\/\/interamerica.org\/wp-content\/uploads\/2020\/05\/kimberly-farmer-luaakcuanvi-unsplash-1280.jpg","datePublished":"2020-05-21T20:00:34+00:00","dateModified":"2020-05-21T23:33:44+00:00","author":{"@id":"https:\/\/interamerica.org\/es\/#\/schema\/person\/29998f2bc2d8bd0d38662909289b54f1"},"breadcrumb":{"@id":"https:\/\/interamerica.org\/es\/2020\/05\/el-poder-de-la-obra-de-publicaciones\/#breadcrumb"},"inLanguage":"es","potentialAction":[{"@type":"ReadAction","target":["https:\/\/interamerica.org\/es\/2020\/05\/el-poder-de-la-obra-de-publicaciones\/"]}]},{"@type":"ImageObject","inLanguage":"es","@id":"https:\/\/interamerica.org\/es\/2020\/05\/el-poder-de-la-obra-de-publicaciones\/#primaryimage","url":"https:\/\/interamerica.org\/wp-content\/uploads\/2020\/05\/kimberly-farmer-luaakcuanvi-unsplash-1280.jpg","contentUrl":"https:\/\/interamerica.org\/wp-content\/uploads\/2020\/05\/kimberly-farmer-luaakcuanvi-unsplash-1280.jpg","width":1280,"height":800,"caption":"[Photo: Kimberly Farmer\/unsplash]"},{"@type":"BreadcrumbList","@id":"https:\/\/interamerica.org\/es\/2020\/05\/el-poder-de-la-obra-de-publicaciones\/#breadcrumb","itemListElement":[{"@type":"ListItem","position":1,"name":"Home","item":"https:\/\/interamerica.org\/es\/"},{"@type":"ListItem","position":2,"name":"El poder de la obra de publicaciones"}]},{"@type":"WebSite","@id":"https:\/\/interamerica.org\/es\/#website","url":"https:\/\/interamerica.org\/es\/","name":"Iglesia Adventista del S\u00e9ptimo D\u00eda - Divisi\u00f3n Interamericana","description":"","potentialAction":[{"@type":"SearchAction","target":{"@type":"EntryPoint","urlTemplate":"https:\/\/interamerica.org\/es\/?s={search_term_string}"},"query-input":{"@type":"PropertyValueSpecification","valueRequired":true,"valueName":"search_term_string"}}],"inLanguage":"es"},{"@type":"Person","@id":"https:\/\/interamerica.org\/es\/#\/schema\/person\/29998f2bc2d8bd0d38662909289b54f1","name":"libna","image":{"@type":"ImageObject","inLanguage":"es","@id":"https:\/\/secure.gravatar.com\/avatar\/7c5bd30ae4b47a9ba3c856590957fd1d96dc588bf3ac05719d247e126840331f?s=96&d=mm&r=g","url":"https:\/\/secure.gravatar.com\/avatar\/7c5bd30ae4b47a9ba3c856590957fd1d96dc588bf3ac05719d247e126840331f?s=96&d=mm&r=g","contentUrl":"https:\/\/secure.gravatar.com\/avatar\/7c5bd30ae4b47a9ba3c856590957fd1d96dc588bf3ac05719d247e126840331f?s=96&d=mm&r=g","caption":"libna"}}]}},"_links":{"self":[{"href":"https:\/\/interamerica.org\/es\/wp-json\/wp\/v2\/posts\/59013","targetHints":{"allow":["GET"]}}],"collection":[{"href":"https:\/\/interamerica.org\/es\/wp-json\/wp\/v2\/posts"}],"about":[{"href":"https:\/\/interamerica.org\/es\/wp-json\/wp\/v2\/types\/post"}],"author":[{"embeddable":true,"href":"https:\/\/interamerica.org\/es\/wp-json\/wp\/v2\/users\/3"}],"replies":[{"embeddable":true,"href":"https:\/\/interamerica.org\/es\/wp-json\/wp\/v2\/comments?post=59013"}],"version-history":[{"count":0,"href":"https:\/\/interamerica.org\/es\/wp-json\/wp\/v2\/posts\/59013\/revisions"}],"wp:featuredmedia":[{"embeddable":true,"href":"https:\/\/interamerica.org\/es\/wp-json\/wp\/v2\/media\/59009"}],"wp:attachment":[{"href":"https:\/\/interamerica.org\/es\/wp-json\/wp\/v2\/media?parent=59013"}],"wp:term":[{"taxonomy":"category","embeddable":true,"href":"https:\/\/interamerica.org\/es\/wp-json\/wp\/v2\/categories?post=59013"},{"taxonomy":"post_tag","embeddable":true,"href":"https:\/\/interamerica.org\/es\/wp-json\/wp\/v2\/tags?post=59013"}],"curies":[{"name":"wp","href":"https:\/\/api.w.org\/{rel}","templated":true}]}}