{"id":59023,"date":"2020-05-20T21:01:34","date_gmt":"2020-05-21T01:01:34","guid":{"rendered":"https:\/\/recursing-golick.147-182-135-0.plesk.page\/?p=59023"},"modified":"2020-05-21T09:42:07","modified_gmt":"2020-05-21T13:42:07","slug":"de-que-manera-la-volalitidad-de-los-mercados-financieros-esta-afectando-a-la-iglesia-adventista","status":"publish","type":"post","link":"https:\/\/interamerica.org\/es\/2020\/05\/de-que-manera-la-volalitidad-de-los-mercados-financieros-esta-afectando-a-la-iglesia-adventista\/","title":{"rendered":"De qu\u00e9 manera la volalitidad de los mercados financieros est\u00e1 afectando a la Iglesia Adventista"},"content":{"rendered":"<p><span class=\"byline-news\">21 de mayo de 2020 | Silver Spring, Maryland, Estados Unidos | Por: Theo Voilquin, para <\/span><em><span class=\"byline-news\">Adventist Review<\/span><\/em><\/p>\n<p><span class=\"cap\">En los tiempos turbulentos que estamos atravesando actualmente, los adventistas del s\u00e9ptimo d\u00eda de todas partes tambi\u00e9n se est\u00e1n preguntando qu\u00e9 impactos est\u00e1n teniendo las crisis de salud y econ\u00f3mica del momento sobre la Iglesia Adventista. \u00bfPuede la iglesia hacer algo para mitigar sus efectos?<\/span><\/p>\n<p>La mayor parte de las naciones del mundo y vastas \u00e1reas de sus econom\u00edas han estado pr\u00e1cticamente cerradas, y no existe un mapa de ruta para volver a la normalidad, aun en lugares en los que con cautela se han implementado una relajaci\u00f3n de las restricciones sociales. Lo que comenz\u00f3 como una ligera inconveniencia pronto se transform\u00f3 en una serie casi interminable de consecuencias que afectan todas las cosas, desde las corporaciones multinacionales hasta las peque\u00f1as empresas, la econom\u00eda no tradicional y, por sobre todas las cosas, a las familias y los individuos. Las noticias abundan con nueva terminolog\u00eda reci\u00e9n acu\u00f1ada por los economistas para describir lo que muchos temen ser\u00e1 una inevitable recesi\u00f3n global.<\/p>\n<p>Hay un aspecto de esta crisis que acaso no viene inmediatamente a la mente cuando los miembros de iglesia piensan en los impactos de este movimiento global: la volatilidad de los mercados financieros. Una parte del dolor econ\u00f3mico que la pandemia est\u00e1 infligiendo sobre la iglesia es la probabilidad de una ca\u00edda sustancial de los diezmos que devuelven los miembros. Aunque todav\u00eda no existen estad\u00edsticas oficiales, a medida que las personas pierden el trabajo, su capacidad de congregarse los s\u00e1bados, o ambas cosas, es razonable proyectar que se produzca una disminuci\u00f3n evidente en los diezmos.<\/p>\n<p>Adem\u00e1s de una disminuci\u00f3n generalizada, la debilitaci\u00f3n extrema de las monedas en las divisiones de la iglesia de las cuales emergen estos diezmos solo agrava el dolor. A manera de ejemplo, el real brasile\u00f1o (la moneda de base de la Divisi\u00f3n Sudamericana) ha perdido el 49 por ciento de su valor desde el comienzo del a\u00f1o. En otras palabras, el monto de diezmos que a\u00fan est\u00e1n ingresando ahora valen casi la mitad (49 por ciento menos) respecto del d\u00f3lar estadounidense, debido a la devaluaci\u00f3n de la moneda. En comparaci\u00f3n, durante el mismo per\u00edodo, el rand sudafricano cay\u00f3 un 38 por ciento; el euro, 5 por ciento; el d\u00f3lar australiano, 21 por ciento; y la libra esterlina, un 13 por ciento.<\/p>\n<p>En este sentido, es importante saber que, hace varios a\u00f1os, la Asociaci\u00f3n General implement\u00f3 un creciente y riguroso programa de administraci\u00f3n de los riesgos monetarios (un programa de cobertura) cuyo prop\u00f3sito era protegerse contra la volatilidad de las monedas. Ese programa es una combinaci\u00f3n de an\u00e1lisis y supervisi\u00f3n de los mercados, implementaci\u00f3n t\u00e1ctica y, honestamente, la providencia divina, dado que ni siquiera el grupo m\u00e1s destacado de acad\u00e9micos puede predecir el futuro (ejemplo de esto es el hecho de que ning\u00fan modelo pudo predecir una pandemia a escala mundial). Este a\u00f1o, el programa sigui\u00f3 su curso natural y, si bien la Asociaci\u00f3n General no logr\u00f3 \u2018borrar\u2019 todos los da\u00f1os causados por la crisis, s\u00ed pudo mitigar parte de ellos.<\/p>\n<p>Reconocemos que esta crisis es mucho m\u00e1s que tan solo d\u00f3lares y centavos (o pesos, o francos ruandeses). Cada d\u00eda se est\u00e1n informando sobre tragedias humanas reales, y la condici\u00f3n financiera de la Iglesia Adventista siempre tiene que ser de importancia secundaria. Podemos, sin embargo, hallar razones de mostrarnos agradecidos por la sabidur\u00eda que Dios nos da para cuidar de los bienes y recursos de la iglesia.<\/p>\n<p>Por \u00faltimo, podemos unirnos a un movimiento de oraci\u00f3n global pidiendo protecci\u00f3n, misericordia por su creaci\u00f3n, y s\u00ed, por la fe de que Dios dar\u00e1 \u201cesplendor en lugar de cenizas\u201d (<a class=\"rtBibleRef\" href=\"https:\/\/biblia.com\/bible\/kjv1900\/Isa%2061.%203\" target=\"_blank\" rel=\"noopener noreferrer\" data-reference=\"Isa 61. 3\" data-version=\"kjv1900\" data-purpose=\"bible-reference\">Isa\u00edas 61: 3<\/a>).<\/p>\n<p><em>Theo Voilquin es gerente de carteras de inversi\u00f3n de la Asociaci\u00f3n General de la Iglesia Adventista del S\u00e9ptimo D\u00eda en Silver Spring, Maryland, Estados Unidos. Ha cumplido funciones similares en las Naciones Unidas y en World Vision International.<\/em><\/p>\n<p>Traducci\u00f3n de Marcos Paseggi<\/p>\n","protected":false},"excerpt":{"rendered":"<p>21 de mayo de 2020 | Silver Spring, Maryland, Estados Unidos | Por: Theo Voilquin, para Adventist Review En los tiempos turbulentos que estamos atravesando actualmente, los adventistas del s\u00e9ptimo&#8230;<\/p>\n","protected":false},"author":3,"featured_media":58979,"comment_status":"open","ping_status":"closed","sticky":false,"template":"","format":"standard","meta":{"_acf_changed":false,"footnotes":""},"categories":[14,15],"tags":[],"class_list":["post-59023","post","type-post","status-publish","format-standard","has-post-thumbnail","hentry","category-de-la-iglesia-mundial","category-rss-espanol"],"acf":[],"yoast_head":"<!-- This site is optimized with the Yoast SEO plugin v27.3 - https:\/\/yoast.com\/product\/yoast-seo-wordpress\/ -->\n<title>De qu\u00e9 manera la volalitidad de los mercados financieros est\u00e1 afectando a la Iglesia Adventista - Iglesia Adventista del S\u00e9ptimo D\u00eda - Divisi\u00f3n Interamericana<\/title>\n<meta name=\"robots\" content=\"index, follow, max-snippet:-1, max-image-preview:large, max-video-preview:-1\" \/>\n<link rel=\"canonical\" href=\"https:\/\/interamerica.org\/es\/2020\/05\/de-que-manera-la-volalitidad-de-los-mercados-financieros-esta-afectando-a-la-iglesia-adventista\/\" \/>\n<meta property=\"og:locale\" content=\"es_ES\" \/>\n<meta property=\"og:type\" content=\"article\" \/>\n<meta property=\"og:title\" content=\"De qu\u00e9 manera la volalitidad de los mercados financieros est\u00e1 afectando a la Iglesia Adventista - Iglesia Adventista del S\u00e9ptimo D\u00eda - Divisi\u00f3n Interamericana\" \/>\n<meta property=\"og:description\" content=\"21 de mayo de 2020 | Silver Spring, Maryland, Estados Unidos | Por: Theo Voilquin, para Adventist Review En los tiempos turbulentos que estamos atravesando actualmente, los adventistas del s\u00e9ptimo...\" \/>\n<meta property=\"og:url\" content=\"https:\/\/interamerica.org\/es\/2020\/05\/de-que-manera-la-volalitidad-de-los-mercados-financieros-esta-afectando-a-la-iglesia-adventista\/\" \/>\n<meta property=\"og:site_name\" content=\"Iglesia Adventista del S\u00e9ptimo D\u00eda - Divisi\u00f3n Interamericana\" \/>\n<meta property=\"article:published_time\" content=\"2020-05-21T01:01:34+00:00\" \/>\n<meta property=\"article:modified_time\" content=\"2020-05-21T13:42:07+00:00\" \/>\n<meta property=\"og:image\" content=\"https:\/\/interamerica.org\/wp-content\/uploads\/2020\/05\/financial-market-m-b-m-zzoa5g8hspi-unsplash.jpg\" \/>\n\t<meta property=\"og:image:width\" content=\"1280\" \/>\n\t<meta property=\"og:image:height\" content=\"800\" \/>\n\t<meta property=\"og:image:type\" content=\"image\/jpeg\" \/>\n<meta name=\"author\" content=\"libna\" \/>\n<meta name=\"twitter:card\" content=\"summary_large_image\" \/>\n<meta name=\"twitter:label1\" content=\"Escrito por\" \/>\n\t<meta name=\"twitter:data1\" content=\"libna\" \/>\n\t<meta name=\"twitter:label2\" content=\"Tiempo de lectura\" \/>\n\t<meta name=\"twitter:data2\" content=\"4 minutos\" \/>\n<script type=\"application\/ld+json\" class=\"yoast-schema-graph\">{\"@context\":\"https:\\\/\\\/schema.org\",\"@graph\":[{\"@type\":\"Article\",\"@id\":\"https:\\\/\\\/interamerica.org\\\/es\\\/2020\\\/05\\\/de-que-manera-la-volalitidad-de-los-mercados-financieros-esta-afectando-a-la-iglesia-adventista\\\/#article\",\"isPartOf\":{\"@id\":\"https:\\\/\\\/interamerica.org\\\/es\\\/2020\\\/05\\\/de-que-manera-la-volalitidad-de-los-mercados-financieros-esta-afectando-a-la-iglesia-adventista\\\/\"},\"author\":{\"name\":\"libna\",\"@id\":\"https:\\\/\\\/interamerica.org\\\/es\\\/#\\\/schema\\\/person\\\/29998f2bc2d8bd0d38662909289b54f1\"},\"headline\":\"De qu\u00e9 manera la volalitidad de los mercados financieros est\u00e1 afectando a la Iglesia Adventista\",\"datePublished\":\"2020-05-21T01:01:34+00:00\",\"dateModified\":\"2020-05-21T13:42:07+00:00\",\"mainEntityOfPage\":{\"@id\":\"https:\\\/\\\/interamerica.org\\\/es\\\/2020\\\/05\\\/de-que-manera-la-volalitidad-de-los-mercados-financieros-esta-afectando-a-la-iglesia-adventista\\\/\"},\"wordCount\":721,\"commentCount\":0,\"image\":{\"@id\":\"https:\\\/\\\/interamerica.org\\\/es\\\/2020\\\/05\\\/de-que-manera-la-volalitidad-de-los-mercados-financieros-esta-afectando-a-la-iglesia-adventista\\\/#primaryimage\"},\"thumbnailUrl\":\"https:\\\/\\\/interamerica.org\\\/wp-content\\\/uploads\\\/2020\\\/05\\\/financial-market-m-b-m-zzoa5g8hspi-unsplash.jpg\",\"articleSection\":[\"Desde la iglesia mundial\",\"RSS Espa\u00f1ol\"],\"inLanguage\":\"es\",\"potentialAction\":[{\"@type\":\"CommentAction\",\"name\":\"Comment\",\"target\":[\"https:\\\/\\\/interamerica.org\\\/es\\\/2020\\\/05\\\/de-que-manera-la-volalitidad-de-los-mercados-financieros-esta-afectando-a-la-iglesia-adventista\\\/#respond\"]}]},{\"@type\":\"WebPage\",\"@id\":\"https:\\\/\\\/interamerica.org\\\/es\\\/2020\\\/05\\\/de-que-manera-la-volalitidad-de-los-mercados-financieros-esta-afectando-a-la-iglesia-adventista\\\/\",\"url\":\"https:\\\/\\\/interamerica.org\\\/es\\\/2020\\\/05\\\/de-que-manera-la-volalitidad-de-los-mercados-financieros-esta-afectando-a-la-iglesia-adventista\\\/\",\"name\":\"De qu\u00e9 manera la volalitidad de los mercados financieros est\u00e1 afectando a la Iglesia Adventista - Iglesia Adventista del S\u00e9ptimo D\u00eda - Divisi\u00f3n Interamericana\",\"isPartOf\":{\"@id\":\"https:\\\/\\\/interamerica.org\\\/es\\\/#website\"},\"primaryImageOfPage\":{\"@id\":\"https:\\\/\\\/interamerica.org\\\/es\\\/2020\\\/05\\\/de-que-manera-la-volalitidad-de-los-mercados-financieros-esta-afectando-a-la-iglesia-adventista\\\/#primaryimage\"},\"image\":{\"@id\":\"https:\\\/\\\/interamerica.org\\\/es\\\/2020\\\/05\\\/de-que-manera-la-volalitidad-de-los-mercados-financieros-esta-afectando-a-la-iglesia-adventista\\\/#primaryimage\"},\"thumbnailUrl\":\"https:\\\/\\\/interamerica.org\\\/wp-content\\\/uploads\\\/2020\\\/05\\\/financial-market-m-b-m-zzoa5g8hspi-unsplash.jpg\",\"datePublished\":\"2020-05-21T01:01:34+00:00\",\"dateModified\":\"2020-05-21T13:42:07+00:00\",\"author\":{\"@id\":\"https:\\\/\\\/interamerica.org\\\/es\\\/#\\\/schema\\\/person\\\/29998f2bc2d8bd0d38662909289b54f1\"},\"breadcrumb\":{\"@id\":\"https:\\\/\\\/interamerica.org\\\/es\\\/2020\\\/05\\\/de-que-manera-la-volalitidad-de-los-mercados-financieros-esta-afectando-a-la-iglesia-adventista\\\/#breadcrumb\"},\"inLanguage\":\"es\",\"potentialAction\":[{\"@type\":\"ReadAction\",\"target\":[\"https:\\\/\\\/interamerica.org\\\/es\\\/2020\\\/05\\\/de-que-manera-la-volalitidad-de-los-mercados-financieros-esta-afectando-a-la-iglesia-adventista\\\/\"]}]},{\"@type\":\"ImageObject\",\"inLanguage\":\"es\",\"@id\":\"https:\\\/\\\/interamerica.org\\\/es\\\/2020\\\/05\\\/de-que-manera-la-volalitidad-de-los-mercados-financieros-esta-afectando-a-la-iglesia-adventista\\\/#primaryimage\",\"url\":\"https:\\\/\\\/interamerica.org\\\/wp-content\\\/uploads\\\/2020\\\/05\\\/financial-market-m-b-m-zzoa5g8hspi-unsplash.jpg\",\"contentUrl\":\"https:\\\/\\\/interamerica.org\\\/wp-content\\\/uploads\\\/2020\\\/05\\\/financial-market-m-b-m-zzoa5g8hspi-unsplash.jpg\",\"width\":1280,\"height\":800,\"caption\":\"[Fotograf\u00eda: unsplash]\"},{\"@type\":\"BreadcrumbList\",\"@id\":\"https:\\\/\\\/interamerica.org\\\/es\\\/2020\\\/05\\\/de-que-manera-la-volalitidad-de-los-mercados-financieros-esta-afectando-a-la-iglesia-adventista\\\/#breadcrumb\",\"itemListElement\":[{\"@type\":\"ListItem\",\"position\":1,\"name\":\"Home\",\"item\":\"https:\\\/\\\/interamerica.org\\\/es\\\/\"},{\"@type\":\"ListItem\",\"position\":2,\"name\":\"De qu\u00e9 manera la volalitidad de los mercados financieros est\u00e1 afectando a la Iglesia Adventista\"}]},{\"@type\":\"WebSite\",\"@id\":\"https:\\\/\\\/interamerica.org\\\/es\\\/#website\",\"url\":\"https:\\\/\\\/interamerica.org\\\/es\\\/\",\"name\":\"Iglesia Adventista del S\u00e9ptimo D\u00eda - Divisi\u00f3n Interamericana\",\"description\":\"\",\"potentialAction\":[{\"@type\":\"SearchAction\",\"target\":{\"@type\":\"EntryPoint\",\"urlTemplate\":\"https:\\\/\\\/interamerica.org\\\/es\\\/?s={search_term_string}\"},\"query-input\":{\"@type\":\"PropertyValueSpecification\",\"valueRequired\":true,\"valueName\":\"search_term_string\"}}],\"inLanguage\":\"es\"},{\"@type\":\"Person\",\"@id\":\"https:\\\/\\\/interamerica.org\\\/es\\\/#\\\/schema\\\/person\\\/29998f2bc2d8bd0d38662909289b54f1\",\"name\":\"libna\",\"image\":{\"@type\":\"ImageObject\",\"inLanguage\":\"es\",\"@id\":\"https:\\\/\\\/secure.gravatar.com\\\/avatar\\\/7c5bd30ae4b47a9ba3c856590957fd1d96dc588bf3ac05719d247e126840331f?s=96&d=mm&r=g\",\"url\":\"https:\\\/\\\/secure.gravatar.com\\\/avatar\\\/7c5bd30ae4b47a9ba3c856590957fd1d96dc588bf3ac05719d247e126840331f?s=96&d=mm&r=g\",\"contentUrl\":\"https:\\\/\\\/secure.gravatar.com\\\/avatar\\\/7c5bd30ae4b47a9ba3c856590957fd1d96dc588bf3ac05719d247e126840331f?s=96&d=mm&r=g\",\"caption\":\"libna\"}}]}<\/script>\n<!-- \/ Yoast SEO plugin. -->","yoast_head_json":{"title":"De qu\u00e9 manera la volalitidad de los mercados financieros est\u00e1 afectando a la Iglesia Adventista - Iglesia Adventista del S\u00e9ptimo D\u00eda - Divisi\u00f3n Interamericana","robots":{"index":"index","follow":"follow","max-snippet":"max-snippet:-1","max-image-preview":"max-image-preview:large","max-video-preview":"max-video-preview:-1"},"canonical":"https:\/\/interamerica.org\/es\/2020\/05\/de-que-manera-la-volalitidad-de-los-mercados-financieros-esta-afectando-a-la-iglesia-adventista\/","og_locale":"es_ES","og_type":"article","og_title":"De qu\u00e9 manera la volalitidad de los mercados financieros est\u00e1 afectando a la Iglesia Adventista - Iglesia Adventista del S\u00e9ptimo D\u00eda - Divisi\u00f3n Interamericana","og_description":"21 de mayo de 2020 | Silver Spring, Maryland, Estados Unidos | Por: Theo Voilquin, para Adventist Review En los tiempos turbulentos que estamos atravesando actualmente, los adventistas del s\u00e9ptimo...","og_url":"https:\/\/interamerica.org\/es\/2020\/05\/de-que-manera-la-volalitidad-de-los-mercados-financieros-esta-afectando-a-la-iglesia-adventista\/","og_site_name":"Iglesia Adventista del S\u00e9ptimo D\u00eda - Divisi\u00f3n Interamericana","article_published_time":"2020-05-21T01:01:34+00:00","article_modified_time":"2020-05-21T13:42:07+00:00","og_image":[{"width":1280,"height":800,"url":"https:\/\/interamerica.org\/wp-content\/uploads\/2020\/05\/financial-market-m-b-m-zzoa5g8hspi-unsplash.jpg","type":"image\/jpeg"}],"author":"libna","twitter_card":"summary_large_image","twitter_misc":{"Escrito por":"libna","Tiempo de lectura":"4 minutos"},"schema":{"@context":"https:\/\/schema.org","@graph":[{"@type":"Article","@id":"https:\/\/interamerica.org\/es\/2020\/05\/de-que-manera-la-volalitidad-de-los-mercados-financieros-esta-afectando-a-la-iglesia-adventista\/#article","isPartOf":{"@id":"https:\/\/interamerica.org\/es\/2020\/05\/de-que-manera-la-volalitidad-de-los-mercados-financieros-esta-afectando-a-la-iglesia-adventista\/"},"author":{"name":"libna","@id":"https:\/\/interamerica.org\/es\/#\/schema\/person\/29998f2bc2d8bd0d38662909289b54f1"},"headline":"De qu\u00e9 manera la volalitidad de los mercados financieros est\u00e1 afectando a la Iglesia Adventista","datePublished":"2020-05-21T01:01:34+00:00","dateModified":"2020-05-21T13:42:07+00:00","mainEntityOfPage":{"@id":"https:\/\/interamerica.org\/es\/2020\/05\/de-que-manera-la-volalitidad-de-los-mercados-financieros-esta-afectando-a-la-iglesia-adventista\/"},"wordCount":721,"commentCount":0,"image":{"@id":"https:\/\/interamerica.org\/es\/2020\/05\/de-que-manera-la-volalitidad-de-los-mercados-financieros-esta-afectando-a-la-iglesia-adventista\/#primaryimage"},"thumbnailUrl":"https:\/\/interamerica.org\/wp-content\/uploads\/2020\/05\/financial-market-m-b-m-zzoa5g8hspi-unsplash.jpg","articleSection":["Desde la iglesia mundial","RSS Espa\u00f1ol"],"inLanguage":"es","potentialAction":[{"@type":"CommentAction","name":"Comment","target":["https:\/\/interamerica.org\/es\/2020\/05\/de-que-manera-la-volalitidad-de-los-mercados-financieros-esta-afectando-a-la-iglesia-adventista\/#respond"]}]},{"@type":"WebPage","@id":"https:\/\/interamerica.org\/es\/2020\/05\/de-que-manera-la-volalitidad-de-los-mercados-financieros-esta-afectando-a-la-iglesia-adventista\/","url":"https:\/\/interamerica.org\/es\/2020\/05\/de-que-manera-la-volalitidad-de-los-mercados-financieros-esta-afectando-a-la-iglesia-adventista\/","name":"De qu\u00e9 manera la volalitidad de los mercados financieros est\u00e1 afectando a la Iglesia Adventista - Iglesia Adventista del S\u00e9ptimo D\u00eda - Divisi\u00f3n Interamericana","isPartOf":{"@id":"https:\/\/interamerica.org\/es\/#website"},"primaryImageOfPage":{"@id":"https:\/\/interamerica.org\/es\/2020\/05\/de-que-manera-la-volalitidad-de-los-mercados-financieros-esta-afectando-a-la-iglesia-adventista\/#primaryimage"},"image":{"@id":"https:\/\/interamerica.org\/es\/2020\/05\/de-que-manera-la-volalitidad-de-los-mercados-financieros-esta-afectando-a-la-iglesia-adventista\/#primaryimage"},"thumbnailUrl":"https:\/\/interamerica.org\/wp-content\/uploads\/2020\/05\/financial-market-m-b-m-zzoa5g8hspi-unsplash.jpg","datePublished":"2020-05-21T01:01:34+00:00","dateModified":"2020-05-21T13:42:07+00:00","author":{"@id":"https:\/\/interamerica.org\/es\/#\/schema\/person\/29998f2bc2d8bd0d38662909289b54f1"},"breadcrumb":{"@id":"https:\/\/interamerica.org\/es\/2020\/05\/de-que-manera-la-volalitidad-de-los-mercados-financieros-esta-afectando-a-la-iglesia-adventista\/#breadcrumb"},"inLanguage":"es","potentialAction":[{"@type":"ReadAction","target":["https:\/\/interamerica.org\/es\/2020\/05\/de-que-manera-la-volalitidad-de-los-mercados-financieros-esta-afectando-a-la-iglesia-adventista\/"]}]},{"@type":"ImageObject","inLanguage":"es","@id":"https:\/\/interamerica.org\/es\/2020\/05\/de-que-manera-la-volalitidad-de-los-mercados-financieros-esta-afectando-a-la-iglesia-adventista\/#primaryimage","url":"https:\/\/interamerica.org\/wp-content\/uploads\/2020\/05\/financial-market-m-b-m-zzoa5g8hspi-unsplash.jpg","contentUrl":"https:\/\/interamerica.org\/wp-content\/uploads\/2020\/05\/financial-market-m-b-m-zzoa5g8hspi-unsplash.jpg","width":1280,"height":800,"caption":"[Fotograf\u00eda: unsplash]"},{"@type":"BreadcrumbList","@id":"https:\/\/interamerica.org\/es\/2020\/05\/de-que-manera-la-volalitidad-de-los-mercados-financieros-esta-afectando-a-la-iglesia-adventista\/#breadcrumb","itemListElement":[{"@type":"ListItem","position":1,"name":"Home","item":"https:\/\/interamerica.org\/es\/"},{"@type":"ListItem","position":2,"name":"De qu\u00e9 manera la volalitidad de los mercados financieros est\u00e1 afectando a la Iglesia Adventista"}]},{"@type":"WebSite","@id":"https:\/\/interamerica.org\/es\/#website","url":"https:\/\/interamerica.org\/es\/","name":"Iglesia Adventista del S\u00e9ptimo D\u00eda - Divisi\u00f3n Interamericana","description":"","potentialAction":[{"@type":"SearchAction","target":{"@type":"EntryPoint","urlTemplate":"https:\/\/interamerica.org\/es\/?s={search_term_string}"},"query-input":{"@type":"PropertyValueSpecification","valueRequired":true,"valueName":"search_term_string"}}],"inLanguage":"es"},{"@type":"Person","@id":"https:\/\/interamerica.org\/es\/#\/schema\/person\/29998f2bc2d8bd0d38662909289b54f1","name":"libna","image":{"@type":"ImageObject","inLanguage":"es","@id":"https:\/\/secure.gravatar.com\/avatar\/7c5bd30ae4b47a9ba3c856590957fd1d96dc588bf3ac05719d247e126840331f?s=96&d=mm&r=g","url":"https:\/\/secure.gravatar.com\/avatar\/7c5bd30ae4b47a9ba3c856590957fd1d96dc588bf3ac05719d247e126840331f?s=96&d=mm&r=g","contentUrl":"https:\/\/secure.gravatar.com\/avatar\/7c5bd30ae4b47a9ba3c856590957fd1d96dc588bf3ac05719d247e126840331f?s=96&d=mm&r=g","caption":"libna"}}]}},"_links":{"self":[{"href":"https:\/\/interamerica.org\/es\/wp-json\/wp\/v2\/posts\/59023","targetHints":{"allow":["GET"]}}],"collection":[{"href":"https:\/\/interamerica.org\/es\/wp-json\/wp\/v2\/posts"}],"about":[{"href":"https:\/\/interamerica.org\/es\/wp-json\/wp\/v2\/types\/post"}],"author":[{"embeddable":true,"href":"https:\/\/interamerica.org\/es\/wp-json\/wp\/v2\/users\/3"}],"replies":[{"embeddable":true,"href":"https:\/\/interamerica.org\/es\/wp-json\/wp\/v2\/comments?post=59023"}],"version-history":[{"count":0,"href":"https:\/\/interamerica.org\/es\/wp-json\/wp\/v2\/posts\/59023\/revisions"}],"wp:featuredmedia":[{"embeddable":true,"href":"https:\/\/interamerica.org\/es\/wp-json\/wp\/v2\/media\/58979"}],"wp:attachment":[{"href":"https:\/\/interamerica.org\/es\/wp-json\/wp\/v2\/media?parent=59023"}],"wp:term":[{"taxonomy":"category","embeddable":true,"href":"https:\/\/interamerica.org\/es\/wp-json\/wp\/v2\/categories?post=59023"},{"taxonomy":"post_tag","embeddable":true,"href":"https:\/\/interamerica.org\/es\/wp-json\/wp\/v2\/tags?post=59023"}],"curies":[{"name":"wp","href":"https:\/\/api.w.org\/{rel}","templated":true}]}}