{"id":59158,"date":"2020-05-27T08:20:11","date_gmt":"2020-05-27T12:20:11","guid":{"rendered":"https:\/\/recursing-golick.147-182-135-0.plesk.page\/?p=59158"},"modified":"2020-05-27T12:18:00","modified_gmt":"2020-05-27T16:18:00","slug":"abriendo-los-ojos","status":"publish","type":"post","link":"https:\/\/interamerica.org\/es\/2020\/05\/abriendo-los-ojos\/","title":{"rendered":"Abriendo los ojos"},"content":{"rendered":"<p>27 de mayo 2020 | Miami, Florida, Estados Unidos | Por Abel M\u00e1rquez, Divisi\u00f3n Interamericana<\/p>\n<p>Una soluci\u00f3n al problema de la gran crisis global generada por la pandemia de Covid-19, ser\u00eda que nuestros ojos fueran capaces de ver al virus. El hecho de cerrar fronteras y comercios no esenciales, cancelar eventos, encerrarnos en casa y muchas otras restricciones, se ha impuesto precisamente porque no sabemos d\u00f3nde est\u00e1 el virus y por lo tanto no tenemos forma de atacarlo.<\/p>\n<p>Imagina que sales de tu casa y mientras conduces por la calle ves de pronto una nube de coronavirus enfrente de ti. Los transe\u00fantes corren de un lado a otro tratando de no contaminarse, otros se sacuden la ropa y casi de inmediato llega la polic\u00eda para acordonar el lugar, mientras una cuadrilla especializada con trajes de protecci\u00f3n, roc\u00edan el lugar con qu\u00edmicos desinfectantes que destruyen de inmediato al temido virus. Gracias a que pudiste ver el peligro, cambias de calle, te desv\u00edas de tu ruta y te libras del riesgo potencial. Imaginando un mal escenario, podr\u00edas tal vez cancelar la cita a la que ibas, no llegar a la escuela, a la iglesia, perder tu vuelo o hasta una reuni\u00f3n o negocio importante; pero gracias a la capacidad de ver el virus, la crisis no ser\u00eda de la magnitud presente.<\/p>\n<p>Durante los primeros meses de este a\u00f1o, una vez que se sab\u00eda ya del brote del nuevo virus, algunos pa\u00edses de Asia implementaron medidas para poder evitar una crisis mayor; entre ellas, el desarrollo de aplicaciones m\u00f3viles de geolocalizaci\u00f3n, con las que el gobierno identifica cada caso para darle seguimiento personalizado, logrando aislar a una persona, a una familia o quiz\u00e1 hasta un vecindario si es necesario, pero no a todo el pa\u00eds. Esto, gracias a la posibilidad de detectar el virus, saber d\u00f3nde est\u00e1 y c\u00f3mo atacarlo.<\/p>\n<p>Pensar en el futuro inmediato despu\u00e9s de una par\u00e1lisis de la econom\u00eda por el confinamiento, lejos de actividades sociales, deportivas y de entretenimiento, entre otras, nos enfrenta a escenarios inciertos: Las universidades que ya anunciaron que no abrir\u00e1n sus planteles hasta enero del 2021, quiz\u00e1 ya trabajan en planes de renovaci\u00f3n y replanteamiento de sus estructuras y estrategias. Las aerol\u00edneas que tienen cientos de aviones estacionados por la cancelaci\u00f3n de vuelos comerciales, probablemente ya buscan c\u00f3mo fusionarse con otras para no desaparecer. Se escucha ya del redise\u00f1o de ambientes urbanos y arquitect\u00f3nicos, con parques p\u00fablicos de capacidad limitada, de oficinas que cambiar\u00e1n su configuraci\u00f3n a ambientes de mayor distanciamiento f\u00edsico y de empresas que incluso adoptar\u00e1n de manera m\u00e1s permanente la modalidad de trabajo desde casa. Podemos imaginar tambi\u00e9n las consultas m\u00e9dicas por videoconferencia y los centros de culto con restricciones de alabanza o incluso con la limitante de no poder decir am\u00e9n en voz alta, pero todas esas son especulaciones y predicciones que pueden ser, tan reales o imaginarias, como lo dicte el tiempo y por supuesto el avance en la erradicaci\u00f3n del virus.<\/p>\n<p>El cap\u00edtulo 6 de 2 Reyes, en la Biblia, narra la historia de la guerra que los sirios ten\u00edan librada contra el pueblo de Israel y, a pesar de que los buscaban por todas partes, no pod\u00edan encontrarlos porque precisamente no sab\u00edan hacia d\u00f3nde mov\u00edan sus campamentos. Por otro lado, los Israelitas contaban con una especie de GPS, pues un var\u00f3n de Dios los guiaba de un lado a otro, gracias a que el Se\u00f1or conoc\u00eda la ubicaci\u00f3n de los enemigos y por ello los hac\u00eda desviarse del camino y estar a salvo. Aunque los israelitas no precisamente ve\u00edan con sus ojos al ej\u00e9rcito sirio, pod\u00edan esquivar el peligro gracias a la orientaci\u00f3n divina.<\/p>\n<p>Cuando finalmente alguien revel\u00f3 al rey de Siria que la clave era encontrar al profeta Eliseo, quien era el que ayudaba con las advertencias de geolocalizaci\u00f3n, fueron a buscarlo y sitiaron el lugar donde se encontraba. En el momento que el asistente del profeta se dio cuenta que estaban rodeados, se llen\u00f3 de miedo, pues era una tropa grande, armada, amenazante y no hab\u00eda por d\u00f3nde huir. Pero el profeta con toda tranquilidad or\u00f3 y pidi\u00f3 a Jehov\u00e1 que abriera los ojos de su ayudante para que pudiera ver otra realidad, que no se limitara a pensar en los m\u00e9todos tradicionales, sino en que el Se\u00f1or le revelara una nueva realidad. Por otra parte, el profeta tambi\u00e9n pidi\u00f3 a Dios que cegara la vista de los soldados enemigos. Esa ceguedad cambi\u00f3 completamente el panorama, pues al no poder ver, fueron desviados por el mismo Eliseo y nunca m\u00e1s volvieron a hacer guerra contra la tierra de Israel.<\/p>\n<p>La posibilidad de ver al virus nos ayudar\u00eda a atacarlo y evitarlo, pero la imposibilidad de ver el futuro inmediato nos puede llenar de p\u00e1nico y peor a\u00fan, de no enfrentarlo de manera prudente. Pensar que pronto volveremos a la normalidad que conocemos puede ser una comodidad para ya no cambiar nuestros modelos, nuestras estructuras, costumbres y m\u00e9todos.<\/p>\n<p>La soluci\u00f3n para sobrevivir al futuro es pedir a Dios que abra nuestros ojos, para que podamos ver cu\u00e1l es la voluntad de \u00e9l para nosotros.<\/p>\n<p><em>Abel M\u00e1rquez es director de comunicaci\u00f3n de la Divisi\u00f3n Interamericana de los Adventistas de S\u00e9ptimo D\u00eda. <\/em><\/p>\n","protected":false},"excerpt":{"rendered":"<p>27 de mayo 2020 | Miami, Florida, Estados Unidos | Por Abel M\u00e1rquez, Divisi\u00f3n Interamericana Una soluci\u00f3n al problema de la gran crisis global generada por la pandemia de Covid-19,&#8230;<\/p>\n","protected":false},"author":3,"featured_media":59155,"comment_status":"open","ping_status":"closed","sticky":false,"template":"","format":"standard","meta":{"_acf_changed":false,"footnotes":""},"categories":[16,15],"tags":[],"class_list":["post-59158","post","type-post","status-publish","format-standard","has-post-thumbnail","hentry","category-desde-la-sede","category-rss-espanol"],"acf":[],"yoast_head":"<!-- This site is optimized with the Yoast SEO plugin v27.3 - https:\/\/yoast.com\/product\/yoast-seo-wordpress\/ -->\n<title>Abriendo los ojos - Iglesia Adventista del S\u00e9ptimo D\u00eda - Divisi\u00f3n Interamericana<\/title>\n<meta name=\"robots\" content=\"index, follow, max-snippet:-1, max-image-preview:large, max-video-preview:-1\" \/>\n<link rel=\"canonical\" href=\"https:\/\/interamerica.org\/es\/2020\/05\/abriendo-los-ojos\/\" \/>\n<meta property=\"og:locale\" content=\"es_ES\" \/>\n<meta property=\"og:type\" content=\"article\" \/>\n<meta property=\"og:title\" content=\"Abriendo los ojos - Iglesia Adventista del S\u00e9ptimo D\u00eda - Divisi\u00f3n Interamericana\" \/>\n<meta property=\"og:description\" content=\"27 de mayo 2020 | Miami, Florida, Estados Unidos | Por Abel M\u00e1rquez, Divisi\u00f3n Interamericana Una soluci\u00f3n al problema de la gran crisis global generada por la pandemia de Covid-19,...\" \/>\n<meta property=\"og:url\" content=\"https:\/\/interamerica.org\/es\/2020\/05\/abriendo-los-ojos\/\" \/>\n<meta property=\"og:site_name\" content=\"Iglesia Adventista del S\u00e9ptimo D\u00eda - Divisi\u00f3n Interamericana\" \/>\n<meta property=\"article:published_time\" content=\"2020-05-27T12:20:11+00:00\" \/>\n<meta property=\"article:modified_time\" content=\"2020-05-27T16:18:00+00:00\" \/>\n<meta property=\"og:image\" content=\"https:\/\/interamerica.org\/wp-content\/uploads\/2020\/05\/eyes-open-oscar-keys-amprunrb6n0-unsplash.jpg\" \/>\n\t<meta property=\"og:image:width\" content=\"1280\" \/>\n\t<meta property=\"og:image:height\" content=\"800\" \/>\n\t<meta property=\"og:image:type\" content=\"image\/jpeg\" \/>\n<meta name=\"author\" content=\"libna\" \/>\n<meta name=\"twitter:card\" content=\"summary_large_image\" \/>\n<meta name=\"twitter:label1\" content=\"Escrito por\" \/>\n\t<meta name=\"twitter:data1\" content=\"libna\" \/>\n\t<meta name=\"twitter:label2\" content=\"Tiempo de lectura\" \/>\n\t<meta name=\"twitter:data2\" content=\"5 minutos\" \/>\n<script type=\"application\/ld+json\" class=\"yoast-schema-graph\">{\"@context\":\"https:\\\/\\\/schema.org\",\"@graph\":[{\"@type\":\"Article\",\"@id\":\"https:\\\/\\\/interamerica.org\\\/es\\\/2020\\\/05\\\/abriendo-los-ojos\\\/#article\",\"isPartOf\":{\"@id\":\"https:\\\/\\\/interamerica.org\\\/es\\\/2020\\\/05\\\/abriendo-los-ojos\\\/\"},\"author\":{\"name\":\"libna\",\"@id\":\"https:\\\/\\\/interamerica.org\\\/es\\\/#\\\/schema\\\/person\\\/29998f2bc2d8bd0d38662909289b54f1\"},\"headline\":\"Abriendo los ojos\",\"datePublished\":\"2020-05-27T12:20:11+00:00\",\"dateModified\":\"2020-05-27T16:18:00+00:00\",\"mainEntityOfPage\":{\"@id\":\"https:\\\/\\\/interamerica.org\\\/es\\\/2020\\\/05\\\/abriendo-los-ojos\\\/\"},\"wordCount\":934,\"commentCount\":0,\"image\":{\"@id\":\"https:\\\/\\\/interamerica.org\\\/es\\\/2020\\\/05\\\/abriendo-los-ojos\\\/#primaryimage\"},\"thumbnailUrl\":\"https:\\\/\\\/interamerica.org\\\/wp-content\\\/uploads\\\/2020\\\/05\\\/eyes-open-oscar-keys-amprunrb6n0-unsplash.jpg\",\"articleSection\":[\"Desde la sede\",\"RSS Espa\u00f1ol\"],\"inLanguage\":\"es\",\"potentialAction\":[{\"@type\":\"CommentAction\",\"name\":\"Comment\",\"target\":[\"https:\\\/\\\/interamerica.org\\\/es\\\/2020\\\/05\\\/abriendo-los-ojos\\\/#respond\"]}]},{\"@type\":\"WebPage\",\"@id\":\"https:\\\/\\\/interamerica.org\\\/es\\\/2020\\\/05\\\/abriendo-los-ojos\\\/\",\"url\":\"https:\\\/\\\/interamerica.org\\\/es\\\/2020\\\/05\\\/abriendo-los-ojos\\\/\",\"name\":\"Abriendo los ojos - Iglesia Adventista del S\u00e9ptimo D\u00eda - Divisi\u00f3n Interamericana\",\"isPartOf\":{\"@id\":\"https:\\\/\\\/interamerica.org\\\/es\\\/#website\"},\"primaryImageOfPage\":{\"@id\":\"https:\\\/\\\/interamerica.org\\\/es\\\/2020\\\/05\\\/abriendo-los-ojos\\\/#primaryimage\"},\"image\":{\"@id\":\"https:\\\/\\\/interamerica.org\\\/es\\\/2020\\\/05\\\/abriendo-los-ojos\\\/#primaryimage\"},\"thumbnailUrl\":\"https:\\\/\\\/interamerica.org\\\/wp-content\\\/uploads\\\/2020\\\/05\\\/eyes-open-oscar-keys-amprunrb6n0-unsplash.jpg\",\"datePublished\":\"2020-05-27T12:20:11+00:00\",\"dateModified\":\"2020-05-27T16:18:00+00:00\",\"author\":{\"@id\":\"https:\\\/\\\/interamerica.org\\\/es\\\/#\\\/schema\\\/person\\\/29998f2bc2d8bd0d38662909289b54f1\"},\"breadcrumb\":{\"@id\":\"https:\\\/\\\/interamerica.org\\\/es\\\/2020\\\/05\\\/abriendo-los-ojos\\\/#breadcrumb\"},\"inLanguage\":\"es\",\"potentialAction\":[{\"@type\":\"ReadAction\",\"target\":[\"https:\\\/\\\/interamerica.org\\\/es\\\/2020\\\/05\\\/abriendo-los-ojos\\\/\"]}]},{\"@type\":\"ImageObject\",\"inLanguage\":\"es\",\"@id\":\"https:\\\/\\\/interamerica.org\\\/es\\\/2020\\\/05\\\/abriendo-los-ojos\\\/#primaryimage\",\"url\":\"https:\\\/\\\/interamerica.org\\\/wp-content\\\/uploads\\\/2020\\\/05\\\/eyes-open-oscar-keys-amprunrb6n0-unsplash.jpg\",\"contentUrl\":\"https:\\\/\\\/interamerica.org\\\/wp-content\\\/uploads\\\/2020\\\/05\\\/eyes-open-oscar-keys-amprunrb6n0-unsplash.jpg\",\"width\":1280,\"height\":800,\"caption\":\"[Photo: Oscar Keys\\\/unsplash]\"},{\"@type\":\"BreadcrumbList\",\"@id\":\"https:\\\/\\\/interamerica.org\\\/es\\\/2020\\\/05\\\/abriendo-los-ojos\\\/#breadcrumb\",\"itemListElement\":[{\"@type\":\"ListItem\",\"position\":1,\"name\":\"Home\",\"item\":\"https:\\\/\\\/interamerica.org\\\/es\\\/\"},{\"@type\":\"ListItem\",\"position\":2,\"name\":\"Abriendo los ojos\"}]},{\"@type\":\"WebSite\",\"@id\":\"https:\\\/\\\/interamerica.org\\\/es\\\/#website\",\"url\":\"https:\\\/\\\/interamerica.org\\\/es\\\/\",\"name\":\"Iglesia Adventista del S\u00e9ptimo D\u00eda - Divisi\u00f3n Interamericana\",\"description\":\"\",\"potentialAction\":[{\"@type\":\"SearchAction\",\"target\":{\"@type\":\"EntryPoint\",\"urlTemplate\":\"https:\\\/\\\/interamerica.org\\\/es\\\/?s={search_term_string}\"},\"query-input\":{\"@type\":\"PropertyValueSpecification\",\"valueRequired\":true,\"valueName\":\"search_term_string\"}}],\"inLanguage\":\"es\"},{\"@type\":\"Person\",\"@id\":\"https:\\\/\\\/interamerica.org\\\/es\\\/#\\\/schema\\\/person\\\/29998f2bc2d8bd0d38662909289b54f1\",\"name\":\"libna\",\"image\":{\"@type\":\"ImageObject\",\"inLanguage\":\"es\",\"@id\":\"https:\\\/\\\/secure.gravatar.com\\\/avatar\\\/7c5bd30ae4b47a9ba3c856590957fd1d96dc588bf3ac05719d247e126840331f?s=96&d=mm&r=g\",\"url\":\"https:\\\/\\\/secure.gravatar.com\\\/avatar\\\/7c5bd30ae4b47a9ba3c856590957fd1d96dc588bf3ac05719d247e126840331f?s=96&d=mm&r=g\",\"contentUrl\":\"https:\\\/\\\/secure.gravatar.com\\\/avatar\\\/7c5bd30ae4b47a9ba3c856590957fd1d96dc588bf3ac05719d247e126840331f?s=96&d=mm&r=g\",\"caption\":\"libna\"}}]}<\/script>\n<!-- \/ Yoast SEO plugin. -->","yoast_head_json":{"title":"Abriendo los ojos - Iglesia Adventista del S\u00e9ptimo D\u00eda - Divisi\u00f3n Interamericana","robots":{"index":"index","follow":"follow","max-snippet":"max-snippet:-1","max-image-preview":"max-image-preview:large","max-video-preview":"max-video-preview:-1"},"canonical":"https:\/\/interamerica.org\/es\/2020\/05\/abriendo-los-ojos\/","og_locale":"es_ES","og_type":"article","og_title":"Abriendo los ojos - Iglesia Adventista del S\u00e9ptimo D\u00eda - Divisi\u00f3n Interamericana","og_description":"27 de mayo 2020 | Miami, Florida, Estados Unidos | Por Abel M\u00e1rquez, Divisi\u00f3n Interamericana Una soluci\u00f3n al problema de la gran crisis global generada por la pandemia de Covid-19,...","og_url":"https:\/\/interamerica.org\/es\/2020\/05\/abriendo-los-ojos\/","og_site_name":"Iglesia Adventista del S\u00e9ptimo D\u00eda - Divisi\u00f3n Interamericana","article_published_time":"2020-05-27T12:20:11+00:00","article_modified_time":"2020-05-27T16:18:00+00:00","og_image":[{"width":1280,"height":800,"url":"https:\/\/interamerica.org\/wp-content\/uploads\/2020\/05\/eyes-open-oscar-keys-amprunrb6n0-unsplash.jpg","type":"image\/jpeg"}],"author":"libna","twitter_card":"summary_large_image","twitter_misc":{"Escrito por":"libna","Tiempo de lectura":"5 minutos"},"schema":{"@context":"https:\/\/schema.org","@graph":[{"@type":"Article","@id":"https:\/\/interamerica.org\/es\/2020\/05\/abriendo-los-ojos\/#article","isPartOf":{"@id":"https:\/\/interamerica.org\/es\/2020\/05\/abriendo-los-ojos\/"},"author":{"name":"libna","@id":"https:\/\/interamerica.org\/es\/#\/schema\/person\/29998f2bc2d8bd0d38662909289b54f1"},"headline":"Abriendo los ojos","datePublished":"2020-05-27T12:20:11+00:00","dateModified":"2020-05-27T16:18:00+00:00","mainEntityOfPage":{"@id":"https:\/\/interamerica.org\/es\/2020\/05\/abriendo-los-ojos\/"},"wordCount":934,"commentCount":0,"image":{"@id":"https:\/\/interamerica.org\/es\/2020\/05\/abriendo-los-ojos\/#primaryimage"},"thumbnailUrl":"https:\/\/interamerica.org\/wp-content\/uploads\/2020\/05\/eyes-open-oscar-keys-amprunrb6n0-unsplash.jpg","articleSection":["Desde la sede","RSS Espa\u00f1ol"],"inLanguage":"es","potentialAction":[{"@type":"CommentAction","name":"Comment","target":["https:\/\/interamerica.org\/es\/2020\/05\/abriendo-los-ojos\/#respond"]}]},{"@type":"WebPage","@id":"https:\/\/interamerica.org\/es\/2020\/05\/abriendo-los-ojos\/","url":"https:\/\/interamerica.org\/es\/2020\/05\/abriendo-los-ojos\/","name":"Abriendo los ojos - Iglesia Adventista del S\u00e9ptimo D\u00eda - Divisi\u00f3n Interamericana","isPartOf":{"@id":"https:\/\/interamerica.org\/es\/#website"},"primaryImageOfPage":{"@id":"https:\/\/interamerica.org\/es\/2020\/05\/abriendo-los-ojos\/#primaryimage"},"image":{"@id":"https:\/\/interamerica.org\/es\/2020\/05\/abriendo-los-ojos\/#primaryimage"},"thumbnailUrl":"https:\/\/interamerica.org\/wp-content\/uploads\/2020\/05\/eyes-open-oscar-keys-amprunrb6n0-unsplash.jpg","datePublished":"2020-05-27T12:20:11+00:00","dateModified":"2020-05-27T16:18:00+00:00","author":{"@id":"https:\/\/interamerica.org\/es\/#\/schema\/person\/29998f2bc2d8bd0d38662909289b54f1"},"breadcrumb":{"@id":"https:\/\/interamerica.org\/es\/2020\/05\/abriendo-los-ojos\/#breadcrumb"},"inLanguage":"es","potentialAction":[{"@type":"ReadAction","target":["https:\/\/interamerica.org\/es\/2020\/05\/abriendo-los-ojos\/"]}]},{"@type":"ImageObject","inLanguage":"es","@id":"https:\/\/interamerica.org\/es\/2020\/05\/abriendo-los-ojos\/#primaryimage","url":"https:\/\/interamerica.org\/wp-content\/uploads\/2020\/05\/eyes-open-oscar-keys-amprunrb6n0-unsplash.jpg","contentUrl":"https:\/\/interamerica.org\/wp-content\/uploads\/2020\/05\/eyes-open-oscar-keys-amprunrb6n0-unsplash.jpg","width":1280,"height":800,"caption":"[Photo: Oscar Keys\/unsplash]"},{"@type":"BreadcrumbList","@id":"https:\/\/interamerica.org\/es\/2020\/05\/abriendo-los-ojos\/#breadcrumb","itemListElement":[{"@type":"ListItem","position":1,"name":"Home","item":"https:\/\/interamerica.org\/es\/"},{"@type":"ListItem","position":2,"name":"Abriendo los ojos"}]},{"@type":"WebSite","@id":"https:\/\/interamerica.org\/es\/#website","url":"https:\/\/interamerica.org\/es\/","name":"Iglesia Adventista del S\u00e9ptimo D\u00eda - Divisi\u00f3n Interamericana","description":"","potentialAction":[{"@type":"SearchAction","target":{"@type":"EntryPoint","urlTemplate":"https:\/\/interamerica.org\/es\/?s={search_term_string}"},"query-input":{"@type":"PropertyValueSpecification","valueRequired":true,"valueName":"search_term_string"}}],"inLanguage":"es"},{"@type":"Person","@id":"https:\/\/interamerica.org\/es\/#\/schema\/person\/29998f2bc2d8bd0d38662909289b54f1","name":"libna","image":{"@type":"ImageObject","inLanguage":"es","@id":"https:\/\/secure.gravatar.com\/avatar\/7c5bd30ae4b47a9ba3c856590957fd1d96dc588bf3ac05719d247e126840331f?s=96&d=mm&r=g","url":"https:\/\/secure.gravatar.com\/avatar\/7c5bd30ae4b47a9ba3c856590957fd1d96dc588bf3ac05719d247e126840331f?s=96&d=mm&r=g","contentUrl":"https:\/\/secure.gravatar.com\/avatar\/7c5bd30ae4b47a9ba3c856590957fd1d96dc588bf3ac05719d247e126840331f?s=96&d=mm&r=g","caption":"libna"}}]}},"_links":{"self":[{"href":"https:\/\/interamerica.org\/es\/wp-json\/wp\/v2\/posts\/59158","targetHints":{"allow":["GET"]}}],"collection":[{"href":"https:\/\/interamerica.org\/es\/wp-json\/wp\/v2\/posts"}],"about":[{"href":"https:\/\/interamerica.org\/es\/wp-json\/wp\/v2\/types\/post"}],"author":[{"embeddable":true,"href":"https:\/\/interamerica.org\/es\/wp-json\/wp\/v2\/users\/3"}],"replies":[{"embeddable":true,"href":"https:\/\/interamerica.org\/es\/wp-json\/wp\/v2\/comments?post=59158"}],"version-history":[{"count":0,"href":"https:\/\/interamerica.org\/es\/wp-json\/wp\/v2\/posts\/59158\/revisions"}],"wp:featuredmedia":[{"embeddable":true,"href":"https:\/\/interamerica.org\/es\/wp-json\/wp\/v2\/media\/59155"}],"wp:attachment":[{"href":"https:\/\/interamerica.org\/es\/wp-json\/wp\/v2\/media?parent=59158"}],"wp:term":[{"taxonomy":"category","embeddable":true,"href":"https:\/\/interamerica.org\/es\/wp-json\/wp\/v2\/categories?post=59158"},{"taxonomy":"post_tag","embeddable":true,"href":"https:\/\/interamerica.org\/es\/wp-json\/wp\/v2\/tags?post=59158"}],"curies":[{"name":"wp","href":"https:\/\/api.w.org\/{rel}","templated":true}]}}