{"id":59277,"date":"2020-05-28T20:16:49","date_gmt":"2020-05-29T00:16:49","guid":{"rendered":"https:\/\/recursing-golick.147-182-135-0.plesk.page\/?p=59277"},"modified":"2020-05-29T08:32:45","modified_gmt":"2020-05-29T12:32:45","slug":"en-colombia-adventistas-donan-un-dia-de-su-salario-para-ayudar-a-familias-necesitadas","status":"publish","type":"post","link":"https:\/\/interamerica.org\/es\/2020\/05\/en-colombia-adventistas-donan-un-dia-de-su-salario-para-ayudar-a-familias-necesitadas\/","title":{"rendered":"En Colombia, adventistas donan un d\u00eda de su salario para ayudar a familias necesitadas"},"content":{"rendered":"<p><div id=\"attachment_59244\" style=\"width: 811px\" class=\"wp-caption aligncenter\"><img fetchpriority=\"high\" decoding=\"async\" aria-describedby=\"caption-attachment-59244\" class=\" wp-image-59242\" src=\"https:\/\/recursing-golick.147-182-135-0.plesk.page\/wp-content\/uploads\/2020\/05\/nocu-donation-fromsalary.jpg\" alt=\"\" width=\"801\" height=\"601\" srcset=\"https:\/\/interamerica.org\/wp-content\/uploads\/2020\/05\/nocu-donation-fromsalary.jpg 950w, https:\/\/interamerica.org\/wp-content\/uploads\/2020\/05\/nocu-donation-fromsalary-300x225.jpg 300w, https:\/\/interamerica.org\/wp-content\/uploads\/2020\/05\/nocu-donation-fromsalary-768x576.jpg 768w\" sizes=\"(max-width: 801px) 100vw, 801px\" \/><p id=\"caption-attachment-59244\" class=\"wp-caption-text\">Voluntarios de ADRA Colombia distribuyen bolsas de alimentos a una familia necesitada de Colombia el mes pasado, gracias a empleados adventistas que donaron un d\u00eda de su salario para ayudarlos. Cientos de familias de ese pa\u00eds sudamericano se han visto afectadas por la crisis que provoc\u00f3 la pandemia y est\u00e1n luchando para cubrir las necesidades b\u00e1sicas de sus familias. [Fotograf\u00eda: ADRA Colombia]<\/p><\/div>28 de mayo de 2020 | Medell\u00edn, Colombia | Daniela Arrieta\/Noticias de la DIA<\/p>\n<p>Cientos de empleados adventistas de toda la iglesia en Colombia donaron hace poco un d\u00eda de su salario para ayudar a las familias vulnerables afectadas por la interrupci\u00f3n de sus empleos durante la crisis provocada por el coronavirus. Se hizo un llamado para que los empleados participaran voluntariamente en lo que la Agencia Adventista de Desarrollo y Recursos Asistenciales (ADRA) Colombia denomin\u00f3 una emergencia humanitaria en el pa\u00eds.<\/p>\n<p>\u201cEn una de las reuniones que tuvimos con los l\u00edderes de ADRA en las 17 asociaciones del pa\u00eds, propusimos apelar a los empleados de la iglesia para que donen un d\u00eda de su salario, y la idea recibi\u00f3 un buen apoyo de todos\u201d, dijo Jair Fl\u00f3rez, director de ADRA Colombia. Fl\u00f3rez dirige el Comit\u00e9 T\u00e9cnico de Emergencia Humanitaria de la iglesia.<\/p>\n<p>La iniciativa fue presentada a ambos presidentes de las uniones de las regiones del sur y del norte, y se envi\u00f3 una invitaci\u00f3n a los empleados para que participaran, explic\u00f3 Fl\u00f3rez. \u201cAlgunos no solo donaron un d\u00eda sino tres d\u00edas de su salario\u201d, a\u00f1adi\u00f3. \u201cNo ten\u00edamos suficientes fondos en ADRA para suplir las necesidades de tantas familias, y es por eso que apelamos desesperadamente a los empleados de la iglesia\u201d.<\/p>\n<p><div id=\"attachment_59264\" style=\"width: 811px\" class=\"wp-caption aligncenter\"><img decoding=\"async\" aria-describedby=\"caption-attachment-59264\" class=\" wp-image-59262\" src=\"https:\/\/recursing-golick.147-182-135-0.plesk.page\/wp-content\/uploads\/2020\/05\/adra-colombia-distribution-donated-salaries.jpg\" alt=\"\" width=\"801\" height=\"642\" srcset=\"https:\/\/interamerica.org\/wp-content\/uploads\/2020\/05\/adra-colombia-distribution-donated-salaries.jpg 900w, https:\/\/interamerica.org\/wp-content\/uploads\/2020\/05\/adra-colombia-distribution-donated-salaries-300x240.jpg 300w, https:\/\/interamerica.org\/wp-content\/uploads\/2020\/05\/adra-colombia-distribution-donated-salaries-768x615.jpg 768w\" sizes=\"(max-width: 801px) 100vw, 801px\" \/><p id=\"caption-attachment-59264\" class=\"wp-caption-text\">Un voluntario de ADRA entrega alimentos a una mujer frente a su hogar. [Fotograf\u00eda: ADRA Colombia]<\/p><\/div>\u201cEsta fue una iniciativa maravillosa y de lo m\u00e1s necesaria\u201d, dijo el pastor Edgar Redondo, presidente de la Iglesia Adventista en la regi\u00f3n Colombiana del Norte. \u201cLos empleados se mostraron dispuestos a dar de su coraz\u00f3n para ayudar a las familias necesitadas\u201d, dijo. \u201cVi su gozo al dar estos recursos, y ellos saben que la donaci\u00f3n suplir\u00e1 todas las necesidades de los miembros y las personas de la comunidad\u201d.<\/p>\n<p>\u201cLa mayor\u00eda de los miembros de Colombia trabajan por su cuenta y viven d\u00eda a d\u00eda, de manera que sus ingresos se interrumpieron una vez que se decret\u00f3 la cuarentena, y eso afecto la capacidad de apoyar a sus familias\u201d, explic\u00f3 Redondo.<\/p>\n<p>La iglesia en toda Colombia tiene m\u00e1s de 1200 empleados en sus uniones, asociaciones, misiones e instituciones.<\/p>\n<p><div id=\"attachment_59247\" style=\"width: 809px\" class=\"wp-caption aligncenter\"><img decoding=\"async\" aria-describedby=\"caption-attachment-59247\" class=\" wp-image-59245\" src=\"https:\/\/recursing-golick.147-182-135-0.plesk.page\/wp-content\/uploads\/2020\/05\/socu-mario-ariza-salary-donation.jpg\" alt=\"\" width=\"799\" height=\"599\" srcset=\"https:\/\/interamerica.org\/wp-content\/uploads\/2020\/05\/socu-mario-ariza-salary-donation.jpg 900w, https:\/\/interamerica.org\/wp-content\/uploads\/2020\/05\/socu-mario-ariza-salary-donation-300x225.jpg 300w, https:\/\/interamerica.org\/wp-content\/uploads\/2020\/05\/socu-mario-ariza-salary-donation-768x576.jpg 768w\" sizes=\"(max-width: 799px) 100vw, 799px\" \/><p id=\"caption-attachment-59247\" class=\"wp-caption-text\">Mario Ariza, director de ADRA en la Asociaci\u00f3n Colombiana del Sur, sostiene un cartel donde afirma que don\u00f3 un d\u00eda de su salario para ayudar a las familias necesitadas del pa\u00eds. [Fotograf\u00eda: ADRA Colombia]<\/p><\/div>Los empleados publicaron fotograf\u00edas con la etiqueta #yodonoundiadesalario (#Idonateonedayofsalary).<\/p>\n<p>En abril, las donaciones sumaron casi 15 mil d\u00f3lares de la respuesta especial a la iniciativa. Los fondos fueron distribuidos en las 17 asociaciones y misiones locales, para destinarlos a los m\u00e1s necesitados, mediante las sedes de coordinaci\u00f3n que tiene ADRA en el pa\u00eds. ADRA distribuy\u00f3 entonces los art\u00edculos a cientos de familias en sus comunidades.<\/p>\n<p>La ayuda que distribuy\u00f3 ADRA Colombia fue destinada a ayudar a las familias de la comunidad y de la iglesia, dijeron los l\u00edderes.<\/p>\n<p>\u201cFue maravilloso ver que cada uno de los pastores y personal de oficina estuvo abierto para ayudar a tantas personas\u201d, dijo el pastor Juan Caicedo, presidente de la Iglesia Adventista en la regi\u00f3n Colombiana del Sur.<\/p>\n<p><div id=\"attachment_59256\" style=\"width: 510px\" class=\"wp-caption aligncenter\"><img loading=\"lazy\" decoding=\"async\" aria-describedby=\"caption-attachment-59256\" class=\"size-full wp-image-59254\" src=\"https:\/\/recursing-golick.147-182-135-0.plesk.page\/wp-content\/uploads\/2020\/05\/adra-colombia-donation-salary.jpg\" alt=\"\" width=\"500\" height=\"667\" srcset=\"https:\/\/interamerica.org\/wp-content\/uploads\/2020\/05\/adra-colombia-donation-salary.jpg 500w, https:\/\/interamerica.org\/wp-content\/uploads\/2020\/05\/adra-colombia-donation-salary-225x300.jpg 225w\" sizes=\"(max-width: 500px) 100vw, 500px\" \/><p id=\"caption-attachment-59256\" class=\"wp-caption-text\">Una mujer recibe alimentos en su hogar, durante la distribuci\u00f3n que llev\u00f3 a cabo ADRA Colombia en abril de 2020. [Fotograf\u00eda: ADRA Colombia]<\/p><\/div>\u201cDeseo que el mundo tambi\u00e9n pudiera sumarse a este tipo de iniciativa, porque nos permite decir que somos uno en Cristo Jes\u00fas\u201d.<\/p>\n<p>D\u00edas despu\u00e9s de que el gobierno declar\u00f3 la cuarentena en el pa\u00eds, ADRA Colombia hizo un llamado a los miembros para que los ayudaran para<a href=\"https:\/\/recursing-golick.147-182-135-0.plesk.page\/2020\/04\/adra-colombia-distributes-food-to-hundreds-of-vulnerable-families\/\">distribuir alimentos a cientos de familias de bajos ingresos<\/a> en C\u00facuta, cerca de la frontera de Venezuela, a comienzos de abril.<\/p>\n<p>Fl\u00f3rez dijo que el llamado ha sido extendido a todos los miembros de iglesia que actualmente est\u00e1n trabajando y tienen la posibilidad de donar un d\u00eda de sus salarios para que ADRA Colombia pueda continuar brindando mayor asistencia a las familias necesitadas.<\/p>\n<p><div id=\"attachment_59250\" style=\"width: 810px\" class=\"wp-caption aligncenter\"><img loading=\"lazy\" decoding=\"async\" aria-describedby=\"caption-attachment-59250\" class=\" wp-image-59248\" src=\"https:\/\/recursing-golick.147-182-135-0.plesk.page\/wp-content\/uploads\/2020\/05\/adra-colombia-distribution-salary-1024x640.jpg\" alt=\"\" width=\"800\" height=\"500\" srcset=\"https:\/\/interamerica.org\/wp-content\/uploads\/2020\/05\/adra-colombia-distribution-salary-1024x640.jpg 1024w, https:\/\/interamerica.org\/wp-content\/uploads\/2020\/05\/adra-colombia-distribution-salary-300x187.jpg 300w, https:\/\/interamerica.org\/wp-content\/uploads\/2020\/05\/adra-colombia-distribution-salary-768x480.jpg 768w, https:\/\/interamerica.org\/wp-content\/uploads\/2020\/05\/adra-colombia-distribution-salary.jpg 1050w\" sizes=\"(max-width: 800px) 100vw, 800px\" \/><p id=\"caption-attachment-59250\" class=\"wp-caption-text\">Un joven muestra lo que recibi\u00f3 gracias a voluntarios de ADRA que recorrieron comunidades necesitadas de diversas partes de Colombia con alimentos para ayudar durante la crisis provocada por la pandemia. [Fotograf\u00eda: ADRA Colombia]<\/p><\/div>Para saber m\u00e1s sobre ADRA Colombia y sus proyectos e iniciativas, ingrese a <a href=\"http:\/\/adracolombia.org\/\">adracolombia.org<\/a><\/p>\n<p>Traducci\u00f3n de Marcos Paseggi<\/p>\n","protected":false},"excerpt":{"rendered":"<p>28 de mayo de 2020 | Medell\u00edn, Colombia | Daniela Arrieta\/Noticias de la DIA Cientos de empleados adventistas de toda la iglesia en Colombia donaron hace poco un d\u00eda de&#8230;<\/p>\n","protected":false},"author":3,"featured_media":59244,"comment_status":"open","ping_status":"closed","sticky":false,"template":"","format":"standard","meta":{"_acf_changed":false,"footnotes":""},"categories":[17,15],"tags":[],"class_list":["post-59277","post","type-post","status-publish","format-standard","has-post-thumbnail","hentry","category-desde-el-campo","category-rss-espanol"],"acf":[],"yoast_head":"<!-- This site is optimized with the Yoast SEO plugin v27.3 - https:\/\/yoast.com\/product\/yoast-seo-wordpress\/ -->\n<title>En Colombia, adventistas donan un d\u00eda de su salario para ayudar a familias necesitadas - Iglesia Adventista del S\u00e9ptimo D\u00eda - Divisi\u00f3n Interamericana<\/title>\n<meta name=\"robots\" content=\"index, follow, max-snippet:-1, max-image-preview:large, max-video-preview:-1\" \/>\n<link rel=\"canonical\" href=\"https:\/\/interamerica.org\/es\/2020\/05\/en-colombia-adventistas-donan-un-dia-de-su-salario-para-ayudar-a-familias-necesitadas\/\" \/>\n<meta property=\"og:locale\" content=\"es_ES\" \/>\n<meta property=\"og:type\" content=\"article\" \/>\n<meta property=\"og:title\" content=\"En Colombia, adventistas donan un d\u00eda de su salario para ayudar a familias necesitadas - Iglesia Adventista del S\u00e9ptimo D\u00eda - Divisi\u00f3n Interamericana\" \/>\n<meta property=\"og:description\" content=\"28 de mayo de 2020 | Medell\u00edn, Colombia | Daniela Arrieta\/Noticias de la DIA Cientos de empleados adventistas de toda la iglesia en Colombia donaron hace poco un d\u00eda de...\" \/>\n<meta property=\"og:url\" content=\"https:\/\/interamerica.org\/es\/2020\/05\/en-colombia-adventistas-donan-un-dia-de-su-salario-para-ayudar-a-familias-necesitadas\/\" \/>\n<meta property=\"og:site_name\" content=\"Iglesia Adventista del S\u00e9ptimo D\u00eda - Divisi\u00f3n Interamericana\" \/>\n<meta property=\"article:published_time\" content=\"2020-05-29T00:16:49+00:00\" \/>\n<meta property=\"article:modified_time\" content=\"2020-05-29T12:32:45+00:00\" \/>\n<meta property=\"og:image\" content=\"https:\/\/interamerica.org\/wp-content\/uploads\/2020\/05\/nocu-donation-fromsalary.jpg\" \/>\n\t<meta property=\"og:image:width\" content=\"950\" \/>\n\t<meta property=\"og:image:height\" content=\"713\" \/>\n\t<meta property=\"og:image:type\" content=\"image\/jpeg\" \/>\n<meta name=\"author\" content=\"libna\" \/>\n<meta name=\"twitter:card\" content=\"summary_large_image\" \/>\n<meta name=\"twitter:label1\" content=\"Escrito por\" \/>\n\t<meta name=\"twitter:data1\" content=\"libna\" \/>\n\t<meta name=\"twitter:label2\" content=\"Tiempo de lectura\" \/>\n\t<meta name=\"twitter:data2\" content=\"4 minutos\" \/>\n<script type=\"application\/ld+json\" class=\"yoast-schema-graph\">{\"@context\":\"https:\\\/\\\/schema.org\",\"@graph\":[{\"@type\":\"Article\",\"@id\":\"https:\\\/\\\/interamerica.org\\\/es\\\/2020\\\/05\\\/en-colombia-adventistas-donan-un-dia-de-su-salario-para-ayudar-a-familias-necesitadas\\\/#article\",\"isPartOf\":{\"@id\":\"https:\\\/\\\/interamerica.org\\\/es\\\/2020\\\/05\\\/en-colombia-adventistas-donan-un-dia-de-su-salario-para-ayudar-a-familias-necesitadas\\\/\"},\"author\":{\"name\":\"libna\",\"@id\":\"https:\\\/\\\/interamerica.org\\\/es\\\/#\\\/schema\\\/person\\\/29998f2bc2d8bd0d38662909289b54f1\"},\"headline\":\"En Colombia, adventistas donan un d\u00eda de su salario para ayudar a familias necesitadas\",\"datePublished\":\"2020-05-29T00:16:49+00:00\",\"dateModified\":\"2020-05-29T12:32:45+00:00\",\"mainEntityOfPage\":{\"@id\":\"https:\\\/\\\/interamerica.org\\\/es\\\/2020\\\/05\\\/en-colombia-adventistas-donan-un-dia-de-su-salario-para-ayudar-a-familias-necesitadas\\\/\"},\"wordCount\":860,\"commentCount\":0,\"image\":{\"@id\":\"https:\\\/\\\/interamerica.org\\\/es\\\/2020\\\/05\\\/en-colombia-adventistas-donan-un-dia-de-su-salario-para-ayudar-a-familias-necesitadas\\\/#primaryimage\"},\"thumbnailUrl\":\"https:\\\/\\\/interamerica.org\\\/wp-content\\\/uploads\\\/2020\\\/05\\\/nocu-donation-fromsalary.jpg\",\"articleSection\":[\"Desde el campo\",\"RSS Espa\u00f1ol\"],\"inLanguage\":\"es\",\"potentialAction\":[{\"@type\":\"CommentAction\",\"name\":\"Comment\",\"target\":[\"https:\\\/\\\/interamerica.org\\\/es\\\/2020\\\/05\\\/en-colombia-adventistas-donan-un-dia-de-su-salario-para-ayudar-a-familias-necesitadas\\\/#respond\"]}]},{\"@type\":\"WebPage\",\"@id\":\"https:\\\/\\\/interamerica.org\\\/es\\\/2020\\\/05\\\/en-colombia-adventistas-donan-un-dia-de-su-salario-para-ayudar-a-familias-necesitadas\\\/\",\"url\":\"https:\\\/\\\/interamerica.org\\\/es\\\/2020\\\/05\\\/en-colombia-adventistas-donan-un-dia-de-su-salario-para-ayudar-a-familias-necesitadas\\\/\",\"name\":\"En Colombia, adventistas donan un d\u00eda de su salario para ayudar a familias necesitadas - Iglesia Adventista del S\u00e9ptimo D\u00eda - Divisi\u00f3n Interamericana\",\"isPartOf\":{\"@id\":\"https:\\\/\\\/interamerica.org\\\/es\\\/#website\"},\"primaryImageOfPage\":{\"@id\":\"https:\\\/\\\/interamerica.org\\\/es\\\/2020\\\/05\\\/en-colombia-adventistas-donan-un-dia-de-su-salario-para-ayudar-a-familias-necesitadas\\\/#primaryimage\"},\"image\":{\"@id\":\"https:\\\/\\\/interamerica.org\\\/es\\\/2020\\\/05\\\/en-colombia-adventistas-donan-un-dia-de-su-salario-para-ayudar-a-familias-necesitadas\\\/#primaryimage\"},\"thumbnailUrl\":\"https:\\\/\\\/interamerica.org\\\/wp-content\\\/uploads\\\/2020\\\/05\\\/nocu-donation-fromsalary.jpg\",\"datePublished\":\"2020-05-29T00:16:49+00:00\",\"dateModified\":\"2020-05-29T12:32:45+00:00\",\"author\":{\"@id\":\"https:\\\/\\\/interamerica.org\\\/es\\\/#\\\/schema\\\/person\\\/29998f2bc2d8bd0d38662909289b54f1\"},\"breadcrumb\":{\"@id\":\"https:\\\/\\\/interamerica.org\\\/es\\\/2020\\\/05\\\/en-colombia-adventistas-donan-un-dia-de-su-salario-para-ayudar-a-familias-necesitadas\\\/#breadcrumb\"},\"inLanguage\":\"es\",\"potentialAction\":[{\"@type\":\"ReadAction\",\"target\":[\"https:\\\/\\\/interamerica.org\\\/es\\\/2020\\\/05\\\/en-colombia-adventistas-donan-un-dia-de-su-salario-para-ayudar-a-familias-necesitadas\\\/\"]}]},{\"@type\":\"ImageObject\",\"inLanguage\":\"es\",\"@id\":\"https:\\\/\\\/interamerica.org\\\/es\\\/2020\\\/05\\\/en-colombia-adventistas-donan-un-dia-de-su-salario-para-ayudar-a-familias-necesitadas\\\/#primaryimage\",\"url\":\"https:\\\/\\\/interamerica.org\\\/wp-content\\\/uploads\\\/2020\\\/05\\\/nocu-donation-fromsalary.jpg\",\"contentUrl\":\"https:\\\/\\\/interamerica.org\\\/wp-content\\\/uploads\\\/2020\\\/05\\\/nocu-donation-fromsalary.jpg\",\"width\":950,\"height\":713,\"caption\":\"[Fotograf\u00eda: ADRA Colombia]\"},{\"@type\":\"BreadcrumbList\",\"@id\":\"https:\\\/\\\/interamerica.org\\\/es\\\/2020\\\/05\\\/en-colombia-adventistas-donan-un-dia-de-su-salario-para-ayudar-a-familias-necesitadas\\\/#breadcrumb\",\"itemListElement\":[{\"@type\":\"ListItem\",\"position\":1,\"name\":\"Home\",\"item\":\"https:\\\/\\\/interamerica.org\\\/es\\\/\"},{\"@type\":\"ListItem\",\"position\":2,\"name\":\"En Colombia, adventistas donan un d\u00eda de su salario para ayudar a familias necesitadas\"}]},{\"@type\":\"WebSite\",\"@id\":\"https:\\\/\\\/interamerica.org\\\/es\\\/#website\",\"url\":\"https:\\\/\\\/interamerica.org\\\/es\\\/\",\"name\":\"Iglesia Adventista del S\u00e9ptimo D\u00eda - Divisi\u00f3n Interamericana\",\"description\":\"\",\"potentialAction\":[{\"@type\":\"SearchAction\",\"target\":{\"@type\":\"EntryPoint\",\"urlTemplate\":\"https:\\\/\\\/interamerica.org\\\/es\\\/?s={search_term_string}\"},\"query-input\":{\"@type\":\"PropertyValueSpecification\",\"valueRequired\":true,\"valueName\":\"search_term_string\"}}],\"inLanguage\":\"es\"},{\"@type\":\"Person\",\"@id\":\"https:\\\/\\\/interamerica.org\\\/es\\\/#\\\/schema\\\/person\\\/29998f2bc2d8bd0d38662909289b54f1\",\"name\":\"libna\",\"image\":{\"@type\":\"ImageObject\",\"inLanguage\":\"es\",\"@id\":\"https:\\\/\\\/secure.gravatar.com\\\/avatar\\\/7c5bd30ae4b47a9ba3c856590957fd1d96dc588bf3ac05719d247e126840331f?s=96&d=mm&r=g\",\"url\":\"https:\\\/\\\/secure.gravatar.com\\\/avatar\\\/7c5bd30ae4b47a9ba3c856590957fd1d96dc588bf3ac05719d247e126840331f?s=96&d=mm&r=g\",\"contentUrl\":\"https:\\\/\\\/secure.gravatar.com\\\/avatar\\\/7c5bd30ae4b47a9ba3c856590957fd1d96dc588bf3ac05719d247e126840331f?s=96&d=mm&r=g\",\"caption\":\"libna\"}}]}<\/script>\n<!-- \/ Yoast SEO plugin. -->","yoast_head_json":{"title":"En Colombia, adventistas donan un d\u00eda de su salario para ayudar a familias necesitadas - Iglesia Adventista del S\u00e9ptimo D\u00eda - Divisi\u00f3n Interamericana","robots":{"index":"index","follow":"follow","max-snippet":"max-snippet:-1","max-image-preview":"max-image-preview:large","max-video-preview":"max-video-preview:-1"},"canonical":"https:\/\/interamerica.org\/es\/2020\/05\/en-colombia-adventistas-donan-un-dia-de-su-salario-para-ayudar-a-familias-necesitadas\/","og_locale":"es_ES","og_type":"article","og_title":"En Colombia, adventistas donan un d\u00eda de su salario para ayudar a familias necesitadas - Iglesia Adventista del S\u00e9ptimo D\u00eda - Divisi\u00f3n Interamericana","og_description":"28 de mayo de 2020 | Medell\u00edn, Colombia | Daniela Arrieta\/Noticias de la DIA Cientos de empleados adventistas de toda la iglesia en Colombia donaron hace poco un d\u00eda de...","og_url":"https:\/\/interamerica.org\/es\/2020\/05\/en-colombia-adventistas-donan-un-dia-de-su-salario-para-ayudar-a-familias-necesitadas\/","og_site_name":"Iglesia Adventista del S\u00e9ptimo D\u00eda - Divisi\u00f3n Interamericana","article_published_time":"2020-05-29T00:16:49+00:00","article_modified_time":"2020-05-29T12:32:45+00:00","og_image":[{"width":950,"height":713,"url":"https:\/\/interamerica.org\/wp-content\/uploads\/2020\/05\/nocu-donation-fromsalary.jpg","type":"image\/jpeg"}],"author":"libna","twitter_card":"summary_large_image","twitter_misc":{"Escrito por":"libna","Tiempo de lectura":"4 minutos"},"schema":{"@context":"https:\/\/schema.org","@graph":[{"@type":"Article","@id":"https:\/\/interamerica.org\/es\/2020\/05\/en-colombia-adventistas-donan-un-dia-de-su-salario-para-ayudar-a-familias-necesitadas\/#article","isPartOf":{"@id":"https:\/\/interamerica.org\/es\/2020\/05\/en-colombia-adventistas-donan-un-dia-de-su-salario-para-ayudar-a-familias-necesitadas\/"},"author":{"name":"libna","@id":"https:\/\/interamerica.org\/es\/#\/schema\/person\/29998f2bc2d8bd0d38662909289b54f1"},"headline":"En Colombia, adventistas donan un d\u00eda de su salario para ayudar a familias necesitadas","datePublished":"2020-05-29T00:16:49+00:00","dateModified":"2020-05-29T12:32:45+00:00","mainEntityOfPage":{"@id":"https:\/\/interamerica.org\/es\/2020\/05\/en-colombia-adventistas-donan-un-dia-de-su-salario-para-ayudar-a-familias-necesitadas\/"},"wordCount":860,"commentCount":0,"image":{"@id":"https:\/\/interamerica.org\/es\/2020\/05\/en-colombia-adventistas-donan-un-dia-de-su-salario-para-ayudar-a-familias-necesitadas\/#primaryimage"},"thumbnailUrl":"https:\/\/interamerica.org\/wp-content\/uploads\/2020\/05\/nocu-donation-fromsalary.jpg","articleSection":["Desde el campo","RSS Espa\u00f1ol"],"inLanguage":"es","potentialAction":[{"@type":"CommentAction","name":"Comment","target":["https:\/\/interamerica.org\/es\/2020\/05\/en-colombia-adventistas-donan-un-dia-de-su-salario-para-ayudar-a-familias-necesitadas\/#respond"]}]},{"@type":"WebPage","@id":"https:\/\/interamerica.org\/es\/2020\/05\/en-colombia-adventistas-donan-un-dia-de-su-salario-para-ayudar-a-familias-necesitadas\/","url":"https:\/\/interamerica.org\/es\/2020\/05\/en-colombia-adventistas-donan-un-dia-de-su-salario-para-ayudar-a-familias-necesitadas\/","name":"En Colombia, adventistas donan un d\u00eda de su salario para ayudar a familias necesitadas - Iglesia Adventista del S\u00e9ptimo D\u00eda - Divisi\u00f3n Interamericana","isPartOf":{"@id":"https:\/\/interamerica.org\/es\/#website"},"primaryImageOfPage":{"@id":"https:\/\/interamerica.org\/es\/2020\/05\/en-colombia-adventistas-donan-un-dia-de-su-salario-para-ayudar-a-familias-necesitadas\/#primaryimage"},"image":{"@id":"https:\/\/interamerica.org\/es\/2020\/05\/en-colombia-adventistas-donan-un-dia-de-su-salario-para-ayudar-a-familias-necesitadas\/#primaryimage"},"thumbnailUrl":"https:\/\/interamerica.org\/wp-content\/uploads\/2020\/05\/nocu-donation-fromsalary.jpg","datePublished":"2020-05-29T00:16:49+00:00","dateModified":"2020-05-29T12:32:45+00:00","author":{"@id":"https:\/\/interamerica.org\/es\/#\/schema\/person\/29998f2bc2d8bd0d38662909289b54f1"},"breadcrumb":{"@id":"https:\/\/interamerica.org\/es\/2020\/05\/en-colombia-adventistas-donan-un-dia-de-su-salario-para-ayudar-a-familias-necesitadas\/#breadcrumb"},"inLanguage":"es","potentialAction":[{"@type":"ReadAction","target":["https:\/\/interamerica.org\/es\/2020\/05\/en-colombia-adventistas-donan-un-dia-de-su-salario-para-ayudar-a-familias-necesitadas\/"]}]},{"@type":"ImageObject","inLanguage":"es","@id":"https:\/\/interamerica.org\/es\/2020\/05\/en-colombia-adventistas-donan-un-dia-de-su-salario-para-ayudar-a-familias-necesitadas\/#primaryimage","url":"https:\/\/interamerica.org\/wp-content\/uploads\/2020\/05\/nocu-donation-fromsalary.jpg","contentUrl":"https:\/\/interamerica.org\/wp-content\/uploads\/2020\/05\/nocu-donation-fromsalary.jpg","width":950,"height":713,"caption":"[Fotograf\u00eda: ADRA Colombia]"},{"@type":"BreadcrumbList","@id":"https:\/\/interamerica.org\/es\/2020\/05\/en-colombia-adventistas-donan-un-dia-de-su-salario-para-ayudar-a-familias-necesitadas\/#breadcrumb","itemListElement":[{"@type":"ListItem","position":1,"name":"Home","item":"https:\/\/interamerica.org\/es\/"},{"@type":"ListItem","position":2,"name":"En Colombia, adventistas donan un d\u00eda de su salario para ayudar a familias necesitadas"}]},{"@type":"WebSite","@id":"https:\/\/interamerica.org\/es\/#website","url":"https:\/\/interamerica.org\/es\/","name":"Iglesia Adventista del S\u00e9ptimo D\u00eda - Divisi\u00f3n Interamericana","description":"","potentialAction":[{"@type":"SearchAction","target":{"@type":"EntryPoint","urlTemplate":"https:\/\/interamerica.org\/es\/?s={search_term_string}"},"query-input":{"@type":"PropertyValueSpecification","valueRequired":true,"valueName":"search_term_string"}}],"inLanguage":"es"},{"@type":"Person","@id":"https:\/\/interamerica.org\/es\/#\/schema\/person\/29998f2bc2d8bd0d38662909289b54f1","name":"libna","image":{"@type":"ImageObject","inLanguage":"es","@id":"https:\/\/secure.gravatar.com\/avatar\/7c5bd30ae4b47a9ba3c856590957fd1d96dc588bf3ac05719d247e126840331f?s=96&d=mm&r=g","url":"https:\/\/secure.gravatar.com\/avatar\/7c5bd30ae4b47a9ba3c856590957fd1d96dc588bf3ac05719d247e126840331f?s=96&d=mm&r=g","contentUrl":"https:\/\/secure.gravatar.com\/avatar\/7c5bd30ae4b47a9ba3c856590957fd1d96dc588bf3ac05719d247e126840331f?s=96&d=mm&r=g","caption":"libna"}}]}},"_links":{"self":[{"href":"https:\/\/interamerica.org\/es\/wp-json\/wp\/v2\/posts\/59277","targetHints":{"allow":["GET"]}}],"collection":[{"href":"https:\/\/interamerica.org\/es\/wp-json\/wp\/v2\/posts"}],"about":[{"href":"https:\/\/interamerica.org\/es\/wp-json\/wp\/v2\/types\/post"}],"author":[{"embeddable":true,"href":"https:\/\/interamerica.org\/es\/wp-json\/wp\/v2\/users\/3"}],"replies":[{"embeddable":true,"href":"https:\/\/interamerica.org\/es\/wp-json\/wp\/v2\/comments?post=59277"}],"version-history":[{"count":0,"href":"https:\/\/interamerica.org\/es\/wp-json\/wp\/v2\/posts\/59277\/revisions"}],"wp:featuredmedia":[{"embeddable":true,"href":"https:\/\/interamerica.org\/es\/wp-json\/wp\/v2\/media\/59244"}],"wp:attachment":[{"href":"https:\/\/interamerica.org\/es\/wp-json\/wp\/v2\/media?parent=59277"}],"wp:term":[{"taxonomy":"category","embeddable":true,"href":"https:\/\/interamerica.org\/es\/wp-json\/wp\/v2\/categories?post=59277"},{"taxonomy":"post_tag","embeddable":true,"href":"https:\/\/interamerica.org\/es\/wp-json\/wp\/v2\/tags?post=59277"}],"curies":[{"name":"wp","href":"https:\/\/api.w.org\/{rel}","templated":true}]}}