{"id":59303,"date":"2020-05-30T14:20:40","date_gmt":"2020-05-30T18:20:40","guid":{"rendered":"https:\/\/recursing-golick.147-182-135-0.plesk.page\/?p=59303"},"modified":"2020-05-31T12:15:44","modified_gmt":"2020-05-31T16:15:44","slug":"no-son-ellos-somos-nosotros","status":"publish","type":"post","link":"https:\/\/interamerica.org\/es\/2020\/05\/no-son-ellos-somos-nosotros\/","title":{"rendered":"No son ellos. Somos nosotros."},"content":{"rendered":"<p><span class=\"byline-news\">29 de mayo de 2020 | Silver Spring, Maryland, Estados Unidos | Por Wilona Karimabadi<\/span><\/p>\n<p><span class=\"cap\">Durante estas semanas de cuarentena, finalmente logr\u00e9 ver dos filmes que hab\u00eda estado queriendo ver. No eran comedias rom\u00e1nticas ligeras o pel\u00edculas de oscuro suspenso. Con valor y honestidad, descorr\u00edan la cortina sobre la historia real de la experiencia de los negros en los Estados Unidos. Ambos filmes est\u00e1n ambientados en una \u00e9poca en las vidas de los negros por cierto no ten\u00edan importancia.<\/span><\/p>\n<p>Resulta tentador mirar las pel\u00edculas, y decirnos con complacencia: \u201cBueno, la verdad es que hemos avanzado mucho\u201d.<\/p>\n<p>No hemos avanzado ni por lejos lo suficiente.<\/p>\n<p>Como mujer estadounidense con ra\u00edces en la India, la historia de mi familia inmigrante es una de esas historias de \u00e9xito del sue\u00f1o americano que algunos proclaman como evidencia de que las cosas en realidad est\u00e1n bien. Llegamos a los Estados Unidos para que mis padres pudieran cursar estudios de posgrados. Ambos recibieron una oferta de trabajo antes de graduarse. Compramos casas exactamente donde quer\u00edamos en Nueva York y m\u00e1s tarde en California. Asist\u00ed a las escuelas que quise, y disfrut\u00e9 de todas las oportunidades que busqu\u00e9.<\/p>\n<p>El nuestro, sin embargo, no fue un cuento de hadas. Como persona de color, vi que mis padres eran ignorados cuando estaban en una fila para que atendieran en cambio a clientes de raza blanca. Recuerdo al trabajador de McDonald\u2019s que habl\u00f3 con rudeza a mi madre \u2014porque ella era del sur asi\u00e1tico\u2014 cuando mi madre pidi\u00f3 La Cajita Feliz para mi hermana y para m\u00ed. Hubo oportunidades de trabajo para las cuales se les dijo a mis padres que estaban demasiado calificados, aunque una y otra vez la entrevista laboral los llev\u00f3 a creer que ese no era en realidad el problema.<\/p>\n<p>Pero a pesar de ello, vivimos bien. Hicimos muchos viajes en autom\u00f3vil sin preocuparnos jam\u00e1s por la polic\u00eda aun en estados donde se nos quedaban mirando cuando pas\u00e1bamos por all\u00ed. Cuando mi hermana y yo comenzamos a conducir un autom\u00f3vil, nuestros padres jam\u00e1s nos tuvieron que decir qu\u00e9 hacer si un agente de polic\u00eda nos paraba. A los 17 a\u00f1os, cuando un polic\u00eda me par\u00f3 por pasarme de largo un cartel de Pare, mi \u00fanico temor era qu\u00e9 iba a decir mi padre. De paso, aclaro que el polic\u00eda solo me dio una advertencia y me dijo dese\u00f3 las buenas noches.<\/p>\n<p>Aunque mi familia experiment\u00f3 aspectos de una cultura de prejuicios hacia las personas de color, me lamento cu\u00e1nto tiempo me llev\u00f3 comprender plenamente cu\u00e1n injusto ha sido nuestro pa\u00eds hacia mis hermanos y hermanas de raza negra. \u00bfC\u00f3mo puede cualquier persona que profese amar y seguir al Salvador que muri\u00f3 por todos ser testigo de la injusticia oficial hacia algunos, y no ser movido a la acci\u00f3n?<\/p>\n<p>\u00bfAhmaud Arbery y George Floyd? Estos son dos nombres entre otros demasiados.<\/p>\n<p>Para muchos de nosotros que seguimos a Jes\u00fas, existe la triste tendencia de mirar a las atrocidades cometidas hacia otros con tristeza o l\u00e1stima, y solo rara vez con genuina indignaci\u00f3n. Pero aun nuestra empat\u00eda puede esconder un trasfondo perturbador: \u201cQu\u00e9 feo. Realmente feo. Pero al menos no me pas\u00f3 a m\u00ed o a mis seres queridos\u201d. Algo malo les pas\u00f3 a ellos, pero no nos pas\u00f3 a nosotros.<\/p>\n<p>Y ese es exactamente el problema.<\/p>\n<p>Durante demasiado tiempo hemos vivido con comodidad en las burbujas de \u201cnosotros\u201d y \u201cellos\u201d. Y es por ello que hombres y mujeres de raza negra est\u00e1n muriendo en manos de los que tienen la tarea de protegernos A TODOS. Solo las c\u00e1maras de los tel\u00e9fonos celulares han revelado la realidad de lo que est\u00e1 ocurriendo. Solo las protestas vigorosas y persistentes ante los funcionarios elegidos cuya tarea es estar a cargo de las fuerzas de seguridad producir\u00e1 los cambios que demanda la justicia.<\/p>\n<p>Lev\u00e1ntense, todos los que dicen ser hijos e hijas del Padre Celestial. No hay \u201cnosotros\u201d y \u201cellos\u201d si Jes\u00fas es un Salvador para todos. Lo que le sucedi\u00f3 a Ahmaud Arbery y George Floyd nos sucedi\u00f3 a todos nosotros, y nuestra respuesta tiene que ir mucho m\u00e1s all\u00e1 de los pensamientos tristes y las oraciones d\u00e9biles.<\/p>\n<p>\u00bfPor qu\u00e9 es que tenemos que orar, honestamente? Por el valor de enfrentar el prejuicio en nuestro propio coraz\u00f3n; por el valor de trabajar junto a nuestros hermanos y hermanas de raza negra para pisotear la maldad del racismo en nuestra cultura. Cristo nos ha estado llamando a amar a nuestro pr\u00f3jimo como a nosotros mismos durante m\u00e1s de dos mil a\u00f1os.<\/p>\n<p>\u201cSe\u00f1or Jes\u00fas, quita cualquier vestigio de racismo \u2014o apat\u00eda\u2014 de nuestro coraz\u00f3n. Eso es. Am\u00e9n\u201d.<\/p>\n<div class=\"author-fence\">\n<div class=\"author\">\n<p class=\"name\"><em>Wilona Karimabadi es editora asistente de Adventist Review y editora de KidsView, la revista para ni\u00f1os de Adventist Review.<\/em><\/p>\n<\/div>\n<\/div>\n<p>Traducci\u00f3n de Marcos Paseggi<\/p>\n","protected":false},"excerpt":{"rendered":"<p>29 de mayo de 2020 | Silver Spring, Maryland, Estados Unidos | Por Wilona Karimabadi Durante estas semanas de cuarentena, finalmente logr\u00e9 ver dos filmes que hab\u00eda estado queriendo ver&#8230;.<\/p>\n","protected":false},"author":3,"featured_media":59300,"comment_status":"open","ping_status":"closed","sticky":false,"template":"","format":"standard","meta":{"_acf_changed":false,"footnotes":""},"categories":[14,15],"tags":[],"class_list":["post-59303","post","type-post","status-publish","format-standard","has-post-thumbnail","hentry","category-de-la-iglesia-mundial","category-rss-espanol"],"acf":[],"yoast_head":"<!-- This site is optimized with the Yoast SEO plugin v27.3 - https:\/\/yoast.com\/product\/yoast-seo-wordpress\/ -->\n<title>No son ellos. Somos nosotros. - Iglesia Adventista del S\u00e9ptimo D\u00eda - Divisi\u00f3n Interamericana<\/title>\n<meta name=\"robots\" content=\"index, follow, max-snippet:-1, max-image-preview:large, max-video-preview:-1\" \/>\n<link rel=\"canonical\" href=\"https:\/\/interamerica.org\/es\/2020\/05\/no-son-ellos-somos-nosotros\/\" \/>\n<meta property=\"og:locale\" content=\"es_ES\" \/>\n<meta property=\"og:type\" content=\"article\" \/>\n<meta property=\"og:title\" content=\"No son ellos. Somos nosotros. - Iglesia Adventista del S\u00e9ptimo D\u00eda - Divisi\u00f3n Interamericana\" \/>\n<meta property=\"og:description\" content=\"29 de mayo de 2020 | Silver Spring, Maryland, Estados Unidos | Por Wilona Karimabadi Durante estas semanas de cuarentena, finalmente logr\u00e9 ver dos filmes que hab\u00eda estado queriendo ver....\" \/>\n<meta property=\"og:url\" content=\"https:\/\/interamerica.org\/es\/2020\/05\/no-son-ellos-somos-nosotros\/\" \/>\n<meta property=\"og:site_name\" content=\"Iglesia Adventista del S\u00e9ptimo D\u00eda - Divisi\u00f3n Interamericana\" \/>\n<meta property=\"article:published_time\" content=\"2020-05-30T18:20:40+00:00\" \/>\n<meta property=\"article:modified_time\" content=\"2020-05-31T16:15:44+00:00\" \/>\n<meta property=\"og:image\" content=\"https:\/\/interamerica.org\/wp-content\/uploads\/2020\/05\/lights-alexandre-debieve-okjrnfr3i0g-unsplash.jpg\" \/>\n\t<meta property=\"og:image:width\" content=\"1280\" \/>\n\t<meta property=\"og:image:height\" content=\"800\" \/>\n\t<meta property=\"og:image:type\" content=\"image\/jpeg\" \/>\n<meta name=\"author\" content=\"libna\" \/>\n<meta name=\"twitter:card\" content=\"summary_large_image\" \/>\n<meta name=\"twitter:label1\" content=\"Escrito por\" \/>\n\t<meta name=\"twitter:data1\" content=\"libna\" \/>\n\t<meta name=\"twitter:label2\" content=\"Tiempo de lectura\" \/>\n\t<meta name=\"twitter:data2\" content=\"4 minutos\" \/>\n<script type=\"application\/ld+json\" class=\"yoast-schema-graph\">{\"@context\":\"https:\\\/\\\/schema.org\",\"@graph\":[{\"@type\":\"Article\",\"@id\":\"https:\\\/\\\/interamerica.org\\\/es\\\/2020\\\/05\\\/no-son-ellos-somos-nosotros\\\/#article\",\"isPartOf\":{\"@id\":\"https:\\\/\\\/interamerica.org\\\/es\\\/2020\\\/05\\\/no-son-ellos-somos-nosotros\\\/\"},\"author\":{\"name\":\"libna\",\"@id\":\"https:\\\/\\\/interamerica.org\\\/es\\\/#\\\/schema\\\/person\\\/29998f2bc2d8bd0d38662909289b54f1\"},\"headline\":\"No son ellos. Somos nosotros.\",\"datePublished\":\"2020-05-30T18:20:40+00:00\",\"dateModified\":\"2020-05-31T16:15:44+00:00\",\"mainEntityOfPage\":{\"@id\":\"https:\\\/\\\/interamerica.org\\\/es\\\/2020\\\/05\\\/no-son-ellos-somos-nosotros\\\/\"},\"wordCount\":839,\"commentCount\":0,\"image\":{\"@id\":\"https:\\\/\\\/interamerica.org\\\/es\\\/2020\\\/05\\\/no-son-ellos-somos-nosotros\\\/#primaryimage\"},\"thumbnailUrl\":\"https:\\\/\\\/interamerica.org\\\/wp-content\\\/uploads\\\/2020\\\/05\\\/lights-alexandre-debieve-okjrnfr3i0g-unsplash.jpg\",\"articleSection\":[\"Desde la iglesia mundial\",\"RSS Espa\u00f1ol\"],\"inLanguage\":\"es\",\"potentialAction\":[{\"@type\":\"CommentAction\",\"name\":\"Comment\",\"target\":[\"https:\\\/\\\/interamerica.org\\\/es\\\/2020\\\/05\\\/no-son-ellos-somos-nosotros\\\/#respond\"]}]},{\"@type\":\"WebPage\",\"@id\":\"https:\\\/\\\/interamerica.org\\\/es\\\/2020\\\/05\\\/no-son-ellos-somos-nosotros\\\/\",\"url\":\"https:\\\/\\\/interamerica.org\\\/es\\\/2020\\\/05\\\/no-son-ellos-somos-nosotros\\\/\",\"name\":\"No son ellos. Somos nosotros. - Iglesia Adventista del S\u00e9ptimo D\u00eda - Divisi\u00f3n Interamericana\",\"isPartOf\":{\"@id\":\"https:\\\/\\\/interamerica.org\\\/es\\\/#website\"},\"primaryImageOfPage\":{\"@id\":\"https:\\\/\\\/interamerica.org\\\/es\\\/2020\\\/05\\\/no-son-ellos-somos-nosotros\\\/#primaryimage\"},\"image\":{\"@id\":\"https:\\\/\\\/interamerica.org\\\/es\\\/2020\\\/05\\\/no-son-ellos-somos-nosotros\\\/#primaryimage\"},\"thumbnailUrl\":\"https:\\\/\\\/interamerica.org\\\/wp-content\\\/uploads\\\/2020\\\/05\\\/lights-alexandre-debieve-okjrnfr3i0g-unsplash.jpg\",\"datePublished\":\"2020-05-30T18:20:40+00:00\",\"dateModified\":\"2020-05-31T16:15:44+00:00\",\"author\":{\"@id\":\"https:\\\/\\\/interamerica.org\\\/es\\\/#\\\/schema\\\/person\\\/29998f2bc2d8bd0d38662909289b54f1\"},\"breadcrumb\":{\"@id\":\"https:\\\/\\\/interamerica.org\\\/es\\\/2020\\\/05\\\/no-son-ellos-somos-nosotros\\\/#breadcrumb\"},\"inLanguage\":\"es\",\"potentialAction\":[{\"@type\":\"ReadAction\",\"target\":[\"https:\\\/\\\/interamerica.org\\\/es\\\/2020\\\/05\\\/no-son-ellos-somos-nosotros\\\/\"]}]},{\"@type\":\"ImageObject\",\"inLanguage\":\"es\",\"@id\":\"https:\\\/\\\/interamerica.org\\\/es\\\/2020\\\/05\\\/no-son-ellos-somos-nosotros\\\/#primaryimage\",\"url\":\"https:\\\/\\\/interamerica.org\\\/wp-content\\\/uploads\\\/2020\\\/05\\\/lights-alexandre-debieve-okjrnfr3i0g-unsplash.jpg\",\"contentUrl\":\"https:\\\/\\\/interamerica.org\\\/wp-content\\\/uploads\\\/2020\\\/05\\\/lights-alexandre-debieve-okjrnfr3i0g-unsplash.jpg\",\"width\":1280,\"height\":800,\"caption\":\"[Fotograf\u00eda: Alexandre Debieve\\\/unsplash]\"},{\"@type\":\"BreadcrumbList\",\"@id\":\"https:\\\/\\\/interamerica.org\\\/es\\\/2020\\\/05\\\/no-son-ellos-somos-nosotros\\\/#breadcrumb\",\"itemListElement\":[{\"@type\":\"ListItem\",\"position\":1,\"name\":\"Home\",\"item\":\"https:\\\/\\\/interamerica.org\\\/es\\\/\"},{\"@type\":\"ListItem\",\"position\":2,\"name\":\"No son ellos. Somos nosotros.\"}]},{\"@type\":\"WebSite\",\"@id\":\"https:\\\/\\\/interamerica.org\\\/es\\\/#website\",\"url\":\"https:\\\/\\\/interamerica.org\\\/es\\\/\",\"name\":\"Iglesia Adventista del S\u00e9ptimo D\u00eda - Divisi\u00f3n Interamericana\",\"description\":\"\",\"potentialAction\":[{\"@type\":\"SearchAction\",\"target\":{\"@type\":\"EntryPoint\",\"urlTemplate\":\"https:\\\/\\\/interamerica.org\\\/es\\\/?s={search_term_string}\"},\"query-input\":{\"@type\":\"PropertyValueSpecification\",\"valueRequired\":true,\"valueName\":\"search_term_string\"}}],\"inLanguage\":\"es\"},{\"@type\":\"Person\",\"@id\":\"https:\\\/\\\/interamerica.org\\\/es\\\/#\\\/schema\\\/person\\\/29998f2bc2d8bd0d38662909289b54f1\",\"name\":\"libna\",\"image\":{\"@type\":\"ImageObject\",\"inLanguage\":\"es\",\"@id\":\"https:\\\/\\\/secure.gravatar.com\\\/avatar\\\/7c5bd30ae4b47a9ba3c856590957fd1d96dc588bf3ac05719d247e126840331f?s=96&d=mm&r=g\",\"url\":\"https:\\\/\\\/secure.gravatar.com\\\/avatar\\\/7c5bd30ae4b47a9ba3c856590957fd1d96dc588bf3ac05719d247e126840331f?s=96&d=mm&r=g\",\"contentUrl\":\"https:\\\/\\\/secure.gravatar.com\\\/avatar\\\/7c5bd30ae4b47a9ba3c856590957fd1d96dc588bf3ac05719d247e126840331f?s=96&d=mm&r=g\",\"caption\":\"libna\"}}]}<\/script>\n<!-- \/ Yoast SEO plugin. -->","yoast_head_json":{"title":"No son ellos. Somos nosotros. - Iglesia Adventista del S\u00e9ptimo D\u00eda - Divisi\u00f3n Interamericana","robots":{"index":"index","follow":"follow","max-snippet":"max-snippet:-1","max-image-preview":"max-image-preview:large","max-video-preview":"max-video-preview:-1"},"canonical":"https:\/\/interamerica.org\/es\/2020\/05\/no-son-ellos-somos-nosotros\/","og_locale":"es_ES","og_type":"article","og_title":"No son ellos. Somos nosotros. - Iglesia Adventista del S\u00e9ptimo D\u00eda - Divisi\u00f3n Interamericana","og_description":"29 de mayo de 2020 | Silver Spring, Maryland, Estados Unidos | Por Wilona Karimabadi Durante estas semanas de cuarentena, finalmente logr\u00e9 ver dos filmes que hab\u00eda estado queriendo ver....","og_url":"https:\/\/interamerica.org\/es\/2020\/05\/no-son-ellos-somos-nosotros\/","og_site_name":"Iglesia Adventista del S\u00e9ptimo D\u00eda - Divisi\u00f3n Interamericana","article_published_time":"2020-05-30T18:20:40+00:00","article_modified_time":"2020-05-31T16:15:44+00:00","og_image":[{"width":1280,"height":800,"url":"https:\/\/interamerica.org\/wp-content\/uploads\/2020\/05\/lights-alexandre-debieve-okjrnfr3i0g-unsplash.jpg","type":"image\/jpeg"}],"author":"libna","twitter_card":"summary_large_image","twitter_misc":{"Escrito por":"libna","Tiempo de lectura":"4 minutos"},"schema":{"@context":"https:\/\/schema.org","@graph":[{"@type":"Article","@id":"https:\/\/interamerica.org\/es\/2020\/05\/no-son-ellos-somos-nosotros\/#article","isPartOf":{"@id":"https:\/\/interamerica.org\/es\/2020\/05\/no-son-ellos-somos-nosotros\/"},"author":{"name":"libna","@id":"https:\/\/interamerica.org\/es\/#\/schema\/person\/29998f2bc2d8bd0d38662909289b54f1"},"headline":"No son ellos. Somos nosotros.","datePublished":"2020-05-30T18:20:40+00:00","dateModified":"2020-05-31T16:15:44+00:00","mainEntityOfPage":{"@id":"https:\/\/interamerica.org\/es\/2020\/05\/no-son-ellos-somos-nosotros\/"},"wordCount":839,"commentCount":0,"image":{"@id":"https:\/\/interamerica.org\/es\/2020\/05\/no-son-ellos-somos-nosotros\/#primaryimage"},"thumbnailUrl":"https:\/\/interamerica.org\/wp-content\/uploads\/2020\/05\/lights-alexandre-debieve-okjrnfr3i0g-unsplash.jpg","articleSection":["Desde la iglesia mundial","RSS Espa\u00f1ol"],"inLanguage":"es","potentialAction":[{"@type":"CommentAction","name":"Comment","target":["https:\/\/interamerica.org\/es\/2020\/05\/no-son-ellos-somos-nosotros\/#respond"]}]},{"@type":"WebPage","@id":"https:\/\/interamerica.org\/es\/2020\/05\/no-son-ellos-somos-nosotros\/","url":"https:\/\/interamerica.org\/es\/2020\/05\/no-son-ellos-somos-nosotros\/","name":"No son ellos. Somos nosotros. - Iglesia Adventista del S\u00e9ptimo D\u00eda - Divisi\u00f3n Interamericana","isPartOf":{"@id":"https:\/\/interamerica.org\/es\/#website"},"primaryImageOfPage":{"@id":"https:\/\/interamerica.org\/es\/2020\/05\/no-son-ellos-somos-nosotros\/#primaryimage"},"image":{"@id":"https:\/\/interamerica.org\/es\/2020\/05\/no-son-ellos-somos-nosotros\/#primaryimage"},"thumbnailUrl":"https:\/\/interamerica.org\/wp-content\/uploads\/2020\/05\/lights-alexandre-debieve-okjrnfr3i0g-unsplash.jpg","datePublished":"2020-05-30T18:20:40+00:00","dateModified":"2020-05-31T16:15:44+00:00","author":{"@id":"https:\/\/interamerica.org\/es\/#\/schema\/person\/29998f2bc2d8bd0d38662909289b54f1"},"breadcrumb":{"@id":"https:\/\/interamerica.org\/es\/2020\/05\/no-son-ellos-somos-nosotros\/#breadcrumb"},"inLanguage":"es","potentialAction":[{"@type":"ReadAction","target":["https:\/\/interamerica.org\/es\/2020\/05\/no-son-ellos-somos-nosotros\/"]}]},{"@type":"ImageObject","inLanguage":"es","@id":"https:\/\/interamerica.org\/es\/2020\/05\/no-son-ellos-somos-nosotros\/#primaryimage","url":"https:\/\/interamerica.org\/wp-content\/uploads\/2020\/05\/lights-alexandre-debieve-okjrnfr3i0g-unsplash.jpg","contentUrl":"https:\/\/interamerica.org\/wp-content\/uploads\/2020\/05\/lights-alexandre-debieve-okjrnfr3i0g-unsplash.jpg","width":1280,"height":800,"caption":"[Fotograf\u00eda: Alexandre Debieve\/unsplash]"},{"@type":"BreadcrumbList","@id":"https:\/\/interamerica.org\/es\/2020\/05\/no-son-ellos-somos-nosotros\/#breadcrumb","itemListElement":[{"@type":"ListItem","position":1,"name":"Home","item":"https:\/\/interamerica.org\/es\/"},{"@type":"ListItem","position":2,"name":"No son ellos. Somos nosotros."}]},{"@type":"WebSite","@id":"https:\/\/interamerica.org\/es\/#website","url":"https:\/\/interamerica.org\/es\/","name":"Iglesia Adventista del S\u00e9ptimo D\u00eda - Divisi\u00f3n Interamericana","description":"","potentialAction":[{"@type":"SearchAction","target":{"@type":"EntryPoint","urlTemplate":"https:\/\/interamerica.org\/es\/?s={search_term_string}"},"query-input":{"@type":"PropertyValueSpecification","valueRequired":true,"valueName":"search_term_string"}}],"inLanguage":"es"},{"@type":"Person","@id":"https:\/\/interamerica.org\/es\/#\/schema\/person\/29998f2bc2d8bd0d38662909289b54f1","name":"libna","image":{"@type":"ImageObject","inLanguage":"es","@id":"https:\/\/secure.gravatar.com\/avatar\/7c5bd30ae4b47a9ba3c856590957fd1d96dc588bf3ac05719d247e126840331f?s=96&d=mm&r=g","url":"https:\/\/secure.gravatar.com\/avatar\/7c5bd30ae4b47a9ba3c856590957fd1d96dc588bf3ac05719d247e126840331f?s=96&d=mm&r=g","contentUrl":"https:\/\/secure.gravatar.com\/avatar\/7c5bd30ae4b47a9ba3c856590957fd1d96dc588bf3ac05719d247e126840331f?s=96&d=mm&r=g","caption":"libna"}}]}},"_links":{"self":[{"href":"https:\/\/interamerica.org\/es\/wp-json\/wp\/v2\/posts\/59303","targetHints":{"allow":["GET"]}}],"collection":[{"href":"https:\/\/interamerica.org\/es\/wp-json\/wp\/v2\/posts"}],"about":[{"href":"https:\/\/interamerica.org\/es\/wp-json\/wp\/v2\/types\/post"}],"author":[{"embeddable":true,"href":"https:\/\/interamerica.org\/es\/wp-json\/wp\/v2\/users\/3"}],"replies":[{"embeddable":true,"href":"https:\/\/interamerica.org\/es\/wp-json\/wp\/v2\/comments?post=59303"}],"version-history":[{"count":0,"href":"https:\/\/interamerica.org\/es\/wp-json\/wp\/v2\/posts\/59303\/revisions"}],"wp:featuredmedia":[{"embeddable":true,"href":"https:\/\/interamerica.org\/es\/wp-json\/wp\/v2\/media\/59300"}],"wp:attachment":[{"href":"https:\/\/interamerica.org\/es\/wp-json\/wp\/v2\/media?parent=59303"}],"wp:term":[{"taxonomy":"category","embeddable":true,"href":"https:\/\/interamerica.org\/es\/wp-json\/wp\/v2\/categories?post=59303"},{"taxonomy":"post_tag","embeddable":true,"href":"https:\/\/interamerica.org\/es\/wp-json\/wp\/v2\/tags?post=59303"}],"curies":[{"name":"wp","href":"https:\/\/api.w.org\/{rel}","templated":true}]}}