{"id":59304,"date":"2020-05-29T20:18:02","date_gmt":"2020-05-30T00:18:02","guid":{"rendered":"https:\/\/recursing-golick.147-182-135-0.plesk.page\/?p=59304"},"modified":"2020-05-31T12:14:51","modified_gmt":"2020-05-31T16:14:51","slug":"congregaciones-post-covid-19","status":"publish","type":"post","link":"https:\/\/interamerica.org\/es\/2020\/05\/congregaciones-post-covid-19\/","title":{"rendered":"Congregaciones Post-COVID-19"},"content":{"rendered":"<p>29 de mayo de 2020 | Silver Spring, Maryland, Estados Unidos | Por Stephen Chavez, Adventist Review<\/p>\n<p>Desde que los t\u00e9rminos \u201cCOVID-19\u201d y \u201ccoronavirus\u201d entraron a nuestro vocabulario, hemos estado escuchando historias e informes sobre instituciones que est\u00e1n pugnando por reinventar una forma de servir a sus comunidades.<\/p>\n<p>Las escuelas han recurrido a la ense\u00f1anza en l\u00ednea. Los restaurantes han cambiado su sistema tradicional de servir a sus clientes dentro de sus recintos, por otras opciones, tales como entregar la comida afuera en la acera; o bien, a trav\u00e9s de servicio de ventanilla para recogerla desde el autom\u00f3vil. Las iglesias han tenido tambi\u00e9n que adaptarse a un ambiente en el que los miembros atienden los servicios de adoraci\u00f3n o las clases de escuela sab\u00e1tica en l\u00ednea. Los servicios de adoraci\u00f3n digitales, que eran antes un recurso utilizado primordialmente por adoradores fuera de su iglesia habitual o por personas confinadas en casa por alguna raz\u00f3n, se han convertido en la norma para muchos adventistas.<\/p>\n<p>Y ahora, al levantarse las restricciones de distancia social en varios estados y comunidades, hemos hablado con algunos pastores y dirigentes acerca de c\u00f3mo perciben que ser\u00e1 la vida de la iglesia en el futuro post pand\u00e9mico.<\/p>\n<p>La Iglesia Adventista del S\u00e9ptimo D\u00eda New Hope, en Fulton, Maryland, es una de muchas iglesias en la Divisi\u00f3n Norteamericana que transmit\u00edan sus servicios de adoraci\u00f3n en l\u00ednea antes de la pandemia del COVID-19. Durante la pandemia, la mayor\u00eda de sus miembros adoraron desde sus hogares y solamente los pastores y dirigentes ven\u00edan al santuario.<\/p>\n<p>En el futuro pr\u00f3ximo, la iglesia tiene todav\u00eda la intenci\u00f3n de reunirse virtualmente. Mike Speegle, pastor principal de la mencionada iglesia New Hope, reconoce la nueva realidad causada por la pandemia.<\/p>\n<p>\u201cNos estamos ajustando a la nueva normalidad\u201d, dijo. \u201cCuando volvamos a reunirnos en persona, lo vamos a hacer en la forma m\u00e1s segura posible para los asistentes y la comunidad\u201d. Puede ver el uso de mascarillas o tapabocas, la pr\u00e1ctica de distancia social y un nuevo acomodo de los asientos, como parte de la estrategia de reanudar la asistencia en persona.<\/p>\n<p>La transmisi\u00f3n en l\u00ednea de las juntas de iglesia, los servicios de adoraci\u00f3n y las clases de Escuela Sab\u00e1tica, pueden tener sus implicaciones tanto positivas como negativas, dependiendo de en qu\u00e9 forma las consideremos.<\/p>\n<p>La conveniencia de no tener que conducir un veh\u00edculo, de poder asistir a los servicios sin tener que vestirse para el caso, o el poder tener acceso a la predicaci\u00f3n del mejor predicador adventista, desde la comodidad de la propia sala o estudio; son todos ellos factores que hacen pensar al personal de las iglesias en cuanto al futuro de la vida de la iglesia. La mayor\u00eda de las iglesias informa una mayor participaci\u00f3n en l\u00ednea. Pero, \u00bfqu\u00e9 ocurrir\u00e1 despu\u00e9s de que termine la amenaza de la pandemia y se disipe la novedad de un servicio de adoraci\u00f3n en l\u00ednea? \u00bfPuede una experiencia de adoraci\u00f3n en l\u00ednea competir con la experiencia en persona? \u00bfSe acostumbrar\u00e1 la gente a recibir su inspiraci\u00f3n en l\u00ednea?<\/p>\n<p>Isai Moran, pastor encargado de adoraci\u00f3n y j\u00f3venes en la iglesia Crosswalk, en Redlands, California, est\u00e1 de acuerdo en que la adoraci\u00f3n en persona no va a ser la misma en un pr\u00f3ximo futuro. El promedio de asistencia a los servicios del s\u00e1bado, antes de la pandemia, era de 1,800 personas. Cuando se restringieron las reuniones p\u00fablicas, las personas continuaron \u201casistiendo\u201d digitalmente a los servicios.<\/p>\n<p>\u201cHemos tenido m\u00e1s de 10,000 \u201casistentes\u201d en forma consistente\u201d, dijo.<\/p>\n<p>Los servicios religiosos en la iglesia Crosswalk, en celebraci\u00f3n de la resurrecci\u00f3n de Cristo, atrajeron tanto como 16,000 espectadores que vieron por lo menos algunos de los servicios de ese fin de semana.<\/p>\n<p>\u201cTenemos ahora que preparar los servicios con todo cuidado, atenci\u00f3n e intencionalidad\u201d, dijo el Pastor Moran.<\/p>\n<p>El Pastor Moran percibe que la asistencia a los servicios de adoraci\u00f3n en el futuro, se ver\u00e1 severamente limitada. \u201cEstamos comenzando a pensar c\u00f3mo ser\u00e1 el poder reunirnos con 100 personas, para comenzar\u201d. Y el nuestro es un local que celebra tres servicios cada s\u00e1bado, con 600 a 700 personas asistiendo a cada servicio.<\/p>\n<p>En la Iglesia Adventista del S\u00e9ptimo D\u00eda Sligo, en Takoma Park, Maryland, la clase de \u00a0Escuela Sab\u00e1tica denominada Fe y Raz\u00f3n, utiliz\u00f3 la pandemia para invitar a presentadores de todo el mundo a participar en sus presentaciones digitales. Gracias a los contactos establecidos por el dirigente de la clase, Charles Sandefur, a trav\u00e9s de muchos a\u00f1os como administrador de la iglesia, la clase pudo escuchar presentaciones de te\u00f3logos, administradores y educadores adventistas de todo el mundo.<\/p>\n<p>\u201cDurante 35 a\u00f1os nuestra clase tuvo siempre maestros \u2018en vivo\u2019\u201d, dijo \u00a0el dirigente Sandefur. \u201cPero ahora hemos llegado a sentirnos tan c\u00f3modos con la ense\u00f1anza en l\u00ednea, que podemos asumir que continuaremos invitando a maestros invitados de nuestra iglesia mundial\u201d.<\/p>\n<p>El director Sandefur hace tambi\u00e9n notar que ha aumentado tambi\u00e9n la asistencia a la clase, no solamente entre los miembros \u201clocales\u201d, sino tambi\u00e9n entre aquellos que se conectan a la clase a distancia. \u201cEso refleja el hambre por una ense\u00f1anza de calidad, que sea b\u00edblica, inquisitiva y atractivamente adventista\u201d.<\/p>\n<p>La pandemia ha revelado que \u201cla iglesia\u201d no es solamente un edificio y que la adoraci\u00f3n no ocurre solamente dentro del templo. La iglesia, el cuerpo de Cristo, es un organismo que se desarrolla y prospera en un ambiente de compa\u00f1erismo, inspiraci\u00f3n y servicio.<\/p>\n<p>\u201cM\u00e1s que cualquier otra cosa\u201d, afirma el Pastor Moran, \u201cla gente extra\u00f1a el poder interactuar con otras personas, cantar y adorar en vivo. La gente desea servir. La gente est\u00e1 ansiosa por regresar a llevar a cabo la obra de hacer crecer el reino de Dios\u201d.<\/p>\n<p>Los tiempos en que vivimos requieren un cierto tipo de valor que les permita a los creyentes ver m\u00e1s all\u00e1 de sus propios temores, a las necesidades de aquellos con quienes entran en comunidad. El mensaje del Pastor Speegle a su congregaci\u00f3n refleja esta tensi\u00f3n:<\/p>\n<p>\u201cEstamos viviendo en estos tiempos tan extra\u00f1os\u201d, dijo. \u201cAs\u00ed que vive valerosamente y vive compasivamente por el reino, independientemente de lo que pase\u201d.<\/p>\n<p><strong>Stephen Chavez<\/strong>\u00a0es editor asistente de <em>Adventist Review.<\/em><\/p>\n<p><em>Traducci\u00f3n \u2013 Gloria A. Castrej\u00f3n<\/em><\/p>\n<p>&nbsp;<\/p>\n<p><span class=\"byline-news\">\u00a0\u00a0\u00a0\u00a0 <\/span><\/p>\n","protected":false},"excerpt":{"rendered":"<p>29 de mayo de 2020 | Silver Spring, Maryland, Estados Unidos | Por Stephen Chavez, Adventist Review Desde que los t\u00e9rminos \u201cCOVID-19\u201d y \u201ccoronavirus\u201d entraron a nuestro vocabulario, hemos estado&#8230;<\/p>\n","protected":false},"author":3,"featured_media":59295,"comment_status":"open","ping_status":"closed","sticky":false,"template":"","format":"standard","meta":{"_acf_changed":false,"footnotes":""},"categories":[14,15],"tags":[],"class_list":["post-59304","post","type-post","status-publish","format-standard","has-post-thumbnail","hentry","category-de-la-iglesia-mundial","category-rss-espanol"],"acf":[],"yoast_head":"<!-- This site is optimized with the Yoast SEO plugin v27.3 - https:\/\/yoast.com\/product\/yoast-seo-wordpress\/ -->\n<title>Congregaciones Post-COVID-19 - Iglesia Adventista del S\u00e9ptimo D\u00eda - Divisi\u00f3n Interamericana<\/title>\n<meta name=\"robots\" content=\"index, follow, max-snippet:-1, max-image-preview:large, max-video-preview:-1\" \/>\n<link rel=\"canonical\" href=\"https:\/\/interamerica.org\/es\/2020\/05\/congregaciones-post-covid-19\/\" \/>\n<meta property=\"og:locale\" content=\"es_ES\" \/>\n<meta property=\"og:type\" content=\"article\" \/>\n<meta property=\"og:title\" content=\"Congregaciones Post-COVID-19 - Iglesia Adventista del S\u00e9ptimo D\u00eda - Divisi\u00f3n Interamericana\" \/>\n<meta property=\"og:description\" content=\"29 de mayo de 2020 | Silver Spring, Maryland, Estados Unidos | Por Stephen Chavez, Adventist Review Desde que los t\u00e9rminos \u201cCOVID-19\u201d y \u201ccoronavirus\u201d entraron a nuestro vocabulario, hemos estado...\" \/>\n<meta property=\"og:url\" content=\"https:\/\/interamerica.org\/es\/2020\/05\/congregaciones-post-covid-19\/\" \/>\n<meta property=\"og:site_name\" content=\"Iglesia Adventista del S\u00e9ptimo D\u00eda - Divisi\u00f3n Interamericana\" \/>\n<meta property=\"article:published_time\" content=\"2020-05-30T00:18:02+00:00\" \/>\n<meta property=\"article:modified_time\" content=\"2020-05-31T16:14:51+00:00\" \/>\n<meta property=\"og:image\" content=\"https:\/\/interamerica.org\/wp-content\/uploads\/2020\/05\/pew-aaron-burden-yii-e4zsevo-unsplash-1280.jpg\" \/>\n\t<meta property=\"og:image:width\" content=\"1280\" \/>\n\t<meta property=\"og:image:height\" content=\"800\" \/>\n\t<meta property=\"og:image:type\" content=\"image\/jpeg\" \/>\n<meta name=\"author\" content=\"libna\" \/>\n<meta name=\"twitter:card\" content=\"summary_large_image\" \/>\n<meta name=\"twitter:label1\" content=\"Escrito por\" \/>\n\t<meta name=\"twitter:data1\" content=\"libna\" \/>\n\t<meta name=\"twitter:label2\" content=\"Tiempo de lectura\" \/>\n\t<meta name=\"twitter:data2\" content=\"5 minutos\" \/>\n<script type=\"application\/ld+json\" class=\"yoast-schema-graph\">{\"@context\":\"https:\\\/\\\/schema.org\",\"@graph\":[{\"@type\":\"Article\",\"@id\":\"https:\\\/\\\/interamerica.org\\\/es\\\/2020\\\/05\\\/congregaciones-post-covid-19\\\/#article\",\"isPartOf\":{\"@id\":\"https:\\\/\\\/interamerica.org\\\/es\\\/2020\\\/05\\\/congregaciones-post-covid-19\\\/\"},\"author\":{\"name\":\"libna\",\"@id\":\"https:\\\/\\\/interamerica.org\\\/es\\\/#\\\/schema\\\/person\\\/29998f2bc2d8bd0d38662909289b54f1\"},\"headline\":\"Congregaciones Post-COVID-19\",\"datePublished\":\"2020-05-30T00:18:02+00:00\",\"dateModified\":\"2020-05-31T16:14:51+00:00\",\"mainEntityOfPage\":{\"@id\":\"https:\\\/\\\/interamerica.org\\\/es\\\/2020\\\/05\\\/congregaciones-post-covid-19\\\/\"},\"wordCount\":1092,\"commentCount\":0,\"image\":{\"@id\":\"https:\\\/\\\/interamerica.org\\\/es\\\/2020\\\/05\\\/congregaciones-post-covid-19\\\/#primaryimage\"},\"thumbnailUrl\":\"https:\\\/\\\/interamerica.org\\\/wp-content\\\/uploads\\\/2020\\\/05\\\/pew-aaron-burden-yii-e4zsevo-unsplash-1280.jpg\",\"articleSection\":[\"Desde la iglesia mundial\",\"RSS Espa\u00f1ol\"],\"inLanguage\":\"es\",\"potentialAction\":[{\"@type\":\"CommentAction\",\"name\":\"Comment\",\"target\":[\"https:\\\/\\\/interamerica.org\\\/es\\\/2020\\\/05\\\/congregaciones-post-covid-19\\\/#respond\"]}]},{\"@type\":\"WebPage\",\"@id\":\"https:\\\/\\\/interamerica.org\\\/es\\\/2020\\\/05\\\/congregaciones-post-covid-19\\\/\",\"url\":\"https:\\\/\\\/interamerica.org\\\/es\\\/2020\\\/05\\\/congregaciones-post-covid-19\\\/\",\"name\":\"Congregaciones Post-COVID-19 - Iglesia Adventista del S\u00e9ptimo D\u00eda - Divisi\u00f3n Interamericana\",\"isPartOf\":{\"@id\":\"https:\\\/\\\/interamerica.org\\\/es\\\/#website\"},\"primaryImageOfPage\":{\"@id\":\"https:\\\/\\\/interamerica.org\\\/es\\\/2020\\\/05\\\/congregaciones-post-covid-19\\\/#primaryimage\"},\"image\":{\"@id\":\"https:\\\/\\\/interamerica.org\\\/es\\\/2020\\\/05\\\/congregaciones-post-covid-19\\\/#primaryimage\"},\"thumbnailUrl\":\"https:\\\/\\\/interamerica.org\\\/wp-content\\\/uploads\\\/2020\\\/05\\\/pew-aaron-burden-yii-e4zsevo-unsplash-1280.jpg\",\"datePublished\":\"2020-05-30T00:18:02+00:00\",\"dateModified\":\"2020-05-31T16:14:51+00:00\",\"author\":{\"@id\":\"https:\\\/\\\/interamerica.org\\\/es\\\/#\\\/schema\\\/person\\\/29998f2bc2d8bd0d38662909289b54f1\"},\"breadcrumb\":{\"@id\":\"https:\\\/\\\/interamerica.org\\\/es\\\/2020\\\/05\\\/congregaciones-post-covid-19\\\/#breadcrumb\"},\"inLanguage\":\"es\",\"potentialAction\":[{\"@type\":\"ReadAction\",\"target\":[\"https:\\\/\\\/interamerica.org\\\/es\\\/2020\\\/05\\\/congregaciones-post-covid-19\\\/\"]}]},{\"@type\":\"ImageObject\",\"inLanguage\":\"es\",\"@id\":\"https:\\\/\\\/interamerica.org\\\/es\\\/2020\\\/05\\\/congregaciones-post-covid-19\\\/#primaryimage\",\"url\":\"https:\\\/\\\/interamerica.org\\\/wp-content\\\/uploads\\\/2020\\\/05\\\/pew-aaron-burden-yii-e4zsevo-unsplash-1280.jpg\",\"contentUrl\":\"https:\\\/\\\/interamerica.org\\\/wp-content\\\/uploads\\\/2020\\\/05\\\/pew-aaron-burden-yii-e4zsevo-unsplash-1280.jpg\",\"width\":1280,\"height\":800,\"caption\":\"[Imagen: Aaron Burden\\\/unsplash]\"},{\"@type\":\"BreadcrumbList\",\"@id\":\"https:\\\/\\\/interamerica.org\\\/es\\\/2020\\\/05\\\/congregaciones-post-covid-19\\\/#breadcrumb\",\"itemListElement\":[{\"@type\":\"ListItem\",\"position\":1,\"name\":\"Home\",\"item\":\"https:\\\/\\\/interamerica.org\\\/es\\\/\"},{\"@type\":\"ListItem\",\"position\":2,\"name\":\"Congregaciones Post-COVID-19\"}]},{\"@type\":\"WebSite\",\"@id\":\"https:\\\/\\\/interamerica.org\\\/es\\\/#website\",\"url\":\"https:\\\/\\\/interamerica.org\\\/es\\\/\",\"name\":\"Iglesia Adventista del S\u00e9ptimo D\u00eda - Divisi\u00f3n Interamericana\",\"description\":\"\",\"potentialAction\":[{\"@type\":\"SearchAction\",\"target\":{\"@type\":\"EntryPoint\",\"urlTemplate\":\"https:\\\/\\\/interamerica.org\\\/es\\\/?s={search_term_string}\"},\"query-input\":{\"@type\":\"PropertyValueSpecification\",\"valueRequired\":true,\"valueName\":\"search_term_string\"}}],\"inLanguage\":\"es\"},{\"@type\":\"Person\",\"@id\":\"https:\\\/\\\/interamerica.org\\\/es\\\/#\\\/schema\\\/person\\\/29998f2bc2d8bd0d38662909289b54f1\",\"name\":\"libna\",\"image\":{\"@type\":\"ImageObject\",\"inLanguage\":\"es\",\"@id\":\"https:\\\/\\\/secure.gravatar.com\\\/avatar\\\/7c5bd30ae4b47a9ba3c856590957fd1d96dc588bf3ac05719d247e126840331f?s=96&d=mm&r=g\",\"url\":\"https:\\\/\\\/secure.gravatar.com\\\/avatar\\\/7c5bd30ae4b47a9ba3c856590957fd1d96dc588bf3ac05719d247e126840331f?s=96&d=mm&r=g\",\"contentUrl\":\"https:\\\/\\\/secure.gravatar.com\\\/avatar\\\/7c5bd30ae4b47a9ba3c856590957fd1d96dc588bf3ac05719d247e126840331f?s=96&d=mm&r=g\",\"caption\":\"libna\"}}]}<\/script>\n<!-- \/ Yoast SEO plugin. -->","yoast_head_json":{"title":"Congregaciones Post-COVID-19 - Iglesia Adventista del S\u00e9ptimo D\u00eda - Divisi\u00f3n Interamericana","robots":{"index":"index","follow":"follow","max-snippet":"max-snippet:-1","max-image-preview":"max-image-preview:large","max-video-preview":"max-video-preview:-1"},"canonical":"https:\/\/interamerica.org\/es\/2020\/05\/congregaciones-post-covid-19\/","og_locale":"es_ES","og_type":"article","og_title":"Congregaciones Post-COVID-19 - Iglesia Adventista del S\u00e9ptimo D\u00eda - Divisi\u00f3n Interamericana","og_description":"29 de mayo de 2020 | Silver Spring, Maryland, Estados Unidos | Por Stephen Chavez, Adventist Review Desde que los t\u00e9rminos \u201cCOVID-19\u201d y \u201ccoronavirus\u201d entraron a nuestro vocabulario, hemos estado...","og_url":"https:\/\/interamerica.org\/es\/2020\/05\/congregaciones-post-covid-19\/","og_site_name":"Iglesia Adventista del S\u00e9ptimo D\u00eda - Divisi\u00f3n Interamericana","article_published_time":"2020-05-30T00:18:02+00:00","article_modified_time":"2020-05-31T16:14:51+00:00","og_image":[{"width":1280,"height":800,"url":"https:\/\/interamerica.org\/wp-content\/uploads\/2020\/05\/pew-aaron-burden-yii-e4zsevo-unsplash-1280.jpg","type":"image\/jpeg"}],"author":"libna","twitter_card":"summary_large_image","twitter_misc":{"Escrito por":"libna","Tiempo de lectura":"5 minutos"},"schema":{"@context":"https:\/\/schema.org","@graph":[{"@type":"Article","@id":"https:\/\/interamerica.org\/es\/2020\/05\/congregaciones-post-covid-19\/#article","isPartOf":{"@id":"https:\/\/interamerica.org\/es\/2020\/05\/congregaciones-post-covid-19\/"},"author":{"name":"libna","@id":"https:\/\/interamerica.org\/es\/#\/schema\/person\/29998f2bc2d8bd0d38662909289b54f1"},"headline":"Congregaciones Post-COVID-19","datePublished":"2020-05-30T00:18:02+00:00","dateModified":"2020-05-31T16:14:51+00:00","mainEntityOfPage":{"@id":"https:\/\/interamerica.org\/es\/2020\/05\/congregaciones-post-covid-19\/"},"wordCount":1092,"commentCount":0,"image":{"@id":"https:\/\/interamerica.org\/es\/2020\/05\/congregaciones-post-covid-19\/#primaryimage"},"thumbnailUrl":"https:\/\/interamerica.org\/wp-content\/uploads\/2020\/05\/pew-aaron-burden-yii-e4zsevo-unsplash-1280.jpg","articleSection":["Desde la iglesia mundial","RSS Espa\u00f1ol"],"inLanguage":"es","potentialAction":[{"@type":"CommentAction","name":"Comment","target":["https:\/\/interamerica.org\/es\/2020\/05\/congregaciones-post-covid-19\/#respond"]}]},{"@type":"WebPage","@id":"https:\/\/interamerica.org\/es\/2020\/05\/congregaciones-post-covid-19\/","url":"https:\/\/interamerica.org\/es\/2020\/05\/congregaciones-post-covid-19\/","name":"Congregaciones Post-COVID-19 - Iglesia Adventista del S\u00e9ptimo D\u00eda - Divisi\u00f3n Interamericana","isPartOf":{"@id":"https:\/\/interamerica.org\/es\/#website"},"primaryImageOfPage":{"@id":"https:\/\/interamerica.org\/es\/2020\/05\/congregaciones-post-covid-19\/#primaryimage"},"image":{"@id":"https:\/\/interamerica.org\/es\/2020\/05\/congregaciones-post-covid-19\/#primaryimage"},"thumbnailUrl":"https:\/\/interamerica.org\/wp-content\/uploads\/2020\/05\/pew-aaron-burden-yii-e4zsevo-unsplash-1280.jpg","datePublished":"2020-05-30T00:18:02+00:00","dateModified":"2020-05-31T16:14:51+00:00","author":{"@id":"https:\/\/interamerica.org\/es\/#\/schema\/person\/29998f2bc2d8bd0d38662909289b54f1"},"breadcrumb":{"@id":"https:\/\/interamerica.org\/es\/2020\/05\/congregaciones-post-covid-19\/#breadcrumb"},"inLanguage":"es","potentialAction":[{"@type":"ReadAction","target":["https:\/\/interamerica.org\/es\/2020\/05\/congregaciones-post-covid-19\/"]}]},{"@type":"ImageObject","inLanguage":"es","@id":"https:\/\/interamerica.org\/es\/2020\/05\/congregaciones-post-covid-19\/#primaryimage","url":"https:\/\/interamerica.org\/wp-content\/uploads\/2020\/05\/pew-aaron-burden-yii-e4zsevo-unsplash-1280.jpg","contentUrl":"https:\/\/interamerica.org\/wp-content\/uploads\/2020\/05\/pew-aaron-burden-yii-e4zsevo-unsplash-1280.jpg","width":1280,"height":800,"caption":"[Imagen: Aaron Burden\/unsplash]"},{"@type":"BreadcrumbList","@id":"https:\/\/interamerica.org\/es\/2020\/05\/congregaciones-post-covid-19\/#breadcrumb","itemListElement":[{"@type":"ListItem","position":1,"name":"Home","item":"https:\/\/interamerica.org\/es\/"},{"@type":"ListItem","position":2,"name":"Congregaciones Post-COVID-19"}]},{"@type":"WebSite","@id":"https:\/\/interamerica.org\/es\/#website","url":"https:\/\/interamerica.org\/es\/","name":"Iglesia Adventista del S\u00e9ptimo D\u00eda - Divisi\u00f3n Interamericana","description":"","potentialAction":[{"@type":"SearchAction","target":{"@type":"EntryPoint","urlTemplate":"https:\/\/interamerica.org\/es\/?s={search_term_string}"},"query-input":{"@type":"PropertyValueSpecification","valueRequired":true,"valueName":"search_term_string"}}],"inLanguage":"es"},{"@type":"Person","@id":"https:\/\/interamerica.org\/es\/#\/schema\/person\/29998f2bc2d8bd0d38662909289b54f1","name":"libna","image":{"@type":"ImageObject","inLanguage":"es","@id":"https:\/\/secure.gravatar.com\/avatar\/7c5bd30ae4b47a9ba3c856590957fd1d96dc588bf3ac05719d247e126840331f?s=96&d=mm&r=g","url":"https:\/\/secure.gravatar.com\/avatar\/7c5bd30ae4b47a9ba3c856590957fd1d96dc588bf3ac05719d247e126840331f?s=96&d=mm&r=g","contentUrl":"https:\/\/secure.gravatar.com\/avatar\/7c5bd30ae4b47a9ba3c856590957fd1d96dc588bf3ac05719d247e126840331f?s=96&d=mm&r=g","caption":"libna"}}]}},"_links":{"self":[{"href":"https:\/\/interamerica.org\/es\/wp-json\/wp\/v2\/posts\/59304","targetHints":{"allow":["GET"]}}],"collection":[{"href":"https:\/\/interamerica.org\/es\/wp-json\/wp\/v2\/posts"}],"about":[{"href":"https:\/\/interamerica.org\/es\/wp-json\/wp\/v2\/types\/post"}],"author":[{"embeddable":true,"href":"https:\/\/interamerica.org\/es\/wp-json\/wp\/v2\/users\/3"}],"replies":[{"embeddable":true,"href":"https:\/\/interamerica.org\/es\/wp-json\/wp\/v2\/comments?post=59304"}],"version-history":[{"count":0,"href":"https:\/\/interamerica.org\/es\/wp-json\/wp\/v2\/posts\/59304\/revisions"}],"wp:featuredmedia":[{"embeddable":true,"href":"https:\/\/interamerica.org\/es\/wp-json\/wp\/v2\/media\/59295"}],"wp:attachment":[{"href":"https:\/\/interamerica.org\/es\/wp-json\/wp\/v2\/media?parent=59304"}],"wp:term":[{"taxonomy":"category","embeddable":true,"href":"https:\/\/interamerica.org\/es\/wp-json\/wp\/v2\/categories?post=59304"},{"taxonomy":"post_tag","embeddable":true,"href":"https:\/\/interamerica.org\/es\/wp-json\/wp\/v2\/tags?post=59304"}],"curies":[{"name":"wp","href":"https:\/\/api.w.org\/{rel}","templated":true}]}}