{"id":59444,"date":"2020-06-03T20:08:19","date_gmt":"2020-06-04T00:08:19","guid":{"rendered":"https:\/\/recursing-golick.147-182-135-0.plesk.page\/?p=59444"},"modified":"2020-06-04T13:50:26","modified_gmt":"2020-06-04T17:50:26","slug":"en-el-salvador-tormenta-tropical-amanda-desplaza-a-familias-adventistas-adra-prepara-la-respuesta-inicial","status":"publish","type":"post","link":"https:\/\/interamerica.org\/es\/2020\/06\/en-el-salvador-tormenta-tropical-amanda-desplaza-a-familias-adventistas-adra-prepara-la-respuesta-inicial\/","title":{"rendered":"En El Salvador, tormenta tropical Amanda desplaza a familias adventistas; ADRA prepara la respuesta inicial"},"content":{"rendered":"<p><div id=\"attachment_59434\" style=\"width: 808px\" class=\"wp-caption aligncenter\"><img fetchpriority=\"high\" decoding=\"async\" aria-describedby=\"caption-attachment-59434\" class=\"wp-image-59432\" src=\"https:\/\/recursing-golick.147-182-135-0.plesk.page\/wp-content\/uploads\/2020\/06\/zulma-rodriguez-ciudad-delgado-corrected.jpg\" alt=\"\" width=\"798\" height=\"499\" srcset=\"https:\/\/interamerica.org\/wp-content\/uploads\/2020\/06\/zulma-rodriguez-ciudad-delgado-corrected.jpg 1000w, https:\/\/interamerica.org\/wp-content\/uploads\/2020\/06\/zulma-rodriguez-ciudad-delgado-corrected-300x188.jpg 300w, https:\/\/interamerica.org\/wp-content\/uploads\/2020\/06\/zulma-rodriguez-ciudad-delgado-corrected-768x480.jpg 768w\" sizes=\"(max-width: 798px) 100vw, 798px\" \/><p id=\"caption-attachment-59434\" class=\"wp-caption-text\">Zulma Rodr\u00edguez, que es adventista del s\u00e9ptimo d\u00eda, contempla la devastaci\u00f3n que caus\u00f3 la tormenta tropical Amanda a su hogar cuando el techo fue arrancado y la estructura de madera fue arrastrada por las lluvias torrenciales el 31 de mayo de 2020, en San Salvador, El Salvador. M\u00e1s de 160 familias adventistas fueron desplazadas despu\u00e9s de que la tormenta azot\u00f3 ese pa\u00eds centroamericano. [Fotograf\u00eda: Cortes\u00eda de Mario Gusm\u00e1n]<\/p><\/div>3 de junio de 2020 | San Salvador, El Salvador | Libna Stevens, Divisi\u00f3n Interamericana<\/p>\n<p>La tormenta tropical Amanda inund\u00f3 El Salvador el 31 de mayo, provocando la muerte de 16 personas y causando da\u00f1os extendidos a las rutas y puentes debido al desborde de los r\u00edos. Miles perdieron sus hogares en zonas ya profundamente afectadas por la pandemia del coronavirus.<\/p>\n<p>Los hogares de m\u00e1s de 160 familias adventistas fueron destruidos o inundados, y muchos de ellos est\u00e1n en refugios, dijeron los l\u00edderes de la iglesia. No se inform\u00f3 de ninguna muerte entre los miembros de iglesia.<\/p>\n<p>\u201cAun en medio de esta situaci\u00f3n que estamos viviendo hoy aqu\u00ed en el El Salvador, con el COVID-19 y los desastres naturales que afectan a tantas personas y a tantos miembros, todos podemos mirar hacia arriba en estos momentos dif\u00edciles, y podemos apoyarnos en Dios\u201d, dijo el pastor Abel Pacheco, presidente de la Iglesia Adventista en El Salvador durante un mensaje especial a los miembros de iglesia en el d\u00eda de ayer. El pastor Pacheco inform\u00f3 que dos miembros de iglesia han fallecido debido al COVID-19, mientras que 21 miembros se han contagiado del virus.<\/p>\n<p><div id=\"attachment_59422\" style=\"width: 527px\" class=\"wp-caption aligncenter\"><img decoding=\"async\" aria-describedby=\"caption-attachment-59422\" class=\" wp-image-59420\" src=\"https:\/\/recursing-golick.147-182-135-0.plesk.page\/wp-content\/uploads\/2020\/06\/el-salvador-barrasalada-church-sonsonate.png\" alt=\"\" width=\"517\" height=\"694\" srcset=\"https:\/\/interamerica.org\/wp-content\/uploads\/2020\/06\/el-salvador-barrasalada-church-sonsonate.png 700w, https:\/\/interamerica.org\/wp-content\/uploads\/2020\/06\/el-salvador-barrasalada-church-sonsonate-223x300.png 223w\" sizes=\"(max-width: 517px) 100vw, 517px\" \/><p id=\"caption-attachment-59422\" class=\"wp-caption-text\">La iglesia adventista de Barra Salada en Sonsonate, en la regi\u00f3n occidental de El Salvador, es hasta el momento la \u00fanica iglesia que inform\u00f3 da\u00f1os a su estructura inundada. [Fotograf\u00eda: Uni\u00f3n Salvadore\u00f1a]<\/p><\/div>El pastor Pacheco anim\u00f3 a los miembros para que contin\u00faen confiando en el \u201cDios que nos protege, en el Dios de los milagros y en el Dios que ayuda en medio de todo lo que est\u00e1 sucediendo en nuestro pa\u00eds, d\u00e1ndonos esperanza en el Se\u00f1or\u201d.<\/p>\n<p>Hasta el momento, solo una iglesia \u2014 la iglesia adventista de Barra Salada en Sonsonate, en la regi\u00f3n occidental del pa\u00eds \u2014 ha sufrido da\u00f1os, seg\u00fan Fabricio Rivera, director de comunicaci\u00f3n de la Iglesia Adventista en El Salvador.<\/p>\n<p>\u201cHemos escuchado de tantos miembros como Zulma Rodr\u00edguez y su esposo Mario Guzm\u00e1n de la ciudad de Delgado, que perdieron todo lo que ten\u00edan\u201d, dijo Rivera.<\/p>\n<p>Muchos como Josu\u00e9 Ortiz, que vive en Sonsonate, pas\u00f3 muchos momentos de angustia cuando el r\u00edo le arranc\u00f3 el frente de su casa, explic\u00f3 Rivera. Pastores locales como el pastor Josu\u00e9 Sol\u00eds en Sonsonate, vestido con su uniforme de Gu\u00eda Mayor, visit\u00f3 a la familia Ortiz y a otras familias para ofrecer consuelo y oraci\u00f3n.<\/p>\n<p><div id=\"attachment_59428\" style=\"width: 810px\" class=\"wp-caption aligncenter\"><img decoding=\"async\" aria-describedby=\"caption-attachment-59428\" class=\" wp-image-59426\" src=\"https:\/\/recursing-golick.147-182-135-0.plesk.page\/wp-content\/uploads\/2020\/06\/josue-solis-oriz-family-1024x640.jpg\" alt=\"\" width=\"800\" height=\"500\" srcset=\"https:\/\/interamerica.org\/wp-content\/uploads\/2020\/06\/josue-solis-oriz-family-1024x640.jpg 1024w, https:\/\/interamerica.org\/wp-content\/uploads\/2020\/06\/josue-solis-oriz-family-300x188.jpg 300w, https:\/\/interamerica.org\/wp-content\/uploads\/2020\/06\/josue-solis-oriz-family-768x480.jpg 768w, https:\/\/interamerica.org\/wp-content\/uploads\/2020\/06\/josue-solis-oriz-family.jpg 1280w\" sizes=\"(max-width: 800px) 100vw, 800px\" \/><p id=\"caption-attachment-59428\" class=\"wp-caption-text\">Vestido en su uniforme de Gu\u00eda Mayor con un chaleco con el logotipo de la Iglesia Adventista del S\u00e9ptimo D\u00eda, el pastor Josu\u00e9 Solis (derecha) ora por la familia Ortiz despu\u00e9s de que su hogar en Sosonante, El Salvador, fue destruido por la tormenta tropical Amanda. [Fotograf\u00eda: Uni\u00f3n Salvadore\u00f1a]<\/p><\/div>Muchas familias adventistas y sus vecinos han buscado refugio, a\u00f1adi\u00f3.<\/p>\n<p>El gobierno ha puesto 160 refugios a disposici\u00f3n e informa que m\u00e1s de 24 mil familias de ese pa\u00eds centroamericano se han visto afectadas.<\/p>\n<p>La Agencia Adventista de Desarrollo y Recursos Asistenciales (ADRA) en El Salvador ya se contactado con distribuidores para adquirir alimentos para ayudar a 800 familias, dijo Juan Pablo Ventura, director de ADRA El Salvador. Fondos de ADRA Internacional, ADRA Interam\u00e9rica y de ADRA El Salvador ser\u00e1n usados para ayudar a unas 300 familias con alimentos b\u00e1sicos y papel higi\u00e9nico para fines de la semana pr\u00f3xima, seg\u00fan Ventura. \u201cEstamos reuniendo fondos adicionales para ayudar a otras 300 familias que necesitan asistencia\u201d, a\u00f1adi\u00f3.<\/p>\n<p>La distribuci\u00f3n de alimentos tendr\u00e1 lugar en las cinco asociaciones locales de El Salvador con la ayuda de pastores de iglesia y voluntarios que distribuir\u00e1n los art\u00edculos a las familias desplazadas.<\/p>\n<p><div id=\"attachment_59425\" style=\"width: 810px\" class=\"wp-caption aligncenter\"><img loading=\"lazy\" decoding=\"async\" aria-describedby=\"caption-attachment-59425\" class=\" wp-image-59423\" src=\"https:\/\/recursing-golick.147-182-135-0.plesk.page\/wp-content\/uploads\/2020\/06\/josue-solis-elsalvador-looks-on-1024x640.jpg\" alt=\"\" width=\"800\" height=\"500\" srcset=\"https:\/\/interamerica.org\/wp-content\/uploads\/2020\/06\/josue-solis-elsalvador-looks-on-1024x640.jpg 1024w, https:\/\/interamerica.org\/wp-content\/uploads\/2020\/06\/josue-solis-elsalvador-looks-on-300x188.jpg 300w, https:\/\/interamerica.org\/wp-content\/uploads\/2020\/06\/josue-solis-elsalvador-looks-on-768x480.jpg 768w, https:\/\/interamerica.org\/wp-content\/uploads\/2020\/06\/josue-solis-elsalvador-looks-on.jpg 1280w\" sizes=\"(max-width: 800px) 100vw, 800px\" \/><p id=\"caption-attachment-59425\" class=\"wp-caption-text\">El pastor Josu\u00e9 Sol\u00eds de Sonsonate, El Salvador, observa la creciente de las aguas que trajo la tormenta tropical Amanda a comienzos de esta semana. [Fotograf\u00eda: Uni\u00f3n Salvadore\u00f1a]<\/p><\/div>Ventura dijo que esta semana ADRA El Salvador ya ha distribuido prendas de vestir para ni\u00f1os y ancianos a cien familias.<\/p>\n<p>\u201cAyer tuvimos tuvimos menos lluvias, pero temprano esta ma\u00f1ana, las lluvias se est\u00e1n intensificando, llevando a que los meteor\u00f3logos afirmen que Amanda trajo la lluvia promedio que cae durante todo el a\u00f1o en el pa\u00eds\u201d, dijo Rivera.<\/p>\n<p>Ahora el pa\u00eds se est\u00e1n preparando para otra tormenta que amenaza a El Salvador en los pr\u00f3ximos d\u00edas, concluy\u00f3 Rivera.<\/p>\n<p>Para saber m\u00e1s sobre la respuesta de ADRA El Salvador, ingrese a Facebook en: <a href=\"https:\/\/www.facebook.com\/adra.elsalvador\/\">adra.elsalvador<\/a><\/p>\n<p><em>Fabricio Rivera contribuy\u00f3 en esta nota.<br \/>\n<\/em><\/p>\n<p>Traducci\u00f3n de Marcos Paseggi<\/p>\n","protected":false},"excerpt":{"rendered":"<p>3 de junio de 2020 | San Salvador, El Salvador | Libna Stevens, Divisi\u00f3n Interamericana La tormenta tropical Amanda inund\u00f3 El Salvador el 31 de mayo, provocando la muerte de&#8230;<\/p>\n","protected":false},"author":3,"featured_media":59434,"comment_status":"open","ping_status":"closed","sticky":false,"template":"","format":"standard","meta":{"_acf_changed":false,"footnotes":""},"categories":[17,15],"tags":[],"class_list":["post-59444","post","type-post","status-publish","format-standard","has-post-thumbnail","hentry","category-desde-el-campo","category-rss-espanol"],"acf":[],"yoast_head":"<!-- This site is optimized with the Yoast SEO plugin v27.3 - https:\/\/yoast.com\/product\/yoast-seo-wordpress\/ -->\n<title>En El Salvador, tormenta tropical Amanda desplaza a familias adventistas; ADRA prepara la respuesta inicial - Iglesia Adventista del S\u00e9ptimo D\u00eda - Divisi\u00f3n Interamericana<\/title>\n<meta name=\"robots\" content=\"index, follow, max-snippet:-1, max-image-preview:large, max-video-preview:-1\" \/>\n<link rel=\"canonical\" href=\"https:\/\/interamerica.org\/es\/2020\/06\/en-el-salvador-tormenta-tropical-amanda-desplaza-a-familias-adventistas-adra-prepara-la-respuesta-inicial\/\" \/>\n<meta property=\"og:locale\" content=\"es_ES\" \/>\n<meta property=\"og:type\" content=\"article\" \/>\n<meta property=\"og:title\" content=\"En El Salvador, tormenta tropical Amanda desplaza a familias adventistas; ADRA prepara la respuesta inicial - Iglesia Adventista del S\u00e9ptimo D\u00eda - Divisi\u00f3n Interamericana\" \/>\n<meta property=\"og:description\" content=\"3 de junio de 2020 | San Salvador, El Salvador | Libna Stevens, Divisi\u00f3n Interamericana La tormenta tropical Amanda inund\u00f3 El Salvador el 31 de mayo, provocando la muerte de...\" \/>\n<meta property=\"og:url\" content=\"https:\/\/interamerica.org\/es\/2020\/06\/en-el-salvador-tormenta-tropical-amanda-desplaza-a-familias-adventistas-adra-prepara-la-respuesta-inicial\/\" \/>\n<meta property=\"og:site_name\" content=\"Iglesia Adventista del S\u00e9ptimo D\u00eda - Divisi\u00f3n Interamericana\" \/>\n<meta property=\"article:published_time\" content=\"2020-06-04T00:08:19+00:00\" \/>\n<meta property=\"article:modified_time\" content=\"2020-06-04T17:50:26+00:00\" \/>\n<meta property=\"og:image\" content=\"https:\/\/interamerica.org\/wp-content\/uploads\/2020\/06\/zulma-rodriguez-ciudad-delgado-corrected.jpg\" \/>\n\t<meta property=\"og:image:width\" content=\"1000\" \/>\n\t<meta property=\"og:image:height\" content=\"625\" \/>\n\t<meta property=\"og:image:type\" content=\"image\/jpeg\" \/>\n<meta name=\"author\" content=\"libna\" \/>\n<meta name=\"twitter:card\" content=\"summary_large_image\" \/>\n<meta name=\"twitter:label1\" content=\"Escrito por\" \/>\n\t<meta name=\"twitter:data1\" content=\"libna\" \/>\n\t<meta name=\"twitter:label2\" content=\"Tiempo de lectura\" \/>\n\t<meta name=\"twitter:data2\" content=\"4 minutos\" \/>\n<script type=\"application\/ld+json\" class=\"yoast-schema-graph\">{\"@context\":\"https:\\\/\\\/schema.org\",\"@graph\":[{\"@type\":\"Article\",\"@id\":\"https:\\\/\\\/interamerica.org\\\/es\\\/2020\\\/06\\\/en-el-salvador-tormenta-tropical-amanda-desplaza-a-familias-adventistas-adra-prepara-la-respuesta-inicial\\\/#article\",\"isPartOf\":{\"@id\":\"https:\\\/\\\/interamerica.org\\\/es\\\/2020\\\/06\\\/en-el-salvador-tormenta-tropical-amanda-desplaza-a-familias-adventistas-adra-prepara-la-respuesta-inicial\\\/\"},\"author\":{\"name\":\"libna\",\"@id\":\"https:\\\/\\\/interamerica.org\\\/es\\\/#\\\/schema\\\/person\\\/29998f2bc2d8bd0d38662909289b54f1\"},\"headline\":\"En El Salvador, tormenta tropical Amanda desplaza a familias adventistas; ADRA prepara la respuesta inicial\",\"datePublished\":\"2020-06-04T00:08:19+00:00\",\"dateModified\":\"2020-06-04T17:50:26+00:00\",\"mainEntityOfPage\":{\"@id\":\"https:\\\/\\\/interamerica.org\\\/es\\\/2020\\\/06\\\/en-el-salvador-tormenta-tropical-amanda-desplaza-a-familias-adventistas-adra-prepara-la-respuesta-inicial\\\/\"},\"wordCount\":885,\"commentCount\":0,\"image\":{\"@id\":\"https:\\\/\\\/interamerica.org\\\/es\\\/2020\\\/06\\\/en-el-salvador-tormenta-tropical-amanda-desplaza-a-familias-adventistas-adra-prepara-la-respuesta-inicial\\\/#primaryimage\"},\"thumbnailUrl\":\"https:\\\/\\\/interamerica.org\\\/wp-content\\\/uploads\\\/2020\\\/06\\\/zulma-rodriguez-ciudad-delgado-corrected.jpg\",\"articleSection\":[\"Desde el campo\",\"RSS Espa\u00f1ol\"],\"inLanguage\":\"es\",\"potentialAction\":[{\"@type\":\"CommentAction\",\"name\":\"Comment\",\"target\":[\"https:\\\/\\\/interamerica.org\\\/es\\\/2020\\\/06\\\/en-el-salvador-tormenta-tropical-amanda-desplaza-a-familias-adventistas-adra-prepara-la-respuesta-inicial\\\/#respond\"]}]},{\"@type\":\"WebPage\",\"@id\":\"https:\\\/\\\/interamerica.org\\\/es\\\/2020\\\/06\\\/en-el-salvador-tormenta-tropical-amanda-desplaza-a-familias-adventistas-adra-prepara-la-respuesta-inicial\\\/\",\"url\":\"https:\\\/\\\/interamerica.org\\\/es\\\/2020\\\/06\\\/en-el-salvador-tormenta-tropical-amanda-desplaza-a-familias-adventistas-adra-prepara-la-respuesta-inicial\\\/\",\"name\":\"En El Salvador, tormenta tropical Amanda desplaza a familias adventistas; ADRA prepara la respuesta inicial - Iglesia Adventista del S\u00e9ptimo D\u00eda - Divisi\u00f3n Interamericana\",\"isPartOf\":{\"@id\":\"https:\\\/\\\/interamerica.org\\\/es\\\/#website\"},\"primaryImageOfPage\":{\"@id\":\"https:\\\/\\\/interamerica.org\\\/es\\\/2020\\\/06\\\/en-el-salvador-tormenta-tropical-amanda-desplaza-a-familias-adventistas-adra-prepara-la-respuesta-inicial\\\/#primaryimage\"},\"image\":{\"@id\":\"https:\\\/\\\/interamerica.org\\\/es\\\/2020\\\/06\\\/en-el-salvador-tormenta-tropical-amanda-desplaza-a-familias-adventistas-adra-prepara-la-respuesta-inicial\\\/#primaryimage\"},\"thumbnailUrl\":\"https:\\\/\\\/interamerica.org\\\/wp-content\\\/uploads\\\/2020\\\/06\\\/zulma-rodriguez-ciudad-delgado-corrected.jpg\",\"datePublished\":\"2020-06-04T00:08:19+00:00\",\"dateModified\":\"2020-06-04T17:50:26+00:00\",\"author\":{\"@id\":\"https:\\\/\\\/interamerica.org\\\/es\\\/#\\\/schema\\\/person\\\/29998f2bc2d8bd0d38662909289b54f1\"},\"breadcrumb\":{\"@id\":\"https:\\\/\\\/interamerica.org\\\/es\\\/2020\\\/06\\\/en-el-salvador-tormenta-tropical-amanda-desplaza-a-familias-adventistas-adra-prepara-la-respuesta-inicial\\\/#breadcrumb\"},\"inLanguage\":\"es\",\"potentialAction\":[{\"@type\":\"ReadAction\",\"target\":[\"https:\\\/\\\/interamerica.org\\\/es\\\/2020\\\/06\\\/en-el-salvador-tormenta-tropical-amanda-desplaza-a-familias-adventistas-adra-prepara-la-respuesta-inicial\\\/\"]}]},{\"@type\":\"ImageObject\",\"inLanguage\":\"es\",\"@id\":\"https:\\\/\\\/interamerica.org\\\/es\\\/2020\\\/06\\\/en-el-salvador-tormenta-tropical-amanda-desplaza-a-familias-adventistas-adra-prepara-la-respuesta-inicial\\\/#primaryimage\",\"url\":\"https:\\\/\\\/interamerica.org\\\/wp-content\\\/uploads\\\/2020\\\/06\\\/zulma-rodriguez-ciudad-delgado-corrected.jpg\",\"contentUrl\":\"https:\\\/\\\/interamerica.org\\\/wp-content\\\/uploads\\\/2020\\\/06\\\/zulma-rodriguez-ciudad-delgado-corrected.jpg\",\"width\":1000,\"height\":625},{\"@type\":\"BreadcrumbList\",\"@id\":\"https:\\\/\\\/interamerica.org\\\/es\\\/2020\\\/06\\\/en-el-salvador-tormenta-tropical-amanda-desplaza-a-familias-adventistas-adra-prepara-la-respuesta-inicial\\\/#breadcrumb\",\"itemListElement\":[{\"@type\":\"ListItem\",\"position\":1,\"name\":\"Home\",\"item\":\"https:\\\/\\\/interamerica.org\\\/es\\\/\"},{\"@type\":\"ListItem\",\"position\":2,\"name\":\"En El Salvador, tormenta tropical Amanda desplaza a familias adventistas; ADRA prepara la respuesta inicial\"}]},{\"@type\":\"WebSite\",\"@id\":\"https:\\\/\\\/interamerica.org\\\/es\\\/#website\",\"url\":\"https:\\\/\\\/interamerica.org\\\/es\\\/\",\"name\":\"Iglesia Adventista del S\u00e9ptimo D\u00eda - Divisi\u00f3n Interamericana\",\"description\":\"\",\"potentialAction\":[{\"@type\":\"SearchAction\",\"target\":{\"@type\":\"EntryPoint\",\"urlTemplate\":\"https:\\\/\\\/interamerica.org\\\/es\\\/?s={search_term_string}\"},\"query-input\":{\"@type\":\"PropertyValueSpecification\",\"valueRequired\":true,\"valueName\":\"search_term_string\"}}],\"inLanguage\":\"es\"},{\"@type\":\"Person\",\"@id\":\"https:\\\/\\\/interamerica.org\\\/es\\\/#\\\/schema\\\/person\\\/29998f2bc2d8bd0d38662909289b54f1\",\"name\":\"libna\",\"image\":{\"@type\":\"ImageObject\",\"inLanguage\":\"es\",\"@id\":\"https:\\\/\\\/secure.gravatar.com\\\/avatar\\\/7c5bd30ae4b47a9ba3c856590957fd1d96dc588bf3ac05719d247e126840331f?s=96&d=mm&r=g\",\"url\":\"https:\\\/\\\/secure.gravatar.com\\\/avatar\\\/7c5bd30ae4b47a9ba3c856590957fd1d96dc588bf3ac05719d247e126840331f?s=96&d=mm&r=g\",\"contentUrl\":\"https:\\\/\\\/secure.gravatar.com\\\/avatar\\\/7c5bd30ae4b47a9ba3c856590957fd1d96dc588bf3ac05719d247e126840331f?s=96&d=mm&r=g\",\"caption\":\"libna\"}}]}<\/script>\n<!-- \/ Yoast SEO plugin. -->","yoast_head_json":{"title":"En El Salvador, tormenta tropical Amanda desplaza a familias adventistas; ADRA prepara la respuesta inicial - Iglesia Adventista del S\u00e9ptimo D\u00eda - Divisi\u00f3n Interamericana","robots":{"index":"index","follow":"follow","max-snippet":"max-snippet:-1","max-image-preview":"max-image-preview:large","max-video-preview":"max-video-preview:-1"},"canonical":"https:\/\/interamerica.org\/es\/2020\/06\/en-el-salvador-tormenta-tropical-amanda-desplaza-a-familias-adventistas-adra-prepara-la-respuesta-inicial\/","og_locale":"es_ES","og_type":"article","og_title":"En El Salvador, tormenta tropical Amanda desplaza a familias adventistas; ADRA prepara la respuesta inicial - Iglesia Adventista del S\u00e9ptimo D\u00eda - Divisi\u00f3n Interamericana","og_description":"3 de junio de 2020 | San Salvador, El Salvador | Libna Stevens, Divisi\u00f3n Interamericana La tormenta tropical Amanda inund\u00f3 El Salvador el 31 de mayo, provocando la muerte de...","og_url":"https:\/\/interamerica.org\/es\/2020\/06\/en-el-salvador-tormenta-tropical-amanda-desplaza-a-familias-adventistas-adra-prepara-la-respuesta-inicial\/","og_site_name":"Iglesia Adventista del S\u00e9ptimo D\u00eda - Divisi\u00f3n Interamericana","article_published_time":"2020-06-04T00:08:19+00:00","article_modified_time":"2020-06-04T17:50:26+00:00","og_image":[{"width":1000,"height":625,"url":"https:\/\/interamerica.org\/wp-content\/uploads\/2020\/06\/zulma-rodriguez-ciudad-delgado-corrected.jpg","type":"image\/jpeg"}],"author":"libna","twitter_card":"summary_large_image","twitter_misc":{"Escrito por":"libna","Tiempo de lectura":"4 minutos"},"schema":{"@context":"https:\/\/schema.org","@graph":[{"@type":"Article","@id":"https:\/\/interamerica.org\/es\/2020\/06\/en-el-salvador-tormenta-tropical-amanda-desplaza-a-familias-adventistas-adra-prepara-la-respuesta-inicial\/#article","isPartOf":{"@id":"https:\/\/interamerica.org\/es\/2020\/06\/en-el-salvador-tormenta-tropical-amanda-desplaza-a-familias-adventistas-adra-prepara-la-respuesta-inicial\/"},"author":{"name":"libna","@id":"https:\/\/interamerica.org\/es\/#\/schema\/person\/29998f2bc2d8bd0d38662909289b54f1"},"headline":"En El Salvador, tormenta tropical Amanda desplaza a familias adventistas; ADRA prepara la respuesta inicial","datePublished":"2020-06-04T00:08:19+00:00","dateModified":"2020-06-04T17:50:26+00:00","mainEntityOfPage":{"@id":"https:\/\/interamerica.org\/es\/2020\/06\/en-el-salvador-tormenta-tropical-amanda-desplaza-a-familias-adventistas-adra-prepara-la-respuesta-inicial\/"},"wordCount":885,"commentCount":0,"image":{"@id":"https:\/\/interamerica.org\/es\/2020\/06\/en-el-salvador-tormenta-tropical-amanda-desplaza-a-familias-adventistas-adra-prepara-la-respuesta-inicial\/#primaryimage"},"thumbnailUrl":"https:\/\/interamerica.org\/wp-content\/uploads\/2020\/06\/zulma-rodriguez-ciudad-delgado-corrected.jpg","articleSection":["Desde el campo","RSS Espa\u00f1ol"],"inLanguage":"es","potentialAction":[{"@type":"CommentAction","name":"Comment","target":["https:\/\/interamerica.org\/es\/2020\/06\/en-el-salvador-tormenta-tropical-amanda-desplaza-a-familias-adventistas-adra-prepara-la-respuesta-inicial\/#respond"]}]},{"@type":"WebPage","@id":"https:\/\/interamerica.org\/es\/2020\/06\/en-el-salvador-tormenta-tropical-amanda-desplaza-a-familias-adventistas-adra-prepara-la-respuesta-inicial\/","url":"https:\/\/interamerica.org\/es\/2020\/06\/en-el-salvador-tormenta-tropical-amanda-desplaza-a-familias-adventistas-adra-prepara-la-respuesta-inicial\/","name":"En El Salvador, tormenta tropical Amanda desplaza a familias adventistas; ADRA prepara la respuesta inicial - Iglesia Adventista del S\u00e9ptimo D\u00eda - Divisi\u00f3n Interamericana","isPartOf":{"@id":"https:\/\/interamerica.org\/es\/#website"},"primaryImageOfPage":{"@id":"https:\/\/interamerica.org\/es\/2020\/06\/en-el-salvador-tormenta-tropical-amanda-desplaza-a-familias-adventistas-adra-prepara-la-respuesta-inicial\/#primaryimage"},"image":{"@id":"https:\/\/interamerica.org\/es\/2020\/06\/en-el-salvador-tormenta-tropical-amanda-desplaza-a-familias-adventistas-adra-prepara-la-respuesta-inicial\/#primaryimage"},"thumbnailUrl":"https:\/\/interamerica.org\/wp-content\/uploads\/2020\/06\/zulma-rodriguez-ciudad-delgado-corrected.jpg","datePublished":"2020-06-04T00:08:19+00:00","dateModified":"2020-06-04T17:50:26+00:00","author":{"@id":"https:\/\/interamerica.org\/es\/#\/schema\/person\/29998f2bc2d8bd0d38662909289b54f1"},"breadcrumb":{"@id":"https:\/\/interamerica.org\/es\/2020\/06\/en-el-salvador-tormenta-tropical-amanda-desplaza-a-familias-adventistas-adra-prepara-la-respuesta-inicial\/#breadcrumb"},"inLanguage":"es","potentialAction":[{"@type":"ReadAction","target":["https:\/\/interamerica.org\/es\/2020\/06\/en-el-salvador-tormenta-tropical-amanda-desplaza-a-familias-adventistas-adra-prepara-la-respuesta-inicial\/"]}]},{"@type":"ImageObject","inLanguage":"es","@id":"https:\/\/interamerica.org\/es\/2020\/06\/en-el-salvador-tormenta-tropical-amanda-desplaza-a-familias-adventistas-adra-prepara-la-respuesta-inicial\/#primaryimage","url":"https:\/\/interamerica.org\/wp-content\/uploads\/2020\/06\/zulma-rodriguez-ciudad-delgado-corrected.jpg","contentUrl":"https:\/\/interamerica.org\/wp-content\/uploads\/2020\/06\/zulma-rodriguez-ciudad-delgado-corrected.jpg","width":1000,"height":625},{"@type":"BreadcrumbList","@id":"https:\/\/interamerica.org\/es\/2020\/06\/en-el-salvador-tormenta-tropical-amanda-desplaza-a-familias-adventistas-adra-prepara-la-respuesta-inicial\/#breadcrumb","itemListElement":[{"@type":"ListItem","position":1,"name":"Home","item":"https:\/\/interamerica.org\/es\/"},{"@type":"ListItem","position":2,"name":"En El Salvador, tormenta tropical Amanda desplaza a familias adventistas; ADRA prepara la respuesta inicial"}]},{"@type":"WebSite","@id":"https:\/\/interamerica.org\/es\/#website","url":"https:\/\/interamerica.org\/es\/","name":"Iglesia Adventista del S\u00e9ptimo D\u00eda - Divisi\u00f3n Interamericana","description":"","potentialAction":[{"@type":"SearchAction","target":{"@type":"EntryPoint","urlTemplate":"https:\/\/interamerica.org\/es\/?s={search_term_string}"},"query-input":{"@type":"PropertyValueSpecification","valueRequired":true,"valueName":"search_term_string"}}],"inLanguage":"es"},{"@type":"Person","@id":"https:\/\/interamerica.org\/es\/#\/schema\/person\/29998f2bc2d8bd0d38662909289b54f1","name":"libna","image":{"@type":"ImageObject","inLanguage":"es","@id":"https:\/\/secure.gravatar.com\/avatar\/7c5bd30ae4b47a9ba3c856590957fd1d96dc588bf3ac05719d247e126840331f?s=96&d=mm&r=g","url":"https:\/\/secure.gravatar.com\/avatar\/7c5bd30ae4b47a9ba3c856590957fd1d96dc588bf3ac05719d247e126840331f?s=96&d=mm&r=g","contentUrl":"https:\/\/secure.gravatar.com\/avatar\/7c5bd30ae4b47a9ba3c856590957fd1d96dc588bf3ac05719d247e126840331f?s=96&d=mm&r=g","caption":"libna"}}]}},"_links":{"self":[{"href":"https:\/\/interamerica.org\/es\/wp-json\/wp\/v2\/posts\/59444","targetHints":{"allow":["GET"]}}],"collection":[{"href":"https:\/\/interamerica.org\/es\/wp-json\/wp\/v2\/posts"}],"about":[{"href":"https:\/\/interamerica.org\/es\/wp-json\/wp\/v2\/types\/post"}],"author":[{"embeddable":true,"href":"https:\/\/interamerica.org\/es\/wp-json\/wp\/v2\/users\/3"}],"replies":[{"embeddable":true,"href":"https:\/\/interamerica.org\/es\/wp-json\/wp\/v2\/comments?post=59444"}],"version-history":[{"count":0,"href":"https:\/\/interamerica.org\/es\/wp-json\/wp\/v2\/posts\/59444\/revisions"}],"wp:featuredmedia":[{"embeddable":true,"href":"https:\/\/interamerica.org\/es\/wp-json\/wp\/v2\/media\/59434"}],"wp:attachment":[{"href":"https:\/\/interamerica.org\/es\/wp-json\/wp\/v2\/media?parent=59444"}],"wp:term":[{"taxonomy":"category","embeddable":true,"href":"https:\/\/interamerica.org\/es\/wp-json\/wp\/v2\/categories?post=59444"},{"taxonomy":"post_tag","embeddable":true,"href":"https:\/\/interamerica.org\/es\/wp-json\/wp\/v2\/tags?post=59444"}],"curies":[{"name":"wp","href":"https:\/\/api.w.org\/{rel}","templated":true}]}}