{"id":59513,"date":"2020-06-06T16:52:38","date_gmt":"2020-06-06T20:52:38","guid":{"rendered":"https:\/\/recursing-golick.147-182-135-0.plesk.page\/?p=59513"},"modified":"2020-06-08T08:19:46","modified_gmt":"2020-06-08T12:19:46","slug":"el-uso-de-internet-y-los-dispositivos-moviles-para-el-crecimiento-espiritual","status":"publish","type":"post","link":"https:\/\/interamerica.org\/es\/2020\/06\/el-uso-de-internet-y-los-dispositivos-moviles-para-el-crecimiento-espiritual\/","title":{"rendered":"El uso de Internet y los dispositivos m\u00f3viles para el crecimiento espiritual"},"content":{"rendered":"<p>6 de junio de 2020 | Silver Spring, Maryland, Estados Unidos | <span class=\"byline-news\">Por<\/span><span class=\"byline-news\"> Equipo de Investigaci\u00f3n y Evaluaci\u00f3n de la ASTR<\/span><\/p>\n<p><span class=\"cap\">En estos momentos de pandemia global, Internet se ha convertido en un salvavidas. Es la principal fuente de informaci\u00f3n relacionada con el COVID-19; un medio para asistir a los cultos de la iglesia donde actualmente est\u00e1n suspendidos. Por sobre todo, es una manera de ver a nuestras familias: en efecto, en muchos casos, de ver simplemente a otros seres humanos. \u00bfQu\u00e9 es lo que sabemos sobre la manear en que los miembros de la Iglesia Adventista del S\u00e9ptimo D\u00eda usan e interact\u00faan con Internet? Nuestro reciente <a href=\"https:\/\/www.adventistresearch.org\/blog\/2020\/04\/social-media-usage-adventist-trends-worldwide\" target=\"_blank\" rel=\"noopener noreferrer\">blog sobre los medios sociales <\/a> examin\u00f3 los h\u00e1bitos de los miembros de la Iglesia Adventista en el mundo en lo que respecta al uso de medios sociales, y cuestion\u00f3 si estamos usando este recursos con todo su potencial para glorificar a Dios. Los investigadores, sin embargo, tambi\u00e9n quisieron descubrir de qu\u00e9 manera los adventistas est\u00e1n usando Internet en general para apoyarlos en su crecimiento espiritual. <\/span><\/p>\n<p>Los datas compartidos que se muestran m\u00e1s abajo han sido extra\u00eddos de 2013 a 2018, mucho antes de la pandemia del COVID-19. A pesar de ello, la informaci\u00f3n resulta tanto interesante como muy importante para los l\u00edderes de la iglesia en momentos en que consideran el uso actual (y sin duda futuro) mucho mayor de las plataformas virtuales.<\/p>\n<p>Como parte de la Encuesta Global de Miembros 2013 (GCMS), se les pregunt\u00f3 a los miembros de iglesia si usaban Internet para que su fe creciera. Casi la mitad (el 45 por ciento), sin embargo, inform\u00f3 que jam\u00e1s lo hac\u00edan, mientras que uno de cada tres participantes informaron usar Internet en moderada o gran medida para el crecimiento de su fe. Fueron dados para pensar dada la inversion que la Iglesia Adventista en todo el mundo ha asignado a varias plataformas virtuales.<\/p>\n<img fetchpriority=\"high\" decoding=\"async\" class=\"aligncenter wp-image-59484\" src=\"https:\/\/recursing-golick.147-182-135-0.plesk.page\/wp-content\/uploads\/2020\/06\/blog-graphic-social-media-2-1.jpg\" alt=\"\" width=\"496\" height=\"373\" srcset=\"https:\/\/interamerica.org\/wp-content\/uploads\/2020\/06\/blog-graphic-social-media-2-1.jpg 756w, https:\/\/interamerica.org\/wp-content\/uploads\/2020\/06\/blog-graphic-social-media-2-1-300x225.jpg 300w\" sizes=\"(max-width: 496px) 100vw, 496px\" \/>\n<p>Entre 2013 y 2018, Internet continu\u00f3 creciendo en capacidad y facilidad de uso; asimismo, las tabletas y tel\u00e9fonos se volvieron m\u00e1s comunes, brindando acceso a Internet virtualmente en cualquier lugar y en todo lugar. Por lo tanto, cuando se llev\u00f3 a cabo la GCMS de 2017-2018, los investigadores quisieron determinar si \u2014y de qu\u00e9 manera\u2014 los miembros usaban sus dispositivos m\u00f3viles para actividades de apoyo espiritual.<\/p>\n<p><strong>Un recurso sorprendemente no utilizado<\/strong><\/p>\n<p>A pesar del enorme potencial de los dispositivos m\u00f3viles, la encuesta de 2018 mostr\u00f3 que los adventistas a\u00fan ten\u00edan un recurso mayormente no utilizado. M\u00e1s de la tercera parte de los encuestados informaron que <em>jam\u00e1s<\/em> usaban su tel\u00e9fono m\u00f3vil o tableta para estudiar la Biblia<sup>1<\/sup> o para sus devociones personales.<sup>2<\/sup> Solo uno de cada nueve encuestados (el 11 por ciento) utilizaba un dispositivo m\u00f3vil con este prop\u00f3sito una vez a la semana, y solo poco m\u00e1s del cuarenta por ciento usaba un dispositivo m\u00f3vil como parte de su estudio b\u00edblico o devociones personales varias veces por semana. Sin embargo, esto apenas excedi\u00f3 la proporci\u00f3n de encuestados para quienes los dispositivos m\u00f3viles no tienen nada que ver con su vida devocional personal.<\/p>\n<p>Aun menos encuestados informaron usar un dispositivo m\u00f3vil para acceder y leer los escritos de Elena White; m\u00e1s de la mitad de los encuestados informaron que jam\u00e1s usaban un dispositivo m\u00f3vil con ese prop\u00f3sito.<sup>3<\/sup> Solo el 11 por ciento lo hac\u00eda m\u00e1s de una vez por semana, y solo el 13 por ciento lo hac\u00eda diariamente.<\/p>\n<img decoding=\"async\" class=\"aligncenter wp-image-59487\" src=\"https:\/\/recursing-golick.147-182-135-0.plesk.page\/wp-content\/uploads\/2020\/06\/blog-graphic-social-media-2-3.jpg\" alt=\"\" width=\"502\" height=\"429\" srcset=\"https:\/\/interamerica.org\/wp-content\/uploads\/2020\/06\/blog-graphic-social-media-2-3.jpg 898w, https:\/\/interamerica.org\/wp-content\/uploads\/2020\/06\/blog-graphic-social-media-2-3-300x257.jpg 300w, https:\/\/interamerica.org\/wp-content\/uploads\/2020\/06\/blog-graphic-social-media-2-3-768x657.jpg 768w\" sizes=\"(max-width: 502px) 100vw, 502px\" \/>\n<p>Los escritos de Elena White pueden consultarse actualmente en l\u00ednea en ingl\u00e9s, alem\u00e1n, franc\u00e9s, espa\u00f1ol, italiano, portugu\u00e9s, ruso, mandar\u00edn, rumano, \u00e1rabe y coreano; como tales, deber\u00eda destacarse que algunos de los encuestados acaso no tengan acceso a los escritos de Elena White en su lengua materna (v\u00e9ase nuestro blog sobre el acceso a las obras de Elena White en las lenguas locales<sup>4<\/sup>). Esta podr\u00eda ser una explicaci\u00f3n para un porcentaje tan elevado de personas que jam\u00e1s usan un tel\u00e9fono celular para leer sus escritos. Otra explicaci\u00f3n, sin embargo, es una falta de conocimiento entre los miembros de iglesia que sus escritos est\u00e1n disponibles en l\u00ednea.<\/p>\n<p><strong>Usar la tecnolog\u00eda de la manera \u201ccorrecta\u201d<\/strong><\/p>\n<p>Internet tiene el potencial de ser un gran recurso, uno que puede ser usado para hacer crecer nuestras relaciones con nuestro Padre celestial, as\u00ed como tambi\u00e9n interactuar con nuestra comunidad cristiana de manera \u00fanica. Internet, sin embargo, tambi\u00e9n puede ser usada para muchas cosas pecaminosas. Elena White nos recuerda: \u201cCuando hay abundancia de ociosidad, Satan\u00e1s trabaja con sus tentaciones para arruinar la vida y el car\u00e1cter\u201d.<sup>5<\/sup> Necesitamos tener cuidado para usar este maravilloso recurso para nuestra edificaci\u00f3n y crecimiento, no permitiendo que \u201cnos meta en tentaci\u00f3n\u201d.<\/p>\n<img decoding=\"async\" class=\"aligncenter wp-image-59490\" src=\"https:\/\/recursing-golick.147-182-135-0.plesk.page\/wp-content\/uploads\/2020\/06\/blog-graphic-social-media-2-2.jpg\" alt=\"\" width=\"494\" height=\"380\" srcset=\"https:\/\/interamerica.org\/wp-content\/uploads\/2020\/06\/blog-graphic-social-media-2-2.jpg 928w, https:\/\/interamerica.org\/wp-content\/uploads\/2020\/06\/blog-graphic-social-media-2-2-300x230.jpg 300w, https:\/\/interamerica.org\/wp-content\/uploads\/2020\/06\/blog-graphic-social-media-2-2-768x590.jpg 768w\" sizes=\"(max-width: 494px) 100vw, 494px\" \/>\n<p>Tambi\u00e9n deber\u00eda destacarse que la tecnolog\u00eda, lo que incluye los medios sociales, las aplicaciones e Internet en general, jam\u00e1s puede remplazar la importancia de las interacciones humanas y nuestra necesidad de la comunidad cristiana. Aunque estas herramientas de comunicaci\u00f3n pueden ser usadas para conectarse con las personas, para mantenerse en contacto con familiares y amigos o aun para compartir el evangelio, no remplazan nuestra necesidad de interacciones cara a cara. \u201cPara hacer disc\u00edpulos, existe la necesidad de que la Iglesia tenga una presencia f\u00edsica. En su mismo centro, la Iglesia es una asamblea de personas que se re\u00fanen entre s\u00ed en persona\u201d.<sup>6<\/sup> A pesar de ello, muchos de nosotros estamos repensando c\u00f3mo se pueden llevar a cabo las interacciones cara a cara. \u00bfSer\u00e1 que los sitios web adventistas quiz\u00e1 necesitan desarrollarse en la direcci\u00f3n de brindar una plataforma para la interacci\u00f3n personal adem\u00e1s de brindar informaci\u00f3n?<\/p>\n<p>Los resultados de las Encuestas Globales a los Miembros de Iglesia brindan muchos elementos para el an\u00e1lisis tanto para los miembros como para los l\u00edderes de la iglesia. Cuando uno considera el uso propio de Internet y la telefon\u00eda m\u00f3vil, \u00bfcu\u00e1n a menudo se dan cuenta de que los ayuda a crecer espiritualmente? Ahora piense: \u00bfC\u00f3mo podr\u00eda cambiar sus h\u00e1bitos para usar esta tecnolog\u00eda para mejorar su vida espiritual? \u00bfConsiderar\u00eda usar sus dispositivos electr\u00f3nicos m\u00e1s a menudo para sus devociones personales? \u00bfEstar\u00eda usted dispuesto a compartir recursos en l\u00ednea para el crecimiento espiritual con sus amigos? Y lo que es tambi\u00e9n importante, \u00bfc\u00f3mo puede usted hacer cambios en su vida que garanticen que sus interacciones con otras personas en l\u00ednea y en persona guardan alg\u00fan equilibrio? \u00bfQu\u00e9 necesitan hacer las aplicaciones y los sitios web adventistas para hacer que sus recursos sean m\u00e1s llamativos, m\u00e1s \u00fatiles, m\u00e1s poderosos desde el punto de vista espiritual? \u00bfQu\u00e9 podemos hacer, como individuos y como iglesia, para usar el poder de Internet de manera m\u00e1s efectiva para la misi\u00f3n y el ministerio? Y en particular, \u00bfc\u00f3mo se pueden usar con mayor efectividad los dispositivos m\u00f3viles que est\u00e1n llegando a ser m\u00e1s importantes que las computadoras para cumplir la Gran Comisi\u00f3n de predicar y ense\u00f1ar?<\/p>\n<p><em>El <strong>Equipo de Investigaciones y Evaluaci\u00f3n de Estad\u00edsticas e Investigaciones Adventistas (ASTR), <\/strong>con sede en la Asociaci\u00f3n General de los Adventistas del S\u00e9ptimo D\u00eda en Silver Spring, Maryland, Estados Unidos, cre\u00f3 este art\u00edculo en colaboraci\u00f3n con el Instituto de Ministerio de Iglesia (https:\/\/icm.adventist.org).<\/em><\/p>\n<div>\n<hr \/>\n<p><sup>1<\/sup>Se puede acceder a la Biblia en los dispositivos m\u00f3viles mediante los siguientes m\u00e9todos: (1) Internet\u2014<a href=\"https:\/\/www.bible.com\/\">https:\/\/www.bible.com<\/a>; (2) iPhone\u2014<a href=\"https:\/\/apps.apple.com\/us\/app\/bible\/id282935706\">https:\/\/apps.apple.com\/us\/app\/bible\/id282935706<\/a>; y (3) Android\u2014<a href=\"https:\/\/play.google.com\/store\/search?q=the%20holy%20bible%20app&amp;c=apps&amp;hl=en_US\">https:\/\/play.google.com\/store\/search?q=the%20holy%20bible%20app&amp;c=apps&amp;hl=en_US<\/a>.<\/p>\n<\/div>\n<p><sup>2<\/sup>Las personas usan diversos enfoques para las devociones personales. Si usted usa la <em>Gu\u00eda de Estudio de la Biblia para la Escuela Sab\u00e1tica de Adultos,<\/em> usted puede acceder a ella en dispositivos m\u00f3viles mediante los siguientes m\u00e9todos: (1) Internet\u2014<a href=\"https:\/\/www.sabbathschoolpersonalministries.org\/international\" target=\"_blank\" rel=\"noopener noreferrer\">https:\/\/www.sabbathschoolpersonalministries.org\/international<\/a>; (2) iPhone app\u2014<a href=\"https:\/\/apps.apple.com\/us\/app\/sabbath-school-quarterly-app\/id874958957\" target=\"_blank\" rel=\"noopener noreferrer\">https:\/\/apps.apple.com\/us\/app\/sabbath-school-quarterly-app\/id874958957<\/a>; (3) aplicaci\u00f3n de Android \u2014<a href=\"https:\/\/play.google.com\/store\/apps\/details?id=com.ergonlabs.SabbathSchool&amp;hl=en_US\" target=\"_blank\" rel=\"noopener noreferrer\">https:\/\/play.google.com\/store\/apps\/details?id=com.ergonlabs.SabbathSchool&amp;hl=en_US<\/a>. Si usted usa los devocionales diarios de Reavivamiento y Reforma, puede acceder a ellos en dispositivos m\u00f3viles mediante los siguientes m\u00e9todos: (1) Internet \u2014<a href=\"https:\/\/www.revivalandreformation.org\/devotional\" target=\"_blank\" rel=\"noopener noreferrer\">https:\/\/www.revivalandreformation.org\/devotional<\/a> y (2) Android\u2014<a href=\"https:\/\/play.google.com\/store\/apps\/details?id=net.flaviosilva.rpsp.Full&amp;hl=en_US\" target=\"_blank\" rel=\"noopener noreferrer\">https:\/\/play.google.com\/store\/apps\/details?id=net.flaviosilva.rpsp.Full&amp;hl=en_US<\/a>.<\/p>\n<p><sup>3<\/sup>Se puede acceder a los escritos de Elena White en los dispositivos m\u00f3viles por medio de los siguientes m\u00e9todos: (1) Internet \u2014<a href=\"https:\/\/egwwritings.org\/\" target=\"_blank\" rel=\"noopener noreferrer\">https:\/\/egwwritings.org\/<\/a>; aplicaci\u00f3n de iPhone \u2014<a href=\"https:\/\/apps.apple.com\/us\/app\/egw-writings\/id374790551\" target=\"_blank\" rel=\"noopener noreferrer\">https:\/\/apps.apple.com\/us\/app\/egw-writings\/id374790551<\/a>; y (3) aplicaci\u00f3n de Android \u2014https:\/\/play.google. com\/store\/apps\/details?id=egw.estate&amp;hl=en_US.<\/p>\n<p><sup>4<\/sup>https:\/\/www.adventistresearch.org\/blog\/2018\/11\/writings-ellen-g-white.<\/p>\n<p><sup>5<\/sup>Elena G. White, <em>Conducci\u00f3n del ni\u00f1o<\/em>(Mountain View, Cal.: Pacific Press Publ. Asoc., 1964), p. 113<em>.<\/em><\/p>\n<p><sup>6<\/sup>J. Wisnewski (2018), \u201cTechnology in the Bible: A short guide to Bible verses about technology\u201d. Consultado en<a href=\"https:\/\/get.tithe.ly\/blog\/technology-in-the-bible\" target=\"_blank\" rel=\"noopener noreferrer\">https:\/\/get.tithe.ly\/blog\/technology-in-the-bible<\/a>.<\/p>\n<p>Traducci\u00f3n de Marcos Paseggi<\/p>\n","protected":false},"excerpt":{"rendered":"<p>6 de junio de 2020 | Silver Spring, Maryland, Estados Unidos | Por Equipo de Investigaci\u00f3n y Evaluaci\u00f3n de la ASTR En estos momentos de pandemia global, Internet se ha&#8230;<\/p>\n","protected":false},"author":3,"featured_media":59482,"comment_status":"open","ping_status":"closed","sticky":false,"template":"","format":"standard","meta":{"_acf_changed":false,"footnotes":""},"categories":[14,15],"tags":[],"class_list":["post-59513","post","type-post","status-publish","format-standard","has-post-thumbnail","hentry","category-de-la-iglesia-mundial","category-rss-espanol"],"acf":[],"yoast_head":"<!-- This site is optimized with the Yoast SEO plugin v27.3 - https:\/\/yoast.com\/product\/yoast-seo-wordpress\/ -->\n<title>El uso de Internet y los dispositivos m\u00f3viles para el crecimiento espiritual - Iglesia Adventista del S\u00e9ptimo D\u00eda - Divisi\u00f3n Interamericana<\/title>\n<meta name=\"robots\" content=\"index, follow, max-snippet:-1, max-image-preview:large, max-video-preview:-1\" \/>\n<link rel=\"canonical\" href=\"https:\/\/interamerica.org\/es\/2020\/06\/el-uso-de-internet-y-los-dispositivos-moviles-para-el-crecimiento-espiritual\/\" \/>\n<meta property=\"og:locale\" content=\"es_ES\" \/>\n<meta property=\"og:type\" content=\"article\" \/>\n<meta property=\"og:title\" content=\"El uso de Internet y los dispositivos m\u00f3viles para el crecimiento espiritual - Iglesia Adventista del S\u00e9ptimo D\u00eda - Divisi\u00f3n Interamericana\" \/>\n<meta property=\"og:description\" content=\"6 de junio de 2020 | Silver Spring, Maryland, Estados Unidos | Por Equipo de Investigaci\u00f3n y Evaluaci\u00f3n de la ASTR En estos momentos de pandemia global, Internet se ha...\" \/>\n<meta property=\"og:url\" content=\"https:\/\/interamerica.org\/es\/2020\/06\/el-uso-de-internet-y-los-dispositivos-moviles-para-el-crecimiento-espiritual\/\" \/>\n<meta property=\"og:site_name\" content=\"Iglesia Adventista del S\u00e9ptimo D\u00eda - Divisi\u00f3n Interamericana\" \/>\n<meta property=\"article:published_time\" content=\"2020-06-06T20:52:38+00:00\" \/>\n<meta property=\"article:modified_time\" content=\"2020-06-08T12:19:46+00:00\" \/>\n<meta property=\"og:image\" content=\"https:\/\/interamerica.org\/wp-content\/uploads\/2020\/06\/computer-john-schnobrich-flpc9-vocj4-unsplash-es.jpg\" \/>\n\t<meta property=\"og:image:width\" content=\"1280\" \/>\n\t<meta property=\"og:image:height\" content=\"800\" \/>\n\t<meta property=\"og:image:type\" content=\"image\/jpeg\" \/>\n<meta name=\"author\" content=\"libna\" \/>\n<meta name=\"twitter:card\" content=\"summary_large_image\" \/>\n<meta name=\"twitter:label1\" content=\"Escrito por\" \/>\n\t<meta name=\"twitter:data1\" content=\"libna\" \/>\n\t<meta name=\"twitter:label2\" content=\"Tiempo de lectura\" \/>\n\t<meta name=\"twitter:data2\" content=\"8 minutos\" \/>\n<script type=\"application\/ld+json\" class=\"yoast-schema-graph\">{\"@context\":\"https:\\\/\\\/schema.org\",\"@graph\":[{\"@type\":\"Article\",\"@id\":\"https:\\\/\\\/interamerica.org\\\/es\\\/2020\\\/06\\\/el-uso-de-internet-y-los-dispositivos-moviles-para-el-crecimiento-espiritual\\\/#article\",\"isPartOf\":{\"@id\":\"https:\\\/\\\/interamerica.org\\\/es\\\/2020\\\/06\\\/el-uso-de-internet-y-los-dispositivos-moviles-para-el-crecimiento-espiritual\\\/\"},\"author\":{\"name\":\"libna\",\"@id\":\"https:\\\/\\\/interamerica.org\\\/es\\\/#\\\/schema\\\/person\\\/29998f2bc2d8bd0d38662909289b54f1\"},\"headline\":\"El uso de Internet y los dispositivos m\u00f3viles para el crecimiento espiritual\",\"datePublished\":\"2020-06-06T20:52:38+00:00\",\"dateModified\":\"2020-06-08T12:19:46+00:00\",\"mainEntityOfPage\":{\"@id\":\"https:\\\/\\\/interamerica.org\\\/es\\\/2020\\\/06\\\/el-uso-de-internet-y-los-dispositivos-moviles-para-el-crecimiento-espiritual\\\/\"},\"wordCount\":1549,\"commentCount\":0,\"image\":{\"@id\":\"https:\\\/\\\/interamerica.org\\\/es\\\/2020\\\/06\\\/el-uso-de-internet-y-los-dispositivos-moviles-para-el-crecimiento-espiritual\\\/#primaryimage\"},\"thumbnailUrl\":\"https:\\\/\\\/interamerica.org\\\/wp-content\\\/uploads\\\/2020\\\/06\\\/computer-john-schnobrich-flpc9-vocj4-unsplash-es.jpg\",\"articleSection\":[\"Desde la iglesia mundial\",\"RSS Espa\u00f1ol\"],\"inLanguage\":\"es\",\"potentialAction\":[{\"@type\":\"CommentAction\",\"name\":\"Comment\",\"target\":[\"https:\\\/\\\/interamerica.org\\\/es\\\/2020\\\/06\\\/el-uso-de-internet-y-los-dispositivos-moviles-para-el-crecimiento-espiritual\\\/#respond\"]}]},{\"@type\":\"WebPage\",\"@id\":\"https:\\\/\\\/interamerica.org\\\/es\\\/2020\\\/06\\\/el-uso-de-internet-y-los-dispositivos-moviles-para-el-crecimiento-espiritual\\\/\",\"url\":\"https:\\\/\\\/interamerica.org\\\/es\\\/2020\\\/06\\\/el-uso-de-internet-y-los-dispositivos-moviles-para-el-crecimiento-espiritual\\\/\",\"name\":\"El uso de Internet y los dispositivos m\u00f3viles para el crecimiento espiritual - Iglesia Adventista del S\u00e9ptimo D\u00eda - Divisi\u00f3n Interamericana\",\"isPartOf\":{\"@id\":\"https:\\\/\\\/interamerica.org\\\/es\\\/#website\"},\"primaryImageOfPage\":{\"@id\":\"https:\\\/\\\/interamerica.org\\\/es\\\/2020\\\/06\\\/el-uso-de-internet-y-los-dispositivos-moviles-para-el-crecimiento-espiritual\\\/#primaryimage\"},\"image\":{\"@id\":\"https:\\\/\\\/interamerica.org\\\/es\\\/2020\\\/06\\\/el-uso-de-internet-y-los-dispositivos-moviles-para-el-crecimiento-espiritual\\\/#primaryimage\"},\"thumbnailUrl\":\"https:\\\/\\\/interamerica.org\\\/wp-content\\\/uploads\\\/2020\\\/06\\\/computer-john-schnobrich-flpc9-vocj4-unsplash-es.jpg\",\"datePublished\":\"2020-06-06T20:52:38+00:00\",\"dateModified\":\"2020-06-08T12:19:46+00:00\",\"author\":{\"@id\":\"https:\\\/\\\/interamerica.org\\\/es\\\/#\\\/schema\\\/person\\\/29998f2bc2d8bd0d38662909289b54f1\"},\"breadcrumb\":{\"@id\":\"https:\\\/\\\/interamerica.org\\\/es\\\/2020\\\/06\\\/el-uso-de-internet-y-los-dispositivos-moviles-para-el-crecimiento-espiritual\\\/#breadcrumb\"},\"inLanguage\":\"es\",\"potentialAction\":[{\"@type\":\"ReadAction\",\"target\":[\"https:\\\/\\\/interamerica.org\\\/es\\\/2020\\\/06\\\/el-uso-de-internet-y-los-dispositivos-moviles-para-el-crecimiento-espiritual\\\/\"]}]},{\"@type\":\"ImageObject\",\"inLanguage\":\"es\",\"@id\":\"https:\\\/\\\/interamerica.org\\\/es\\\/2020\\\/06\\\/el-uso-de-internet-y-los-dispositivos-moviles-para-el-crecimiento-espiritual\\\/#primaryimage\",\"url\":\"https:\\\/\\\/interamerica.org\\\/wp-content\\\/uploads\\\/2020\\\/06\\\/computer-john-schnobrich-flpc9-vocj4-unsplash-es.jpg\",\"contentUrl\":\"https:\\\/\\\/interamerica.org\\\/wp-content\\\/uploads\\\/2020\\\/06\\\/computer-john-schnobrich-flpc9-vocj4-unsplash-es.jpg\",\"width\":1280,\"height\":800,\"caption\":\"[Fotograf\u00eda: John Schnobrich]\"},{\"@type\":\"BreadcrumbList\",\"@id\":\"https:\\\/\\\/interamerica.org\\\/es\\\/2020\\\/06\\\/el-uso-de-internet-y-los-dispositivos-moviles-para-el-crecimiento-espiritual\\\/#breadcrumb\",\"itemListElement\":[{\"@type\":\"ListItem\",\"position\":1,\"name\":\"Home\",\"item\":\"https:\\\/\\\/interamerica.org\\\/es\\\/\"},{\"@type\":\"ListItem\",\"position\":2,\"name\":\"El uso de Internet y los dispositivos m\u00f3viles para el crecimiento espiritual\"}]},{\"@type\":\"WebSite\",\"@id\":\"https:\\\/\\\/interamerica.org\\\/es\\\/#website\",\"url\":\"https:\\\/\\\/interamerica.org\\\/es\\\/\",\"name\":\"Iglesia Adventista del S\u00e9ptimo D\u00eda - Divisi\u00f3n Interamericana\",\"description\":\"\",\"potentialAction\":[{\"@type\":\"SearchAction\",\"target\":{\"@type\":\"EntryPoint\",\"urlTemplate\":\"https:\\\/\\\/interamerica.org\\\/es\\\/?s={search_term_string}\"},\"query-input\":{\"@type\":\"PropertyValueSpecification\",\"valueRequired\":true,\"valueName\":\"search_term_string\"}}],\"inLanguage\":\"es\"},{\"@type\":\"Person\",\"@id\":\"https:\\\/\\\/interamerica.org\\\/es\\\/#\\\/schema\\\/person\\\/29998f2bc2d8bd0d38662909289b54f1\",\"name\":\"libna\",\"image\":{\"@type\":\"ImageObject\",\"inLanguage\":\"es\",\"@id\":\"https:\\\/\\\/secure.gravatar.com\\\/avatar\\\/7c5bd30ae4b47a9ba3c856590957fd1d96dc588bf3ac05719d247e126840331f?s=96&d=mm&r=g\",\"url\":\"https:\\\/\\\/secure.gravatar.com\\\/avatar\\\/7c5bd30ae4b47a9ba3c856590957fd1d96dc588bf3ac05719d247e126840331f?s=96&d=mm&r=g\",\"contentUrl\":\"https:\\\/\\\/secure.gravatar.com\\\/avatar\\\/7c5bd30ae4b47a9ba3c856590957fd1d96dc588bf3ac05719d247e126840331f?s=96&d=mm&r=g\",\"caption\":\"libna\"}}]}<\/script>\n<!-- \/ Yoast SEO plugin. -->","yoast_head_json":{"title":"El uso de Internet y los dispositivos m\u00f3viles para el crecimiento espiritual - Iglesia Adventista del S\u00e9ptimo D\u00eda - Divisi\u00f3n Interamericana","robots":{"index":"index","follow":"follow","max-snippet":"max-snippet:-1","max-image-preview":"max-image-preview:large","max-video-preview":"max-video-preview:-1"},"canonical":"https:\/\/interamerica.org\/es\/2020\/06\/el-uso-de-internet-y-los-dispositivos-moviles-para-el-crecimiento-espiritual\/","og_locale":"es_ES","og_type":"article","og_title":"El uso de Internet y los dispositivos m\u00f3viles para el crecimiento espiritual - Iglesia Adventista del S\u00e9ptimo D\u00eda - Divisi\u00f3n Interamericana","og_description":"6 de junio de 2020 | Silver Spring, Maryland, Estados Unidos | Por Equipo de Investigaci\u00f3n y Evaluaci\u00f3n de la ASTR En estos momentos de pandemia global, Internet se ha...","og_url":"https:\/\/interamerica.org\/es\/2020\/06\/el-uso-de-internet-y-los-dispositivos-moviles-para-el-crecimiento-espiritual\/","og_site_name":"Iglesia Adventista del S\u00e9ptimo D\u00eda - Divisi\u00f3n Interamericana","article_published_time":"2020-06-06T20:52:38+00:00","article_modified_time":"2020-06-08T12:19:46+00:00","og_image":[{"width":1280,"height":800,"url":"https:\/\/interamerica.org\/wp-content\/uploads\/2020\/06\/computer-john-schnobrich-flpc9-vocj4-unsplash-es.jpg","type":"image\/jpeg"}],"author":"libna","twitter_card":"summary_large_image","twitter_misc":{"Escrito por":"libna","Tiempo de lectura":"8 minutos"},"schema":{"@context":"https:\/\/schema.org","@graph":[{"@type":"Article","@id":"https:\/\/interamerica.org\/es\/2020\/06\/el-uso-de-internet-y-los-dispositivos-moviles-para-el-crecimiento-espiritual\/#article","isPartOf":{"@id":"https:\/\/interamerica.org\/es\/2020\/06\/el-uso-de-internet-y-los-dispositivos-moviles-para-el-crecimiento-espiritual\/"},"author":{"name":"libna","@id":"https:\/\/interamerica.org\/es\/#\/schema\/person\/29998f2bc2d8bd0d38662909289b54f1"},"headline":"El uso de Internet y los dispositivos m\u00f3viles para el crecimiento espiritual","datePublished":"2020-06-06T20:52:38+00:00","dateModified":"2020-06-08T12:19:46+00:00","mainEntityOfPage":{"@id":"https:\/\/interamerica.org\/es\/2020\/06\/el-uso-de-internet-y-los-dispositivos-moviles-para-el-crecimiento-espiritual\/"},"wordCount":1549,"commentCount":0,"image":{"@id":"https:\/\/interamerica.org\/es\/2020\/06\/el-uso-de-internet-y-los-dispositivos-moviles-para-el-crecimiento-espiritual\/#primaryimage"},"thumbnailUrl":"https:\/\/interamerica.org\/wp-content\/uploads\/2020\/06\/computer-john-schnobrich-flpc9-vocj4-unsplash-es.jpg","articleSection":["Desde la iglesia mundial","RSS Espa\u00f1ol"],"inLanguage":"es","potentialAction":[{"@type":"CommentAction","name":"Comment","target":["https:\/\/interamerica.org\/es\/2020\/06\/el-uso-de-internet-y-los-dispositivos-moviles-para-el-crecimiento-espiritual\/#respond"]}]},{"@type":"WebPage","@id":"https:\/\/interamerica.org\/es\/2020\/06\/el-uso-de-internet-y-los-dispositivos-moviles-para-el-crecimiento-espiritual\/","url":"https:\/\/interamerica.org\/es\/2020\/06\/el-uso-de-internet-y-los-dispositivos-moviles-para-el-crecimiento-espiritual\/","name":"El uso de Internet y los dispositivos m\u00f3viles para el crecimiento espiritual - Iglesia Adventista del S\u00e9ptimo D\u00eda - Divisi\u00f3n Interamericana","isPartOf":{"@id":"https:\/\/interamerica.org\/es\/#website"},"primaryImageOfPage":{"@id":"https:\/\/interamerica.org\/es\/2020\/06\/el-uso-de-internet-y-los-dispositivos-moviles-para-el-crecimiento-espiritual\/#primaryimage"},"image":{"@id":"https:\/\/interamerica.org\/es\/2020\/06\/el-uso-de-internet-y-los-dispositivos-moviles-para-el-crecimiento-espiritual\/#primaryimage"},"thumbnailUrl":"https:\/\/interamerica.org\/wp-content\/uploads\/2020\/06\/computer-john-schnobrich-flpc9-vocj4-unsplash-es.jpg","datePublished":"2020-06-06T20:52:38+00:00","dateModified":"2020-06-08T12:19:46+00:00","author":{"@id":"https:\/\/interamerica.org\/es\/#\/schema\/person\/29998f2bc2d8bd0d38662909289b54f1"},"breadcrumb":{"@id":"https:\/\/interamerica.org\/es\/2020\/06\/el-uso-de-internet-y-los-dispositivos-moviles-para-el-crecimiento-espiritual\/#breadcrumb"},"inLanguage":"es","potentialAction":[{"@type":"ReadAction","target":["https:\/\/interamerica.org\/es\/2020\/06\/el-uso-de-internet-y-los-dispositivos-moviles-para-el-crecimiento-espiritual\/"]}]},{"@type":"ImageObject","inLanguage":"es","@id":"https:\/\/interamerica.org\/es\/2020\/06\/el-uso-de-internet-y-los-dispositivos-moviles-para-el-crecimiento-espiritual\/#primaryimage","url":"https:\/\/interamerica.org\/wp-content\/uploads\/2020\/06\/computer-john-schnobrich-flpc9-vocj4-unsplash-es.jpg","contentUrl":"https:\/\/interamerica.org\/wp-content\/uploads\/2020\/06\/computer-john-schnobrich-flpc9-vocj4-unsplash-es.jpg","width":1280,"height":800,"caption":"[Fotograf\u00eda: John Schnobrich]"},{"@type":"BreadcrumbList","@id":"https:\/\/interamerica.org\/es\/2020\/06\/el-uso-de-internet-y-los-dispositivos-moviles-para-el-crecimiento-espiritual\/#breadcrumb","itemListElement":[{"@type":"ListItem","position":1,"name":"Home","item":"https:\/\/interamerica.org\/es\/"},{"@type":"ListItem","position":2,"name":"El uso de Internet y los dispositivos m\u00f3viles para el crecimiento espiritual"}]},{"@type":"WebSite","@id":"https:\/\/interamerica.org\/es\/#website","url":"https:\/\/interamerica.org\/es\/","name":"Iglesia Adventista del S\u00e9ptimo D\u00eda - Divisi\u00f3n Interamericana","description":"","potentialAction":[{"@type":"SearchAction","target":{"@type":"EntryPoint","urlTemplate":"https:\/\/interamerica.org\/es\/?s={search_term_string}"},"query-input":{"@type":"PropertyValueSpecification","valueRequired":true,"valueName":"search_term_string"}}],"inLanguage":"es"},{"@type":"Person","@id":"https:\/\/interamerica.org\/es\/#\/schema\/person\/29998f2bc2d8bd0d38662909289b54f1","name":"libna","image":{"@type":"ImageObject","inLanguage":"es","@id":"https:\/\/secure.gravatar.com\/avatar\/7c5bd30ae4b47a9ba3c856590957fd1d96dc588bf3ac05719d247e126840331f?s=96&d=mm&r=g","url":"https:\/\/secure.gravatar.com\/avatar\/7c5bd30ae4b47a9ba3c856590957fd1d96dc588bf3ac05719d247e126840331f?s=96&d=mm&r=g","contentUrl":"https:\/\/secure.gravatar.com\/avatar\/7c5bd30ae4b47a9ba3c856590957fd1d96dc588bf3ac05719d247e126840331f?s=96&d=mm&r=g","caption":"libna"}}]}},"_links":{"self":[{"href":"https:\/\/interamerica.org\/es\/wp-json\/wp\/v2\/posts\/59513","targetHints":{"allow":["GET"]}}],"collection":[{"href":"https:\/\/interamerica.org\/es\/wp-json\/wp\/v2\/posts"}],"about":[{"href":"https:\/\/interamerica.org\/es\/wp-json\/wp\/v2\/types\/post"}],"author":[{"embeddable":true,"href":"https:\/\/interamerica.org\/es\/wp-json\/wp\/v2\/users\/3"}],"replies":[{"embeddable":true,"href":"https:\/\/interamerica.org\/es\/wp-json\/wp\/v2\/comments?post=59513"}],"version-history":[{"count":0,"href":"https:\/\/interamerica.org\/es\/wp-json\/wp\/v2\/posts\/59513\/revisions"}],"wp:featuredmedia":[{"embeddable":true,"href":"https:\/\/interamerica.org\/es\/wp-json\/wp\/v2\/media\/59482"}],"wp:attachment":[{"href":"https:\/\/interamerica.org\/es\/wp-json\/wp\/v2\/media?parent=59513"}],"wp:term":[{"taxonomy":"category","embeddable":true,"href":"https:\/\/interamerica.org\/es\/wp-json\/wp\/v2\/categories?post=59513"},{"taxonomy":"post_tag","embeddable":true,"href":"https:\/\/interamerica.org\/es\/wp-json\/wp\/v2\/tags?post=59513"}],"curies":[{"name":"wp","href":"https:\/\/api.w.org\/{rel}","templated":true}]}}