{"id":59536,"date":"2020-06-08T08:55:17","date_gmt":"2020-06-08T12:55:17","guid":{"rendered":"https:\/\/recursing-golick.147-182-135-0.plesk.page\/?p=59536"},"modified":"2020-06-08T12:27:50","modified_gmt":"2020-06-08T16:27:50","slug":"en-medio-de-los-desafios-de-este-mundo-dios-nos-llama-para-ser-sus-manos-y-pies-y-brindar-sanacion-y-esperanza-a-los-que-nos-rodean","status":"publish","type":"post","link":"https:\/\/interamerica.org\/es\/2020\/06\/en-medio-de-los-desafios-de-este-mundo-dios-nos-llama-para-ser-sus-manos-y-pies-y-brindar-sanacion-y-esperanza-a-los-que-nos-rodean\/","title":{"rendered":"En medio de los desaf\u00edos de este mundo, Dios nos llama para ser sus manos y pies y brindar sanaci\u00f3n y esperanza a los que nos rodean"},"content":{"rendered":"<p><span class=\"byline-news\">6 de junio de 2020 | Silver Spring, Maryland, Estados Unidos | Ted N.C. Wilson, presidente de la Asociaci\u00f3n General de los Adventistas del S\u00e9ptimo D\u00eda<\/span><\/p>\n<p><span class=\"cap\">Saludo a cada uno de ustedes. Esta ha sido una semana muy dif\u00edcil y de grandes desaf\u00edos por las situaciones racistas y llenas de prejuicios, el sufrimiento por el COVID-19 en todo el mundo, la agitaci\u00f3n econ\u00f3mica, el desempleo y tantos otros desaf\u00edos en todo el planeta. Ver\u00e1n ustedes, en todo esto, Dios nos llama a ser sus manos y sus pies, brindando sanaci\u00f3n y esperanza a los que nos rodean. <a class=\"rtBibleRef\" href=\"https:\/\/biblia.com\/bible\/nkjv\/Micah%206.8\" target=\"_blank\" rel=\"noopener noreferrer\" data-reference=\"Micah 6.8\" data-version=\"nkjv\" data-purpose=\"bible-reference\">Miqueas 6:8<\/a> es uno de mis vers\u00edculos favoritos. Lo comparto con muchos l\u00edderes cuando los visito. Es un vers\u00edculo poderoso, y expresa: \u201cHombre, \u00e9l te ha declarado lo que es bueno, lo que pide Jehov\u00e1 de ti: solamente hacer justicia [\u2026].\u201d<\/span><\/p>\n<p>Hacer lo correcto, hacer lo que es justo. \u00bfPero saben qu\u00e9? No siempre hacemos lo correcto. Y as\u00ed es que el Se\u00f1or nos dice en segundo lugar, \u201camar misericordia\u201d. Dios nos muestra su misericordia. Necesitamos mostrar misericordia a otras personas y ayudarlos en su hora de necesidad, y preocuparnos por ellos, y ayudarlos de manera muy especial. Y entonces sigue diciendo: \u201cY humillarte ante tu Dios\u201d. Qu\u00e9 oportunidad para nosotros compartir a Cristo y servirlo con humildad. Mostrar valor a cada ser humano. Mostrar el valor de la dignidad humana, y llevar a Cristo a las personas siendo sus manos y sus pies, mostrando sanaci\u00f3n y esperanza.<\/p>\n<p>Saben, la esperanza es tan importante, y es tan necesaria hoy d\u00eda. Y durante las \u00faltimas semanas, durante todo la pandemia del COVID-19, nos hemos enfocado en los salmos, y en las \u00faltimas dos semanas, en Mateo 24, que son pasajes de esperanza y aliento.<\/p>\n<p>Hoy me gustar\u00eda enfocarse por unos momentos solamente en Mateo 24, y en la parte final del cap\u00edtulos, en los vers\u00edculos 36 al 44. Y mientras analizamos esto, all\u00ed dice: \u201cPero del d\u00eda y la hora nadie sabe, ni aun los \u00e1ngeles de los cielos, sino s\u00f3lo mi Padre\u201d. Solo el Padre sabe cu\u00e1ndo regresar\u00e1 Cristo, pero sabemos que ser\u00e1 pronto.<\/p>\n<p>Y entonces habla de los d\u00edas de No\u00e9, en el vers\u00edculo 37 y el vers\u00edculo 38, de que suceder\u00e1n las mismas cosas. Las personas estar\u00e1n \u201ccomiendo y bebiendo\u201d, y \u201ccas\u00e1ndose y d\u00e1ndose en casamiento\u201d, en el vers\u00edculo 38, \u201cy no entendieron hasta que vino el diluvio y se los llev\u00f3 a todos\u201d. Entonces habla de los individuos que estar\u00e1n en el campo o personas, \u201cdos en el campo\u201d, \u201cDos mujeres estar\u00e1n moliendo en un molino: una ser\u00e1 tomada y la otra ser\u00e1 dejada\u201d, lo que significa<br \/>\nmeaning each of us need to be ready at a time when the Lord is coming, because we don&#8217;t know when that is. And those who are not ready will call for the rocks and the mountains to fall on them. And they will suffer death. But those of us who are looking forward to Christ soon coming, those who have been able to share hope and healing with people, will look up and see our Lord coming, and we will be so excited!<\/p>\n<p>El vers\u00edculo 42 dice: \u201cVelad, pues, porque no sab\u00e9is a qu\u00e9 hora ha de venir vuestro Se\u00f1or\u201d. El vers\u00edculo 44 dice: \u201cPor tanto, tambi\u00e9n vosotros estad preparados, porque el Hijo del hombre vendr\u00e1 a la hora que no pens\u00e1is\u201d. Qu\u00e9 oportunidad para que ustedes y yo seamos las manos y los pies de Cristo y busquemos sanaci\u00f3n y esperanza \u2014esperanza en Cristo\u2014 no solo para el futuro sino para el presente.<\/p>\n<p>Perm\u00edtanme compartir con ustedes una cita maravillosa del esp\u00edritu de profec\u00eda, del libro Eventos de los \u00faltimos d\u00edas, en la p\u00e1gina 204. Es un libro maravilloso. Si no lo tienen, pueden buscarlo y hallarlo en l\u00ednea: Eventos de los \u00faltimos d\u00edas. Y pueden adquirirlo es una librer\u00eda adventista.<\/p>\n<p>Es un hermoso mensaje aqu\u00ed: \u201cEl \u00faltimo mensaje de clemencia que ha de darse al mundo, es una revelaci\u00f3n de su car\u00e1cter de amor\u201d. Esas manos y pies maravillosos de sanaci\u00f3n y esperanza, el Esp\u00edritu Santo obrando por nuestro medio. \u201cLos hijos de Dios han de manifestar su gloria. En su vida y car\u00e1cter han de revelar lo que la gracia de Dios ha hecho por ellos\u201d. Qu\u00e9 oportunidad en estos tiempos sumamente atribulados de mostrar a las personas el amor de Cristo en todo lo que hacemos.<\/p>\n<p>Perm\u00edtanme que ore con ustedes. Padre que est\u00e1s en el cielo, te agradecemos por este maravilloso aliento, y por la esperanza que tenemos en el pronto regreso de Cristo, y por la vida abundante que podemos vivir aqu\u00ed en la tierra cuando lo compartimos con otros, de manera sensible y cuidadosa, siendo las manos y los pies de sanaci\u00f3n y esperanza. Y que el amor de Cristo pueda fluir a trav\u00e9s de cada uno de nosotros, para que las personas sean atra\u00eddas hacia el Se\u00f1or y aprendan de los mensajes de los tres \u00e1ngeles y del pronto regreso de Cristo, mientras lo servimos cada d\u00eda, ayudando a otros a seguir en las huellas de Cristo. Te agradecemos por escucharnos en el nombre de Cristo Jes\u00fas. Am\u00e9n.<\/p>\n<p><iframe title=\"A Special Message of Mercy from Pastor Ted Wilson\" width=\"500\" height=\"281\" src=\"https:\/\/www.youtube.com\/embed\/YsjryFR8RDs?start=4&#038;feature=oembed\" frameborder=\"0\" allow=\"accelerometer; autoplay; clipboard-write; encrypted-media; gyroscope; picture-in-picture; web-share\" referrerpolicy=\"strict-origin-when-cross-origin\" allowfullscreen><\/iframe><\/p>\n<p>Traducci\u00f3n de Marcos Paseggi<\/p>\n","protected":false},"excerpt":{"rendered":"<p>6 de junio de 2020 | Silver Spring, Maryland, Estados Unidos | Ted N.C. Wilson, presidente de la Asociaci\u00f3n General de los Adventistas del S\u00e9ptimo D\u00eda Saludo a cada uno&#8230;<\/p>\n","protected":false},"author":3,"featured_media":59525,"comment_status":"open","ping_status":"closed","sticky":false,"template":"","format":"standard","meta":{"_acf_changed":false,"footnotes":""},"categories":[14,15],"tags":[],"class_list":["post-59536","post","type-post","status-publish","format-standard","has-post-thumbnail","hentry","category-de-la-iglesia-mundial","category-rss-espanol"],"acf":[],"yoast_head":"<!-- This site is optimized with the Yoast SEO plugin v27.3 - https:\/\/yoast.com\/product\/yoast-seo-wordpress\/ -->\n<title>En medio de los desaf\u00edos de este mundo, Dios nos llama para ser sus manos y pies y brindar sanaci\u00f3n y esperanza a los que nos rodean - Iglesia Adventista del S\u00e9ptimo D\u00eda - Divisi\u00f3n Interamericana<\/title>\n<meta name=\"robots\" content=\"index, follow, max-snippet:-1, max-image-preview:large, max-video-preview:-1\" \/>\n<link rel=\"canonical\" href=\"https:\/\/interamerica.org\/es\/2020\/06\/en-medio-de-los-desafios-de-este-mundo-dios-nos-llama-para-ser-sus-manos-y-pies-y-brindar-sanacion-y-esperanza-a-los-que-nos-rodean\/\" \/>\n<meta property=\"og:locale\" content=\"es_ES\" \/>\n<meta property=\"og:type\" content=\"article\" \/>\n<meta property=\"og:title\" content=\"En medio de los desaf\u00edos de este mundo, Dios nos llama para ser sus manos y pies y brindar sanaci\u00f3n y esperanza a los que nos rodean - Iglesia Adventista del S\u00e9ptimo D\u00eda - Divisi\u00f3n Interamericana\" \/>\n<meta property=\"og:description\" content=\"6 de junio de 2020 | Silver Spring, Maryland, Estados Unidos | Ted N.C. Wilson, presidente de la Asociaci\u00f3n General de los Adventistas del S\u00e9ptimo D\u00eda Saludo a cada uno...\" \/>\n<meta property=\"og:url\" content=\"https:\/\/interamerica.org\/es\/2020\/06\/en-medio-de-los-desafios-de-este-mundo-dios-nos-llama-para-ser-sus-manos-y-pies-y-brindar-sanacion-y-esperanza-a-los-que-nos-rodean\/\" \/>\n<meta property=\"og:site_name\" content=\"Iglesia Adventista del S\u00e9ptimo D\u00eda - Divisi\u00f3n Interamericana\" \/>\n<meta property=\"article:published_time\" content=\"2020-06-08T12:55:17+00:00\" \/>\n<meta property=\"article:modified_time\" content=\"2020-06-08T16:27:50+00:00\" \/>\n<meta property=\"og:image\" content=\"https:\/\/interamerica.org\/wp-content\/uploads\/2020\/06\/wilson12.jpg\" \/>\n\t<meta property=\"og:image:width\" content=\"1000\" \/>\n\t<meta property=\"og:image:height\" content=\"500\" \/>\n\t<meta property=\"og:image:type\" content=\"image\/jpeg\" \/>\n<meta name=\"author\" content=\"libna\" \/>\n<meta name=\"twitter:card\" content=\"summary_large_image\" \/>\n<meta name=\"twitter:label1\" content=\"Escrito por\" \/>\n\t<meta name=\"twitter:data1\" content=\"libna\" \/>\n\t<meta name=\"twitter:label2\" content=\"Tiempo de lectura\" \/>\n\t<meta name=\"twitter:data2\" content=\"5 minutos\" \/>\n<script type=\"application\/ld+json\" class=\"yoast-schema-graph\">{\"@context\":\"https:\\\/\\\/schema.org\",\"@graph\":[{\"@type\":\"Article\",\"@id\":\"https:\\\/\\\/interamerica.org\\\/es\\\/2020\\\/06\\\/en-medio-de-los-desafios-de-este-mundo-dios-nos-llama-para-ser-sus-manos-y-pies-y-brindar-sanacion-y-esperanza-a-los-que-nos-rodean\\\/#article\",\"isPartOf\":{\"@id\":\"https:\\\/\\\/interamerica.org\\\/es\\\/2020\\\/06\\\/en-medio-de-los-desafios-de-este-mundo-dios-nos-llama-para-ser-sus-manos-y-pies-y-brindar-sanacion-y-esperanza-a-los-que-nos-rodean\\\/\"},\"author\":{\"name\":\"libna\",\"@id\":\"https:\\\/\\\/interamerica.org\\\/es\\\/#\\\/schema\\\/person\\\/29998f2bc2d8bd0d38662909289b54f1\"},\"headline\":\"En medio de los desaf\u00edos de este mundo, Dios nos llama para ser sus manos y pies y brindar sanaci\u00f3n y esperanza a los que nos rodean\",\"datePublished\":\"2020-06-08T12:55:17+00:00\",\"dateModified\":\"2020-06-08T16:27:50+00:00\",\"mainEntityOfPage\":{\"@id\":\"https:\\\/\\\/interamerica.org\\\/es\\\/2020\\\/06\\\/en-medio-de-los-desafios-de-este-mundo-dios-nos-llama-para-ser-sus-manos-y-pies-y-brindar-sanacion-y-esperanza-a-los-que-nos-rodean\\\/\"},\"wordCount\":950,\"commentCount\":0,\"image\":{\"@id\":\"https:\\\/\\\/interamerica.org\\\/es\\\/2020\\\/06\\\/en-medio-de-los-desafios-de-este-mundo-dios-nos-llama-para-ser-sus-manos-y-pies-y-brindar-sanacion-y-esperanza-a-los-que-nos-rodean\\\/#primaryimage\"},\"thumbnailUrl\":\"https:\\\/\\\/interamerica.org\\\/wp-content\\\/uploads\\\/2020\\\/06\\\/wilson12.jpg\",\"articleSection\":[\"Desde la iglesia mundial\",\"RSS Espa\u00f1ol\"],\"inLanguage\":\"es\",\"potentialAction\":[{\"@type\":\"CommentAction\",\"name\":\"Comment\",\"target\":[\"https:\\\/\\\/interamerica.org\\\/es\\\/2020\\\/06\\\/en-medio-de-los-desafios-de-este-mundo-dios-nos-llama-para-ser-sus-manos-y-pies-y-brindar-sanacion-y-esperanza-a-los-que-nos-rodean\\\/#respond\"]}]},{\"@type\":\"WebPage\",\"@id\":\"https:\\\/\\\/interamerica.org\\\/es\\\/2020\\\/06\\\/en-medio-de-los-desafios-de-este-mundo-dios-nos-llama-para-ser-sus-manos-y-pies-y-brindar-sanacion-y-esperanza-a-los-que-nos-rodean\\\/\",\"url\":\"https:\\\/\\\/interamerica.org\\\/es\\\/2020\\\/06\\\/en-medio-de-los-desafios-de-este-mundo-dios-nos-llama-para-ser-sus-manos-y-pies-y-brindar-sanacion-y-esperanza-a-los-que-nos-rodean\\\/\",\"name\":\"En medio de los desaf\u00edos de este mundo, Dios nos llama para ser sus manos y pies y brindar sanaci\u00f3n y esperanza a los que nos rodean - Iglesia Adventista del S\u00e9ptimo D\u00eda - Divisi\u00f3n Interamericana\",\"isPartOf\":{\"@id\":\"https:\\\/\\\/interamerica.org\\\/es\\\/#website\"},\"primaryImageOfPage\":{\"@id\":\"https:\\\/\\\/interamerica.org\\\/es\\\/2020\\\/06\\\/en-medio-de-los-desafios-de-este-mundo-dios-nos-llama-para-ser-sus-manos-y-pies-y-brindar-sanacion-y-esperanza-a-los-que-nos-rodean\\\/#primaryimage\"},\"image\":{\"@id\":\"https:\\\/\\\/interamerica.org\\\/es\\\/2020\\\/06\\\/en-medio-de-los-desafios-de-este-mundo-dios-nos-llama-para-ser-sus-manos-y-pies-y-brindar-sanacion-y-esperanza-a-los-que-nos-rodean\\\/#primaryimage\"},\"thumbnailUrl\":\"https:\\\/\\\/interamerica.org\\\/wp-content\\\/uploads\\\/2020\\\/06\\\/wilson12.jpg\",\"datePublished\":\"2020-06-08T12:55:17+00:00\",\"dateModified\":\"2020-06-08T16:27:50+00:00\",\"author\":{\"@id\":\"https:\\\/\\\/interamerica.org\\\/es\\\/#\\\/schema\\\/person\\\/29998f2bc2d8bd0d38662909289b54f1\"},\"breadcrumb\":{\"@id\":\"https:\\\/\\\/interamerica.org\\\/es\\\/2020\\\/06\\\/en-medio-de-los-desafios-de-este-mundo-dios-nos-llama-para-ser-sus-manos-y-pies-y-brindar-sanacion-y-esperanza-a-los-que-nos-rodean\\\/#breadcrumb\"},\"inLanguage\":\"es\",\"potentialAction\":[{\"@type\":\"ReadAction\",\"target\":[\"https:\\\/\\\/interamerica.org\\\/es\\\/2020\\\/06\\\/en-medio-de-los-desafios-de-este-mundo-dios-nos-llama-para-ser-sus-manos-y-pies-y-brindar-sanacion-y-esperanza-a-los-que-nos-rodean\\\/\"]}]},{\"@type\":\"ImageObject\",\"inLanguage\":\"es\",\"@id\":\"https:\\\/\\\/interamerica.org\\\/es\\\/2020\\\/06\\\/en-medio-de-los-desafios-de-este-mundo-dios-nos-llama-para-ser-sus-manos-y-pies-y-brindar-sanacion-y-esperanza-a-los-que-nos-rodean\\\/#primaryimage\",\"url\":\"https:\\\/\\\/interamerica.org\\\/wp-content\\\/uploads\\\/2020\\\/06\\\/wilson12.jpg\",\"contentUrl\":\"https:\\\/\\\/interamerica.org\\\/wp-content\\\/uploads\\\/2020\\\/06\\\/wilson12.jpg\",\"width\":1000,\"height\":500},{\"@type\":\"BreadcrumbList\",\"@id\":\"https:\\\/\\\/interamerica.org\\\/es\\\/2020\\\/06\\\/en-medio-de-los-desafios-de-este-mundo-dios-nos-llama-para-ser-sus-manos-y-pies-y-brindar-sanacion-y-esperanza-a-los-que-nos-rodean\\\/#breadcrumb\",\"itemListElement\":[{\"@type\":\"ListItem\",\"position\":1,\"name\":\"Home\",\"item\":\"https:\\\/\\\/interamerica.org\\\/es\\\/\"},{\"@type\":\"ListItem\",\"position\":2,\"name\":\"En medio de los desaf\u00edos de este mundo, Dios nos llama para ser sus manos y pies y brindar sanaci\u00f3n y esperanza a los que nos rodean\"}]},{\"@type\":\"WebSite\",\"@id\":\"https:\\\/\\\/interamerica.org\\\/es\\\/#website\",\"url\":\"https:\\\/\\\/interamerica.org\\\/es\\\/\",\"name\":\"Iglesia Adventista del S\u00e9ptimo D\u00eda - Divisi\u00f3n Interamericana\",\"description\":\"\",\"potentialAction\":[{\"@type\":\"SearchAction\",\"target\":{\"@type\":\"EntryPoint\",\"urlTemplate\":\"https:\\\/\\\/interamerica.org\\\/es\\\/?s={search_term_string}\"},\"query-input\":{\"@type\":\"PropertyValueSpecification\",\"valueRequired\":true,\"valueName\":\"search_term_string\"}}],\"inLanguage\":\"es\"},{\"@type\":\"Person\",\"@id\":\"https:\\\/\\\/interamerica.org\\\/es\\\/#\\\/schema\\\/person\\\/29998f2bc2d8bd0d38662909289b54f1\",\"name\":\"libna\",\"image\":{\"@type\":\"ImageObject\",\"inLanguage\":\"es\",\"@id\":\"https:\\\/\\\/secure.gravatar.com\\\/avatar\\\/7c5bd30ae4b47a9ba3c856590957fd1d96dc588bf3ac05719d247e126840331f?s=96&d=mm&r=g\",\"url\":\"https:\\\/\\\/secure.gravatar.com\\\/avatar\\\/7c5bd30ae4b47a9ba3c856590957fd1d96dc588bf3ac05719d247e126840331f?s=96&d=mm&r=g\",\"contentUrl\":\"https:\\\/\\\/secure.gravatar.com\\\/avatar\\\/7c5bd30ae4b47a9ba3c856590957fd1d96dc588bf3ac05719d247e126840331f?s=96&d=mm&r=g\",\"caption\":\"libna\"}}]}<\/script>\n<!-- \/ Yoast SEO plugin. -->","yoast_head_json":{"title":"En medio de los desaf\u00edos de este mundo, Dios nos llama para ser sus manos y pies y brindar sanaci\u00f3n y esperanza a los que nos rodean - Iglesia Adventista del S\u00e9ptimo D\u00eda - Divisi\u00f3n Interamericana","robots":{"index":"index","follow":"follow","max-snippet":"max-snippet:-1","max-image-preview":"max-image-preview:large","max-video-preview":"max-video-preview:-1"},"canonical":"https:\/\/interamerica.org\/es\/2020\/06\/en-medio-de-los-desafios-de-este-mundo-dios-nos-llama-para-ser-sus-manos-y-pies-y-brindar-sanacion-y-esperanza-a-los-que-nos-rodean\/","og_locale":"es_ES","og_type":"article","og_title":"En medio de los desaf\u00edos de este mundo, Dios nos llama para ser sus manos y pies y brindar sanaci\u00f3n y esperanza a los que nos rodean - Iglesia Adventista del S\u00e9ptimo D\u00eda - Divisi\u00f3n Interamericana","og_description":"6 de junio de 2020 | Silver Spring, Maryland, Estados Unidos | Ted N.C. Wilson, presidente de la Asociaci\u00f3n General de los Adventistas del S\u00e9ptimo D\u00eda Saludo a cada uno...","og_url":"https:\/\/interamerica.org\/es\/2020\/06\/en-medio-de-los-desafios-de-este-mundo-dios-nos-llama-para-ser-sus-manos-y-pies-y-brindar-sanacion-y-esperanza-a-los-que-nos-rodean\/","og_site_name":"Iglesia Adventista del S\u00e9ptimo D\u00eda - Divisi\u00f3n Interamericana","article_published_time":"2020-06-08T12:55:17+00:00","article_modified_time":"2020-06-08T16:27:50+00:00","og_image":[{"width":1000,"height":500,"url":"https:\/\/interamerica.org\/wp-content\/uploads\/2020\/06\/wilson12.jpg","type":"image\/jpeg"}],"author":"libna","twitter_card":"summary_large_image","twitter_misc":{"Escrito por":"libna","Tiempo de lectura":"5 minutos"},"schema":{"@context":"https:\/\/schema.org","@graph":[{"@type":"Article","@id":"https:\/\/interamerica.org\/es\/2020\/06\/en-medio-de-los-desafios-de-este-mundo-dios-nos-llama-para-ser-sus-manos-y-pies-y-brindar-sanacion-y-esperanza-a-los-que-nos-rodean\/#article","isPartOf":{"@id":"https:\/\/interamerica.org\/es\/2020\/06\/en-medio-de-los-desafios-de-este-mundo-dios-nos-llama-para-ser-sus-manos-y-pies-y-brindar-sanacion-y-esperanza-a-los-que-nos-rodean\/"},"author":{"name":"libna","@id":"https:\/\/interamerica.org\/es\/#\/schema\/person\/29998f2bc2d8bd0d38662909289b54f1"},"headline":"En medio de los desaf\u00edos de este mundo, Dios nos llama para ser sus manos y pies y brindar sanaci\u00f3n y esperanza a los que nos rodean","datePublished":"2020-06-08T12:55:17+00:00","dateModified":"2020-06-08T16:27:50+00:00","mainEntityOfPage":{"@id":"https:\/\/interamerica.org\/es\/2020\/06\/en-medio-de-los-desafios-de-este-mundo-dios-nos-llama-para-ser-sus-manos-y-pies-y-brindar-sanacion-y-esperanza-a-los-que-nos-rodean\/"},"wordCount":950,"commentCount":0,"image":{"@id":"https:\/\/interamerica.org\/es\/2020\/06\/en-medio-de-los-desafios-de-este-mundo-dios-nos-llama-para-ser-sus-manos-y-pies-y-brindar-sanacion-y-esperanza-a-los-que-nos-rodean\/#primaryimage"},"thumbnailUrl":"https:\/\/interamerica.org\/wp-content\/uploads\/2020\/06\/wilson12.jpg","articleSection":["Desde la iglesia mundial","RSS Espa\u00f1ol"],"inLanguage":"es","potentialAction":[{"@type":"CommentAction","name":"Comment","target":["https:\/\/interamerica.org\/es\/2020\/06\/en-medio-de-los-desafios-de-este-mundo-dios-nos-llama-para-ser-sus-manos-y-pies-y-brindar-sanacion-y-esperanza-a-los-que-nos-rodean\/#respond"]}]},{"@type":"WebPage","@id":"https:\/\/interamerica.org\/es\/2020\/06\/en-medio-de-los-desafios-de-este-mundo-dios-nos-llama-para-ser-sus-manos-y-pies-y-brindar-sanacion-y-esperanza-a-los-que-nos-rodean\/","url":"https:\/\/interamerica.org\/es\/2020\/06\/en-medio-de-los-desafios-de-este-mundo-dios-nos-llama-para-ser-sus-manos-y-pies-y-brindar-sanacion-y-esperanza-a-los-que-nos-rodean\/","name":"En medio de los desaf\u00edos de este mundo, Dios nos llama para ser sus manos y pies y brindar sanaci\u00f3n y esperanza a los que nos rodean - Iglesia Adventista del S\u00e9ptimo D\u00eda - Divisi\u00f3n Interamericana","isPartOf":{"@id":"https:\/\/interamerica.org\/es\/#website"},"primaryImageOfPage":{"@id":"https:\/\/interamerica.org\/es\/2020\/06\/en-medio-de-los-desafios-de-este-mundo-dios-nos-llama-para-ser-sus-manos-y-pies-y-brindar-sanacion-y-esperanza-a-los-que-nos-rodean\/#primaryimage"},"image":{"@id":"https:\/\/interamerica.org\/es\/2020\/06\/en-medio-de-los-desafios-de-este-mundo-dios-nos-llama-para-ser-sus-manos-y-pies-y-brindar-sanacion-y-esperanza-a-los-que-nos-rodean\/#primaryimage"},"thumbnailUrl":"https:\/\/interamerica.org\/wp-content\/uploads\/2020\/06\/wilson12.jpg","datePublished":"2020-06-08T12:55:17+00:00","dateModified":"2020-06-08T16:27:50+00:00","author":{"@id":"https:\/\/interamerica.org\/es\/#\/schema\/person\/29998f2bc2d8bd0d38662909289b54f1"},"breadcrumb":{"@id":"https:\/\/interamerica.org\/es\/2020\/06\/en-medio-de-los-desafios-de-este-mundo-dios-nos-llama-para-ser-sus-manos-y-pies-y-brindar-sanacion-y-esperanza-a-los-que-nos-rodean\/#breadcrumb"},"inLanguage":"es","potentialAction":[{"@type":"ReadAction","target":["https:\/\/interamerica.org\/es\/2020\/06\/en-medio-de-los-desafios-de-este-mundo-dios-nos-llama-para-ser-sus-manos-y-pies-y-brindar-sanacion-y-esperanza-a-los-que-nos-rodean\/"]}]},{"@type":"ImageObject","inLanguage":"es","@id":"https:\/\/interamerica.org\/es\/2020\/06\/en-medio-de-los-desafios-de-este-mundo-dios-nos-llama-para-ser-sus-manos-y-pies-y-brindar-sanacion-y-esperanza-a-los-que-nos-rodean\/#primaryimage","url":"https:\/\/interamerica.org\/wp-content\/uploads\/2020\/06\/wilson12.jpg","contentUrl":"https:\/\/interamerica.org\/wp-content\/uploads\/2020\/06\/wilson12.jpg","width":1000,"height":500},{"@type":"BreadcrumbList","@id":"https:\/\/interamerica.org\/es\/2020\/06\/en-medio-de-los-desafios-de-este-mundo-dios-nos-llama-para-ser-sus-manos-y-pies-y-brindar-sanacion-y-esperanza-a-los-que-nos-rodean\/#breadcrumb","itemListElement":[{"@type":"ListItem","position":1,"name":"Home","item":"https:\/\/interamerica.org\/es\/"},{"@type":"ListItem","position":2,"name":"En medio de los desaf\u00edos de este mundo, Dios nos llama para ser sus manos y pies y brindar sanaci\u00f3n y esperanza a los que nos rodean"}]},{"@type":"WebSite","@id":"https:\/\/interamerica.org\/es\/#website","url":"https:\/\/interamerica.org\/es\/","name":"Iglesia Adventista del S\u00e9ptimo D\u00eda - Divisi\u00f3n Interamericana","description":"","potentialAction":[{"@type":"SearchAction","target":{"@type":"EntryPoint","urlTemplate":"https:\/\/interamerica.org\/es\/?s={search_term_string}"},"query-input":{"@type":"PropertyValueSpecification","valueRequired":true,"valueName":"search_term_string"}}],"inLanguage":"es"},{"@type":"Person","@id":"https:\/\/interamerica.org\/es\/#\/schema\/person\/29998f2bc2d8bd0d38662909289b54f1","name":"libna","image":{"@type":"ImageObject","inLanguage":"es","@id":"https:\/\/secure.gravatar.com\/avatar\/7c5bd30ae4b47a9ba3c856590957fd1d96dc588bf3ac05719d247e126840331f?s=96&d=mm&r=g","url":"https:\/\/secure.gravatar.com\/avatar\/7c5bd30ae4b47a9ba3c856590957fd1d96dc588bf3ac05719d247e126840331f?s=96&d=mm&r=g","contentUrl":"https:\/\/secure.gravatar.com\/avatar\/7c5bd30ae4b47a9ba3c856590957fd1d96dc588bf3ac05719d247e126840331f?s=96&d=mm&r=g","caption":"libna"}}]}},"_links":{"self":[{"href":"https:\/\/interamerica.org\/es\/wp-json\/wp\/v2\/posts\/59536","targetHints":{"allow":["GET"]}}],"collection":[{"href":"https:\/\/interamerica.org\/es\/wp-json\/wp\/v2\/posts"}],"about":[{"href":"https:\/\/interamerica.org\/es\/wp-json\/wp\/v2\/types\/post"}],"author":[{"embeddable":true,"href":"https:\/\/interamerica.org\/es\/wp-json\/wp\/v2\/users\/3"}],"replies":[{"embeddable":true,"href":"https:\/\/interamerica.org\/es\/wp-json\/wp\/v2\/comments?post=59536"}],"version-history":[{"count":0,"href":"https:\/\/interamerica.org\/es\/wp-json\/wp\/v2\/posts\/59536\/revisions"}],"wp:featuredmedia":[{"embeddable":true,"href":"https:\/\/interamerica.org\/es\/wp-json\/wp\/v2\/media\/59525"}],"wp:attachment":[{"href":"https:\/\/interamerica.org\/es\/wp-json\/wp\/v2\/media?parent=59536"}],"wp:term":[{"taxonomy":"category","embeddable":true,"href":"https:\/\/interamerica.org\/es\/wp-json\/wp\/v2\/categories?post=59536"},{"taxonomy":"post_tag","embeddable":true,"href":"https:\/\/interamerica.org\/es\/wp-json\/wp\/v2\/tags?post=59536"}],"curies":[{"name":"wp","href":"https:\/\/api.w.org\/{rel}","templated":true}]}}