{"id":59631,"date":"2020-06-11T09:51:12","date_gmt":"2020-06-11T13:51:12","guid":{"rendered":"https:\/\/recursing-golick.147-182-135-0.plesk.page\/?p=59631"},"modified":"2020-06-12T20:48:25","modified_gmt":"2020-06-13T00:48:25","slug":"iglesias-adventistas-de-todo-el-mundo-recogeran-una-ofrenda-especial-para-responder-al-covid-19","status":"publish","type":"post","link":"https:\/\/interamerica.org\/es\/2020\/06\/iglesias-adventistas-de-todo-el-mundo-recogeran-una-ofrenda-especial-para-responder-al-covid-19\/","title":{"rendered":"Iglesias adventistas de todo el mundo recoger\u00e1n una ofrenda especial para responder al COVID-19"},"content":{"rendered":"<div class=\"article__meta\"><span class=\"pub_date font--secondary--s gray can-be--white\">9 de junio de 2020<\/span><span class=\"divider\"> | <\/span><span class=\"pub_region font--secondary--s gray can-be--white\">Silver Spring, Maryland, Estados Unidos<\/span><span class=\"divider\"> | <\/span><span class=\"byline font--secondary--s gray can-be--white\">Misi\u00f3n Adventista<\/span><\/div>\n<div>\n<p>Se est\u00e1 pidiendo a las iglesias adventistas de todo el mundo que recojan una ofrenda especial del COVID-19 el pr\u00f3ximo 11 de julio para apoyar a las comunidades devastadas por la pandemia. Los fondos recolectados en las iglesias locales ser\u00e1n usados para ayudar a responder en esa regi\u00f3n del mundo.<\/p>\n<p>Esto significa que todas las ofrendas de Respuesta al COVID-19 dadas por los miembros de iglesia ir\u00e1n a la divisi\u00f3n y a los campos locales para financiar iniciativas para ayudar a los que sufren como resultado de la pandemia. M\u00e1scaras. Art\u00edculos esenciales. Consejer\u00eda\u2026 Lo que haga falta.<\/p>\n<p>Cuando golpea una crisis, es tiempo de que como iglesia nos dediquemos a ayudar a otros. Al momento de escribir este art\u00edculo, m\u00e1s de siete millones de personas en el mundo han contra\u00eddo el virus del COVID-19, y m\u00e1s de 406 mil personas han perdido la vida<sup>1<\/sup>.<\/p>\n<p>Cuando nos despertamos cada ma\u00f1ana, escuchamos las \u00faltimas noticias sobre los vastos n\u00fameros de personas que han perdido la vida despu\u00e9s de contraer el virus del COVID-19. Esos n\u00fameros son m\u00e1s que estad\u00edsticas, porque cada uno es una persona que tiene una familia que los est\u00e1 llorando, y que est\u00e1n luchando ellos mismos contra el impacto de la enfermedad. Y ese hecho solo conecta cada estad\u00edstica con usted y conmigo, y de pronto sentimos el desaf\u00edo de hacer m\u00e1s que tan solo sacudir la cabeza al leer los tristes titulares.<\/p>\n<p>Los miembros de iglesia que est\u00e1n interesados en promocionar esta ofrenda especial pueden contactarse con su divisi\u00f3n y solicitar recursos especiales. Estos incluyen avisos de medios sociales, un p\u00f3ster y llamados a las ofrendas, todos los cuales ellos pueden enviar por correo electr\u00f3nico a los dem\u00e1s miembros.<\/p>\n<p>Entonces, el 11 de julio, los miembros de iglesia pueden marcar en sus sobres de diezmo \u201c<strong>Respuesta al COVID-19<\/strong>\u201d. Y si la iglesia local a\u00fan no puede reunirse f\u00edsicamente, pueden sin embargo contribuir visitando la p\u00e1gina de la ofrenda de su iglesia, asociaci\u00f3n, uni\u00f3n o divisi\u00f3n, o ingresando a <a href=\"https:\/\/am.adventistmission.org\/covid\"><strong>AdventistMission.org\/COVID<\/strong><\/a> para efectuar una donaci\u00f3n voluntaria. Para las iglesias que siguen el Plan de Ofrendas Combinadas, las contribuciones a este llamado se encuentran sobre y m\u00e1s all\u00e1 de la devoluci\u00f3n regular del diezmo y las ofrendas sistem\u00e1ticas por medio de su iglesia local.<\/p>\n<p><sup>1<\/sup> <a href=\"https:\/\/www.worldometers.info\/coronavirus\/?utm_campaign=homeAdUOA?Si%23countries\" target=\"_blank\" rel=\"noopener noreferrer\">https:\/\/www.worldometers.info\/coronavirus\/?utm_campaign=homeAdUOA?Si%23countries<\/a>, visitado el 7 de junio de 2020.<\/p>\n<\/div>\n<p>Traducci\u00f3n de Marcos Paseggi<\/p>\n","protected":false},"excerpt":{"rendered":"<p>9 de junio de 2020 | Silver Spring, Maryland, Estados Unidos | Misi\u00f3n Adventista Se est\u00e1 pidiendo a las iglesias adventistas de todo el mundo que recojan una ofrenda especial&#8230;<\/p>\n","protected":false},"author":3,"featured_media":59628,"comment_status":"open","ping_status":"closed","sticky":false,"template":"","format":"standard","meta":{"_acf_changed":false,"footnotes":""},"categories":[14,15],"tags":[],"class_list":["post-59631","post","type-post","status-publish","format-standard","has-post-thumbnail","hentry","category-de-la-iglesia-mundial","category-rss-espanol"],"acf":[],"yoast_head":"<!-- This site is optimized with the Yoast SEO plugin v27.3 - https:\/\/yoast.com\/product\/yoast-seo-wordpress\/ -->\n<title>Iglesias adventistas de todo el mundo recoger\u00e1n una ofrenda especial para responder al COVID-19 - Iglesia Adventista del S\u00e9ptimo D\u00eda - Divisi\u00f3n Interamericana<\/title>\n<meta name=\"robots\" content=\"index, follow, max-snippet:-1, max-image-preview:large, max-video-preview:-1\" \/>\n<link rel=\"canonical\" href=\"https:\/\/interamerica.org\/es\/2020\/06\/iglesias-adventistas-de-todo-el-mundo-recogeran-una-ofrenda-especial-para-responder-al-covid-19\/\" \/>\n<meta property=\"og:locale\" content=\"es_ES\" \/>\n<meta property=\"og:type\" content=\"article\" \/>\n<meta property=\"og:title\" content=\"Iglesias adventistas de todo el mundo recoger\u00e1n una ofrenda especial para responder al COVID-19 - Iglesia Adventista del S\u00e9ptimo D\u00eda - Divisi\u00f3n Interamericana\" \/>\n<meta property=\"og:description\" content=\"9 de junio de 2020 | Silver Spring, Maryland, Estados Unidos | Misi\u00f3n Adventista Se est\u00e1 pidiendo a las iglesias adventistas de todo el mundo que recojan una ofrenda especial...\" \/>\n<meta property=\"og:url\" content=\"https:\/\/interamerica.org\/es\/2020\/06\/iglesias-adventistas-de-todo-el-mundo-recogeran-una-ofrenda-especial-para-responder-al-covid-19\/\" \/>\n<meta property=\"og:site_name\" content=\"Iglesia Adventista del S\u00e9ptimo D\u00eda - Divisi\u00f3n Interamericana\" \/>\n<meta property=\"article:published_time\" content=\"2020-06-11T13:51:12+00:00\" \/>\n<meta property=\"article:modified_time\" content=\"2020-06-13T00:48:25+00:00\" \/>\n<meta property=\"og:image\" content=\"https:\/\/interamerica.org\/wp-content\/uploads\/2020\/06\/mask-doctor-michael-berdyugin-ywyinnk-toi-unsplash-1280.jpg\" \/>\n\t<meta property=\"og:image:width\" content=\"1280\" \/>\n\t<meta property=\"og:image:height\" content=\"800\" \/>\n\t<meta property=\"og:image:type\" content=\"image\/jpeg\" \/>\n<meta name=\"author\" content=\"libna\" \/>\n<meta name=\"twitter:card\" content=\"summary_large_image\" \/>\n<meta name=\"twitter:label1\" content=\"Escrito por\" \/>\n\t<meta name=\"twitter:data1\" content=\"libna\" \/>\n\t<meta name=\"twitter:label2\" content=\"Tiempo de lectura\" \/>\n\t<meta name=\"twitter:data2\" content=\"2 minutos\" \/>\n<script type=\"application\/ld+json\" class=\"yoast-schema-graph\">{\"@context\":\"https:\\\/\\\/schema.org\",\"@graph\":[{\"@type\":\"Article\",\"@id\":\"https:\\\/\\\/interamerica.org\\\/es\\\/2020\\\/06\\\/iglesias-adventistas-de-todo-el-mundo-recogeran-una-ofrenda-especial-para-responder-al-covid-19\\\/#article\",\"isPartOf\":{\"@id\":\"https:\\\/\\\/interamerica.org\\\/es\\\/2020\\\/06\\\/iglesias-adventistas-de-todo-el-mundo-recogeran-una-ofrenda-especial-para-responder-al-covid-19\\\/\"},\"author\":{\"name\":\"libna\",\"@id\":\"https:\\\/\\\/interamerica.org\\\/es\\\/#\\\/schema\\\/person\\\/29998f2bc2d8bd0d38662909289b54f1\"},\"headline\":\"Iglesias adventistas de todo el mundo recoger\u00e1n una ofrenda especial para responder al COVID-19\",\"datePublished\":\"2020-06-11T13:51:12+00:00\",\"dateModified\":\"2020-06-13T00:48:25+00:00\",\"mainEntityOfPage\":{\"@id\":\"https:\\\/\\\/interamerica.org\\\/es\\\/2020\\\/06\\\/iglesias-adventistas-de-todo-el-mundo-recogeran-una-ofrenda-especial-para-responder-al-covid-19\\\/\"},\"wordCount\":455,\"commentCount\":0,\"image\":{\"@id\":\"https:\\\/\\\/interamerica.org\\\/es\\\/2020\\\/06\\\/iglesias-adventistas-de-todo-el-mundo-recogeran-una-ofrenda-especial-para-responder-al-covid-19\\\/#primaryimage\"},\"thumbnailUrl\":\"https:\\\/\\\/interamerica.org\\\/wp-content\\\/uploads\\\/2020\\\/06\\\/mask-doctor-michael-berdyugin-ywyinnk-toi-unsplash-1280.jpg\",\"articleSection\":[\"Desde la iglesia mundial\",\"RSS Espa\u00f1ol\"],\"inLanguage\":\"es\",\"potentialAction\":[{\"@type\":\"CommentAction\",\"name\":\"Comment\",\"target\":[\"https:\\\/\\\/interamerica.org\\\/es\\\/2020\\\/06\\\/iglesias-adventistas-de-todo-el-mundo-recogeran-una-ofrenda-especial-para-responder-al-covid-19\\\/#respond\"]}]},{\"@type\":\"WebPage\",\"@id\":\"https:\\\/\\\/interamerica.org\\\/es\\\/2020\\\/06\\\/iglesias-adventistas-de-todo-el-mundo-recogeran-una-ofrenda-especial-para-responder-al-covid-19\\\/\",\"url\":\"https:\\\/\\\/interamerica.org\\\/es\\\/2020\\\/06\\\/iglesias-adventistas-de-todo-el-mundo-recogeran-una-ofrenda-especial-para-responder-al-covid-19\\\/\",\"name\":\"Iglesias adventistas de todo el mundo recoger\u00e1n una ofrenda especial para responder al COVID-19 - Iglesia Adventista del S\u00e9ptimo D\u00eda - Divisi\u00f3n Interamericana\",\"isPartOf\":{\"@id\":\"https:\\\/\\\/interamerica.org\\\/es\\\/#website\"},\"primaryImageOfPage\":{\"@id\":\"https:\\\/\\\/interamerica.org\\\/es\\\/2020\\\/06\\\/iglesias-adventistas-de-todo-el-mundo-recogeran-una-ofrenda-especial-para-responder-al-covid-19\\\/#primaryimage\"},\"image\":{\"@id\":\"https:\\\/\\\/interamerica.org\\\/es\\\/2020\\\/06\\\/iglesias-adventistas-de-todo-el-mundo-recogeran-una-ofrenda-especial-para-responder-al-covid-19\\\/#primaryimage\"},\"thumbnailUrl\":\"https:\\\/\\\/interamerica.org\\\/wp-content\\\/uploads\\\/2020\\\/06\\\/mask-doctor-michael-berdyugin-ywyinnk-toi-unsplash-1280.jpg\",\"datePublished\":\"2020-06-11T13:51:12+00:00\",\"dateModified\":\"2020-06-13T00:48:25+00:00\",\"author\":{\"@id\":\"https:\\\/\\\/interamerica.org\\\/es\\\/#\\\/schema\\\/person\\\/29998f2bc2d8bd0d38662909289b54f1\"},\"breadcrumb\":{\"@id\":\"https:\\\/\\\/interamerica.org\\\/es\\\/2020\\\/06\\\/iglesias-adventistas-de-todo-el-mundo-recogeran-una-ofrenda-especial-para-responder-al-covid-19\\\/#breadcrumb\"},\"inLanguage\":\"es\",\"potentialAction\":[{\"@type\":\"ReadAction\",\"target\":[\"https:\\\/\\\/interamerica.org\\\/es\\\/2020\\\/06\\\/iglesias-adventistas-de-todo-el-mundo-recogeran-una-ofrenda-especial-para-responder-al-covid-19\\\/\"]}]},{\"@type\":\"ImageObject\",\"inLanguage\":\"es\",\"@id\":\"https:\\\/\\\/interamerica.org\\\/es\\\/2020\\\/06\\\/iglesias-adventistas-de-todo-el-mundo-recogeran-una-ofrenda-especial-para-responder-al-covid-19\\\/#primaryimage\",\"url\":\"https:\\\/\\\/interamerica.org\\\/wp-content\\\/uploads\\\/2020\\\/06\\\/mask-doctor-michael-berdyugin-ywyinnk-toi-unsplash-1280.jpg\",\"contentUrl\":\"https:\\\/\\\/interamerica.org\\\/wp-content\\\/uploads\\\/2020\\\/06\\\/mask-doctor-michael-berdyugin-ywyinnk-toi-unsplash-1280.jpg\",\"width\":1280,\"height\":800,\"caption\":\"[Fotograf\u00eda: Michael Berdyugin\\\/Unsplash]\"},{\"@type\":\"BreadcrumbList\",\"@id\":\"https:\\\/\\\/interamerica.org\\\/es\\\/2020\\\/06\\\/iglesias-adventistas-de-todo-el-mundo-recogeran-una-ofrenda-especial-para-responder-al-covid-19\\\/#breadcrumb\",\"itemListElement\":[{\"@type\":\"ListItem\",\"position\":1,\"name\":\"Home\",\"item\":\"https:\\\/\\\/interamerica.org\\\/es\\\/\"},{\"@type\":\"ListItem\",\"position\":2,\"name\":\"Iglesias adventistas de todo el mundo recoger\u00e1n una ofrenda especial para responder al COVID-19\"}]},{\"@type\":\"WebSite\",\"@id\":\"https:\\\/\\\/interamerica.org\\\/es\\\/#website\",\"url\":\"https:\\\/\\\/interamerica.org\\\/es\\\/\",\"name\":\"Iglesia Adventista del S\u00e9ptimo D\u00eda - Divisi\u00f3n Interamericana\",\"description\":\"\",\"potentialAction\":[{\"@type\":\"SearchAction\",\"target\":{\"@type\":\"EntryPoint\",\"urlTemplate\":\"https:\\\/\\\/interamerica.org\\\/es\\\/?s={search_term_string}\"},\"query-input\":{\"@type\":\"PropertyValueSpecification\",\"valueRequired\":true,\"valueName\":\"search_term_string\"}}],\"inLanguage\":\"es\"},{\"@type\":\"Person\",\"@id\":\"https:\\\/\\\/interamerica.org\\\/es\\\/#\\\/schema\\\/person\\\/29998f2bc2d8bd0d38662909289b54f1\",\"name\":\"libna\",\"image\":{\"@type\":\"ImageObject\",\"inLanguage\":\"es\",\"@id\":\"https:\\\/\\\/secure.gravatar.com\\\/avatar\\\/7c5bd30ae4b47a9ba3c856590957fd1d96dc588bf3ac05719d247e126840331f?s=96&d=mm&r=g\",\"url\":\"https:\\\/\\\/secure.gravatar.com\\\/avatar\\\/7c5bd30ae4b47a9ba3c856590957fd1d96dc588bf3ac05719d247e126840331f?s=96&d=mm&r=g\",\"contentUrl\":\"https:\\\/\\\/secure.gravatar.com\\\/avatar\\\/7c5bd30ae4b47a9ba3c856590957fd1d96dc588bf3ac05719d247e126840331f?s=96&d=mm&r=g\",\"caption\":\"libna\"}}]}<\/script>\n<!-- \/ Yoast SEO plugin. -->","yoast_head_json":{"title":"Iglesias adventistas de todo el mundo recoger\u00e1n una ofrenda especial para responder al COVID-19 - Iglesia Adventista del S\u00e9ptimo D\u00eda - Divisi\u00f3n Interamericana","robots":{"index":"index","follow":"follow","max-snippet":"max-snippet:-1","max-image-preview":"max-image-preview:large","max-video-preview":"max-video-preview:-1"},"canonical":"https:\/\/interamerica.org\/es\/2020\/06\/iglesias-adventistas-de-todo-el-mundo-recogeran-una-ofrenda-especial-para-responder-al-covid-19\/","og_locale":"es_ES","og_type":"article","og_title":"Iglesias adventistas de todo el mundo recoger\u00e1n una ofrenda especial para responder al COVID-19 - Iglesia Adventista del S\u00e9ptimo D\u00eda - Divisi\u00f3n Interamericana","og_description":"9 de junio de 2020 | Silver Spring, Maryland, Estados Unidos | Misi\u00f3n Adventista Se est\u00e1 pidiendo a las iglesias adventistas de todo el mundo que recojan una ofrenda especial...","og_url":"https:\/\/interamerica.org\/es\/2020\/06\/iglesias-adventistas-de-todo-el-mundo-recogeran-una-ofrenda-especial-para-responder-al-covid-19\/","og_site_name":"Iglesia Adventista del S\u00e9ptimo D\u00eda - Divisi\u00f3n Interamericana","article_published_time":"2020-06-11T13:51:12+00:00","article_modified_time":"2020-06-13T00:48:25+00:00","og_image":[{"width":1280,"height":800,"url":"https:\/\/interamerica.org\/wp-content\/uploads\/2020\/06\/mask-doctor-michael-berdyugin-ywyinnk-toi-unsplash-1280.jpg","type":"image\/jpeg"}],"author":"libna","twitter_card":"summary_large_image","twitter_misc":{"Escrito por":"libna","Tiempo de lectura":"2 minutos"},"schema":{"@context":"https:\/\/schema.org","@graph":[{"@type":"Article","@id":"https:\/\/interamerica.org\/es\/2020\/06\/iglesias-adventistas-de-todo-el-mundo-recogeran-una-ofrenda-especial-para-responder-al-covid-19\/#article","isPartOf":{"@id":"https:\/\/interamerica.org\/es\/2020\/06\/iglesias-adventistas-de-todo-el-mundo-recogeran-una-ofrenda-especial-para-responder-al-covid-19\/"},"author":{"name":"libna","@id":"https:\/\/interamerica.org\/es\/#\/schema\/person\/29998f2bc2d8bd0d38662909289b54f1"},"headline":"Iglesias adventistas de todo el mundo recoger\u00e1n una ofrenda especial para responder al COVID-19","datePublished":"2020-06-11T13:51:12+00:00","dateModified":"2020-06-13T00:48:25+00:00","mainEntityOfPage":{"@id":"https:\/\/interamerica.org\/es\/2020\/06\/iglesias-adventistas-de-todo-el-mundo-recogeran-una-ofrenda-especial-para-responder-al-covid-19\/"},"wordCount":455,"commentCount":0,"image":{"@id":"https:\/\/interamerica.org\/es\/2020\/06\/iglesias-adventistas-de-todo-el-mundo-recogeran-una-ofrenda-especial-para-responder-al-covid-19\/#primaryimage"},"thumbnailUrl":"https:\/\/interamerica.org\/wp-content\/uploads\/2020\/06\/mask-doctor-michael-berdyugin-ywyinnk-toi-unsplash-1280.jpg","articleSection":["Desde la iglesia mundial","RSS Espa\u00f1ol"],"inLanguage":"es","potentialAction":[{"@type":"CommentAction","name":"Comment","target":["https:\/\/interamerica.org\/es\/2020\/06\/iglesias-adventistas-de-todo-el-mundo-recogeran-una-ofrenda-especial-para-responder-al-covid-19\/#respond"]}]},{"@type":"WebPage","@id":"https:\/\/interamerica.org\/es\/2020\/06\/iglesias-adventistas-de-todo-el-mundo-recogeran-una-ofrenda-especial-para-responder-al-covid-19\/","url":"https:\/\/interamerica.org\/es\/2020\/06\/iglesias-adventistas-de-todo-el-mundo-recogeran-una-ofrenda-especial-para-responder-al-covid-19\/","name":"Iglesias adventistas de todo el mundo recoger\u00e1n una ofrenda especial para responder al COVID-19 - Iglesia Adventista del S\u00e9ptimo D\u00eda - Divisi\u00f3n Interamericana","isPartOf":{"@id":"https:\/\/interamerica.org\/es\/#website"},"primaryImageOfPage":{"@id":"https:\/\/interamerica.org\/es\/2020\/06\/iglesias-adventistas-de-todo-el-mundo-recogeran-una-ofrenda-especial-para-responder-al-covid-19\/#primaryimage"},"image":{"@id":"https:\/\/interamerica.org\/es\/2020\/06\/iglesias-adventistas-de-todo-el-mundo-recogeran-una-ofrenda-especial-para-responder-al-covid-19\/#primaryimage"},"thumbnailUrl":"https:\/\/interamerica.org\/wp-content\/uploads\/2020\/06\/mask-doctor-michael-berdyugin-ywyinnk-toi-unsplash-1280.jpg","datePublished":"2020-06-11T13:51:12+00:00","dateModified":"2020-06-13T00:48:25+00:00","author":{"@id":"https:\/\/interamerica.org\/es\/#\/schema\/person\/29998f2bc2d8bd0d38662909289b54f1"},"breadcrumb":{"@id":"https:\/\/interamerica.org\/es\/2020\/06\/iglesias-adventistas-de-todo-el-mundo-recogeran-una-ofrenda-especial-para-responder-al-covid-19\/#breadcrumb"},"inLanguage":"es","potentialAction":[{"@type":"ReadAction","target":["https:\/\/interamerica.org\/es\/2020\/06\/iglesias-adventistas-de-todo-el-mundo-recogeran-una-ofrenda-especial-para-responder-al-covid-19\/"]}]},{"@type":"ImageObject","inLanguage":"es","@id":"https:\/\/interamerica.org\/es\/2020\/06\/iglesias-adventistas-de-todo-el-mundo-recogeran-una-ofrenda-especial-para-responder-al-covid-19\/#primaryimage","url":"https:\/\/interamerica.org\/wp-content\/uploads\/2020\/06\/mask-doctor-michael-berdyugin-ywyinnk-toi-unsplash-1280.jpg","contentUrl":"https:\/\/interamerica.org\/wp-content\/uploads\/2020\/06\/mask-doctor-michael-berdyugin-ywyinnk-toi-unsplash-1280.jpg","width":1280,"height":800,"caption":"[Fotograf\u00eda: Michael Berdyugin\/Unsplash]"},{"@type":"BreadcrumbList","@id":"https:\/\/interamerica.org\/es\/2020\/06\/iglesias-adventistas-de-todo-el-mundo-recogeran-una-ofrenda-especial-para-responder-al-covid-19\/#breadcrumb","itemListElement":[{"@type":"ListItem","position":1,"name":"Home","item":"https:\/\/interamerica.org\/es\/"},{"@type":"ListItem","position":2,"name":"Iglesias adventistas de todo el mundo recoger\u00e1n una ofrenda especial para responder al COVID-19"}]},{"@type":"WebSite","@id":"https:\/\/interamerica.org\/es\/#website","url":"https:\/\/interamerica.org\/es\/","name":"Iglesia Adventista del S\u00e9ptimo D\u00eda - Divisi\u00f3n Interamericana","description":"","potentialAction":[{"@type":"SearchAction","target":{"@type":"EntryPoint","urlTemplate":"https:\/\/interamerica.org\/es\/?s={search_term_string}"},"query-input":{"@type":"PropertyValueSpecification","valueRequired":true,"valueName":"search_term_string"}}],"inLanguage":"es"},{"@type":"Person","@id":"https:\/\/interamerica.org\/es\/#\/schema\/person\/29998f2bc2d8bd0d38662909289b54f1","name":"libna","image":{"@type":"ImageObject","inLanguage":"es","@id":"https:\/\/secure.gravatar.com\/avatar\/7c5bd30ae4b47a9ba3c856590957fd1d96dc588bf3ac05719d247e126840331f?s=96&d=mm&r=g","url":"https:\/\/secure.gravatar.com\/avatar\/7c5bd30ae4b47a9ba3c856590957fd1d96dc588bf3ac05719d247e126840331f?s=96&d=mm&r=g","contentUrl":"https:\/\/secure.gravatar.com\/avatar\/7c5bd30ae4b47a9ba3c856590957fd1d96dc588bf3ac05719d247e126840331f?s=96&d=mm&r=g","caption":"libna"}}]}},"_links":{"self":[{"href":"https:\/\/interamerica.org\/es\/wp-json\/wp\/v2\/posts\/59631","targetHints":{"allow":["GET"]}}],"collection":[{"href":"https:\/\/interamerica.org\/es\/wp-json\/wp\/v2\/posts"}],"about":[{"href":"https:\/\/interamerica.org\/es\/wp-json\/wp\/v2\/types\/post"}],"author":[{"embeddable":true,"href":"https:\/\/interamerica.org\/es\/wp-json\/wp\/v2\/users\/3"}],"replies":[{"embeddable":true,"href":"https:\/\/interamerica.org\/es\/wp-json\/wp\/v2\/comments?post=59631"}],"version-history":[{"count":0,"href":"https:\/\/interamerica.org\/es\/wp-json\/wp\/v2\/posts\/59631\/revisions"}],"wp:featuredmedia":[{"embeddable":true,"href":"https:\/\/interamerica.org\/es\/wp-json\/wp\/v2\/media\/59628"}],"wp:attachment":[{"href":"https:\/\/interamerica.org\/es\/wp-json\/wp\/v2\/media?parent=59631"}],"wp:term":[{"taxonomy":"category","embeddable":true,"href":"https:\/\/interamerica.org\/es\/wp-json\/wp\/v2\/categories?post=59631"},{"taxonomy":"post_tag","embeddable":true,"href":"https:\/\/interamerica.org\/es\/wp-json\/wp\/v2\/tags?post=59631"}],"curies":[{"name":"wp","href":"https:\/\/api.w.org\/{rel}","templated":true}]}}