{"id":59702,"date":"2020-06-12T13:40:27","date_gmt":"2020-06-12T17:40:27","guid":{"rendered":"https:\/\/recursing-golick.147-182-135-0.plesk.page\/?p=59702"},"modified":"2020-06-12T15:44:02","modified_gmt":"2020-06-12T19:44:02","slug":"servicios-comunitarios-adventistas-de-santo-tomas-y-san-juan-asisten-a-decenas-de-familias-de-la-calle","status":"publish","type":"post","link":"https:\/\/interamerica.org\/es\/2020\/06\/servicios-comunitarios-adventistas-de-santo-tomas-y-san-juan-asisten-a-decenas-de-familias-de-la-calle\/","title":{"rendered":"Servicios Comunitarios Adventistas de Santo Tom\u00e1s y San Juan asisten a decenas de familias de la calle"},"content":{"rendered":"<p><div id=\"attachment_59697\" style=\"width: 815px\" class=\"wp-caption aligncenter\"><img fetchpriority=\"high\" decoding=\"async\" aria-describedby=\"caption-attachment-59697\" class=\" wp-image-59695\" src=\"https:\/\/recursing-golick.147-182-135-0.plesk.page\/wp-content\/uploads\/2020\/06\/st-thomas-feeding-may2020-1024x640.jpg\" alt=\"\" width=\"805\" height=\"503\" srcset=\"https:\/\/interamerica.org\/wp-content\/uploads\/2020\/06\/st-thomas-feeding-may2020-1024x640.jpg 1024w, https:\/\/interamerica.org\/wp-content\/uploads\/2020\/06\/st-thomas-feeding-may2020-300x188.jpg 300w, https:\/\/interamerica.org\/wp-content\/uploads\/2020\/06\/st-thomas-feeding-may2020-768x480.jpg 768w, https:\/\/interamerica.org\/wp-content\/uploads\/2020\/06\/st-thomas-feeding-may2020.jpg 1280w\" sizes=\"(max-width: 805px) 100vw, 805px\" \/><p id=\"caption-attachment-59697\" class=\"wp-caption-text\">Miembros del equipo de Servicios Comunitarios Adventistas preparan bandejas para decenas de familias necesitadas y sin techo de la isla de Santo Tom\u00e1s, el 3 de mayo de 2020. La iniciativa tambi\u00e9n incluy\u00f3 ayuda telef\u00f3nica a las familias para que se pongan en contacto con sus seres queridos durante la pandemia del COVID-19. [Fotograf\u00eda: Asociaci\u00f3n Norte\u00f1a del Caribe]<\/p><\/div>12 de junio de 2020 | Santa Cruz, Islas V\u00edrgenes de los Estados Unidos | NCC \/ Noticias de la DIA<\/p>\n<p>Como representaci\u00f3n de un rostro compasivo a comunidades envueltas por el temor y la incertidumbre, la iglesia adventista Agape de Santo Tom\u00e1s, y la iglesia adventista Cruz Bay en San Juan, llevaron a cabo una serie de iniciativas ministeriales para ayudar a que los individuos puedan seguir adelante en medio de la pandemia del COVID-19.<\/p>\n<p>Satisfacer las necesidades de la comunidad no es opcional para la Iglesia Adventista, dijo Annette Small, directora de servicios a la comunidad de la iglesia adventista Cruz Bay en San Juan. \u201cAunque muchas iglesias han pasado a tener cultos en l\u00ednea por cuestiones de seguridad durante la pandemia del COVID-19, eso no nos est\u00e1 impidiendo seguir sirviendo a las comunidades de una diversidad de maneras\u201d.<\/p>\n<p><div id=\"attachment_59694\" style=\"width: 810px\" class=\"wp-caption aligncenter\"><img decoding=\"async\" aria-describedby=\"caption-attachment-59694\" class=\"size-full wp-image-59692\" src=\"https:\/\/recursing-golick.147-182-135-0.plesk.page\/wp-content\/uploads\/2020\/06\/st-thomas-meal-distribution.jpg\" alt=\"\" width=\"800\" height=\"500\" srcset=\"https:\/\/interamerica.org\/wp-content\/uploads\/2020\/06\/st-thomas-meal-distribution.jpg 800w, https:\/\/interamerica.org\/wp-content\/uploads\/2020\/06\/st-thomas-meal-distribution-300x188.jpg 300w, https:\/\/interamerica.org\/wp-content\/uploads\/2020\/06\/st-thomas-meal-distribution-768x480.jpg 768w\" sizes=\"(max-width: 800px) 100vw, 800px\" \/><p id=\"caption-attachment-59694\" class=\"wp-caption-text\">Un miembro de la iglesia adventista Agape en Santo Tom\u00e1s entrega una bebida a personas de la comunidad que se acercaron a recibir un plato de comida a comienzos de mayo. [Fotograf\u00eda: Asociaci\u00f3n Norte\u00f1a del Caribe]<\/p><\/div>Small, que se encuentra al frente del abrazo que ha extendido la iglesia durante a\u00f1os a los que viven en la calle, dijo que 181 bolsas de alimentos fueron distribuidos entre 40 familias en la despensa de alimentos que ofrecieron el mes pasado. \u201cCon la ayuda de nuestra iglesia y en colaboraci\u00f3n con una entidad de gobierno, hemos logrado asistir a 106 personas\u201d, dijo Small.<\/p>\n<p>El ministerio de la iglesia adventista de Cruz Bay sirve comidas calientes, entre dos a tres veces por semana, en la iglesia, y distribuye alimentos a individuos de toda la isla, a\u00f1adi\u00f3. El ministerio tambi\u00e9n brinda duchas, prendas de vestir sin cargo y una despensa de alimentos para las familias necesitadas.<\/p>\n<p>El Departamento de Vivienda y Desarrollo Urbano de los Estados Unidos define una persona sin techo como alguien que vive en las calles o un refugio, o que duerme de manera regular en una residencia sin agua corriente, electricidad o refrigeraci\u00f3n, expres\u00f3 Smal. \u201cUsando esa definici\u00f3n, muchos residentes honestos y productivos de la isla podr\u00edan ser clasificados como sin techo, dado que viven en casuchas, algunas en construcci\u00f3n, o en embarcaciones sin ninguna comodidad\u201d.<\/p>\n<p><div id=\"attachment_59691\" style=\"width: 809px\" class=\"wp-caption aligncenter\"><img decoding=\"async\" aria-describedby=\"caption-attachment-59691\" class=\" wp-image-59689\" src=\"https:\/\/recursing-golick.147-182-135-0.plesk.page\/wp-content\/uploads\/2020\/06\/st-john-food-pantry.jpg\" alt=\"\" width=\"799\" height=\"500\" srcset=\"https:\/\/interamerica.org\/wp-content\/uploads\/2020\/06\/st-john-food-pantry.jpg 900w, https:\/\/interamerica.org\/wp-content\/uploads\/2020\/06\/st-john-food-pantry-300x188.jpg 300w, https:\/\/interamerica.org\/wp-content\/uploads\/2020\/06\/st-john-food-pantry-768x480.jpg 768w\" sizes=\"(max-width: 799px) 100vw, 799px\" \/><p id=\"caption-attachment-59691\" class=\"wp-caption-text\">Miembros de la iglesia adventista de Cruz Bay en San Juan ayudan a descargar alimentos para las familias sin techo de la isla en el mes de mayo. [Fotograf\u00eda: Asociaci\u00f3n Norte\u00f1a del Caribe]<\/p><\/div>En la iglesia adventista adventista Agape de Santo Tom\u00e1s, los Servicios Comunitarios prepararon alimentos nutritivos para los ancianos, los discapacitados y las familias con ni\u00f1os peque\u00f1os. Un c\u00f3mputo de las vidas beneficiadas revel\u00f3 que la iglesia distribuy\u00f3 157 comidas, 72 impresos y ayuda telef\u00f3nica para que las familias se conecten con sus seres queridos.<\/p>\n<p>\u201cQu\u00e9 oportunidad de mostrar que nos interesamos en ellos\u201d, dijo Berthiel Flemming, miembro del equipo de Servicios Comunitarios. \u201cLos miembros se reunieron con un esp\u00edritu sol\u00edcito y mostraron amor por su comunidad\u201d.<\/p>\n<p>El pastor Danny Philip, quien est\u00e1 al frente de las dos congregaciones, expres\u00f3: \u201cEst\u00e1n decididos y dedicados a lo que hacen. Debido a su servicio continuado, se han ganado la confianza de la comunidad que ahora los apoya a la hora de ministrar a sus necesidades\u201d.<\/p>\n<p>Traducci\u00f3n de Marcos Paseggi<\/p>\n","protected":false},"excerpt":{"rendered":"<p>12 de junio de 2020 | Santa Cruz, Islas V\u00edrgenes de los Estados Unidos | NCC \/ Noticias de la DIA Como representaci\u00f3n de un rostro compasivo a comunidades envueltas&#8230;<\/p>\n","protected":false},"author":3,"featured_media":59697,"comment_status":"open","ping_status":"closed","sticky":false,"template":"","format":"standard","meta":{"_acf_changed":false,"footnotes":""},"categories":[17,15],"tags":[],"class_list":["post-59702","post","type-post","status-publish","format-standard","has-post-thumbnail","hentry","category-desde-el-campo","category-rss-espanol"],"acf":[],"yoast_head":"<!-- This site is optimized with the Yoast SEO plugin v27.3 - https:\/\/yoast.com\/product\/yoast-seo-wordpress\/ -->\n<title>Servicios Comunitarios Adventistas de Santo Tom\u00e1s y San Juan asisten a decenas de familias de la calle - Iglesia Adventista del S\u00e9ptimo D\u00eda - Divisi\u00f3n Interamericana<\/title>\n<meta name=\"robots\" content=\"index, follow, max-snippet:-1, max-image-preview:large, max-video-preview:-1\" \/>\n<link rel=\"canonical\" href=\"https:\/\/interamerica.org\/es\/2020\/06\/servicios-comunitarios-adventistas-de-santo-tomas-y-san-juan-asisten-a-decenas-de-familias-de-la-calle\/\" \/>\n<meta property=\"og:locale\" content=\"es_ES\" \/>\n<meta property=\"og:type\" content=\"article\" \/>\n<meta property=\"og:title\" content=\"Servicios Comunitarios Adventistas de Santo Tom\u00e1s y San Juan asisten a decenas de familias de la calle - Iglesia Adventista del S\u00e9ptimo D\u00eda - Divisi\u00f3n Interamericana\" \/>\n<meta property=\"og:description\" content=\"12 de junio de 2020 | Santa Cruz, Islas V\u00edrgenes de los Estados Unidos | NCC \/ Noticias de la DIA Como representaci\u00f3n de un rostro compasivo a comunidades envueltas...\" \/>\n<meta property=\"og:url\" content=\"https:\/\/interamerica.org\/es\/2020\/06\/servicios-comunitarios-adventistas-de-santo-tomas-y-san-juan-asisten-a-decenas-de-familias-de-la-calle\/\" \/>\n<meta property=\"og:site_name\" content=\"Iglesia Adventista del S\u00e9ptimo D\u00eda - Divisi\u00f3n Interamericana\" \/>\n<meta property=\"article:published_time\" content=\"2020-06-12T17:40:27+00:00\" \/>\n<meta property=\"article:modified_time\" content=\"2020-06-12T19:44:02+00:00\" \/>\n<meta property=\"og:image\" content=\"https:\/\/interamerica.org\/wp-content\/uploads\/2020\/06\/st-thomas-feeding-may2020.jpg\" \/>\n\t<meta property=\"og:image:width\" content=\"1280\" \/>\n\t<meta property=\"og:image:height\" content=\"800\" \/>\n\t<meta property=\"og:image:type\" content=\"image\/jpeg\" \/>\n<meta name=\"author\" content=\"libna\" \/>\n<meta name=\"twitter:card\" content=\"summary_large_image\" \/>\n<meta name=\"twitter:label1\" content=\"Escrito por\" \/>\n\t<meta name=\"twitter:data1\" content=\"libna\" \/>\n\t<meta name=\"twitter:label2\" content=\"Tiempo de lectura\" \/>\n\t<meta name=\"twitter:data2\" content=\"3 minutos\" \/>\n<script type=\"application\/ld+json\" class=\"yoast-schema-graph\">{\"@context\":\"https:\\\/\\\/schema.org\",\"@graph\":[{\"@type\":\"Article\",\"@id\":\"https:\\\/\\\/interamerica.org\\\/es\\\/2020\\\/06\\\/servicios-comunitarios-adventistas-de-santo-tomas-y-san-juan-asisten-a-decenas-de-familias-de-la-calle\\\/#article\",\"isPartOf\":{\"@id\":\"https:\\\/\\\/interamerica.org\\\/es\\\/2020\\\/06\\\/servicios-comunitarios-adventistas-de-santo-tomas-y-san-juan-asisten-a-decenas-de-familias-de-la-calle\\\/\"},\"author\":{\"name\":\"libna\",\"@id\":\"https:\\\/\\\/interamerica.org\\\/es\\\/#\\\/schema\\\/person\\\/29998f2bc2d8bd0d38662909289b54f1\"},\"headline\":\"Servicios Comunitarios Adventistas de Santo Tom\u00e1s y San Juan asisten a decenas de familias de la calle\",\"datePublished\":\"2020-06-12T17:40:27+00:00\",\"dateModified\":\"2020-06-12T19:44:02+00:00\",\"mainEntityOfPage\":{\"@id\":\"https:\\\/\\\/interamerica.org\\\/es\\\/2020\\\/06\\\/servicios-comunitarios-adventistas-de-santo-tomas-y-san-juan-asisten-a-decenas-de-familias-de-la-calle\\\/\"},\"wordCount\":655,\"commentCount\":0,\"image\":{\"@id\":\"https:\\\/\\\/interamerica.org\\\/es\\\/2020\\\/06\\\/servicios-comunitarios-adventistas-de-santo-tomas-y-san-juan-asisten-a-decenas-de-familias-de-la-calle\\\/#primaryimage\"},\"thumbnailUrl\":\"https:\\\/\\\/interamerica.org\\\/wp-content\\\/uploads\\\/2020\\\/06\\\/st-thomas-feeding-may2020.jpg\",\"articleSection\":[\"Desde el campo\",\"RSS Espa\u00f1ol\"],\"inLanguage\":\"es\",\"potentialAction\":[{\"@type\":\"CommentAction\",\"name\":\"Comment\",\"target\":[\"https:\\\/\\\/interamerica.org\\\/es\\\/2020\\\/06\\\/servicios-comunitarios-adventistas-de-santo-tomas-y-san-juan-asisten-a-decenas-de-familias-de-la-calle\\\/#respond\"]}]},{\"@type\":\"WebPage\",\"@id\":\"https:\\\/\\\/interamerica.org\\\/es\\\/2020\\\/06\\\/servicios-comunitarios-adventistas-de-santo-tomas-y-san-juan-asisten-a-decenas-de-familias-de-la-calle\\\/\",\"url\":\"https:\\\/\\\/interamerica.org\\\/es\\\/2020\\\/06\\\/servicios-comunitarios-adventistas-de-santo-tomas-y-san-juan-asisten-a-decenas-de-familias-de-la-calle\\\/\",\"name\":\"Servicios Comunitarios Adventistas de Santo Tom\u00e1s y San Juan asisten a decenas de familias de la calle - Iglesia Adventista del S\u00e9ptimo D\u00eda - Divisi\u00f3n Interamericana\",\"isPartOf\":{\"@id\":\"https:\\\/\\\/interamerica.org\\\/es\\\/#website\"},\"primaryImageOfPage\":{\"@id\":\"https:\\\/\\\/interamerica.org\\\/es\\\/2020\\\/06\\\/servicios-comunitarios-adventistas-de-santo-tomas-y-san-juan-asisten-a-decenas-de-familias-de-la-calle\\\/#primaryimage\"},\"image\":{\"@id\":\"https:\\\/\\\/interamerica.org\\\/es\\\/2020\\\/06\\\/servicios-comunitarios-adventistas-de-santo-tomas-y-san-juan-asisten-a-decenas-de-familias-de-la-calle\\\/#primaryimage\"},\"thumbnailUrl\":\"https:\\\/\\\/interamerica.org\\\/wp-content\\\/uploads\\\/2020\\\/06\\\/st-thomas-feeding-may2020.jpg\",\"datePublished\":\"2020-06-12T17:40:27+00:00\",\"dateModified\":\"2020-06-12T19:44:02+00:00\",\"author\":{\"@id\":\"https:\\\/\\\/interamerica.org\\\/es\\\/#\\\/schema\\\/person\\\/29998f2bc2d8bd0d38662909289b54f1\"},\"breadcrumb\":{\"@id\":\"https:\\\/\\\/interamerica.org\\\/es\\\/2020\\\/06\\\/servicios-comunitarios-adventistas-de-santo-tomas-y-san-juan-asisten-a-decenas-de-familias-de-la-calle\\\/#breadcrumb\"},\"inLanguage\":\"es\",\"potentialAction\":[{\"@type\":\"ReadAction\",\"target\":[\"https:\\\/\\\/interamerica.org\\\/es\\\/2020\\\/06\\\/servicios-comunitarios-adventistas-de-santo-tomas-y-san-juan-asisten-a-decenas-de-familias-de-la-calle\\\/\"]}]},{\"@type\":\"ImageObject\",\"inLanguage\":\"es\",\"@id\":\"https:\\\/\\\/interamerica.org\\\/es\\\/2020\\\/06\\\/servicios-comunitarios-adventistas-de-santo-tomas-y-san-juan-asisten-a-decenas-de-familias-de-la-calle\\\/#primaryimage\",\"url\":\"https:\\\/\\\/interamerica.org\\\/wp-content\\\/uploads\\\/2020\\\/06\\\/st-thomas-feeding-may2020.jpg\",\"contentUrl\":\"https:\\\/\\\/interamerica.org\\\/wp-content\\\/uploads\\\/2020\\\/06\\\/st-thomas-feeding-may2020.jpg\",\"width\":1280,\"height\":800,\"caption\":\"[Fotograf\u00eda: Asociaci\u00f3n Norte\u00f1a del Caribe]\"},{\"@type\":\"BreadcrumbList\",\"@id\":\"https:\\\/\\\/interamerica.org\\\/es\\\/2020\\\/06\\\/servicios-comunitarios-adventistas-de-santo-tomas-y-san-juan-asisten-a-decenas-de-familias-de-la-calle\\\/#breadcrumb\",\"itemListElement\":[{\"@type\":\"ListItem\",\"position\":1,\"name\":\"Home\",\"item\":\"https:\\\/\\\/interamerica.org\\\/es\\\/\"},{\"@type\":\"ListItem\",\"position\":2,\"name\":\"Servicios Comunitarios Adventistas de Santo Tom\u00e1s y San Juan asisten a decenas de familias de la calle\"}]},{\"@type\":\"WebSite\",\"@id\":\"https:\\\/\\\/interamerica.org\\\/es\\\/#website\",\"url\":\"https:\\\/\\\/interamerica.org\\\/es\\\/\",\"name\":\"Iglesia Adventista del S\u00e9ptimo D\u00eda - Divisi\u00f3n Interamericana\",\"description\":\"\",\"potentialAction\":[{\"@type\":\"SearchAction\",\"target\":{\"@type\":\"EntryPoint\",\"urlTemplate\":\"https:\\\/\\\/interamerica.org\\\/es\\\/?s={search_term_string}\"},\"query-input\":{\"@type\":\"PropertyValueSpecification\",\"valueRequired\":true,\"valueName\":\"search_term_string\"}}],\"inLanguage\":\"es\"},{\"@type\":\"Person\",\"@id\":\"https:\\\/\\\/interamerica.org\\\/es\\\/#\\\/schema\\\/person\\\/29998f2bc2d8bd0d38662909289b54f1\",\"name\":\"libna\",\"image\":{\"@type\":\"ImageObject\",\"inLanguage\":\"es\",\"@id\":\"https:\\\/\\\/secure.gravatar.com\\\/avatar\\\/7c5bd30ae4b47a9ba3c856590957fd1d96dc588bf3ac05719d247e126840331f?s=96&d=mm&r=g\",\"url\":\"https:\\\/\\\/secure.gravatar.com\\\/avatar\\\/7c5bd30ae4b47a9ba3c856590957fd1d96dc588bf3ac05719d247e126840331f?s=96&d=mm&r=g\",\"contentUrl\":\"https:\\\/\\\/secure.gravatar.com\\\/avatar\\\/7c5bd30ae4b47a9ba3c856590957fd1d96dc588bf3ac05719d247e126840331f?s=96&d=mm&r=g\",\"caption\":\"libna\"}}]}<\/script>\n<!-- \/ Yoast SEO plugin. -->","yoast_head_json":{"title":"Servicios Comunitarios Adventistas de Santo Tom\u00e1s y San Juan asisten a decenas de familias de la calle - Iglesia Adventista del S\u00e9ptimo D\u00eda - Divisi\u00f3n Interamericana","robots":{"index":"index","follow":"follow","max-snippet":"max-snippet:-1","max-image-preview":"max-image-preview:large","max-video-preview":"max-video-preview:-1"},"canonical":"https:\/\/interamerica.org\/es\/2020\/06\/servicios-comunitarios-adventistas-de-santo-tomas-y-san-juan-asisten-a-decenas-de-familias-de-la-calle\/","og_locale":"es_ES","og_type":"article","og_title":"Servicios Comunitarios Adventistas de Santo Tom\u00e1s y San Juan asisten a decenas de familias de la calle - Iglesia Adventista del S\u00e9ptimo D\u00eda - Divisi\u00f3n Interamericana","og_description":"12 de junio de 2020 | Santa Cruz, Islas V\u00edrgenes de los Estados Unidos | NCC \/ Noticias de la DIA Como representaci\u00f3n de un rostro compasivo a comunidades envueltas...","og_url":"https:\/\/interamerica.org\/es\/2020\/06\/servicios-comunitarios-adventistas-de-santo-tomas-y-san-juan-asisten-a-decenas-de-familias-de-la-calle\/","og_site_name":"Iglesia Adventista del S\u00e9ptimo D\u00eda - Divisi\u00f3n Interamericana","article_published_time":"2020-06-12T17:40:27+00:00","article_modified_time":"2020-06-12T19:44:02+00:00","og_image":[{"width":1280,"height":800,"url":"https:\/\/interamerica.org\/wp-content\/uploads\/2020\/06\/st-thomas-feeding-may2020.jpg","type":"image\/jpeg"}],"author":"libna","twitter_card":"summary_large_image","twitter_misc":{"Escrito por":"libna","Tiempo de lectura":"3 minutos"},"schema":{"@context":"https:\/\/schema.org","@graph":[{"@type":"Article","@id":"https:\/\/interamerica.org\/es\/2020\/06\/servicios-comunitarios-adventistas-de-santo-tomas-y-san-juan-asisten-a-decenas-de-familias-de-la-calle\/#article","isPartOf":{"@id":"https:\/\/interamerica.org\/es\/2020\/06\/servicios-comunitarios-adventistas-de-santo-tomas-y-san-juan-asisten-a-decenas-de-familias-de-la-calle\/"},"author":{"name":"libna","@id":"https:\/\/interamerica.org\/es\/#\/schema\/person\/29998f2bc2d8bd0d38662909289b54f1"},"headline":"Servicios Comunitarios Adventistas de Santo Tom\u00e1s y San Juan asisten a decenas de familias de la calle","datePublished":"2020-06-12T17:40:27+00:00","dateModified":"2020-06-12T19:44:02+00:00","mainEntityOfPage":{"@id":"https:\/\/interamerica.org\/es\/2020\/06\/servicios-comunitarios-adventistas-de-santo-tomas-y-san-juan-asisten-a-decenas-de-familias-de-la-calle\/"},"wordCount":655,"commentCount":0,"image":{"@id":"https:\/\/interamerica.org\/es\/2020\/06\/servicios-comunitarios-adventistas-de-santo-tomas-y-san-juan-asisten-a-decenas-de-familias-de-la-calle\/#primaryimage"},"thumbnailUrl":"https:\/\/interamerica.org\/wp-content\/uploads\/2020\/06\/st-thomas-feeding-may2020.jpg","articleSection":["Desde el campo","RSS Espa\u00f1ol"],"inLanguage":"es","potentialAction":[{"@type":"CommentAction","name":"Comment","target":["https:\/\/interamerica.org\/es\/2020\/06\/servicios-comunitarios-adventistas-de-santo-tomas-y-san-juan-asisten-a-decenas-de-familias-de-la-calle\/#respond"]}]},{"@type":"WebPage","@id":"https:\/\/interamerica.org\/es\/2020\/06\/servicios-comunitarios-adventistas-de-santo-tomas-y-san-juan-asisten-a-decenas-de-familias-de-la-calle\/","url":"https:\/\/interamerica.org\/es\/2020\/06\/servicios-comunitarios-adventistas-de-santo-tomas-y-san-juan-asisten-a-decenas-de-familias-de-la-calle\/","name":"Servicios Comunitarios Adventistas de Santo Tom\u00e1s y San Juan asisten a decenas de familias de la calle - Iglesia Adventista del S\u00e9ptimo D\u00eda - Divisi\u00f3n Interamericana","isPartOf":{"@id":"https:\/\/interamerica.org\/es\/#website"},"primaryImageOfPage":{"@id":"https:\/\/interamerica.org\/es\/2020\/06\/servicios-comunitarios-adventistas-de-santo-tomas-y-san-juan-asisten-a-decenas-de-familias-de-la-calle\/#primaryimage"},"image":{"@id":"https:\/\/interamerica.org\/es\/2020\/06\/servicios-comunitarios-adventistas-de-santo-tomas-y-san-juan-asisten-a-decenas-de-familias-de-la-calle\/#primaryimage"},"thumbnailUrl":"https:\/\/interamerica.org\/wp-content\/uploads\/2020\/06\/st-thomas-feeding-may2020.jpg","datePublished":"2020-06-12T17:40:27+00:00","dateModified":"2020-06-12T19:44:02+00:00","author":{"@id":"https:\/\/interamerica.org\/es\/#\/schema\/person\/29998f2bc2d8bd0d38662909289b54f1"},"breadcrumb":{"@id":"https:\/\/interamerica.org\/es\/2020\/06\/servicios-comunitarios-adventistas-de-santo-tomas-y-san-juan-asisten-a-decenas-de-familias-de-la-calle\/#breadcrumb"},"inLanguage":"es","potentialAction":[{"@type":"ReadAction","target":["https:\/\/interamerica.org\/es\/2020\/06\/servicios-comunitarios-adventistas-de-santo-tomas-y-san-juan-asisten-a-decenas-de-familias-de-la-calle\/"]}]},{"@type":"ImageObject","inLanguage":"es","@id":"https:\/\/interamerica.org\/es\/2020\/06\/servicios-comunitarios-adventistas-de-santo-tomas-y-san-juan-asisten-a-decenas-de-familias-de-la-calle\/#primaryimage","url":"https:\/\/interamerica.org\/wp-content\/uploads\/2020\/06\/st-thomas-feeding-may2020.jpg","contentUrl":"https:\/\/interamerica.org\/wp-content\/uploads\/2020\/06\/st-thomas-feeding-may2020.jpg","width":1280,"height":800,"caption":"[Fotograf\u00eda: Asociaci\u00f3n Norte\u00f1a del Caribe]"},{"@type":"BreadcrumbList","@id":"https:\/\/interamerica.org\/es\/2020\/06\/servicios-comunitarios-adventistas-de-santo-tomas-y-san-juan-asisten-a-decenas-de-familias-de-la-calle\/#breadcrumb","itemListElement":[{"@type":"ListItem","position":1,"name":"Home","item":"https:\/\/interamerica.org\/es\/"},{"@type":"ListItem","position":2,"name":"Servicios Comunitarios Adventistas de Santo Tom\u00e1s y San Juan asisten a decenas de familias de la calle"}]},{"@type":"WebSite","@id":"https:\/\/interamerica.org\/es\/#website","url":"https:\/\/interamerica.org\/es\/","name":"Iglesia Adventista del S\u00e9ptimo D\u00eda - Divisi\u00f3n Interamericana","description":"","potentialAction":[{"@type":"SearchAction","target":{"@type":"EntryPoint","urlTemplate":"https:\/\/interamerica.org\/es\/?s={search_term_string}"},"query-input":{"@type":"PropertyValueSpecification","valueRequired":true,"valueName":"search_term_string"}}],"inLanguage":"es"},{"@type":"Person","@id":"https:\/\/interamerica.org\/es\/#\/schema\/person\/29998f2bc2d8bd0d38662909289b54f1","name":"libna","image":{"@type":"ImageObject","inLanguage":"es","@id":"https:\/\/secure.gravatar.com\/avatar\/7c5bd30ae4b47a9ba3c856590957fd1d96dc588bf3ac05719d247e126840331f?s=96&d=mm&r=g","url":"https:\/\/secure.gravatar.com\/avatar\/7c5bd30ae4b47a9ba3c856590957fd1d96dc588bf3ac05719d247e126840331f?s=96&d=mm&r=g","contentUrl":"https:\/\/secure.gravatar.com\/avatar\/7c5bd30ae4b47a9ba3c856590957fd1d96dc588bf3ac05719d247e126840331f?s=96&d=mm&r=g","caption":"libna"}}]}},"_links":{"self":[{"href":"https:\/\/interamerica.org\/es\/wp-json\/wp\/v2\/posts\/59702","targetHints":{"allow":["GET"]}}],"collection":[{"href":"https:\/\/interamerica.org\/es\/wp-json\/wp\/v2\/posts"}],"about":[{"href":"https:\/\/interamerica.org\/es\/wp-json\/wp\/v2\/types\/post"}],"author":[{"embeddable":true,"href":"https:\/\/interamerica.org\/es\/wp-json\/wp\/v2\/users\/3"}],"replies":[{"embeddable":true,"href":"https:\/\/interamerica.org\/es\/wp-json\/wp\/v2\/comments?post=59702"}],"version-history":[{"count":0,"href":"https:\/\/interamerica.org\/es\/wp-json\/wp\/v2\/posts\/59702\/revisions"}],"wp:featuredmedia":[{"embeddable":true,"href":"https:\/\/interamerica.org\/es\/wp-json\/wp\/v2\/media\/59697"}],"wp:attachment":[{"href":"https:\/\/interamerica.org\/es\/wp-json\/wp\/v2\/media?parent=59702"}],"wp:term":[{"taxonomy":"category","embeddable":true,"href":"https:\/\/interamerica.org\/es\/wp-json\/wp\/v2\/categories?post=59702"},{"taxonomy":"post_tag","embeddable":true,"href":"https:\/\/interamerica.org\/es\/wp-json\/wp\/v2\/tags?post=59702"}],"curies":[{"name":"wp","href":"https:\/\/api.w.org\/{rel}","templated":true}]}}