{"id":59736,"date":"2020-06-14T20:14:09","date_gmt":"2020-06-15T00:14:09","guid":{"rendered":"https:\/\/recursing-golick.147-182-135-0.plesk.page\/?p=59736"},"modified":"2020-06-15T10:43:31","modified_gmt":"2020-06-15T14:43:31","slug":"pastor-ted-wilson-un-mensaje-especial-sobre-profecia-y-el-sabado","status":"publish","type":"post","link":"https:\/\/interamerica.org\/es\/2020\/06\/pastor-ted-wilson-un-mensaje-especial-sobre-profecia-y-el-sabado\/","title":{"rendered":"Pastor Ted Wilson: Un mensaje especial sobre profec\u00eda y el s\u00e1bado"},"content":{"rendered":"<p>14 de junio de 2020 | Silver Spring, Maryland, Estados Unidos | Por: Ted N.C.\u00a0Wilson<\/p>\n<p>Nuevamente nos unimos a trav\u00e9s de los medios electr\u00f3nicos. Este marco de comunicaci\u00f3n es un desaf\u00edo en muchos sentidos, porque no nos vemos cara a cara en nuestras iglesias y otros sitios, pero Dios nos est\u00e1 hablando a trav\u00e9s de estos medios. Los animo a conservar la buena esperanza, a constituirse en las manos y pies de Dios, ayudando, sanando y llenando de esperanza a otros.<\/p>\n<p>Como sabemos, Dios llama repetidas veces nuestra atenci\u00f3n a la segunda venida de Cristo y hemos estado repasando varios textos b\u00edblicos durante las \u00faltimas semanas: Mateo 24 y anteriormente el cap\u00edtulo 2 de Daniel \u2014un asombroso cap\u00edtulo del cual disfruto grandemente. Jes\u00fas viene muy pronto y las profec\u00edas nos dicen exactamente eso.<\/p>\n<p>Me gustar\u00eda que consider\u00e1ramos ahora el cap\u00edtulo 7 de Daniel. En Daniel encontramos algunos asombrosos aspectos similares a los presentados en Daniel 2, que son fascinantes por el hecho de que presentan diferentes reinos. Sin embargo, siendo que no tenemos mucho tiempo ahora de detenernos en ello, solo vamos a considerarlos brevemente al comienzo, para luego considerar algo muy interesante que sucede y que surge de la cuarta bestia o el cuarto poder.<\/p>\n<p>Y cuando leemos el vers\u00edculo 7, podemos ver que se mencionan cuatro bestias que salen del mar, cada una de ellas diferente a las otras. En el vers\u00edculo 4 se habla acerca de un le\u00f3n con alas de \u00e1guila y, por supuesto, esto representa a Babilonia. Y luego, y esto nuevamente muy similar a lo descrito en Daniel 2, simplemente con diferentes animales o conexiones, o diferentes s\u00edmbolos; de pronto, en el vers\u00edculo 5, surge un oso m\u00e1s levantado de un costado de su cuerpo que del otro, el cual tiene tres costillas en su boca, lo cual representa a Medo-Persia.<\/p>\n<p>Entonces, en el vers\u00edculo seis, aparece un leopardo. \u201cAnte mis propios ojos vi aparecer otra bestia, la cual se parec\u00eda a un leopardo, aunque en el lomo ten\u00eda cuatro alas, como las de un ave. Esta bestia ten\u00eda cuatro cabezas, y recibi\u00f3 autoridad para gobernar\u201d. \u00a0Y esto, por supuesto, representa el imperio de Grecia y la velocidad con que avanz\u00f3 el reino y los cuatro generales que tomaron el mando despu\u00e9s de la muerte de Alejandro Magno.<\/p>\n<p>Luego se dice en el vers\u00edculo siete: \u201cDespu\u00e9s de esto, en mis visiones nocturnas vi ante m\u00ed una cuarta bestia, la cual era extremadamente horrible y pose\u00eda una fuerza descomunal. Con sus grandes colmillos de hierro aplastaba y devoraba a sus v\u00edctimas, para luego pisotear los restos. Ten\u00eda diez cuernos, y no se parec\u00eda en nada a las otras bestias\u201d. Esto representa al Imperio Romano, el cual eventualmente se dividi\u00f3 en diez reinos.<\/p>\n<p>El vers\u00edculo ocho es un vers\u00edculo fascinante y nos detendremos en \u00e9l por un momento: \u201cMientras me fijaba en los cuernos, vi surgir entre ellos otro cuerno m\u00e1s peque\u00f1o. Por causa de este fueron arrancados tres de los primeros. El cuerno peque\u00f1o parec\u00eda tener ojos humanos, y una boca que profer\u00eda insolencias\u201d.<\/p>\n<p>Bien, este cuerno peque\u00f1o es un poder pol\u00edtico religioso que surge al final de los reinos que ah\u00ed se mencionan. Y este particular reino, este poder pol\u00edtico religioso, habla palabras insolentes y pretensiosas e intenta cambiar los tiempos y la ley. Y, por supuesto, el profeta Daniel se explaya en lo anterior.<\/p>\n<p>Deseo decirles que ha habido un gran intento de cambiar la ley de Dios \u2014y de hecho ha sido cambiada\u2014 aunque no realmente, porque podemos todav\u00eda observar el s\u00e1bado, s\u00e9ptimo d\u00eda. El s\u00e1bado es el sello de Dios. Un tiempo de especial conexi\u00f3n con Dios; de reconocimiento de que \u00e9l es el Creador, de que \u00e9l tiene autoridad. Quiero decirles que el reino de Dios va ultimadamente a prevalecer y que ese cuerno peque\u00f1o no va a triunfar, porque Dios est\u00e1 al control.<\/p>\n<p>Deseo leer para ustedes un pasaje muy interesante del libro <em>El conflicto de los siglos, <\/em>p. 643: \u201cA medida que adelante la reforma respecto del s\u00e1bado, esta manera de rechazar la ley divina para evitar la obediencia al cuarto mandamiento se volver\u00e1 casi universal\u201d. El cuarto mandamiento, se refiere por supuesto a guardar y recordar el s\u00e9ptimo d\u00eda s\u00e1bado a trav\u00e9s del poder de Dios. \u201cLas doctrinas de los caudillos religiosos han abierto la puerta a la incredulidad, al espiritismo y al desprecio de la santa ley de Dios, y sobre ellos descansa una terrible responsabilidad por la iniquidad que existe en el mundo cristiano\u201d.<\/p>\n<p>Mis queridos amigos, al atravesar por estos tiempos tan desafiantes, \u00a1cobren buen \u00e1nimo! Sean las manos y pies de Cristo y traigan sanidad y esperanza a la gente, llamando su atenci\u00f3n hacia los Mensajes de los Tres \u00c1ngeles\u00a0 e Apocalipsis 14 y el cuarto \u00e1ngel de Apocalipsis 18, todo ello ligado a los cap\u00edtulos 7 y 8 del libro de Daniel.<\/p>\n<p>Dios va a prevalecer. Jes\u00fas viene muy pronto. Vamos a orar juntos.<\/p>\n<p>Nuestro Padre celestial, gracias porque t\u00fa est\u00e1s al mando y control. Gracias por la forma en que puedes controlar nuestra vida y el destino de este mundo. Te damos gracias por los Mensajes de los Tres \u00c1ngeles. Te damos gracias por las profec\u00edas que se nos han dado para ayudarnos a saber que aun a trav\u00e9s de los duros y dif\u00edciles d\u00edas que tenemos por delante, t\u00fa vas a prevalecer y que tu precioso s\u00e9ptimo d\u00eda s\u00e1bado es el sello de Dios y que vas a triunfar al final. Se\u00f1or, s\u00e9 con cada uno de nosotros al proclamar tu Palabra a trav\u00e9s de maravillosos actos de bondad, se\u00f1al\u00e1ndoles \u00a0a la gente la Santa Palabra de Dios y las profec\u00edas que apuntan hacia la pronta segunda venida de Jes\u00fas. Te pedimos todas estas cosas en el nombre de Cristo. Am\u00e9n.<\/p>\n<p><iframe title=\"Mensaje Especial del Pastor Ted Wilson\" width=\"500\" height=\"281\" src=\"https:\/\/www.youtube.com\/embed\/dm8oRyCoijU?feature=oembed\" frameborder=\"0\" allow=\"accelerometer; autoplay; clipboard-write; encrypted-media; gyroscope; picture-in-picture; web-share\" referrerpolicy=\"strict-origin-when-cross-origin\" allowfullscreen><\/iframe><\/p>\n","protected":false},"excerpt":{"rendered":"<p>14 de junio de 2020 | Silver Spring, Maryland, Estados Unidos | Por: Ted N.C.\u00a0Wilson Nuevamente nos unimos a trav\u00e9s de los medios electr\u00f3nicos. Este marco de comunicaci\u00f3n es un&#8230;<\/p>\n","protected":false},"author":3,"featured_media":59724,"comment_status":"open","ping_status":"closed","sticky":false,"template":"","format":"standard","meta":{"_acf_changed":false,"footnotes":""},"categories":[14,15],"tags":[],"class_list":["post-59736","post","type-post","status-publish","format-standard","has-post-thumbnail","hentry","category-de-la-iglesia-mundial","category-rss-espanol"],"acf":[],"yoast_head":"<!-- This site is optimized with the Yoast SEO plugin v27.3 - https:\/\/yoast.com\/product\/yoast-seo-wordpress\/ -->\n<title>Pastor Ted Wilson: Un mensaje especial sobre profec\u00eda y el s\u00e1bado - Iglesia Adventista del S\u00e9ptimo D\u00eda - Divisi\u00f3n Interamericana<\/title>\n<meta name=\"robots\" content=\"index, follow, max-snippet:-1, max-image-preview:large, max-video-preview:-1\" \/>\n<link rel=\"canonical\" href=\"https:\/\/interamerica.org\/es\/2020\/06\/pastor-ted-wilson-un-mensaje-especial-sobre-profecia-y-el-sabado\/\" \/>\n<meta property=\"og:locale\" content=\"es_ES\" \/>\n<meta property=\"og:type\" content=\"article\" \/>\n<meta property=\"og:title\" content=\"Pastor Ted Wilson: Un mensaje especial sobre profec\u00eda y el s\u00e1bado - Iglesia Adventista del S\u00e9ptimo D\u00eda - Divisi\u00f3n Interamericana\" \/>\n<meta property=\"og:description\" content=\"14 de junio de 2020 | Silver Spring, Maryland, Estados Unidos | Por: Ted N.C.\u00a0Wilson Nuevamente nos unimos a trav\u00e9s de los medios electr\u00f3nicos. Este marco de comunicaci\u00f3n es un...\" \/>\n<meta property=\"og:url\" content=\"https:\/\/interamerica.org\/es\/2020\/06\/pastor-ted-wilson-un-mensaje-especial-sobre-profecia-y-el-sabado\/\" \/>\n<meta property=\"og:site_name\" content=\"Iglesia Adventista del S\u00e9ptimo D\u00eda - Divisi\u00f3n Interamericana\" \/>\n<meta property=\"article:published_time\" content=\"2020-06-15T00:14:09+00:00\" \/>\n<meta property=\"article:modified_time\" content=\"2020-06-15T14:43:31+00:00\" \/>\n<meta property=\"og:image\" content=\"https:\/\/interamerica.org\/wp-content\/uploads\/2020\/06\/wilson15.jpg\" \/>\n\t<meta property=\"og:image:width\" content=\"1000\" \/>\n\t<meta property=\"og:image:height\" content=\"500\" \/>\n\t<meta property=\"og:image:type\" content=\"image\/jpeg\" \/>\n<meta name=\"author\" content=\"libna\" \/>\n<meta name=\"twitter:card\" content=\"summary_large_image\" \/>\n<meta name=\"twitter:label1\" content=\"Escrito por\" \/>\n\t<meta name=\"twitter:data1\" content=\"libna\" \/>\n\t<meta name=\"twitter:label2\" content=\"Tiempo de lectura\" \/>\n\t<meta name=\"twitter:data2\" content=\"5 minutos\" \/>\n<script type=\"application\/ld+json\" class=\"yoast-schema-graph\">{\"@context\":\"https:\\\/\\\/schema.org\",\"@graph\":[{\"@type\":\"Article\",\"@id\":\"https:\\\/\\\/interamerica.org\\\/es\\\/2020\\\/06\\\/pastor-ted-wilson-un-mensaje-especial-sobre-profecia-y-el-sabado\\\/#article\",\"isPartOf\":{\"@id\":\"https:\\\/\\\/interamerica.org\\\/es\\\/2020\\\/06\\\/pastor-ted-wilson-un-mensaje-especial-sobre-profecia-y-el-sabado\\\/\"},\"author\":{\"name\":\"libna\",\"@id\":\"https:\\\/\\\/interamerica.org\\\/es\\\/#\\\/schema\\\/person\\\/29998f2bc2d8bd0d38662909289b54f1\"},\"headline\":\"Pastor Ted Wilson: Un mensaje especial sobre profec\u00eda y el s\u00e1bado\",\"datePublished\":\"2020-06-15T00:14:09+00:00\",\"dateModified\":\"2020-06-15T14:43:31+00:00\",\"mainEntityOfPage\":{\"@id\":\"https:\\\/\\\/interamerica.org\\\/es\\\/2020\\\/06\\\/pastor-ted-wilson-un-mensaje-especial-sobre-profecia-y-el-sabado\\\/\"},\"wordCount\":1043,\"commentCount\":0,\"image\":{\"@id\":\"https:\\\/\\\/interamerica.org\\\/es\\\/2020\\\/06\\\/pastor-ted-wilson-un-mensaje-especial-sobre-profecia-y-el-sabado\\\/#primaryimage\"},\"thumbnailUrl\":\"https:\\\/\\\/interamerica.org\\\/wp-content\\\/uploads\\\/2020\\\/06\\\/wilson15.jpg\",\"articleSection\":[\"Desde la iglesia mundial\",\"RSS Espa\u00f1ol\"],\"inLanguage\":\"es\",\"potentialAction\":[{\"@type\":\"CommentAction\",\"name\":\"Comment\",\"target\":[\"https:\\\/\\\/interamerica.org\\\/es\\\/2020\\\/06\\\/pastor-ted-wilson-un-mensaje-especial-sobre-profecia-y-el-sabado\\\/#respond\"]}]},{\"@type\":\"WebPage\",\"@id\":\"https:\\\/\\\/interamerica.org\\\/es\\\/2020\\\/06\\\/pastor-ted-wilson-un-mensaje-especial-sobre-profecia-y-el-sabado\\\/\",\"url\":\"https:\\\/\\\/interamerica.org\\\/es\\\/2020\\\/06\\\/pastor-ted-wilson-un-mensaje-especial-sobre-profecia-y-el-sabado\\\/\",\"name\":\"Pastor Ted Wilson: Un mensaje especial sobre profec\u00eda y el s\u00e1bado - Iglesia Adventista del S\u00e9ptimo D\u00eda - Divisi\u00f3n Interamericana\",\"isPartOf\":{\"@id\":\"https:\\\/\\\/interamerica.org\\\/es\\\/#website\"},\"primaryImageOfPage\":{\"@id\":\"https:\\\/\\\/interamerica.org\\\/es\\\/2020\\\/06\\\/pastor-ted-wilson-un-mensaje-especial-sobre-profecia-y-el-sabado\\\/#primaryimage\"},\"image\":{\"@id\":\"https:\\\/\\\/interamerica.org\\\/es\\\/2020\\\/06\\\/pastor-ted-wilson-un-mensaje-especial-sobre-profecia-y-el-sabado\\\/#primaryimage\"},\"thumbnailUrl\":\"https:\\\/\\\/interamerica.org\\\/wp-content\\\/uploads\\\/2020\\\/06\\\/wilson15.jpg\",\"datePublished\":\"2020-06-15T00:14:09+00:00\",\"dateModified\":\"2020-06-15T14:43:31+00:00\",\"author\":{\"@id\":\"https:\\\/\\\/interamerica.org\\\/es\\\/#\\\/schema\\\/person\\\/29998f2bc2d8bd0d38662909289b54f1\"},\"breadcrumb\":{\"@id\":\"https:\\\/\\\/interamerica.org\\\/es\\\/2020\\\/06\\\/pastor-ted-wilson-un-mensaje-especial-sobre-profecia-y-el-sabado\\\/#breadcrumb\"},\"inLanguage\":\"es\",\"potentialAction\":[{\"@type\":\"ReadAction\",\"target\":[\"https:\\\/\\\/interamerica.org\\\/es\\\/2020\\\/06\\\/pastor-ted-wilson-un-mensaje-especial-sobre-profecia-y-el-sabado\\\/\"]}]},{\"@type\":\"ImageObject\",\"inLanguage\":\"es\",\"@id\":\"https:\\\/\\\/interamerica.org\\\/es\\\/2020\\\/06\\\/pastor-ted-wilson-un-mensaje-especial-sobre-profecia-y-el-sabado\\\/#primaryimage\",\"url\":\"https:\\\/\\\/interamerica.org\\\/wp-content\\\/uploads\\\/2020\\\/06\\\/wilson15.jpg\",\"contentUrl\":\"https:\\\/\\\/interamerica.org\\\/wp-content\\\/uploads\\\/2020\\\/06\\\/wilson15.jpg\",\"width\":1000,\"height\":500},{\"@type\":\"BreadcrumbList\",\"@id\":\"https:\\\/\\\/interamerica.org\\\/es\\\/2020\\\/06\\\/pastor-ted-wilson-un-mensaje-especial-sobre-profecia-y-el-sabado\\\/#breadcrumb\",\"itemListElement\":[{\"@type\":\"ListItem\",\"position\":1,\"name\":\"Home\",\"item\":\"https:\\\/\\\/interamerica.org\\\/es\\\/\"},{\"@type\":\"ListItem\",\"position\":2,\"name\":\"Pastor Ted Wilson: Un mensaje especial sobre profec\u00eda y el s\u00e1bado\"}]},{\"@type\":\"WebSite\",\"@id\":\"https:\\\/\\\/interamerica.org\\\/es\\\/#website\",\"url\":\"https:\\\/\\\/interamerica.org\\\/es\\\/\",\"name\":\"Iglesia Adventista del S\u00e9ptimo D\u00eda - Divisi\u00f3n Interamericana\",\"description\":\"\",\"potentialAction\":[{\"@type\":\"SearchAction\",\"target\":{\"@type\":\"EntryPoint\",\"urlTemplate\":\"https:\\\/\\\/interamerica.org\\\/es\\\/?s={search_term_string}\"},\"query-input\":{\"@type\":\"PropertyValueSpecification\",\"valueRequired\":true,\"valueName\":\"search_term_string\"}}],\"inLanguage\":\"es\"},{\"@type\":\"Person\",\"@id\":\"https:\\\/\\\/interamerica.org\\\/es\\\/#\\\/schema\\\/person\\\/29998f2bc2d8bd0d38662909289b54f1\",\"name\":\"libna\",\"image\":{\"@type\":\"ImageObject\",\"inLanguage\":\"es\",\"@id\":\"https:\\\/\\\/secure.gravatar.com\\\/avatar\\\/7c5bd30ae4b47a9ba3c856590957fd1d96dc588bf3ac05719d247e126840331f?s=96&d=mm&r=g\",\"url\":\"https:\\\/\\\/secure.gravatar.com\\\/avatar\\\/7c5bd30ae4b47a9ba3c856590957fd1d96dc588bf3ac05719d247e126840331f?s=96&d=mm&r=g\",\"contentUrl\":\"https:\\\/\\\/secure.gravatar.com\\\/avatar\\\/7c5bd30ae4b47a9ba3c856590957fd1d96dc588bf3ac05719d247e126840331f?s=96&d=mm&r=g\",\"caption\":\"libna\"}}]}<\/script>\n<!-- \/ Yoast SEO plugin. -->","yoast_head_json":{"title":"Pastor Ted Wilson: Un mensaje especial sobre profec\u00eda y el s\u00e1bado - Iglesia Adventista del S\u00e9ptimo D\u00eda - Divisi\u00f3n Interamericana","robots":{"index":"index","follow":"follow","max-snippet":"max-snippet:-1","max-image-preview":"max-image-preview:large","max-video-preview":"max-video-preview:-1"},"canonical":"https:\/\/interamerica.org\/es\/2020\/06\/pastor-ted-wilson-un-mensaje-especial-sobre-profecia-y-el-sabado\/","og_locale":"es_ES","og_type":"article","og_title":"Pastor Ted Wilson: Un mensaje especial sobre profec\u00eda y el s\u00e1bado - Iglesia Adventista del S\u00e9ptimo D\u00eda - Divisi\u00f3n Interamericana","og_description":"14 de junio de 2020 | Silver Spring, Maryland, Estados Unidos | Por: Ted N.C.\u00a0Wilson Nuevamente nos unimos a trav\u00e9s de los medios electr\u00f3nicos. Este marco de comunicaci\u00f3n es un...","og_url":"https:\/\/interamerica.org\/es\/2020\/06\/pastor-ted-wilson-un-mensaje-especial-sobre-profecia-y-el-sabado\/","og_site_name":"Iglesia Adventista del S\u00e9ptimo D\u00eda - Divisi\u00f3n Interamericana","article_published_time":"2020-06-15T00:14:09+00:00","article_modified_time":"2020-06-15T14:43:31+00:00","og_image":[{"width":1000,"height":500,"url":"https:\/\/interamerica.org\/wp-content\/uploads\/2020\/06\/wilson15.jpg","type":"image\/jpeg"}],"author":"libna","twitter_card":"summary_large_image","twitter_misc":{"Escrito por":"libna","Tiempo de lectura":"5 minutos"},"schema":{"@context":"https:\/\/schema.org","@graph":[{"@type":"Article","@id":"https:\/\/interamerica.org\/es\/2020\/06\/pastor-ted-wilson-un-mensaje-especial-sobre-profecia-y-el-sabado\/#article","isPartOf":{"@id":"https:\/\/interamerica.org\/es\/2020\/06\/pastor-ted-wilson-un-mensaje-especial-sobre-profecia-y-el-sabado\/"},"author":{"name":"libna","@id":"https:\/\/interamerica.org\/es\/#\/schema\/person\/29998f2bc2d8bd0d38662909289b54f1"},"headline":"Pastor Ted Wilson: Un mensaje especial sobre profec\u00eda y el s\u00e1bado","datePublished":"2020-06-15T00:14:09+00:00","dateModified":"2020-06-15T14:43:31+00:00","mainEntityOfPage":{"@id":"https:\/\/interamerica.org\/es\/2020\/06\/pastor-ted-wilson-un-mensaje-especial-sobre-profecia-y-el-sabado\/"},"wordCount":1043,"commentCount":0,"image":{"@id":"https:\/\/interamerica.org\/es\/2020\/06\/pastor-ted-wilson-un-mensaje-especial-sobre-profecia-y-el-sabado\/#primaryimage"},"thumbnailUrl":"https:\/\/interamerica.org\/wp-content\/uploads\/2020\/06\/wilson15.jpg","articleSection":["Desde la iglesia mundial","RSS Espa\u00f1ol"],"inLanguage":"es","potentialAction":[{"@type":"CommentAction","name":"Comment","target":["https:\/\/interamerica.org\/es\/2020\/06\/pastor-ted-wilson-un-mensaje-especial-sobre-profecia-y-el-sabado\/#respond"]}]},{"@type":"WebPage","@id":"https:\/\/interamerica.org\/es\/2020\/06\/pastor-ted-wilson-un-mensaje-especial-sobre-profecia-y-el-sabado\/","url":"https:\/\/interamerica.org\/es\/2020\/06\/pastor-ted-wilson-un-mensaje-especial-sobre-profecia-y-el-sabado\/","name":"Pastor Ted Wilson: Un mensaje especial sobre profec\u00eda y el s\u00e1bado - Iglesia Adventista del S\u00e9ptimo D\u00eda - Divisi\u00f3n Interamericana","isPartOf":{"@id":"https:\/\/interamerica.org\/es\/#website"},"primaryImageOfPage":{"@id":"https:\/\/interamerica.org\/es\/2020\/06\/pastor-ted-wilson-un-mensaje-especial-sobre-profecia-y-el-sabado\/#primaryimage"},"image":{"@id":"https:\/\/interamerica.org\/es\/2020\/06\/pastor-ted-wilson-un-mensaje-especial-sobre-profecia-y-el-sabado\/#primaryimage"},"thumbnailUrl":"https:\/\/interamerica.org\/wp-content\/uploads\/2020\/06\/wilson15.jpg","datePublished":"2020-06-15T00:14:09+00:00","dateModified":"2020-06-15T14:43:31+00:00","author":{"@id":"https:\/\/interamerica.org\/es\/#\/schema\/person\/29998f2bc2d8bd0d38662909289b54f1"},"breadcrumb":{"@id":"https:\/\/interamerica.org\/es\/2020\/06\/pastor-ted-wilson-un-mensaje-especial-sobre-profecia-y-el-sabado\/#breadcrumb"},"inLanguage":"es","potentialAction":[{"@type":"ReadAction","target":["https:\/\/interamerica.org\/es\/2020\/06\/pastor-ted-wilson-un-mensaje-especial-sobre-profecia-y-el-sabado\/"]}]},{"@type":"ImageObject","inLanguage":"es","@id":"https:\/\/interamerica.org\/es\/2020\/06\/pastor-ted-wilson-un-mensaje-especial-sobre-profecia-y-el-sabado\/#primaryimage","url":"https:\/\/interamerica.org\/wp-content\/uploads\/2020\/06\/wilson15.jpg","contentUrl":"https:\/\/interamerica.org\/wp-content\/uploads\/2020\/06\/wilson15.jpg","width":1000,"height":500},{"@type":"BreadcrumbList","@id":"https:\/\/interamerica.org\/es\/2020\/06\/pastor-ted-wilson-un-mensaje-especial-sobre-profecia-y-el-sabado\/#breadcrumb","itemListElement":[{"@type":"ListItem","position":1,"name":"Home","item":"https:\/\/interamerica.org\/es\/"},{"@type":"ListItem","position":2,"name":"Pastor Ted Wilson: Un mensaje especial sobre profec\u00eda y el s\u00e1bado"}]},{"@type":"WebSite","@id":"https:\/\/interamerica.org\/es\/#website","url":"https:\/\/interamerica.org\/es\/","name":"Iglesia Adventista del S\u00e9ptimo D\u00eda - Divisi\u00f3n Interamericana","description":"","potentialAction":[{"@type":"SearchAction","target":{"@type":"EntryPoint","urlTemplate":"https:\/\/interamerica.org\/es\/?s={search_term_string}"},"query-input":{"@type":"PropertyValueSpecification","valueRequired":true,"valueName":"search_term_string"}}],"inLanguage":"es"},{"@type":"Person","@id":"https:\/\/interamerica.org\/es\/#\/schema\/person\/29998f2bc2d8bd0d38662909289b54f1","name":"libna","image":{"@type":"ImageObject","inLanguage":"es","@id":"https:\/\/secure.gravatar.com\/avatar\/7c5bd30ae4b47a9ba3c856590957fd1d96dc588bf3ac05719d247e126840331f?s=96&d=mm&r=g","url":"https:\/\/secure.gravatar.com\/avatar\/7c5bd30ae4b47a9ba3c856590957fd1d96dc588bf3ac05719d247e126840331f?s=96&d=mm&r=g","contentUrl":"https:\/\/secure.gravatar.com\/avatar\/7c5bd30ae4b47a9ba3c856590957fd1d96dc588bf3ac05719d247e126840331f?s=96&d=mm&r=g","caption":"libna"}}]}},"_links":{"self":[{"href":"https:\/\/interamerica.org\/es\/wp-json\/wp\/v2\/posts\/59736","targetHints":{"allow":["GET"]}}],"collection":[{"href":"https:\/\/interamerica.org\/es\/wp-json\/wp\/v2\/posts"}],"about":[{"href":"https:\/\/interamerica.org\/es\/wp-json\/wp\/v2\/types\/post"}],"author":[{"embeddable":true,"href":"https:\/\/interamerica.org\/es\/wp-json\/wp\/v2\/users\/3"}],"replies":[{"embeddable":true,"href":"https:\/\/interamerica.org\/es\/wp-json\/wp\/v2\/comments?post=59736"}],"version-history":[{"count":0,"href":"https:\/\/interamerica.org\/es\/wp-json\/wp\/v2\/posts\/59736\/revisions"}],"wp:featuredmedia":[{"embeddable":true,"href":"https:\/\/interamerica.org\/es\/wp-json\/wp\/v2\/media\/59724"}],"wp:attachment":[{"href":"https:\/\/interamerica.org\/es\/wp-json\/wp\/v2\/media?parent=59736"}],"wp:term":[{"taxonomy":"category","embeddable":true,"href":"https:\/\/interamerica.org\/es\/wp-json\/wp\/v2\/categories?post=59736"},{"taxonomy":"post_tag","embeddable":true,"href":"https:\/\/interamerica.org\/es\/wp-json\/wp\/v2\/tags?post=59736"}],"curies":[{"name":"wp","href":"https:\/\/api.w.org\/{rel}","templated":true}]}}