{"id":59890,"date":"2020-06-18T10:56:38","date_gmt":"2020-06-18T14:56:38","guid":{"rendered":"https:\/\/recursing-golick.147-182-135-0.plesk.page\/?p=59890"},"modified":"2020-06-18T20:52:07","modified_gmt":"2020-06-19T00:52:07","slug":"en-la-region-colombiana-del-norte-decenas-de-familias-indigenas-se-benefician-con-la-distribucion-de-alimentos-de-la-iglesia","status":"publish","type":"post","link":"https:\/\/interamerica.org\/es\/2020\/06\/en-la-region-colombiana-del-norte-decenas-de-familias-indigenas-se-benefician-con-la-distribucion-de-alimentos-de-la-iglesia\/","title":{"rendered":"En la regi\u00f3n Colombiana del Norte, decenas de familias ind\u00edgenas se benefician con la distribuci\u00f3n de alimentos de la iglesia"},"content":{"rendered":"<p><div id=\"attachment_59866\" style=\"width: 813px\" class=\"wp-caption aligncenter\"><img fetchpriority=\"high\" decoding=\"async\" aria-describedby=\"caption-attachment-59866\" class=\" wp-image-59864\" src=\"https:\/\/recursing-golick.147-182-135-0.plesk.page\/wp-content\/uploads\/2020\/06\/wayuu-food-family-1024x768.jpg\" alt=\"\" width=\"803\" height=\"602\" srcset=\"https:\/\/interamerica.org\/wp-content\/uploads\/2020\/06\/wayuu-food-family-1024x768.jpg 1024w, https:\/\/interamerica.org\/wp-content\/uploads\/2020\/06\/wayuu-food-family-300x225.jpg 300w, https:\/\/interamerica.org\/wp-content\/uploads\/2020\/06\/wayuu-food-family-768x576.jpg 768w, https:\/\/interamerica.org\/wp-content\/uploads\/2020\/06\/wayuu-food-family.jpg 1040w\" sizes=\"(max-width: 803px) 100vw, 803px\" \/><p id=\"caption-attachment-59866\" class=\"wp-caption-text\">Una familia wuay\u00fa de La Guajira, en el norte de Colombia, sonr\u00ede para una foto el 28 de mayo de 2020, despu\u00e9s de recibir una bolsa de alimentos que los alimentar\u00e1n durante una semana. La iniciativa fue parte de un proyecto liderado por la Iglesia Adventista y ADRA Colombia, para alimentar a 92 familias ind\u00edgenas necesitadas afectadas por la crisis de la pandemia en la regi\u00f3n. [Fotograf\u00eda: ADRA Colombia]<\/p><\/div>18 de junio de 2020 | Medell\u00edn, Colombia | Daniela Arrieta \/ Noticias de la DIA<\/p>\n<p>Decenas de familias ind\u00edgenas way\u00fa en La Guajira, en el norte de Colombia, recibieron bolsas de alimento, gracias a una iniciativa de la Iglesia Adventista del S\u00e9ptimo D\u00eda y la Agencia Adventista de Desarrollo y Recursos Asistenciales (ADRA) en Colombia.<\/p>\n<p>Las familias way\u00fa se han visto forzadas a seguir los requerimientos de la cuarentena debido a la pandemia del coronavirus, y muchos no han podido trabajar o ganar dinero para comprar alimentos. Casi cien de las familias m\u00e1s necesitadas fueron seleccionadas hace poco y adoptadas durante varias semanas, durante las cuales recibieron alimentos.<\/p>\n<p>\u201cLas necesidades de las comunidades ind\u00edgenas son sumamente relevantes\u201d, dijo Eliezer Taboada, pastor distrital del distrito de Maicao en el departamento de La Guajira, que incluye los distritos municipales de Paraguach\u00f3n, Uribia y Manaure. \u201cMuchas de las personas venden carbon casero, pero desde que la polic\u00eda restringi\u00f3 la capacidad de movilidad, no han podido trabajar\u201d.<\/p>\n<p><div id=\"attachment_59863\" style=\"width: 814px\" class=\"wp-caption aligncenter\"><img decoding=\"async\" aria-describedby=\"caption-attachment-59863\" class=\" wp-image-59861\" src=\"https:\/\/recursing-golick.147-182-135-0.plesk.page\/wp-content\/uploads\/2020\/06\/wayuu-family-food-2.jpg\" alt=\"\" width=\"804\" height=\"536\" srcset=\"https:\/\/interamerica.org\/wp-content\/uploads\/2020\/06\/wayuu-family-food-2.jpg 1000w, https:\/\/interamerica.org\/wp-content\/uploads\/2020\/06\/wayuu-family-food-2-300x200.jpg 300w, https:\/\/interamerica.org\/wp-content\/uploads\/2020\/06\/wayuu-family-food-2-768x512.jpg 768w\" sizes=\"(max-width: 804px) 100vw, 804px\" \/><p id=\"caption-attachment-59863\" class=\"wp-caption-text\">Una familia de la comunidad way\u00fa en La Guajira sonr\u00ede despu\u00e9s de recibir alimentos de parte de ADRA Colombia el mes pasado. La iniciativa hizo que se alimentara a 92 familias entre abril y mayo de 2020. [Fotograf\u00eda: ADRA Colombia]<\/p><\/div>El pastor Taboada, que tambi\u00e9n supervisa la obra de la iglesia en el distrito municipal de Paraguach\u00f3n, cerca de la frontera con Venezuela, dijo que muchos se han visto severamente afectados. \u201cSu econom\u00eda depende totalmente de la venta de art\u00edculos en la frontera entre Colombia y Venezuela, y dado que ha estado cerrado desde el 14 de marzo debido al coronavirus, hay una seria crisis econ\u00f3mica, y m\u00e1s a\u00fan por el incremento de las necesidades b\u00e1sica\u201d, explic\u00f3.<\/p>\n<p>Cuando la situaci\u00f3n se volvi\u00f3 m\u00e1s grave, los l\u00edderes de la iglesia solicitaron donaciones que, como resultado, fueron usadas para ayudar a las familias way\u00fas con arroz, porotos frijoles, lentejas, harina, huevos, pasta, leche, sal y aceite. El departamento de La Guajira tiene una comunidad way\u00fa de m\u00e1s de 270.400 personas.<\/p>\n<p>Los art\u00edculos fueron distribuidos en los meses de abril y mayo por ADRA Colombia, en colaboraci\u00f3n con la Fundaci\u00f3n Samaritana, y los miembros que han donado de sus propios recursos para ayudar a la comunidad way\u00fa, dijeron los l\u00edderes de la iglesia.<\/p>\n<p><div id=\"attachment_59857\" style=\"width: 814px\" class=\"wp-caption aligncenter\"><img decoding=\"async\" aria-describedby=\"caption-attachment-59857\" class=\" wp-image-59855\" src=\"https:\/\/recursing-golick.147-182-135-0.plesk.page\/wp-content\/uploads\/2020\/06\/wayuu-distribution-food-2.jpg\" alt=\"\" width=\"804\" height=\"602\" srcset=\"https:\/\/interamerica.org\/wp-content\/uploads\/2020\/06\/wayuu-distribution-food-2.jpg 950w, https:\/\/interamerica.org\/wp-content\/uploads\/2020\/06\/wayuu-distribution-food-2-300x225.jpg 300w, https:\/\/interamerica.org\/wp-content\/uploads\/2020\/06\/wayuu-distribution-food-2-768x575.jpg 768w\" sizes=\"(max-width: 804px) 100vw, 804px\" \/><p id=\"caption-attachment-59857\" class=\"wp-caption-text\">Un coordinador y voluntarios de ADRA comienzan a distribuir los art\u00edculos a las familias necesitadas de la comunidad way\u00fa en el norte de Colombia. [Fotograf\u00eda: ADRA Colombia]<\/p><\/div>Hasta el momento, los l\u00edderes de la iglesia han distribuido 220 bolsas de alimentos en el distrito municipal de Maicao, como parte de las 92 familias designadas seleccionadas en La Guajira.<\/p>\n<p>\u201cCierto d\u00eda, estaba visitando a familias en el rancho de Pupuren y sent\u00ed que se me part\u00eda el coraz\u00f3n al ver que hab\u00eda tanta gente que a\u00fan no hab\u00eda almorzado\u201d, dijo el pastor Taboada. \u201cGracias a Dios y al coraz\u00f3n de tantos miembros de iglesia, hemos logrado repartir los alimentos a muchas familias way\u00fa necesitadas, ayud\u00e1ndolas con sus necesidades b\u00e1sicas durante semanas\u201d.<\/p>\n<p>Cecilia Uriana Epiayu fue una de las integrantes de la comunidad way\u00fa que recibi\u00f3 alimentos. \u201cAgradezco a Dios y a la iglesia por recordarnos. Dios ha sido tan bueno, y hemos podido tener alimentos en el hogar\u201d, dijo Uriana.<\/p>\n<p><div id=\"attachment_59860\" style=\"width: 812px\" class=\"wp-caption aligncenter\"><img loading=\"lazy\" decoding=\"async\" aria-describedby=\"caption-attachment-59860\" class=\" wp-image-59858\" src=\"https:\/\/recursing-golick.147-182-135-0.plesk.page\/wp-content\/uploads\/2020\/06\/wayuu-food-distribution.jpg\" alt=\"\" width=\"802\" height=\"526\" srcset=\"https:\/\/interamerica.org\/wp-content\/uploads\/2020\/06\/wayuu-food-distribution.jpg 1000w, https:\/\/interamerica.org\/wp-content\/uploads\/2020\/06\/wayuu-food-distribution-300x197.jpg 300w, https:\/\/interamerica.org\/wp-content\/uploads\/2020\/06\/wayuu-food-distribution-768x504.jpg 768w\" sizes=\"(max-width: 802px) 100vw, 802px\" \/><p id=\"caption-attachment-59860\" class=\"wp-caption-text\">Parte de las bolsas de alimento que contienen arroz, porotos frijoles, lentejas, pasta, harina, huevos, aceite y sal, que fueron distribuidos a decenas de familias way\u00fas necesitadas. [Fotograf\u00eda: ADRA Colombia]<\/p><\/div>El pastor Taboada agradeci\u00f3 a los que se sumaron al proyecto para ayudar a las comunidades way\u00fas durante los \u00faltimos dos meses.<\/p>\n<p>\u201cEs poco lo que hacemos pero esto tiene un gran significado para ellos\u201d, dijo Taboada. \u201cNos sentimos muy felices de trabajar para el Se\u00f1or y llevar un mensaje de esperanza a cada persona, satisfaciendo sus necesidades b\u00e1sicas.<\/p>\n<p>Se han implementado planes para seguir ayudando a m\u00e1s familias necesitadas que est\u00e1n luchando durante las regulaciones por la cuarentena en las comunidades way\u00fas. \u201cHemos hablado con entidades de gobierno y con la alcald\u00eda para que se sumen a nuestro proyecto con donaci\u00f3n de alimentos y sigan as\u00ed beneficiando a las familias necesitadas\u201d, dijo Taboada.<\/p>\n<p>Para saber m\u00e1s sobre la Iglesia Adventista en la regi\u00f3n Colombiana del Norte y sus iniciativas y proyectos, visite <a href=\"https:\/\/www.unioncolombiana.org.co\/\">unioncolombiana.org.co<\/a><\/p>\n<p>Traducci\u00f3n de Marcos Paseggi<\/p>\n","protected":false},"excerpt":{"rendered":"<p>18 de junio de 2020 | Medell\u00edn, Colombia | Daniela Arrieta \/ Noticias de la DIA Decenas de familias ind\u00edgenas way\u00fa en La Guajira, en el norte de Colombia, recibieron&#8230;<\/p>\n","protected":false},"author":3,"featured_media":59866,"comment_status":"open","ping_status":"closed","sticky":false,"template":"","format":"standard","meta":{"_acf_changed":false,"footnotes":""},"categories":[17,15],"tags":[],"class_list":["post-59890","post","type-post","status-publish","format-standard","has-post-thumbnail","hentry","category-desde-el-campo","category-rss-espanol"],"acf":[],"yoast_head":"<!-- This site is optimized with the Yoast SEO plugin v27.3 - https:\/\/yoast.com\/product\/yoast-seo-wordpress\/ -->\n<title>En la regi\u00f3n Colombiana del Norte, decenas de familias ind\u00edgenas se benefician con la distribuci\u00f3n de alimentos de la iglesia - Iglesia Adventista del S\u00e9ptimo D\u00eda - Divisi\u00f3n Interamericana<\/title>\n<meta name=\"robots\" content=\"index, follow, max-snippet:-1, max-image-preview:large, max-video-preview:-1\" \/>\n<link rel=\"canonical\" href=\"https:\/\/interamerica.org\/es\/2020\/06\/en-la-region-colombiana-del-norte-decenas-de-familias-indigenas-se-benefician-con-la-distribucion-de-alimentos-de-la-iglesia\/\" \/>\n<meta property=\"og:locale\" content=\"es_ES\" \/>\n<meta property=\"og:type\" content=\"article\" \/>\n<meta property=\"og:title\" content=\"En la regi\u00f3n Colombiana del Norte, decenas de familias ind\u00edgenas se benefician con la distribuci\u00f3n de alimentos de la iglesia - Iglesia Adventista del S\u00e9ptimo D\u00eda - Divisi\u00f3n Interamericana\" \/>\n<meta property=\"og:description\" content=\"18 de junio de 2020 | Medell\u00edn, Colombia | Daniela Arrieta \/ Noticias de la DIA Decenas de familias ind\u00edgenas way\u00fa en La Guajira, en el norte de Colombia, recibieron...\" \/>\n<meta property=\"og:url\" content=\"https:\/\/interamerica.org\/es\/2020\/06\/en-la-region-colombiana-del-norte-decenas-de-familias-indigenas-se-benefician-con-la-distribucion-de-alimentos-de-la-iglesia\/\" \/>\n<meta property=\"og:site_name\" content=\"Iglesia Adventista del S\u00e9ptimo D\u00eda - Divisi\u00f3n Interamericana\" \/>\n<meta property=\"article:published_time\" content=\"2020-06-18T14:56:38+00:00\" \/>\n<meta property=\"article:modified_time\" content=\"2020-06-19T00:52:07+00:00\" \/>\n<meta property=\"og:image\" content=\"https:\/\/interamerica.org\/wp-content\/uploads\/2020\/06\/wayuu-food-family.jpg\" \/>\n\t<meta property=\"og:image:width\" content=\"1040\" \/>\n\t<meta property=\"og:image:height\" content=\"780\" \/>\n\t<meta property=\"og:image:type\" content=\"image\/jpeg\" \/>\n<meta name=\"author\" content=\"libna\" \/>\n<meta name=\"twitter:card\" content=\"summary_large_image\" \/>\n<meta name=\"twitter:label1\" content=\"Escrito por\" \/>\n\t<meta name=\"twitter:data1\" content=\"libna\" \/>\n\t<meta name=\"twitter:label2\" content=\"Tiempo de lectura\" \/>\n\t<meta name=\"twitter:data2\" content=\"4 minutos\" \/>\n<script type=\"application\/ld+json\" class=\"yoast-schema-graph\">{\"@context\":\"https:\\\/\\\/schema.org\",\"@graph\":[{\"@type\":\"Article\",\"@id\":\"https:\\\/\\\/interamerica.org\\\/es\\\/2020\\\/06\\\/en-la-region-colombiana-del-norte-decenas-de-familias-indigenas-se-benefician-con-la-distribucion-de-alimentos-de-la-iglesia\\\/#article\",\"isPartOf\":{\"@id\":\"https:\\\/\\\/interamerica.org\\\/es\\\/2020\\\/06\\\/en-la-region-colombiana-del-norte-decenas-de-familias-indigenas-se-benefician-con-la-distribucion-de-alimentos-de-la-iglesia\\\/\"},\"author\":{\"name\":\"libna\",\"@id\":\"https:\\\/\\\/interamerica.org\\\/es\\\/#\\\/schema\\\/person\\\/29998f2bc2d8bd0d38662909289b54f1\"},\"headline\":\"En la regi\u00f3n Colombiana del Norte, decenas de familias ind\u00edgenas se benefician con la distribuci\u00f3n de alimentos de la iglesia\",\"datePublished\":\"2020-06-18T14:56:38+00:00\",\"dateModified\":\"2020-06-19T00:52:07+00:00\",\"mainEntityOfPage\":{\"@id\":\"https:\\\/\\\/interamerica.org\\\/es\\\/2020\\\/06\\\/en-la-region-colombiana-del-norte-decenas-de-familias-indigenas-se-benefician-con-la-distribucion-de-alimentos-de-la-iglesia\\\/\"},\"wordCount\":868,\"commentCount\":0,\"image\":{\"@id\":\"https:\\\/\\\/interamerica.org\\\/es\\\/2020\\\/06\\\/en-la-region-colombiana-del-norte-decenas-de-familias-indigenas-se-benefician-con-la-distribucion-de-alimentos-de-la-iglesia\\\/#primaryimage\"},\"thumbnailUrl\":\"https:\\\/\\\/interamerica.org\\\/wp-content\\\/uploads\\\/2020\\\/06\\\/wayuu-food-family.jpg\",\"articleSection\":[\"Desde el campo\",\"RSS Espa\u00f1ol\"],\"inLanguage\":\"es\",\"potentialAction\":[{\"@type\":\"CommentAction\",\"name\":\"Comment\",\"target\":[\"https:\\\/\\\/interamerica.org\\\/es\\\/2020\\\/06\\\/en-la-region-colombiana-del-norte-decenas-de-familias-indigenas-se-benefician-con-la-distribucion-de-alimentos-de-la-iglesia\\\/#respond\"]}]},{\"@type\":\"WebPage\",\"@id\":\"https:\\\/\\\/interamerica.org\\\/es\\\/2020\\\/06\\\/en-la-region-colombiana-del-norte-decenas-de-familias-indigenas-se-benefician-con-la-distribucion-de-alimentos-de-la-iglesia\\\/\",\"url\":\"https:\\\/\\\/interamerica.org\\\/es\\\/2020\\\/06\\\/en-la-region-colombiana-del-norte-decenas-de-familias-indigenas-se-benefician-con-la-distribucion-de-alimentos-de-la-iglesia\\\/\",\"name\":\"En la regi\u00f3n Colombiana del Norte, decenas de familias ind\u00edgenas se benefician con la distribuci\u00f3n de alimentos de la iglesia - Iglesia Adventista del S\u00e9ptimo D\u00eda - Divisi\u00f3n Interamericana\",\"isPartOf\":{\"@id\":\"https:\\\/\\\/interamerica.org\\\/es\\\/#website\"},\"primaryImageOfPage\":{\"@id\":\"https:\\\/\\\/interamerica.org\\\/es\\\/2020\\\/06\\\/en-la-region-colombiana-del-norte-decenas-de-familias-indigenas-se-benefician-con-la-distribucion-de-alimentos-de-la-iglesia\\\/#primaryimage\"},\"image\":{\"@id\":\"https:\\\/\\\/interamerica.org\\\/es\\\/2020\\\/06\\\/en-la-region-colombiana-del-norte-decenas-de-familias-indigenas-se-benefician-con-la-distribucion-de-alimentos-de-la-iglesia\\\/#primaryimage\"},\"thumbnailUrl\":\"https:\\\/\\\/interamerica.org\\\/wp-content\\\/uploads\\\/2020\\\/06\\\/wayuu-food-family.jpg\",\"datePublished\":\"2020-06-18T14:56:38+00:00\",\"dateModified\":\"2020-06-19T00:52:07+00:00\",\"author\":{\"@id\":\"https:\\\/\\\/interamerica.org\\\/es\\\/#\\\/schema\\\/person\\\/29998f2bc2d8bd0d38662909289b54f1\"},\"breadcrumb\":{\"@id\":\"https:\\\/\\\/interamerica.org\\\/es\\\/2020\\\/06\\\/en-la-region-colombiana-del-norte-decenas-de-familias-indigenas-se-benefician-con-la-distribucion-de-alimentos-de-la-iglesia\\\/#breadcrumb\"},\"inLanguage\":\"es\",\"potentialAction\":[{\"@type\":\"ReadAction\",\"target\":[\"https:\\\/\\\/interamerica.org\\\/es\\\/2020\\\/06\\\/en-la-region-colombiana-del-norte-decenas-de-familias-indigenas-se-benefician-con-la-distribucion-de-alimentos-de-la-iglesia\\\/\"]}]},{\"@type\":\"ImageObject\",\"inLanguage\":\"es\",\"@id\":\"https:\\\/\\\/interamerica.org\\\/es\\\/2020\\\/06\\\/en-la-region-colombiana-del-norte-decenas-de-familias-indigenas-se-benefician-con-la-distribucion-de-alimentos-de-la-iglesia\\\/#primaryimage\",\"url\":\"https:\\\/\\\/interamerica.org\\\/wp-content\\\/uploads\\\/2020\\\/06\\\/wayuu-food-family.jpg\",\"contentUrl\":\"https:\\\/\\\/interamerica.org\\\/wp-content\\\/uploads\\\/2020\\\/06\\\/wayuu-food-family.jpg\",\"width\":1040,\"height\":780,\"caption\":\"[Photo: ADRA Colombia]\"},{\"@type\":\"BreadcrumbList\",\"@id\":\"https:\\\/\\\/interamerica.org\\\/es\\\/2020\\\/06\\\/en-la-region-colombiana-del-norte-decenas-de-familias-indigenas-se-benefician-con-la-distribucion-de-alimentos-de-la-iglesia\\\/#breadcrumb\",\"itemListElement\":[{\"@type\":\"ListItem\",\"position\":1,\"name\":\"Home\",\"item\":\"https:\\\/\\\/interamerica.org\\\/es\\\/\"},{\"@type\":\"ListItem\",\"position\":2,\"name\":\"En la regi\u00f3n Colombiana del Norte, decenas de familias ind\u00edgenas se benefician con la distribuci\u00f3n de alimentos de la iglesia\"}]},{\"@type\":\"WebSite\",\"@id\":\"https:\\\/\\\/interamerica.org\\\/es\\\/#website\",\"url\":\"https:\\\/\\\/interamerica.org\\\/es\\\/\",\"name\":\"Iglesia Adventista del S\u00e9ptimo D\u00eda - Divisi\u00f3n Interamericana\",\"description\":\"\",\"potentialAction\":[{\"@type\":\"SearchAction\",\"target\":{\"@type\":\"EntryPoint\",\"urlTemplate\":\"https:\\\/\\\/interamerica.org\\\/es\\\/?s={search_term_string}\"},\"query-input\":{\"@type\":\"PropertyValueSpecification\",\"valueRequired\":true,\"valueName\":\"search_term_string\"}}],\"inLanguage\":\"es\"},{\"@type\":\"Person\",\"@id\":\"https:\\\/\\\/interamerica.org\\\/es\\\/#\\\/schema\\\/person\\\/29998f2bc2d8bd0d38662909289b54f1\",\"name\":\"libna\",\"image\":{\"@type\":\"ImageObject\",\"inLanguage\":\"es\",\"@id\":\"https:\\\/\\\/secure.gravatar.com\\\/avatar\\\/7c5bd30ae4b47a9ba3c856590957fd1d96dc588bf3ac05719d247e126840331f?s=96&d=mm&r=g\",\"url\":\"https:\\\/\\\/secure.gravatar.com\\\/avatar\\\/7c5bd30ae4b47a9ba3c856590957fd1d96dc588bf3ac05719d247e126840331f?s=96&d=mm&r=g\",\"contentUrl\":\"https:\\\/\\\/secure.gravatar.com\\\/avatar\\\/7c5bd30ae4b47a9ba3c856590957fd1d96dc588bf3ac05719d247e126840331f?s=96&d=mm&r=g\",\"caption\":\"libna\"}}]}<\/script>\n<!-- \/ Yoast SEO plugin. -->","yoast_head_json":{"title":"En la regi\u00f3n Colombiana del Norte, decenas de familias ind\u00edgenas se benefician con la distribuci\u00f3n de alimentos de la iglesia - Iglesia Adventista del S\u00e9ptimo D\u00eda - Divisi\u00f3n Interamericana","robots":{"index":"index","follow":"follow","max-snippet":"max-snippet:-1","max-image-preview":"max-image-preview:large","max-video-preview":"max-video-preview:-1"},"canonical":"https:\/\/interamerica.org\/es\/2020\/06\/en-la-region-colombiana-del-norte-decenas-de-familias-indigenas-se-benefician-con-la-distribucion-de-alimentos-de-la-iglesia\/","og_locale":"es_ES","og_type":"article","og_title":"En la regi\u00f3n Colombiana del Norte, decenas de familias ind\u00edgenas se benefician con la distribuci\u00f3n de alimentos de la iglesia - Iglesia Adventista del S\u00e9ptimo D\u00eda - Divisi\u00f3n Interamericana","og_description":"18 de junio de 2020 | Medell\u00edn, Colombia | Daniela Arrieta \/ Noticias de la DIA Decenas de familias ind\u00edgenas way\u00fa en La Guajira, en el norte de Colombia, recibieron...","og_url":"https:\/\/interamerica.org\/es\/2020\/06\/en-la-region-colombiana-del-norte-decenas-de-familias-indigenas-se-benefician-con-la-distribucion-de-alimentos-de-la-iglesia\/","og_site_name":"Iglesia Adventista del S\u00e9ptimo D\u00eda - Divisi\u00f3n Interamericana","article_published_time":"2020-06-18T14:56:38+00:00","article_modified_time":"2020-06-19T00:52:07+00:00","og_image":[{"width":1040,"height":780,"url":"https:\/\/interamerica.org\/wp-content\/uploads\/2020\/06\/wayuu-food-family.jpg","type":"image\/jpeg"}],"author":"libna","twitter_card":"summary_large_image","twitter_misc":{"Escrito por":"libna","Tiempo de lectura":"4 minutos"},"schema":{"@context":"https:\/\/schema.org","@graph":[{"@type":"Article","@id":"https:\/\/interamerica.org\/es\/2020\/06\/en-la-region-colombiana-del-norte-decenas-de-familias-indigenas-se-benefician-con-la-distribucion-de-alimentos-de-la-iglesia\/#article","isPartOf":{"@id":"https:\/\/interamerica.org\/es\/2020\/06\/en-la-region-colombiana-del-norte-decenas-de-familias-indigenas-se-benefician-con-la-distribucion-de-alimentos-de-la-iglesia\/"},"author":{"name":"libna","@id":"https:\/\/interamerica.org\/es\/#\/schema\/person\/29998f2bc2d8bd0d38662909289b54f1"},"headline":"En la regi\u00f3n Colombiana del Norte, decenas de familias ind\u00edgenas se benefician con la distribuci\u00f3n de alimentos de la iglesia","datePublished":"2020-06-18T14:56:38+00:00","dateModified":"2020-06-19T00:52:07+00:00","mainEntityOfPage":{"@id":"https:\/\/interamerica.org\/es\/2020\/06\/en-la-region-colombiana-del-norte-decenas-de-familias-indigenas-se-benefician-con-la-distribucion-de-alimentos-de-la-iglesia\/"},"wordCount":868,"commentCount":0,"image":{"@id":"https:\/\/interamerica.org\/es\/2020\/06\/en-la-region-colombiana-del-norte-decenas-de-familias-indigenas-se-benefician-con-la-distribucion-de-alimentos-de-la-iglesia\/#primaryimage"},"thumbnailUrl":"https:\/\/interamerica.org\/wp-content\/uploads\/2020\/06\/wayuu-food-family.jpg","articleSection":["Desde el campo","RSS Espa\u00f1ol"],"inLanguage":"es","potentialAction":[{"@type":"CommentAction","name":"Comment","target":["https:\/\/interamerica.org\/es\/2020\/06\/en-la-region-colombiana-del-norte-decenas-de-familias-indigenas-se-benefician-con-la-distribucion-de-alimentos-de-la-iglesia\/#respond"]}]},{"@type":"WebPage","@id":"https:\/\/interamerica.org\/es\/2020\/06\/en-la-region-colombiana-del-norte-decenas-de-familias-indigenas-se-benefician-con-la-distribucion-de-alimentos-de-la-iglesia\/","url":"https:\/\/interamerica.org\/es\/2020\/06\/en-la-region-colombiana-del-norte-decenas-de-familias-indigenas-se-benefician-con-la-distribucion-de-alimentos-de-la-iglesia\/","name":"En la regi\u00f3n Colombiana del Norte, decenas de familias ind\u00edgenas se benefician con la distribuci\u00f3n de alimentos de la iglesia - Iglesia Adventista del S\u00e9ptimo D\u00eda - Divisi\u00f3n Interamericana","isPartOf":{"@id":"https:\/\/interamerica.org\/es\/#website"},"primaryImageOfPage":{"@id":"https:\/\/interamerica.org\/es\/2020\/06\/en-la-region-colombiana-del-norte-decenas-de-familias-indigenas-se-benefician-con-la-distribucion-de-alimentos-de-la-iglesia\/#primaryimage"},"image":{"@id":"https:\/\/interamerica.org\/es\/2020\/06\/en-la-region-colombiana-del-norte-decenas-de-familias-indigenas-se-benefician-con-la-distribucion-de-alimentos-de-la-iglesia\/#primaryimage"},"thumbnailUrl":"https:\/\/interamerica.org\/wp-content\/uploads\/2020\/06\/wayuu-food-family.jpg","datePublished":"2020-06-18T14:56:38+00:00","dateModified":"2020-06-19T00:52:07+00:00","author":{"@id":"https:\/\/interamerica.org\/es\/#\/schema\/person\/29998f2bc2d8bd0d38662909289b54f1"},"breadcrumb":{"@id":"https:\/\/interamerica.org\/es\/2020\/06\/en-la-region-colombiana-del-norte-decenas-de-familias-indigenas-se-benefician-con-la-distribucion-de-alimentos-de-la-iglesia\/#breadcrumb"},"inLanguage":"es","potentialAction":[{"@type":"ReadAction","target":["https:\/\/interamerica.org\/es\/2020\/06\/en-la-region-colombiana-del-norte-decenas-de-familias-indigenas-se-benefician-con-la-distribucion-de-alimentos-de-la-iglesia\/"]}]},{"@type":"ImageObject","inLanguage":"es","@id":"https:\/\/interamerica.org\/es\/2020\/06\/en-la-region-colombiana-del-norte-decenas-de-familias-indigenas-se-benefician-con-la-distribucion-de-alimentos-de-la-iglesia\/#primaryimage","url":"https:\/\/interamerica.org\/wp-content\/uploads\/2020\/06\/wayuu-food-family.jpg","contentUrl":"https:\/\/interamerica.org\/wp-content\/uploads\/2020\/06\/wayuu-food-family.jpg","width":1040,"height":780,"caption":"[Photo: ADRA Colombia]"},{"@type":"BreadcrumbList","@id":"https:\/\/interamerica.org\/es\/2020\/06\/en-la-region-colombiana-del-norte-decenas-de-familias-indigenas-se-benefician-con-la-distribucion-de-alimentos-de-la-iglesia\/#breadcrumb","itemListElement":[{"@type":"ListItem","position":1,"name":"Home","item":"https:\/\/interamerica.org\/es\/"},{"@type":"ListItem","position":2,"name":"En la regi\u00f3n Colombiana del Norte, decenas de familias ind\u00edgenas se benefician con la distribuci\u00f3n de alimentos de la iglesia"}]},{"@type":"WebSite","@id":"https:\/\/interamerica.org\/es\/#website","url":"https:\/\/interamerica.org\/es\/","name":"Iglesia Adventista del S\u00e9ptimo D\u00eda - Divisi\u00f3n Interamericana","description":"","potentialAction":[{"@type":"SearchAction","target":{"@type":"EntryPoint","urlTemplate":"https:\/\/interamerica.org\/es\/?s={search_term_string}"},"query-input":{"@type":"PropertyValueSpecification","valueRequired":true,"valueName":"search_term_string"}}],"inLanguage":"es"},{"@type":"Person","@id":"https:\/\/interamerica.org\/es\/#\/schema\/person\/29998f2bc2d8bd0d38662909289b54f1","name":"libna","image":{"@type":"ImageObject","inLanguage":"es","@id":"https:\/\/secure.gravatar.com\/avatar\/7c5bd30ae4b47a9ba3c856590957fd1d96dc588bf3ac05719d247e126840331f?s=96&d=mm&r=g","url":"https:\/\/secure.gravatar.com\/avatar\/7c5bd30ae4b47a9ba3c856590957fd1d96dc588bf3ac05719d247e126840331f?s=96&d=mm&r=g","contentUrl":"https:\/\/secure.gravatar.com\/avatar\/7c5bd30ae4b47a9ba3c856590957fd1d96dc588bf3ac05719d247e126840331f?s=96&d=mm&r=g","caption":"libna"}}]}},"_links":{"self":[{"href":"https:\/\/interamerica.org\/es\/wp-json\/wp\/v2\/posts\/59890","targetHints":{"allow":["GET"]}}],"collection":[{"href":"https:\/\/interamerica.org\/es\/wp-json\/wp\/v2\/posts"}],"about":[{"href":"https:\/\/interamerica.org\/es\/wp-json\/wp\/v2\/types\/post"}],"author":[{"embeddable":true,"href":"https:\/\/interamerica.org\/es\/wp-json\/wp\/v2\/users\/3"}],"replies":[{"embeddable":true,"href":"https:\/\/interamerica.org\/es\/wp-json\/wp\/v2\/comments?post=59890"}],"version-history":[{"count":0,"href":"https:\/\/interamerica.org\/es\/wp-json\/wp\/v2\/posts\/59890\/revisions"}],"wp:featuredmedia":[{"embeddable":true,"href":"https:\/\/interamerica.org\/es\/wp-json\/wp\/v2\/media\/59866"}],"wp:attachment":[{"href":"https:\/\/interamerica.org\/es\/wp-json\/wp\/v2\/media?parent=59890"}],"wp:term":[{"taxonomy":"category","embeddable":true,"href":"https:\/\/interamerica.org\/es\/wp-json\/wp\/v2\/categories?post=59890"},{"taxonomy":"post_tag","embeddable":true,"href":"https:\/\/interamerica.org\/es\/wp-json\/wp\/v2\/tags?post=59890"}],"curies":[{"name":"wp","href":"https:\/\/api.w.org\/{rel}","templated":true}]}}