{"id":59921,"date":"2020-06-22T11:32:51","date_gmt":"2020-06-22T15:32:51","guid":{"rendered":"https:\/\/recursing-golick.147-182-135-0.plesk.page\/?p=59921"},"modified":"2020-06-23T10:17:14","modified_gmt":"2020-06-23T14:17:14","slug":"pastor-ted-wilson-una-mirada-especial-a-la-profecia-en-el-libro-de-daniel","status":"publish","type":"post","link":"https:\/\/interamerica.org\/es\/2020\/06\/pastor-ted-wilson-una-mirada-especial-a-la-profecia-en-el-libro-de-daniel\/","title":{"rendered":"Pastor Ted Wilson: Una mirada especial a la profec\u00eda en el libro de Daniel"},"content":{"rendered":"<p>21 de junio de 2020 | Silver Spring, Maryland, Estados Unidos | Por: Ted N.C. Wilson<\/p>\n<p>Amigos, me siento feliz de conectarme otra vez con ustedes al final de otra semana. Mientras el mundo sigue avanzando lentamente para salir de la situaci\u00f3n del coronavirus, estamos viendo que algunos lugares se abren, y algunas personas est\u00e1n pasando a lo que se ha denominado \u201cla nueva normalidad\u201d.<\/p>\n<p>Al enfrentar cualquier cosa que pueda acometernos, este es un momento excelente para profundizar en el estudio de la Palabra de Dios \u2014que jam\u00e1s cambia\u2014 y en particular en la profec\u00eda, que nos da la seguridad de que la Palabra de Dios es verdadera.<\/p>\n<p>Durante las \u00faltimas dos semanas, hemos estado analizando las profec\u00edas que se encuentran en el libro de Daniel, y hoy analizaremos brevemente el cap\u00edtulo fundamental de Daniel 8.<\/p>\n<p>Ahora bien, este cap\u00edtulo es tan profundo, que no podemos cubrirlo todo durante estos breves momentos juntos. Analicemos no obstante algunos puntos destacados:<\/p>\n<p>Daniel 8 comienza en tiempo de los medopersas, simbolizados por el carnero con dos cuernos, como lo explica el \u00e1ngel en el vers\u00edculo 20. El carnero es derrotado por el macho cabr\u00edo, que viene de occidente sin tocar el suelo, teniendo un cuerno prominente, lo que simboliza a Grecia y la asombrosa conquista veloz de Alejandro Magno. Los cuatro cuernos que remplazaron al cuerno prominente simbolizan la divisi\u00f3n de Grecia entre cuatro de los generales de Alejandro. De uno de los cuatro vientos vino un \u201ccuerno peque\u00f1o\u201d que se expandi\u00f3 en primer lugar horizontalmente, como lo vemos en el vers\u00edculo 9, lo que simboliza la conquista de Grecia por parte de la Roma pagana, y entonces verticalmente, como lo vemos en los vers\u00edculos 10 al 12, simbolizando la usurpaci\u00f3n que hizo la Roma papal de los poderes y prerrogativas que le pertenecen a Cristo, llamado aqu\u00ed \u201cel pr\u00edncipe de los ej\u00e9rcitos\u201d.<\/p>\n<p>El derribamiento de las estrellas y del ej\u00e9rcito representan la persecuci\u00f3n del pueblo de Dios, y el derribamiento de \u201cel lugar de su santuario\u201d indica que el poder papal buscar\u00eda desplazar el ministerio de Jes\u00fas en el santuario celestial con un sacerdocio y un sistema de salvaci\u00f3n falsificados.<\/p>\n<p>Y ahora, el climax de esta visi\u00f3n aparece en <a class=\"rtBibleRef\" href=\"https:\/\/biblia.com\/bible\/nkjv\/Dan%208.%2013\" target=\"_blank\" rel=\"noopener noreferrer\" data-reference=\"Dan 8. 13\" data-version=\"nkjv\" data-purpose=\"bible-reference\">Daniel 8: 13<\/a>,<a class=\"rtBibleRef\" href=\"https:\/\/biblia.com\/bible\/nkjv\/Daniel%208.14\" target=\"_blank\" rel=\"noopener noreferrer\" data-reference=\"Daniel 8.14\" data-version=\"nkjv\" data-purpose=\"bible-reference\">14<\/a>:<\/p>\n<p>\u201cEntonces o\u00ed hablar a un santo; y otro de los santos pregunt\u00f3 [\u2026]: \u2018\u00bfHasta cu\u00e1ndo durar\u00e1 la visi\u00f3n del sacrificio continuo, la prevaricaci\u00f3n asoladora y la entrega del santuario y el ej\u00e9rcito para ser pisoteados?\u2019 Y \u00e9l dijo: \u2018Hasta dos mil trescientas tardes y ma\u00f1anas; luego el santuario ser\u00e1 purificado\u2019\u201d.<\/p>\n<p>Ver\u00e1n ustedes, el pueblo de Dios ha hecho una y otra vez la pregunta: \u201c\u00bfHasta cu\u00e1ndo?\u201d Por ejemplo, en <a class=\"rtBibleRef\" href=\"https:\/\/biblia.com\/bible\/nkjv\/Josh%2018.3\" target=\"_blank\" rel=\"noopener noreferrer\" data-reference=\"Josh 18.3\" data-version=\"nkjv\" data-purpose=\"bible-reference\">Josu\u00e9 18:3<\/a>, Josu\u00e9 pregunt\u00f3 hasta cu\u00e1ndo Israel esperar\u00eda para poseer la tierra que Dios les hab\u00eda dado. En <a class=\"rtBibleRef\" href=\"https:\/\/biblia.com\/bible\/nkjv\/1%20Kings%2018.21\" target=\"_blank\" rel=\"noopener noreferrer\" data-reference=\"1 Kings 18.21\" data-version=\"nkjv\" data-purpose=\"bible-reference\">1 Reyes 18:21<\/a>, El\u00edas pregunta al pueblo: \u201c\u00bfHasta cu\u00e1ndo vacilar\u00e9is vosotros entre dos pensamientos?\u201d En <a class=\"rtBibleRef\" href=\"https:\/\/biblia.com\/bible\/nkjv\/Ps%2094.3\" target=\"_blank\" rel=\"noopener noreferrer\" data-reference=\"Ps 94.3\" data-version=\"nkjv\" data-purpose=\"bible-reference\">Salmos 94:3<\/a> leemos: \u201c\u00bfHasta cu\u00e1ndo los imp\u00edos, hasta cu\u00e1ndo, Jehov\u00e1, se gozar\u00e1n los imp\u00edos?\u201d y en <a class=\"rtBibleRef\" href=\"https:\/\/biblia.com\/bible\/nkjv\/Dan%2012.6\" target=\"_blank\" rel=\"noopener noreferrer\" data-reference=\"Dan 12.6\" data-version=\"nkjv\" data-purpose=\"bible-reference\">Daniel 12:6<\/a>,<a class=\"rtBibleRef\" href=\"https:\/\/biblia.com\/bible\/nkjv\/Daniel%2012.7\" target=\"_blank\" rel=\"noopener noreferrer\" data-reference=\"Daniel 12.7\" data-version=\"nkjv\" data-purpose=\"bible-reference\">7<\/a> leemos: \u201c\u00bfCu\u00e1ndo ser\u00e1 el fin de estas maravillas?\u201d Y se da la respuesta: \u201cSer\u00e1 por tiempo, tiempos y la mitad de un tiempo. Y cuando se acabe la dispersi\u00f3n del poder del pueblo santo, todas estas cosas se cumplir\u00e1n\u201d.<\/p>\n<p>Dado que nuestro tiempo es muy limitado, perm\u00edtanme resumir algunos de los principales puntos:<\/p>\n<p>Uniendo los dos pasajes de Daniel 8 y 12, aprendemos que despu\u00e9s del fin de los \u201ctres tiempos y medio\u201d o los 1260 d\u00edas prof\u00e9ticos, que simbolizan 1260 d\u00edas literales, el cuerno peque\u00f1o ser\u00eda derribado (lo que se produjo en 1798), llevando al fin de los 2300 d\u00edas (o a\u00f1os) en 1844, cuando la verdad del ministerio celestial de Cristo comenzar\u00eda a ser restaurado. En 1844, comenzar\u00eda la \u201cpurificaci\u00f3n\u201d del santuario celestial, en referencia al juicio sobre el pueblo de Dios y la revelaci\u00f3n de qui\u00e9n formar\u00e1 parte del reino de Cristo.<\/p>\n<p>Ver\u00e1n ustedes, amigos, el tema del ministerio de Cristo en el santuario celestial es de suma importancia para que lo entendamos. En el libro El conflicto de los siglos, p. 479, leemos: \u201cEl pueblo de Dios deber\u00eda comprender claramente el asunto del santuario y del juicio investigador. Todos necesitan conocer por s\u00ed mismos el ministerio y la obra de su gran Sumo Sacerdote. De otro modo, les ser\u00e1 imposible ejercitar la fe tan esencial en nuestros tiempos, o desempe\u00f1ar el puesto al que Dios los llama\u201d.<\/p>\n<p>En nuestro video de la pr\u00f3xima semana, hablaremos m\u00e1s del santuario celestial, de lo que Jes\u00fas est\u00e1 haciendo all\u00ed, y de qu\u00e9 relaci\u00f3n tiene eso con nosotros. Es un mensaje tan fundamental y relevante para nosotros hoy.<\/p>\n<p>Para cerrar, me gustar\u00eda animarlos: \u00a1Tengan buen \u00e1nimo! Jesucristo, nuestro sumo sacerdote, est\u00e1 ministrando por nosotros ahora mismo en el santuario celestial, as\u00ed como lo han indicado las Escrituras. Podemos tener confianza en \u00e9l y en su Santa Palabra.<\/p>\n<p>Oremos. Padre que est\u00e1s en el cielo, qu\u00e9date con cada persona en este mundo y ay\u00fadalos a entender que la profec\u00eda nos ha sido dada para darnos seguridad, y para animarnos mostr\u00e1ndonos que t\u00fa has provisto todo para nosotros en estos \u00faltimos d\u00edas de la historia de la Tierra, y que Jes\u00fas est\u00e1 obrando por nosotros ahora mismo en el Lugar sant\u00edsimo del santuario celestial. Te agradecemos por lo que est\u00e1 haciendo en el juicio investigador. Y estamos tan agradecidos porque su sangre y su gracia puede cubrirnos cuando nos entregamos a \u00e9l cada d\u00eda. Gracias por la promesa de tu pronta venida. Y Se\u00f1or, ay\u00fadanos a ser tus manos y tus pies para sanar y brindar la esperanza que este mundo tanto necesita. En el nombre de Jes\u00fas, am\u00e9n.<\/p>\n<p>Traducci\u00f3n de Marcos Paseggi<\/p>\n<p><iframe title=\"Un Mensaje Especial del Pastor Ted Wilson \/ ESPA\u00d1OL \/ 06-19-2020\" src=\"https:\/\/player.vimeo.com\/video\/430843571?dnt=1&amp;app_id=122963\" width=\"500\" height=\"281\" frameborder=\"0\" allow=\"autoplay; fullscreen; picture-in-picture; clipboard-write\"><\/iframe><\/p>\n","protected":false},"excerpt":{"rendered":"<p>21 de junio de 2020 | Silver Spring, Maryland, Estados Unidos | Por: Ted N.C. Wilson Amigos, me siento feliz de conectarme otra vez con ustedes al final de otra&#8230;<\/p>\n","protected":false},"author":3,"featured_media":59908,"comment_status":"open","ping_status":"closed","sticky":false,"template":"","format":"standard","meta":{"_acf_changed":false,"footnotes":""},"categories":[14,15],"tags":[],"class_list":["post-59921","post","type-post","status-publish","format-standard","has-post-thumbnail","hentry","category-de-la-iglesia-mundial","category-rss-espanol"],"acf":[],"yoast_head":"<!-- This site is optimized with the Yoast SEO plugin v27.3 - https:\/\/yoast.com\/product\/yoast-seo-wordpress\/ -->\n<title>Pastor Ted Wilson: Una mirada especial a la profec\u00eda en el libro de Daniel - Iglesia Adventista del S\u00e9ptimo D\u00eda - Divisi\u00f3n Interamericana<\/title>\n<meta name=\"robots\" content=\"index, follow, max-snippet:-1, max-image-preview:large, max-video-preview:-1\" \/>\n<link rel=\"canonical\" href=\"https:\/\/interamerica.org\/es\/2020\/06\/pastor-ted-wilson-una-mirada-especial-a-la-profecia-en-el-libro-de-daniel\/\" \/>\n<meta property=\"og:locale\" content=\"es_ES\" \/>\n<meta property=\"og:type\" content=\"article\" \/>\n<meta property=\"og:title\" content=\"Pastor Ted Wilson: Una mirada especial a la profec\u00eda en el libro de Daniel - Iglesia Adventista del S\u00e9ptimo D\u00eda - Divisi\u00f3n Interamericana\" \/>\n<meta property=\"og:description\" content=\"21 de junio de 2020 | Silver Spring, Maryland, Estados Unidos | Por: Ted N.C. Wilson Amigos, me siento feliz de conectarme otra vez con ustedes al final de otra...\" \/>\n<meta property=\"og:url\" content=\"https:\/\/interamerica.org\/es\/2020\/06\/pastor-ted-wilson-una-mirada-especial-a-la-profecia-en-el-libro-de-daniel\/\" \/>\n<meta property=\"og:site_name\" content=\"Iglesia Adventista del S\u00e9ptimo D\u00eda - Divisi\u00f3n Interamericana\" \/>\n<meta property=\"article:published_time\" content=\"2020-06-22T15:32:51+00:00\" \/>\n<meta property=\"article:modified_time\" content=\"2020-06-23T14:17:14+00:00\" \/>\n<meta property=\"og:image\" content=\"https:\/\/interamerica.org\/wp-content\/uploads\/2020\/06\/pastor-ted-wilson-a-special-look-at-prophecy-in-the-book-of-daniel-1280.jpg\" \/>\n\t<meta property=\"og:image:width\" content=\"1280\" \/>\n\t<meta property=\"og:image:height\" content=\"800\" \/>\n\t<meta property=\"og:image:type\" content=\"image\/jpeg\" \/>\n<meta name=\"author\" content=\"libna\" \/>\n<meta name=\"twitter:card\" content=\"summary_large_image\" \/>\n<meta name=\"twitter:label1\" content=\"Escrito por\" \/>\n\t<meta name=\"twitter:data1\" content=\"libna\" \/>\n\t<meta name=\"twitter:label2\" content=\"Tiempo de lectura\" \/>\n\t<meta name=\"twitter:data2\" content=\"5 minutos\" \/>\n<script type=\"application\/ld+json\" class=\"yoast-schema-graph\">{\"@context\":\"https:\\\/\\\/schema.org\",\"@graph\":[{\"@type\":\"Article\",\"@id\":\"https:\\\/\\\/interamerica.org\\\/es\\\/2020\\\/06\\\/pastor-ted-wilson-una-mirada-especial-a-la-profecia-en-el-libro-de-daniel\\\/#article\",\"isPartOf\":{\"@id\":\"https:\\\/\\\/interamerica.org\\\/es\\\/2020\\\/06\\\/pastor-ted-wilson-una-mirada-especial-a-la-profecia-en-el-libro-de-daniel\\\/\"},\"author\":{\"name\":\"libna\",\"@id\":\"https:\\\/\\\/interamerica.org\\\/es\\\/#\\\/schema\\\/person\\\/29998f2bc2d8bd0d38662909289b54f1\"},\"headline\":\"Pastor Ted Wilson: Una mirada especial a la profec\u00eda en el libro de Daniel\",\"datePublished\":\"2020-06-22T15:32:51+00:00\",\"dateModified\":\"2020-06-23T14:17:14+00:00\",\"mainEntityOfPage\":{\"@id\":\"https:\\\/\\\/interamerica.org\\\/es\\\/2020\\\/06\\\/pastor-ted-wilson-una-mirada-especial-a-la-profecia-en-el-libro-de-daniel\\\/\"},\"wordCount\":1005,\"commentCount\":0,\"image\":{\"@id\":\"https:\\\/\\\/interamerica.org\\\/es\\\/2020\\\/06\\\/pastor-ted-wilson-una-mirada-especial-a-la-profecia-en-el-libro-de-daniel\\\/#primaryimage\"},\"thumbnailUrl\":\"https:\\\/\\\/interamerica.org\\\/wp-content\\\/uploads\\\/2020\\\/06\\\/pastor-ted-wilson-a-special-look-at-prophecy-in-the-book-of-daniel-1280.jpg\",\"articleSection\":[\"Desde la iglesia mundial\",\"RSS Espa\u00f1ol\"],\"inLanguage\":\"es\",\"potentialAction\":[{\"@type\":\"CommentAction\",\"name\":\"Comment\",\"target\":[\"https:\\\/\\\/interamerica.org\\\/es\\\/2020\\\/06\\\/pastor-ted-wilson-una-mirada-especial-a-la-profecia-en-el-libro-de-daniel\\\/#respond\"]}]},{\"@type\":\"WebPage\",\"@id\":\"https:\\\/\\\/interamerica.org\\\/es\\\/2020\\\/06\\\/pastor-ted-wilson-una-mirada-especial-a-la-profecia-en-el-libro-de-daniel\\\/\",\"url\":\"https:\\\/\\\/interamerica.org\\\/es\\\/2020\\\/06\\\/pastor-ted-wilson-una-mirada-especial-a-la-profecia-en-el-libro-de-daniel\\\/\",\"name\":\"Pastor Ted Wilson: Una mirada especial a la profec\u00eda en el libro de Daniel - Iglesia Adventista del S\u00e9ptimo D\u00eda - Divisi\u00f3n Interamericana\",\"isPartOf\":{\"@id\":\"https:\\\/\\\/interamerica.org\\\/es\\\/#website\"},\"primaryImageOfPage\":{\"@id\":\"https:\\\/\\\/interamerica.org\\\/es\\\/2020\\\/06\\\/pastor-ted-wilson-una-mirada-especial-a-la-profecia-en-el-libro-de-daniel\\\/#primaryimage\"},\"image\":{\"@id\":\"https:\\\/\\\/interamerica.org\\\/es\\\/2020\\\/06\\\/pastor-ted-wilson-una-mirada-especial-a-la-profecia-en-el-libro-de-daniel\\\/#primaryimage\"},\"thumbnailUrl\":\"https:\\\/\\\/interamerica.org\\\/wp-content\\\/uploads\\\/2020\\\/06\\\/pastor-ted-wilson-a-special-look-at-prophecy-in-the-book-of-daniel-1280.jpg\",\"datePublished\":\"2020-06-22T15:32:51+00:00\",\"dateModified\":\"2020-06-23T14:17:14+00:00\",\"author\":{\"@id\":\"https:\\\/\\\/interamerica.org\\\/es\\\/#\\\/schema\\\/person\\\/29998f2bc2d8bd0d38662909289b54f1\"},\"breadcrumb\":{\"@id\":\"https:\\\/\\\/interamerica.org\\\/es\\\/2020\\\/06\\\/pastor-ted-wilson-una-mirada-especial-a-la-profecia-en-el-libro-de-daniel\\\/#breadcrumb\"},\"inLanguage\":\"es\",\"potentialAction\":[{\"@type\":\"ReadAction\",\"target\":[\"https:\\\/\\\/interamerica.org\\\/es\\\/2020\\\/06\\\/pastor-ted-wilson-una-mirada-especial-a-la-profecia-en-el-libro-de-daniel\\\/\"]}]},{\"@type\":\"ImageObject\",\"inLanguage\":\"es\",\"@id\":\"https:\\\/\\\/interamerica.org\\\/es\\\/2020\\\/06\\\/pastor-ted-wilson-una-mirada-especial-a-la-profecia-en-el-libro-de-daniel\\\/#primaryimage\",\"url\":\"https:\\\/\\\/interamerica.org\\\/wp-content\\\/uploads\\\/2020\\\/06\\\/pastor-ted-wilson-a-special-look-at-prophecy-in-the-book-of-daniel-1280.jpg\",\"contentUrl\":\"https:\\\/\\\/interamerica.org\\\/wp-content\\\/uploads\\\/2020\\\/06\\\/pastor-ted-wilson-a-special-look-at-prophecy-in-the-book-of-daniel-1280.jpg\",\"width\":1280,\"height\":800},{\"@type\":\"BreadcrumbList\",\"@id\":\"https:\\\/\\\/interamerica.org\\\/es\\\/2020\\\/06\\\/pastor-ted-wilson-una-mirada-especial-a-la-profecia-en-el-libro-de-daniel\\\/#breadcrumb\",\"itemListElement\":[{\"@type\":\"ListItem\",\"position\":1,\"name\":\"Home\",\"item\":\"https:\\\/\\\/interamerica.org\\\/es\\\/\"},{\"@type\":\"ListItem\",\"position\":2,\"name\":\"Pastor Ted Wilson: Una mirada especial a la profec\u00eda en el libro de Daniel\"}]},{\"@type\":\"WebSite\",\"@id\":\"https:\\\/\\\/interamerica.org\\\/es\\\/#website\",\"url\":\"https:\\\/\\\/interamerica.org\\\/es\\\/\",\"name\":\"Iglesia Adventista del S\u00e9ptimo D\u00eda - Divisi\u00f3n Interamericana\",\"description\":\"\",\"potentialAction\":[{\"@type\":\"SearchAction\",\"target\":{\"@type\":\"EntryPoint\",\"urlTemplate\":\"https:\\\/\\\/interamerica.org\\\/es\\\/?s={search_term_string}\"},\"query-input\":{\"@type\":\"PropertyValueSpecification\",\"valueRequired\":true,\"valueName\":\"search_term_string\"}}],\"inLanguage\":\"es\"},{\"@type\":\"Person\",\"@id\":\"https:\\\/\\\/interamerica.org\\\/es\\\/#\\\/schema\\\/person\\\/29998f2bc2d8bd0d38662909289b54f1\",\"name\":\"libna\",\"image\":{\"@type\":\"ImageObject\",\"inLanguage\":\"es\",\"@id\":\"https:\\\/\\\/secure.gravatar.com\\\/avatar\\\/7c5bd30ae4b47a9ba3c856590957fd1d96dc588bf3ac05719d247e126840331f?s=96&d=mm&r=g\",\"url\":\"https:\\\/\\\/secure.gravatar.com\\\/avatar\\\/7c5bd30ae4b47a9ba3c856590957fd1d96dc588bf3ac05719d247e126840331f?s=96&d=mm&r=g\",\"contentUrl\":\"https:\\\/\\\/secure.gravatar.com\\\/avatar\\\/7c5bd30ae4b47a9ba3c856590957fd1d96dc588bf3ac05719d247e126840331f?s=96&d=mm&r=g\",\"caption\":\"libna\"}}]}<\/script>\n<!-- \/ Yoast SEO plugin. -->","yoast_head_json":{"title":"Pastor Ted Wilson: Una mirada especial a la profec\u00eda en el libro de Daniel - Iglesia Adventista del S\u00e9ptimo D\u00eda - Divisi\u00f3n Interamericana","robots":{"index":"index","follow":"follow","max-snippet":"max-snippet:-1","max-image-preview":"max-image-preview:large","max-video-preview":"max-video-preview:-1"},"canonical":"https:\/\/interamerica.org\/es\/2020\/06\/pastor-ted-wilson-una-mirada-especial-a-la-profecia-en-el-libro-de-daniel\/","og_locale":"es_ES","og_type":"article","og_title":"Pastor Ted Wilson: Una mirada especial a la profec\u00eda en el libro de Daniel - Iglesia Adventista del S\u00e9ptimo D\u00eda - Divisi\u00f3n Interamericana","og_description":"21 de junio de 2020 | Silver Spring, Maryland, Estados Unidos | Por: Ted N.C. Wilson Amigos, me siento feliz de conectarme otra vez con ustedes al final de otra...","og_url":"https:\/\/interamerica.org\/es\/2020\/06\/pastor-ted-wilson-una-mirada-especial-a-la-profecia-en-el-libro-de-daniel\/","og_site_name":"Iglesia Adventista del S\u00e9ptimo D\u00eda - Divisi\u00f3n Interamericana","article_published_time":"2020-06-22T15:32:51+00:00","article_modified_time":"2020-06-23T14:17:14+00:00","og_image":[{"width":1280,"height":800,"url":"https:\/\/interamerica.org\/wp-content\/uploads\/2020\/06\/pastor-ted-wilson-a-special-look-at-prophecy-in-the-book-of-daniel-1280.jpg","type":"image\/jpeg"}],"author":"libna","twitter_card":"summary_large_image","twitter_misc":{"Escrito por":"libna","Tiempo de lectura":"5 minutos"},"schema":{"@context":"https:\/\/schema.org","@graph":[{"@type":"Article","@id":"https:\/\/interamerica.org\/es\/2020\/06\/pastor-ted-wilson-una-mirada-especial-a-la-profecia-en-el-libro-de-daniel\/#article","isPartOf":{"@id":"https:\/\/interamerica.org\/es\/2020\/06\/pastor-ted-wilson-una-mirada-especial-a-la-profecia-en-el-libro-de-daniel\/"},"author":{"name":"libna","@id":"https:\/\/interamerica.org\/es\/#\/schema\/person\/29998f2bc2d8bd0d38662909289b54f1"},"headline":"Pastor Ted Wilson: Una mirada especial a la profec\u00eda en el libro de Daniel","datePublished":"2020-06-22T15:32:51+00:00","dateModified":"2020-06-23T14:17:14+00:00","mainEntityOfPage":{"@id":"https:\/\/interamerica.org\/es\/2020\/06\/pastor-ted-wilson-una-mirada-especial-a-la-profecia-en-el-libro-de-daniel\/"},"wordCount":1005,"commentCount":0,"image":{"@id":"https:\/\/interamerica.org\/es\/2020\/06\/pastor-ted-wilson-una-mirada-especial-a-la-profecia-en-el-libro-de-daniel\/#primaryimage"},"thumbnailUrl":"https:\/\/interamerica.org\/wp-content\/uploads\/2020\/06\/pastor-ted-wilson-a-special-look-at-prophecy-in-the-book-of-daniel-1280.jpg","articleSection":["Desde la iglesia mundial","RSS Espa\u00f1ol"],"inLanguage":"es","potentialAction":[{"@type":"CommentAction","name":"Comment","target":["https:\/\/interamerica.org\/es\/2020\/06\/pastor-ted-wilson-una-mirada-especial-a-la-profecia-en-el-libro-de-daniel\/#respond"]}]},{"@type":"WebPage","@id":"https:\/\/interamerica.org\/es\/2020\/06\/pastor-ted-wilson-una-mirada-especial-a-la-profecia-en-el-libro-de-daniel\/","url":"https:\/\/interamerica.org\/es\/2020\/06\/pastor-ted-wilson-una-mirada-especial-a-la-profecia-en-el-libro-de-daniel\/","name":"Pastor Ted Wilson: Una mirada especial a la profec\u00eda en el libro de Daniel - Iglesia Adventista del S\u00e9ptimo D\u00eda - Divisi\u00f3n Interamericana","isPartOf":{"@id":"https:\/\/interamerica.org\/es\/#website"},"primaryImageOfPage":{"@id":"https:\/\/interamerica.org\/es\/2020\/06\/pastor-ted-wilson-una-mirada-especial-a-la-profecia-en-el-libro-de-daniel\/#primaryimage"},"image":{"@id":"https:\/\/interamerica.org\/es\/2020\/06\/pastor-ted-wilson-una-mirada-especial-a-la-profecia-en-el-libro-de-daniel\/#primaryimage"},"thumbnailUrl":"https:\/\/interamerica.org\/wp-content\/uploads\/2020\/06\/pastor-ted-wilson-a-special-look-at-prophecy-in-the-book-of-daniel-1280.jpg","datePublished":"2020-06-22T15:32:51+00:00","dateModified":"2020-06-23T14:17:14+00:00","author":{"@id":"https:\/\/interamerica.org\/es\/#\/schema\/person\/29998f2bc2d8bd0d38662909289b54f1"},"breadcrumb":{"@id":"https:\/\/interamerica.org\/es\/2020\/06\/pastor-ted-wilson-una-mirada-especial-a-la-profecia-en-el-libro-de-daniel\/#breadcrumb"},"inLanguage":"es","potentialAction":[{"@type":"ReadAction","target":["https:\/\/interamerica.org\/es\/2020\/06\/pastor-ted-wilson-una-mirada-especial-a-la-profecia-en-el-libro-de-daniel\/"]}]},{"@type":"ImageObject","inLanguage":"es","@id":"https:\/\/interamerica.org\/es\/2020\/06\/pastor-ted-wilson-una-mirada-especial-a-la-profecia-en-el-libro-de-daniel\/#primaryimage","url":"https:\/\/interamerica.org\/wp-content\/uploads\/2020\/06\/pastor-ted-wilson-a-special-look-at-prophecy-in-the-book-of-daniel-1280.jpg","contentUrl":"https:\/\/interamerica.org\/wp-content\/uploads\/2020\/06\/pastor-ted-wilson-a-special-look-at-prophecy-in-the-book-of-daniel-1280.jpg","width":1280,"height":800},{"@type":"BreadcrumbList","@id":"https:\/\/interamerica.org\/es\/2020\/06\/pastor-ted-wilson-una-mirada-especial-a-la-profecia-en-el-libro-de-daniel\/#breadcrumb","itemListElement":[{"@type":"ListItem","position":1,"name":"Home","item":"https:\/\/interamerica.org\/es\/"},{"@type":"ListItem","position":2,"name":"Pastor Ted Wilson: Una mirada especial a la profec\u00eda en el libro de Daniel"}]},{"@type":"WebSite","@id":"https:\/\/interamerica.org\/es\/#website","url":"https:\/\/interamerica.org\/es\/","name":"Iglesia Adventista del S\u00e9ptimo D\u00eda - Divisi\u00f3n Interamericana","description":"","potentialAction":[{"@type":"SearchAction","target":{"@type":"EntryPoint","urlTemplate":"https:\/\/interamerica.org\/es\/?s={search_term_string}"},"query-input":{"@type":"PropertyValueSpecification","valueRequired":true,"valueName":"search_term_string"}}],"inLanguage":"es"},{"@type":"Person","@id":"https:\/\/interamerica.org\/es\/#\/schema\/person\/29998f2bc2d8bd0d38662909289b54f1","name":"libna","image":{"@type":"ImageObject","inLanguage":"es","@id":"https:\/\/secure.gravatar.com\/avatar\/7c5bd30ae4b47a9ba3c856590957fd1d96dc588bf3ac05719d247e126840331f?s=96&d=mm&r=g","url":"https:\/\/secure.gravatar.com\/avatar\/7c5bd30ae4b47a9ba3c856590957fd1d96dc588bf3ac05719d247e126840331f?s=96&d=mm&r=g","contentUrl":"https:\/\/secure.gravatar.com\/avatar\/7c5bd30ae4b47a9ba3c856590957fd1d96dc588bf3ac05719d247e126840331f?s=96&d=mm&r=g","caption":"libna"}}]}},"_links":{"self":[{"href":"https:\/\/interamerica.org\/es\/wp-json\/wp\/v2\/posts\/59921","targetHints":{"allow":["GET"]}}],"collection":[{"href":"https:\/\/interamerica.org\/es\/wp-json\/wp\/v2\/posts"}],"about":[{"href":"https:\/\/interamerica.org\/es\/wp-json\/wp\/v2\/types\/post"}],"author":[{"embeddable":true,"href":"https:\/\/interamerica.org\/es\/wp-json\/wp\/v2\/users\/3"}],"replies":[{"embeddable":true,"href":"https:\/\/interamerica.org\/es\/wp-json\/wp\/v2\/comments?post=59921"}],"version-history":[{"count":0,"href":"https:\/\/interamerica.org\/es\/wp-json\/wp\/v2\/posts\/59921\/revisions"}],"wp:featuredmedia":[{"embeddable":true,"href":"https:\/\/interamerica.org\/es\/wp-json\/wp\/v2\/media\/59908"}],"wp:attachment":[{"href":"https:\/\/interamerica.org\/es\/wp-json\/wp\/v2\/media?parent=59921"}],"wp:term":[{"taxonomy":"category","embeddable":true,"href":"https:\/\/interamerica.org\/es\/wp-json\/wp\/v2\/categories?post=59921"},{"taxonomy":"post_tag","embeddable":true,"href":"https:\/\/interamerica.org\/es\/wp-json\/wp\/v2\/tags?post=59921"}],"curies":[{"name":"wp","href":"https:\/\/api.w.org\/{rel}","templated":true}]}}