{"id":60444,"date":"2020-07-09T13:54:05","date_gmt":"2020-07-09T17:54:05","guid":{"rendered":"https:\/\/recursing-golick.147-182-135-0.plesk.page\/?p=60444"},"modified":"2020-07-09T20:54:33","modified_gmt":"2020-07-10T00:54:33","slug":"g-alexander-bryant-es-nombrado-presidente-de-la-division-norteamericana","status":"publish","type":"post","link":"https:\/\/interamerica.org\/es\/2020\/07\/g-alexander-bryant-es-nombrado-presidente-de-la-division-norteamericana\/","title":{"rendered":"G. Alexander Bryant es nombrado presidente de la Divisi\u00f3n Norteamericana"},"content":{"rendered":"<p>9 de julio de 2020 | Columbia, Maryland, Estados Unidos | Kimberly Luste Maran<\/p>\n<p>El 9 de julio de 2020, la Junta Directiva de la Asociaci\u00f3n General de la Iglesia Adventista del S\u00e9ptimo D\u00eda, se reuni\u00f3 en forma virtual para considerar el nombre de G. Alexander Bryant en recomendaci\u00f3n para presidente de divisi\u00f3n, propuesto tanto por la comisi\u00f3n de nombramientos, como por la junta directiva de la Divisi\u00f3n Norteamericana. El Pastor Bryant fue confirmado en esa posici\u00f3n con una mayor\u00eda de 153 a 3 votos.<\/p>\n<p>Ted N.C. Wilson, presidente de la Asociaci\u00f3n General, y quien, seg\u00fan lo indica el reglamento en cuanto a la votaci\u00f3n para elegir un presidente de divisi\u00f3n, presidi\u00f3 la comisi\u00f3n de nombramientos y la junta directiva de la Divisi\u00f3n Norteamericana en reuniones celebradas el 6 y 7 de julio, dijo: \u201cMi deseo es por un renovado enfoque en el mensaje de los tres \u00e1ngeles y creo que el Pastor Bryant puede ayudar a guiar en esa gran aventura, porque eso es lo que se nos ha confiado a cada uno de nosotros.\u00a0 [\u00c9l] es una persona cuyo enfoque es la misi\u00f3n. Es alguien que sabe escuchar con atenci\u00f3n a las personas. \u00c9l sabr\u00e1 llevar [esas preocupaciones] al Se\u00f1or y pedir su gu\u00eda. \u2026 Creo que Dios puede usarlo en una forma muy, muy especial\u201d.<\/p>\n<p>\u201cEstoy profundamente agradecido, primeramente con Dios, por su llamado al ministerio y, en segundo lugar, con aquellos que ha puesto a mi lado a trav\u00e9s de los a\u00f1os\u201d, dijo el Pastor Bryant en respuesta al mencionado voto. \u201cMe siento humildemente honrado por la confianza que el Pastor Wilson, nuestro presidente y las juntas directivas de la NAD y la AG, han depositado en m\u00ed con esta asignaci\u00f3n. La tarea es demasiado grande para un solo individuo o cargo. Es absolutamente claro para m\u00ed, que se requiere que todos nosotros obremos en conjunto para hacer avanzar el reino de Dios y anhelo profundamente la seguridad de sus oraciones\u201d.<\/p>\n<p>&nbsp;<\/p>\n<div id=\"attachment_60437\" style=\"width: 484px\" class=\"wp-caption aligncenter\"><img fetchpriority=\"high\" decoding=\"async\" aria-describedby=\"caption-attachment-60437\" class=\" wp-image-60435\" src=\"https:\/\/recursing-golick.147-182-135-0.plesk.page\/wp-content\/uploads\/2020\/07\/g-alexander-bryant-portrait-p4240198-17-1.jpg\" alt=\"\" width=\"474\" height=\"632\" srcset=\"https:\/\/interamerica.org\/wp-content\/uploads\/2020\/07\/g-alexander-bryant-portrait-p4240198-17-1.jpg 700w, https:\/\/interamerica.org\/wp-content\/uploads\/2020\/07\/g-alexander-bryant-portrait-p4240198-17-1-225x300.jpg 225w\" sizes=\"(max-width: 474px) 100vw, 474px\" \/><p id=\"caption-attachment-60437\" class=\"wp-caption-text\">OLYMPUS C\u00c1MARA DIGITAL<\/p><\/div>\n<p>Y a\u00f1adi\u00f3: \u201cLes pido a nombre m\u00edo y de mi esposa, que contin\u00faen elevando diariamente sus oraciones en nuestro favor, como nosotros lo haremos por ustedes\u00a0 . \u2026 Espero que a trav\u00e9s de nuestros esfuerzos unidos, podamos apresurar la venida del Se\u00f1or a trav\u00e9s de nuestro trabajo misionero en todo nuestro territorio y a\u00fan m\u00e1s all\u00e1; y que Jes\u00fas venga y podamos ir al hogar\u201d.<\/p>\n<p>El presidente Wilson ratific\u00f3 esta decisi\u00f3n respecto al nuevo presidente de la NAD, diciendo: \u201cAlex, te vamos a poner en oraci\u00f3n \u2014que Dios sea contigo y con Desiree y tu familia, al tomar sobre ti estas nuevas responsabilidades en forma poderosa . \u2026 S\u00e9 que dejar\u00e1 una tremenda huella evangelizadora en la Divisi\u00f3n Norteamericana para el futuro y ser\u00e1 un gran privilegio colaborar con \u00e9l en ello\u201d.<\/p>\n<p>Todos los altos directivos de las divisiones mundiales prestan sus servicios como oficiales electos de la AG y tanto su nombramiento como su elecci\u00f3n por parte de la regi\u00f3n mundial que representan, deben ser aprobados por la Junta Directiva de la Asociaci\u00f3n General. La comisi\u00f3n de nombramientos de la divisi\u00f3n es una comisi\u00f3n permanente. Fue nombrada por la Junta Directiva de la NAD en 2015. Durante los cinco a\u00f1os pasados, la junta de nombramientos ha recomendado nombres de personas para que sean votados por la junta directiva, con el fin de llenar las vacantes ocurridas en la divisi\u00f3n.<\/p>\n<p>Siguiendo el proceso explicado anteriormente, la comisi\u00f3n de nombramientos de la divisi\u00f3n se reuni\u00f3 el 6 de julio y eligi\u00f3 el nombre de G. Alexander Bryant, el cual fue presentado y votado por la Junta Directiva de la NAD el 7 de julio. Su nombre fue enviado como recomendaci\u00f3n a la Junta Directiva de la AG. Todas las reuniones se llevaron a cabo en forma virtual, v\u00eda Zoom, a trav\u00e9s de un proceso de votaci\u00f3n electr\u00f3nica previamente utilizado.<\/p>\n<p>El presidente Bryant reemplaza a Daniel R. Jackson, quien prest\u00f3 sus servicios en las oficinas de la NAD desde su elecci\u00f3n en junio de 2010 en la Sesi\u00f3n de la AG en Atlanta, Georgia y su reelecci\u00f3n en 2015 en San Antonio, Texas, hasta el d\u00eda de su jubilaci\u00f3n, el 1 de julio de 2020. Ya \u00a0ha comenzado el proceso de b\u00fasqueda de un nuevo secretario ejecutivo.<\/p>\n<p>Glenward Alexander (\u201cAlex\u201d) Bryant hab\u00eda estado recientemente prestando sus servicios como secretario ejecutivo de la NAD y secretario asociado de la AG, posiciones que sostuvo desde octubre del 2008, cuando fue elegido en el Concilio Anual en Manila, Filipinas. Fue reelegido en la Sesi\u00f3n de la AG del 2010. Mientras prest\u00f3 sus servicios como secretario de la divisi\u00f3n, el Pastor Bryant dirigi\u00f3 seminarios de liderazgo, entrenamiento y orientaci\u00f3n para administradores de asociaci\u00f3n; organiz\u00f3 una reuni\u00f3n cumbre de divisi\u00f3n sobre diversidad; coordin\u00f3 la digitalizaci\u00f3n de la secretar\u00eda de la NAD y condujo series anuales de evangelizaci\u00f3n.<\/p>\n<p>Antes de servir en la divisi\u00f3n, el Pastor Bryant fue presidente de la Asociaci\u00f3n de los Estados del Centro, en Kansas City, Kansas. Gradu\u00f3 de dos especialidades, Teolog\u00eda y Administraci\u00f3n de Negocios, del Colegio Oakwood (ahora Universidad Oakwood), en 1982.<\/p>\n<p>Inici\u00f3 su ministerio ese mismo a\u00f1o en Springfield, Missouri y en Coffeyville e Independence, Kansas. In 1986, fue ordenado al ministerio y continu\u00f3 su educaci\u00f3n obteniendo la Maestr\u00eda en Divinidades de la Universidad Andrews, en 1988. En 1990, la Asociaci\u00f3n de los Estados del Centro lo nombr\u00f3 como director de J\u00f3venes, Conquistadores y Organizaci\u00f3n de Servicio Nacional, director de Temperancia y superintendente de Educaci\u00f3n. Lleg\u00f3 a ser presidente en\u00a0 1997.<\/p>\n<p>Adem\u00e1s de pastorear varias iglesias muy temprano en su carrera, el Pastor Bryant fue tambi\u00e9n estudiante misionero en Jap\u00f3n durante un a\u00f1o. Sus habilidades administrativas lo ayudaron a prestar sus servicios como director de J\u00f3venes Adventistas en el Colegio Oakwood y como presidente de la Asociaci\u00f3n de Estudiantes Afroamericanos (BSAS) de la Universidad Andrews.<\/p>\n<p>El Pastor Bryant\u00a0es el segundo afroamericano elegido para servir como presidente de la NAD. Charles E. Bradford, el primer presidente de la divisi\u00f3n, era tambi\u00e9n afroamericano. Otros presidentes anteriores incluyen a Alfred C. McClure, Don C. Schneider y Daniel R. Jackson.<\/p>\n<p>Su esposa, Desiree Wimbish, quien fue superintendenta escolar en la Asociaci\u00f3n de Estados Centrales, as\u00ed como directora de la Escuela Adventista del S\u00e9ptimo D\u00eda V. Lindsay, en Kansas City, Kansas, presta actualmente sus servicios como directora asistente y coordinadora de proyectos de Educaci\u00f3n Adventista en la NAD. Los esposos Bryant tienen tres hijos adultos y tres nietos.<\/p>\n<p>Traducci\u00f3n \u2013 Gloria A. Castrej\u00f3n<\/p>\n<p>&nbsp;<\/p>\n","protected":false},"excerpt":{"rendered":"<p>9 de julio de 2020 | Columbia, Maryland, Estados Unidos | Kimberly Luste Maran El 9 de julio de 2020, la Junta Directiva de la Asociaci\u00f3n General de la Iglesia&#8230;<\/p>\n","protected":false},"author":3,"featured_media":60440,"comment_status":"closed","ping_status":"closed","sticky":false,"template":"","format":"standard","meta":{"_acf_changed":false,"footnotes":""},"categories":[14,15],"tags":[],"class_list":["post-60444","post","type-post","status-publish","format-standard","has-post-thumbnail","hentry","category-de-la-iglesia-mundial","category-rss-espanol"],"acf":[],"yoast_head":"<!-- This site is optimized with the Yoast SEO plugin v27.3 - https:\/\/yoast.com\/product\/yoast-seo-wordpress\/ -->\n<title>G. Alexander Bryant es nombrado presidente de la Divisi\u00f3n Norteamericana - Iglesia Adventista del S\u00e9ptimo D\u00eda - Divisi\u00f3n Interamericana<\/title>\n<meta name=\"robots\" content=\"index, follow, max-snippet:-1, max-image-preview:large, max-video-preview:-1\" \/>\n<link rel=\"canonical\" href=\"https:\/\/interamerica.org\/es\/2020\/07\/g-alexander-bryant-es-nombrado-presidente-de-la-division-norteamericana\/\" \/>\n<meta property=\"og:locale\" content=\"es_ES\" \/>\n<meta property=\"og:type\" content=\"article\" \/>\n<meta property=\"og:title\" content=\"G. Alexander Bryant es nombrado presidente de la Divisi\u00f3n Norteamericana - Iglesia Adventista del S\u00e9ptimo D\u00eda - Divisi\u00f3n Interamericana\" \/>\n<meta property=\"og:description\" content=\"9 de julio de 2020 | Columbia, Maryland, Estados Unidos | Kimberly Luste Maran El 9 de julio de 2020, la Junta Directiva de la Asociaci\u00f3n General de la Iglesia...\" \/>\n<meta property=\"og:url\" content=\"https:\/\/interamerica.org\/es\/2020\/07\/g-alexander-bryant-es-nombrado-presidente-de-la-division-norteamericana\/\" \/>\n<meta property=\"og:site_name\" content=\"Iglesia Adventista del S\u00e9ptimo D\u00eda - Divisi\u00f3n Interamericana\" \/>\n<meta property=\"article:published_time\" content=\"2020-07-09T17:54:05+00:00\" \/>\n<meta property=\"article:modified_time\" content=\"2020-07-10T00:54:33+00:00\" \/>\n<meta property=\"og:image\" content=\"https:\/\/interamerica.org\/wp-content\/uploads\/2020\/07\/nad-leadership-provides-guidance-on-government-funding-assistance-due-to-covid-19-crisis-1280.jpg\" \/>\n\t<meta property=\"og:image:width\" content=\"1280\" \/>\n\t<meta property=\"og:image:height\" content=\"800\" \/>\n\t<meta property=\"og:image:type\" content=\"image\/jpeg\" \/>\n<meta name=\"author\" content=\"libna\" \/>\n<meta name=\"twitter:card\" content=\"summary_large_image\" \/>\n<meta name=\"twitter:label1\" content=\"Escrito por\" \/>\n\t<meta name=\"twitter:data1\" content=\"libna\" \/>\n\t<meta name=\"twitter:label2\" content=\"Tiempo de lectura\" \/>\n\t<meta name=\"twitter:data2\" content=\"6 minutos\" \/>\n<script type=\"application\/ld+json\" class=\"yoast-schema-graph\">{\"@context\":\"https:\\\/\\\/schema.org\",\"@graph\":[{\"@type\":\"Article\",\"@id\":\"https:\\\/\\\/interamerica.org\\\/es\\\/2020\\\/07\\\/g-alexander-bryant-es-nombrado-presidente-de-la-division-norteamericana\\\/#article\",\"isPartOf\":{\"@id\":\"https:\\\/\\\/interamerica.org\\\/es\\\/2020\\\/07\\\/g-alexander-bryant-es-nombrado-presidente-de-la-division-norteamericana\\\/\"},\"author\":{\"name\":\"libna\",\"@id\":\"https:\\\/\\\/interamerica.org\\\/es\\\/#\\\/schema\\\/person\\\/29998f2bc2d8bd0d38662909289b54f1\"},\"headline\":\"G. Alexander Bryant es nombrado presidente de la Divisi\u00f3n Norteamericana\",\"datePublished\":\"2020-07-09T17:54:05+00:00\",\"dateModified\":\"2020-07-10T00:54:33+00:00\",\"mainEntityOfPage\":{\"@id\":\"https:\\\/\\\/interamerica.org\\\/es\\\/2020\\\/07\\\/g-alexander-bryant-es-nombrado-presidente-de-la-division-norteamericana\\\/\"},\"wordCount\":1148,\"image\":{\"@id\":\"https:\\\/\\\/interamerica.org\\\/es\\\/2020\\\/07\\\/g-alexander-bryant-es-nombrado-presidente-de-la-division-norteamericana\\\/#primaryimage\"},\"thumbnailUrl\":\"https:\\\/\\\/interamerica.org\\\/wp-content\\\/uploads\\\/2020\\\/07\\\/nad-leadership-provides-guidance-on-government-funding-assistance-due-to-covid-19-crisis-1280.jpg\",\"articleSection\":[\"Desde la iglesia mundial\",\"RSS Espa\u00f1ol\"],\"inLanguage\":\"es\"},{\"@type\":\"WebPage\",\"@id\":\"https:\\\/\\\/interamerica.org\\\/es\\\/2020\\\/07\\\/g-alexander-bryant-es-nombrado-presidente-de-la-division-norteamericana\\\/\",\"url\":\"https:\\\/\\\/interamerica.org\\\/es\\\/2020\\\/07\\\/g-alexander-bryant-es-nombrado-presidente-de-la-division-norteamericana\\\/\",\"name\":\"G. Alexander Bryant es nombrado presidente de la Divisi\u00f3n Norteamericana - Iglesia Adventista del S\u00e9ptimo D\u00eda - Divisi\u00f3n Interamericana\",\"isPartOf\":{\"@id\":\"https:\\\/\\\/interamerica.org\\\/es\\\/#website\"},\"primaryImageOfPage\":{\"@id\":\"https:\\\/\\\/interamerica.org\\\/es\\\/2020\\\/07\\\/g-alexander-bryant-es-nombrado-presidente-de-la-division-norteamericana\\\/#primaryimage\"},\"image\":{\"@id\":\"https:\\\/\\\/interamerica.org\\\/es\\\/2020\\\/07\\\/g-alexander-bryant-es-nombrado-presidente-de-la-division-norteamericana\\\/#primaryimage\"},\"thumbnailUrl\":\"https:\\\/\\\/interamerica.org\\\/wp-content\\\/uploads\\\/2020\\\/07\\\/nad-leadership-provides-guidance-on-government-funding-assistance-due-to-covid-19-crisis-1280.jpg\",\"datePublished\":\"2020-07-09T17:54:05+00:00\",\"dateModified\":\"2020-07-10T00:54:33+00:00\",\"author\":{\"@id\":\"https:\\\/\\\/interamerica.org\\\/es\\\/#\\\/schema\\\/person\\\/29998f2bc2d8bd0d38662909289b54f1\"},\"breadcrumb\":{\"@id\":\"https:\\\/\\\/interamerica.org\\\/es\\\/2020\\\/07\\\/g-alexander-bryant-es-nombrado-presidente-de-la-division-norteamericana\\\/#breadcrumb\"},\"inLanguage\":\"es\",\"potentialAction\":[{\"@type\":\"ReadAction\",\"target\":[\"https:\\\/\\\/interamerica.org\\\/es\\\/2020\\\/07\\\/g-alexander-bryant-es-nombrado-presidente-de-la-division-norteamericana\\\/\"]}]},{\"@type\":\"ImageObject\",\"inLanguage\":\"es\",\"@id\":\"https:\\\/\\\/interamerica.org\\\/es\\\/2020\\\/07\\\/g-alexander-bryant-es-nombrado-presidente-de-la-division-norteamericana\\\/#primaryimage\",\"url\":\"https:\\\/\\\/interamerica.org\\\/wp-content\\\/uploads\\\/2020\\\/07\\\/nad-leadership-provides-guidance-on-government-funding-assistance-due-to-covid-19-crisis-1280.jpg\",\"contentUrl\":\"https:\\\/\\\/interamerica.org\\\/wp-content\\\/uploads\\\/2020\\\/07\\\/nad-leadership-provides-guidance-on-government-funding-assistance-due-to-covid-19-crisis-1280.jpg\",\"width\":1280,\"height\":800},{\"@type\":\"BreadcrumbList\",\"@id\":\"https:\\\/\\\/interamerica.org\\\/es\\\/2020\\\/07\\\/g-alexander-bryant-es-nombrado-presidente-de-la-division-norteamericana\\\/#breadcrumb\",\"itemListElement\":[{\"@type\":\"ListItem\",\"position\":1,\"name\":\"Home\",\"item\":\"https:\\\/\\\/interamerica.org\\\/es\\\/\"},{\"@type\":\"ListItem\",\"position\":2,\"name\":\"G. Alexander Bryant es nombrado presidente de la Divisi\u00f3n Norteamericana\"}]},{\"@type\":\"WebSite\",\"@id\":\"https:\\\/\\\/interamerica.org\\\/es\\\/#website\",\"url\":\"https:\\\/\\\/interamerica.org\\\/es\\\/\",\"name\":\"Iglesia Adventista del S\u00e9ptimo D\u00eda - Divisi\u00f3n Interamericana\",\"description\":\"\",\"potentialAction\":[{\"@type\":\"SearchAction\",\"target\":{\"@type\":\"EntryPoint\",\"urlTemplate\":\"https:\\\/\\\/interamerica.org\\\/es\\\/?s={search_term_string}\"},\"query-input\":{\"@type\":\"PropertyValueSpecification\",\"valueRequired\":true,\"valueName\":\"search_term_string\"}}],\"inLanguage\":\"es\"},{\"@type\":\"Person\",\"@id\":\"https:\\\/\\\/interamerica.org\\\/es\\\/#\\\/schema\\\/person\\\/29998f2bc2d8bd0d38662909289b54f1\",\"name\":\"libna\",\"image\":{\"@type\":\"ImageObject\",\"inLanguage\":\"es\",\"@id\":\"https:\\\/\\\/secure.gravatar.com\\\/avatar\\\/7c5bd30ae4b47a9ba3c856590957fd1d96dc588bf3ac05719d247e126840331f?s=96&d=mm&r=g\",\"url\":\"https:\\\/\\\/secure.gravatar.com\\\/avatar\\\/7c5bd30ae4b47a9ba3c856590957fd1d96dc588bf3ac05719d247e126840331f?s=96&d=mm&r=g\",\"contentUrl\":\"https:\\\/\\\/secure.gravatar.com\\\/avatar\\\/7c5bd30ae4b47a9ba3c856590957fd1d96dc588bf3ac05719d247e126840331f?s=96&d=mm&r=g\",\"caption\":\"libna\"}}]}<\/script>\n<!-- \/ Yoast SEO plugin. -->","yoast_head_json":{"title":"G. Alexander Bryant es nombrado presidente de la Divisi\u00f3n Norteamericana - Iglesia Adventista del S\u00e9ptimo D\u00eda - Divisi\u00f3n Interamericana","robots":{"index":"index","follow":"follow","max-snippet":"max-snippet:-1","max-image-preview":"max-image-preview:large","max-video-preview":"max-video-preview:-1"},"canonical":"https:\/\/interamerica.org\/es\/2020\/07\/g-alexander-bryant-es-nombrado-presidente-de-la-division-norteamericana\/","og_locale":"es_ES","og_type":"article","og_title":"G. Alexander Bryant es nombrado presidente de la Divisi\u00f3n Norteamericana - Iglesia Adventista del S\u00e9ptimo D\u00eda - Divisi\u00f3n Interamericana","og_description":"9 de julio de 2020 | Columbia, Maryland, Estados Unidos | Kimberly Luste Maran El 9 de julio de 2020, la Junta Directiva de la Asociaci\u00f3n General de la Iglesia...","og_url":"https:\/\/interamerica.org\/es\/2020\/07\/g-alexander-bryant-es-nombrado-presidente-de-la-division-norteamericana\/","og_site_name":"Iglesia Adventista del S\u00e9ptimo D\u00eda - Divisi\u00f3n Interamericana","article_published_time":"2020-07-09T17:54:05+00:00","article_modified_time":"2020-07-10T00:54:33+00:00","og_image":[{"width":1280,"height":800,"url":"https:\/\/interamerica.org\/wp-content\/uploads\/2020\/07\/nad-leadership-provides-guidance-on-government-funding-assistance-due-to-covid-19-crisis-1280.jpg","type":"image\/jpeg"}],"author":"libna","twitter_card":"summary_large_image","twitter_misc":{"Escrito por":"libna","Tiempo de lectura":"6 minutos"},"schema":{"@context":"https:\/\/schema.org","@graph":[{"@type":"Article","@id":"https:\/\/interamerica.org\/es\/2020\/07\/g-alexander-bryant-es-nombrado-presidente-de-la-division-norteamericana\/#article","isPartOf":{"@id":"https:\/\/interamerica.org\/es\/2020\/07\/g-alexander-bryant-es-nombrado-presidente-de-la-division-norteamericana\/"},"author":{"name":"libna","@id":"https:\/\/interamerica.org\/es\/#\/schema\/person\/29998f2bc2d8bd0d38662909289b54f1"},"headline":"G. Alexander Bryant es nombrado presidente de la Divisi\u00f3n Norteamericana","datePublished":"2020-07-09T17:54:05+00:00","dateModified":"2020-07-10T00:54:33+00:00","mainEntityOfPage":{"@id":"https:\/\/interamerica.org\/es\/2020\/07\/g-alexander-bryant-es-nombrado-presidente-de-la-division-norteamericana\/"},"wordCount":1148,"image":{"@id":"https:\/\/interamerica.org\/es\/2020\/07\/g-alexander-bryant-es-nombrado-presidente-de-la-division-norteamericana\/#primaryimage"},"thumbnailUrl":"https:\/\/interamerica.org\/wp-content\/uploads\/2020\/07\/nad-leadership-provides-guidance-on-government-funding-assistance-due-to-covid-19-crisis-1280.jpg","articleSection":["Desde la iglesia mundial","RSS Espa\u00f1ol"],"inLanguage":"es"},{"@type":"WebPage","@id":"https:\/\/interamerica.org\/es\/2020\/07\/g-alexander-bryant-es-nombrado-presidente-de-la-division-norteamericana\/","url":"https:\/\/interamerica.org\/es\/2020\/07\/g-alexander-bryant-es-nombrado-presidente-de-la-division-norteamericana\/","name":"G. Alexander Bryant es nombrado presidente de la Divisi\u00f3n Norteamericana - Iglesia Adventista del S\u00e9ptimo D\u00eda - Divisi\u00f3n Interamericana","isPartOf":{"@id":"https:\/\/interamerica.org\/es\/#website"},"primaryImageOfPage":{"@id":"https:\/\/interamerica.org\/es\/2020\/07\/g-alexander-bryant-es-nombrado-presidente-de-la-division-norteamericana\/#primaryimage"},"image":{"@id":"https:\/\/interamerica.org\/es\/2020\/07\/g-alexander-bryant-es-nombrado-presidente-de-la-division-norteamericana\/#primaryimage"},"thumbnailUrl":"https:\/\/interamerica.org\/wp-content\/uploads\/2020\/07\/nad-leadership-provides-guidance-on-government-funding-assistance-due-to-covid-19-crisis-1280.jpg","datePublished":"2020-07-09T17:54:05+00:00","dateModified":"2020-07-10T00:54:33+00:00","author":{"@id":"https:\/\/interamerica.org\/es\/#\/schema\/person\/29998f2bc2d8bd0d38662909289b54f1"},"breadcrumb":{"@id":"https:\/\/interamerica.org\/es\/2020\/07\/g-alexander-bryant-es-nombrado-presidente-de-la-division-norteamericana\/#breadcrumb"},"inLanguage":"es","potentialAction":[{"@type":"ReadAction","target":["https:\/\/interamerica.org\/es\/2020\/07\/g-alexander-bryant-es-nombrado-presidente-de-la-division-norteamericana\/"]}]},{"@type":"ImageObject","inLanguage":"es","@id":"https:\/\/interamerica.org\/es\/2020\/07\/g-alexander-bryant-es-nombrado-presidente-de-la-division-norteamericana\/#primaryimage","url":"https:\/\/interamerica.org\/wp-content\/uploads\/2020\/07\/nad-leadership-provides-guidance-on-government-funding-assistance-due-to-covid-19-crisis-1280.jpg","contentUrl":"https:\/\/interamerica.org\/wp-content\/uploads\/2020\/07\/nad-leadership-provides-guidance-on-government-funding-assistance-due-to-covid-19-crisis-1280.jpg","width":1280,"height":800},{"@type":"BreadcrumbList","@id":"https:\/\/interamerica.org\/es\/2020\/07\/g-alexander-bryant-es-nombrado-presidente-de-la-division-norteamericana\/#breadcrumb","itemListElement":[{"@type":"ListItem","position":1,"name":"Home","item":"https:\/\/interamerica.org\/es\/"},{"@type":"ListItem","position":2,"name":"G. Alexander Bryant es nombrado presidente de la Divisi\u00f3n Norteamericana"}]},{"@type":"WebSite","@id":"https:\/\/interamerica.org\/es\/#website","url":"https:\/\/interamerica.org\/es\/","name":"Iglesia Adventista del S\u00e9ptimo D\u00eda - Divisi\u00f3n Interamericana","description":"","potentialAction":[{"@type":"SearchAction","target":{"@type":"EntryPoint","urlTemplate":"https:\/\/interamerica.org\/es\/?s={search_term_string}"},"query-input":{"@type":"PropertyValueSpecification","valueRequired":true,"valueName":"search_term_string"}}],"inLanguage":"es"},{"@type":"Person","@id":"https:\/\/interamerica.org\/es\/#\/schema\/person\/29998f2bc2d8bd0d38662909289b54f1","name":"libna","image":{"@type":"ImageObject","inLanguage":"es","@id":"https:\/\/secure.gravatar.com\/avatar\/7c5bd30ae4b47a9ba3c856590957fd1d96dc588bf3ac05719d247e126840331f?s=96&d=mm&r=g","url":"https:\/\/secure.gravatar.com\/avatar\/7c5bd30ae4b47a9ba3c856590957fd1d96dc588bf3ac05719d247e126840331f?s=96&d=mm&r=g","contentUrl":"https:\/\/secure.gravatar.com\/avatar\/7c5bd30ae4b47a9ba3c856590957fd1d96dc588bf3ac05719d247e126840331f?s=96&d=mm&r=g","caption":"libna"}}]}},"_links":{"self":[{"href":"https:\/\/interamerica.org\/es\/wp-json\/wp\/v2\/posts\/60444","targetHints":{"allow":["GET"]}}],"collection":[{"href":"https:\/\/interamerica.org\/es\/wp-json\/wp\/v2\/posts"}],"about":[{"href":"https:\/\/interamerica.org\/es\/wp-json\/wp\/v2\/types\/post"}],"author":[{"embeddable":true,"href":"https:\/\/interamerica.org\/es\/wp-json\/wp\/v2\/users\/3"}],"replies":[{"embeddable":true,"href":"https:\/\/interamerica.org\/es\/wp-json\/wp\/v2\/comments?post=60444"}],"version-history":[{"count":0,"href":"https:\/\/interamerica.org\/es\/wp-json\/wp\/v2\/posts\/60444\/revisions"}],"wp:featuredmedia":[{"embeddable":true,"href":"https:\/\/interamerica.org\/es\/wp-json\/wp\/v2\/media\/60440"}],"wp:attachment":[{"href":"https:\/\/interamerica.org\/es\/wp-json\/wp\/v2\/media?parent=60444"}],"wp:term":[{"taxonomy":"category","embeddable":true,"href":"https:\/\/interamerica.org\/es\/wp-json\/wp\/v2\/categories?post=60444"},{"taxonomy":"post_tag","embeddable":true,"href":"https:\/\/interamerica.org\/es\/wp-json\/wp\/v2\/tags?post=60444"}],"curies":[{"name":"wp","href":"https:\/\/api.w.org\/{rel}","templated":true}]}}