{"id":60549,"date":"2020-07-13T12:54:03","date_gmt":"2020-07-13T16:54:03","guid":{"rendered":"https:\/\/recursing-golick.147-182-135-0.plesk.page\/?p=60549"},"modified":"2020-07-13T18:55:42","modified_gmt":"2020-07-13T22:55:42","slug":"el-hombre-que-predico-en-su-propio-funeral","status":"publish","type":"post","link":"https:\/\/interamerica.org\/es\/2020\/07\/el-hombre-que-predico-en-su-propio-funeral\/","title":{"rendered":"El hombre que predic\u00f3 en su propio funeral"},"content":{"rendered":"<p><span class=\"byline-news\">12 de julio de 2020 | Silver Spring, Maryland, Estados Unidos | Por Ella Smith Simmons<\/span><\/p>\n<p>La Enciclopedia de los Adventistas del S\u00e9ptimo D\u00eda<em> (ESDA) est\u00e1 ahora en vivo y accesible en <\/em><a href=\"http:\/\/encyclopedia.adventist.org\" target=\"_blank\" rel=\"noopener noreferrer\">encyclopedia.adventist.org<\/a><em>. Lanzada el mi\u00e9rcoles 1 de julio de 2020 en la sede de la Iglesia Adventista del S\u00e9ptimo D\u00eda, el proyecto involucr\u00f3 a casi mil escritores de todas las divisiones y territorios adjuntos de la tierra mundial, y cuenta con m\u00e1s de 2100 art\u00edculos, fotograf\u00edas y otros documentos de significaci\u00f3n hist\u00f3rica. A medida que pase el tiempo se continuar\u00e1n a\u00f1adiendo nuevos art\u00edculos a la enciclopedia. Lo invitamos a visitar <\/em><a href=\"http:\/\/encyclopedia.adventist.org\" target=\"_blank\" rel=\"noopener noreferrer\">encyclopedia.adventist.org<\/a><em> para informarse y aprender m\u00e1s sobre la historia y la estructura, la cultura, la teolog\u00eda y otros temas relacionados con la Iglesia Adventista en diversos lugares del mundo. El siguiente informe est\u00e1 basado en un art\u00edculo m\u00e1s extenso tomado de la <\/em><em>Enciclopedia\u2014Los editores<\/em><\/p>\n<p><span class=\"cap\">Recordado por sus colegas y los miembros de iglesia tanto como un ingenioso y poderoso predicador como as\u00ed tambi\u00e9n como un pastor compasivo y atento, R. T. Hudson sirvi\u00f3 a la Iglesia Adventista durante 31 a\u00f1os como pastor, evangelista y administrador. Fue un actividad comunitario enfocado en la misi\u00f3n, que a menudo trajo la comunidad a su iglesia y llev\u00f3 su iglesia a la comunidad.<\/span><\/p>\n<p>Hudson naci\u00f3 el 4 de diciembre de 1912 en Jackson, Mississippi, Estados Unidos, en el hogar de Joseph B. y Annie Lee Cotton Hudson. Su padre fue un ministro bautista antes de unirse a la Iglesia Adventista. Seg\u00fan los descendientes de la familia Hudson, los Hudson dieron a todos sus hijos menos uno solo iniciales en lugar de nombres como manera de protestar por las influencias continuadas de la esclavitud.<\/p>\n<p>A partir de 1935, el ministerio pastoral de Hudson abarc\u00f3 media docena de ciudades principales, lo que incluy\u00f3 Des Moines, Iowa;<sup>1<\/sup> Dallas, Texas (1943-1945); Pittsburgh, Pennsylvania (1946-1949); Washington D.C. (1950-1952); Cleveland, Ohio (1953-1955); y la ciudad de Nueva York (1956-1962).<\/p>\n<div id=\"attachment_60512\" style=\"width: 390px\" class=\"wp-caption alignleft\"><img fetchpriority=\"high\" decoding=\"async\" aria-describedby=\"caption-attachment-60512\" class=\" wp-image-60510\" src=\"https:\/\/recursing-golick.147-182-135-0.plesk.page\/wp-content\/uploads\/2020\/07\/r-t-hudson-2.png\" alt=\"\" width=\"380\" height=\"468\" srcset=\"https:\/\/interamerica.org\/wp-content\/uploads\/2020\/07\/r-t-hudson-2.png 487w, https:\/\/interamerica.org\/wp-content\/uploads\/2020\/07\/r-t-hudson-2-244x300.png 244w\" sizes=\"(max-width: 380px) 100vw, 380px\" \/><p id=\"caption-attachment-60512\" class=\"wp-caption-text\">R. T. Hudson [cortes\u00eda de Noticias de la Asociaci\u00f3n del Noreste]<\/p><\/div>\n<p>Mientras erea pastor de la iglesia \u00c9feso en Harlem, en la ciudad de Nueva York, Hudson se hizo conocido por su serie de reuniones delos domingos por la noche que atrajo a miles de personas para escuchar a influyentes oradores invitados. Los temas de los oradores se refer\u00edan a temas de actualidad, a los que entonces segu\u00eda Hudson con mensajes que vinculaban esos mensajes con verdades de la Biblia. Esas reuniones, con oradores de \u00c1frica, Asia, Europa, Oriente Medio y regiones de los Estados Unidos, fusion\u00f3 los objetivos de servicio comunitario y evangelismo de Hudson.<sup>2<\/sup><\/p>\n<p>La participaci\u00f3n de Hudson en la comunidad incluy\u00f3 la lucha contra un establecimiento de venta de bebidas alcoh\u00f3licas que quer\u00eda establecerse en Harlem, y la lucha por mejorar el acceso a la atenci\u00f3n de salud de calidad en una comunidad sumamente desatendida.<\/p>\n<p>Mientras estaba en Nueva York, Hudson lleg\u00f3 a ser el primer pastor adventista en ser invitado a elevar una oraci\u00f3n para una sesi\u00f3n de la legislatura del estado. Esto llev\u00f3 a contactos adicionales que expandieron su influencia y defensa de cuestiones comunitarias. Como resultado de su amplio reconocimiento como l\u00edder, tambi\u00e9n apareci\u00f3 ante la legislatura del estado para hablar a favor de la libertad religiosa. En 1960, fue uno de solo cinco ministros seleccionados para representar a los Estados Unidos en la estaci\u00f3n de transmisi\u00f3n de la Reina en Londres, Inglaterra.<sup>3<\/sup><\/p>\n<p>Hudson tambi\u00e9n jug\u00f3 un papel importante en las mejoras de las relaciones raciales de la denominaci\u00f3n. Aunque firmemente fiel a la Iglesia Adventista, Hudson expres\u00f3 en un serm\u00f3n: \u201cEl prejuicio y la discriminaci\u00f3n raciales est\u00e1n presentes en el movimiento adventista [\u2026]. Pero ese prejuicio no es el esp\u00edritu del movimiento adventista\u201d.<sup>4<\/sup> Hudson enfrent\u00f3 oportunidades limitadas de progresar en el liderazgo de la iglesia, as\u00ed como tambi\u00e9n etiquetas tales como \u201cnuestro pasante de color\u201d.<sup>5<\/sup> A pesar de los desaf\u00edos, Hudson sigui\u00f3 siendo un ferviente evangelista adventista. Las publicaciones de las iglesia informaban con frecuencia de los bautismos que resultaban de sus esfuerzos de evangelizaci\u00f3n. Otras historias informaron haza\u00f1as tales como el d\u00eda lluvioso de 1936 cuando vendi\u00f3 cien revistas <em>Message <\/em>.<\/p>\n<p>Hudson fue elegido presidente de la Asociaci\u00f3n del Noreste el 30 de agosto de 1962. Stennett Brooks, secretario-tesorero de la asociaci\u00f3n, record\u00f3 que con energ\u00eda y presteza, Hudson comenz\u00f3 a planificar la adquisici\u00f3n de nuevos edificios para la iglesia, el pago de varias hipotecas sustanciales, residencias para los miembros ancianos, el establecimiento de escuelas de iglesia adicionales, e increment\u00f3 los objetivos de evangelizaci\u00f3n. En 1966, cumpli\u00f3 con su sue\u00f1o de mil bautismos en la asociaci\u00f3n en un a\u00f1o.<sup>6<\/sup> Hudson fue un l\u00edder entusiasta, tenaz y de gran motivaci\u00f3n que mostr\u00f3 un sentido de urgencia respecto de su trabajo.<\/p>\n<p>Se ha dicho que el pastor R. T. Hudson fue un hombre que predic\u00f3 en su propio funeral. Sucedi\u00f3 un s\u00e1bado por la tarde, el 10 de diciembre de 1966 en Flint, Michigan, cuando tuvo a su cargo el mensaje en el funeral de su exsecretaria Yvonne Miller. Declar\u00f3 que quer\u00eda estar listo cuando llegara su momento de morir, y termin\u00f3 citando <a class=\"rtBibleRef\" href=\"https:\/\/biblia.com\/bible\/nkjv\/2%20Tim%204.7\" target=\"_blank\" rel=\"noopener noreferrer\" data-reference=\"2 Tim 4.7\" data-version=\"nkjv\" data-purpose=\"bible-reference\">2 Timoteo 4:7<\/a>: \u201cHe peleado la buena batalla, he acabado la carrera, he guardado la fe\u201d. Esas palabras terminaron siendo su \u00faltimo serm\u00f3n. Despu\u00e9s de pronunciar esas palabras, sufri\u00f3 un ataque card\u00edaco, se desplom\u00f3 y entonces falleci\u00f3 en camino al hospital.<\/p>\n<p>Los que trabajaron con \u00e9l describieron al pastor R. T. Hudson como un hombre de s\u00f3lida fe y una integridad a toda prueba.<\/p>\n<p><em><strong>Ella Smith Simmons<\/strong> es una de las vicepresidentas generales de la Asociaci\u00f3n General de los Adventistas del S\u00e9ptimo D\u00eda.<\/em><\/p>\n<hr \/>\n<p><sup>1<\/sup>R. T. Hudson, \u201cAirdome Effort,\u201d <em>Lake Union Herald<\/em>, 10 de julio de 1934; F. L. Jones, \u201cThree New Conference Presidents Elected\u201d, <em>North American Informant<\/em>, Nov.-Dic. 1962.<\/p>\n<p><sup>2<\/sup>Wesley Curtwright, \u201cUnited Nations Diplomats Visit Ephesus in New York,\u201d <em>Atlantic<\/em> <em>Union Gleaner<\/em>, <a class=\"rtBibleRef\" href=\"https:\/\/biblia.com\/bible\/nkjv\/Mark.%204\" target=\"_blank\" rel=\"noopener noreferrer\" data-reference=\"Mark. 4\" data-version=\"nkjv\" data-purpose=\"bible-reference\">Mar. 4<\/a>, <a class=\"rtBibleRef\" href=\"https:\/\/biblia.com\/bible\/nkjv\/Mar%204.195\" target=\"_blank\" rel=\"noopener noreferrer\" data-reference=\"Mar 4.195\" data-version=\"nkjv\" data-purpose=\"bible-reference\">195<\/a><a class=\"rtBibleRef\" href=\"https:\/\/biblia.com\/bible\/nkjv\/Mar%204.6\" target=\"_blank\" rel=\"noopener noreferrer\" data-reference=\"Mar 4.6\" data-version=\"nkjv\" data-purpose=\"bible-reference\">6<\/a>.<\/p>\n<p><sup>3<\/sup>F. L. Jones, \u201cNortheastern Ministers Attend New York State Assembly\u201d, <em>Atlantic Union Gleaner<\/em>, <a class=\"rtBibleRef\" href=\"https:\/\/biblia.com\/bible\/nkjv\/Mark.%205\" target=\"_blank\" rel=\"noopener noreferrer\" data-reference=\"Mark. 5\" data-version=\"nkjv\" data-purpose=\"bible-reference\">5 de marzo de<\/a>, <a class=\"rtBibleRef\" href=\"https:\/\/biblia.com\/bible\/nkjv\/Mar%205.196\" target=\"_blank\" rel=\"noopener noreferrer\" data-reference=\"Mar 5.196\" data-version=\"nkjv\" data-purpose=\"bible-reference\">196<\/a><a class=\"rtBibleRef\" href=\"https:\/\/biblia.com\/bible\/nkjv\/Mar%205.2\" target=\"_blank\" rel=\"noopener noreferrer\" data-reference=\"Mar 5.2\" data-version=\"nkjv\" data-purpose=\"bible-reference\">2<\/a>.<\/p>\n<p><sup>4<\/sup>\u201cSees Race Prejudice in Adventist Movement\u201d, <em>New York Amsterdam News<\/em>, 9 de diciembre de 1961.<\/p>\n<p><sup>5<\/sup>DeWitt S. Osgood, \u201cEvangelism in Iowa\u201d, <em>Advent Review and Sabbath Herald, <\/em>25 de febrero de 1937.<\/p>\n<p><sup>6<\/sup>L. H. Davis, \u201cNortheastern Workers\u2019 Meeting\u201d, <em>Atlantic Union Gleaner<\/em>, 14 de febrero de 1966.<\/p>\n<p>Traducci\u00f3n de Marcos Paseggi<\/p>\n","protected":false},"excerpt":{"rendered":"<p>12 de julio de 2020 | Silver Spring, Maryland, Estados Unidos | Por Ella Smith Simmons La Enciclopedia de los Adventistas del S\u00e9ptimo D\u00eda (ESDA) est\u00e1 ahora en vivo y&#8230;<\/p>\n","protected":false},"author":3,"featured_media":60506,"comment_status":"closed","ping_status":"closed","sticky":false,"template":"","format":"standard","meta":{"_acf_changed":false,"footnotes":""},"categories":[14,15],"tags":[],"class_list":["post-60549","post","type-post","status-publish","format-standard","has-post-thumbnail","hentry","category-de-la-iglesia-mundial","category-rss-espanol"],"acf":[],"yoast_head":"<!-- This site is optimized with the Yoast SEO plugin v27.3 - https:\/\/yoast.com\/product\/yoast-seo-wordpress\/ -->\n<title>El hombre que predic\u00f3 en su propio funeral - Iglesia Adventista del S\u00e9ptimo D\u00eda - Divisi\u00f3n Interamericana<\/title>\n<meta name=\"robots\" content=\"index, follow, max-snippet:-1, max-image-preview:large, max-video-preview:-1\" \/>\n<link rel=\"canonical\" href=\"https:\/\/interamerica.org\/es\/2020\/07\/el-hombre-que-predico-en-su-propio-funeral\/\" \/>\n<meta property=\"og:locale\" content=\"es_ES\" \/>\n<meta property=\"og:type\" content=\"article\" \/>\n<meta property=\"og:title\" content=\"El hombre que predic\u00f3 en su propio funeral - Iglesia Adventista del S\u00e9ptimo D\u00eda - Divisi\u00f3n Interamericana\" \/>\n<meta property=\"og:description\" content=\"12 de julio de 2020 | Silver Spring, Maryland, Estados Unidos | Por Ella Smith Simmons La Enciclopedia de los Adventistas del S\u00e9ptimo D\u00eda (ESDA) est\u00e1 ahora en vivo y...\" \/>\n<meta property=\"og:url\" content=\"https:\/\/interamerica.org\/es\/2020\/07\/el-hombre-que-predico-en-su-propio-funeral\/\" \/>\n<meta property=\"og:site_name\" content=\"Iglesia Adventista del S\u00e9ptimo D\u00eda - Divisi\u00f3n Interamericana\" \/>\n<meta property=\"article:published_time\" content=\"2020-07-13T16:54:03+00:00\" \/>\n<meta property=\"article:modified_time\" content=\"2020-07-13T22:55:42+00:00\" \/>\n<meta property=\"og:image\" content=\"https:\/\/interamerica.org\/wp-content\/uploads\/2020\/07\/ar-encyclopedia-banner-1280.jpg\" \/>\n\t<meta property=\"og:image:width\" content=\"1280\" \/>\n\t<meta property=\"og:image:height\" content=\"800\" \/>\n\t<meta property=\"og:image:type\" content=\"image\/jpeg\" \/>\n<meta name=\"author\" content=\"libna\" \/>\n<meta name=\"twitter:card\" content=\"summary_large_image\" \/>\n<meta name=\"twitter:label1\" content=\"Escrito por\" \/>\n\t<meta name=\"twitter:data1\" content=\"libna\" \/>\n\t<meta name=\"twitter:label2\" content=\"Tiempo de lectura\" \/>\n\t<meta name=\"twitter:data2\" content=\"5 minutos\" \/>\n<script type=\"application\/ld+json\" class=\"yoast-schema-graph\">{\"@context\":\"https:\\\/\\\/schema.org\",\"@graph\":[{\"@type\":\"Article\",\"@id\":\"https:\\\/\\\/interamerica.org\\\/es\\\/2020\\\/07\\\/el-hombre-que-predico-en-su-propio-funeral\\\/#article\",\"isPartOf\":{\"@id\":\"https:\\\/\\\/interamerica.org\\\/es\\\/2020\\\/07\\\/el-hombre-que-predico-en-su-propio-funeral\\\/\"},\"author\":{\"name\":\"libna\",\"@id\":\"https:\\\/\\\/interamerica.org\\\/es\\\/#\\\/schema\\\/person\\\/29998f2bc2d8bd0d38662909289b54f1\"},\"headline\":\"El hombre que predic\u00f3 en su propio funeral\",\"datePublished\":\"2020-07-13T16:54:03+00:00\",\"dateModified\":\"2020-07-13T22:55:42+00:00\",\"mainEntityOfPage\":{\"@id\":\"https:\\\/\\\/interamerica.org\\\/es\\\/2020\\\/07\\\/el-hombre-que-predico-en-su-propio-funeral\\\/\"},\"wordCount\":1085,\"image\":{\"@id\":\"https:\\\/\\\/interamerica.org\\\/es\\\/2020\\\/07\\\/el-hombre-que-predico-en-su-propio-funeral\\\/#primaryimage\"},\"thumbnailUrl\":\"https:\\\/\\\/interamerica.org\\\/wp-content\\\/uploads\\\/2020\\\/07\\\/ar-encyclopedia-banner-1280.jpg\",\"articleSection\":[\"Desde la iglesia mundial\",\"RSS Espa\u00f1ol\"],\"inLanguage\":\"es\"},{\"@type\":\"WebPage\",\"@id\":\"https:\\\/\\\/interamerica.org\\\/es\\\/2020\\\/07\\\/el-hombre-que-predico-en-su-propio-funeral\\\/\",\"url\":\"https:\\\/\\\/interamerica.org\\\/es\\\/2020\\\/07\\\/el-hombre-que-predico-en-su-propio-funeral\\\/\",\"name\":\"El hombre que predic\u00f3 en su propio funeral - Iglesia Adventista del S\u00e9ptimo D\u00eda - Divisi\u00f3n Interamericana\",\"isPartOf\":{\"@id\":\"https:\\\/\\\/interamerica.org\\\/es\\\/#website\"},\"primaryImageOfPage\":{\"@id\":\"https:\\\/\\\/interamerica.org\\\/es\\\/2020\\\/07\\\/el-hombre-que-predico-en-su-propio-funeral\\\/#primaryimage\"},\"image\":{\"@id\":\"https:\\\/\\\/interamerica.org\\\/es\\\/2020\\\/07\\\/el-hombre-que-predico-en-su-propio-funeral\\\/#primaryimage\"},\"thumbnailUrl\":\"https:\\\/\\\/interamerica.org\\\/wp-content\\\/uploads\\\/2020\\\/07\\\/ar-encyclopedia-banner-1280.jpg\",\"datePublished\":\"2020-07-13T16:54:03+00:00\",\"dateModified\":\"2020-07-13T22:55:42+00:00\",\"author\":{\"@id\":\"https:\\\/\\\/interamerica.org\\\/es\\\/#\\\/schema\\\/person\\\/29998f2bc2d8bd0d38662909289b54f1\"},\"breadcrumb\":{\"@id\":\"https:\\\/\\\/interamerica.org\\\/es\\\/2020\\\/07\\\/el-hombre-que-predico-en-su-propio-funeral\\\/#breadcrumb\"},\"inLanguage\":\"es\",\"potentialAction\":[{\"@type\":\"ReadAction\",\"target\":[\"https:\\\/\\\/interamerica.org\\\/es\\\/2020\\\/07\\\/el-hombre-que-predico-en-su-propio-funeral\\\/\"]}]},{\"@type\":\"ImageObject\",\"inLanguage\":\"es\",\"@id\":\"https:\\\/\\\/interamerica.org\\\/es\\\/2020\\\/07\\\/el-hombre-que-predico-en-su-propio-funeral\\\/#primaryimage\",\"url\":\"https:\\\/\\\/interamerica.org\\\/wp-content\\\/uploads\\\/2020\\\/07\\\/ar-encyclopedia-banner-1280.jpg\",\"contentUrl\":\"https:\\\/\\\/interamerica.org\\\/wp-content\\\/uploads\\\/2020\\\/07\\\/ar-encyclopedia-banner-1280.jpg\",\"width\":1280,\"height\":800,\"caption\":\"[Composici\u00f3n fotogr\u00e1fica: Adventist Review]\"},{\"@type\":\"BreadcrumbList\",\"@id\":\"https:\\\/\\\/interamerica.org\\\/es\\\/2020\\\/07\\\/el-hombre-que-predico-en-su-propio-funeral\\\/#breadcrumb\",\"itemListElement\":[{\"@type\":\"ListItem\",\"position\":1,\"name\":\"Home\",\"item\":\"https:\\\/\\\/interamerica.org\\\/es\\\/\"},{\"@type\":\"ListItem\",\"position\":2,\"name\":\"El hombre que predic\u00f3 en su propio funeral\"}]},{\"@type\":\"WebSite\",\"@id\":\"https:\\\/\\\/interamerica.org\\\/es\\\/#website\",\"url\":\"https:\\\/\\\/interamerica.org\\\/es\\\/\",\"name\":\"Iglesia Adventista del S\u00e9ptimo D\u00eda - Divisi\u00f3n Interamericana\",\"description\":\"\",\"potentialAction\":[{\"@type\":\"SearchAction\",\"target\":{\"@type\":\"EntryPoint\",\"urlTemplate\":\"https:\\\/\\\/interamerica.org\\\/es\\\/?s={search_term_string}\"},\"query-input\":{\"@type\":\"PropertyValueSpecification\",\"valueRequired\":true,\"valueName\":\"search_term_string\"}}],\"inLanguage\":\"es\"},{\"@type\":\"Person\",\"@id\":\"https:\\\/\\\/interamerica.org\\\/es\\\/#\\\/schema\\\/person\\\/29998f2bc2d8bd0d38662909289b54f1\",\"name\":\"libna\",\"image\":{\"@type\":\"ImageObject\",\"inLanguage\":\"es\",\"@id\":\"https:\\\/\\\/secure.gravatar.com\\\/avatar\\\/7c5bd30ae4b47a9ba3c856590957fd1d96dc588bf3ac05719d247e126840331f?s=96&d=mm&r=g\",\"url\":\"https:\\\/\\\/secure.gravatar.com\\\/avatar\\\/7c5bd30ae4b47a9ba3c856590957fd1d96dc588bf3ac05719d247e126840331f?s=96&d=mm&r=g\",\"contentUrl\":\"https:\\\/\\\/secure.gravatar.com\\\/avatar\\\/7c5bd30ae4b47a9ba3c856590957fd1d96dc588bf3ac05719d247e126840331f?s=96&d=mm&r=g\",\"caption\":\"libna\"}}]}<\/script>\n<!-- \/ Yoast SEO plugin. -->","yoast_head_json":{"title":"El hombre que predic\u00f3 en su propio funeral - Iglesia Adventista del S\u00e9ptimo D\u00eda - Divisi\u00f3n Interamericana","robots":{"index":"index","follow":"follow","max-snippet":"max-snippet:-1","max-image-preview":"max-image-preview:large","max-video-preview":"max-video-preview:-1"},"canonical":"https:\/\/interamerica.org\/es\/2020\/07\/el-hombre-que-predico-en-su-propio-funeral\/","og_locale":"es_ES","og_type":"article","og_title":"El hombre que predic\u00f3 en su propio funeral - Iglesia Adventista del S\u00e9ptimo D\u00eda - Divisi\u00f3n Interamericana","og_description":"12 de julio de 2020 | Silver Spring, Maryland, Estados Unidos | Por Ella Smith Simmons La Enciclopedia de los Adventistas del S\u00e9ptimo D\u00eda (ESDA) est\u00e1 ahora en vivo y...","og_url":"https:\/\/interamerica.org\/es\/2020\/07\/el-hombre-que-predico-en-su-propio-funeral\/","og_site_name":"Iglesia Adventista del S\u00e9ptimo D\u00eda - Divisi\u00f3n Interamericana","article_published_time":"2020-07-13T16:54:03+00:00","article_modified_time":"2020-07-13T22:55:42+00:00","og_image":[{"width":1280,"height":800,"url":"https:\/\/interamerica.org\/wp-content\/uploads\/2020\/07\/ar-encyclopedia-banner-1280.jpg","type":"image\/jpeg"}],"author":"libna","twitter_card":"summary_large_image","twitter_misc":{"Escrito por":"libna","Tiempo de lectura":"5 minutos"},"schema":{"@context":"https:\/\/schema.org","@graph":[{"@type":"Article","@id":"https:\/\/interamerica.org\/es\/2020\/07\/el-hombre-que-predico-en-su-propio-funeral\/#article","isPartOf":{"@id":"https:\/\/interamerica.org\/es\/2020\/07\/el-hombre-que-predico-en-su-propio-funeral\/"},"author":{"name":"libna","@id":"https:\/\/interamerica.org\/es\/#\/schema\/person\/29998f2bc2d8bd0d38662909289b54f1"},"headline":"El hombre que predic\u00f3 en su propio funeral","datePublished":"2020-07-13T16:54:03+00:00","dateModified":"2020-07-13T22:55:42+00:00","mainEntityOfPage":{"@id":"https:\/\/interamerica.org\/es\/2020\/07\/el-hombre-que-predico-en-su-propio-funeral\/"},"wordCount":1085,"image":{"@id":"https:\/\/interamerica.org\/es\/2020\/07\/el-hombre-que-predico-en-su-propio-funeral\/#primaryimage"},"thumbnailUrl":"https:\/\/interamerica.org\/wp-content\/uploads\/2020\/07\/ar-encyclopedia-banner-1280.jpg","articleSection":["Desde la iglesia mundial","RSS Espa\u00f1ol"],"inLanguage":"es"},{"@type":"WebPage","@id":"https:\/\/interamerica.org\/es\/2020\/07\/el-hombre-que-predico-en-su-propio-funeral\/","url":"https:\/\/interamerica.org\/es\/2020\/07\/el-hombre-que-predico-en-su-propio-funeral\/","name":"El hombre que predic\u00f3 en su propio funeral - Iglesia Adventista del S\u00e9ptimo D\u00eda - Divisi\u00f3n Interamericana","isPartOf":{"@id":"https:\/\/interamerica.org\/es\/#website"},"primaryImageOfPage":{"@id":"https:\/\/interamerica.org\/es\/2020\/07\/el-hombre-que-predico-en-su-propio-funeral\/#primaryimage"},"image":{"@id":"https:\/\/interamerica.org\/es\/2020\/07\/el-hombre-que-predico-en-su-propio-funeral\/#primaryimage"},"thumbnailUrl":"https:\/\/interamerica.org\/wp-content\/uploads\/2020\/07\/ar-encyclopedia-banner-1280.jpg","datePublished":"2020-07-13T16:54:03+00:00","dateModified":"2020-07-13T22:55:42+00:00","author":{"@id":"https:\/\/interamerica.org\/es\/#\/schema\/person\/29998f2bc2d8bd0d38662909289b54f1"},"breadcrumb":{"@id":"https:\/\/interamerica.org\/es\/2020\/07\/el-hombre-que-predico-en-su-propio-funeral\/#breadcrumb"},"inLanguage":"es","potentialAction":[{"@type":"ReadAction","target":["https:\/\/interamerica.org\/es\/2020\/07\/el-hombre-que-predico-en-su-propio-funeral\/"]}]},{"@type":"ImageObject","inLanguage":"es","@id":"https:\/\/interamerica.org\/es\/2020\/07\/el-hombre-que-predico-en-su-propio-funeral\/#primaryimage","url":"https:\/\/interamerica.org\/wp-content\/uploads\/2020\/07\/ar-encyclopedia-banner-1280.jpg","contentUrl":"https:\/\/interamerica.org\/wp-content\/uploads\/2020\/07\/ar-encyclopedia-banner-1280.jpg","width":1280,"height":800,"caption":"[Composici\u00f3n fotogr\u00e1fica: Adventist Review]"},{"@type":"BreadcrumbList","@id":"https:\/\/interamerica.org\/es\/2020\/07\/el-hombre-que-predico-en-su-propio-funeral\/#breadcrumb","itemListElement":[{"@type":"ListItem","position":1,"name":"Home","item":"https:\/\/interamerica.org\/es\/"},{"@type":"ListItem","position":2,"name":"El hombre que predic\u00f3 en su propio funeral"}]},{"@type":"WebSite","@id":"https:\/\/interamerica.org\/es\/#website","url":"https:\/\/interamerica.org\/es\/","name":"Iglesia Adventista del S\u00e9ptimo D\u00eda - Divisi\u00f3n Interamericana","description":"","potentialAction":[{"@type":"SearchAction","target":{"@type":"EntryPoint","urlTemplate":"https:\/\/interamerica.org\/es\/?s={search_term_string}"},"query-input":{"@type":"PropertyValueSpecification","valueRequired":true,"valueName":"search_term_string"}}],"inLanguage":"es"},{"@type":"Person","@id":"https:\/\/interamerica.org\/es\/#\/schema\/person\/29998f2bc2d8bd0d38662909289b54f1","name":"libna","image":{"@type":"ImageObject","inLanguage":"es","@id":"https:\/\/secure.gravatar.com\/avatar\/7c5bd30ae4b47a9ba3c856590957fd1d96dc588bf3ac05719d247e126840331f?s=96&d=mm&r=g","url":"https:\/\/secure.gravatar.com\/avatar\/7c5bd30ae4b47a9ba3c856590957fd1d96dc588bf3ac05719d247e126840331f?s=96&d=mm&r=g","contentUrl":"https:\/\/secure.gravatar.com\/avatar\/7c5bd30ae4b47a9ba3c856590957fd1d96dc588bf3ac05719d247e126840331f?s=96&d=mm&r=g","caption":"libna"}}]}},"_links":{"self":[{"href":"https:\/\/interamerica.org\/es\/wp-json\/wp\/v2\/posts\/60549","targetHints":{"allow":["GET"]}}],"collection":[{"href":"https:\/\/interamerica.org\/es\/wp-json\/wp\/v2\/posts"}],"about":[{"href":"https:\/\/interamerica.org\/es\/wp-json\/wp\/v2\/types\/post"}],"author":[{"embeddable":true,"href":"https:\/\/interamerica.org\/es\/wp-json\/wp\/v2\/users\/3"}],"replies":[{"embeddable":true,"href":"https:\/\/interamerica.org\/es\/wp-json\/wp\/v2\/comments?post=60549"}],"version-history":[{"count":0,"href":"https:\/\/interamerica.org\/es\/wp-json\/wp\/v2\/posts\/60549\/revisions"}],"wp:featuredmedia":[{"embeddable":true,"href":"https:\/\/interamerica.org\/es\/wp-json\/wp\/v2\/media\/60506"}],"wp:attachment":[{"href":"https:\/\/interamerica.org\/es\/wp-json\/wp\/v2\/media?parent=60549"}],"wp:term":[{"taxonomy":"category","embeddable":true,"href":"https:\/\/interamerica.org\/es\/wp-json\/wp\/v2\/categories?post=60549"},{"taxonomy":"post_tag","embeddable":true,"href":"https:\/\/interamerica.org\/es\/wp-json\/wp\/v2\/tags?post=60549"}],"curies":[{"name":"wp","href":"https:\/\/api.w.org\/{rel}","templated":true}]}}