{"id":60691,"date":"2020-07-16T23:30:49","date_gmt":"2020-07-17T03:30:49","guid":{"rendered":"https:\/\/recursing-golick.147-182-135-0.plesk.page\/?p=60691"},"modified":"2020-07-17T08:28:09","modified_gmt":"2020-07-17T12:28:09","slug":"por-que-es-tan-especial-el-16-de-julio","status":"publish","type":"post","link":"https:\/\/interamerica.org\/es\/2020\/07\/por-que-es-tan-especial-el-16-de-julio\/","title":{"rendered":"\u00bfPor qu\u00e9 es tan especial el 16 de julio?"},"content":{"rendered":"<p>16 de julio de 2020 | Silver Spring, Maryland, Estados Unidos |\u00a0 Por Jemima Klingbeil<\/p>\n<p>16 de julio. La mayor\u00eda de las personas no piensan que esta sea una fecha destacada, pero el d\u00eda 16 de julio es una fecha realmente importante. Hace cincuenta y un a\u00f1os, el 16 de julio de 1969, la NASA lanz\u00f3 al espacio Apollo 11, llevando consigo a los primeros seres humanos a la luna y abriendo para este planeta una nueva era de exploraci\u00f3n del espacio. Al paso del tiempo, muchas personas no recuerdan ya este significativo evento. Yo pienso en algo diferente en relaci\u00f3n con el 16 de julio. Es el aniversario de una mujer especial cuya vida y ministerio ha influido en millones de personas. El 16 de julio de 1915, ocurri\u00f3 el fallecimiento de Elena G. White.<\/p>\n<p>Habiendo crecido dentro de una familia adventista, no recuerdo cuando fue la primera vez que escuch\u00e9 su nombre. Desde que era una ni\u00f1a peque\u00f1a recuerdo haber estado escuchando frecuentemente su nombre en relaci\u00f3n con sus escritos. Escuch\u00e9 muchas veces que se le citaba desde el p\u00falpito y en torno a la mesa. No digo que esto fuera algo malo, pero durante mi crecimiento, nunca tom\u00e9 conscientemente la decisi\u00f3n de leer sus escritos o de descubrir qui\u00e9n era esta mujer tan admirable.<\/p>\n<p>Fue hasta llegar a la adolescencia, cuando trataba de descubrir por m\u00ed misma qu\u00e9 era exactamente el adventismo, que pude enterarme de qui\u00e9n era ella realmente. Siembre cre\u00ed en la existencia de Dios, pero como persona joven, quer\u00eda estar segura de que la iglesia de la que era parte, fuera algo en lo que realmente cre\u00eda y que conoc\u00eda bien. Cuando investigu\u00e9 m\u00e1s acerca de Elena G. White, descubr\u00ed qu\u00e9 vida tan interesante vivi\u00f3. Comenc\u00e9 a pensar en ella como una figura hist\u00f3rica genial. Pero, por otra parte, no la vi entonces como una figura demasiado relevante en mi vida.<\/p>\n<p>Siempre me ha gustado la historia, as\u00ed que cuando mi madre recibi\u00f3 la invitaci\u00f3n a trabajar en las oficinas del Patrimonio White, me emocion\u00e9 mucho, porque eso significaba que yo pod\u00eda ir y ver la b\u00f3veda en donde se guardan los originales de todos los escritos de Elena G. White. El poder tocar, obviamente portando guantes, algunas de las p\u00e1ginas de papel de los escritos originales, fue para m\u00ed una experiencia muy emocionante. El examinar los rasgos de su letra manuscrita y leer o intentar descifrar esa letra escrita a mano, fue toda una aventura.<\/p>\n<p>Al ir interes\u00e1ndome cada vez m\u00e1s en Elena G. White, comenc\u00e9 a ofrecerme como voluntaria en el Centro White. En 2015, cuando se renov\u00f3 el centro para visitantes en las oficinas del Centro White de la Asociaci\u00f3n General de los Adventistas del S\u00e9ptimo D\u00eda, comenc\u00e9 a dirigir, como voluntaria, visitas guiadas en torno al Centro. Me emocionaba aprender muchas historias acerca de Elena G. White y su familia y darlas a conocer a los visitantes.<\/p>\n<p>Cuando les relataba algunas de esas historias a mis amigos, a ellos les parec\u00edan interesantes, pero tal vez no demasiado relevantes para la vida actual en el siglo veintiuno. Por un tiempo, yo tambi\u00e9n pens\u00e9 que sus escritos fueron de beneficio para las personas de su \u00e9poca, pero tal vez no demasiado \u00fatiles para m\u00ed y mis amigos.<\/p>\n<p>Sin embargo, esta percepci\u00f3n cambi\u00f3 cuando decid\u00ed trabajar como estudiante colportora durante el verano de mi segundo a\u00f1o en la escuela secundaria. Al colportar en los vecindarios de Detroit, M\u00edchigan, comenc\u00e9 a darme cuenta de que sus libros que estaba vendiendo, incluyendo <em>El conflicto de los <\/em>siglos y <em>Paz en la <\/em>tormenta, eran algo m\u00e1s que simples libros para leer; estos libros tambi\u00e9n cambiaban la vida de las personas y le daban a la gente esperanza, consuelo y sanidad. Esos libros estaban alumbrando la oscuridad en el coraz\u00f3n de las personas y gui\u00e1ndolas a una luz m\u00e1s brillante, la de la Biblia.<\/p>\n<p>El observar el efecto de los libros puestos en acci\u00f3n, me hizo sentir curiosidad por comenzar a explorar tales libros por m\u00ed misma. El primer libro que le\u00ed completamente fue <em>El camino a Cristo. <\/em>Este libro definitivamente cambi\u00f3 mi vida. Finalmente me di\u00a0 cuenta de que sus escritos eran todav\u00eda aplicables a nuestra \u00e9poca y que los consejos y la sabidur\u00eda que puedo obtener de ellos son de gran ayuda para mi vida. Y es por lo que hoy, 16 de julio, es un d\u00eda especial para m\u00ed. Es una oportunidad de recordar la vida de esta extraordinaria mujer que fue la mensajera de Dios y es un recordatorio para continuar leyendo y explorando esos mensajes.<\/p>\n<p><em><strong>Jemima Klingbeil<\/strong><\/em><em>\u00a0vive con su familia en Maryland, Estados Unidos. En el mes de agosto va a iniciar su \u00faltimo a\u00f1o en la Academia Adventista Great Lakes, en Cedar Lake, M\u00edchigan, Estados Unidos.<\/em><\/p>\n<p><em>Traducci\u00f3n \u2013 Gloria A. Castrej\u00f3n<\/em><\/p>\n","protected":false},"excerpt":{"rendered":"<p>16 de julio de 2020 | Silver Spring, Maryland, Estados Unidos |\u00a0 Por Jemima Klingbeil 16 de julio. La mayor\u00eda de las personas no piensan que esta sea una fecha&#8230;<\/p>\n","protected":false},"author":3,"featured_media":60665,"comment_status":"closed","ping_status":"closed","sticky":false,"template":"","format":"standard","meta":{"_acf_changed":false,"footnotes":""},"categories":[14,15],"tags":[],"class_list":["post-60691","post","type-post","status-publish","format-standard","has-post-thumbnail","hentry","category-de-la-iglesia-mundial","category-rss-espanol"],"acf":[],"yoast_head":"<!-- This site is optimized with the Yoast SEO plugin v27.3 - https:\/\/yoast.com\/product\/yoast-seo-wordpress\/ -->\n<title>\u00bfPor qu\u00e9 es tan especial el 16 de julio? - Iglesia Adventista del S\u00e9ptimo D\u00eda - Divisi\u00f3n Interamericana<\/title>\n<meta name=\"robots\" content=\"index, follow, max-snippet:-1, max-image-preview:large, max-video-preview:-1\" \/>\n<link rel=\"canonical\" href=\"https:\/\/interamerica.org\/es\/2020\/07\/por-que-es-tan-especial-el-16-de-julio\/\" \/>\n<meta property=\"og:locale\" content=\"es_ES\" \/>\n<meta property=\"og:type\" content=\"article\" \/>\n<meta property=\"og:title\" content=\"\u00bfPor qu\u00e9 es tan especial el 16 de julio? - Iglesia Adventista del S\u00e9ptimo D\u00eda - Divisi\u00f3n Interamericana\" \/>\n<meta property=\"og:description\" content=\"16 de julio de 2020 | Silver Spring, Maryland, Estados Unidos |\u00a0 Por Jemima Klingbeil 16 de julio. La mayor\u00eda de las personas no piensan que esta sea una fecha...\" \/>\n<meta property=\"og:url\" content=\"https:\/\/interamerica.org\/es\/2020\/07\/por-que-es-tan-especial-el-16-de-julio\/\" \/>\n<meta property=\"og:site_name\" content=\"Iglesia Adventista del S\u00e9ptimo D\u00eda - Divisi\u00f3n Interamericana\" \/>\n<meta property=\"article:published_time\" content=\"2020-07-17T03:30:49+00:00\" \/>\n<meta property=\"article:modified_time\" content=\"2020-07-17T12:28:09+00:00\" \/>\n<meta property=\"og:image\" content=\"https:\/\/interamerica.org\/wp-content\/uploads\/2020\/07\/egw-anniversary-1280.jpg\" \/>\n\t<meta property=\"og:image:width\" content=\"1280\" \/>\n\t<meta property=\"og:image:height\" content=\"800\" \/>\n\t<meta property=\"og:image:type\" content=\"image\/jpeg\" \/>\n<meta name=\"author\" content=\"libna\" \/>\n<meta name=\"twitter:card\" content=\"summary_large_image\" \/>\n<meta name=\"twitter:label1\" content=\"Escrito por\" \/>\n\t<meta name=\"twitter:data1\" content=\"libna\" \/>\n\t<meta name=\"twitter:label2\" content=\"Tiempo de lectura\" \/>\n\t<meta name=\"twitter:data2\" content=\"4 minutos\" \/>\n<script type=\"application\/ld+json\" class=\"yoast-schema-graph\">{\"@context\":\"https:\\\/\\\/schema.org\",\"@graph\":[{\"@type\":\"Article\",\"@id\":\"https:\\\/\\\/interamerica.org\\\/es\\\/2020\\\/07\\\/por-que-es-tan-especial-el-16-de-julio\\\/#article\",\"isPartOf\":{\"@id\":\"https:\\\/\\\/interamerica.org\\\/es\\\/2020\\\/07\\\/por-que-es-tan-especial-el-16-de-julio\\\/\"},\"author\":{\"name\":\"libna\",\"@id\":\"https:\\\/\\\/interamerica.org\\\/es\\\/#\\\/schema\\\/person\\\/29998f2bc2d8bd0d38662909289b54f1\"},\"headline\":\"\u00bfPor qu\u00e9 es tan especial el 16 de julio?\",\"datePublished\":\"2020-07-17T03:30:49+00:00\",\"dateModified\":\"2020-07-17T12:28:09+00:00\",\"mainEntityOfPage\":{\"@id\":\"https:\\\/\\\/interamerica.org\\\/es\\\/2020\\\/07\\\/por-que-es-tan-especial-el-16-de-julio\\\/\"},\"wordCount\":838,\"image\":{\"@id\":\"https:\\\/\\\/interamerica.org\\\/es\\\/2020\\\/07\\\/por-que-es-tan-especial-el-16-de-julio\\\/#primaryimage\"},\"thumbnailUrl\":\"https:\\\/\\\/interamerica.org\\\/wp-content\\\/uploads\\\/2020\\\/07\\\/egw-anniversary-1280.jpg\",\"articleSection\":[\"Desde la iglesia mundial\",\"RSS Espa\u00f1ol\"],\"inLanguage\":\"es\"},{\"@type\":\"WebPage\",\"@id\":\"https:\\\/\\\/interamerica.org\\\/es\\\/2020\\\/07\\\/por-que-es-tan-especial-el-16-de-julio\\\/\",\"url\":\"https:\\\/\\\/interamerica.org\\\/es\\\/2020\\\/07\\\/por-que-es-tan-especial-el-16-de-julio\\\/\",\"name\":\"\u00bfPor qu\u00e9 es tan especial el 16 de julio? - Iglesia Adventista del S\u00e9ptimo D\u00eda - Divisi\u00f3n Interamericana\",\"isPartOf\":{\"@id\":\"https:\\\/\\\/interamerica.org\\\/es\\\/#website\"},\"primaryImageOfPage\":{\"@id\":\"https:\\\/\\\/interamerica.org\\\/es\\\/2020\\\/07\\\/por-que-es-tan-especial-el-16-de-julio\\\/#primaryimage\"},\"image\":{\"@id\":\"https:\\\/\\\/interamerica.org\\\/es\\\/2020\\\/07\\\/por-que-es-tan-especial-el-16-de-julio\\\/#primaryimage\"},\"thumbnailUrl\":\"https:\\\/\\\/interamerica.org\\\/wp-content\\\/uploads\\\/2020\\\/07\\\/egw-anniversary-1280.jpg\",\"datePublished\":\"2020-07-17T03:30:49+00:00\",\"dateModified\":\"2020-07-17T12:28:09+00:00\",\"author\":{\"@id\":\"https:\\\/\\\/interamerica.org\\\/es\\\/#\\\/schema\\\/person\\\/29998f2bc2d8bd0d38662909289b54f1\"},\"breadcrumb\":{\"@id\":\"https:\\\/\\\/interamerica.org\\\/es\\\/2020\\\/07\\\/por-que-es-tan-especial-el-16-de-julio\\\/#breadcrumb\"},\"inLanguage\":\"es\",\"potentialAction\":[{\"@type\":\"ReadAction\",\"target\":[\"https:\\\/\\\/interamerica.org\\\/es\\\/2020\\\/07\\\/por-que-es-tan-especial-el-16-de-julio\\\/\"]}]},{\"@type\":\"ImageObject\",\"inLanguage\":\"es\",\"@id\":\"https:\\\/\\\/interamerica.org\\\/es\\\/2020\\\/07\\\/por-que-es-tan-especial-el-16-de-julio\\\/#primaryimage\",\"url\":\"https:\\\/\\\/interamerica.org\\\/wp-content\\\/uploads\\\/2020\\\/07\\\/egw-anniversary-1280.jpg\",\"contentUrl\":\"https:\\\/\\\/interamerica.org\\\/wp-content\\\/uploads\\\/2020\\\/07\\\/egw-anniversary-1280.jpg\",\"width\":1280,\"height\":800,\"caption\":\"[Fotograf\u00eda compuesta: Adventist Review Ministries\\\/Ellen G. White Estate]\"},{\"@type\":\"BreadcrumbList\",\"@id\":\"https:\\\/\\\/interamerica.org\\\/es\\\/2020\\\/07\\\/por-que-es-tan-especial-el-16-de-julio\\\/#breadcrumb\",\"itemListElement\":[{\"@type\":\"ListItem\",\"position\":1,\"name\":\"Home\",\"item\":\"https:\\\/\\\/interamerica.org\\\/es\\\/\"},{\"@type\":\"ListItem\",\"position\":2,\"name\":\"\u00bfPor qu\u00e9 es tan especial el 16 de julio?\"}]},{\"@type\":\"WebSite\",\"@id\":\"https:\\\/\\\/interamerica.org\\\/es\\\/#website\",\"url\":\"https:\\\/\\\/interamerica.org\\\/es\\\/\",\"name\":\"Iglesia Adventista del S\u00e9ptimo D\u00eda - Divisi\u00f3n Interamericana\",\"description\":\"\",\"potentialAction\":[{\"@type\":\"SearchAction\",\"target\":{\"@type\":\"EntryPoint\",\"urlTemplate\":\"https:\\\/\\\/interamerica.org\\\/es\\\/?s={search_term_string}\"},\"query-input\":{\"@type\":\"PropertyValueSpecification\",\"valueRequired\":true,\"valueName\":\"search_term_string\"}}],\"inLanguage\":\"es\"},{\"@type\":\"Person\",\"@id\":\"https:\\\/\\\/interamerica.org\\\/es\\\/#\\\/schema\\\/person\\\/29998f2bc2d8bd0d38662909289b54f1\",\"name\":\"libna\",\"image\":{\"@type\":\"ImageObject\",\"inLanguage\":\"es\",\"@id\":\"https:\\\/\\\/secure.gravatar.com\\\/avatar\\\/7c5bd30ae4b47a9ba3c856590957fd1d96dc588bf3ac05719d247e126840331f?s=96&d=mm&r=g\",\"url\":\"https:\\\/\\\/secure.gravatar.com\\\/avatar\\\/7c5bd30ae4b47a9ba3c856590957fd1d96dc588bf3ac05719d247e126840331f?s=96&d=mm&r=g\",\"contentUrl\":\"https:\\\/\\\/secure.gravatar.com\\\/avatar\\\/7c5bd30ae4b47a9ba3c856590957fd1d96dc588bf3ac05719d247e126840331f?s=96&d=mm&r=g\",\"caption\":\"libna\"}}]}<\/script>\n<!-- \/ Yoast SEO plugin. -->","yoast_head_json":{"title":"\u00bfPor qu\u00e9 es tan especial el 16 de julio? - Iglesia Adventista del S\u00e9ptimo D\u00eda - Divisi\u00f3n Interamericana","robots":{"index":"index","follow":"follow","max-snippet":"max-snippet:-1","max-image-preview":"max-image-preview:large","max-video-preview":"max-video-preview:-1"},"canonical":"https:\/\/interamerica.org\/es\/2020\/07\/por-que-es-tan-especial-el-16-de-julio\/","og_locale":"es_ES","og_type":"article","og_title":"\u00bfPor qu\u00e9 es tan especial el 16 de julio? - Iglesia Adventista del S\u00e9ptimo D\u00eda - Divisi\u00f3n Interamericana","og_description":"16 de julio de 2020 | Silver Spring, Maryland, Estados Unidos |\u00a0 Por Jemima Klingbeil 16 de julio. La mayor\u00eda de las personas no piensan que esta sea una fecha...","og_url":"https:\/\/interamerica.org\/es\/2020\/07\/por-que-es-tan-especial-el-16-de-julio\/","og_site_name":"Iglesia Adventista del S\u00e9ptimo D\u00eda - Divisi\u00f3n Interamericana","article_published_time":"2020-07-17T03:30:49+00:00","article_modified_time":"2020-07-17T12:28:09+00:00","og_image":[{"width":1280,"height":800,"url":"https:\/\/interamerica.org\/wp-content\/uploads\/2020\/07\/egw-anniversary-1280.jpg","type":"image\/jpeg"}],"author":"libna","twitter_card":"summary_large_image","twitter_misc":{"Escrito por":"libna","Tiempo de lectura":"4 minutos"},"schema":{"@context":"https:\/\/schema.org","@graph":[{"@type":"Article","@id":"https:\/\/interamerica.org\/es\/2020\/07\/por-que-es-tan-especial-el-16-de-julio\/#article","isPartOf":{"@id":"https:\/\/interamerica.org\/es\/2020\/07\/por-que-es-tan-especial-el-16-de-julio\/"},"author":{"name":"libna","@id":"https:\/\/interamerica.org\/es\/#\/schema\/person\/29998f2bc2d8bd0d38662909289b54f1"},"headline":"\u00bfPor qu\u00e9 es tan especial el 16 de julio?","datePublished":"2020-07-17T03:30:49+00:00","dateModified":"2020-07-17T12:28:09+00:00","mainEntityOfPage":{"@id":"https:\/\/interamerica.org\/es\/2020\/07\/por-que-es-tan-especial-el-16-de-julio\/"},"wordCount":838,"image":{"@id":"https:\/\/interamerica.org\/es\/2020\/07\/por-que-es-tan-especial-el-16-de-julio\/#primaryimage"},"thumbnailUrl":"https:\/\/interamerica.org\/wp-content\/uploads\/2020\/07\/egw-anniversary-1280.jpg","articleSection":["Desde la iglesia mundial","RSS Espa\u00f1ol"],"inLanguage":"es"},{"@type":"WebPage","@id":"https:\/\/interamerica.org\/es\/2020\/07\/por-que-es-tan-especial-el-16-de-julio\/","url":"https:\/\/interamerica.org\/es\/2020\/07\/por-que-es-tan-especial-el-16-de-julio\/","name":"\u00bfPor qu\u00e9 es tan especial el 16 de julio? - Iglesia Adventista del S\u00e9ptimo D\u00eda - Divisi\u00f3n Interamericana","isPartOf":{"@id":"https:\/\/interamerica.org\/es\/#website"},"primaryImageOfPage":{"@id":"https:\/\/interamerica.org\/es\/2020\/07\/por-que-es-tan-especial-el-16-de-julio\/#primaryimage"},"image":{"@id":"https:\/\/interamerica.org\/es\/2020\/07\/por-que-es-tan-especial-el-16-de-julio\/#primaryimage"},"thumbnailUrl":"https:\/\/interamerica.org\/wp-content\/uploads\/2020\/07\/egw-anniversary-1280.jpg","datePublished":"2020-07-17T03:30:49+00:00","dateModified":"2020-07-17T12:28:09+00:00","author":{"@id":"https:\/\/interamerica.org\/es\/#\/schema\/person\/29998f2bc2d8bd0d38662909289b54f1"},"breadcrumb":{"@id":"https:\/\/interamerica.org\/es\/2020\/07\/por-que-es-tan-especial-el-16-de-julio\/#breadcrumb"},"inLanguage":"es","potentialAction":[{"@type":"ReadAction","target":["https:\/\/interamerica.org\/es\/2020\/07\/por-que-es-tan-especial-el-16-de-julio\/"]}]},{"@type":"ImageObject","inLanguage":"es","@id":"https:\/\/interamerica.org\/es\/2020\/07\/por-que-es-tan-especial-el-16-de-julio\/#primaryimage","url":"https:\/\/interamerica.org\/wp-content\/uploads\/2020\/07\/egw-anniversary-1280.jpg","contentUrl":"https:\/\/interamerica.org\/wp-content\/uploads\/2020\/07\/egw-anniversary-1280.jpg","width":1280,"height":800,"caption":"[Fotograf\u00eda compuesta: Adventist Review Ministries\/Ellen G. White Estate]"},{"@type":"BreadcrumbList","@id":"https:\/\/interamerica.org\/es\/2020\/07\/por-que-es-tan-especial-el-16-de-julio\/#breadcrumb","itemListElement":[{"@type":"ListItem","position":1,"name":"Home","item":"https:\/\/interamerica.org\/es\/"},{"@type":"ListItem","position":2,"name":"\u00bfPor qu\u00e9 es tan especial el 16 de julio?"}]},{"@type":"WebSite","@id":"https:\/\/interamerica.org\/es\/#website","url":"https:\/\/interamerica.org\/es\/","name":"Iglesia Adventista del S\u00e9ptimo D\u00eda - Divisi\u00f3n Interamericana","description":"","potentialAction":[{"@type":"SearchAction","target":{"@type":"EntryPoint","urlTemplate":"https:\/\/interamerica.org\/es\/?s={search_term_string}"},"query-input":{"@type":"PropertyValueSpecification","valueRequired":true,"valueName":"search_term_string"}}],"inLanguage":"es"},{"@type":"Person","@id":"https:\/\/interamerica.org\/es\/#\/schema\/person\/29998f2bc2d8bd0d38662909289b54f1","name":"libna","image":{"@type":"ImageObject","inLanguage":"es","@id":"https:\/\/secure.gravatar.com\/avatar\/7c5bd30ae4b47a9ba3c856590957fd1d96dc588bf3ac05719d247e126840331f?s=96&d=mm&r=g","url":"https:\/\/secure.gravatar.com\/avatar\/7c5bd30ae4b47a9ba3c856590957fd1d96dc588bf3ac05719d247e126840331f?s=96&d=mm&r=g","contentUrl":"https:\/\/secure.gravatar.com\/avatar\/7c5bd30ae4b47a9ba3c856590957fd1d96dc588bf3ac05719d247e126840331f?s=96&d=mm&r=g","caption":"libna"}}]}},"_links":{"self":[{"href":"https:\/\/interamerica.org\/es\/wp-json\/wp\/v2\/posts\/60691","targetHints":{"allow":["GET"]}}],"collection":[{"href":"https:\/\/interamerica.org\/es\/wp-json\/wp\/v2\/posts"}],"about":[{"href":"https:\/\/interamerica.org\/es\/wp-json\/wp\/v2\/types\/post"}],"author":[{"embeddable":true,"href":"https:\/\/interamerica.org\/es\/wp-json\/wp\/v2\/users\/3"}],"replies":[{"embeddable":true,"href":"https:\/\/interamerica.org\/es\/wp-json\/wp\/v2\/comments?post=60691"}],"version-history":[{"count":0,"href":"https:\/\/interamerica.org\/es\/wp-json\/wp\/v2\/posts\/60691\/revisions"}],"wp:featuredmedia":[{"embeddable":true,"href":"https:\/\/interamerica.org\/es\/wp-json\/wp\/v2\/media\/60665"}],"wp:attachment":[{"href":"https:\/\/interamerica.org\/es\/wp-json\/wp\/v2\/media?parent=60691"}],"wp:term":[{"taxonomy":"category","embeddable":true,"href":"https:\/\/interamerica.org\/es\/wp-json\/wp\/v2\/categories?post=60691"},{"taxonomy":"post_tag","embeddable":true,"href":"https:\/\/interamerica.org\/es\/wp-json\/wp\/v2\/tags?post=60691"}],"curies":[{"name":"wp","href":"https:\/\/api.w.org\/{rel}","templated":true}]}}