{"id":60856,"date":"2020-07-22T12:10:26","date_gmt":"2020-07-22T16:10:26","guid":{"rendered":"https:\/\/recursing-golick.147-182-135-0.plesk.page\/?p=60856"},"modified":"2020-07-30T20:58:58","modified_gmt":"2020-07-31T00:58:58","slug":"cinco-sugerencias-para-ayudar-a-tus-hijos-a-adaptarse-a-portar-una-mascarilla","status":"publish","type":"post","link":"https:\/\/interamerica.org\/es\/2020\/07\/cinco-sugerencias-para-ayudar-a-tus-hijos-a-adaptarse-a-portar-una-mascarilla\/","title":{"rendered":"Cinco sugerencias para ayudar a tus hijos a adaptarse a portar una mascarilla"},"content":{"rendered":"<p>22 de julio de 2020 | Loma Linda, California, Estados Unidos |Por: Sheann Brandon, Loma Linda University Health News<\/p>\n<p>Mientras que los ni\u00f1os est\u00e1n experimentando muchos cambios por causa de la pandemia del COVID-19, desde la incertidumbre escolar hasta el hecho de no poder ver a sus amigos, el equipo de Loma Linda University Children\u2019s Health, en Loma Linda, California, Estados Unidos, desea ayudar a los padres a enfrentar el desaf\u00edo del uso de mascarillas de protecci\u00f3n en sus hijos.<\/p>\n<p>Los Centros para el Control y Prevenci\u00f3n de las Enfermedades en Estados Unidos (CDC) est\u00e1n recomendando actualmente que las personas usen mascarillas de tela en lugares p\u00fablicos y cuando est\u00e9n cerca de personas que no vivan en su misma casa. En relaci\u00f3n con los ni\u00f1os, los CDC recomiendan que los ni\u00f1os mayores de dos a\u00f1os porten mascarilla de tela.<\/p>\n<p>Los miembros del equipo de especialistas de Servicios para Ni\u00f1os del Hospital Infantil referido, \u00a0son expertos en minimizar el grado de temor y estr\u00e9s experimentado por ni\u00f1os, adolescentes y familias durante la hospitalizaci\u00f3n. La especialista Jamie Jones ofrece a los padres las siguientes sencillas sugerencias para ayudar a los ni\u00f1os a adaptarse al uso de una mascarilla de protecci\u00f3n.<\/p>\n<ol>\n<li><strong> Enfocar la atenci\u00f3n en la normalizaci\u00f3n del uso de la mascarilla. <\/strong><\/li>\n<\/ol>\n<p>La especialista Jones explica que los ni\u00f1os frecuentemente aprenden mejor a trav\u00e9s del ejemplo. Anima a los padres a introducir y normalizar el uso de la mascarilla permitiendo que los ni\u00f1os vean a sus padres port\u00e1ndolas en forma consistente.<\/p>\n<ol start=\"2\">\n<li><strong> Hazlo divertido.<\/strong><\/li>\n<\/ol>\n<p>Presentar la mascarilla en casa, en forma divertida, coloc\u00e1ndola en sus animales de peluche o sus mu\u00f1ecas. Decorar la mascarilla con pegatinas o etiquetas adhesivas, o dejar que los ni\u00f1os elijan la mascarilla que les guste con el dise\u00f1o de su favorito superh\u00e9roe o personaje.<\/p>\n<ol start=\"3\">\n<li><strong> Explicar la raz\u00f3n.<\/strong><\/li>\n<\/ol>\n<p>Tal vez algunos ni\u00f1os deseen saber por qu\u00e9 tienen que usar una mascarilla. Tratar de explicarles la necesidad de la mascarilla en t\u00e9rminos positivos y f\u00e1ciles de entender. Ella sugiere una sencilla explicaci\u00f3n de c\u00f3mo la mascarilla le pone un alto a la diseminaci\u00f3n de g\u00e9rmenes. Estar abiertos a responder a sus preguntas.<\/p>\n<ol start=\"4\">\n<li><strong> Validar sus emociones.<\/strong><\/li>\n<\/ol>\n<p>Si el ni\u00f1o expresa su frustraci\u00f3n mientras porta una mascarilla, validar y reconocer sus sentimientos, pero recordarle la necesidad de usar una mascarilla durante la pandemia.<\/p>\n<ol start=\"5\">\n<li><strong> La pr\u00e1ctica hace al maestro.<\/strong><\/li>\n<\/ol>\n<p>De la misma manera que los padres tienen a veces que recordarles a sus ni\u00f1os que se laven las manos, recordarles en forma delicada la necesidad de usar una mascarilla de protecci\u00f3n y practicar el ponerla y ajustarla antes de salir de la casa.<\/p>\n<p>Aunque es posible que al ni\u00f1o le tome tiempo ajustarse al uso de una mascarilla, la especialista Jones anima a los padres a ser pacientes mientras practican con sus ni\u00f1os el uso de la mascarilla. El alentar positivamente puede llegar muy lejos, dijo la especialista.<\/p>\n<p><em>La <\/em><a href=\"https:\/\/news.llu.edu\/health-wellness\/five-tips-help-your-child-adapt-wearing-mask\"><em>original version<\/em><\/a><em> (versi\u00f3n original) de esta historia se public\u00f3 en el <\/em><a href=\"https:\/\/news.llu.edu\/\"><em>news site<\/em><\/a> (<em>sitio de noticias) de Loma Linda University Health.<\/em><\/p>\n<p><em>Traducci\u00f3n \u2013 Gloria A. Castrej\u00f3n<\/em><\/p>\n<p>&nbsp;<\/p>\n","protected":false},"excerpt":{"rendered":"<p>22 de julio de 2020 | Loma Linda, California, Estados Unidos |Por: Sheann Brandon, Loma Linda University Health News Mientras que los ni\u00f1os est\u00e1n experimentando muchos cambios por causa de&#8230;<\/p>\n","protected":false},"author":3,"featured_media":60846,"comment_status":"closed","ping_status":"closed","sticky":false,"template":"","format":"standard","meta":{"_acf_changed":false,"footnotes":""},"categories":[14,15],"tags":[],"class_list":["post-60856","post","type-post","status-publish","format-standard","has-post-thumbnail","hentry","category-de-la-iglesia-mundial","category-rss-espanol"],"acf":[],"yoast_head":"<!-- This site is optimized with the Yoast SEO plugin v27.3 - https:\/\/yoast.com\/product\/yoast-seo-wordpress\/ -->\n<title>Cinco sugerencias para ayudar a tus hijos a adaptarse a portar una mascarilla - Iglesia Adventista del S\u00e9ptimo D\u00eda - Divisi\u00f3n Interamericana<\/title>\n<meta name=\"robots\" content=\"index, follow, max-snippet:-1, max-image-preview:large, max-video-preview:-1\" \/>\n<link rel=\"canonical\" href=\"https:\/\/interamerica.org\/es\/2020\/07\/cinco-sugerencias-para-ayudar-a-tus-hijos-a-adaptarse-a-portar-una-mascarilla\/\" \/>\n<meta property=\"og:locale\" content=\"es_ES\" \/>\n<meta property=\"og:type\" content=\"article\" \/>\n<meta property=\"og:title\" content=\"Cinco sugerencias para ayudar a tus hijos a adaptarse a portar una mascarilla - Iglesia Adventista del S\u00e9ptimo D\u00eda - Divisi\u00f3n Interamericana\" \/>\n<meta property=\"og:description\" content=\"22 de julio de 2020 | Loma Linda, California, Estados Unidos |Por: Sheann Brandon, Loma Linda University Health News Mientras que los ni\u00f1os est\u00e1n experimentando muchos cambios por causa de...\" \/>\n<meta property=\"og:url\" content=\"https:\/\/interamerica.org\/es\/2020\/07\/cinco-sugerencias-para-ayudar-a-tus-hijos-a-adaptarse-a-portar-una-mascarilla\/\" \/>\n<meta property=\"og:site_name\" content=\"Iglesia Adventista del S\u00e9ptimo D\u00eda - Divisi\u00f3n Interamericana\" \/>\n<meta property=\"article:published_time\" content=\"2020-07-22T16:10:26+00:00\" \/>\n<meta property=\"article:modified_time\" content=\"2020-07-31T00:58:58+00:00\" \/>\n<meta property=\"og:image\" content=\"https:\/\/interamerica.org\/wp-content\/uploads\/2020\/07\/kids-facemask-sharon-mccutcheon-bedh-pxxz0c-unsplash.jpg\" \/>\n\t<meta property=\"og:image:width\" content=\"1280\" \/>\n\t<meta property=\"og:image:height\" content=\"800\" \/>\n\t<meta property=\"og:image:type\" content=\"image\/jpeg\" \/>\n<meta name=\"author\" content=\"libna\" \/>\n<meta name=\"twitter:card\" content=\"summary_large_image\" \/>\n<meta name=\"twitter:label1\" content=\"Escrito por\" \/>\n\t<meta name=\"twitter:data1\" content=\"libna\" \/>\n\t<meta name=\"twitter:label2\" content=\"Tiempo de lectura\" \/>\n\t<meta name=\"twitter:data2\" content=\"3 minutos\" \/>\n<script type=\"application\/ld+json\" class=\"yoast-schema-graph\">{\"@context\":\"https:\\\/\\\/schema.org\",\"@graph\":[{\"@type\":\"Article\",\"@id\":\"https:\\\/\\\/interamerica.org\\\/es\\\/2020\\\/07\\\/cinco-sugerencias-para-ayudar-a-tus-hijos-a-adaptarse-a-portar-una-mascarilla\\\/#article\",\"isPartOf\":{\"@id\":\"https:\\\/\\\/interamerica.org\\\/es\\\/2020\\\/07\\\/cinco-sugerencias-para-ayudar-a-tus-hijos-a-adaptarse-a-portar-una-mascarilla\\\/\"},\"author\":{\"name\":\"libna\",\"@id\":\"https:\\\/\\\/interamerica.org\\\/es\\\/#\\\/schema\\\/person\\\/29998f2bc2d8bd0d38662909289b54f1\"},\"headline\":\"Cinco sugerencias para ayudar a tus hijos a adaptarse a portar una mascarilla\",\"datePublished\":\"2020-07-22T16:10:26+00:00\",\"dateModified\":\"2020-07-31T00:58:58+00:00\",\"mainEntityOfPage\":{\"@id\":\"https:\\\/\\\/interamerica.org\\\/es\\\/2020\\\/07\\\/cinco-sugerencias-para-ayudar-a-tus-hijos-a-adaptarse-a-portar-una-mascarilla\\\/\"},\"wordCount\":559,\"image\":{\"@id\":\"https:\\\/\\\/interamerica.org\\\/es\\\/2020\\\/07\\\/cinco-sugerencias-para-ayudar-a-tus-hijos-a-adaptarse-a-portar-una-mascarilla\\\/#primaryimage\"},\"thumbnailUrl\":\"https:\\\/\\\/interamerica.org\\\/wp-content\\\/uploads\\\/2020\\\/07\\\/kids-facemask-sharon-mccutcheon-bedh-pxxz0c-unsplash.jpg\",\"articleSection\":[\"Desde la iglesia mundial\",\"RSS Espa\u00f1ol\"],\"inLanguage\":\"es\"},{\"@type\":\"WebPage\",\"@id\":\"https:\\\/\\\/interamerica.org\\\/es\\\/2020\\\/07\\\/cinco-sugerencias-para-ayudar-a-tus-hijos-a-adaptarse-a-portar-una-mascarilla\\\/\",\"url\":\"https:\\\/\\\/interamerica.org\\\/es\\\/2020\\\/07\\\/cinco-sugerencias-para-ayudar-a-tus-hijos-a-adaptarse-a-portar-una-mascarilla\\\/\",\"name\":\"Cinco sugerencias para ayudar a tus hijos a adaptarse a portar una mascarilla - Iglesia Adventista del S\u00e9ptimo D\u00eda - Divisi\u00f3n Interamericana\",\"isPartOf\":{\"@id\":\"https:\\\/\\\/interamerica.org\\\/es\\\/#website\"},\"primaryImageOfPage\":{\"@id\":\"https:\\\/\\\/interamerica.org\\\/es\\\/2020\\\/07\\\/cinco-sugerencias-para-ayudar-a-tus-hijos-a-adaptarse-a-portar-una-mascarilla\\\/#primaryimage\"},\"image\":{\"@id\":\"https:\\\/\\\/interamerica.org\\\/es\\\/2020\\\/07\\\/cinco-sugerencias-para-ayudar-a-tus-hijos-a-adaptarse-a-portar-una-mascarilla\\\/#primaryimage\"},\"thumbnailUrl\":\"https:\\\/\\\/interamerica.org\\\/wp-content\\\/uploads\\\/2020\\\/07\\\/kids-facemask-sharon-mccutcheon-bedh-pxxz0c-unsplash.jpg\",\"datePublished\":\"2020-07-22T16:10:26+00:00\",\"dateModified\":\"2020-07-31T00:58:58+00:00\",\"author\":{\"@id\":\"https:\\\/\\\/interamerica.org\\\/es\\\/#\\\/schema\\\/person\\\/29998f2bc2d8bd0d38662909289b54f1\"},\"breadcrumb\":{\"@id\":\"https:\\\/\\\/interamerica.org\\\/es\\\/2020\\\/07\\\/cinco-sugerencias-para-ayudar-a-tus-hijos-a-adaptarse-a-portar-una-mascarilla\\\/#breadcrumb\"},\"inLanguage\":\"es\",\"potentialAction\":[{\"@type\":\"ReadAction\",\"target\":[\"https:\\\/\\\/interamerica.org\\\/es\\\/2020\\\/07\\\/cinco-sugerencias-para-ayudar-a-tus-hijos-a-adaptarse-a-portar-una-mascarilla\\\/\"]}]},{\"@type\":\"ImageObject\",\"inLanguage\":\"es\",\"@id\":\"https:\\\/\\\/interamerica.org\\\/es\\\/2020\\\/07\\\/cinco-sugerencias-para-ayudar-a-tus-hijos-a-adaptarse-a-portar-una-mascarilla\\\/#primaryimage\",\"url\":\"https:\\\/\\\/interamerica.org\\\/wp-content\\\/uploads\\\/2020\\\/07\\\/kids-facemask-sharon-mccutcheon-bedh-pxxz0c-unsplash.jpg\",\"contentUrl\":\"https:\\\/\\\/interamerica.org\\\/wp-content\\\/uploads\\\/2020\\\/07\\\/kids-facemask-sharon-mccutcheon-bedh-pxxz0c-unsplash.jpg\",\"width\":1280,\"height\":800},{\"@type\":\"BreadcrumbList\",\"@id\":\"https:\\\/\\\/interamerica.org\\\/es\\\/2020\\\/07\\\/cinco-sugerencias-para-ayudar-a-tus-hijos-a-adaptarse-a-portar-una-mascarilla\\\/#breadcrumb\",\"itemListElement\":[{\"@type\":\"ListItem\",\"position\":1,\"name\":\"Home\",\"item\":\"https:\\\/\\\/interamerica.org\\\/es\\\/\"},{\"@type\":\"ListItem\",\"position\":2,\"name\":\"Cinco sugerencias para ayudar a tus hijos a adaptarse a portar una mascarilla\"}]},{\"@type\":\"WebSite\",\"@id\":\"https:\\\/\\\/interamerica.org\\\/es\\\/#website\",\"url\":\"https:\\\/\\\/interamerica.org\\\/es\\\/\",\"name\":\"Iglesia Adventista del S\u00e9ptimo D\u00eda - Divisi\u00f3n Interamericana\",\"description\":\"\",\"potentialAction\":[{\"@type\":\"SearchAction\",\"target\":{\"@type\":\"EntryPoint\",\"urlTemplate\":\"https:\\\/\\\/interamerica.org\\\/es\\\/?s={search_term_string}\"},\"query-input\":{\"@type\":\"PropertyValueSpecification\",\"valueRequired\":true,\"valueName\":\"search_term_string\"}}],\"inLanguage\":\"es\"},{\"@type\":\"Person\",\"@id\":\"https:\\\/\\\/interamerica.org\\\/es\\\/#\\\/schema\\\/person\\\/29998f2bc2d8bd0d38662909289b54f1\",\"name\":\"libna\",\"image\":{\"@type\":\"ImageObject\",\"inLanguage\":\"es\",\"@id\":\"https:\\\/\\\/secure.gravatar.com\\\/avatar\\\/7c5bd30ae4b47a9ba3c856590957fd1d96dc588bf3ac05719d247e126840331f?s=96&d=mm&r=g\",\"url\":\"https:\\\/\\\/secure.gravatar.com\\\/avatar\\\/7c5bd30ae4b47a9ba3c856590957fd1d96dc588bf3ac05719d247e126840331f?s=96&d=mm&r=g\",\"contentUrl\":\"https:\\\/\\\/secure.gravatar.com\\\/avatar\\\/7c5bd30ae4b47a9ba3c856590957fd1d96dc588bf3ac05719d247e126840331f?s=96&d=mm&r=g\",\"caption\":\"libna\"}}]}<\/script>\n<!-- \/ Yoast SEO plugin. -->","yoast_head_json":{"title":"Cinco sugerencias para ayudar a tus hijos a adaptarse a portar una mascarilla - Iglesia Adventista del S\u00e9ptimo D\u00eda - Divisi\u00f3n Interamericana","robots":{"index":"index","follow":"follow","max-snippet":"max-snippet:-1","max-image-preview":"max-image-preview:large","max-video-preview":"max-video-preview:-1"},"canonical":"https:\/\/interamerica.org\/es\/2020\/07\/cinco-sugerencias-para-ayudar-a-tus-hijos-a-adaptarse-a-portar-una-mascarilla\/","og_locale":"es_ES","og_type":"article","og_title":"Cinco sugerencias para ayudar a tus hijos a adaptarse a portar una mascarilla - Iglesia Adventista del S\u00e9ptimo D\u00eda - Divisi\u00f3n Interamericana","og_description":"22 de julio de 2020 | Loma Linda, California, Estados Unidos |Por: Sheann Brandon, Loma Linda University Health News Mientras que los ni\u00f1os est\u00e1n experimentando muchos cambios por causa de...","og_url":"https:\/\/interamerica.org\/es\/2020\/07\/cinco-sugerencias-para-ayudar-a-tus-hijos-a-adaptarse-a-portar-una-mascarilla\/","og_site_name":"Iglesia Adventista del S\u00e9ptimo D\u00eda - Divisi\u00f3n Interamericana","article_published_time":"2020-07-22T16:10:26+00:00","article_modified_time":"2020-07-31T00:58:58+00:00","og_image":[{"width":1280,"height":800,"url":"https:\/\/interamerica.org\/wp-content\/uploads\/2020\/07\/kids-facemask-sharon-mccutcheon-bedh-pxxz0c-unsplash.jpg","type":"image\/jpeg"}],"author":"libna","twitter_card":"summary_large_image","twitter_misc":{"Escrito por":"libna","Tiempo de lectura":"3 minutos"},"schema":{"@context":"https:\/\/schema.org","@graph":[{"@type":"Article","@id":"https:\/\/interamerica.org\/es\/2020\/07\/cinco-sugerencias-para-ayudar-a-tus-hijos-a-adaptarse-a-portar-una-mascarilla\/#article","isPartOf":{"@id":"https:\/\/interamerica.org\/es\/2020\/07\/cinco-sugerencias-para-ayudar-a-tus-hijos-a-adaptarse-a-portar-una-mascarilla\/"},"author":{"name":"libna","@id":"https:\/\/interamerica.org\/es\/#\/schema\/person\/29998f2bc2d8bd0d38662909289b54f1"},"headline":"Cinco sugerencias para ayudar a tus hijos a adaptarse a portar una mascarilla","datePublished":"2020-07-22T16:10:26+00:00","dateModified":"2020-07-31T00:58:58+00:00","mainEntityOfPage":{"@id":"https:\/\/interamerica.org\/es\/2020\/07\/cinco-sugerencias-para-ayudar-a-tus-hijos-a-adaptarse-a-portar-una-mascarilla\/"},"wordCount":559,"image":{"@id":"https:\/\/interamerica.org\/es\/2020\/07\/cinco-sugerencias-para-ayudar-a-tus-hijos-a-adaptarse-a-portar-una-mascarilla\/#primaryimage"},"thumbnailUrl":"https:\/\/interamerica.org\/wp-content\/uploads\/2020\/07\/kids-facemask-sharon-mccutcheon-bedh-pxxz0c-unsplash.jpg","articleSection":["Desde la iglesia mundial","RSS Espa\u00f1ol"],"inLanguage":"es"},{"@type":"WebPage","@id":"https:\/\/interamerica.org\/es\/2020\/07\/cinco-sugerencias-para-ayudar-a-tus-hijos-a-adaptarse-a-portar-una-mascarilla\/","url":"https:\/\/interamerica.org\/es\/2020\/07\/cinco-sugerencias-para-ayudar-a-tus-hijos-a-adaptarse-a-portar-una-mascarilla\/","name":"Cinco sugerencias para ayudar a tus hijos a adaptarse a portar una mascarilla - Iglesia Adventista del S\u00e9ptimo D\u00eda - Divisi\u00f3n Interamericana","isPartOf":{"@id":"https:\/\/interamerica.org\/es\/#website"},"primaryImageOfPage":{"@id":"https:\/\/interamerica.org\/es\/2020\/07\/cinco-sugerencias-para-ayudar-a-tus-hijos-a-adaptarse-a-portar-una-mascarilla\/#primaryimage"},"image":{"@id":"https:\/\/interamerica.org\/es\/2020\/07\/cinco-sugerencias-para-ayudar-a-tus-hijos-a-adaptarse-a-portar-una-mascarilla\/#primaryimage"},"thumbnailUrl":"https:\/\/interamerica.org\/wp-content\/uploads\/2020\/07\/kids-facemask-sharon-mccutcheon-bedh-pxxz0c-unsplash.jpg","datePublished":"2020-07-22T16:10:26+00:00","dateModified":"2020-07-31T00:58:58+00:00","author":{"@id":"https:\/\/interamerica.org\/es\/#\/schema\/person\/29998f2bc2d8bd0d38662909289b54f1"},"breadcrumb":{"@id":"https:\/\/interamerica.org\/es\/2020\/07\/cinco-sugerencias-para-ayudar-a-tus-hijos-a-adaptarse-a-portar-una-mascarilla\/#breadcrumb"},"inLanguage":"es","potentialAction":[{"@type":"ReadAction","target":["https:\/\/interamerica.org\/es\/2020\/07\/cinco-sugerencias-para-ayudar-a-tus-hijos-a-adaptarse-a-portar-una-mascarilla\/"]}]},{"@type":"ImageObject","inLanguage":"es","@id":"https:\/\/interamerica.org\/es\/2020\/07\/cinco-sugerencias-para-ayudar-a-tus-hijos-a-adaptarse-a-portar-una-mascarilla\/#primaryimage","url":"https:\/\/interamerica.org\/wp-content\/uploads\/2020\/07\/kids-facemask-sharon-mccutcheon-bedh-pxxz0c-unsplash.jpg","contentUrl":"https:\/\/interamerica.org\/wp-content\/uploads\/2020\/07\/kids-facemask-sharon-mccutcheon-bedh-pxxz0c-unsplash.jpg","width":1280,"height":800},{"@type":"BreadcrumbList","@id":"https:\/\/interamerica.org\/es\/2020\/07\/cinco-sugerencias-para-ayudar-a-tus-hijos-a-adaptarse-a-portar-una-mascarilla\/#breadcrumb","itemListElement":[{"@type":"ListItem","position":1,"name":"Home","item":"https:\/\/interamerica.org\/es\/"},{"@type":"ListItem","position":2,"name":"Cinco sugerencias para ayudar a tus hijos a adaptarse a portar una mascarilla"}]},{"@type":"WebSite","@id":"https:\/\/interamerica.org\/es\/#website","url":"https:\/\/interamerica.org\/es\/","name":"Iglesia Adventista del S\u00e9ptimo D\u00eda - Divisi\u00f3n Interamericana","description":"","potentialAction":[{"@type":"SearchAction","target":{"@type":"EntryPoint","urlTemplate":"https:\/\/interamerica.org\/es\/?s={search_term_string}"},"query-input":{"@type":"PropertyValueSpecification","valueRequired":true,"valueName":"search_term_string"}}],"inLanguage":"es"},{"@type":"Person","@id":"https:\/\/interamerica.org\/es\/#\/schema\/person\/29998f2bc2d8bd0d38662909289b54f1","name":"libna","image":{"@type":"ImageObject","inLanguage":"es","@id":"https:\/\/secure.gravatar.com\/avatar\/7c5bd30ae4b47a9ba3c856590957fd1d96dc588bf3ac05719d247e126840331f?s=96&d=mm&r=g","url":"https:\/\/secure.gravatar.com\/avatar\/7c5bd30ae4b47a9ba3c856590957fd1d96dc588bf3ac05719d247e126840331f?s=96&d=mm&r=g","contentUrl":"https:\/\/secure.gravatar.com\/avatar\/7c5bd30ae4b47a9ba3c856590957fd1d96dc588bf3ac05719d247e126840331f?s=96&d=mm&r=g","caption":"libna"}}]}},"_links":{"self":[{"href":"https:\/\/interamerica.org\/es\/wp-json\/wp\/v2\/posts\/60856","targetHints":{"allow":["GET"]}}],"collection":[{"href":"https:\/\/interamerica.org\/es\/wp-json\/wp\/v2\/posts"}],"about":[{"href":"https:\/\/interamerica.org\/es\/wp-json\/wp\/v2\/types\/post"}],"author":[{"embeddable":true,"href":"https:\/\/interamerica.org\/es\/wp-json\/wp\/v2\/users\/3"}],"replies":[{"embeddable":true,"href":"https:\/\/interamerica.org\/es\/wp-json\/wp\/v2\/comments?post=60856"}],"version-history":[{"count":0,"href":"https:\/\/interamerica.org\/es\/wp-json\/wp\/v2\/posts\/60856\/revisions"}],"wp:featuredmedia":[{"embeddable":true,"href":"https:\/\/interamerica.org\/es\/wp-json\/wp\/v2\/media\/60846"}],"wp:attachment":[{"href":"https:\/\/interamerica.org\/es\/wp-json\/wp\/v2\/media?parent=60856"}],"wp:term":[{"taxonomy":"category","embeddable":true,"href":"https:\/\/interamerica.org\/es\/wp-json\/wp\/v2\/categories?post=60856"},{"taxonomy":"post_tag","embeddable":true,"href":"https:\/\/interamerica.org\/es\/wp-json\/wp\/v2\/tags?post=60856"}],"curies":[{"name":"wp","href":"https:\/\/api.w.org\/{rel}","templated":true}]}}