{"id":61028,"date":"2020-07-28T16:19:13","date_gmt":"2020-07-28T20:19:13","guid":{"rendered":"https:\/\/recursing-golick.147-182-135-0.plesk.page\/?p=61028"},"modified":"2020-07-29T06:38:36","modified_gmt":"2020-07-29T10:38:36","slug":"en-interamerica-los-lideres-continuaran-trabajando-remotamente-en-forma-indefinida","status":"publish","type":"post","link":"https:\/\/interamerica.org\/es\/2020\/07\/en-interamerica-los-lideres-continuaran-trabajando-remotamente-en-forma-indefinida\/","title":{"rendered":"En Interam\u00e9rica, los l\u00edderes continuar\u00e1n trabajando remotamente en forma indefinida"},"content":{"rendered":"<p>28 de julio de 2020 | Miami, Florida, Estados Unidos | Libna Stevens, Noticias de la Divisi\u00f3n Interamericana<\/p>\n<p>Ante el incremento del n\u00famero de casos de COVID-19 en Florida, los l\u00edderes de la Iglesia Adventista del S\u00e9ptimo D\u00eda en la Divisi\u00f3n Interamericana desde su sede en Miami, han decidido continuar trabajando en forma remota desde sus hogares. Hasta la fecha, Florida ha reportado m\u00e1s de 433 mil casos positivos de COVID-19 y casi 6 mil muertes.<\/p>\n<p>\u201cCre\u00edmos que cuando nos reunimos por \u00faltima vez en la oficina el 16 de marzo, nuestras oficinas estar\u00edan cerradas por dos semanas, pero han pasado m\u00e1s de cuatro meses en los que hemos estado trabajando desde casa\u201d, dijo el pastor Elie Henry, presidente de la Iglesia Adventista en Interam\u00e9rica durante una reuni\u00f3n de personal por Zoom en la ma\u00f1ana de hoy. \u201cPor ahora, no hay planes de regresar a las oficinas\u201d. Eso significa que por el mes de agosto y durante el resto del a\u00f1o, todo depender\u00e1 de c\u00f3mo cambien o avancen las cosas, dijo.<\/p>\n<p>Una comisi\u00f3n especial ha estado trabajando durante semanas para colaborar con la transici\u00f3n para volver a trabajar en las oficinas cuando se haga oficial el tiempo de regresar, expres\u00f3.<\/p>\n<p>El pastor Henry agradeci\u00f3 a los directores de departamento y a los miembros del personal por el dedicado trabajo que han llevado a cabo durante esta \u201cnueva realidad\u201d, ministrando y liderando en a lo largo y a lo ancho del territorio. \u201cSe han adaptado cada vez m\u00e1s a la situaci\u00f3n que enfrentamos, para contribuir con el progreso de la misi\u00f3n de la iglesia junto con los l\u00edderes en el territorio\u201d.<\/p>\n<p><div id=\"attachment_61017\" style=\"width: 830px\" class=\"wp-caption aligncenter\"><img fetchpriority=\"high\" decoding=\"async\" aria-describedby=\"caption-attachment-61017\" class=\"wp-image-61015\" src=\"https:\/\/recursing-golick.147-182-135-0.plesk.page\/wp-content\/uploads\/2020\/07\/elie-henry-july2020.jpg\" alt=\"\" width=\"820\" height=\"608\" srcset=\"https:\/\/interamerica.org\/wp-content\/uploads\/2020\/07\/elie-henry-july2020.jpg 900w, https:\/\/interamerica.org\/wp-content\/uploads\/2020\/07\/elie-henry-july2020-300x222.jpg 300w, https:\/\/interamerica.org\/wp-content\/uploads\/2020\/07\/elie-henry-july2020-768x569.jpg 768w\" sizes=\"(max-width: 820px) 100vw, 820px\" \/><p id=\"caption-attachment-61017\" class=\"wp-caption-text\">El pastor Elie Henry, presidente de la Divisi\u00f3n Interamericana, habla durante una reuni\u00f3n con los administradores de las uniones hace unas semanas. [Fotograf\u00eda: Libna Stevens\/DIA]<\/p><\/div>Hasta el momento, se han dedicado m\u00e1s de 45 millones de minutos o 751.713 horas a reuniones y eventos por Zoom bajo las cuentas globales de Zoom de la Divisi\u00f3n Interamericana en el territorio, inform\u00f3 el personal t\u00e9cnico.<\/p>\n<p>\u201cConfiamos y seguimos trabajando juntos con gran responsabilidad, manteniendo a la vista el futuro, caminando juntos para fortalecer y asistir al territorio para que siga adelante con solidez\u201d, dijo el pastor Henry.<\/p>\n<p>El personal recibi\u00f3 un informe del tesorero de la Divisi\u00f3n Interamericana Filiberto Verduzco sobre algunos ajustes financieros que ser\u00e1n llevados a cabo durante el resto del a\u00f1o, y las proyecciones para el a\u00f1o pr\u00f3ximo, <a href=\"https:\/\/recursing-golick.147-182-135-0.plesk.page\/es\/2020\/07\/iglesia-adventista-en-interamerica-realiza-ajustes-para-contrarrestar-la-reduccion-de-ingresos-durante-la-pandemia\/\">como se inform\u00f3 anteriormente.<\/a><\/p>\n<p>Hay desaf\u00edos para cumplir con los ajustes presupuestarios para las operaciones a nivel de la divisi\u00f3n, dijo el pastor Henry. \u201cNo estamos sentados en Miami sobre una pila de oro. No tenemos una acumulaci\u00f3n de recursos, pero lo que tenemos es el compromiso de usar los recursos para el avance de la misi\u00f3n de la iglesia\u201d.<\/p>\n<p>El pastor Henry dijo que habr\u00eda que llevar a cabo ajustes entre el personal, comenzar a preparar los presupuestos para 2021, 2022, y el resto del quinquenio. \u201cPara nosotros, el quinquenio ha comenzado ahora, como si acab\u00e1ramos de terminar el Congreso de la Asociaci\u00f3n General en Indian\u00e1polis\u201d, dijo \u201cNo estamos haciendo cambios dram\u00e1ticos para 2020, pero nos estamos enfocando m\u00e1s en el a\u00f1o pr\u00f3ximo y a\u00fan m\u00e1s all\u00e1\u201d.<\/p>\n<p>El pastor Henry se refiri\u00f3 al n\u00famero de l\u00edderes y miembros del personal que hab\u00edan planeado jubilarse en el pr\u00f3ximo Congreso de la Asociaci\u00f3n General en Indian\u00e1polis, Indiana, que fue pospuesto para el a\u00f1o pr\u00f3ximo debido a la pandemia. \u201cQueremos invitar a los que estaban planeando jubilarse y a los que est\u00e1n listos para jubilarse para que nos vengan a ver antes de que se termine el a\u00f1o\u201d, dijo el pastor Henry.<\/p>\n<p>De la misma manera, los administradores de la Divisi\u00f3n Interamericana se sentar\u00e1n con los responsables de recursos humanos para efectuar una revisi\u00f3n de las tareas que lleva a cabo el personal de oficina, declar\u00f3 el pastor Henry. \u201cNo vamos a esperar a mayo de 2021 cuando se ha planificado llevar a cabo el pr\u00f3ximo Congreso de la Asociaci\u00f3n General, para llevar a cabo los cambios necesarios que tenemos que hacer\u201d, expres\u00f3.<\/p>\n<p>Los planes son no incrementar el n\u00famero del personal elegido en Miami, seg\u00fan el pastor Henry. \u201cPor el contrario, vamos a tratar de reducir el personal que est\u00e1 en Miami, dado que la tecnolog\u00eda nos est\u00e1 ense\u00f1ando que hay mucho m\u00e1s que podemos hacer para reducir costos y al mismo tiempo seguir adelante con nuestras responsabilidades\u201d.<\/p>\n<p>El pastor Henry apel\u00f3 a los l\u00edderes y al personal para que contin\u00faen orando m\u00e1s por el progreso de la iglesia en toda la Divisi\u00f3n Interamericana y por la feligres\u00eda, dado que muchos han perdido su trabajo, otros est\u00e1n enfermos, y por las familias de los que han perdido a un ser querido debido al COVID-19.<\/p>\n<p>La Comisi\u00f3n Administrativa vot\u00f3 establecer una comisi\u00f3n de oraci\u00f3n para brindar liderazgo al ambiente espiritual en el territorio de la Divisi\u00f3n Interamericana. El prop\u00f3sito es dise\u00f1ar e implementar iniciativas de oraci\u00f3n para sustentar un movimiento de oraci\u00f3n intercesora en todos los niveles de la iglesia.<\/p>\n<p>\u201cNecesitamos seguir orando y preparando a otros para que entreguen su vida a Cristo\u201d, dijo el pastor Henry. \u201cNecesitamos seguir navegando en esta realidad y continuar siendo transparentes como iglesia, adapt\u00e1ndonos a la tarea de compartir el evangelio por todos los medios posibles\u201d.<\/p>\n<p>Para saber m\u00e1s sobre la Divisi\u00f3n Interamericana, su territorio, iniciativas, actividades y recursos, visite <a href=\"https:\/\/recursing-golick.147-182-135-0.plesk.page\/\">interamerica.org<\/a><\/p>\n<p>Traducci\u00f3n de Marcos Paseggi<\/p>\n","protected":false},"excerpt":{"rendered":"<p>28 de julio de 2020 | Miami, Florida, Estados Unidos | Libna Stevens, Noticias de la Divisi\u00f3n Interamericana Ante el incremento del n\u00famero de casos de COVID-19 en Florida, los&#8230;<\/p>\n","protected":false},"author":3,"featured_media":61012,"comment_status":"closed","ping_status":"closed","sticky":false,"template":"","format":"standard","meta":{"_acf_changed":false,"footnotes":""},"categories":[16,15],"tags":[],"class_list":["post-61028","post","type-post","status-publish","format-standard","has-post-thumbnail","hentry","category-desde-la-sede","category-rss-espanol"],"acf":[],"yoast_head":"<!-- This site is optimized with the Yoast SEO plugin v27.3 - https:\/\/yoast.com\/product\/yoast-seo-wordpress\/ -->\n<title>En Interam\u00e9rica, los l\u00edderes continuar\u00e1n trabajando remotamente en forma indefinida - Iglesia Adventista del S\u00e9ptimo D\u00eda - Divisi\u00f3n Interamericana<\/title>\n<meta name=\"robots\" content=\"index, follow, max-snippet:-1, max-image-preview:large, max-video-preview:-1\" \/>\n<link rel=\"canonical\" href=\"https:\/\/interamerica.org\/es\/2020\/07\/en-interamerica-los-lideres-continuaran-trabajando-remotamente-en-forma-indefinida\/\" \/>\n<meta property=\"og:locale\" content=\"es_ES\" \/>\n<meta property=\"og:type\" content=\"article\" \/>\n<meta property=\"og:title\" content=\"En Interam\u00e9rica, los l\u00edderes continuar\u00e1n trabajando remotamente en forma indefinida - Iglesia Adventista del S\u00e9ptimo D\u00eda - Divisi\u00f3n Interamericana\" \/>\n<meta property=\"og:description\" content=\"28 de julio de 2020 | Miami, Florida, Estados Unidos | Libna Stevens, Noticias de la Divisi\u00f3n Interamericana Ante el incremento del n\u00famero de casos de COVID-19 en Florida, los...\" \/>\n<meta property=\"og:url\" content=\"https:\/\/interamerica.org\/es\/2020\/07\/en-interamerica-los-lideres-continuaran-trabajando-remotamente-en-forma-indefinida\/\" \/>\n<meta property=\"og:site_name\" content=\"Iglesia Adventista del S\u00e9ptimo D\u00eda - Divisi\u00f3n Interamericana\" \/>\n<meta property=\"article:published_time\" content=\"2020-07-28T20:19:13+00:00\" \/>\n<meta property=\"article:modified_time\" content=\"2020-07-29T10:38:36+00:00\" \/>\n<meta property=\"og:image\" content=\"https:\/\/interamerica.org\/wp-content\/uploads\/2020\/07\/iad-front-entrance2020.jpg\" \/>\n\t<meta property=\"og:image:width\" content=\"1280\" \/>\n\t<meta property=\"og:image:height\" content=\"800\" \/>\n\t<meta property=\"og:image:type\" content=\"image\/jpeg\" \/>\n<meta name=\"author\" content=\"libna\" \/>\n<meta name=\"twitter:card\" content=\"summary_large_image\" \/>\n<meta name=\"twitter:label1\" content=\"Escrito por\" \/>\n\t<meta name=\"twitter:data1\" content=\"libna\" \/>\n\t<meta name=\"twitter:label2\" content=\"Tiempo de lectura\" \/>\n\t<meta name=\"twitter:data2\" content=\"5 minutos\" \/>\n<script type=\"application\/ld+json\" class=\"yoast-schema-graph\">{\"@context\":\"https:\\\/\\\/schema.org\",\"@graph\":[{\"@type\":\"Article\",\"@id\":\"https:\\\/\\\/interamerica.org\\\/es\\\/2020\\\/07\\\/en-interamerica-los-lideres-continuaran-trabajando-remotamente-en-forma-indefinida\\\/#article\",\"isPartOf\":{\"@id\":\"https:\\\/\\\/interamerica.org\\\/es\\\/2020\\\/07\\\/en-interamerica-los-lideres-continuaran-trabajando-remotamente-en-forma-indefinida\\\/\"},\"author\":{\"name\":\"libna\",\"@id\":\"https:\\\/\\\/interamerica.org\\\/es\\\/#\\\/schema\\\/person\\\/29998f2bc2d8bd0d38662909289b54f1\"},\"headline\":\"En Interam\u00e9rica, los l\u00edderes continuar\u00e1n trabajando remotamente en forma indefinida\",\"datePublished\":\"2020-07-28T20:19:13+00:00\",\"dateModified\":\"2020-07-29T10:38:36+00:00\",\"mainEntityOfPage\":{\"@id\":\"https:\\\/\\\/interamerica.org\\\/es\\\/2020\\\/07\\\/en-interamerica-los-lideres-continuaran-trabajando-remotamente-en-forma-indefinida\\\/\"},\"wordCount\":982,\"image\":{\"@id\":\"https:\\\/\\\/interamerica.org\\\/es\\\/2020\\\/07\\\/en-interamerica-los-lideres-continuaran-trabajando-remotamente-en-forma-indefinida\\\/#primaryimage\"},\"thumbnailUrl\":\"https:\\\/\\\/interamerica.org\\\/wp-content\\\/uploads\\\/2020\\\/07\\\/iad-front-entrance2020.jpg\",\"articleSection\":[\"Desde la sede\",\"RSS Espa\u00f1ol\"],\"inLanguage\":\"es\"},{\"@type\":\"WebPage\",\"@id\":\"https:\\\/\\\/interamerica.org\\\/es\\\/2020\\\/07\\\/en-interamerica-los-lideres-continuaran-trabajando-remotamente-en-forma-indefinida\\\/\",\"url\":\"https:\\\/\\\/interamerica.org\\\/es\\\/2020\\\/07\\\/en-interamerica-los-lideres-continuaran-trabajando-remotamente-en-forma-indefinida\\\/\",\"name\":\"En Interam\u00e9rica, los l\u00edderes continuar\u00e1n trabajando remotamente en forma indefinida - Iglesia Adventista del S\u00e9ptimo D\u00eda - Divisi\u00f3n Interamericana\",\"isPartOf\":{\"@id\":\"https:\\\/\\\/interamerica.org\\\/es\\\/#website\"},\"primaryImageOfPage\":{\"@id\":\"https:\\\/\\\/interamerica.org\\\/es\\\/2020\\\/07\\\/en-interamerica-los-lideres-continuaran-trabajando-remotamente-en-forma-indefinida\\\/#primaryimage\"},\"image\":{\"@id\":\"https:\\\/\\\/interamerica.org\\\/es\\\/2020\\\/07\\\/en-interamerica-los-lideres-continuaran-trabajando-remotamente-en-forma-indefinida\\\/#primaryimage\"},\"thumbnailUrl\":\"https:\\\/\\\/interamerica.org\\\/wp-content\\\/uploads\\\/2020\\\/07\\\/iad-front-entrance2020.jpg\",\"datePublished\":\"2020-07-28T20:19:13+00:00\",\"dateModified\":\"2020-07-29T10:38:36+00:00\",\"author\":{\"@id\":\"https:\\\/\\\/interamerica.org\\\/es\\\/#\\\/schema\\\/person\\\/29998f2bc2d8bd0d38662909289b54f1\"},\"breadcrumb\":{\"@id\":\"https:\\\/\\\/interamerica.org\\\/es\\\/2020\\\/07\\\/en-interamerica-los-lideres-continuaran-trabajando-remotamente-en-forma-indefinida\\\/#breadcrumb\"},\"inLanguage\":\"es\",\"potentialAction\":[{\"@type\":\"ReadAction\",\"target\":[\"https:\\\/\\\/interamerica.org\\\/es\\\/2020\\\/07\\\/en-interamerica-los-lideres-continuaran-trabajando-remotamente-en-forma-indefinida\\\/\"]}]},{\"@type\":\"ImageObject\",\"inLanguage\":\"es\",\"@id\":\"https:\\\/\\\/interamerica.org\\\/es\\\/2020\\\/07\\\/en-interamerica-los-lideres-continuaran-trabajando-remotamente-en-forma-indefinida\\\/#primaryimage\",\"url\":\"https:\\\/\\\/interamerica.org\\\/wp-content\\\/uploads\\\/2020\\\/07\\\/iad-front-entrance2020.jpg\",\"contentUrl\":\"https:\\\/\\\/interamerica.org\\\/wp-content\\\/uploads\\\/2020\\\/07\\\/iad-front-entrance2020.jpg\",\"width\":1280,\"height\":800,\"caption\":\"[Fotograf\u00eda: Libna Stevens\\\/DIA]\"},{\"@type\":\"BreadcrumbList\",\"@id\":\"https:\\\/\\\/interamerica.org\\\/es\\\/2020\\\/07\\\/en-interamerica-los-lideres-continuaran-trabajando-remotamente-en-forma-indefinida\\\/#breadcrumb\",\"itemListElement\":[{\"@type\":\"ListItem\",\"position\":1,\"name\":\"Home\",\"item\":\"https:\\\/\\\/interamerica.org\\\/es\\\/\"},{\"@type\":\"ListItem\",\"position\":2,\"name\":\"En Interam\u00e9rica, los l\u00edderes continuar\u00e1n trabajando remotamente en forma indefinida\"}]},{\"@type\":\"WebSite\",\"@id\":\"https:\\\/\\\/interamerica.org\\\/es\\\/#website\",\"url\":\"https:\\\/\\\/interamerica.org\\\/es\\\/\",\"name\":\"Iglesia Adventista del S\u00e9ptimo D\u00eda - Divisi\u00f3n Interamericana\",\"description\":\"\",\"potentialAction\":[{\"@type\":\"SearchAction\",\"target\":{\"@type\":\"EntryPoint\",\"urlTemplate\":\"https:\\\/\\\/interamerica.org\\\/es\\\/?s={search_term_string}\"},\"query-input\":{\"@type\":\"PropertyValueSpecification\",\"valueRequired\":true,\"valueName\":\"search_term_string\"}}],\"inLanguage\":\"es\"},{\"@type\":\"Person\",\"@id\":\"https:\\\/\\\/interamerica.org\\\/es\\\/#\\\/schema\\\/person\\\/29998f2bc2d8bd0d38662909289b54f1\",\"name\":\"libna\",\"image\":{\"@type\":\"ImageObject\",\"inLanguage\":\"es\",\"@id\":\"https:\\\/\\\/secure.gravatar.com\\\/avatar\\\/7c5bd30ae4b47a9ba3c856590957fd1d96dc588bf3ac05719d247e126840331f?s=96&d=mm&r=g\",\"url\":\"https:\\\/\\\/secure.gravatar.com\\\/avatar\\\/7c5bd30ae4b47a9ba3c856590957fd1d96dc588bf3ac05719d247e126840331f?s=96&d=mm&r=g\",\"contentUrl\":\"https:\\\/\\\/secure.gravatar.com\\\/avatar\\\/7c5bd30ae4b47a9ba3c856590957fd1d96dc588bf3ac05719d247e126840331f?s=96&d=mm&r=g\",\"caption\":\"libna\"}}]}<\/script>\n<!-- \/ Yoast SEO plugin. -->","yoast_head_json":{"title":"En Interam\u00e9rica, los l\u00edderes continuar\u00e1n trabajando remotamente en forma indefinida - Iglesia Adventista del S\u00e9ptimo D\u00eda - Divisi\u00f3n Interamericana","robots":{"index":"index","follow":"follow","max-snippet":"max-snippet:-1","max-image-preview":"max-image-preview:large","max-video-preview":"max-video-preview:-1"},"canonical":"https:\/\/interamerica.org\/es\/2020\/07\/en-interamerica-los-lideres-continuaran-trabajando-remotamente-en-forma-indefinida\/","og_locale":"es_ES","og_type":"article","og_title":"En Interam\u00e9rica, los l\u00edderes continuar\u00e1n trabajando remotamente en forma indefinida - Iglesia Adventista del S\u00e9ptimo D\u00eda - Divisi\u00f3n Interamericana","og_description":"28 de julio de 2020 | Miami, Florida, Estados Unidos | Libna Stevens, Noticias de la Divisi\u00f3n Interamericana Ante el incremento del n\u00famero de casos de COVID-19 en Florida, los...","og_url":"https:\/\/interamerica.org\/es\/2020\/07\/en-interamerica-los-lideres-continuaran-trabajando-remotamente-en-forma-indefinida\/","og_site_name":"Iglesia Adventista del S\u00e9ptimo D\u00eda - Divisi\u00f3n Interamericana","article_published_time":"2020-07-28T20:19:13+00:00","article_modified_time":"2020-07-29T10:38:36+00:00","og_image":[{"width":1280,"height":800,"url":"https:\/\/interamerica.org\/wp-content\/uploads\/2020\/07\/iad-front-entrance2020.jpg","type":"image\/jpeg"}],"author":"libna","twitter_card":"summary_large_image","twitter_misc":{"Escrito por":"libna","Tiempo de lectura":"5 minutos"},"schema":{"@context":"https:\/\/schema.org","@graph":[{"@type":"Article","@id":"https:\/\/interamerica.org\/es\/2020\/07\/en-interamerica-los-lideres-continuaran-trabajando-remotamente-en-forma-indefinida\/#article","isPartOf":{"@id":"https:\/\/interamerica.org\/es\/2020\/07\/en-interamerica-los-lideres-continuaran-trabajando-remotamente-en-forma-indefinida\/"},"author":{"name":"libna","@id":"https:\/\/interamerica.org\/es\/#\/schema\/person\/29998f2bc2d8bd0d38662909289b54f1"},"headline":"En Interam\u00e9rica, los l\u00edderes continuar\u00e1n trabajando remotamente en forma indefinida","datePublished":"2020-07-28T20:19:13+00:00","dateModified":"2020-07-29T10:38:36+00:00","mainEntityOfPage":{"@id":"https:\/\/interamerica.org\/es\/2020\/07\/en-interamerica-los-lideres-continuaran-trabajando-remotamente-en-forma-indefinida\/"},"wordCount":982,"image":{"@id":"https:\/\/interamerica.org\/es\/2020\/07\/en-interamerica-los-lideres-continuaran-trabajando-remotamente-en-forma-indefinida\/#primaryimage"},"thumbnailUrl":"https:\/\/interamerica.org\/wp-content\/uploads\/2020\/07\/iad-front-entrance2020.jpg","articleSection":["Desde la sede","RSS Espa\u00f1ol"],"inLanguage":"es"},{"@type":"WebPage","@id":"https:\/\/interamerica.org\/es\/2020\/07\/en-interamerica-los-lideres-continuaran-trabajando-remotamente-en-forma-indefinida\/","url":"https:\/\/interamerica.org\/es\/2020\/07\/en-interamerica-los-lideres-continuaran-trabajando-remotamente-en-forma-indefinida\/","name":"En Interam\u00e9rica, los l\u00edderes continuar\u00e1n trabajando remotamente en forma indefinida - Iglesia Adventista del S\u00e9ptimo D\u00eda - Divisi\u00f3n Interamericana","isPartOf":{"@id":"https:\/\/interamerica.org\/es\/#website"},"primaryImageOfPage":{"@id":"https:\/\/interamerica.org\/es\/2020\/07\/en-interamerica-los-lideres-continuaran-trabajando-remotamente-en-forma-indefinida\/#primaryimage"},"image":{"@id":"https:\/\/interamerica.org\/es\/2020\/07\/en-interamerica-los-lideres-continuaran-trabajando-remotamente-en-forma-indefinida\/#primaryimage"},"thumbnailUrl":"https:\/\/interamerica.org\/wp-content\/uploads\/2020\/07\/iad-front-entrance2020.jpg","datePublished":"2020-07-28T20:19:13+00:00","dateModified":"2020-07-29T10:38:36+00:00","author":{"@id":"https:\/\/interamerica.org\/es\/#\/schema\/person\/29998f2bc2d8bd0d38662909289b54f1"},"breadcrumb":{"@id":"https:\/\/interamerica.org\/es\/2020\/07\/en-interamerica-los-lideres-continuaran-trabajando-remotamente-en-forma-indefinida\/#breadcrumb"},"inLanguage":"es","potentialAction":[{"@type":"ReadAction","target":["https:\/\/interamerica.org\/es\/2020\/07\/en-interamerica-los-lideres-continuaran-trabajando-remotamente-en-forma-indefinida\/"]}]},{"@type":"ImageObject","inLanguage":"es","@id":"https:\/\/interamerica.org\/es\/2020\/07\/en-interamerica-los-lideres-continuaran-trabajando-remotamente-en-forma-indefinida\/#primaryimage","url":"https:\/\/interamerica.org\/wp-content\/uploads\/2020\/07\/iad-front-entrance2020.jpg","contentUrl":"https:\/\/interamerica.org\/wp-content\/uploads\/2020\/07\/iad-front-entrance2020.jpg","width":1280,"height":800,"caption":"[Fotograf\u00eda: Libna Stevens\/DIA]"},{"@type":"BreadcrumbList","@id":"https:\/\/interamerica.org\/es\/2020\/07\/en-interamerica-los-lideres-continuaran-trabajando-remotamente-en-forma-indefinida\/#breadcrumb","itemListElement":[{"@type":"ListItem","position":1,"name":"Home","item":"https:\/\/interamerica.org\/es\/"},{"@type":"ListItem","position":2,"name":"En Interam\u00e9rica, los l\u00edderes continuar\u00e1n trabajando remotamente en forma indefinida"}]},{"@type":"WebSite","@id":"https:\/\/interamerica.org\/es\/#website","url":"https:\/\/interamerica.org\/es\/","name":"Iglesia Adventista del S\u00e9ptimo D\u00eda - Divisi\u00f3n Interamericana","description":"","potentialAction":[{"@type":"SearchAction","target":{"@type":"EntryPoint","urlTemplate":"https:\/\/interamerica.org\/es\/?s={search_term_string}"},"query-input":{"@type":"PropertyValueSpecification","valueRequired":true,"valueName":"search_term_string"}}],"inLanguage":"es"},{"@type":"Person","@id":"https:\/\/interamerica.org\/es\/#\/schema\/person\/29998f2bc2d8bd0d38662909289b54f1","name":"libna","image":{"@type":"ImageObject","inLanguage":"es","@id":"https:\/\/secure.gravatar.com\/avatar\/7c5bd30ae4b47a9ba3c856590957fd1d96dc588bf3ac05719d247e126840331f?s=96&d=mm&r=g","url":"https:\/\/secure.gravatar.com\/avatar\/7c5bd30ae4b47a9ba3c856590957fd1d96dc588bf3ac05719d247e126840331f?s=96&d=mm&r=g","contentUrl":"https:\/\/secure.gravatar.com\/avatar\/7c5bd30ae4b47a9ba3c856590957fd1d96dc588bf3ac05719d247e126840331f?s=96&d=mm&r=g","caption":"libna"}}]}},"_links":{"self":[{"href":"https:\/\/interamerica.org\/es\/wp-json\/wp\/v2\/posts\/61028","targetHints":{"allow":["GET"]}}],"collection":[{"href":"https:\/\/interamerica.org\/es\/wp-json\/wp\/v2\/posts"}],"about":[{"href":"https:\/\/interamerica.org\/es\/wp-json\/wp\/v2\/types\/post"}],"author":[{"embeddable":true,"href":"https:\/\/interamerica.org\/es\/wp-json\/wp\/v2\/users\/3"}],"replies":[{"embeddable":true,"href":"https:\/\/interamerica.org\/es\/wp-json\/wp\/v2\/comments?post=61028"}],"version-history":[{"count":0,"href":"https:\/\/interamerica.org\/es\/wp-json\/wp\/v2\/posts\/61028\/revisions"}],"wp:featuredmedia":[{"embeddable":true,"href":"https:\/\/interamerica.org\/es\/wp-json\/wp\/v2\/media\/61012"}],"wp:attachment":[{"href":"https:\/\/interamerica.org\/es\/wp-json\/wp\/v2\/media?parent=61028"}],"wp:term":[{"taxonomy":"category","embeddable":true,"href":"https:\/\/interamerica.org\/es\/wp-json\/wp\/v2\/categories?post=61028"},{"taxonomy":"post_tag","embeddable":true,"href":"https:\/\/interamerica.org\/es\/wp-json\/wp\/v2\/tags?post=61028"}],"curies":[{"name":"wp","href":"https:\/\/api.w.org\/{rel}","templated":true}]}}