{"id":61357,"date":"2020-08-05T14:30:50","date_gmt":"2020-08-05T18:30:50","guid":{"rendered":"https:\/\/recursing-golick.147-182-135-0.plesk.page\/?p=61357"},"modified":"2020-08-06T14:13:33","modified_gmt":"2020-08-06T18:13:33","slug":"adra-llora-la-perdida-del-ex-lider-richard-w-offill","status":"publish","type":"post","link":"https:\/\/interamerica.org\/es\/2020\/08\/adra-llora-la-perdida-del-ex-lider-richard-w-offill\/","title":{"rendered":"ADRA llora la p\u00e9rdida del ex l\u00edder Richard W. O\u2019Ffill"},"content":{"rendered":"<p><div id=\"attachment_61344\" style=\"width: 534px\" class=\"wp-caption aligncenter\"><img fetchpriority=\"high\" decoding=\"async\" aria-describedby=\"caption-attachment-61344\" class=\"wp-image-61342\" src=\"https:\/\/recursing-golick.147-182-135-0.plesk.page\/wp-content\/uploads\/2020\/08\/dick-offill.jpg\" alt=\"\" width=\"524\" height=\"704\" srcset=\"https:\/\/interamerica.org\/wp-content\/uploads\/2020\/08\/dick-offill.jpg 700w, https:\/\/interamerica.org\/wp-content\/uploads\/2020\/08\/dick-offill-223x300.jpg 223w\" sizes=\"(max-width: 524px) 100vw, 524px\" \/><p id=\"caption-attachment-61344\" class=\"wp-caption-text\">El Pastor Richard O\u2019Ffill, quien fue elemento clave en la Fundaci\u00f3n de la Agencia Adventista de Desarrollo y Recursos Asistenciales (ADRA), perdi\u00f3 su lucha en contra de la enfermedad de Parkinson el 29 de julio de 2020. [Imagen: Cortes\u00eda de la familia O\u2019Ffill]<\/p><\/div>5 de agosto de 2020 | Silver Spring, Maryland, Estados Unidos | Iris Argueta, ADRA International<\/p>\n<p><em>Pasa al descanso antiguo l\u00edder de la Agencia Adventista de Desarrollo y Recursos Asistenciales. <\/em><\/p>\n<p>El Pastor Richard O\u2019Ffill, quien fue un elemento clave en la fundaci\u00f3n de la Agencia Adventista de Desarrollo y Recursos Asistenciales (ADRA), perdi\u00f3 finalmente su larga lucha contra la enfermedad de Parkinson el 29 de julio en Orlando, Florida. Ten\u00eda 79 a\u00f1os. El Pastor O\u2019Ffill fue el primer director de Servicios Mundiales Adventistas del S\u00e9ptimo D\u00eda (SAWS), que posteriormente, en 1984, fueron llamados ADRA. Pas\u00f3 tambi\u00e9n muchos a\u00f1os trabajando como misionero para la Asociaci\u00f3n General de la Iglesia Adventista del S\u00e9ptimo D\u00eda.<\/p>\n<p>\u201cNuestra familia ADRA en todo el mundo est\u00e1 entristecida por el fallecimiento del Pastor Richard O\u2019Ffill, quien fuera un dirigente extraordinariamente visionario y una fuerza impulsora en la creaci\u00f3n de la labor humanitaria de la iglesia adventista. Su pasi\u00f3n lo llev\u00f3 a crear muchas iniciativas que ayudaron a moldear ADRA hasta llegar a ser la agencia humanitaria que es actualmente\u201d, dijo el presidente de ADRA, Michael Kruger. \u201cEstamos agradecidos por las muchas contribuciones que el Pastor O\u2019Ffill hizo a nuestra iglesia y a la agencia ADRA y honramos su legado al inspirar a nuestros equipos en todo el mundo a servir a otros con justicia, compasi\u00f3n y amor. Ponemos en oraci\u00f3n a su esposa, sus hijos y familia y les expresamos nuestras m\u00e1s sentidas condolencias\u201d.<\/p>\n<p><strong>Datos biogr\u00e1ficos<\/strong><\/p>\n<p>El Pastor O\u2019Ffill dedic\u00f3 su vida al servicio. Fue pastor de seis iglesias en Ohio y fue ordenado al ministerio en 1966, antes de ser llamado como maestro de Biblia y ministro en Pakist\u00e1n. Regres\u00f3 a los Estados Unidos en 1970 para ser capell\u00e1n y maestro de Biblia en la Academia Adventista Auburn y pastor de la Iglesia Adventista Auburn, cerca de Seattle, Washington. Su constante dedicaci\u00f3n al servicio en favor de los menos afortunados lo llev\u00f3 a Chile en 1972, en donde lleg\u00f3 a ser el primer director de SAWS en esa regi\u00f3n. El Pastor O\u2019Ffill supervis\u00f3 labores humanitarias con OFASA (<em>Obra Filantr\u00f3pica y de Asistencia Social Adventista<\/em>) en Latinoam\u00e9rica.<\/p>\n<p>&nbsp;<\/p>\n<p><div id=\"attachment_61353\" style=\"width: 811px\" class=\"wp-caption aligncenter\"><img decoding=\"async\" aria-describedby=\"caption-attachment-61353\" class=\"wp-image-61351 \" src=\"https:\/\/recursing-golick.147-182-135-0.plesk.page\/wp-content\/uploads\/2020\/08\/pakistan-offill.jpg\" alt=\"\" width=\"801\" height=\"594\" srcset=\"https:\/\/interamerica.org\/wp-content\/uploads\/2020\/08\/pakistan-offill.jpg 900w, https:\/\/interamerica.org\/wp-content\/uploads\/2020\/08\/pakistan-offill-300x222.jpg 300w, https:\/\/interamerica.org\/wp-content\/uploads\/2020\/08\/pakistan-offill-768x569.jpg 768w\" sizes=\"(max-width: 801px) 100vw, 801px\" \/><p id=\"caption-attachment-61353\" class=\"wp-caption-text\">El Pastor Richard W. O\u2019Ffill interact\u00faa con misioneros de campo en Pakist\u00e1n, en la d\u00e9cada de los 1960. [Imagen: Cortes\u00eda de la familia O\u2019Ffill<\/p><\/div>\u00a0\u00a0\u00a0\u00a0 [\/caption]Despu\u00e9s de regresar de Chile a los Estados Unidos, el Pastor O\u2019Ffill tuvo un papel destacado en el desarrollo del primer subsidio de los Estados Unidos a la iglesia adventista para proyectos de desarrollo. Cre\u00f3 un plan en contra de la malnutrici\u00f3n, con la asistencia de la Agencia de Estados Unidos para el Desarrollo (USAID), para ayudar a unos 300,000 ni\u00f1os en Chile.<\/p>\n<p>\u201cRichard O\u2019Ffill ten\u00eda una asombrosa inteligencia para cuestiones de desarrollo y asistencia. Ten\u00eda la visi\u00f3n de expandir la obra de la iglesia en el campo del desarrollo. Entend\u00eda tambi\u00e9n la necesidad de crear una organizaci\u00f3n sin \u00e1nimo de lucro, como ADRA, de manera que nuestra fe se pudiera poner en acci\u00f3n a fin de poder ser las manos y los pies de Cristo en todo el mundo\u201d, dijo Mario Ochoa, quien trabaj\u00f3 con el Pastor O\u2019Ffill en Chile y en los Estados Unidos.<\/p>\n<p>El Pastor O\u2019Ffill concluy\u00f3 su ejercicio de labor con ADRA en 1984. Durante su liderazgo, las operaciones de SAWS y ADRA aumentaron en su labor realizada en 5 pa\u00edses, a 50, en solo cinco a\u00f1os.<\/p>\n<p>&nbsp;<\/p>\n<p><div id=\"attachment_61350\" style=\"width: 812px\" class=\"wp-caption aligncenter\"><img decoding=\"async\" aria-describedby=\"caption-attachment-61350\" class=\" wp-image-61348\" src=\"https:\/\/recursing-golick.147-182-135-0.plesk.page\/wp-content\/uploads\/2020\/08\/offill-ofasa.jpg\" alt=\"\" width=\"802\" height=\"433\" srcset=\"https:\/\/interamerica.org\/wp-content\/uploads\/2020\/08\/offill-ofasa.jpg 1000w, https:\/\/interamerica.org\/wp-content\/uploads\/2020\/08\/offill-ofasa-300x162.jpg 300w, https:\/\/interamerica.org\/wp-content\/uploads\/2020\/08\/offill-ofasa-768x415.jpg 768w\" sizes=\"(max-width: 802px) 100vw, 802px\" \/><p id=\"caption-attachment-61350\" class=\"wp-caption-text\">El director de SAWS, Pastor Richard W. O\u2019Ffill (segundo de derecha a izquierda), inspecciona con personal de OFASA, alimentos enviados por USAID, en Valpara\u00edso, Chile, alrededor de 1974. [Cortes\u00eda de la familia O\u2019Ffill]<\/p><\/div>\u00a0\u00a0\u00a0\u00a0\u00a0\u00a0\u00a0\u00a0\u00a0 [\/caption]\u201cSiempre voy a recordar al Pastor O\u2019Ffill. Era un poderoso orador, quien hablaba con fluidez el espa\u00f1ol. Ten\u00eda frecuentemente a su cargo el relato y exhortaci\u00f3n misionera en mi iglesia, la Iglesia Adventista Hispana de Washington, en Maryland. Aun antes de que lo conociera personalmente y comenzara a trabajar para ADRA al principio de la d\u00e9cada de los 1980, me impresionaba su compasi\u00f3n y amor por el campo misionero. Me inspir\u00f3 de joven a salir a la recolecci\u00f3n de fondos financieros para SAWS\u201d, dijo Rudy Monsalve, director asociado de donaci\u00f3n sistem\u00e1tica de ADRA.<\/p>\n<p>En 1984, el Pastor O\u2019Ffill fue llamado a dirigir el Departamento de Actividades Laicas, Servicios a la Comunidad y Ministerio en las Prisiones, para la Asociaci\u00f3n de la Florida de la Iglesia Adventista del S\u00e9ptimo D\u00eda. Fue el creador del primer ministerio del hombre y autor de 10 libros acerca del poder de la oraci\u00f3n y de la vida familiar y cristiana. Los mensajes espirituales del Pastor O\u2019Ffill llegaron tambi\u00e9n a las audiencias radiales y televisivas a trav\u00e9s de Three Angels Broadcasting Network (3ABN) a mediados de la d\u00e9cada de los 2000. Era un invitado frecuente en \u201cCrosstalk\u201d, un programa semanal de entrevistas producido por Layman Ministries.<\/p>\n<p>\u201cMi padre valoraba el reavivamiento espiritual en su iglesia y en sus miembros. Aun despu\u00e9s de su jubilaci\u00f3n, nunca dej\u00f3 de acercarse a las personas para traerlas m\u00e1s cerca de Jes\u00fas. Era un evangelizador que siempre encontr\u00f3 una forma de impactar a las personas a trav\u00e9s de sus sermones en reuniones campestres, reuniones devocionales, libros y series de semanas de oraci\u00f3n\u201d, dijo Richard O\u2019Ffill Jr., director de tecnolog\u00eda de la informaci\u00f3n en ADRA. \u201cCuando se dio cuenta de que pod\u00eda alcanzar muchas m\u00e1s audiencias, le ayud\u00e9 a establecer su primer sitio en la red y ministerio a trav\u00e9s de los medios sociales. Eso cre\u00f3 un lazo especial entre nosotros al llegar a ser socios en el ministerio. Me asombra la cantidad de personas que fueron tocadas por su vida y ministerio\u201d.<\/p>\n<p>&nbsp;<\/p>\n<div id=\"attachment_61347\" style=\"width: 811px\" class=\"wp-caption aligncenter\"><img loading=\"lazy\" decoding=\"async\" aria-describedby=\"caption-attachment-61347\" class=\" wp-image-61345\" src=\"https:\/\/recursing-golick.147-182-135-0.plesk.page\/wp-content\/uploads\/2020\/08\/offill-family.jpg\" alt=\"\" width=\"801\" height=\"565\" srcset=\"https:\/\/interamerica.org\/wp-content\/uploads\/2020\/08\/offill-family.jpg 900w, https:\/\/interamerica.org\/wp-content\/uploads\/2020\/08\/offill-family-300x212.jpg 300w, https:\/\/interamerica.org\/wp-content\/uploads\/2020\/08\/offill-family-768x542.jpg 768w\" sizes=\"(max-width: 801px) 100vw, 801px\" \/><p id=\"caption-attachment-61347\" class=\"wp-caption-text\">El Pastor Richard W. O\u2019Ffill con sus hijos y sus c\u00f3nyuges, celebrando el cumplea\u00f1o 80 de su esposa en Lakeland, Florida, en septiembre de 2019. Imagen: Cortes\u00eda de la familia O\u2019Ffill]<\/p><\/div>\n<p>Al Pastor Richard O\u2019Ffill lo sobreviven su esposa, Betty; sus hijas Cindy y Kathy, sus hijos Richard Jr. y Dan y sus c\u00f3nyuges; ocho nietos y otros miembros de la familia.<\/p>\n<p>La familia del Pastor O\u2019Ffill rendir\u00e1 tributo a su vida en un servicio privado m\u00e1s tarde este a\u00f1o. Son bienvenidos los mensajes de condolencia y de recuerdo en la siguiente p\u00e1gina: \u00a0\u00a0\u00a0<a href=\"https:\/\/www.facebook.com\/richard.offill.1\">https:\/\/www.facebook.com\/richard.offill.1<\/a>.<\/p>\n<p>En vez de flores, la familia ha solicitado donaciones en su memoria a la agencia ADRA, en \u00a0<a href=\"https:\/\/donations.adra.org\/\">ADRA.org\/donate<\/a><\/p>\n<p>Traducci\u00f3n \u2013 Gloria A. Castrej\u00f3n<\/p>\n<p>&nbsp;<\/p>\n","protected":false},"excerpt":{"rendered":"<p>5 de agosto de 2020 | Silver Spring, Maryland, Estados Unidos | Iris Argueta, ADRA International Pasa al descanso antiguo l\u00edder de la Agencia Adventista de Desarrollo y Recursos Asistenciales&#8230;.<\/p>\n","protected":false},"author":3,"featured_media":61341,"comment_status":"closed","ping_status":"closed","sticky":false,"template":"","format":"standard","meta":{"_acf_changed":false,"footnotes":""},"categories":[14,15],"tags":[],"class_list":["post-61357","post","type-post","status-publish","format-standard","has-post-thumbnail","hentry","category-de-la-iglesia-mundial","category-rss-espanol"],"acf":[],"yoast_head":"<!-- This site is optimized with the Yoast SEO plugin v27.3 - https:\/\/yoast.com\/product\/yoast-seo-wordpress\/ -->\n<title>ADRA llora la p\u00e9rdida del ex l\u00edder Richard W. O\u2019Ffill - Iglesia Adventista del S\u00e9ptimo D\u00eda - Divisi\u00f3n Interamericana<\/title>\n<meta name=\"robots\" content=\"index, follow, max-snippet:-1, max-image-preview:large, max-video-preview:-1\" \/>\n<link rel=\"canonical\" href=\"https:\/\/interamerica.org\/es\/2020\/08\/adra-llora-la-perdida-del-ex-lider-richard-w-offill\/\" \/>\n<meta property=\"og:locale\" content=\"es_ES\" \/>\n<meta property=\"og:type\" content=\"article\" \/>\n<meta property=\"og:title\" content=\"ADRA llora la p\u00e9rdida del ex l\u00edder Richard W. O\u2019Ffill - Iglesia Adventista del S\u00e9ptimo D\u00eda - Divisi\u00f3n Interamericana\" \/>\n<meta property=\"og:description\" content=\"5 de agosto de 2020 | Silver Spring, Maryland, Estados Unidos | Iris Argueta, ADRA International Pasa al descanso antiguo l\u00edder de la Agencia Adventista de Desarrollo y Recursos Asistenciales....\" \/>\n<meta property=\"og:url\" content=\"https:\/\/interamerica.org\/es\/2020\/08\/adra-llora-la-perdida-del-ex-lider-richard-w-offill\/\" \/>\n<meta property=\"og:site_name\" content=\"Iglesia Adventista del S\u00e9ptimo D\u00eda - Divisi\u00f3n Interamericana\" \/>\n<meta property=\"article:published_time\" content=\"2020-08-05T18:30:50+00:00\" \/>\n<meta property=\"article:modified_time\" content=\"2020-08-06T18:13:33+00:00\" \/>\n<meta property=\"og:image\" content=\"https:\/\/interamerica.org\/wp-content\/uploads\/2020\/08\/dick-offill-1280.jpg\" \/>\n\t<meta property=\"og:image:width\" content=\"1280\" \/>\n\t<meta property=\"og:image:height\" content=\"800\" \/>\n\t<meta property=\"og:image:type\" content=\"image\/jpeg\" \/>\n<meta name=\"author\" content=\"libna\" \/>\n<meta name=\"twitter:card\" content=\"summary_large_image\" \/>\n<meta name=\"twitter:label1\" content=\"Escrito por\" \/>\n\t<meta name=\"twitter:data1\" content=\"libna\" \/>\n\t<meta name=\"twitter:label2\" content=\"Tiempo de lectura\" \/>\n\t<meta name=\"twitter:data2\" content=\"6 minutos\" \/>\n<script type=\"application\/ld+json\" class=\"yoast-schema-graph\">{\"@context\":\"https:\\\/\\\/schema.org\",\"@graph\":[{\"@type\":\"Article\",\"@id\":\"https:\\\/\\\/interamerica.org\\\/es\\\/2020\\\/08\\\/adra-llora-la-perdida-del-ex-lider-richard-w-offill\\\/#article\",\"isPartOf\":{\"@id\":\"https:\\\/\\\/interamerica.org\\\/es\\\/2020\\\/08\\\/adra-llora-la-perdida-del-ex-lider-richard-w-offill\\\/\"},\"author\":{\"name\":\"libna\",\"@id\":\"https:\\\/\\\/interamerica.org\\\/es\\\/#\\\/schema\\\/person\\\/29998f2bc2d8bd0d38662909289b54f1\"},\"headline\":\"ADRA llora la p\u00e9rdida del ex l\u00edder Richard W. O\u2019Ffill\",\"datePublished\":\"2020-08-05T18:30:50+00:00\",\"dateModified\":\"2020-08-06T18:13:33+00:00\",\"mainEntityOfPage\":{\"@id\":\"https:\\\/\\\/interamerica.org\\\/es\\\/2020\\\/08\\\/adra-llora-la-perdida-del-ex-lider-richard-w-offill\\\/\"},\"wordCount\":1210,\"image\":{\"@id\":\"https:\\\/\\\/interamerica.org\\\/es\\\/2020\\\/08\\\/adra-llora-la-perdida-del-ex-lider-richard-w-offill\\\/#primaryimage\"},\"thumbnailUrl\":\"https:\\\/\\\/interamerica.org\\\/wp-content\\\/uploads\\\/2020\\\/08\\\/dick-offill-1280.jpg\",\"articleSection\":[\"Desde la iglesia mundial\",\"RSS Espa\u00f1ol\"],\"inLanguage\":\"es\"},{\"@type\":\"WebPage\",\"@id\":\"https:\\\/\\\/interamerica.org\\\/es\\\/2020\\\/08\\\/adra-llora-la-perdida-del-ex-lider-richard-w-offill\\\/\",\"url\":\"https:\\\/\\\/interamerica.org\\\/es\\\/2020\\\/08\\\/adra-llora-la-perdida-del-ex-lider-richard-w-offill\\\/\",\"name\":\"ADRA llora la p\u00e9rdida del ex l\u00edder Richard W. O\u2019Ffill - Iglesia Adventista del S\u00e9ptimo D\u00eda - Divisi\u00f3n Interamericana\",\"isPartOf\":{\"@id\":\"https:\\\/\\\/interamerica.org\\\/es\\\/#website\"},\"primaryImageOfPage\":{\"@id\":\"https:\\\/\\\/interamerica.org\\\/es\\\/2020\\\/08\\\/adra-llora-la-perdida-del-ex-lider-richard-w-offill\\\/#primaryimage\"},\"image\":{\"@id\":\"https:\\\/\\\/interamerica.org\\\/es\\\/2020\\\/08\\\/adra-llora-la-perdida-del-ex-lider-richard-w-offill\\\/#primaryimage\"},\"thumbnailUrl\":\"https:\\\/\\\/interamerica.org\\\/wp-content\\\/uploads\\\/2020\\\/08\\\/dick-offill-1280.jpg\",\"datePublished\":\"2020-08-05T18:30:50+00:00\",\"dateModified\":\"2020-08-06T18:13:33+00:00\",\"author\":{\"@id\":\"https:\\\/\\\/interamerica.org\\\/es\\\/#\\\/schema\\\/person\\\/29998f2bc2d8bd0d38662909289b54f1\"},\"breadcrumb\":{\"@id\":\"https:\\\/\\\/interamerica.org\\\/es\\\/2020\\\/08\\\/adra-llora-la-perdida-del-ex-lider-richard-w-offill\\\/#breadcrumb\"},\"inLanguage\":\"es\",\"potentialAction\":[{\"@type\":\"ReadAction\",\"target\":[\"https:\\\/\\\/interamerica.org\\\/es\\\/2020\\\/08\\\/adra-llora-la-perdida-del-ex-lider-richard-w-offill\\\/\"]}]},{\"@type\":\"ImageObject\",\"inLanguage\":\"es\",\"@id\":\"https:\\\/\\\/interamerica.org\\\/es\\\/2020\\\/08\\\/adra-llora-la-perdida-del-ex-lider-richard-w-offill\\\/#primaryimage\",\"url\":\"https:\\\/\\\/interamerica.org\\\/wp-content\\\/uploads\\\/2020\\\/08\\\/dick-offill-1280.jpg\",\"contentUrl\":\"https:\\\/\\\/interamerica.org\\\/wp-content\\\/uploads\\\/2020\\\/08\\\/dick-offill-1280.jpg\",\"width\":1280,\"height\":800},{\"@type\":\"BreadcrumbList\",\"@id\":\"https:\\\/\\\/interamerica.org\\\/es\\\/2020\\\/08\\\/adra-llora-la-perdida-del-ex-lider-richard-w-offill\\\/#breadcrumb\",\"itemListElement\":[{\"@type\":\"ListItem\",\"position\":1,\"name\":\"Home\",\"item\":\"https:\\\/\\\/interamerica.org\\\/es\\\/\"},{\"@type\":\"ListItem\",\"position\":2,\"name\":\"ADRA llora la p\u00e9rdida del ex l\u00edder Richard W. O\u2019Ffill\"}]},{\"@type\":\"WebSite\",\"@id\":\"https:\\\/\\\/interamerica.org\\\/es\\\/#website\",\"url\":\"https:\\\/\\\/interamerica.org\\\/es\\\/\",\"name\":\"Iglesia Adventista del S\u00e9ptimo D\u00eda - Divisi\u00f3n Interamericana\",\"description\":\"\",\"potentialAction\":[{\"@type\":\"SearchAction\",\"target\":{\"@type\":\"EntryPoint\",\"urlTemplate\":\"https:\\\/\\\/interamerica.org\\\/es\\\/?s={search_term_string}\"},\"query-input\":{\"@type\":\"PropertyValueSpecification\",\"valueRequired\":true,\"valueName\":\"search_term_string\"}}],\"inLanguage\":\"es\"},{\"@type\":\"Person\",\"@id\":\"https:\\\/\\\/interamerica.org\\\/es\\\/#\\\/schema\\\/person\\\/29998f2bc2d8bd0d38662909289b54f1\",\"name\":\"libna\",\"image\":{\"@type\":\"ImageObject\",\"inLanguage\":\"es\",\"@id\":\"https:\\\/\\\/secure.gravatar.com\\\/avatar\\\/7c5bd30ae4b47a9ba3c856590957fd1d96dc588bf3ac05719d247e126840331f?s=96&d=mm&r=g\",\"url\":\"https:\\\/\\\/secure.gravatar.com\\\/avatar\\\/7c5bd30ae4b47a9ba3c856590957fd1d96dc588bf3ac05719d247e126840331f?s=96&d=mm&r=g\",\"contentUrl\":\"https:\\\/\\\/secure.gravatar.com\\\/avatar\\\/7c5bd30ae4b47a9ba3c856590957fd1d96dc588bf3ac05719d247e126840331f?s=96&d=mm&r=g\",\"caption\":\"libna\"}}]}<\/script>\n<!-- \/ Yoast SEO plugin. -->","yoast_head_json":{"title":"ADRA llora la p\u00e9rdida del ex l\u00edder Richard W. O\u2019Ffill - Iglesia Adventista del S\u00e9ptimo D\u00eda - Divisi\u00f3n Interamericana","robots":{"index":"index","follow":"follow","max-snippet":"max-snippet:-1","max-image-preview":"max-image-preview:large","max-video-preview":"max-video-preview:-1"},"canonical":"https:\/\/interamerica.org\/es\/2020\/08\/adra-llora-la-perdida-del-ex-lider-richard-w-offill\/","og_locale":"es_ES","og_type":"article","og_title":"ADRA llora la p\u00e9rdida del ex l\u00edder Richard W. O\u2019Ffill - Iglesia Adventista del S\u00e9ptimo D\u00eda - Divisi\u00f3n Interamericana","og_description":"5 de agosto de 2020 | Silver Spring, Maryland, Estados Unidos | Iris Argueta, ADRA International Pasa al descanso antiguo l\u00edder de la Agencia Adventista de Desarrollo y Recursos Asistenciales....","og_url":"https:\/\/interamerica.org\/es\/2020\/08\/adra-llora-la-perdida-del-ex-lider-richard-w-offill\/","og_site_name":"Iglesia Adventista del S\u00e9ptimo D\u00eda - Divisi\u00f3n Interamericana","article_published_time":"2020-08-05T18:30:50+00:00","article_modified_time":"2020-08-06T18:13:33+00:00","og_image":[{"width":1280,"height":800,"url":"https:\/\/interamerica.org\/wp-content\/uploads\/2020\/08\/dick-offill-1280.jpg","type":"image\/jpeg"}],"author":"libna","twitter_card":"summary_large_image","twitter_misc":{"Escrito por":"libna","Tiempo de lectura":"6 minutos"},"schema":{"@context":"https:\/\/schema.org","@graph":[{"@type":"Article","@id":"https:\/\/interamerica.org\/es\/2020\/08\/adra-llora-la-perdida-del-ex-lider-richard-w-offill\/#article","isPartOf":{"@id":"https:\/\/interamerica.org\/es\/2020\/08\/adra-llora-la-perdida-del-ex-lider-richard-w-offill\/"},"author":{"name":"libna","@id":"https:\/\/interamerica.org\/es\/#\/schema\/person\/29998f2bc2d8bd0d38662909289b54f1"},"headline":"ADRA llora la p\u00e9rdida del ex l\u00edder Richard W. O\u2019Ffill","datePublished":"2020-08-05T18:30:50+00:00","dateModified":"2020-08-06T18:13:33+00:00","mainEntityOfPage":{"@id":"https:\/\/interamerica.org\/es\/2020\/08\/adra-llora-la-perdida-del-ex-lider-richard-w-offill\/"},"wordCount":1210,"image":{"@id":"https:\/\/interamerica.org\/es\/2020\/08\/adra-llora-la-perdida-del-ex-lider-richard-w-offill\/#primaryimage"},"thumbnailUrl":"https:\/\/interamerica.org\/wp-content\/uploads\/2020\/08\/dick-offill-1280.jpg","articleSection":["Desde la iglesia mundial","RSS Espa\u00f1ol"],"inLanguage":"es"},{"@type":"WebPage","@id":"https:\/\/interamerica.org\/es\/2020\/08\/adra-llora-la-perdida-del-ex-lider-richard-w-offill\/","url":"https:\/\/interamerica.org\/es\/2020\/08\/adra-llora-la-perdida-del-ex-lider-richard-w-offill\/","name":"ADRA llora la p\u00e9rdida del ex l\u00edder Richard W. O\u2019Ffill - Iglesia Adventista del S\u00e9ptimo D\u00eda - Divisi\u00f3n Interamericana","isPartOf":{"@id":"https:\/\/interamerica.org\/es\/#website"},"primaryImageOfPage":{"@id":"https:\/\/interamerica.org\/es\/2020\/08\/adra-llora-la-perdida-del-ex-lider-richard-w-offill\/#primaryimage"},"image":{"@id":"https:\/\/interamerica.org\/es\/2020\/08\/adra-llora-la-perdida-del-ex-lider-richard-w-offill\/#primaryimage"},"thumbnailUrl":"https:\/\/interamerica.org\/wp-content\/uploads\/2020\/08\/dick-offill-1280.jpg","datePublished":"2020-08-05T18:30:50+00:00","dateModified":"2020-08-06T18:13:33+00:00","author":{"@id":"https:\/\/interamerica.org\/es\/#\/schema\/person\/29998f2bc2d8bd0d38662909289b54f1"},"breadcrumb":{"@id":"https:\/\/interamerica.org\/es\/2020\/08\/adra-llora-la-perdida-del-ex-lider-richard-w-offill\/#breadcrumb"},"inLanguage":"es","potentialAction":[{"@type":"ReadAction","target":["https:\/\/interamerica.org\/es\/2020\/08\/adra-llora-la-perdida-del-ex-lider-richard-w-offill\/"]}]},{"@type":"ImageObject","inLanguage":"es","@id":"https:\/\/interamerica.org\/es\/2020\/08\/adra-llora-la-perdida-del-ex-lider-richard-w-offill\/#primaryimage","url":"https:\/\/interamerica.org\/wp-content\/uploads\/2020\/08\/dick-offill-1280.jpg","contentUrl":"https:\/\/interamerica.org\/wp-content\/uploads\/2020\/08\/dick-offill-1280.jpg","width":1280,"height":800},{"@type":"BreadcrumbList","@id":"https:\/\/interamerica.org\/es\/2020\/08\/adra-llora-la-perdida-del-ex-lider-richard-w-offill\/#breadcrumb","itemListElement":[{"@type":"ListItem","position":1,"name":"Home","item":"https:\/\/interamerica.org\/es\/"},{"@type":"ListItem","position":2,"name":"ADRA llora la p\u00e9rdida del ex l\u00edder Richard W. O\u2019Ffill"}]},{"@type":"WebSite","@id":"https:\/\/interamerica.org\/es\/#website","url":"https:\/\/interamerica.org\/es\/","name":"Iglesia Adventista del S\u00e9ptimo D\u00eda - Divisi\u00f3n Interamericana","description":"","potentialAction":[{"@type":"SearchAction","target":{"@type":"EntryPoint","urlTemplate":"https:\/\/interamerica.org\/es\/?s={search_term_string}"},"query-input":{"@type":"PropertyValueSpecification","valueRequired":true,"valueName":"search_term_string"}}],"inLanguage":"es"},{"@type":"Person","@id":"https:\/\/interamerica.org\/es\/#\/schema\/person\/29998f2bc2d8bd0d38662909289b54f1","name":"libna","image":{"@type":"ImageObject","inLanguage":"es","@id":"https:\/\/secure.gravatar.com\/avatar\/7c5bd30ae4b47a9ba3c856590957fd1d96dc588bf3ac05719d247e126840331f?s=96&d=mm&r=g","url":"https:\/\/secure.gravatar.com\/avatar\/7c5bd30ae4b47a9ba3c856590957fd1d96dc588bf3ac05719d247e126840331f?s=96&d=mm&r=g","contentUrl":"https:\/\/secure.gravatar.com\/avatar\/7c5bd30ae4b47a9ba3c856590957fd1d96dc588bf3ac05719d247e126840331f?s=96&d=mm&r=g","caption":"libna"}}]}},"_links":{"self":[{"href":"https:\/\/interamerica.org\/es\/wp-json\/wp\/v2\/posts\/61357","targetHints":{"allow":["GET"]}}],"collection":[{"href":"https:\/\/interamerica.org\/es\/wp-json\/wp\/v2\/posts"}],"about":[{"href":"https:\/\/interamerica.org\/es\/wp-json\/wp\/v2\/types\/post"}],"author":[{"embeddable":true,"href":"https:\/\/interamerica.org\/es\/wp-json\/wp\/v2\/users\/3"}],"replies":[{"embeddable":true,"href":"https:\/\/interamerica.org\/es\/wp-json\/wp\/v2\/comments?post=61357"}],"version-history":[{"count":0,"href":"https:\/\/interamerica.org\/es\/wp-json\/wp\/v2\/posts\/61357\/revisions"}],"wp:featuredmedia":[{"embeddable":true,"href":"https:\/\/interamerica.org\/es\/wp-json\/wp\/v2\/media\/61341"}],"wp:attachment":[{"href":"https:\/\/interamerica.org\/es\/wp-json\/wp\/v2\/media?parent=61357"}],"wp:term":[{"taxonomy":"category","embeddable":true,"href":"https:\/\/interamerica.org\/es\/wp-json\/wp\/v2\/categories?post=61357"},{"taxonomy":"post_tag","embeddable":true,"href":"https:\/\/interamerica.org\/es\/wp-json\/wp\/v2\/tags?post=61357"}],"curies":[{"name":"wp","href":"https:\/\/api.w.org\/{rel}","templated":true}]}}