{"id":61368,"date":"2020-08-06T11:27:41","date_gmt":"2020-08-06T15:27:41","guid":{"rendered":"https:\/\/recursing-golick.147-182-135-0.plesk.page\/?p=61368"},"modified":"2020-08-06T14:15:58","modified_gmt":"2020-08-06T18:15:58","slug":"la-iglesia-adventista-busca-como-ayudar-despues-de-la-explosion-de-beirut","status":"publish","type":"post","link":"https:\/\/interamerica.org\/es\/2020\/08\/la-iglesia-adventista-busca-como-ayudar-despues-de-la-explosion-de-beirut\/","title":{"rendered":"La Iglesia Adventista busca c\u00f3mo ayudar despu\u00e9s de la explosi\u00f3n de Beirut"},"content":{"rendered":"<p>5 de agosto de 2020 | Beirut, L\u00edbano | Chanmin Chung, coordinador de comunicaci\u00f3n, Uni\u00f3n de Oriente Medio y Norte de \u00c1frica<\/p>\n<p>La Iglesia Adventista del S\u00e9ptimo D\u00eda en el L\u00edbano est\u00e1 evaluando los da\u00f1os y limpiando despu\u00e9s de la explosi\u00f3n del 4 de agosto que sacudi\u00f3 a la ciudad capital de Beirut. Los efectos de la explosi\u00f3n se sintieron inclusive en Chipre, a unos 240 kil\u00f3metros, o 145 millas, al noroeste.<\/p>\n<p>Fuentes oficiales de noticias informan que la explosi\u00f3n se origin\u00f3 en instalaciones usadas para almacenar nitrato de amonio, un qu\u00edmico altamente explosivo. Miles de personas fueron heridas y m\u00e1s de cien perdieron la vida.<\/p>\n<p>Se ha tenido noticias de todos los obreros y miembros adventistas, que est\u00e1n a salvo, pero algunos han sufrido heridas.<\/p>\n<p>Los l\u00edderes de la Uni\u00f3n de Oriente Medio y Norte de \u00c1frica (MENA) han confirmado da\u00f1os a los edificios en el campus de la Universidad de Oriente Medio (MEU), en su mayor parte por ventanas que volaron como resultado del impacto en los hogares, las residencias estudiantiles y los salones de clase, pero tambi\u00e9n por cielo rasos que se desplomaron. Da\u00f1os similares fueron reportados en el Centro del Medios de la MENA y en el campus de la MEU.<\/p>\n<p>Dos escuelas secundarias adventistas de Beirut y la sede de ADRA tambi\u00e9n sufrieron da\u00f1os. La m\u00e1s afectada fue la Escuela Secundaria Adventista de Boucherieh, donde equipos est\u00e1n limpiando los escombros de ventanas y cielo rasos ca\u00eddos.<\/p>\n<p>Dos iglesias adventistas ubicadas en los campus de las instituciones de Boucherieh y Mouseitbeh tambi\u00e9n se vieron afectadas. Las ventanas se vidrio y las puertas fueron destrozadas y los voluntarios han estado trabajando detenidamente para limpiar los escombros. El Centro Adventista de Aprendizaje para los refugiados tambi\u00e9n sufri\u00f3 da\u00f1os importantes, afectando una de las maneras en que la Iglesia Adventista asiste a los refugiados en el L\u00edbano.<\/p>\n<p>\u201cNuestra preocupaci\u00f3n m\u00e1s grande en este momento es c\u00f3mo los adventistas podemos ayudar al pueblo del L\u00edbano con esperanza y ayuda pr\u00e1ctica para este momento. Queremos mostrar el amor de Dios a este pa\u00eds, en un momento cuando muchos han perdido la esperanza\u201d, dice Rick McEdward, presidente de la Iglesia Adventista en la regi\u00f3n de la MENA. \u201cLos obreros y los miembros de iglesia est\u00e1n buscando maneras de ser las manos y los pies de Dios durante este tiempo, mediante la ayuda pr\u00e1ctica en las \u00e1reas m\u00e1s afectadas\u201d.<\/p>\n<p>El impacto de la explosi\u00f3n dej\u00f3 devastado un sector del centro de Beirut, y trajo nuevamente las cicatrices emocionales a\u00fan frescas de la guerra civil que azot\u00f3 al pa\u00eds durante muchos a\u00f1os.<\/p>\n<p>Personas de diversas partes del mundo han ofrecido apoyo durante esta terrible crisis. Los resultados de la explosi\u00f3n son uno de los muchos golpes que han impactado al L\u00edbano en los \u00faltimos nueve meses.<\/p>\n<p>En octubre, protestas dram\u00e1ticas irrumpieron en el L\u00edbano, llevando finalmente a la renuncia del Primer Ministro y la formaci\u00f3n de un nuevo gobierno. La esperanza de reformas nacionales econ\u00f3micas y de infraestructura se desvaneci\u00f3 cuando la moneda libanesa comenz\u00f3 a devaluarse cada vez m\u00e1s; los ciudadanos del L\u00edbano comenzaron a perder las esperanzas.<\/p>\n<p>Desde octubre a diciembre, los bancos, las instituciones educativas y las oficinas estuvieron a menudo cerrados debido a diversos movimientos de protestas, lo que hizo que el pa\u00eds quedara paralizado.<\/p>\n<p>Justo cuando el L\u00edbano estaba comenzando a reabrir para volver a la \u201cnormalidad\u201d, el mundo fue azotado por la pandemia del COVID-19, lo que llev\u00f3 al gobierno a decretar una cuarentena total, con etapas posteriores de reapertura progresiva.<\/p>\n<p>Las escuelas secundarias adventistas de Beirut y la universidad adventista completaron el a\u00f1o con ense\u00f1anza en l\u00ednea. Al mismo tiempo, L\u00edbano se hundi\u00f3 en una crisis econ\u00f3mica que ha sido testigo de una r\u00e1pida inflaci\u00f3n y devaluaci\u00f3n de la moneda libanesa.<\/p>\n<p>La Universidad de Oriente Medio y las dos escuelas primarias y secundarias adventistas del L\u00edbano han estado sufriendo los impactos financieros tanto de la crisis econ\u00f3mica nacional como de la cuarentena por el COVID-19.<\/p>\n<p>Los docentes de las dos instituciones educativas adventistas han estado recibiendo solo una parte de sus salarios, y las instituciones est\u00e1n vi\u00e9ndose forzadas a adoptar medidas extremas si es que quieren volver a abrirlas este pr\u00f3ximo a\u00f1o lectivo que comienza antes de fin de agosto.<\/p>\n<p>\u201cEsta ha sido la tormenta perfecta con crisis tras crisis para el L\u00edbano\u201d, dice Michael Wixwat, tesorero de la MENA. McEdward a\u00f1ade: \u201cL\u00edbano es un pa\u00eds con una econom\u00eda que se ha descontrolado, y entonces nos azot\u00f3 el COVID-19 con todas las cuarentenas que cerraron a\u00fan m\u00e1s la econom\u00eda. Y ahora, esta devastadora explosi\u00f3n en el coraz\u00f3n y la infraestructura del L\u00edbano. La explosi\u00f3n signific\u00f3 un golpe adicional a nuestras queridas instituciones aqu\u00ed en el L\u00edbano\u201d.<br \/>\nLas instituciones con limitados recursos financieros est\u00e1n trabajando para reparar los da\u00f1os en la universidad, las escuelas secundarias y el Centro de Aprendizaje. La crisis mayor del L\u00edbano ha creado un marco para que muchas instituciones del L\u00edbano cierren sus puertas en lugar de reabrirlas.<\/p>\n<p>Se apreciar\u00e1 mucho el apoyo de las oraciones por la iglesia y las instituciones que se han visto afectadas por las crisis del L\u00edbano y la explosi\u00f3n de ayer.<\/p>\n<p>McEdward hace un llamado, diciendo: \u201cPor favor, oren por la Iglesia Adventista del L\u00edbano, en momentos en que busca ser una bendici\u00f3n y llevar las buenas nuevas a la naci\u00f3n\u201d.<\/p>\n<p>Traducci\u00f3n de Marcos Paseggi<\/p>\n","protected":false},"excerpt":{"rendered":"<p>5 de agosto de 2020 | Beirut, L\u00edbano | Chanmin Chung, coordinador de comunicaci\u00f3n, Uni\u00f3n de Oriente Medio y Norte de \u00c1frica La Iglesia Adventista del S\u00e9ptimo D\u00eda en el&#8230;<\/p>\n","protected":false},"author":3,"featured_media":61366,"comment_status":"closed","ping_status":"closed","sticky":false,"template":"","format":"standard","meta":{"_acf_changed":false,"footnotes":""},"categories":[14,15],"tags":[],"class_list":["post-61368","post","type-post","status-publish","format-standard","has-post-thumbnail","hentry","category-de-la-iglesia-mundial","category-rss-espanol"],"acf":[],"yoast_head":"<!-- This site is optimized with the Yoast SEO plugin v27.3 - https:\/\/yoast.com\/product\/yoast-seo-wordpress\/ -->\n<title>La Iglesia Adventista busca c\u00f3mo ayudar despu\u00e9s de la explosi\u00f3n de Beirut - Iglesia Adventista del S\u00e9ptimo D\u00eda - Divisi\u00f3n Interamericana<\/title>\n<meta name=\"robots\" content=\"index, follow, max-snippet:-1, max-image-preview:large, max-video-preview:-1\" \/>\n<link rel=\"canonical\" href=\"https:\/\/interamerica.org\/es\/2020\/08\/la-iglesia-adventista-busca-como-ayudar-despues-de-la-explosion-de-beirut\/\" \/>\n<meta property=\"og:locale\" content=\"es_ES\" \/>\n<meta property=\"og:type\" content=\"article\" \/>\n<meta property=\"og:title\" content=\"La Iglesia Adventista busca c\u00f3mo ayudar despu\u00e9s de la explosi\u00f3n de Beirut - Iglesia Adventista del S\u00e9ptimo D\u00eda - Divisi\u00f3n Interamericana\" \/>\n<meta property=\"og:description\" content=\"5 de agosto de 2020 | Beirut, L\u00edbano | Chanmin Chung, coordinador de comunicaci\u00f3n, Uni\u00f3n de Oriente Medio y Norte de \u00c1frica La Iglesia Adventista del S\u00e9ptimo D\u00eda en el...\" \/>\n<meta property=\"og:url\" content=\"https:\/\/interamerica.org\/es\/2020\/08\/la-iglesia-adventista-busca-como-ayudar-despues-de-la-explosion-de-beirut\/\" \/>\n<meta property=\"og:site_name\" content=\"Iglesia Adventista del S\u00e9ptimo D\u00eda - Divisi\u00f3n Interamericana\" \/>\n<meta property=\"article:published_time\" content=\"2020-08-06T15:27:41+00:00\" \/>\n<meta property=\"article:modified_time\" content=\"2020-08-06T18:15:58+00:00\" \/>\n<meta property=\"og:image\" content=\"https:\/\/interamerica.org\/wp-content\/uploads\/2020\/08\/beirut-explosion.jpg\" \/>\n\t<meta property=\"og:image:width\" content=\"1280\" \/>\n\t<meta property=\"og:image:height\" content=\"800\" \/>\n\t<meta property=\"og:image:type\" content=\"image\/jpeg\" \/>\n<meta name=\"author\" content=\"libna\" \/>\n<meta name=\"twitter:card\" content=\"summary_large_image\" \/>\n<meta name=\"twitter:label1\" content=\"Escrito por\" \/>\n\t<meta name=\"twitter:data1\" content=\"libna\" \/>\n\t<meta name=\"twitter:label2\" content=\"Tiempo de lectura\" \/>\n\t<meta name=\"twitter:data2\" content=\"5 minutos\" \/>\n<script type=\"application\/ld+json\" class=\"yoast-schema-graph\">{\"@context\":\"https:\\\/\\\/schema.org\",\"@graph\":[{\"@type\":\"Article\",\"@id\":\"https:\\\/\\\/interamerica.org\\\/es\\\/2020\\\/08\\\/la-iglesia-adventista-busca-como-ayudar-despues-de-la-explosion-de-beirut\\\/#article\",\"isPartOf\":{\"@id\":\"https:\\\/\\\/interamerica.org\\\/es\\\/2020\\\/08\\\/la-iglesia-adventista-busca-como-ayudar-despues-de-la-explosion-de-beirut\\\/\"},\"author\":{\"name\":\"libna\",\"@id\":\"https:\\\/\\\/interamerica.org\\\/es\\\/#\\\/schema\\\/person\\\/29998f2bc2d8bd0d38662909289b54f1\"},\"headline\":\"La Iglesia Adventista busca c\u00f3mo ayudar despu\u00e9s de la explosi\u00f3n de Beirut\",\"datePublished\":\"2020-08-06T15:27:41+00:00\",\"dateModified\":\"2020-08-06T18:15:58+00:00\",\"mainEntityOfPage\":{\"@id\":\"https:\\\/\\\/interamerica.org\\\/es\\\/2020\\\/08\\\/la-iglesia-adventista-busca-como-ayudar-despues-de-la-explosion-de-beirut\\\/\"},\"wordCount\":985,\"image\":{\"@id\":\"https:\\\/\\\/interamerica.org\\\/es\\\/2020\\\/08\\\/la-iglesia-adventista-busca-como-ayudar-despues-de-la-explosion-de-beirut\\\/#primaryimage\"},\"thumbnailUrl\":\"https:\\\/\\\/interamerica.org\\\/wp-content\\\/uploads\\\/2020\\\/08\\\/beirut-explosion.jpg\",\"articleSection\":[\"Desde la iglesia mundial\",\"RSS Espa\u00f1ol\"],\"inLanguage\":\"es\"},{\"@type\":\"WebPage\",\"@id\":\"https:\\\/\\\/interamerica.org\\\/es\\\/2020\\\/08\\\/la-iglesia-adventista-busca-como-ayudar-despues-de-la-explosion-de-beirut\\\/\",\"url\":\"https:\\\/\\\/interamerica.org\\\/es\\\/2020\\\/08\\\/la-iglesia-adventista-busca-como-ayudar-despues-de-la-explosion-de-beirut\\\/\",\"name\":\"La Iglesia Adventista busca c\u00f3mo ayudar despu\u00e9s de la explosi\u00f3n de Beirut - Iglesia Adventista del S\u00e9ptimo D\u00eda - Divisi\u00f3n Interamericana\",\"isPartOf\":{\"@id\":\"https:\\\/\\\/interamerica.org\\\/es\\\/#website\"},\"primaryImageOfPage\":{\"@id\":\"https:\\\/\\\/interamerica.org\\\/es\\\/2020\\\/08\\\/la-iglesia-adventista-busca-como-ayudar-despues-de-la-explosion-de-beirut\\\/#primaryimage\"},\"image\":{\"@id\":\"https:\\\/\\\/interamerica.org\\\/es\\\/2020\\\/08\\\/la-iglesia-adventista-busca-como-ayudar-despues-de-la-explosion-de-beirut\\\/#primaryimage\"},\"thumbnailUrl\":\"https:\\\/\\\/interamerica.org\\\/wp-content\\\/uploads\\\/2020\\\/08\\\/beirut-explosion.jpg\",\"datePublished\":\"2020-08-06T15:27:41+00:00\",\"dateModified\":\"2020-08-06T18:15:58+00:00\",\"author\":{\"@id\":\"https:\\\/\\\/interamerica.org\\\/es\\\/#\\\/schema\\\/person\\\/29998f2bc2d8bd0d38662909289b54f1\"},\"breadcrumb\":{\"@id\":\"https:\\\/\\\/interamerica.org\\\/es\\\/2020\\\/08\\\/la-iglesia-adventista-busca-como-ayudar-despues-de-la-explosion-de-beirut\\\/#breadcrumb\"},\"inLanguage\":\"es\",\"potentialAction\":[{\"@type\":\"ReadAction\",\"target\":[\"https:\\\/\\\/interamerica.org\\\/es\\\/2020\\\/08\\\/la-iglesia-adventista-busca-como-ayudar-despues-de-la-explosion-de-beirut\\\/\"]}]},{\"@type\":\"ImageObject\",\"inLanguage\":\"es\",\"@id\":\"https:\\\/\\\/interamerica.org\\\/es\\\/2020\\\/08\\\/la-iglesia-adventista-busca-como-ayudar-despues-de-la-explosion-de-beirut\\\/#primaryimage\",\"url\":\"https:\\\/\\\/interamerica.org\\\/wp-content\\\/uploads\\\/2020\\\/08\\\/beirut-explosion.jpg\",\"contentUrl\":\"https:\\\/\\\/interamerica.org\\\/wp-content\\\/uploads\\\/2020\\\/08\\\/beirut-explosion.jpg\",\"width\":1280,\"height\":800,\"caption\":\"[Fotograf\u00eda: MENA}\"},{\"@type\":\"BreadcrumbList\",\"@id\":\"https:\\\/\\\/interamerica.org\\\/es\\\/2020\\\/08\\\/la-iglesia-adventista-busca-como-ayudar-despues-de-la-explosion-de-beirut\\\/#breadcrumb\",\"itemListElement\":[{\"@type\":\"ListItem\",\"position\":1,\"name\":\"Home\",\"item\":\"https:\\\/\\\/interamerica.org\\\/es\\\/\"},{\"@type\":\"ListItem\",\"position\":2,\"name\":\"La Iglesia Adventista busca c\u00f3mo ayudar despu\u00e9s de la explosi\u00f3n de Beirut\"}]},{\"@type\":\"WebSite\",\"@id\":\"https:\\\/\\\/interamerica.org\\\/es\\\/#website\",\"url\":\"https:\\\/\\\/interamerica.org\\\/es\\\/\",\"name\":\"Iglesia Adventista del S\u00e9ptimo D\u00eda - Divisi\u00f3n Interamericana\",\"description\":\"\",\"potentialAction\":[{\"@type\":\"SearchAction\",\"target\":{\"@type\":\"EntryPoint\",\"urlTemplate\":\"https:\\\/\\\/interamerica.org\\\/es\\\/?s={search_term_string}\"},\"query-input\":{\"@type\":\"PropertyValueSpecification\",\"valueRequired\":true,\"valueName\":\"search_term_string\"}}],\"inLanguage\":\"es\"},{\"@type\":\"Person\",\"@id\":\"https:\\\/\\\/interamerica.org\\\/es\\\/#\\\/schema\\\/person\\\/29998f2bc2d8bd0d38662909289b54f1\",\"name\":\"libna\",\"image\":{\"@type\":\"ImageObject\",\"inLanguage\":\"es\",\"@id\":\"https:\\\/\\\/secure.gravatar.com\\\/avatar\\\/7c5bd30ae4b47a9ba3c856590957fd1d96dc588bf3ac05719d247e126840331f?s=96&d=mm&r=g\",\"url\":\"https:\\\/\\\/secure.gravatar.com\\\/avatar\\\/7c5bd30ae4b47a9ba3c856590957fd1d96dc588bf3ac05719d247e126840331f?s=96&d=mm&r=g\",\"contentUrl\":\"https:\\\/\\\/secure.gravatar.com\\\/avatar\\\/7c5bd30ae4b47a9ba3c856590957fd1d96dc588bf3ac05719d247e126840331f?s=96&d=mm&r=g\",\"caption\":\"libna\"}}]}<\/script>\n<!-- \/ Yoast SEO plugin. -->","yoast_head_json":{"title":"La Iglesia Adventista busca c\u00f3mo ayudar despu\u00e9s de la explosi\u00f3n de Beirut - Iglesia Adventista del S\u00e9ptimo D\u00eda - Divisi\u00f3n Interamericana","robots":{"index":"index","follow":"follow","max-snippet":"max-snippet:-1","max-image-preview":"max-image-preview:large","max-video-preview":"max-video-preview:-1"},"canonical":"https:\/\/interamerica.org\/es\/2020\/08\/la-iglesia-adventista-busca-como-ayudar-despues-de-la-explosion-de-beirut\/","og_locale":"es_ES","og_type":"article","og_title":"La Iglesia Adventista busca c\u00f3mo ayudar despu\u00e9s de la explosi\u00f3n de Beirut - Iglesia Adventista del S\u00e9ptimo D\u00eda - Divisi\u00f3n Interamericana","og_description":"5 de agosto de 2020 | Beirut, L\u00edbano | Chanmin Chung, coordinador de comunicaci\u00f3n, Uni\u00f3n de Oriente Medio y Norte de \u00c1frica La Iglesia Adventista del S\u00e9ptimo D\u00eda en el...","og_url":"https:\/\/interamerica.org\/es\/2020\/08\/la-iglesia-adventista-busca-como-ayudar-despues-de-la-explosion-de-beirut\/","og_site_name":"Iglesia Adventista del S\u00e9ptimo D\u00eda - Divisi\u00f3n Interamericana","article_published_time":"2020-08-06T15:27:41+00:00","article_modified_time":"2020-08-06T18:15:58+00:00","og_image":[{"width":1280,"height":800,"url":"https:\/\/interamerica.org\/wp-content\/uploads\/2020\/08\/beirut-explosion.jpg","type":"image\/jpeg"}],"author":"libna","twitter_card":"summary_large_image","twitter_misc":{"Escrito por":"libna","Tiempo de lectura":"5 minutos"},"schema":{"@context":"https:\/\/schema.org","@graph":[{"@type":"Article","@id":"https:\/\/interamerica.org\/es\/2020\/08\/la-iglesia-adventista-busca-como-ayudar-despues-de-la-explosion-de-beirut\/#article","isPartOf":{"@id":"https:\/\/interamerica.org\/es\/2020\/08\/la-iglesia-adventista-busca-como-ayudar-despues-de-la-explosion-de-beirut\/"},"author":{"name":"libna","@id":"https:\/\/interamerica.org\/es\/#\/schema\/person\/29998f2bc2d8bd0d38662909289b54f1"},"headline":"La Iglesia Adventista busca c\u00f3mo ayudar despu\u00e9s de la explosi\u00f3n de Beirut","datePublished":"2020-08-06T15:27:41+00:00","dateModified":"2020-08-06T18:15:58+00:00","mainEntityOfPage":{"@id":"https:\/\/interamerica.org\/es\/2020\/08\/la-iglesia-adventista-busca-como-ayudar-despues-de-la-explosion-de-beirut\/"},"wordCount":985,"image":{"@id":"https:\/\/interamerica.org\/es\/2020\/08\/la-iglesia-adventista-busca-como-ayudar-despues-de-la-explosion-de-beirut\/#primaryimage"},"thumbnailUrl":"https:\/\/interamerica.org\/wp-content\/uploads\/2020\/08\/beirut-explosion.jpg","articleSection":["Desde la iglesia mundial","RSS Espa\u00f1ol"],"inLanguage":"es"},{"@type":"WebPage","@id":"https:\/\/interamerica.org\/es\/2020\/08\/la-iglesia-adventista-busca-como-ayudar-despues-de-la-explosion-de-beirut\/","url":"https:\/\/interamerica.org\/es\/2020\/08\/la-iglesia-adventista-busca-como-ayudar-despues-de-la-explosion-de-beirut\/","name":"La Iglesia Adventista busca c\u00f3mo ayudar despu\u00e9s de la explosi\u00f3n de Beirut - Iglesia Adventista del S\u00e9ptimo D\u00eda - Divisi\u00f3n Interamericana","isPartOf":{"@id":"https:\/\/interamerica.org\/es\/#website"},"primaryImageOfPage":{"@id":"https:\/\/interamerica.org\/es\/2020\/08\/la-iglesia-adventista-busca-como-ayudar-despues-de-la-explosion-de-beirut\/#primaryimage"},"image":{"@id":"https:\/\/interamerica.org\/es\/2020\/08\/la-iglesia-adventista-busca-como-ayudar-despues-de-la-explosion-de-beirut\/#primaryimage"},"thumbnailUrl":"https:\/\/interamerica.org\/wp-content\/uploads\/2020\/08\/beirut-explosion.jpg","datePublished":"2020-08-06T15:27:41+00:00","dateModified":"2020-08-06T18:15:58+00:00","author":{"@id":"https:\/\/interamerica.org\/es\/#\/schema\/person\/29998f2bc2d8bd0d38662909289b54f1"},"breadcrumb":{"@id":"https:\/\/interamerica.org\/es\/2020\/08\/la-iglesia-adventista-busca-como-ayudar-despues-de-la-explosion-de-beirut\/#breadcrumb"},"inLanguage":"es","potentialAction":[{"@type":"ReadAction","target":["https:\/\/interamerica.org\/es\/2020\/08\/la-iglesia-adventista-busca-como-ayudar-despues-de-la-explosion-de-beirut\/"]}]},{"@type":"ImageObject","inLanguage":"es","@id":"https:\/\/interamerica.org\/es\/2020\/08\/la-iglesia-adventista-busca-como-ayudar-despues-de-la-explosion-de-beirut\/#primaryimage","url":"https:\/\/interamerica.org\/wp-content\/uploads\/2020\/08\/beirut-explosion.jpg","contentUrl":"https:\/\/interamerica.org\/wp-content\/uploads\/2020\/08\/beirut-explosion.jpg","width":1280,"height":800,"caption":"[Fotograf\u00eda: MENA}"},{"@type":"BreadcrumbList","@id":"https:\/\/interamerica.org\/es\/2020\/08\/la-iglesia-adventista-busca-como-ayudar-despues-de-la-explosion-de-beirut\/#breadcrumb","itemListElement":[{"@type":"ListItem","position":1,"name":"Home","item":"https:\/\/interamerica.org\/es\/"},{"@type":"ListItem","position":2,"name":"La Iglesia Adventista busca c\u00f3mo ayudar despu\u00e9s de la explosi\u00f3n de Beirut"}]},{"@type":"WebSite","@id":"https:\/\/interamerica.org\/es\/#website","url":"https:\/\/interamerica.org\/es\/","name":"Iglesia Adventista del S\u00e9ptimo D\u00eda - Divisi\u00f3n Interamericana","description":"","potentialAction":[{"@type":"SearchAction","target":{"@type":"EntryPoint","urlTemplate":"https:\/\/interamerica.org\/es\/?s={search_term_string}"},"query-input":{"@type":"PropertyValueSpecification","valueRequired":true,"valueName":"search_term_string"}}],"inLanguage":"es"},{"@type":"Person","@id":"https:\/\/interamerica.org\/es\/#\/schema\/person\/29998f2bc2d8bd0d38662909289b54f1","name":"libna","image":{"@type":"ImageObject","inLanguage":"es","@id":"https:\/\/secure.gravatar.com\/avatar\/7c5bd30ae4b47a9ba3c856590957fd1d96dc588bf3ac05719d247e126840331f?s=96&d=mm&r=g","url":"https:\/\/secure.gravatar.com\/avatar\/7c5bd30ae4b47a9ba3c856590957fd1d96dc588bf3ac05719d247e126840331f?s=96&d=mm&r=g","contentUrl":"https:\/\/secure.gravatar.com\/avatar\/7c5bd30ae4b47a9ba3c856590957fd1d96dc588bf3ac05719d247e126840331f?s=96&d=mm&r=g","caption":"libna"}}]}},"_links":{"self":[{"href":"https:\/\/interamerica.org\/es\/wp-json\/wp\/v2\/posts\/61368","targetHints":{"allow":["GET"]}}],"collection":[{"href":"https:\/\/interamerica.org\/es\/wp-json\/wp\/v2\/posts"}],"about":[{"href":"https:\/\/interamerica.org\/es\/wp-json\/wp\/v2\/types\/post"}],"author":[{"embeddable":true,"href":"https:\/\/interamerica.org\/es\/wp-json\/wp\/v2\/users\/3"}],"replies":[{"embeddable":true,"href":"https:\/\/interamerica.org\/es\/wp-json\/wp\/v2\/comments?post=61368"}],"version-history":[{"count":0,"href":"https:\/\/interamerica.org\/es\/wp-json\/wp\/v2\/posts\/61368\/revisions"}],"wp:featuredmedia":[{"embeddable":true,"href":"https:\/\/interamerica.org\/es\/wp-json\/wp\/v2\/media\/61366"}],"wp:attachment":[{"href":"https:\/\/interamerica.org\/es\/wp-json\/wp\/v2\/media?parent=61368"}],"wp:term":[{"taxonomy":"category","embeddable":true,"href":"https:\/\/interamerica.org\/es\/wp-json\/wp\/v2\/categories?post=61368"},{"taxonomy":"post_tag","embeddable":true,"href":"https:\/\/interamerica.org\/es\/wp-json\/wp\/v2\/tags?post=61368"}],"curies":[{"name":"wp","href":"https:\/\/api.w.org\/{rel}","templated":true}]}}