{"id":61993,"date":"2020-08-25T10:25:04","date_gmt":"2020-08-25T14:25:04","guid":{"rendered":"https:\/\/recursing-golick.147-182-135-0.plesk.page\/?p=61993"},"modified":"2020-08-27T12:12:12","modified_gmt":"2020-08-27T16:12:12","slug":"crisis-no-deconocida-para-la-educacion-adventista-terciaria","status":"publish","type":"post","link":"https:\/\/interamerica.org\/es\/2020\/08\/crisis-no-deconocida-para-la-educacion-adventista-terciaria\/","title":{"rendered":"Crisis no desconocida para la educaci\u00f3n adventista terciaria"},"content":{"rendered":"<p>25 de agosto de 2020 | Mandeville, Manchester, Jamaica | Shannette Smith \/ NCU \/ DIA<\/p>\n<p>La pandemia de COVID-19 ha empujado a todas las instituciones educativas a un estado de crisis. Y sin embargo, en la historia de la educaci\u00f3n adventista, particularmente en el nivel terciario, las crisis y amenazas de clausura no son algo nuevo, de acuerdo a la Dra. Lisa Beardsley-Hardy, directora de educaci\u00f3n de la iglesia adventista mundial.<\/p>\n<p>La Dra. Beardsley-Hardy estuvo hablando sobre el tema Educaci\u00f3n Adventista en Tiempos de Crisis, durante el Coloquio de la Universidad Norte del Caribe, celebrado virtualmente el 17 y 18 del presente. En el segundo d\u00eda de este coloquio, la Dra. hizo un resumen de algunas crisis sufridas en la educaci\u00f3n adventista y la forma como ha sobrevivido y en algunos casos hasta prosperado. La Dra, Beardsley-Hardy relat\u00f3 la forma en que los \u00e9xitos y fracasos del Colegio de Battle Creek llevaron a la existencia de la Universidad Loma Linda, el Colegio Uni\u00f3n del Atl\u00e1ntico y la Universidad Andrews.<\/p>\n<p>Se\u00f1al\u00f3 la Dra. que el Colegio de Battle Creek College, aunque operado por los adventistas del s\u00e9ptimo d\u00eda, comenz\u00f3 como una escuela secular que no impart\u00eda cursos de estudio de la Biblia en su curr\u00edculo. Cuando progres\u00f3 la iglesia y se tomaron en cuenta los consejos prof\u00e9ticos de Elena G. White \u2014una cofundadora de la Iglesia Adventista del S\u00e9ptimo D\u00eda, los cursos b\u00edblicos llegaron a formar parte del curr\u00edculo de la instituci\u00f3n. Record\u00f3 que mientras la educaci\u00f3n terciaria dentro del adventismo pasaba por su etapa inicial, fueron creciendo los conflictos entre los educadores adventistas de mente secular y los adventistas de mentalidad misionera.<\/p>\n<p><div id=\"attachment_61960\" style=\"width: 808px\" class=\"wp-caption aligncenter\"><img fetchpriority=\"high\" decoding=\"async\" aria-describedby=\"caption-attachment-61960\" class=\" wp-image-61958\" src=\"https:\/\/recursing-golick.147-182-135-0.plesk.page\/wp-content\/uploads\/2020\/08\/lisa-beardsley-hardy-1024x640.jpg\" alt=\"\" width=\"798\" height=\"499\" srcset=\"https:\/\/interamerica.org\/wp-content\/uploads\/2020\/08\/lisa-beardsley-hardy-1024x640.jpg 1024w, https:\/\/interamerica.org\/wp-content\/uploads\/2020\/08\/lisa-beardsley-hardy-300x188.jpg 300w, https:\/\/interamerica.org\/wp-content\/uploads\/2020\/08\/lisa-beardsley-hardy-768x480.jpg 768w, https:\/\/interamerica.org\/wp-content\/uploads\/2020\/08\/lisa-beardsley-hardy.jpg 1280w\" sizes=\"(max-width: 798px) 100vw, 798px\" \/><p id=\"caption-attachment-61960\" class=\"wp-caption-text\">Lisa M. Beardsley-Hardy, directora de educaci\u00f3n de la iglesia adventista mundial [Imagen: Brent Harding\/ANN]<\/p><\/div>\u00a0La directora de la iglesia adventista mundial se\u00f1al\u00f3 que mientras que la atenci\u00f3n de algunos educadores adventistas estaba enfocada en que aumentara el n\u00famero de estudiantes, en la popularidad social y en las ganancias financieras en las instituciones adventistas, otros educadores adventistas estaban de acuerdo con la Sra. White de que el curr\u00edculo de las escuelas adventistas deb\u00eda tener como centro los principios de la Biblia y que deb\u00eda incluir el estudio de la Biblia. Adem\u00e1s, la Iglesia Adventista del S\u00e9ptimo D\u00eda decidi\u00f3 que tales estudios de la Biblia fuera impartidos por educadores adventistas entrenados espec\u00edficamente en teolog\u00eda adventista.<\/p>\n<p>La Dra- Beardsley-Hardy hizo recordar que durante m\u00e1s de 100 a\u00f1os, la Universidad Norte del Caribe ha estado enfrentando la amenaza de clausura, la amenaza de perder su integridad espiritual y la amenaza de perder su identidad adventista del s\u00e9ptimo d\u00eda. Durante sus a\u00f1os formativos, la Escuela de Entrenamiento de las Indias Occidentales estuvo cerrada por un tiempo antes de volver a nacer. A diferencia del Colegio de Battle Creek, que cerr\u00f3 permanentemente sus puertas, la Escuela de Entrenamiento de las Islas Occidentales, ahora Universidad Norte del Caribe, ha dado inicio a su segundo siglo, en su ubicaci\u00f3n actual, en el distrito de Manchester, en Jamaica.<\/p>\n<p>Las amenazas de anta\u00f1o siguen siendo las mismas el d\u00eda de hoy, \u00a0\u2013the d\u00e9j\u00e0 vu de integridad espiritual, identidad denominacional, sustentabilidad financiera, reconocimiento institucional, respeto en la sociedad y la necesidad de retener a los estudiantes actuales y atraer prospectos de estudiantes.<\/p>\n<p>\u201cEnfrentamos los mismos desaf\u00edos de incrementar el n\u00famero de inscripciones. Necesitamos esa cantidad porque nuestro presupuesto se basa en los ingresos por concepto de colegiatura \u2026pero una de las cosas que necesitamos hacer es deshacernos de la vieja carga. La pandemia de COVID-19 nos ha dado la oportunidad de hacerlo\u201d, dijo la Dra. Beardsley-Hardy. Se refer\u00eda a los anticuados m\u00e9todos de instucci\u00f3n y ministerio como \u2018vieja carga\u2019.<\/p>\n<p>Traducci\u00f3n -Gloria A. Castrej\u00f3n<\/p>\n","protected":false},"excerpt":{"rendered":"<p>25 de agosto de 2020 | Mandeville, Manchester, Jamaica | Shannette Smith \/ NCU \/ DIA La pandemia de COVID-19 ha empujado a todas las instituciones educativas a un estado&#8230;<\/p>\n","protected":false},"author":3,"featured_media":61963,"comment_status":"closed","ping_status":"closed","sticky":false,"template":"","format":"standard","meta":{"_acf_changed":false,"footnotes":""},"categories":[14,15],"tags":[],"class_list":["post-61993","post","type-post","status-publish","format-standard","has-post-thumbnail","hentry","category-de-la-iglesia-mundial","category-rss-espanol"],"acf":[],"yoast_head":"<!-- This site is optimized with the Yoast SEO plugin v27.3 - https:\/\/yoast.com\/product\/yoast-seo-wordpress\/ -->\n<title>Crisis no desconocida para la educaci\u00f3n adventista terciaria - Iglesia Adventista del S\u00e9ptimo D\u00eda - Divisi\u00f3n Interamericana<\/title>\n<meta name=\"robots\" content=\"index, follow, max-snippet:-1, max-image-preview:large, max-video-preview:-1\" \/>\n<link rel=\"canonical\" href=\"https:\/\/interamerica.org\/es\/2020\/08\/crisis-no-deconocida-para-la-educacion-adventista-terciaria\/\" \/>\n<meta property=\"og:locale\" content=\"es_ES\" \/>\n<meta property=\"og:type\" content=\"article\" \/>\n<meta property=\"og:title\" content=\"Crisis no desconocida para la educaci\u00f3n adventista terciaria - Iglesia Adventista del S\u00e9ptimo D\u00eda - Divisi\u00f3n Interamericana\" \/>\n<meta property=\"og:description\" content=\"25 de agosto de 2020 | Mandeville, Manchester, Jamaica | Shannette Smith \/ NCU \/ DIA La pandemia de COVID-19 ha empujado a todas las instituciones educativas a un estado...\" \/>\n<meta property=\"og:url\" content=\"https:\/\/interamerica.org\/es\/2020\/08\/crisis-no-deconocida-para-la-educacion-adventista-terciaria\/\" \/>\n<meta property=\"og:site_name\" content=\"Iglesia Adventista del S\u00e9ptimo D\u00eda - Divisi\u00f3n Interamericana\" \/>\n<meta property=\"article:published_time\" content=\"2020-08-25T14:25:04+00:00\" \/>\n<meta property=\"article:modified_time\" content=\"2020-08-27T16:12:12+00:00\" \/>\n<meta property=\"og:image\" content=\"https:\/\/interamerica.org\/wp-content\/uploads\/2020\/08\/adventistbooks-iad-1280.jpg\" \/>\n\t<meta property=\"og:image:width\" content=\"1280\" \/>\n\t<meta property=\"og:image:height\" content=\"800\" \/>\n\t<meta property=\"og:image:type\" content=\"image\/jpeg\" \/>\n<meta name=\"author\" content=\"libna\" \/>\n<meta name=\"twitter:card\" content=\"summary_large_image\" \/>\n<meta name=\"twitter:label1\" content=\"Escrito por\" \/>\n\t<meta name=\"twitter:data1\" content=\"libna\" \/>\n\t<meta name=\"twitter:label2\" content=\"Tiempo de lectura\" \/>\n\t<meta name=\"twitter:data2\" content=\"3 minutos\" \/>\n<script type=\"application\/ld+json\" class=\"yoast-schema-graph\">{\"@context\":\"https:\\\/\\\/schema.org\",\"@graph\":[{\"@type\":\"Article\",\"@id\":\"https:\\\/\\\/interamerica.org\\\/es\\\/2020\\\/08\\\/crisis-no-deconocida-para-la-educacion-adventista-terciaria\\\/#article\",\"isPartOf\":{\"@id\":\"https:\\\/\\\/interamerica.org\\\/es\\\/2020\\\/08\\\/crisis-no-deconocida-para-la-educacion-adventista-terciaria\\\/\"},\"author\":{\"name\":\"libna\",\"@id\":\"https:\\\/\\\/interamerica.org\\\/es\\\/#\\\/schema\\\/person\\\/29998f2bc2d8bd0d38662909289b54f1\"},\"headline\":\"Crisis no desconocida para la educaci\u00f3n adventista terciaria\",\"datePublished\":\"2020-08-25T14:25:04+00:00\",\"dateModified\":\"2020-08-27T16:12:12+00:00\",\"mainEntityOfPage\":{\"@id\":\"https:\\\/\\\/interamerica.org\\\/es\\\/2020\\\/08\\\/crisis-no-deconocida-para-la-educacion-adventista-terciaria\\\/\"},\"wordCount\":660,\"image\":{\"@id\":\"https:\\\/\\\/interamerica.org\\\/es\\\/2020\\\/08\\\/crisis-no-deconocida-para-la-educacion-adventista-terciaria\\\/#primaryimage\"},\"thumbnailUrl\":\"https:\\\/\\\/interamerica.org\\\/wp-content\\\/uploads\\\/2020\\\/08\\\/adventistbooks-iad-1280.jpg\",\"articleSection\":[\"Desde la iglesia mundial\",\"RSS Espa\u00f1ol\"],\"inLanguage\":\"es\"},{\"@type\":\"WebPage\",\"@id\":\"https:\\\/\\\/interamerica.org\\\/es\\\/2020\\\/08\\\/crisis-no-deconocida-para-la-educacion-adventista-terciaria\\\/\",\"url\":\"https:\\\/\\\/interamerica.org\\\/es\\\/2020\\\/08\\\/crisis-no-deconocida-para-la-educacion-adventista-terciaria\\\/\",\"name\":\"Crisis no desconocida para la educaci\u00f3n adventista terciaria - Iglesia Adventista del S\u00e9ptimo D\u00eda - Divisi\u00f3n Interamericana\",\"isPartOf\":{\"@id\":\"https:\\\/\\\/interamerica.org\\\/es\\\/#website\"},\"primaryImageOfPage\":{\"@id\":\"https:\\\/\\\/interamerica.org\\\/es\\\/2020\\\/08\\\/crisis-no-deconocida-para-la-educacion-adventista-terciaria\\\/#primaryimage\"},\"image\":{\"@id\":\"https:\\\/\\\/interamerica.org\\\/es\\\/2020\\\/08\\\/crisis-no-deconocida-para-la-educacion-adventista-terciaria\\\/#primaryimage\"},\"thumbnailUrl\":\"https:\\\/\\\/interamerica.org\\\/wp-content\\\/uploads\\\/2020\\\/08\\\/adventistbooks-iad-1280.jpg\",\"datePublished\":\"2020-08-25T14:25:04+00:00\",\"dateModified\":\"2020-08-27T16:12:12+00:00\",\"author\":{\"@id\":\"https:\\\/\\\/interamerica.org\\\/es\\\/#\\\/schema\\\/person\\\/29998f2bc2d8bd0d38662909289b54f1\"},\"breadcrumb\":{\"@id\":\"https:\\\/\\\/interamerica.org\\\/es\\\/2020\\\/08\\\/crisis-no-deconocida-para-la-educacion-adventista-terciaria\\\/#breadcrumb\"},\"inLanguage\":\"es\",\"potentialAction\":[{\"@type\":\"ReadAction\",\"target\":[\"https:\\\/\\\/interamerica.org\\\/es\\\/2020\\\/08\\\/crisis-no-deconocida-para-la-educacion-adventista-terciaria\\\/\"]}]},{\"@type\":\"ImageObject\",\"inLanguage\":\"es\",\"@id\":\"https:\\\/\\\/interamerica.org\\\/es\\\/2020\\\/08\\\/crisis-no-deconocida-para-la-educacion-adventista-terciaria\\\/#primaryimage\",\"url\":\"https:\\\/\\\/interamerica.org\\\/wp-content\\\/uploads\\\/2020\\\/08\\\/adventistbooks-iad-1280.jpg\",\"contentUrl\":\"https:\\\/\\\/interamerica.org\\\/wp-content\\\/uploads\\\/2020\\\/08\\\/adventistbooks-iad-1280.jpg\",\"width\":1280,\"height\":800,\"caption\":\"[Imagen: Keila Trejo\\\/iadmedia]\"},{\"@type\":\"BreadcrumbList\",\"@id\":\"https:\\\/\\\/interamerica.org\\\/es\\\/2020\\\/08\\\/crisis-no-deconocida-para-la-educacion-adventista-terciaria\\\/#breadcrumb\",\"itemListElement\":[{\"@type\":\"ListItem\",\"position\":1,\"name\":\"Home\",\"item\":\"https:\\\/\\\/interamerica.org\\\/es\\\/\"},{\"@type\":\"ListItem\",\"position\":2,\"name\":\"Crisis no desconocida para la educaci\u00f3n adventista terciaria\"}]},{\"@type\":\"WebSite\",\"@id\":\"https:\\\/\\\/interamerica.org\\\/es\\\/#website\",\"url\":\"https:\\\/\\\/interamerica.org\\\/es\\\/\",\"name\":\"Iglesia Adventista del S\u00e9ptimo D\u00eda - Divisi\u00f3n Interamericana\",\"description\":\"\",\"potentialAction\":[{\"@type\":\"SearchAction\",\"target\":{\"@type\":\"EntryPoint\",\"urlTemplate\":\"https:\\\/\\\/interamerica.org\\\/es\\\/?s={search_term_string}\"},\"query-input\":{\"@type\":\"PropertyValueSpecification\",\"valueRequired\":true,\"valueName\":\"search_term_string\"}}],\"inLanguage\":\"es\"},{\"@type\":\"Person\",\"@id\":\"https:\\\/\\\/interamerica.org\\\/es\\\/#\\\/schema\\\/person\\\/29998f2bc2d8bd0d38662909289b54f1\",\"name\":\"libna\",\"image\":{\"@type\":\"ImageObject\",\"inLanguage\":\"es\",\"@id\":\"https:\\\/\\\/secure.gravatar.com\\\/avatar\\\/7c5bd30ae4b47a9ba3c856590957fd1d96dc588bf3ac05719d247e126840331f?s=96&d=mm&r=g\",\"url\":\"https:\\\/\\\/secure.gravatar.com\\\/avatar\\\/7c5bd30ae4b47a9ba3c856590957fd1d96dc588bf3ac05719d247e126840331f?s=96&d=mm&r=g\",\"contentUrl\":\"https:\\\/\\\/secure.gravatar.com\\\/avatar\\\/7c5bd30ae4b47a9ba3c856590957fd1d96dc588bf3ac05719d247e126840331f?s=96&d=mm&r=g\",\"caption\":\"libna\"}}]}<\/script>\n<!-- \/ Yoast SEO plugin. -->","yoast_head_json":{"title":"Crisis no desconocida para la educaci\u00f3n adventista terciaria - Iglesia Adventista del S\u00e9ptimo D\u00eda - Divisi\u00f3n Interamericana","robots":{"index":"index","follow":"follow","max-snippet":"max-snippet:-1","max-image-preview":"max-image-preview:large","max-video-preview":"max-video-preview:-1"},"canonical":"https:\/\/interamerica.org\/es\/2020\/08\/crisis-no-deconocida-para-la-educacion-adventista-terciaria\/","og_locale":"es_ES","og_type":"article","og_title":"Crisis no desconocida para la educaci\u00f3n adventista terciaria - Iglesia Adventista del S\u00e9ptimo D\u00eda - Divisi\u00f3n Interamericana","og_description":"25 de agosto de 2020 | Mandeville, Manchester, Jamaica | Shannette Smith \/ NCU \/ DIA La pandemia de COVID-19 ha empujado a todas las instituciones educativas a un estado...","og_url":"https:\/\/interamerica.org\/es\/2020\/08\/crisis-no-deconocida-para-la-educacion-adventista-terciaria\/","og_site_name":"Iglesia Adventista del S\u00e9ptimo D\u00eda - Divisi\u00f3n Interamericana","article_published_time":"2020-08-25T14:25:04+00:00","article_modified_time":"2020-08-27T16:12:12+00:00","og_image":[{"width":1280,"height":800,"url":"https:\/\/interamerica.org\/wp-content\/uploads\/2020\/08\/adventistbooks-iad-1280.jpg","type":"image\/jpeg"}],"author":"libna","twitter_card":"summary_large_image","twitter_misc":{"Escrito por":"libna","Tiempo de lectura":"3 minutos"},"schema":{"@context":"https:\/\/schema.org","@graph":[{"@type":"Article","@id":"https:\/\/interamerica.org\/es\/2020\/08\/crisis-no-deconocida-para-la-educacion-adventista-terciaria\/#article","isPartOf":{"@id":"https:\/\/interamerica.org\/es\/2020\/08\/crisis-no-deconocida-para-la-educacion-adventista-terciaria\/"},"author":{"name":"libna","@id":"https:\/\/interamerica.org\/es\/#\/schema\/person\/29998f2bc2d8bd0d38662909289b54f1"},"headline":"Crisis no desconocida para la educaci\u00f3n adventista terciaria","datePublished":"2020-08-25T14:25:04+00:00","dateModified":"2020-08-27T16:12:12+00:00","mainEntityOfPage":{"@id":"https:\/\/interamerica.org\/es\/2020\/08\/crisis-no-deconocida-para-la-educacion-adventista-terciaria\/"},"wordCount":660,"image":{"@id":"https:\/\/interamerica.org\/es\/2020\/08\/crisis-no-deconocida-para-la-educacion-adventista-terciaria\/#primaryimage"},"thumbnailUrl":"https:\/\/interamerica.org\/wp-content\/uploads\/2020\/08\/adventistbooks-iad-1280.jpg","articleSection":["Desde la iglesia mundial","RSS Espa\u00f1ol"],"inLanguage":"es"},{"@type":"WebPage","@id":"https:\/\/interamerica.org\/es\/2020\/08\/crisis-no-deconocida-para-la-educacion-adventista-terciaria\/","url":"https:\/\/interamerica.org\/es\/2020\/08\/crisis-no-deconocida-para-la-educacion-adventista-terciaria\/","name":"Crisis no desconocida para la educaci\u00f3n adventista terciaria - Iglesia Adventista del S\u00e9ptimo D\u00eda - Divisi\u00f3n Interamericana","isPartOf":{"@id":"https:\/\/interamerica.org\/es\/#website"},"primaryImageOfPage":{"@id":"https:\/\/interamerica.org\/es\/2020\/08\/crisis-no-deconocida-para-la-educacion-adventista-terciaria\/#primaryimage"},"image":{"@id":"https:\/\/interamerica.org\/es\/2020\/08\/crisis-no-deconocida-para-la-educacion-adventista-terciaria\/#primaryimage"},"thumbnailUrl":"https:\/\/interamerica.org\/wp-content\/uploads\/2020\/08\/adventistbooks-iad-1280.jpg","datePublished":"2020-08-25T14:25:04+00:00","dateModified":"2020-08-27T16:12:12+00:00","author":{"@id":"https:\/\/interamerica.org\/es\/#\/schema\/person\/29998f2bc2d8bd0d38662909289b54f1"},"breadcrumb":{"@id":"https:\/\/interamerica.org\/es\/2020\/08\/crisis-no-deconocida-para-la-educacion-adventista-terciaria\/#breadcrumb"},"inLanguage":"es","potentialAction":[{"@type":"ReadAction","target":["https:\/\/interamerica.org\/es\/2020\/08\/crisis-no-deconocida-para-la-educacion-adventista-terciaria\/"]}]},{"@type":"ImageObject","inLanguage":"es","@id":"https:\/\/interamerica.org\/es\/2020\/08\/crisis-no-deconocida-para-la-educacion-adventista-terciaria\/#primaryimage","url":"https:\/\/interamerica.org\/wp-content\/uploads\/2020\/08\/adventistbooks-iad-1280.jpg","contentUrl":"https:\/\/interamerica.org\/wp-content\/uploads\/2020\/08\/adventistbooks-iad-1280.jpg","width":1280,"height":800,"caption":"[Imagen: Keila Trejo\/iadmedia]"},{"@type":"BreadcrumbList","@id":"https:\/\/interamerica.org\/es\/2020\/08\/crisis-no-deconocida-para-la-educacion-adventista-terciaria\/#breadcrumb","itemListElement":[{"@type":"ListItem","position":1,"name":"Home","item":"https:\/\/interamerica.org\/es\/"},{"@type":"ListItem","position":2,"name":"Crisis no desconocida para la educaci\u00f3n adventista terciaria"}]},{"@type":"WebSite","@id":"https:\/\/interamerica.org\/es\/#website","url":"https:\/\/interamerica.org\/es\/","name":"Iglesia Adventista del S\u00e9ptimo D\u00eda - Divisi\u00f3n Interamericana","description":"","potentialAction":[{"@type":"SearchAction","target":{"@type":"EntryPoint","urlTemplate":"https:\/\/interamerica.org\/es\/?s={search_term_string}"},"query-input":{"@type":"PropertyValueSpecification","valueRequired":true,"valueName":"search_term_string"}}],"inLanguage":"es"},{"@type":"Person","@id":"https:\/\/interamerica.org\/es\/#\/schema\/person\/29998f2bc2d8bd0d38662909289b54f1","name":"libna","image":{"@type":"ImageObject","inLanguage":"es","@id":"https:\/\/secure.gravatar.com\/avatar\/7c5bd30ae4b47a9ba3c856590957fd1d96dc588bf3ac05719d247e126840331f?s=96&d=mm&r=g","url":"https:\/\/secure.gravatar.com\/avatar\/7c5bd30ae4b47a9ba3c856590957fd1d96dc588bf3ac05719d247e126840331f?s=96&d=mm&r=g","contentUrl":"https:\/\/secure.gravatar.com\/avatar\/7c5bd30ae4b47a9ba3c856590957fd1d96dc588bf3ac05719d247e126840331f?s=96&d=mm&r=g","caption":"libna"}}]}},"_links":{"self":[{"href":"https:\/\/interamerica.org\/es\/wp-json\/wp\/v2\/posts\/61993","targetHints":{"allow":["GET"]}}],"collection":[{"href":"https:\/\/interamerica.org\/es\/wp-json\/wp\/v2\/posts"}],"about":[{"href":"https:\/\/interamerica.org\/es\/wp-json\/wp\/v2\/types\/post"}],"author":[{"embeddable":true,"href":"https:\/\/interamerica.org\/es\/wp-json\/wp\/v2\/users\/3"}],"replies":[{"embeddable":true,"href":"https:\/\/interamerica.org\/es\/wp-json\/wp\/v2\/comments?post=61993"}],"version-history":[{"count":0,"href":"https:\/\/interamerica.org\/es\/wp-json\/wp\/v2\/posts\/61993\/revisions"}],"wp:featuredmedia":[{"embeddable":true,"href":"https:\/\/interamerica.org\/es\/wp-json\/wp\/v2\/media\/61963"}],"wp:attachment":[{"href":"https:\/\/interamerica.org\/es\/wp-json\/wp\/v2\/media?parent=61993"}],"wp:term":[{"taxonomy":"category","embeddable":true,"href":"https:\/\/interamerica.org\/es\/wp-json\/wp\/v2\/categories?post=61993"},{"taxonomy":"post_tag","embeddable":true,"href":"https:\/\/interamerica.org\/es\/wp-json\/wp\/v2\/tags?post=61993"}],"curies":[{"name":"wp","href":"https:\/\/api.w.org\/{rel}","templated":true}]}}