{"id":65363,"date":"2020-11-22T09:08:50","date_gmt":"2020-11-22T13:08:50","guid":{"rendered":"https:\/\/recursing-golick.147-182-135-0.plesk.page\/?p=65363"},"modified":"2020-11-23T16:08:42","modified_gmt":"2020-11-23T20:08:42","slug":"serie-de-evangelizacion-digital-establece-nuevo-paradigma-en-la-iglesia-en-jamaica","status":"publish","type":"post","link":"https:\/\/interamerica.org\/es\/2020\/11\/serie-de-evangelizacion-digital-establece-nuevo-paradigma-en-la-iglesia-en-jamaica\/","title":{"rendered":"Serie de evangelizaci\u00f3n digital establece nuevo paradigma en la iglesia en Jamaica"},"content":{"rendered":"<p><div id=\"attachment_65344\" style=\"width: 808px\" class=\"wp-caption aligncenter\"><img fetchpriority=\"high\" decoding=\"async\" aria-describedby=\"caption-attachment-65344\" class=\" wp-image-65344\" src=\"https:\/\/recursing-golick.147-182-135-0.plesk.page\/wp-content\/uploads\/2020\/11\/jamu-ltah-series-1280-1024x640.jpg\" alt=\"\" width=\"798\" height=\"499\" srcset=\"https:\/\/interamerica.org\/wp-content\/uploads\/2020\/11\/jamu-ltah-series-1280-1024x640.jpg 1024w, https:\/\/interamerica.org\/wp-content\/uploads\/2020\/11\/jamu-ltah-series-1280-300x188.jpg 300w, https:\/\/interamerica.org\/wp-content\/uploads\/2020\/11\/jamu-ltah-series-1280-768x480.jpg 768w, https:\/\/interamerica.org\/wp-content\/uploads\/2020\/11\/jamu-ltah-series-1280.jpg 1280w\" sizes=\"(max-width: 798px) 100vw, 798px\" \/><p id=\"caption-attachment-65344\" class=\"wp-caption-text\">El evangelizador, Pastor Dane Fletcher (segundo de izquierda a derecha), anuncia el bautismo de un joven converso en la Asociaci\u00f3n Occidental de Jamaica (en LCD y transmisi\u00f3n en vivo en Zoom), por el Pastor Fitzroy Bailey, durante el d\u00eda final de la serie de evangelizaci\u00f3n digital \u00a0\u00abLet&#8217;s Talk About Him\u00bb &#8211; iFollow Jesus\u00bb (Hablemos acerca de \u00e9l -\u00a1Sigo a Jes\u00fas!), el 24 de octubre de 2020. El Pastor Omar Oliphant (cuarto desde la izquierda) co evangelizador y anfitri\u00f3n de esta serie, observa el momento. [Imagen: Nigel Coke]<\/p><\/div>22 de noviembre de 2020 | Kingston, Jamaica. Phillip Castell -JAMU &#8211; Personal de Noticias DIA<\/p>\n<p>M\u00e1s de 385 personas fueron bautizadas durante la primera serie digital de evangelizaci\u00f3n en toda la isla, dirigida por la Iglesia Adventista del S\u00e9ptimo D\u00eda en Jamaica. <a href=\"https:\/\/www.youtube.com\/watch?v=HRHZmsB_0-A\">Themed Let\u2019s Talk About Him (LTAH)<\/a> (con el tema Hablemos Acerca de \u00c9l), esta serie, cuyo enfoque fue seguir a Jes\u00fas, se transmiti\u00f3 desde Kingston, del 3 al 24 de octubre de 2020, a trav\u00e9s de un esfuerzo de colaboraci\u00f3n de administradores, directores y pastores de las oficinas de la uni\u00f3n, asociaci\u00f3n e iglesias de la isla.<\/p>\n<p>La serie de evangelizaci\u00f3n en l\u00ednea involucr\u00f3 la participaci\u00f3n de intercesores de oraci\u00f3n, cantantes, m\u00fasicos y su transmisi\u00f3n fue posible a trav\u00e9s de un talentoso y dedicado equipo de personal t\u00e9cnico que facilit\u00f3 tal transmisi\u00f3n a trav\u00e9s de todas las plataformas de comunicaci\u00f3n y medios sociales en todas las cinco asociaciones, incluyendo el canal de televisi\u00f3n y estaci\u00f3n de radio propiedad de la iglesia y operada por la misma, de la Universidad Norte del Caribe (NCU). Fue tambi\u00e9n transmitida en vivo por Bless TV, un canal televisivo de cable, operado por un adventista del s\u00e9ptimo d\u00eda, quien pudo a su vez transmitirlo a trav\u00e9s de otras 13 estaciones de cable.<\/p>\n<p>El evangelizador y orador de la serie, Pastor Dane Fletcher, predic\u00f3 26 sermones de base b\u00edblica durante el per\u00edodo de toque de queda impuesto por el gobierno para frenar la propagaci\u00f3n del coronavirus, para lo cual el gobierno concedi\u00f3 una exenci\u00f3n a fin de facilitar el desarrollo de la serie. El Pastor Omar Oliphant fue el co evangelizador y anfitri\u00f3n de dicha serie.<\/p>\n<p>&nbsp;<\/p>\n<p><div id=\"attachment_65325\" style=\"width: 801px\" class=\"wp-caption aligncenter\"><img decoding=\"async\" aria-describedby=\"caption-attachment-65325\" class=\" wp-image-65325\" src=\"https:\/\/recursing-golick.147-182-135-0.plesk.page\/wp-content\/uploads\/2020\/11\/jamu-damian-fletcher-ltah.jpg\" alt=\"\" width=\"791\" height=\"528\" srcset=\"https:\/\/interamerica.org\/wp-content\/uploads\/2020\/11\/jamu-damian-fletcher-ltah.jpg 1000w, https:\/\/interamerica.org\/wp-content\/uploads\/2020\/11\/jamu-damian-fletcher-ltah-300x200.jpg 300w, https:\/\/interamerica.org\/wp-content\/uploads\/2020\/11\/jamu-damian-fletcher-ltah-768x513.jpg 768w\" sizes=\"(max-width: 791px) 100vw, 791px\" \/><p id=\"caption-attachment-65325\" class=\"wp-caption-text\">El Pastor Dane Fletcher, evangelizador de la serie de evangelizaci\u00f3n \u00abHablemos Acerca de \u00c9l\u201d, presenta uno de sus mensajes predicados del 3 al 24 de octubre de 2020. [Imagen cortes\u00eda de la Asociaci\u00f3n Oriental de Jamaica]<\/p><\/div>\u00a0\u00a0[\/caption]Dane Fletcher, quien es tambi\u00e9n director de j\u00f3venes, capellan\u00eda y ministerio en planteles p\u00fablicos, de la iglesia en Jamaica, dijo que la serie estuvo llena de desaf\u00edos, pero con buenas recompensas.<\/p>\n<p>\u201cLa serie evangelizadora me trajo a un punto desesperado en el que realmente aprend\u00ed c\u00f3mo orar y depender de Dios\u201d, dijo el Pastor \u00a0Fletcher. \u201cEstaba profundamente consciente de que aunque nuestra audiencia primera e inmediata era Jamaica, hab\u00eda personas conectadas desde muchos otros pa\u00edses, incluyendo los Estados Unidos, el Reino Unido, Islas Caim\u00e1n, Trinidad y Tobago. Sin embargo, fue un incre\u00edble gozo saber que por causa de esta serie, se estaban bautizando personas en muchos pa\u00edses\u201d.<\/p>\n<p>\u201cLa evangelizaci\u00f3n digital pudiera muy bien ser el instrumento elegido por Dios para terminar de predicar el evangelio en todo el mundo a fin de que pueda venir el fin\u201d, a\u00f1adi\u00f3.<\/p>\n<p>El impacto de la serie en l\u00ednea se sinti\u00f3 en la Iglesia The Apple Creek, en Ontario, Canad\u00e1, la Iglesia Adventista Perrine, en Florida y la Iglesia Stevenage Church, de la Asociaci\u00f3n Sur de Inglaterra, que estuvieron integralmente involucradas, dijeron los organizadores.<\/p>\n<p><div id=\"attachment_65328\" style=\"width: 812px\" class=\"wp-caption aligncenter\"><img decoding=\"async\" aria-describedby=\"caption-attachment-65328\" class=\" wp-image-65328\" src=\"https:\/\/recursing-golick.147-182-135-0.plesk.page\/wp-content\/uploads\/2020\/11\/jamu-everett-brown.jpg\" alt=\"\" width=\"802\" height=\"566\" srcset=\"https:\/\/interamerica.org\/wp-content\/uploads\/2020\/11\/jamu-everett-brown.jpg 900w, https:\/\/interamerica.org\/wp-content\/uploads\/2020\/11\/jamu-everett-brown-300x212.jpg 300w, https:\/\/interamerica.org\/wp-content\/uploads\/2020\/11\/jamu-everett-brown-768x542.jpg 768w\" sizes=\"(max-width: 802px) 100vw, 802px\" \/><p id=\"caption-attachment-65328\" class=\"wp-caption-text\">El Pastor Everett Brown, presidente de la Iglesia Adventista en Jamaica, dijo que la serie de evangelizaci\u00f3n digital \u00abHablemos Acerca de \u00c9l\u201d, es el comienzo de un nuevo paradigma de evangelizaci\u00f3n para llevar a cabo en el pa\u00eds de aqu\u00ed en adelante. [Imagen: Uni\u00f3n de Jamaica]<\/p><\/div>\u00a0\u00a0\u00a0\u00a0 [\/caption]Sherice Beckford, quien fue bautizada el 24 de octubre en la Iglesia Apple Creek, en Ontario, se decidi\u00f3 a seguir a Jes\u00fas en todas las cosas, despu\u00e9s de escuchar acerca de la Campa\u00f1a Digital LTAH, cierto d\u00eda, mientras observaba un servicio religioso en l\u00ednea de la Asociaci\u00f3n Occidental de Jamaica. Comenz\u00f3 a ver la serie de evangelizaci\u00f3n en su computadora port\u00e1til y le pareci\u00f3 muy interesante.<\/p>\n<p>\u201cCada noche encend\u00eda mi computadora port\u00e1til y era una de las primeras esperando que comenzara la programaci\u00f3n\u201d, dijo Sherice Beckford, quien dio a conocer detalles de su conversi\u00f3n en una entrevista despu\u00e9s de su bautismo. \u201cPienso que fue realmente interesante y divertido. Al escuchar los sermones, entend\u00ed y supe que era tiempo de entregar mi vida a Jes\u00fas\u201d.<\/p>\n<p>El Pastor Everett Brown, presidente de la iglesia en Jamaica, en su \u00faltima participaci\u00f3n durante la serie, se\u00f1al\u00f3 que la iglesia va a continuar usando y de hecho, aumentando, el uso de los medios digitales en l\u00ednea para dar a conocer el mensaje del evangelio, por raz\u00f3n de nuestras circunstancias presentes.<\/p>\n<p>\u201cEste no es el fin, sino el principio de un nuevo paradigma en t\u00e9rminos de c\u00f3mo hacer evangelizaci\u00f3n en la Uni\u00f3n Asociaci\u00f3n de Jamaica\u201d, dijo el Pastor Brown.<\/p>\n<p><div id=\"attachment_65331\" style=\"width: 416px\" class=\"wp-caption alignright\"><img loading=\"lazy\" decoding=\"async\" aria-describedby=\"caption-attachment-65331\" class=\" wp-image-65331\" src=\"https:\/\/recursing-golick.147-182-135-0.plesk.page\/wp-content\/uploads\/2020\/11\/jamu-ltah-batism.jpg\" alt=\"\" width=\"406\" height=\"578\" srcset=\"https:\/\/interamerica.org\/wp-content\/uploads\/2020\/11\/jamu-ltah-batism.jpg 650w, https:\/\/interamerica.org\/wp-content\/uploads\/2020\/11\/jamu-ltah-batism-211x300.jpg 211w\" sizes=\"(max-width: 406px) 100vw, 406px\" \/><p id=\"caption-attachment-65331\" class=\"wp-caption-text\">Omar Oliphant, co evangelizador de la serie LTAH y pastor del distrito de iglesias Hagley Park, est\u00e1 listo para bautizar a un nuevo converso\u00a0 en la Iglesia Adventista, durante la serie de evangelizaci\u00f3n LTAH. [Imagen cortes\u00eda de Omar Oliphant]<\/p><\/div>Prestando mucha atenci\u00f3n a la retenci\u00f3n de los nuevos miembros ganados para el Reino de Dios a trav\u00e9s de la serie evangelizadora, el Pastor Brown inst\u00f3 a la iglesia a cuidar de los nuevos conversos, quienes, dijo, eran muy valiosos a la vista de Dios. \u201cDeseo animar a todos ustedes a amarlos, de tal manera que ellos lleguen a amar a sus amigos en la iglesia y que puedan entregar su vida a Jes\u00fas y seguirlo\u201d.<\/p>\n<p>El Pastor Joseph Smith, asistente del presidente de la uni\u00f3n para efectos de evangelizaci\u00f3n y principal coordinador de LTAH, anim\u00f3 a los nuevos creyentes a estar firmemente anclados en el conocimiento de Cristo a trav\u00e9s de la oraci\u00f3n y el estudio de su Palabra.<\/p>\n<p>\u201cPasen tiempo en devoci\u00f3n personal con Dios en la ma\u00f1ana y, si donde est\u00e1n hay tambi\u00e9n una familia, pasen tambi\u00e9n tiempo en adoraci\u00f3n juntamente con su familia. Es muy bueno el haber encontrado esta nueva relaci\u00f3n, pero necesitan seguir anclados en Cristo\u201d, los inst\u00f3 el Pastor Smith.<\/p>\n<p>Durante el periodo de tres meses de duraci\u00f3n de la campa\u00f1a, la audiencia en l\u00ednea de la transmisi\u00f3n en vivo noche a noche, oscil\u00f3 entre 8,000 a 10,000 espectadores en YouTube y Facebook, con un aumento de audiencia de entre 200 a\u00a0300 por ciento 72 horas m\u00e1s tarde, inform\u00f3 Nigel Coke, director de comunicaci\u00f3n de la iglesia en Jamaica.\u00a0Los s\u00e1bados, el total de la audiencia en las transmisiones en vivo registr\u00f3 un total 14,000 a 16,000 espectadores a trav\u00e9s de todas las plataformas, increment\u00e1ndose tambi\u00e9n esa cifra en m\u00e1s de 300 por ciento despu\u00e9s de tres d\u00edas. \u201cEsto es adem\u00e1s de las personas que la vieron a trav\u00e9s de radio y TV NCU y otros canales de cable\u201d, dijo.<\/p>\n<p>La serie moviliz\u00f3 docenas de comunicadores en toda la isla, quienes se ofrecieron voluntariamente para asegurarse de que todo estaba en regla para el logro de una experiencia en l\u00ednea sin contratiempos, a\u00f1adi\u00f3 el director Coke.<\/p>\n<p>\u201cAl no saber nadie cuando tendr\u00e1n fin los desaf\u00edos asociados con el h COVID-19, la campa\u00f1a de evangelizaci\u00f3n LTAH \u2013 Seguir\u00e9 a Jes\u00fas, podr\u00eda ser el patr\u00f3n a seguir en evangelizaci\u00f3n en Jamaica a trav\u00e9s del futuro inmediato\u201d, dijo el director Coke.<\/p>\n<p>Traducci\u00f3n \u2013 Gloria A. Castrej\u00f3n<\/p>\n<p>&nbsp;<\/p>\n","protected":false},"excerpt":{"rendered":"<p>22 de noviembre de 2020 | Kingston, Jamaica. Phillip Castell -JAMU &#8211; Personal de Noticias DIA M\u00e1s de 385 personas fueron bautizadas durante la primera serie digital de evangelizaci\u00f3n en&#8230;<\/p>\n","protected":false},"author":3,"featured_media":65325,"comment_status":"closed","ping_status":"closed","sticky":false,"template":"","format":"standard","meta":{"_acf_changed":false,"footnotes":""},"categories":[17,15],"tags":[],"class_list":["post-65363","post","type-post","status-publish","format-standard","has-post-thumbnail","hentry","category-desde-el-campo","category-rss-espanol"],"acf":[],"yoast_head":"<!-- This site is optimized with the Yoast SEO plugin v27.3 - https:\/\/yoast.com\/product\/yoast-seo-wordpress\/ -->\n<title>Serie de evangelizaci\u00f3n digital establece nuevo paradigma en la iglesia en Jamaica - Iglesia Adventista del S\u00e9ptimo D\u00eda - Divisi\u00f3n Interamericana<\/title>\n<meta name=\"robots\" content=\"index, follow, max-snippet:-1, max-image-preview:large, max-video-preview:-1\" \/>\n<link rel=\"canonical\" href=\"https:\/\/interamerica.org\/es\/2020\/11\/serie-de-evangelizacion-digital-establece-nuevo-paradigma-en-la-iglesia-en-jamaica\/\" \/>\n<meta property=\"og:locale\" content=\"es_ES\" \/>\n<meta property=\"og:type\" content=\"article\" \/>\n<meta property=\"og:title\" content=\"Serie de evangelizaci\u00f3n digital establece nuevo paradigma en la iglesia en Jamaica - Iglesia Adventista del S\u00e9ptimo D\u00eda - Divisi\u00f3n Interamericana\" \/>\n<meta property=\"og:description\" content=\"22 de noviembre de 2020 | Kingston, Jamaica. Phillip Castell -JAMU &#8211; Personal de Noticias DIA M\u00e1s de 385 personas fueron bautizadas durante la primera serie digital de evangelizaci\u00f3n en...\" \/>\n<meta property=\"og:url\" content=\"https:\/\/interamerica.org\/es\/2020\/11\/serie-de-evangelizacion-digital-establece-nuevo-paradigma-en-la-iglesia-en-jamaica\/\" \/>\n<meta property=\"og:site_name\" content=\"Iglesia Adventista del S\u00e9ptimo D\u00eda - Divisi\u00f3n Interamericana\" \/>\n<meta property=\"article:published_time\" content=\"2020-11-22T13:08:50+00:00\" \/>\n<meta property=\"article:modified_time\" content=\"2020-11-23T20:08:42+00:00\" \/>\n<meta property=\"og:image\" content=\"https:\/\/interamerica.org\/wp-content\/uploads\/2020\/11\/jamu-damian-fletcher-ltah.jpg\" \/>\n\t<meta property=\"og:image:width\" content=\"1000\" \/>\n\t<meta property=\"og:image:height\" content=\"668\" \/>\n\t<meta property=\"og:image:type\" content=\"image\/jpeg\" \/>\n<meta name=\"author\" content=\"libna\" \/>\n<meta name=\"twitter:card\" content=\"summary_large_image\" \/>\n<meta name=\"twitter:label1\" content=\"Escrito por\" \/>\n\t<meta name=\"twitter:data1\" content=\"libna\" \/>\n\t<meta name=\"twitter:label2\" content=\"Tiempo de lectura\" \/>\n\t<meta name=\"twitter:data2\" content=\"7 minutos\" \/>\n<script type=\"application\/ld+json\" class=\"yoast-schema-graph\">{\"@context\":\"https:\\\/\\\/schema.org\",\"@graph\":[{\"@type\":\"Article\",\"@id\":\"https:\\\/\\\/interamerica.org\\\/es\\\/2020\\\/11\\\/serie-de-evangelizacion-digital-establece-nuevo-paradigma-en-la-iglesia-en-jamaica\\\/#article\",\"isPartOf\":{\"@id\":\"https:\\\/\\\/interamerica.org\\\/es\\\/2020\\\/11\\\/serie-de-evangelizacion-digital-establece-nuevo-paradigma-en-la-iglesia-en-jamaica\\\/\"},\"author\":{\"name\":\"libna\",\"@id\":\"https:\\\/\\\/interamerica.org\\\/es\\\/#\\\/schema\\\/person\\\/29998f2bc2d8bd0d38662909289b54f1\"},\"headline\":\"Serie de evangelizaci\u00f3n digital establece nuevo paradigma en la iglesia en Jamaica\",\"datePublished\":\"2020-11-22T13:08:50+00:00\",\"dateModified\":\"2020-11-23T20:08:42+00:00\",\"mainEntityOfPage\":{\"@id\":\"https:\\\/\\\/interamerica.org\\\/es\\\/2020\\\/11\\\/serie-de-evangelizacion-digital-establece-nuevo-paradigma-en-la-iglesia-en-jamaica\\\/\"},\"wordCount\":1385,\"image\":{\"@id\":\"https:\\\/\\\/interamerica.org\\\/es\\\/2020\\\/11\\\/serie-de-evangelizacion-digital-establece-nuevo-paradigma-en-la-iglesia-en-jamaica\\\/#primaryimage\"},\"thumbnailUrl\":\"https:\\\/\\\/interamerica.org\\\/wp-content\\\/uploads\\\/2020\\\/11\\\/jamu-damian-fletcher-ltah.jpg\",\"articleSection\":[\"Desde el campo\",\"RSS Espa\u00f1ol\"],\"inLanguage\":\"es\"},{\"@type\":\"WebPage\",\"@id\":\"https:\\\/\\\/interamerica.org\\\/es\\\/2020\\\/11\\\/serie-de-evangelizacion-digital-establece-nuevo-paradigma-en-la-iglesia-en-jamaica\\\/\",\"url\":\"https:\\\/\\\/interamerica.org\\\/es\\\/2020\\\/11\\\/serie-de-evangelizacion-digital-establece-nuevo-paradigma-en-la-iglesia-en-jamaica\\\/\",\"name\":\"Serie de evangelizaci\u00f3n digital establece nuevo paradigma en la iglesia en Jamaica - Iglesia Adventista del S\u00e9ptimo D\u00eda - Divisi\u00f3n Interamericana\",\"isPartOf\":{\"@id\":\"https:\\\/\\\/interamerica.org\\\/es\\\/#website\"},\"primaryImageOfPage\":{\"@id\":\"https:\\\/\\\/interamerica.org\\\/es\\\/2020\\\/11\\\/serie-de-evangelizacion-digital-establece-nuevo-paradigma-en-la-iglesia-en-jamaica\\\/#primaryimage\"},\"image\":{\"@id\":\"https:\\\/\\\/interamerica.org\\\/es\\\/2020\\\/11\\\/serie-de-evangelizacion-digital-establece-nuevo-paradigma-en-la-iglesia-en-jamaica\\\/#primaryimage\"},\"thumbnailUrl\":\"https:\\\/\\\/interamerica.org\\\/wp-content\\\/uploads\\\/2020\\\/11\\\/jamu-damian-fletcher-ltah.jpg\",\"datePublished\":\"2020-11-22T13:08:50+00:00\",\"dateModified\":\"2020-11-23T20:08:42+00:00\",\"author\":{\"@id\":\"https:\\\/\\\/interamerica.org\\\/es\\\/#\\\/schema\\\/person\\\/29998f2bc2d8bd0d38662909289b54f1\"},\"breadcrumb\":{\"@id\":\"https:\\\/\\\/interamerica.org\\\/es\\\/2020\\\/11\\\/serie-de-evangelizacion-digital-establece-nuevo-paradigma-en-la-iglesia-en-jamaica\\\/#breadcrumb\"},\"inLanguage\":\"es\",\"potentialAction\":[{\"@type\":\"ReadAction\",\"target\":[\"https:\\\/\\\/interamerica.org\\\/es\\\/2020\\\/11\\\/serie-de-evangelizacion-digital-establece-nuevo-paradigma-en-la-iglesia-en-jamaica\\\/\"]}]},{\"@type\":\"ImageObject\",\"inLanguage\":\"es\",\"@id\":\"https:\\\/\\\/interamerica.org\\\/es\\\/2020\\\/11\\\/serie-de-evangelizacion-digital-establece-nuevo-paradigma-en-la-iglesia-en-jamaica\\\/#primaryimage\",\"url\":\"https:\\\/\\\/interamerica.org\\\/wp-content\\\/uploads\\\/2020\\\/11\\\/jamu-damian-fletcher-ltah.jpg\",\"contentUrl\":\"https:\\\/\\\/interamerica.org\\\/wp-content\\\/uploads\\\/2020\\\/11\\\/jamu-damian-fletcher-ltah.jpg\",\"width\":1000,\"height\":668,\"caption\":\"El Pastor Dane Fletcher, evangelizador de la serie de evangelizaci\u00f3n \\\"Hablemos Acerca de \u00c9l\u201d, presenta uno de sus mensajes predicados del 3 al 24 de octubre de 2020. [Imagen cortes\u00eda de la Asociaci\u00f3n Oriental de Jamaica][\\\/caption]\"},{\"@type\":\"BreadcrumbList\",\"@id\":\"https:\\\/\\\/interamerica.org\\\/es\\\/2020\\\/11\\\/serie-de-evangelizacion-digital-establece-nuevo-paradigma-en-la-iglesia-en-jamaica\\\/#breadcrumb\",\"itemListElement\":[{\"@type\":\"ListItem\",\"position\":1,\"name\":\"Home\",\"item\":\"https:\\\/\\\/interamerica.org\\\/es\\\/\"},{\"@type\":\"ListItem\",\"position\":2,\"name\":\"Serie de evangelizaci\u00f3n digital establece nuevo paradigma en la iglesia en Jamaica\"}]},{\"@type\":\"WebSite\",\"@id\":\"https:\\\/\\\/interamerica.org\\\/es\\\/#website\",\"url\":\"https:\\\/\\\/interamerica.org\\\/es\\\/\",\"name\":\"Iglesia Adventista del S\u00e9ptimo D\u00eda - Divisi\u00f3n Interamericana\",\"description\":\"\",\"potentialAction\":[{\"@type\":\"SearchAction\",\"target\":{\"@type\":\"EntryPoint\",\"urlTemplate\":\"https:\\\/\\\/interamerica.org\\\/es\\\/?s={search_term_string}\"},\"query-input\":{\"@type\":\"PropertyValueSpecification\",\"valueRequired\":true,\"valueName\":\"search_term_string\"}}],\"inLanguage\":\"es\"},{\"@type\":\"Person\",\"@id\":\"https:\\\/\\\/interamerica.org\\\/es\\\/#\\\/schema\\\/person\\\/29998f2bc2d8bd0d38662909289b54f1\",\"name\":\"libna\",\"image\":{\"@type\":\"ImageObject\",\"inLanguage\":\"es\",\"@id\":\"https:\\\/\\\/secure.gravatar.com\\\/avatar\\\/7c5bd30ae4b47a9ba3c856590957fd1d96dc588bf3ac05719d247e126840331f?s=96&d=mm&r=g\",\"url\":\"https:\\\/\\\/secure.gravatar.com\\\/avatar\\\/7c5bd30ae4b47a9ba3c856590957fd1d96dc588bf3ac05719d247e126840331f?s=96&d=mm&r=g\",\"contentUrl\":\"https:\\\/\\\/secure.gravatar.com\\\/avatar\\\/7c5bd30ae4b47a9ba3c856590957fd1d96dc588bf3ac05719d247e126840331f?s=96&d=mm&r=g\",\"caption\":\"libna\"}}]}<\/script>\n<!-- \/ Yoast SEO plugin. -->","yoast_head_json":{"title":"Serie de evangelizaci\u00f3n digital establece nuevo paradigma en la iglesia en Jamaica - Iglesia Adventista del S\u00e9ptimo D\u00eda - Divisi\u00f3n Interamericana","robots":{"index":"index","follow":"follow","max-snippet":"max-snippet:-1","max-image-preview":"max-image-preview:large","max-video-preview":"max-video-preview:-1"},"canonical":"https:\/\/interamerica.org\/es\/2020\/11\/serie-de-evangelizacion-digital-establece-nuevo-paradigma-en-la-iglesia-en-jamaica\/","og_locale":"es_ES","og_type":"article","og_title":"Serie de evangelizaci\u00f3n digital establece nuevo paradigma en la iglesia en Jamaica - Iglesia Adventista del S\u00e9ptimo D\u00eda - Divisi\u00f3n Interamericana","og_description":"22 de noviembre de 2020 | Kingston, Jamaica. Phillip Castell -JAMU &#8211; Personal de Noticias DIA M\u00e1s de 385 personas fueron bautizadas durante la primera serie digital de evangelizaci\u00f3n en...","og_url":"https:\/\/interamerica.org\/es\/2020\/11\/serie-de-evangelizacion-digital-establece-nuevo-paradigma-en-la-iglesia-en-jamaica\/","og_site_name":"Iglesia Adventista del S\u00e9ptimo D\u00eda - Divisi\u00f3n Interamericana","article_published_time":"2020-11-22T13:08:50+00:00","article_modified_time":"2020-11-23T20:08:42+00:00","og_image":[{"width":1000,"height":668,"url":"https:\/\/interamerica.org\/wp-content\/uploads\/2020\/11\/jamu-damian-fletcher-ltah.jpg","type":"image\/jpeg"}],"author":"libna","twitter_card":"summary_large_image","twitter_misc":{"Escrito por":"libna","Tiempo de lectura":"7 minutos"},"schema":{"@context":"https:\/\/schema.org","@graph":[{"@type":"Article","@id":"https:\/\/interamerica.org\/es\/2020\/11\/serie-de-evangelizacion-digital-establece-nuevo-paradigma-en-la-iglesia-en-jamaica\/#article","isPartOf":{"@id":"https:\/\/interamerica.org\/es\/2020\/11\/serie-de-evangelizacion-digital-establece-nuevo-paradigma-en-la-iglesia-en-jamaica\/"},"author":{"name":"libna","@id":"https:\/\/interamerica.org\/es\/#\/schema\/person\/29998f2bc2d8bd0d38662909289b54f1"},"headline":"Serie de evangelizaci\u00f3n digital establece nuevo paradigma en la iglesia en Jamaica","datePublished":"2020-11-22T13:08:50+00:00","dateModified":"2020-11-23T20:08:42+00:00","mainEntityOfPage":{"@id":"https:\/\/interamerica.org\/es\/2020\/11\/serie-de-evangelizacion-digital-establece-nuevo-paradigma-en-la-iglesia-en-jamaica\/"},"wordCount":1385,"image":{"@id":"https:\/\/interamerica.org\/es\/2020\/11\/serie-de-evangelizacion-digital-establece-nuevo-paradigma-en-la-iglesia-en-jamaica\/#primaryimage"},"thumbnailUrl":"https:\/\/interamerica.org\/wp-content\/uploads\/2020\/11\/jamu-damian-fletcher-ltah.jpg","articleSection":["Desde el campo","RSS Espa\u00f1ol"],"inLanguage":"es"},{"@type":"WebPage","@id":"https:\/\/interamerica.org\/es\/2020\/11\/serie-de-evangelizacion-digital-establece-nuevo-paradigma-en-la-iglesia-en-jamaica\/","url":"https:\/\/interamerica.org\/es\/2020\/11\/serie-de-evangelizacion-digital-establece-nuevo-paradigma-en-la-iglesia-en-jamaica\/","name":"Serie de evangelizaci\u00f3n digital establece nuevo paradigma en la iglesia en Jamaica - Iglesia Adventista del S\u00e9ptimo D\u00eda - Divisi\u00f3n Interamericana","isPartOf":{"@id":"https:\/\/interamerica.org\/es\/#website"},"primaryImageOfPage":{"@id":"https:\/\/interamerica.org\/es\/2020\/11\/serie-de-evangelizacion-digital-establece-nuevo-paradigma-en-la-iglesia-en-jamaica\/#primaryimage"},"image":{"@id":"https:\/\/interamerica.org\/es\/2020\/11\/serie-de-evangelizacion-digital-establece-nuevo-paradigma-en-la-iglesia-en-jamaica\/#primaryimage"},"thumbnailUrl":"https:\/\/interamerica.org\/wp-content\/uploads\/2020\/11\/jamu-damian-fletcher-ltah.jpg","datePublished":"2020-11-22T13:08:50+00:00","dateModified":"2020-11-23T20:08:42+00:00","author":{"@id":"https:\/\/interamerica.org\/es\/#\/schema\/person\/29998f2bc2d8bd0d38662909289b54f1"},"breadcrumb":{"@id":"https:\/\/interamerica.org\/es\/2020\/11\/serie-de-evangelizacion-digital-establece-nuevo-paradigma-en-la-iglesia-en-jamaica\/#breadcrumb"},"inLanguage":"es","potentialAction":[{"@type":"ReadAction","target":["https:\/\/interamerica.org\/es\/2020\/11\/serie-de-evangelizacion-digital-establece-nuevo-paradigma-en-la-iglesia-en-jamaica\/"]}]},{"@type":"ImageObject","inLanguage":"es","@id":"https:\/\/interamerica.org\/es\/2020\/11\/serie-de-evangelizacion-digital-establece-nuevo-paradigma-en-la-iglesia-en-jamaica\/#primaryimage","url":"https:\/\/interamerica.org\/wp-content\/uploads\/2020\/11\/jamu-damian-fletcher-ltah.jpg","contentUrl":"https:\/\/interamerica.org\/wp-content\/uploads\/2020\/11\/jamu-damian-fletcher-ltah.jpg","width":1000,"height":668,"caption":"El Pastor Dane Fletcher, evangelizador de la serie de evangelizaci\u00f3n \"Hablemos Acerca de \u00c9l\u201d, presenta uno de sus mensajes predicados del 3 al 24 de octubre de 2020. [Imagen cortes\u00eda de la Asociaci\u00f3n Oriental de Jamaica][\/caption]"},{"@type":"BreadcrumbList","@id":"https:\/\/interamerica.org\/es\/2020\/11\/serie-de-evangelizacion-digital-establece-nuevo-paradigma-en-la-iglesia-en-jamaica\/#breadcrumb","itemListElement":[{"@type":"ListItem","position":1,"name":"Home","item":"https:\/\/interamerica.org\/es\/"},{"@type":"ListItem","position":2,"name":"Serie de evangelizaci\u00f3n digital establece nuevo paradigma en la iglesia en Jamaica"}]},{"@type":"WebSite","@id":"https:\/\/interamerica.org\/es\/#website","url":"https:\/\/interamerica.org\/es\/","name":"Iglesia Adventista del S\u00e9ptimo D\u00eda - Divisi\u00f3n Interamericana","description":"","potentialAction":[{"@type":"SearchAction","target":{"@type":"EntryPoint","urlTemplate":"https:\/\/interamerica.org\/es\/?s={search_term_string}"},"query-input":{"@type":"PropertyValueSpecification","valueRequired":true,"valueName":"search_term_string"}}],"inLanguage":"es"},{"@type":"Person","@id":"https:\/\/interamerica.org\/es\/#\/schema\/person\/29998f2bc2d8bd0d38662909289b54f1","name":"libna","image":{"@type":"ImageObject","inLanguage":"es","@id":"https:\/\/secure.gravatar.com\/avatar\/7c5bd30ae4b47a9ba3c856590957fd1d96dc588bf3ac05719d247e126840331f?s=96&d=mm&r=g","url":"https:\/\/secure.gravatar.com\/avatar\/7c5bd30ae4b47a9ba3c856590957fd1d96dc588bf3ac05719d247e126840331f?s=96&d=mm&r=g","contentUrl":"https:\/\/secure.gravatar.com\/avatar\/7c5bd30ae4b47a9ba3c856590957fd1d96dc588bf3ac05719d247e126840331f?s=96&d=mm&r=g","caption":"libna"}}]}},"_links":{"self":[{"href":"https:\/\/interamerica.org\/es\/wp-json\/wp\/v2\/posts\/65363","targetHints":{"allow":["GET"]}}],"collection":[{"href":"https:\/\/interamerica.org\/es\/wp-json\/wp\/v2\/posts"}],"about":[{"href":"https:\/\/interamerica.org\/es\/wp-json\/wp\/v2\/types\/post"}],"author":[{"embeddable":true,"href":"https:\/\/interamerica.org\/es\/wp-json\/wp\/v2\/users\/3"}],"replies":[{"embeddable":true,"href":"https:\/\/interamerica.org\/es\/wp-json\/wp\/v2\/comments?post=65363"}],"version-history":[{"count":0,"href":"https:\/\/interamerica.org\/es\/wp-json\/wp\/v2\/posts\/65363\/revisions"}],"wp:featuredmedia":[{"embeddable":true,"href":"https:\/\/interamerica.org\/es\/wp-json\/wp\/v2\/media\/65325"}],"wp:attachment":[{"href":"https:\/\/interamerica.org\/es\/wp-json\/wp\/v2\/media?parent=65363"}],"wp:term":[{"taxonomy":"category","embeddable":true,"href":"https:\/\/interamerica.org\/es\/wp-json\/wp\/v2\/categories?post=65363"},{"taxonomy":"post_tag","embeddable":true,"href":"https:\/\/interamerica.org\/es\/wp-json\/wp\/v2\/tags?post=65363"}],"curies":[{"name":"wp","href":"https:\/\/api.w.org\/{rel}","templated":true}]}}