{"id":65821,"date":"2020-12-18T07:30:05","date_gmt":"2020-12-18T11:30:05","guid":{"rendered":"https:\/\/recursing-golick.147-182-135-0.plesk.page\/?p=65821"},"modified":"2020-12-18T13:12:57","modified_gmt":"2020-12-18T17:12:57","slug":"nada-puede-detener-el-evangelio","status":"publish","type":"post","link":"https:\/\/interamerica.org\/es\/2020\/12\/nada-puede-detener-el-evangelio\/","title":{"rendered":"Nada Puede Detener el Evangelio"},"content":{"rendered":"<p>18 de noviembre 2020 | Silver Spring, Maryland, Estados Unidos | Ted N.C. Wilson<\/p>\n<p><span style=\"font-weight: 400;\">Ahora que 2020 est\u00e1 llegando a su fin y pensamos en todo lo que ha sucedido, creo que muchos estar\u00edan de acuerdo en que este a\u00f1o ha sido uno de los momentos m\u00e1s dif\u00edciles de la historia reciente. En este video, el pastor Ted Wilson comparte que a\u00fan en tiempos de dificultad, nada puede detener el evangelio.<\/span><\/p>\n<p><span style=\"font-weight: 400;\">Este a\u00f1o parece encajar con la descripci\u00f3n que se encuentra en Mateo 24:7 \u201cPorque se levantar\u00e1 naci\u00f3n contra naci\u00f3n, y reino contra reino; y habr\u00e1 pestes, y hambres, y terremotos en diferentes lugares.\u00bb.<\/span><\/p>\n<p><span style=\"font-weight: 400;\">Tantas cosas dif\u00edciles y desalentadoras han sucedido este a\u00f1o que si nos detuvi\u00e9semos mucho en ellas, podr\u00edamos terminar muy desanimados. Pero alabado sea Dios, tenemos una maravillosa esperanza que nos eleva y nos <\/span><span style=\"font-weight: 400;\">anima a seguir adelante.<\/span><\/p>\n<p><span style=\"font-weight: 400;\">Continuando en Mateo 24, vers\u00edculos 12, 13 y 14, leemos: \u201cy por haberse multiplicado la maldad, el amor de muchos se enfriar\u00e1.\u00a0 Mas el que persevere hasta el fin, \u00e9ste ser\u00e1 salvo. Y ser\u00e1 predicado este evangelio del reino en todo el mundo, para testimonio a todas las naciones; y entonces vendr\u00e1 el fin.\u201d<\/span><span style=\"font-weight: 400;\">\u00a0<\/span><\/p>\n<p><span style=\"font-weight: 400;\">Este pasaje nos dice que, a pesar de todo lo que sucede a nuestro alrededor, \u00a1nada puede evitar que el evangelio sea predicado a todo el mundo como testimonio a todas las naciones!<\/span><\/p>\n<p><span style=\"font-weight: 400;\">Qu\u00e9 maravillosa promesa es esta, y qu\u00e9 incre\u00edble mensaje tenemos que compartir como testimonio al mundo, que a pesar de todo lo que sucede a nuestro alrededor, aunque el mundo parece estar girando fuera de control, hay un Dios en el cielo que nos ama, quien muri\u00f3 por nosotros, quien nos redimi\u00f3, quien tiene un plan para nosotros, quien est\u00e1 intercediendo por nosotros en el santuario celestial, y quien pronto vendr\u00e1 a llevarnos a casa para vivir con \u00c9l para siempre. Qu\u00e9 mensaje tan maravilloso e incre\u00edble tenemos para compartir con el mundo en este momento, ya que tanta gente est\u00e1 buscando esperanza para el hoy y seguridad para el ma\u00f1ana. \u00a1Tenemos el privilegio de ser anclas de estabilidad y pilares de esperanza a trav\u00e9s de estas tormentas!<\/span><\/p>\n<p><span style=\"font-weight: 400;\">El pueblo de Dios en todo el mundo ha utilizado la creatividad y la fortaleza para seguir adelante, ayudando a las personas necesitadas, difundiendo esperanza y aliento a trav\u00e9s de Internet y m\u00e1s, utilizando todos los medios posibles para proclamar el mensaje del Evangelio y la verdad de que Jes\u00fas vendr\u00e1 pronto. Gracias por todo lo que has hecho y est\u00e1s haciendo a trav\u00e9s del poder de Dios. Que \u00c9l contin\u00fae bendiciendote a medida que <\/span><span style=\"font-weight: 400;\">avanzas con Su fuerza durante estos tiempos incre\u00edbles en los que vivimos.<\/span><\/p>\n<p><iframe title=\"Nada puede detener el evangelio \/ Pastor Ted Wilson\" src=\"https:\/\/player.vimeo.com\/video\/492556929?dnt=1&amp;app_id=122963\" width=\"500\" height=\"281\" frameborder=\"0\" allow=\"autoplay; fullscreen; picture-in-picture; clipboard-write\"><\/iframe><\/p>\n","protected":false},"excerpt":{"rendered":"<p>18 de noviembre 2020 | Silver Spring, Maryland, Estados Unidos | Ted N.C. Wilson Ahora que 2020 est\u00e1 llegando a su fin y pensamos en todo lo que ha sucedido,&#8230;<\/p>\n","protected":false},"author":3,"featured_media":65840,"comment_status":"closed","ping_status":"closed","sticky":false,"template":"","format":"standard","meta":{"_acf_changed":false,"footnotes":""},"categories":[14,15],"tags":[],"class_list":["post-65821","post","type-post","status-publish","format-standard","has-post-thumbnail","hentry","category-de-la-iglesia-mundial","category-rss-espanol"],"acf":[],"yoast_head":"<!-- This site is optimized with the Yoast SEO plugin v27.3 - https:\/\/yoast.com\/product\/yoast-seo-wordpress\/ -->\n<title>Nada Puede Detener el Evangelio - Iglesia Adventista del S\u00e9ptimo D\u00eda - Divisi\u00f3n Interamericana<\/title>\n<meta name=\"robots\" content=\"index, follow, max-snippet:-1, max-image-preview:large, max-video-preview:-1\" \/>\n<link rel=\"canonical\" href=\"https:\/\/interamerica.org\/es\/2020\/12\/nada-puede-detener-el-evangelio\/\" \/>\n<meta property=\"og:locale\" content=\"es_ES\" \/>\n<meta property=\"og:type\" content=\"article\" \/>\n<meta property=\"og:title\" content=\"Nada Puede Detener el Evangelio - Iglesia Adventista del S\u00e9ptimo D\u00eda - Divisi\u00f3n Interamericana\" \/>\n<meta property=\"og:description\" content=\"18 de noviembre 2020 | Silver Spring, Maryland, Estados Unidos | Ted N.C. Wilson Ahora que 2020 est\u00e1 llegando a su fin y pensamos en todo lo que ha sucedido,...\" \/>\n<meta property=\"og:url\" content=\"https:\/\/interamerica.org\/es\/2020\/12\/nada-puede-detener-el-evangelio\/\" \/>\n<meta property=\"og:site_name\" content=\"Iglesia Adventista del S\u00e9ptimo D\u00eda - Divisi\u00f3n Interamericana\" \/>\n<meta property=\"article:published_time\" content=\"2020-12-18T11:30:05+00:00\" \/>\n<meta property=\"article:modified_time\" content=\"2020-12-18T17:12:57+00:00\" \/>\n<meta property=\"og:image\" content=\"https:\/\/interamerica.org\/wp-content\/uploads\/2020\/12\/wilson-dec18-spanish.jpg\" \/>\n\t<meta property=\"og:image:width\" content=\"1280\" \/>\n\t<meta property=\"og:image:height\" content=\"800\" \/>\n\t<meta property=\"og:image:type\" content=\"image\/jpeg\" \/>\n<meta name=\"author\" content=\"libna\" \/>\n<meta name=\"twitter:card\" content=\"summary_large_image\" \/>\n<meta name=\"twitter:label1\" content=\"Escrito por\" \/>\n\t<meta name=\"twitter:data1\" content=\"libna\" \/>\n\t<meta name=\"twitter:label2\" content=\"Tiempo de lectura\" \/>\n\t<meta name=\"twitter:data2\" content=\"2 minutos\" \/>\n<script type=\"application\/ld+json\" class=\"yoast-schema-graph\">{\"@context\":\"https:\\\/\\\/schema.org\",\"@graph\":[{\"@type\":\"Article\",\"@id\":\"https:\\\/\\\/interamerica.org\\\/es\\\/2020\\\/12\\\/nada-puede-detener-el-evangelio\\\/#article\",\"isPartOf\":{\"@id\":\"https:\\\/\\\/interamerica.org\\\/es\\\/2020\\\/12\\\/nada-puede-detener-el-evangelio\\\/\"},\"author\":{\"name\":\"libna\",\"@id\":\"https:\\\/\\\/interamerica.org\\\/es\\\/#\\\/schema\\\/person\\\/29998f2bc2d8bd0d38662909289b54f1\"},\"headline\":\"Nada Puede Detener el Evangelio\",\"datePublished\":\"2020-12-18T11:30:05+00:00\",\"dateModified\":\"2020-12-18T17:12:57+00:00\",\"mainEntityOfPage\":{\"@id\":\"https:\\\/\\\/interamerica.org\\\/es\\\/2020\\\/12\\\/nada-puede-detener-el-evangelio\\\/\"},\"wordCount\":469,\"image\":{\"@id\":\"https:\\\/\\\/interamerica.org\\\/es\\\/2020\\\/12\\\/nada-puede-detener-el-evangelio\\\/#primaryimage\"},\"thumbnailUrl\":\"https:\\\/\\\/interamerica.org\\\/wp-content\\\/uploads\\\/2020\\\/12\\\/wilson-dec18-spanish.jpg\",\"articleSection\":[\"Desde la iglesia mundial\",\"RSS Espa\u00f1ol\"],\"inLanguage\":\"es\"},{\"@type\":\"WebPage\",\"@id\":\"https:\\\/\\\/interamerica.org\\\/es\\\/2020\\\/12\\\/nada-puede-detener-el-evangelio\\\/\",\"url\":\"https:\\\/\\\/interamerica.org\\\/es\\\/2020\\\/12\\\/nada-puede-detener-el-evangelio\\\/\",\"name\":\"Nada Puede Detener el Evangelio - Iglesia Adventista del S\u00e9ptimo D\u00eda - Divisi\u00f3n Interamericana\",\"isPartOf\":{\"@id\":\"https:\\\/\\\/interamerica.org\\\/es\\\/#website\"},\"primaryImageOfPage\":{\"@id\":\"https:\\\/\\\/interamerica.org\\\/es\\\/2020\\\/12\\\/nada-puede-detener-el-evangelio\\\/#primaryimage\"},\"image\":{\"@id\":\"https:\\\/\\\/interamerica.org\\\/es\\\/2020\\\/12\\\/nada-puede-detener-el-evangelio\\\/#primaryimage\"},\"thumbnailUrl\":\"https:\\\/\\\/interamerica.org\\\/wp-content\\\/uploads\\\/2020\\\/12\\\/wilson-dec18-spanish.jpg\",\"datePublished\":\"2020-12-18T11:30:05+00:00\",\"dateModified\":\"2020-12-18T17:12:57+00:00\",\"author\":{\"@id\":\"https:\\\/\\\/interamerica.org\\\/es\\\/#\\\/schema\\\/person\\\/29998f2bc2d8bd0d38662909289b54f1\"},\"breadcrumb\":{\"@id\":\"https:\\\/\\\/interamerica.org\\\/es\\\/2020\\\/12\\\/nada-puede-detener-el-evangelio\\\/#breadcrumb\"},\"inLanguage\":\"es\",\"potentialAction\":[{\"@type\":\"ReadAction\",\"target\":[\"https:\\\/\\\/interamerica.org\\\/es\\\/2020\\\/12\\\/nada-puede-detener-el-evangelio\\\/\"]}]},{\"@type\":\"ImageObject\",\"inLanguage\":\"es\",\"@id\":\"https:\\\/\\\/interamerica.org\\\/es\\\/2020\\\/12\\\/nada-puede-detener-el-evangelio\\\/#primaryimage\",\"url\":\"https:\\\/\\\/interamerica.org\\\/wp-content\\\/uploads\\\/2020\\\/12\\\/wilson-dec18-spanish.jpg\",\"contentUrl\":\"https:\\\/\\\/interamerica.org\\\/wp-content\\\/uploads\\\/2020\\\/12\\\/wilson-dec18-spanish.jpg\",\"width\":1280,\"height\":800},{\"@type\":\"BreadcrumbList\",\"@id\":\"https:\\\/\\\/interamerica.org\\\/es\\\/2020\\\/12\\\/nada-puede-detener-el-evangelio\\\/#breadcrumb\",\"itemListElement\":[{\"@type\":\"ListItem\",\"position\":1,\"name\":\"Home\",\"item\":\"https:\\\/\\\/interamerica.org\\\/es\\\/\"},{\"@type\":\"ListItem\",\"position\":2,\"name\":\"Nada Puede Detener el Evangelio\"}]},{\"@type\":\"WebSite\",\"@id\":\"https:\\\/\\\/interamerica.org\\\/es\\\/#website\",\"url\":\"https:\\\/\\\/interamerica.org\\\/es\\\/\",\"name\":\"Iglesia Adventista del S\u00e9ptimo D\u00eda - Divisi\u00f3n Interamericana\",\"description\":\"\",\"potentialAction\":[{\"@type\":\"SearchAction\",\"target\":{\"@type\":\"EntryPoint\",\"urlTemplate\":\"https:\\\/\\\/interamerica.org\\\/es\\\/?s={search_term_string}\"},\"query-input\":{\"@type\":\"PropertyValueSpecification\",\"valueRequired\":true,\"valueName\":\"search_term_string\"}}],\"inLanguage\":\"es\"},{\"@type\":\"Person\",\"@id\":\"https:\\\/\\\/interamerica.org\\\/es\\\/#\\\/schema\\\/person\\\/29998f2bc2d8bd0d38662909289b54f1\",\"name\":\"libna\",\"image\":{\"@type\":\"ImageObject\",\"inLanguage\":\"es\",\"@id\":\"https:\\\/\\\/secure.gravatar.com\\\/avatar\\\/7c5bd30ae4b47a9ba3c856590957fd1d96dc588bf3ac05719d247e126840331f?s=96&d=mm&r=g\",\"url\":\"https:\\\/\\\/secure.gravatar.com\\\/avatar\\\/7c5bd30ae4b47a9ba3c856590957fd1d96dc588bf3ac05719d247e126840331f?s=96&d=mm&r=g\",\"contentUrl\":\"https:\\\/\\\/secure.gravatar.com\\\/avatar\\\/7c5bd30ae4b47a9ba3c856590957fd1d96dc588bf3ac05719d247e126840331f?s=96&d=mm&r=g\",\"caption\":\"libna\"}}]}<\/script>\n<!-- \/ Yoast SEO plugin. -->","yoast_head_json":{"title":"Nada Puede Detener el Evangelio - Iglesia Adventista del S\u00e9ptimo D\u00eda - Divisi\u00f3n Interamericana","robots":{"index":"index","follow":"follow","max-snippet":"max-snippet:-1","max-image-preview":"max-image-preview:large","max-video-preview":"max-video-preview:-1"},"canonical":"https:\/\/interamerica.org\/es\/2020\/12\/nada-puede-detener-el-evangelio\/","og_locale":"es_ES","og_type":"article","og_title":"Nada Puede Detener el Evangelio - Iglesia Adventista del S\u00e9ptimo D\u00eda - Divisi\u00f3n Interamericana","og_description":"18 de noviembre 2020 | Silver Spring, Maryland, Estados Unidos | Ted N.C. Wilson Ahora que 2020 est\u00e1 llegando a su fin y pensamos en todo lo que ha sucedido,...","og_url":"https:\/\/interamerica.org\/es\/2020\/12\/nada-puede-detener-el-evangelio\/","og_site_name":"Iglesia Adventista del S\u00e9ptimo D\u00eda - Divisi\u00f3n Interamericana","article_published_time":"2020-12-18T11:30:05+00:00","article_modified_time":"2020-12-18T17:12:57+00:00","og_image":[{"width":1280,"height":800,"url":"https:\/\/interamerica.org\/wp-content\/uploads\/2020\/12\/wilson-dec18-spanish.jpg","type":"image\/jpeg"}],"author":"libna","twitter_card":"summary_large_image","twitter_misc":{"Escrito por":"libna","Tiempo de lectura":"2 minutos"},"schema":{"@context":"https:\/\/schema.org","@graph":[{"@type":"Article","@id":"https:\/\/interamerica.org\/es\/2020\/12\/nada-puede-detener-el-evangelio\/#article","isPartOf":{"@id":"https:\/\/interamerica.org\/es\/2020\/12\/nada-puede-detener-el-evangelio\/"},"author":{"name":"libna","@id":"https:\/\/interamerica.org\/es\/#\/schema\/person\/29998f2bc2d8bd0d38662909289b54f1"},"headline":"Nada Puede Detener el Evangelio","datePublished":"2020-12-18T11:30:05+00:00","dateModified":"2020-12-18T17:12:57+00:00","mainEntityOfPage":{"@id":"https:\/\/interamerica.org\/es\/2020\/12\/nada-puede-detener-el-evangelio\/"},"wordCount":469,"image":{"@id":"https:\/\/interamerica.org\/es\/2020\/12\/nada-puede-detener-el-evangelio\/#primaryimage"},"thumbnailUrl":"https:\/\/interamerica.org\/wp-content\/uploads\/2020\/12\/wilson-dec18-spanish.jpg","articleSection":["Desde la iglesia mundial","RSS Espa\u00f1ol"],"inLanguage":"es"},{"@type":"WebPage","@id":"https:\/\/interamerica.org\/es\/2020\/12\/nada-puede-detener-el-evangelio\/","url":"https:\/\/interamerica.org\/es\/2020\/12\/nada-puede-detener-el-evangelio\/","name":"Nada Puede Detener el Evangelio - Iglesia Adventista del S\u00e9ptimo D\u00eda - Divisi\u00f3n Interamericana","isPartOf":{"@id":"https:\/\/interamerica.org\/es\/#website"},"primaryImageOfPage":{"@id":"https:\/\/interamerica.org\/es\/2020\/12\/nada-puede-detener-el-evangelio\/#primaryimage"},"image":{"@id":"https:\/\/interamerica.org\/es\/2020\/12\/nada-puede-detener-el-evangelio\/#primaryimage"},"thumbnailUrl":"https:\/\/interamerica.org\/wp-content\/uploads\/2020\/12\/wilson-dec18-spanish.jpg","datePublished":"2020-12-18T11:30:05+00:00","dateModified":"2020-12-18T17:12:57+00:00","author":{"@id":"https:\/\/interamerica.org\/es\/#\/schema\/person\/29998f2bc2d8bd0d38662909289b54f1"},"breadcrumb":{"@id":"https:\/\/interamerica.org\/es\/2020\/12\/nada-puede-detener-el-evangelio\/#breadcrumb"},"inLanguage":"es","potentialAction":[{"@type":"ReadAction","target":["https:\/\/interamerica.org\/es\/2020\/12\/nada-puede-detener-el-evangelio\/"]}]},{"@type":"ImageObject","inLanguage":"es","@id":"https:\/\/interamerica.org\/es\/2020\/12\/nada-puede-detener-el-evangelio\/#primaryimage","url":"https:\/\/interamerica.org\/wp-content\/uploads\/2020\/12\/wilson-dec18-spanish.jpg","contentUrl":"https:\/\/interamerica.org\/wp-content\/uploads\/2020\/12\/wilson-dec18-spanish.jpg","width":1280,"height":800},{"@type":"BreadcrumbList","@id":"https:\/\/interamerica.org\/es\/2020\/12\/nada-puede-detener-el-evangelio\/#breadcrumb","itemListElement":[{"@type":"ListItem","position":1,"name":"Home","item":"https:\/\/interamerica.org\/es\/"},{"@type":"ListItem","position":2,"name":"Nada Puede Detener el Evangelio"}]},{"@type":"WebSite","@id":"https:\/\/interamerica.org\/es\/#website","url":"https:\/\/interamerica.org\/es\/","name":"Iglesia Adventista del S\u00e9ptimo D\u00eda - Divisi\u00f3n Interamericana","description":"","potentialAction":[{"@type":"SearchAction","target":{"@type":"EntryPoint","urlTemplate":"https:\/\/interamerica.org\/es\/?s={search_term_string}"},"query-input":{"@type":"PropertyValueSpecification","valueRequired":true,"valueName":"search_term_string"}}],"inLanguage":"es"},{"@type":"Person","@id":"https:\/\/interamerica.org\/es\/#\/schema\/person\/29998f2bc2d8bd0d38662909289b54f1","name":"libna","image":{"@type":"ImageObject","inLanguage":"es","@id":"https:\/\/secure.gravatar.com\/avatar\/7c5bd30ae4b47a9ba3c856590957fd1d96dc588bf3ac05719d247e126840331f?s=96&d=mm&r=g","url":"https:\/\/secure.gravatar.com\/avatar\/7c5bd30ae4b47a9ba3c856590957fd1d96dc588bf3ac05719d247e126840331f?s=96&d=mm&r=g","contentUrl":"https:\/\/secure.gravatar.com\/avatar\/7c5bd30ae4b47a9ba3c856590957fd1d96dc588bf3ac05719d247e126840331f?s=96&d=mm&r=g","caption":"libna"}}]}},"_links":{"self":[{"href":"https:\/\/interamerica.org\/es\/wp-json\/wp\/v2\/posts\/65821","targetHints":{"allow":["GET"]}}],"collection":[{"href":"https:\/\/interamerica.org\/es\/wp-json\/wp\/v2\/posts"}],"about":[{"href":"https:\/\/interamerica.org\/es\/wp-json\/wp\/v2\/types\/post"}],"author":[{"embeddable":true,"href":"https:\/\/interamerica.org\/es\/wp-json\/wp\/v2\/users\/3"}],"replies":[{"embeddable":true,"href":"https:\/\/interamerica.org\/es\/wp-json\/wp\/v2\/comments?post=65821"}],"version-history":[{"count":0,"href":"https:\/\/interamerica.org\/es\/wp-json\/wp\/v2\/posts\/65821\/revisions"}],"wp:featuredmedia":[{"embeddable":true,"href":"https:\/\/interamerica.org\/es\/wp-json\/wp\/v2\/media\/65840"}],"wp:attachment":[{"href":"https:\/\/interamerica.org\/es\/wp-json\/wp\/v2\/media?parent=65821"}],"wp:term":[{"taxonomy":"category","embeddable":true,"href":"https:\/\/interamerica.org\/es\/wp-json\/wp\/v2\/categories?post=65821"},{"taxonomy":"post_tag","embeddable":true,"href":"https:\/\/interamerica.org\/es\/wp-json\/wp\/v2\/tags?post=65821"}],"curies":[{"name":"wp","href":"https:\/\/api.w.org\/{rel}","templated":true}]}}