{"id":65971,"date":"2020-12-29T11:17:40","date_gmt":"2020-12-29T15:17:40","guid":{"rendered":"https:\/\/recursing-golick.147-182-135-0.plesk.page\/?p=65971"},"modified":"2020-12-29T12:28:54","modified_gmt":"2020-12-29T16:28:54","slug":"nos-regocijamos-por-la-oracion-contestada","status":"publish","type":"post","link":"https:\/\/interamerica.org\/es\/2020\/12\/nos-regocijamos-por-la-oracion-contestada\/","title":{"rendered":"Nos regocijamos por la oraci\u00f3n contestada"},"content":{"rendered":"<p>29 de diciembre de 2020 | Silver Spring, Maryland, Estados Unidos | Ted N.C. Wilson, presidente de la Asociaci\u00f3n General de los Adventistas del S\u00e9ptimo D\u00eda<\/p>\n<p>Es con corazones agradecidos a Dios que nos regocijamos con la familia Henry al enterarnos de la maravillosa noticia <a href=\"https:\/\/recursing-golick.147-182-135-0.plesk.page\/2020\/12\/inter-american-division-president-released-after-four-days-of-captivity\/\" target=\"_blank\" rel=\"noopener noreferrer\">compartida por la Divisi\u00f3n Interamericana<\/a> de que Elie Henry, presidente de esa divisi\u00f3n, y su hija adulta Irma fueron liberados el lunes despu\u00e9s de ser secuestrados en Hait\u00ed. Este es un tributo a todos los que estuvieron por este resultado tan positivo. Alabado sea Dios por haber escuchado nuestras oraciones. Hemos estado sumamente preocupados por esta situaci\u00f3n desde que se llev\u00f3 a cabo su secuestro el jueves por la noche, por lo que la noticia de su liberaci\u00f3n es una bendici\u00f3n maravillosa de parte de Dios.<\/p>\n<p>Hemos aprendido mucho sobre la efectividad de la oraci\u00f3n mediante esta dif\u00edcil experiencia, y deseo agradecer a todos los que oraron por esta situaci\u00f3n cr\u00edtica. \u00a1A qu\u00e9 maravilloso Dios servimos! Tambi\u00e9n hemos aprendido que es mucho mejor orar m\u00e1s y no hacer circular informaci\u00f3n especulativa en los medios sociales sobre temas delicados como este, que en potencia pueden poner en mayor riesgo a aquellos cuyas vidas est\u00e1n en juego. Gracias por orar m\u00e1s en las situaciones cr\u00edticas.<\/p>\n<p>Seg\u00fan sabemos a partir de las profec\u00edas b\u00edblicas registradas en los libros de Daniel y Apocalipsis, las palabras de Cristo registradas en Mateo 24 y las descripciones detalladas de los d\u00edas finales de la tierra seg\u00fan se presentan en el libro <em>El conflicto de los siglos, <\/em>enfrentaremos muchos desaf\u00edos dif\u00edciles en el futuro. A pesar de ello, se nos brinda la hermosa seguridad de que \u201cno tenemos nada que temer del futuro, excepto que olvidemos la manera en que el Se\u00f1or nos ha conducido y sus ense\u00f1anzas en nuestra historia pasada\u201d. Mientras seguimos avanzando, apoy\u00e9monos por completo en el Se\u00f1or. Sigamos orando por la familia Henry mientras nos regocijamos juntos por la maravillosa providencia de Dios. \u00a1Alabado sea su nombre! \u00a1Jes\u00fas viene pronto!\u201d<\/p>\n<p>Traducci\u00f3n de Marcos Paseggi<\/p>\n","protected":false},"excerpt":{"rendered":"<p>29 de diciembre de 2020 | Silver Spring, Maryland, Estados Unidos | Ted N.C. Wilson, presidente de la Asociaci\u00f3n General de los Adventistas del S\u00e9ptimo D\u00eda Es con corazones agradecidos&#8230;<\/p>\n","protected":false},"author":3,"featured_media":65968,"comment_status":"closed","ping_status":"closed","sticky":false,"template":"","format":"standard","meta":{"_acf_changed":false,"footnotes":""},"categories":[14,15],"tags":[],"class_list":["post-65971","post","type-post","status-publish","format-standard","has-post-thumbnail","hentry","category-de-la-iglesia-mundial","category-rss-espanol"],"acf":[],"yoast_head":"<!-- This site is optimized with the Yoast SEO plugin v27.3 - https:\/\/yoast.com\/product\/yoast-seo-wordpress\/ -->\n<title>Nos regocijamos por la oraci\u00f3n contestada - Iglesia Adventista del S\u00e9ptimo D\u00eda - Divisi\u00f3n Interamericana<\/title>\n<meta name=\"robots\" content=\"index, follow, max-snippet:-1, max-image-preview:large, max-video-preview:-1\" \/>\n<link rel=\"canonical\" href=\"https:\/\/interamerica.org\/es\/2020\/12\/nos-regocijamos-por-la-oracion-contestada\/\" \/>\n<meta property=\"og:locale\" content=\"es_ES\" \/>\n<meta property=\"og:type\" content=\"article\" \/>\n<meta property=\"og:title\" content=\"Nos regocijamos por la oraci\u00f3n contestada - Iglesia Adventista del S\u00e9ptimo D\u00eda - Divisi\u00f3n Interamericana\" \/>\n<meta property=\"og:description\" content=\"29 de diciembre de 2020 | Silver Spring, Maryland, Estados Unidos | Ted N.C. Wilson, presidente de la Asociaci\u00f3n General de los Adventistas del S\u00e9ptimo D\u00eda Es con corazones agradecidos...\" \/>\n<meta property=\"og:url\" content=\"https:\/\/interamerica.org\/es\/2020\/12\/nos-regocijamos-por-la-oracion-contestada\/\" \/>\n<meta property=\"og:site_name\" content=\"Iglesia Adventista del S\u00e9ptimo D\u00eda - Divisi\u00f3n Interamericana\" \/>\n<meta property=\"article:published_time\" content=\"2020-12-29T15:17:40+00:00\" \/>\n<meta property=\"article:modified_time\" content=\"2020-12-29T16:28:54+00:00\" \/>\n<meta property=\"og:image\" content=\"https:\/\/interamerica.org\/wp-content\/uploads\/2020\/12\/ted-wilson-ann.jpg\" \/>\n\t<meta property=\"og:image:width\" content=\"1280\" \/>\n\t<meta property=\"og:image:height\" content=\"800\" \/>\n\t<meta property=\"og:image:type\" content=\"image\/jpeg\" \/>\n<meta name=\"author\" content=\"libna\" \/>\n<meta name=\"twitter:card\" content=\"summary_large_image\" \/>\n<meta name=\"twitter:label1\" content=\"Escrito por\" \/>\n\t<meta name=\"twitter:data1\" content=\"libna\" \/>\n\t<meta name=\"twitter:label2\" content=\"Tiempo de lectura\" \/>\n\t<meta name=\"twitter:data2\" content=\"2 minutos\" \/>\n<script type=\"application\/ld+json\" class=\"yoast-schema-graph\">{\"@context\":\"https:\\\/\\\/schema.org\",\"@graph\":[{\"@type\":\"Article\",\"@id\":\"https:\\\/\\\/interamerica.org\\\/es\\\/2020\\\/12\\\/nos-regocijamos-por-la-oracion-contestada\\\/#article\",\"isPartOf\":{\"@id\":\"https:\\\/\\\/interamerica.org\\\/es\\\/2020\\\/12\\\/nos-regocijamos-por-la-oracion-contestada\\\/\"},\"author\":{\"name\":\"libna\",\"@id\":\"https:\\\/\\\/interamerica.org\\\/es\\\/#\\\/schema\\\/person\\\/29998f2bc2d8bd0d38662909289b54f1\"},\"headline\":\"Nos regocijamos por la oraci\u00f3n contestada\",\"datePublished\":\"2020-12-29T15:17:40+00:00\",\"dateModified\":\"2020-12-29T16:28:54+00:00\",\"mainEntityOfPage\":{\"@id\":\"https:\\\/\\\/interamerica.org\\\/es\\\/2020\\\/12\\\/nos-regocijamos-por-la-oracion-contestada\\\/\"},\"wordCount\":370,\"image\":{\"@id\":\"https:\\\/\\\/interamerica.org\\\/es\\\/2020\\\/12\\\/nos-regocijamos-por-la-oracion-contestada\\\/#primaryimage\"},\"thumbnailUrl\":\"https:\\\/\\\/interamerica.org\\\/wp-content\\\/uploads\\\/2020\\\/12\\\/ted-wilson-ann.jpg\",\"articleSection\":[\"Desde la iglesia mundial\",\"RSS Espa\u00f1ol\"],\"inLanguage\":\"es\"},{\"@type\":\"WebPage\",\"@id\":\"https:\\\/\\\/interamerica.org\\\/es\\\/2020\\\/12\\\/nos-regocijamos-por-la-oracion-contestada\\\/\",\"url\":\"https:\\\/\\\/interamerica.org\\\/es\\\/2020\\\/12\\\/nos-regocijamos-por-la-oracion-contestada\\\/\",\"name\":\"Nos regocijamos por la oraci\u00f3n contestada - Iglesia Adventista del S\u00e9ptimo D\u00eda - Divisi\u00f3n Interamericana\",\"isPartOf\":{\"@id\":\"https:\\\/\\\/interamerica.org\\\/es\\\/#website\"},\"primaryImageOfPage\":{\"@id\":\"https:\\\/\\\/interamerica.org\\\/es\\\/2020\\\/12\\\/nos-regocijamos-por-la-oracion-contestada\\\/#primaryimage\"},\"image\":{\"@id\":\"https:\\\/\\\/interamerica.org\\\/es\\\/2020\\\/12\\\/nos-regocijamos-por-la-oracion-contestada\\\/#primaryimage\"},\"thumbnailUrl\":\"https:\\\/\\\/interamerica.org\\\/wp-content\\\/uploads\\\/2020\\\/12\\\/ted-wilson-ann.jpg\",\"datePublished\":\"2020-12-29T15:17:40+00:00\",\"dateModified\":\"2020-12-29T16:28:54+00:00\",\"author\":{\"@id\":\"https:\\\/\\\/interamerica.org\\\/es\\\/#\\\/schema\\\/person\\\/29998f2bc2d8bd0d38662909289b54f1\"},\"breadcrumb\":{\"@id\":\"https:\\\/\\\/interamerica.org\\\/es\\\/2020\\\/12\\\/nos-regocijamos-por-la-oracion-contestada\\\/#breadcrumb\"},\"inLanguage\":\"es\",\"potentialAction\":[{\"@type\":\"ReadAction\",\"target\":[\"https:\\\/\\\/interamerica.org\\\/es\\\/2020\\\/12\\\/nos-regocijamos-por-la-oracion-contestada\\\/\"]}]},{\"@type\":\"ImageObject\",\"inLanguage\":\"es\",\"@id\":\"https:\\\/\\\/interamerica.org\\\/es\\\/2020\\\/12\\\/nos-regocijamos-por-la-oracion-contestada\\\/#primaryimage\",\"url\":\"https:\\\/\\\/interamerica.org\\\/wp-content\\\/uploads\\\/2020\\\/12\\\/ted-wilson-ann.jpg\",\"contentUrl\":\"https:\\\/\\\/interamerica.org\\\/wp-content\\\/uploads\\\/2020\\\/12\\\/ted-wilson-ann.jpg\",\"width\":1280,\"height\":800,\"caption\":\"[Fotograf\u00eda por cortes\u00eda de la Asociaci\u00f3n General de los Adventistas del S\u00e9ptimo D\u00eda]\"},{\"@type\":\"BreadcrumbList\",\"@id\":\"https:\\\/\\\/interamerica.org\\\/es\\\/2020\\\/12\\\/nos-regocijamos-por-la-oracion-contestada\\\/#breadcrumb\",\"itemListElement\":[{\"@type\":\"ListItem\",\"position\":1,\"name\":\"Home\",\"item\":\"https:\\\/\\\/interamerica.org\\\/es\\\/\"},{\"@type\":\"ListItem\",\"position\":2,\"name\":\"Nos regocijamos por la oraci\u00f3n contestada\"}]},{\"@type\":\"WebSite\",\"@id\":\"https:\\\/\\\/interamerica.org\\\/es\\\/#website\",\"url\":\"https:\\\/\\\/interamerica.org\\\/es\\\/\",\"name\":\"Iglesia Adventista del S\u00e9ptimo D\u00eda - Divisi\u00f3n Interamericana\",\"description\":\"\",\"potentialAction\":[{\"@type\":\"SearchAction\",\"target\":{\"@type\":\"EntryPoint\",\"urlTemplate\":\"https:\\\/\\\/interamerica.org\\\/es\\\/?s={search_term_string}\"},\"query-input\":{\"@type\":\"PropertyValueSpecification\",\"valueRequired\":true,\"valueName\":\"search_term_string\"}}],\"inLanguage\":\"es\"},{\"@type\":\"Person\",\"@id\":\"https:\\\/\\\/interamerica.org\\\/es\\\/#\\\/schema\\\/person\\\/29998f2bc2d8bd0d38662909289b54f1\",\"name\":\"libna\",\"image\":{\"@type\":\"ImageObject\",\"inLanguage\":\"es\",\"@id\":\"https:\\\/\\\/secure.gravatar.com\\\/avatar\\\/7c5bd30ae4b47a9ba3c856590957fd1d96dc588bf3ac05719d247e126840331f?s=96&d=mm&r=g\",\"url\":\"https:\\\/\\\/secure.gravatar.com\\\/avatar\\\/7c5bd30ae4b47a9ba3c856590957fd1d96dc588bf3ac05719d247e126840331f?s=96&d=mm&r=g\",\"contentUrl\":\"https:\\\/\\\/secure.gravatar.com\\\/avatar\\\/7c5bd30ae4b47a9ba3c856590957fd1d96dc588bf3ac05719d247e126840331f?s=96&d=mm&r=g\",\"caption\":\"libna\"}}]}<\/script>\n<!-- \/ Yoast SEO plugin. -->","yoast_head_json":{"title":"Nos regocijamos por la oraci\u00f3n contestada - Iglesia Adventista del S\u00e9ptimo D\u00eda - Divisi\u00f3n Interamericana","robots":{"index":"index","follow":"follow","max-snippet":"max-snippet:-1","max-image-preview":"max-image-preview:large","max-video-preview":"max-video-preview:-1"},"canonical":"https:\/\/interamerica.org\/es\/2020\/12\/nos-regocijamos-por-la-oracion-contestada\/","og_locale":"es_ES","og_type":"article","og_title":"Nos regocijamos por la oraci\u00f3n contestada - Iglesia Adventista del S\u00e9ptimo D\u00eda - Divisi\u00f3n Interamericana","og_description":"29 de diciembre de 2020 | Silver Spring, Maryland, Estados Unidos | Ted N.C. Wilson, presidente de la Asociaci\u00f3n General de los Adventistas del S\u00e9ptimo D\u00eda Es con corazones agradecidos...","og_url":"https:\/\/interamerica.org\/es\/2020\/12\/nos-regocijamos-por-la-oracion-contestada\/","og_site_name":"Iglesia Adventista del S\u00e9ptimo D\u00eda - Divisi\u00f3n Interamericana","article_published_time":"2020-12-29T15:17:40+00:00","article_modified_time":"2020-12-29T16:28:54+00:00","og_image":[{"width":1280,"height":800,"url":"https:\/\/interamerica.org\/wp-content\/uploads\/2020\/12\/ted-wilson-ann.jpg","type":"image\/jpeg"}],"author":"libna","twitter_card":"summary_large_image","twitter_misc":{"Escrito por":"libna","Tiempo de lectura":"2 minutos"},"schema":{"@context":"https:\/\/schema.org","@graph":[{"@type":"Article","@id":"https:\/\/interamerica.org\/es\/2020\/12\/nos-regocijamos-por-la-oracion-contestada\/#article","isPartOf":{"@id":"https:\/\/interamerica.org\/es\/2020\/12\/nos-regocijamos-por-la-oracion-contestada\/"},"author":{"name":"libna","@id":"https:\/\/interamerica.org\/es\/#\/schema\/person\/29998f2bc2d8bd0d38662909289b54f1"},"headline":"Nos regocijamos por la oraci\u00f3n contestada","datePublished":"2020-12-29T15:17:40+00:00","dateModified":"2020-12-29T16:28:54+00:00","mainEntityOfPage":{"@id":"https:\/\/interamerica.org\/es\/2020\/12\/nos-regocijamos-por-la-oracion-contestada\/"},"wordCount":370,"image":{"@id":"https:\/\/interamerica.org\/es\/2020\/12\/nos-regocijamos-por-la-oracion-contestada\/#primaryimage"},"thumbnailUrl":"https:\/\/interamerica.org\/wp-content\/uploads\/2020\/12\/ted-wilson-ann.jpg","articleSection":["Desde la iglesia mundial","RSS Espa\u00f1ol"],"inLanguage":"es"},{"@type":"WebPage","@id":"https:\/\/interamerica.org\/es\/2020\/12\/nos-regocijamos-por-la-oracion-contestada\/","url":"https:\/\/interamerica.org\/es\/2020\/12\/nos-regocijamos-por-la-oracion-contestada\/","name":"Nos regocijamos por la oraci\u00f3n contestada - Iglesia Adventista del S\u00e9ptimo D\u00eda - Divisi\u00f3n Interamericana","isPartOf":{"@id":"https:\/\/interamerica.org\/es\/#website"},"primaryImageOfPage":{"@id":"https:\/\/interamerica.org\/es\/2020\/12\/nos-regocijamos-por-la-oracion-contestada\/#primaryimage"},"image":{"@id":"https:\/\/interamerica.org\/es\/2020\/12\/nos-regocijamos-por-la-oracion-contestada\/#primaryimage"},"thumbnailUrl":"https:\/\/interamerica.org\/wp-content\/uploads\/2020\/12\/ted-wilson-ann.jpg","datePublished":"2020-12-29T15:17:40+00:00","dateModified":"2020-12-29T16:28:54+00:00","author":{"@id":"https:\/\/interamerica.org\/es\/#\/schema\/person\/29998f2bc2d8bd0d38662909289b54f1"},"breadcrumb":{"@id":"https:\/\/interamerica.org\/es\/2020\/12\/nos-regocijamos-por-la-oracion-contestada\/#breadcrumb"},"inLanguage":"es","potentialAction":[{"@type":"ReadAction","target":["https:\/\/interamerica.org\/es\/2020\/12\/nos-regocijamos-por-la-oracion-contestada\/"]}]},{"@type":"ImageObject","inLanguage":"es","@id":"https:\/\/interamerica.org\/es\/2020\/12\/nos-regocijamos-por-la-oracion-contestada\/#primaryimage","url":"https:\/\/interamerica.org\/wp-content\/uploads\/2020\/12\/ted-wilson-ann.jpg","contentUrl":"https:\/\/interamerica.org\/wp-content\/uploads\/2020\/12\/ted-wilson-ann.jpg","width":1280,"height":800,"caption":"[Fotograf\u00eda por cortes\u00eda de la Asociaci\u00f3n General de los Adventistas del S\u00e9ptimo D\u00eda]"},{"@type":"BreadcrumbList","@id":"https:\/\/interamerica.org\/es\/2020\/12\/nos-regocijamos-por-la-oracion-contestada\/#breadcrumb","itemListElement":[{"@type":"ListItem","position":1,"name":"Home","item":"https:\/\/interamerica.org\/es\/"},{"@type":"ListItem","position":2,"name":"Nos regocijamos por la oraci\u00f3n contestada"}]},{"@type":"WebSite","@id":"https:\/\/interamerica.org\/es\/#website","url":"https:\/\/interamerica.org\/es\/","name":"Iglesia Adventista del S\u00e9ptimo D\u00eda - Divisi\u00f3n Interamericana","description":"","potentialAction":[{"@type":"SearchAction","target":{"@type":"EntryPoint","urlTemplate":"https:\/\/interamerica.org\/es\/?s={search_term_string}"},"query-input":{"@type":"PropertyValueSpecification","valueRequired":true,"valueName":"search_term_string"}}],"inLanguage":"es"},{"@type":"Person","@id":"https:\/\/interamerica.org\/es\/#\/schema\/person\/29998f2bc2d8bd0d38662909289b54f1","name":"libna","image":{"@type":"ImageObject","inLanguage":"es","@id":"https:\/\/secure.gravatar.com\/avatar\/7c5bd30ae4b47a9ba3c856590957fd1d96dc588bf3ac05719d247e126840331f?s=96&d=mm&r=g","url":"https:\/\/secure.gravatar.com\/avatar\/7c5bd30ae4b47a9ba3c856590957fd1d96dc588bf3ac05719d247e126840331f?s=96&d=mm&r=g","contentUrl":"https:\/\/secure.gravatar.com\/avatar\/7c5bd30ae4b47a9ba3c856590957fd1d96dc588bf3ac05719d247e126840331f?s=96&d=mm&r=g","caption":"libna"}}]}},"_links":{"self":[{"href":"https:\/\/interamerica.org\/es\/wp-json\/wp\/v2\/posts\/65971","targetHints":{"allow":["GET"]}}],"collection":[{"href":"https:\/\/interamerica.org\/es\/wp-json\/wp\/v2\/posts"}],"about":[{"href":"https:\/\/interamerica.org\/es\/wp-json\/wp\/v2\/types\/post"}],"author":[{"embeddable":true,"href":"https:\/\/interamerica.org\/es\/wp-json\/wp\/v2\/users\/3"}],"replies":[{"embeddable":true,"href":"https:\/\/interamerica.org\/es\/wp-json\/wp\/v2\/comments?post=65971"}],"version-history":[{"count":0,"href":"https:\/\/interamerica.org\/es\/wp-json\/wp\/v2\/posts\/65971\/revisions"}],"wp:featuredmedia":[{"embeddable":true,"href":"https:\/\/interamerica.org\/es\/wp-json\/wp\/v2\/media\/65968"}],"wp:attachment":[{"href":"https:\/\/interamerica.org\/es\/wp-json\/wp\/v2\/media?parent=65971"}],"wp:term":[{"taxonomy":"category","embeddable":true,"href":"https:\/\/interamerica.org\/es\/wp-json\/wp\/v2\/categories?post=65971"},{"taxonomy":"post_tag","embeddable":true,"href":"https:\/\/interamerica.org\/es\/wp-json\/wp\/v2\/tags?post=65971"}],"curies":[{"name":"wp","href":"https:\/\/api.w.org\/{rel}","templated":true}]}}