{"id":66336,"date":"2021-01-11T08:58:52","date_gmt":"2021-01-11T12:58:52","guid":{"rendered":"https:\/\/recursing-golick.147-182-135-0.plesk.page\/?p=66336"},"modified":"2021-01-11T21:25:36","modified_gmt":"2021-01-12T01:25:36","slug":"lideres-de-la-division-norteamericana-responden-a-eventos-en-el-capitolio-de-los-estados-unidos","status":"publish","type":"post","link":"https:\/\/interamerica.org\/es\/2021\/01\/lideres-de-la-division-norteamericana-responden-a-eventos-en-el-capitolio-de-los-estados-unidos\/","title":{"rendered":"L\u00edderes de la Divisi\u00f3n Norteamericana responden a eventos en el Capitolio de los Estados Unidos"},"content":{"rendered":"<p>8 de enero de 2021 | Columbia, Maryland, Estados Unidos | Divisi\u00f3n Norteamericana<\/p>\n<p>Los eventos de Washington D.C. durante los \u00faltimos d\u00edas han sido traum\u00e1ticos para la mayor\u00eda de los estadounidenses, y han conmocionado a personas de diversas partes del mundo. Muchos de nuestros miembros est\u00e1n profundamente preocupados por las acciones que tuvieron lugar en el edificio del Congreso de los Estados Unidos el 6 de enero de 2021. Los l\u00edderes de la Divisi\u00f3n Norteamericana afirman el derecho de las personas de protestar con respeto, pero condenan fuertemente las acciones reprensibles de los revoltosos que muestran una clara falta de respeto por la seguridad de otros, la instituci\u00f3n de la democracia y el proceso ordenado y diplom\u00e1tico de la transici\u00f3n de gobierno.<\/p>\n<p>Los l\u00edderes de la Divisi\u00f3n Norteamericana hacen un llamado para que nuestros miembros reflexionen en oraci\u00f3n sobre <a class=\"rtBibleRef\" href=\"https:\/\/biblia.com\/bible\/nkjv\/Phil%204.7\" target=\"_blank\" rel=\"noopener\" data-reference=\"Phil 4.7\" data-version=\"nkjv\" data-purpose=\"bible-reference\">Filipenses 4:7<\/a>, que expresa, \u201cY la paz de Dios, que sobrepasa todo entendimiento, guardar\u00e1 vuestros corazones y vuestros pensamientos en Cristo Jes\u00fas\u201d, mientras buscamos comprender los eventos que est\u00e1n teniendo lugar en los Estados Unidos. En tiempos como estos necesitamos orar con las palabras: \u201cEn Dios est\u00e1 mi salvaci\u00f3n y mi gloria; en Dios est\u00e1 mi roca fuerte y mi refugio\u201d (<a class=\"rtBibleRef\" href=\"https:\/\/biblia.com\/bible\/nkjv\/Ps%2062.7\" target=\"_blank\" rel=\"noopener\" data-reference=\"Ps 62.7\" data-version=\"nkjv\" data-purpose=\"bible-reference\">Salmos 62:7<\/a>).<\/p>\n<p>Reconocemos que nuestros miembros de iglesia en los Estados Unidos representan un amplio espectro de puntos de vista y posturas sobre muchos temas. Que al avanzar, el amor de Dios nos acerque mientras nos acercamos unos a otros y a las comunidades en las que vivimos y trabajamos. Que Dios nos otorgue toda la paz, la fortaleza y la sabidur\u00eda al servir como ciudadanos de este pa\u00eds. Como seguidores de Cristo, un\u00e1monos en oraci\u00f3n por nuestras comunidades, por nuestros l\u00edderes, y para que prevalezca el Esp\u00edritu de Dios.<\/p>\n<p><em>G. Alexander Bryant, presidente de la Iglesia Adventistta del S\u00e9ptimo D\u00eda en Norteam\u00e9rica<\/em><\/p>\n<p><em>Randy Robinson, tesorero<\/em><\/p>\n<p><em>Kyoshin Ahn, secretario<\/em><\/p>\n<p>Traducci\u00f3n de Marcos Paseggi<\/p>\n","protected":false},"excerpt":{"rendered":"<p>8 de enero de 2021 | Columbia, Maryland, Estados Unidos | Divisi\u00f3n Norteamericana Los eventos de Washington D.C. durante los \u00faltimos d\u00edas han sido traum\u00e1ticos para la mayor\u00eda de los&#8230;<\/p>\n","protected":false},"author":3,"featured_media":66327,"comment_status":"closed","ping_status":"closed","sticky":false,"template":"","format":"standard","meta":{"_acf_changed":false,"footnotes":""},"categories":[14,15],"tags":[],"class_list":["post-66336","post","type-post","status-publish","format-standard","has-post-thumbnail","hentry","category-de-la-iglesia-mundial","category-rss-espanol"],"acf":[],"yoast_head":"<!-- This site is optimized with the Yoast SEO plugin v27.3 - https:\/\/yoast.com\/product\/yoast-seo-wordpress\/ -->\n<title>L\u00edderes de la Divisi\u00f3n Norteamericana responden a eventos en el Capitolio de los Estados Unidos - Iglesia Adventista del S\u00e9ptimo D\u00eda - Divisi\u00f3n Interamericana<\/title>\n<meta name=\"robots\" content=\"index, follow, max-snippet:-1, max-image-preview:large, max-video-preview:-1\" \/>\n<link rel=\"canonical\" href=\"https:\/\/interamerica.org\/es\/2021\/01\/lideres-de-la-division-norteamericana-responden-a-eventos-en-el-capitolio-de-los-estados-unidos\/\" \/>\n<meta property=\"og:locale\" content=\"es_ES\" \/>\n<meta property=\"og:type\" content=\"article\" \/>\n<meta property=\"og:title\" content=\"L\u00edderes de la Divisi\u00f3n Norteamericana responden a eventos en el Capitolio de los Estados Unidos - Iglesia Adventista del S\u00e9ptimo D\u00eda - Divisi\u00f3n Interamericana\" \/>\n<meta property=\"og:description\" content=\"8 de enero de 2021 | Columbia, Maryland, Estados Unidos | Divisi\u00f3n Norteamericana Los eventos de Washington D.C. durante los \u00faltimos d\u00edas han sido traum\u00e1ticos para la mayor\u00eda de los...\" \/>\n<meta property=\"og:url\" content=\"https:\/\/interamerica.org\/es\/2021\/01\/lideres-de-la-division-norteamericana-responden-a-eventos-en-el-capitolio-de-los-estados-unidos\/\" \/>\n<meta property=\"og:site_name\" content=\"Iglesia Adventista del S\u00e9ptimo D\u00eda - Divisi\u00f3n Interamericana\" \/>\n<meta property=\"article:published_time\" content=\"2021-01-11T12:58:52+00:00\" \/>\n<meta property=\"article:modified_time\" content=\"2021-01-12T01:25:36+00:00\" \/>\n<meta property=\"og:image\" content=\"https:\/\/interamerica.org\/wp-content\/uploads\/2021\/01\/nad-statement-jan-08.jpg\" \/>\n\t<meta property=\"og:image:width\" content=\"1280\" \/>\n\t<meta property=\"og:image:height\" content=\"800\" \/>\n\t<meta property=\"og:image:type\" content=\"image\/jpeg\" \/>\n<meta name=\"author\" content=\"libna\" \/>\n<meta name=\"twitter:card\" content=\"summary_large_image\" \/>\n<meta name=\"twitter:label1\" content=\"Escrito por\" \/>\n\t<meta name=\"twitter:data1\" content=\"libna\" \/>\n\t<meta name=\"twitter:label2\" content=\"Tiempo de lectura\" \/>\n\t<meta name=\"twitter:data2\" content=\"2 minutos\" \/>\n<script type=\"application\/ld+json\" class=\"yoast-schema-graph\">{\"@context\":\"https:\\\/\\\/schema.org\",\"@graph\":[{\"@type\":\"Article\",\"@id\":\"https:\\\/\\\/interamerica.org\\\/es\\\/2021\\\/01\\\/lideres-de-la-division-norteamericana-responden-a-eventos-en-el-capitolio-de-los-estados-unidos\\\/#article\",\"isPartOf\":{\"@id\":\"https:\\\/\\\/interamerica.org\\\/es\\\/2021\\\/01\\\/lideres-de-la-division-norteamericana-responden-a-eventos-en-el-capitolio-de-los-estados-unidos\\\/\"},\"author\":{\"name\":\"libna\",\"@id\":\"https:\\\/\\\/interamerica.org\\\/es\\\/#\\\/schema\\\/person\\\/29998f2bc2d8bd0d38662909289b54f1\"},\"headline\":\"L\u00edderes de la Divisi\u00f3n Norteamericana responden a eventos en el Capitolio de los Estados Unidos\",\"datePublished\":\"2021-01-11T12:58:52+00:00\",\"dateModified\":\"2021-01-12T01:25:36+00:00\",\"mainEntityOfPage\":{\"@id\":\"https:\\\/\\\/interamerica.org\\\/es\\\/2021\\\/01\\\/lideres-de-la-division-norteamericana-responden-a-eventos-en-el-capitolio-de-los-estados-unidos\\\/\"},\"wordCount\":349,\"image\":{\"@id\":\"https:\\\/\\\/interamerica.org\\\/es\\\/2021\\\/01\\\/lideres-de-la-division-norteamericana-responden-a-eventos-en-el-capitolio-de-los-estados-unidos\\\/#primaryimage\"},\"thumbnailUrl\":\"https:\\\/\\\/interamerica.org\\\/wp-content\\\/uploads\\\/2021\\\/01\\\/nad-statement-jan-08.jpg\",\"articleSection\":[\"Desde la iglesia mundial\",\"RSS Espa\u00f1ol\"],\"inLanguage\":\"es\"},{\"@type\":\"WebPage\",\"@id\":\"https:\\\/\\\/interamerica.org\\\/es\\\/2021\\\/01\\\/lideres-de-la-division-norteamericana-responden-a-eventos-en-el-capitolio-de-los-estados-unidos\\\/\",\"url\":\"https:\\\/\\\/interamerica.org\\\/es\\\/2021\\\/01\\\/lideres-de-la-division-norteamericana-responden-a-eventos-en-el-capitolio-de-los-estados-unidos\\\/\",\"name\":\"L\u00edderes de la Divisi\u00f3n Norteamericana responden a eventos en el Capitolio de los Estados Unidos - Iglesia Adventista del S\u00e9ptimo D\u00eda - Divisi\u00f3n Interamericana\",\"isPartOf\":{\"@id\":\"https:\\\/\\\/interamerica.org\\\/es\\\/#website\"},\"primaryImageOfPage\":{\"@id\":\"https:\\\/\\\/interamerica.org\\\/es\\\/2021\\\/01\\\/lideres-de-la-division-norteamericana-responden-a-eventos-en-el-capitolio-de-los-estados-unidos\\\/#primaryimage\"},\"image\":{\"@id\":\"https:\\\/\\\/interamerica.org\\\/es\\\/2021\\\/01\\\/lideres-de-la-division-norteamericana-responden-a-eventos-en-el-capitolio-de-los-estados-unidos\\\/#primaryimage\"},\"thumbnailUrl\":\"https:\\\/\\\/interamerica.org\\\/wp-content\\\/uploads\\\/2021\\\/01\\\/nad-statement-jan-08.jpg\",\"datePublished\":\"2021-01-11T12:58:52+00:00\",\"dateModified\":\"2021-01-12T01:25:36+00:00\",\"author\":{\"@id\":\"https:\\\/\\\/interamerica.org\\\/es\\\/#\\\/schema\\\/person\\\/29998f2bc2d8bd0d38662909289b54f1\"},\"breadcrumb\":{\"@id\":\"https:\\\/\\\/interamerica.org\\\/es\\\/2021\\\/01\\\/lideres-de-la-division-norteamericana-responden-a-eventos-en-el-capitolio-de-los-estados-unidos\\\/#breadcrumb\"},\"inLanguage\":\"es\",\"potentialAction\":[{\"@type\":\"ReadAction\",\"target\":[\"https:\\\/\\\/interamerica.org\\\/es\\\/2021\\\/01\\\/lideres-de-la-division-norteamericana-responden-a-eventos-en-el-capitolio-de-los-estados-unidos\\\/\"]}]},{\"@type\":\"ImageObject\",\"inLanguage\":\"es\",\"@id\":\"https:\\\/\\\/interamerica.org\\\/es\\\/2021\\\/01\\\/lideres-de-la-division-norteamericana-responden-a-eventos-en-el-capitolio-de-los-estados-unidos\\\/#primaryimage\",\"url\":\"https:\\\/\\\/interamerica.org\\\/wp-content\\\/uploads\\\/2021\\\/01\\\/nad-statement-jan-08.jpg\",\"contentUrl\":\"https:\\\/\\\/interamerica.org\\\/wp-content\\\/uploads\\\/2021\\\/01\\\/nad-statement-jan-08.jpg\",\"width\":1280,\"height\":800,\"caption\":\"[Photo Courtesy of the North American Division]\"},{\"@type\":\"BreadcrumbList\",\"@id\":\"https:\\\/\\\/interamerica.org\\\/es\\\/2021\\\/01\\\/lideres-de-la-division-norteamericana-responden-a-eventos-en-el-capitolio-de-los-estados-unidos\\\/#breadcrumb\",\"itemListElement\":[{\"@type\":\"ListItem\",\"position\":1,\"name\":\"Home\",\"item\":\"https:\\\/\\\/interamerica.org\\\/es\\\/\"},{\"@type\":\"ListItem\",\"position\":2,\"name\":\"L\u00edderes de la Divisi\u00f3n Norteamericana responden a eventos en el Capitolio de los Estados Unidos\"}]},{\"@type\":\"WebSite\",\"@id\":\"https:\\\/\\\/interamerica.org\\\/es\\\/#website\",\"url\":\"https:\\\/\\\/interamerica.org\\\/es\\\/\",\"name\":\"Iglesia Adventista del S\u00e9ptimo D\u00eda - Divisi\u00f3n Interamericana\",\"description\":\"\",\"potentialAction\":[{\"@type\":\"SearchAction\",\"target\":{\"@type\":\"EntryPoint\",\"urlTemplate\":\"https:\\\/\\\/interamerica.org\\\/es\\\/?s={search_term_string}\"},\"query-input\":{\"@type\":\"PropertyValueSpecification\",\"valueRequired\":true,\"valueName\":\"search_term_string\"}}],\"inLanguage\":\"es\"},{\"@type\":\"Person\",\"@id\":\"https:\\\/\\\/interamerica.org\\\/es\\\/#\\\/schema\\\/person\\\/29998f2bc2d8bd0d38662909289b54f1\",\"name\":\"libna\",\"image\":{\"@type\":\"ImageObject\",\"inLanguage\":\"es\",\"@id\":\"https:\\\/\\\/secure.gravatar.com\\\/avatar\\\/7c5bd30ae4b47a9ba3c856590957fd1d96dc588bf3ac05719d247e126840331f?s=96&d=mm&r=g\",\"url\":\"https:\\\/\\\/secure.gravatar.com\\\/avatar\\\/7c5bd30ae4b47a9ba3c856590957fd1d96dc588bf3ac05719d247e126840331f?s=96&d=mm&r=g\",\"contentUrl\":\"https:\\\/\\\/secure.gravatar.com\\\/avatar\\\/7c5bd30ae4b47a9ba3c856590957fd1d96dc588bf3ac05719d247e126840331f?s=96&d=mm&r=g\",\"caption\":\"libna\"}}]}<\/script>\n<!-- \/ Yoast SEO plugin. -->","yoast_head_json":{"title":"L\u00edderes de la Divisi\u00f3n Norteamericana responden a eventos en el Capitolio de los Estados Unidos - Iglesia Adventista del S\u00e9ptimo D\u00eda - Divisi\u00f3n Interamericana","robots":{"index":"index","follow":"follow","max-snippet":"max-snippet:-1","max-image-preview":"max-image-preview:large","max-video-preview":"max-video-preview:-1"},"canonical":"https:\/\/interamerica.org\/es\/2021\/01\/lideres-de-la-division-norteamericana-responden-a-eventos-en-el-capitolio-de-los-estados-unidos\/","og_locale":"es_ES","og_type":"article","og_title":"L\u00edderes de la Divisi\u00f3n Norteamericana responden a eventos en el Capitolio de los Estados Unidos - Iglesia Adventista del S\u00e9ptimo D\u00eda - Divisi\u00f3n Interamericana","og_description":"8 de enero de 2021 | Columbia, Maryland, Estados Unidos | Divisi\u00f3n Norteamericana Los eventos de Washington D.C. durante los \u00faltimos d\u00edas han sido traum\u00e1ticos para la mayor\u00eda de los...","og_url":"https:\/\/interamerica.org\/es\/2021\/01\/lideres-de-la-division-norteamericana-responden-a-eventos-en-el-capitolio-de-los-estados-unidos\/","og_site_name":"Iglesia Adventista del S\u00e9ptimo D\u00eda - Divisi\u00f3n Interamericana","article_published_time":"2021-01-11T12:58:52+00:00","article_modified_time":"2021-01-12T01:25:36+00:00","og_image":[{"width":1280,"height":800,"url":"https:\/\/interamerica.org\/wp-content\/uploads\/2021\/01\/nad-statement-jan-08.jpg","type":"image\/jpeg"}],"author":"libna","twitter_card":"summary_large_image","twitter_misc":{"Escrito por":"libna","Tiempo de lectura":"2 minutos"},"schema":{"@context":"https:\/\/schema.org","@graph":[{"@type":"Article","@id":"https:\/\/interamerica.org\/es\/2021\/01\/lideres-de-la-division-norteamericana-responden-a-eventos-en-el-capitolio-de-los-estados-unidos\/#article","isPartOf":{"@id":"https:\/\/interamerica.org\/es\/2021\/01\/lideres-de-la-division-norteamericana-responden-a-eventos-en-el-capitolio-de-los-estados-unidos\/"},"author":{"name":"libna","@id":"https:\/\/interamerica.org\/es\/#\/schema\/person\/29998f2bc2d8bd0d38662909289b54f1"},"headline":"L\u00edderes de la Divisi\u00f3n Norteamericana responden a eventos en el Capitolio de los Estados Unidos","datePublished":"2021-01-11T12:58:52+00:00","dateModified":"2021-01-12T01:25:36+00:00","mainEntityOfPage":{"@id":"https:\/\/interamerica.org\/es\/2021\/01\/lideres-de-la-division-norteamericana-responden-a-eventos-en-el-capitolio-de-los-estados-unidos\/"},"wordCount":349,"image":{"@id":"https:\/\/interamerica.org\/es\/2021\/01\/lideres-de-la-division-norteamericana-responden-a-eventos-en-el-capitolio-de-los-estados-unidos\/#primaryimage"},"thumbnailUrl":"https:\/\/interamerica.org\/wp-content\/uploads\/2021\/01\/nad-statement-jan-08.jpg","articleSection":["Desde la iglesia mundial","RSS Espa\u00f1ol"],"inLanguage":"es"},{"@type":"WebPage","@id":"https:\/\/interamerica.org\/es\/2021\/01\/lideres-de-la-division-norteamericana-responden-a-eventos-en-el-capitolio-de-los-estados-unidos\/","url":"https:\/\/interamerica.org\/es\/2021\/01\/lideres-de-la-division-norteamericana-responden-a-eventos-en-el-capitolio-de-los-estados-unidos\/","name":"L\u00edderes de la Divisi\u00f3n Norteamericana responden a eventos en el Capitolio de los Estados Unidos - Iglesia Adventista del S\u00e9ptimo D\u00eda - Divisi\u00f3n Interamericana","isPartOf":{"@id":"https:\/\/interamerica.org\/es\/#website"},"primaryImageOfPage":{"@id":"https:\/\/interamerica.org\/es\/2021\/01\/lideres-de-la-division-norteamericana-responden-a-eventos-en-el-capitolio-de-los-estados-unidos\/#primaryimage"},"image":{"@id":"https:\/\/interamerica.org\/es\/2021\/01\/lideres-de-la-division-norteamericana-responden-a-eventos-en-el-capitolio-de-los-estados-unidos\/#primaryimage"},"thumbnailUrl":"https:\/\/interamerica.org\/wp-content\/uploads\/2021\/01\/nad-statement-jan-08.jpg","datePublished":"2021-01-11T12:58:52+00:00","dateModified":"2021-01-12T01:25:36+00:00","author":{"@id":"https:\/\/interamerica.org\/es\/#\/schema\/person\/29998f2bc2d8bd0d38662909289b54f1"},"breadcrumb":{"@id":"https:\/\/interamerica.org\/es\/2021\/01\/lideres-de-la-division-norteamericana-responden-a-eventos-en-el-capitolio-de-los-estados-unidos\/#breadcrumb"},"inLanguage":"es","potentialAction":[{"@type":"ReadAction","target":["https:\/\/interamerica.org\/es\/2021\/01\/lideres-de-la-division-norteamericana-responden-a-eventos-en-el-capitolio-de-los-estados-unidos\/"]}]},{"@type":"ImageObject","inLanguage":"es","@id":"https:\/\/interamerica.org\/es\/2021\/01\/lideres-de-la-division-norteamericana-responden-a-eventos-en-el-capitolio-de-los-estados-unidos\/#primaryimage","url":"https:\/\/interamerica.org\/wp-content\/uploads\/2021\/01\/nad-statement-jan-08.jpg","contentUrl":"https:\/\/interamerica.org\/wp-content\/uploads\/2021\/01\/nad-statement-jan-08.jpg","width":1280,"height":800,"caption":"[Photo Courtesy of the North American Division]"},{"@type":"BreadcrumbList","@id":"https:\/\/interamerica.org\/es\/2021\/01\/lideres-de-la-division-norteamericana-responden-a-eventos-en-el-capitolio-de-los-estados-unidos\/#breadcrumb","itemListElement":[{"@type":"ListItem","position":1,"name":"Home","item":"https:\/\/interamerica.org\/es\/"},{"@type":"ListItem","position":2,"name":"L\u00edderes de la Divisi\u00f3n Norteamericana responden a eventos en el Capitolio de los Estados Unidos"}]},{"@type":"WebSite","@id":"https:\/\/interamerica.org\/es\/#website","url":"https:\/\/interamerica.org\/es\/","name":"Iglesia Adventista del S\u00e9ptimo D\u00eda - Divisi\u00f3n Interamericana","description":"","potentialAction":[{"@type":"SearchAction","target":{"@type":"EntryPoint","urlTemplate":"https:\/\/interamerica.org\/es\/?s={search_term_string}"},"query-input":{"@type":"PropertyValueSpecification","valueRequired":true,"valueName":"search_term_string"}}],"inLanguage":"es"},{"@type":"Person","@id":"https:\/\/interamerica.org\/es\/#\/schema\/person\/29998f2bc2d8bd0d38662909289b54f1","name":"libna","image":{"@type":"ImageObject","inLanguage":"es","@id":"https:\/\/secure.gravatar.com\/avatar\/7c5bd30ae4b47a9ba3c856590957fd1d96dc588bf3ac05719d247e126840331f?s=96&d=mm&r=g","url":"https:\/\/secure.gravatar.com\/avatar\/7c5bd30ae4b47a9ba3c856590957fd1d96dc588bf3ac05719d247e126840331f?s=96&d=mm&r=g","contentUrl":"https:\/\/secure.gravatar.com\/avatar\/7c5bd30ae4b47a9ba3c856590957fd1d96dc588bf3ac05719d247e126840331f?s=96&d=mm&r=g","caption":"libna"}}]}},"_links":{"self":[{"href":"https:\/\/interamerica.org\/es\/wp-json\/wp\/v2\/posts\/66336","targetHints":{"allow":["GET"]}}],"collection":[{"href":"https:\/\/interamerica.org\/es\/wp-json\/wp\/v2\/posts"}],"about":[{"href":"https:\/\/interamerica.org\/es\/wp-json\/wp\/v2\/types\/post"}],"author":[{"embeddable":true,"href":"https:\/\/interamerica.org\/es\/wp-json\/wp\/v2\/users\/3"}],"replies":[{"embeddable":true,"href":"https:\/\/interamerica.org\/es\/wp-json\/wp\/v2\/comments?post=66336"}],"version-history":[{"count":0,"href":"https:\/\/interamerica.org\/es\/wp-json\/wp\/v2\/posts\/66336\/revisions"}],"wp:featuredmedia":[{"embeddable":true,"href":"https:\/\/interamerica.org\/es\/wp-json\/wp\/v2\/media\/66327"}],"wp:attachment":[{"href":"https:\/\/interamerica.org\/es\/wp-json\/wp\/v2\/media?parent=66336"}],"wp:term":[{"taxonomy":"category","embeddable":true,"href":"https:\/\/interamerica.org\/es\/wp-json\/wp\/v2\/categories?post=66336"},{"taxonomy":"post_tag","embeddable":true,"href":"https:\/\/interamerica.org\/es\/wp-json\/wp\/v2\/tags?post=66336"}],"curies":[{"name":"wp","href":"https:\/\/api.w.org\/{rel}","templated":true}]}}