{"id":66442,"date":"2021-01-13T10:30:34","date_gmt":"2021-01-13T14:30:34","guid":{"rendered":"https:\/\/recursing-golick.147-182-135-0.plesk.page\/?p=66442"},"modified":"2021-01-13T13:01:06","modified_gmt":"2021-01-13T17:01:06","slug":"como-ayudar-a-asegurarnos-la-eficacia-del-cubreboca-o-mascarilla-facial","status":"publish","type":"post","link":"https:\/\/interamerica.org\/es\/2021\/01\/como-ayudar-a-asegurarnos-la-eficacia-del-cubreboca-o-mascarilla-facial\/","title":{"rendered":"C\u00f3mo ayudar a asegurarnos la eficacia del cubreboca o mascarilla facial"},"content":{"rendered":"<p>13 de enero de 2021 | Florida, Estados Unidos | Por AdventHealth<\/p>\n<p>Sabemos que el portar una mascarilla facial es importante para ayudar a disminuir la propagaci\u00f3n del COVID-19. Actualmente, nuevos hallazgos de los Centros para el Control y la Prevenci\u00f3n de las Enfermedades (CDC), en los Estados Unidos, muestran que el uso de la m\u00e1scara ayuda a protegerte a ti, como portador, adem\u00e1s de proteger a las personas en torno tuyo.<\/p>\n<p>Los CDC explican en sus nuevas pautas, que las mascarillas de tela apropiada pueden bloquear las part\u00edculas de virus que podr\u00edas exhalar, adem\u00e1s de bloquear las part\u00edculas respiratorias infecciosas de los dem\u00e1s, previniendo as\u00ed que llegues a inhalarlas.<\/p>\n<p><strong>Protegi\u00e9ndote a ti mientras t\u00fa proteges a otros<\/strong><\/p>\n<p>Los CDC tomaron en cuenta muchos estudios al elaborar estas nuevas pautas, incluyendo un estudio que le dio seguimiento a personas infectadas de coronavirus que estuvieron dentro de un aeroplano por m\u00e1s de 10 horas sin infectar a nadie m\u00e1s, usando m\u00e1scaras faciales de protecci\u00f3n.<\/p>\n<p>Es importante notar que todav\u00eda se recomienda que tu mascara facial tenga varias capas de tela, a fin de prevenir eficazmente que los g\u00e9rmenes entran o salgan.<\/p>\n<p><strong>C\u00f3mo ayudan los cubrebocas o mascarillas faciales<\/strong><\/p>\n<p>Los CDC aconsejan portar una mascarilla facial protectora que te cubra la nariz y la boca cuando tengas forzosamente que estar en un lugar p\u00fablico en el que sea todo un desaf\u00edo guardar la distancia social, como en el caso de acudir al supermercado o a la farmacia. El hacerlo puede ayudar a prevenir la propagaci\u00f3n del virus. Algunas comunidades recomiendan tambi\u00e9n el uso de \u00a0la m\u00e1scara al aire libre, dependiendo del grado de infecci\u00f3n en esa zona.<\/p>\n<p>Sabemos que una cantidad significativa de personas con coronavirus no presenta s\u00edntomas, lo que se entiende como ser <em>asintom\u00e1tico<\/em>. Aun aquellas personas que son <em>presintom\u00e1ticas<\/em>; en otras palabras, que eventualmente van a presentar s\u00edntomas, pueden transmitir el virus a otros. Siendo que podr\u00edas propagar el virus aun cuando no tengas ning\u00fan s\u00edntoma, los CDC recomiendan el uso de las m\u00e1scaras protectoras faciales.<\/p>\n<p><strong>C\u00f3mo entender la propagaci\u00f3n asintom\u00e1tica\u00a0<\/strong><\/p>\n<p>De acuerdo con los CDC, la persona puede estar enferma del virus desde uno a catorce d\u00edas antes de que se presenten s\u00edntomas tales como fiebre, fatiga, o tos seca. El virus se disemina primordialmente a trav\u00e9s de las microgotas respiratorias exhaladas al toser, estornudar, hablar o hasta respirar. Aunque muchas personas piensan que tales part\u00edculas son grandes, de hecho pueden ser muy, muy peque\u00f1as, tan peque\u00f1as que no se pueden ver en el aire.<\/p>\n<p>La Organizaci\u00f3n Mundial de la Salud enfatiza el hecho de que muchas personas con COVID-19 experimentan s\u00edntomas muy leves, pero especialmente muy temprano en la enfermedad es cuando es m\u00e1s contagiosa. As\u00ed que es posible contagiarse del virus por causa de una persona que tiene simplemente un poco de tos y no se siente enferma, o de alguien que no se siente bien, pero que no est\u00e1 tosiendo.<\/p>\n<p>Los CDC dicen que las personas asintom\u00e1ticas o presintom\u00e1ticas que se sienten bien son de hecho responsables por m\u00e1s del 50 por ciento de las transmisiones de coronavirus.<\/p>\n<p><strong>Higiene de las mascarillas faciales\u00a0<\/strong><\/p>\n<p>Recuerda llevar una mascarilla de protecci\u00f3n cada vez que salgas de tu casa. Antes de ponerte o quitarte tu mascara de tela, l\u00e1vate bien las manos para evitar que cualquier germen de tus manos se desplace a tu sistema respiratorio.<\/p>\n<p>A fin de ayudar a aumentar la efectividad de tu cobertura facial, sigue tambi\u00e9n las siguientes sugerencias:<\/p>\n<ul>\n<li>Evita tocarte la m\u00e1scara cuando la tienes puesta<\/li>\n<li>Ponte y qu\u00edtate la m\u00e1scara tom\u00e1ndola de las tiras que la sujetan a la nariz, en vez de tocar el frente de la m\u00e1scara<\/li>\n<li>Lava frecuentemente la m\u00e1scara de tela, ya sea con un lavado a mano o poni\u00e9ndola en la lavadora de ropa<\/li>\n<\/ul>\n<p><em>La <\/em><a href=\"https:\/\/news.llu.edu\/health-wellness\/new-covid-19-strain-what-you-should-know\"><em>original version<\/em><\/a><em>\u00a0(versi\u00f3n original) de esta noticia se public\u00f3 en el <\/em><a href=\"https:\/\/www.adventhealth.com\/news-and-adventhealth-blog\"><em>blog site<\/em><\/a> (<em>blog) de AdventHealth.<\/em><\/p>\n<p><em>Traducci\u00f3n \u2013 Gloria A. Castrej\u00f3n<\/em><\/p>\n<p><span class=\"link-wn\"><span class=\"byline-news\">\u00a0\u00a0\u00a0\u00a0\u00a0\u00a0\u00a0<\/span><\/span><\/p>\n","protected":false},"excerpt":{"rendered":"<p>13 de enero de 2021 | Florida, Estados Unidos | Por AdventHealth Sabemos que el portar una mascarilla facial es importante para ayudar a disminuir la propagaci\u00f3n del COVID-19. Actualmente,&#8230;<\/p>\n","protected":false},"author":3,"featured_media":66413,"comment_status":"closed","ping_status":"closed","sticky":false,"template":"","format":"standard","meta":{"_acf_changed":false,"footnotes":""},"categories":[14,15],"tags":[],"class_list":["post-66442","post","type-post","status-publish","format-standard","has-post-thumbnail","hentry","category-de-la-iglesia-mundial","category-rss-espanol"],"acf":[],"yoast_head":"<!-- This site is optimized with the Yoast SEO plugin v27.3 - https:\/\/yoast.com\/product\/yoast-seo-wordpress\/ -->\n<title>C\u00f3mo ayudar a asegurarnos la eficacia del cubreboca o mascarilla facial - Iglesia Adventista del S\u00e9ptimo D\u00eda - Divisi\u00f3n Interamericana<\/title>\n<meta name=\"robots\" content=\"index, follow, max-snippet:-1, max-image-preview:large, max-video-preview:-1\" \/>\n<link rel=\"canonical\" href=\"https:\/\/interamerica.org\/es\/2021\/01\/como-ayudar-a-asegurarnos-la-eficacia-del-cubreboca-o-mascarilla-facial\/\" \/>\n<meta property=\"og:locale\" content=\"es_ES\" \/>\n<meta property=\"og:type\" content=\"article\" \/>\n<meta property=\"og:title\" content=\"C\u00f3mo ayudar a asegurarnos la eficacia del cubreboca o mascarilla facial - Iglesia Adventista del S\u00e9ptimo D\u00eda - Divisi\u00f3n Interamericana\" \/>\n<meta property=\"og:description\" content=\"13 de enero de 2021 | Florida, Estados Unidos | Por AdventHealth Sabemos que el portar una mascarilla facial es importante para ayudar a disminuir la propagaci\u00f3n del COVID-19. Actualmente,...\" \/>\n<meta property=\"og:url\" content=\"https:\/\/interamerica.org\/es\/2021\/01\/como-ayudar-a-asegurarnos-la-eficacia-del-cubreboca-o-mascarilla-facial\/\" \/>\n<meta property=\"og:site_name\" content=\"Iglesia Adventista del S\u00e9ptimo D\u00eda - Divisi\u00f3n Interamericana\" \/>\n<meta property=\"article:published_time\" content=\"2021-01-13T14:30:34+00:00\" \/>\n<meta property=\"article:modified_time\" content=\"2021-01-13T17:01:06+00:00\" \/>\n<meta property=\"og:image\" content=\"https:\/\/interamerica.org\/wp-content\/uploads\/2021\/01\/coronavirus-5293557-1280.jpg\" \/>\n\t<meta property=\"og:image:width\" content=\"1280\" \/>\n\t<meta property=\"og:image:height\" content=\"853\" \/>\n\t<meta property=\"og:image:type\" content=\"image\/jpeg\" \/>\n<meta name=\"author\" content=\"libna\" \/>\n<meta name=\"twitter:card\" content=\"summary_large_image\" \/>\n<meta name=\"twitter:label1\" content=\"Escrito por\" \/>\n\t<meta name=\"twitter:data1\" content=\"libna\" \/>\n\t<meta name=\"twitter:label2\" content=\"Tiempo de lectura\" \/>\n\t<meta name=\"twitter:data2\" content=\"4 minutos\" \/>\n<script type=\"application\/ld+json\" class=\"yoast-schema-graph\">{\"@context\":\"https:\\\/\\\/schema.org\",\"@graph\":[{\"@type\":\"Article\",\"@id\":\"https:\\\/\\\/interamerica.org\\\/es\\\/2021\\\/01\\\/como-ayudar-a-asegurarnos-la-eficacia-del-cubreboca-o-mascarilla-facial\\\/#article\",\"isPartOf\":{\"@id\":\"https:\\\/\\\/interamerica.org\\\/es\\\/2021\\\/01\\\/como-ayudar-a-asegurarnos-la-eficacia-del-cubreboca-o-mascarilla-facial\\\/\"},\"author\":{\"name\":\"libna\",\"@id\":\"https:\\\/\\\/interamerica.org\\\/es\\\/#\\\/schema\\\/person\\\/29998f2bc2d8bd0d38662909289b54f1\"},\"headline\":\"C\u00f3mo ayudar a asegurarnos la eficacia del cubreboca o mascarilla facial\",\"datePublished\":\"2021-01-13T14:30:34+00:00\",\"dateModified\":\"2021-01-13T17:01:06+00:00\",\"mainEntityOfPage\":{\"@id\":\"https:\\\/\\\/interamerica.org\\\/es\\\/2021\\\/01\\\/como-ayudar-a-asegurarnos-la-eficacia-del-cubreboca-o-mascarilla-facial\\\/\"},\"wordCount\":713,\"image\":{\"@id\":\"https:\\\/\\\/interamerica.org\\\/es\\\/2021\\\/01\\\/como-ayudar-a-asegurarnos-la-eficacia-del-cubreboca-o-mascarilla-facial\\\/#primaryimage\"},\"thumbnailUrl\":\"https:\\\/\\\/interamerica.org\\\/wp-content\\\/uploads\\\/2021\\\/01\\\/coronavirus-5293557-1280.jpg\",\"articleSection\":[\"Desde la iglesia mundial\",\"RSS Espa\u00f1ol\"],\"inLanguage\":\"es\"},{\"@type\":\"WebPage\",\"@id\":\"https:\\\/\\\/interamerica.org\\\/es\\\/2021\\\/01\\\/como-ayudar-a-asegurarnos-la-eficacia-del-cubreboca-o-mascarilla-facial\\\/\",\"url\":\"https:\\\/\\\/interamerica.org\\\/es\\\/2021\\\/01\\\/como-ayudar-a-asegurarnos-la-eficacia-del-cubreboca-o-mascarilla-facial\\\/\",\"name\":\"C\u00f3mo ayudar a asegurarnos la eficacia del cubreboca o mascarilla facial - Iglesia Adventista del S\u00e9ptimo D\u00eda - Divisi\u00f3n Interamericana\",\"isPartOf\":{\"@id\":\"https:\\\/\\\/interamerica.org\\\/es\\\/#website\"},\"primaryImageOfPage\":{\"@id\":\"https:\\\/\\\/interamerica.org\\\/es\\\/2021\\\/01\\\/como-ayudar-a-asegurarnos-la-eficacia-del-cubreboca-o-mascarilla-facial\\\/#primaryimage\"},\"image\":{\"@id\":\"https:\\\/\\\/interamerica.org\\\/es\\\/2021\\\/01\\\/como-ayudar-a-asegurarnos-la-eficacia-del-cubreboca-o-mascarilla-facial\\\/#primaryimage\"},\"thumbnailUrl\":\"https:\\\/\\\/interamerica.org\\\/wp-content\\\/uploads\\\/2021\\\/01\\\/coronavirus-5293557-1280.jpg\",\"datePublished\":\"2021-01-13T14:30:34+00:00\",\"dateModified\":\"2021-01-13T17:01:06+00:00\",\"author\":{\"@id\":\"https:\\\/\\\/interamerica.org\\\/es\\\/#\\\/schema\\\/person\\\/29998f2bc2d8bd0d38662909289b54f1\"},\"breadcrumb\":{\"@id\":\"https:\\\/\\\/interamerica.org\\\/es\\\/2021\\\/01\\\/como-ayudar-a-asegurarnos-la-eficacia-del-cubreboca-o-mascarilla-facial\\\/#breadcrumb\"},\"inLanguage\":\"es\",\"potentialAction\":[{\"@type\":\"ReadAction\",\"target\":[\"https:\\\/\\\/interamerica.org\\\/es\\\/2021\\\/01\\\/como-ayudar-a-asegurarnos-la-eficacia-del-cubreboca-o-mascarilla-facial\\\/\"]}]},{\"@type\":\"ImageObject\",\"inLanguage\":\"es\",\"@id\":\"https:\\\/\\\/interamerica.org\\\/es\\\/2021\\\/01\\\/como-ayudar-a-asegurarnos-la-eficacia-del-cubreboca-o-mascarilla-facial\\\/#primaryimage\",\"url\":\"https:\\\/\\\/interamerica.org\\\/wp-content\\\/uploads\\\/2021\\\/01\\\/coronavirus-5293557-1280.jpg\",\"contentUrl\":\"https:\\\/\\\/interamerica.org\\\/wp-content\\\/uploads\\\/2021\\\/01\\\/coronavirus-5293557-1280.jpg\",\"width\":1280,\"height\":853,\"caption\":\"[Imagen: Pixabay]\"},{\"@type\":\"BreadcrumbList\",\"@id\":\"https:\\\/\\\/interamerica.org\\\/es\\\/2021\\\/01\\\/como-ayudar-a-asegurarnos-la-eficacia-del-cubreboca-o-mascarilla-facial\\\/#breadcrumb\",\"itemListElement\":[{\"@type\":\"ListItem\",\"position\":1,\"name\":\"Home\",\"item\":\"https:\\\/\\\/interamerica.org\\\/es\\\/\"},{\"@type\":\"ListItem\",\"position\":2,\"name\":\"C\u00f3mo ayudar a asegurarnos la eficacia del cubreboca o mascarilla facial\"}]},{\"@type\":\"WebSite\",\"@id\":\"https:\\\/\\\/interamerica.org\\\/es\\\/#website\",\"url\":\"https:\\\/\\\/interamerica.org\\\/es\\\/\",\"name\":\"Iglesia Adventista del S\u00e9ptimo D\u00eda - Divisi\u00f3n Interamericana\",\"description\":\"\",\"potentialAction\":[{\"@type\":\"SearchAction\",\"target\":{\"@type\":\"EntryPoint\",\"urlTemplate\":\"https:\\\/\\\/interamerica.org\\\/es\\\/?s={search_term_string}\"},\"query-input\":{\"@type\":\"PropertyValueSpecification\",\"valueRequired\":true,\"valueName\":\"search_term_string\"}}],\"inLanguage\":\"es\"},{\"@type\":\"Person\",\"@id\":\"https:\\\/\\\/interamerica.org\\\/es\\\/#\\\/schema\\\/person\\\/29998f2bc2d8bd0d38662909289b54f1\",\"name\":\"libna\",\"image\":{\"@type\":\"ImageObject\",\"inLanguage\":\"es\",\"@id\":\"https:\\\/\\\/secure.gravatar.com\\\/avatar\\\/7c5bd30ae4b47a9ba3c856590957fd1d96dc588bf3ac05719d247e126840331f?s=96&d=mm&r=g\",\"url\":\"https:\\\/\\\/secure.gravatar.com\\\/avatar\\\/7c5bd30ae4b47a9ba3c856590957fd1d96dc588bf3ac05719d247e126840331f?s=96&d=mm&r=g\",\"contentUrl\":\"https:\\\/\\\/secure.gravatar.com\\\/avatar\\\/7c5bd30ae4b47a9ba3c856590957fd1d96dc588bf3ac05719d247e126840331f?s=96&d=mm&r=g\",\"caption\":\"libna\"}}]}<\/script>\n<!-- \/ Yoast SEO plugin. -->","yoast_head_json":{"title":"C\u00f3mo ayudar a asegurarnos la eficacia del cubreboca o mascarilla facial - Iglesia Adventista del S\u00e9ptimo D\u00eda - Divisi\u00f3n Interamericana","robots":{"index":"index","follow":"follow","max-snippet":"max-snippet:-1","max-image-preview":"max-image-preview:large","max-video-preview":"max-video-preview:-1"},"canonical":"https:\/\/interamerica.org\/es\/2021\/01\/como-ayudar-a-asegurarnos-la-eficacia-del-cubreboca-o-mascarilla-facial\/","og_locale":"es_ES","og_type":"article","og_title":"C\u00f3mo ayudar a asegurarnos la eficacia del cubreboca o mascarilla facial - Iglesia Adventista del S\u00e9ptimo D\u00eda - Divisi\u00f3n Interamericana","og_description":"13 de enero de 2021 | Florida, Estados Unidos | Por AdventHealth Sabemos que el portar una mascarilla facial es importante para ayudar a disminuir la propagaci\u00f3n del COVID-19. Actualmente,...","og_url":"https:\/\/interamerica.org\/es\/2021\/01\/como-ayudar-a-asegurarnos-la-eficacia-del-cubreboca-o-mascarilla-facial\/","og_site_name":"Iglesia Adventista del S\u00e9ptimo D\u00eda - Divisi\u00f3n Interamericana","article_published_time":"2021-01-13T14:30:34+00:00","article_modified_time":"2021-01-13T17:01:06+00:00","og_image":[{"width":1280,"height":853,"url":"https:\/\/interamerica.org\/wp-content\/uploads\/2021\/01\/coronavirus-5293557-1280.jpg","type":"image\/jpeg"}],"author":"libna","twitter_card":"summary_large_image","twitter_misc":{"Escrito por":"libna","Tiempo de lectura":"4 minutos"},"schema":{"@context":"https:\/\/schema.org","@graph":[{"@type":"Article","@id":"https:\/\/interamerica.org\/es\/2021\/01\/como-ayudar-a-asegurarnos-la-eficacia-del-cubreboca-o-mascarilla-facial\/#article","isPartOf":{"@id":"https:\/\/interamerica.org\/es\/2021\/01\/como-ayudar-a-asegurarnos-la-eficacia-del-cubreboca-o-mascarilla-facial\/"},"author":{"name":"libna","@id":"https:\/\/interamerica.org\/es\/#\/schema\/person\/29998f2bc2d8bd0d38662909289b54f1"},"headline":"C\u00f3mo ayudar a asegurarnos la eficacia del cubreboca o mascarilla facial","datePublished":"2021-01-13T14:30:34+00:00","dateModified":"2021-01-13T17:01:06+00:00","mainEntityOfPage":{"@id":"https:\/\/interamerica.org\/es\/2021\/01\/como-ayudar-a-asegurarnos-la-eficacia-del-cubreboca-o-mascarilla-facial\/"},"wordCount":713,"image":{"@id":"https:\/\/interamerica.org\/es\/2021\/01\/como-ayudar-a-asegurarnos-la-eficacia-del-cubreboca-o-mascarilla-facial\/#primaryimage"},"thumbnailUrl":"https:\/\/interamerica.org\/wp-content\/uploads\/2021\/01\/coronavirus-5293557-1280.jpg","articleSection":["Desde la iglesia mundial","RSS Espa\u00f1ol"],"inLanguage":"es"},{"@type":"WebPage","@id":"https:\/\/interamerica.org\/es\/2021\/01\/como-ayudar-a-asegurarnos-la-eficacia-del-cubreboca-o-mascarilla-facial\/","url":"https:\/\/interamerica.org\/es\/2021\/01\/como-ayudar-a-asegurarnos-la-eficacia-del-cubreboca-o-mascarilla-facial\/","name":"C\u00f3mo ayudar a asegurarnos la eficacia del cubreboca o mascarilla facial - Iglesia Adventista del S\u00e9ptimo D\u00eda - Divisi\u00f3n Interamericana","isPartOf":{"@id":"https:\/\/interamerica.org\/es\/#website"},"primaryImageOfPage":{"@id":"https:\/\/interamerica.org\/es\/2021\/01\/como-ayudar-a-asegurarnos-la-eficacia-del-cubreboca-o-mascarilla-facial\/#primaryimage"},"image":{"@id":"https:\/\/interamerica.org\/es\/2021\/01\/como-ayudar-a-asegurarnos-la-eficacia-del-cubreboca-o-mascarilla-facial\/#primaryimage"},"thumbnailUrl":"https:\/\/interamerica.org\/wp-content\/uploads\/2021\/01\/coronavirus-5293557-1280.jpg","datePublished":"2021-01-13T14:30:34+00:00","dateModified":"2021-01-13T17:01:06+00:00","author":{"@id":"https:\/\/interamerica.org\/es\/#\/schema\/person\/29998f2bc2d8bd0d38662909289b54f1"},"breadcrumb":{"@id":"https:\/\/interamerica.org\/es\/2021\/01\/como-ayudar-a-asegurarnos-la-eficacia-del-cubreboca-o-mascarilla-facial\/#breadcrumb"},"inLanguage":"es","potentialAction":[{"@type":"ReadAction","target":["https:\/\/interamerica.org\/es\/2021\/01\/como-ayudar-a-asegurarnos-la-eficacia-del-cubreboca-o-mascarilla-facial\/"]}]},{"@type":"ImageObject","inLanguage":"es","@id":"https:\/\/interamerica.org\/es\/2021\/01\/como-ayudar-a-asegurarnos-la-eficacia-del-cubreboca-o-mascarilla-facial\/#primaryimage","url":"https:\/\/interamerica.org\/wp-content\/uploads\/2021\/01\/coronavirus-5293557-1280.jpg","contentUrl":"https:\/\/interamerica.org\/wp-content\/uploads\/2021\/01\/coronavirus-5293557-1280.jpg","width":1280,"height":853,"caption":"[Imagen: Pixabay]"},{"@type":"BreadcrumbList","@id":"https:\/\/interamerica.org\/es\/2021\/01\/como-ayudar-a-asegurarnos-la-eficacia-del-cubreboca-o-mascarilla-facial\/#breadcrumb","itemListElement":[{"@type":"ListItem","position":1,"name":"Home","item":"https:\/\/interamerica.org\/es\/"},{"@type":"ListItem","position":2,"name":"C\u00f3mo ayudar a asegurarnos la eficacia del cubreboca o mascarilla facial"}]},{"@type":"WebSite","@id":"https:\/\/interamerica.org\/es\/#website","url":"https:\/\/interamerica.org\/es\/","name":"Iglesia Adventista del S\u00e9ptimo D\u00eda - Divisi\u00f3n Interamericana","description":"","potentialAction":[{"@type":"SearchAction","target":{"@type":"EntryPoint","urlTemplate":"https:\/\/interamerica.org\/es\/?s={search_term_string}"},"query-input":{"@type":"PropertyValueSpecification","valueRequired":true,"valueName":"search_term_string"}}],"inLanguage":"es"},{"@type":"Person","@id":"https:\/\/interamerica.org\/es\/#\/schema\/person\/29998f2bc2d8bd0d38662909289b54f1","name":"libna","image":{"@type":"ImageObject","inLanguage":"es","@id":"https:\/\/secure.gravatar.com\/avatar\/7c5bd30ae4b47a9ba3c856590957fd1d96dc588bf3ac05719d247e126840331f?s=96&d=mm&r=g","url":"https:\/\/secure.gravatar.com\/avatar\/7c5bd30ae4b47a9ba3c856590957fd1d96dc588bf3ac05719d247e126840331f?s=96&d=mm&r=g","contentUrl":"https:\/\/secure.gravatar.com\/avatar\/7c5bd30ae4b47a9ba3c856590957fd1d96dc588bf3ac05719d247e126840331f?s=96&d=mm&r=g","caption":"libna"}}]}},"_links":{"self":[{"href":"https:\/\/interamerica.org\/es\/wp-json\/wp\/v2\/posts\/66442","targetHints":{"allow":["GET"]}}],"collection":[{"href":"https:\/\/interamerica.org\/es\/wp-json\/wp\/v2\/posts"}],"about":[{"href":"https:\/\/interamerica.org\/es\/wp-json\/wp\/v2\/types\/post"}],"author":[{"embeddable":true,"href":"https:\/\/interamerica.org\/es\/wp-json\/wp\/v2\/users\/3"}],"replies":[{"embeddable":true,"href":"https:\/\/interamerica.org\/es\/wp-json\/wp\/v2\/comments?post=66442"}],"version-history":[{"count":0,"href":"https:\/\/interamerica.org\/es\/wp-json\/wp\/v2\/posts\/66442\/revisions"}],"wp:featuredmedia":[{"embeddable":true,"href":"https:\/\/interamerica.org\/es\/wp-json\/wp\/v2\/media\/66413"}],"wp:attachment":[{"href":"https:\/\/interamerica.org\/es\/wp-json\/wp\/v2\/media?parent=66442"}],"wp:term":[{"taxonomy":"category","embeddable":true,"href":"https:\/\/interamerica.org\/es\/wp-json\/wp\/v2\/categories?post=66442"},{"taxonomy":"post_tag","embeddable":true,"href":"https:\/\/interamerica.org\/es\/wp-json\/wp\/v2\/tags?post=66442"}],"curies":[{"name":"wp","href":"https:\/\/api.w.org\/{rel}","templated":true}]}}