{"id":66897,"date":"2021-01-29T08:00:59","date_gmt":"2021-01-29T12:00:59","guid":{"rendered":"https:\/\/recursing-golick.147-182-135-0.plesk.page\/?p=66897"},"modified":"2021-02-02T19:53:01","modified_gmt":"2021-02-02T23:53:01","slug":"no-estas-solo","status":"publish","type":"post","link":"https:\/\/interamerica.org\/es\/2021\/01\/no-estas-solo\/","title":{"rendered":"No est\u00e1s solo"},"content":{"rendered":"<p>29 de enero de 2021 | Silver Spring, Maryland, Estados Unidos | Ted N.C. Wilson, President de la Asociaci\u00f3n General de los Adventistas del S\u00e9ptimo D\u00eda<\/p>\n<p><span style=\"font-weight: 400;\">\u00a1Hola amigos! \u00bfAlguna vez se han sentido solos, como si fueran la \u00fanica persona a favor de Dios?\u00a0<\/span><\/p>\n<p><span style=\"font-weight: 400;\">En la Biblia, hay varios ejemplos de personas que experimentaron ese tipo de sentimientos y m\u00e1s. Quiz\u00e1s uno de los m\u00e1s interesantes es el del profeta El\u00edas, el profeta fiel de Dios que sirvi\u00f3 durante una \u00e9poca muy desalentadora de apostas\u00eda y rebeli\u00f3n en Israel. Quien reinaba era el rey Acab, con su malvada esposa, Jezabel, a su lado.\u00a0<\/span><\/p>\n<p><span style=\"font-weight: 400;\">Muchos aspectos del importante ministerio de El\u00edas est\u00e1n registrados en el libro de 1 Reyes, y quiz\u00e1s la historia m\u00e1s conocida sea la que detalla la asombrosa experiencia de El\u00edas en el Monte Carmelo, como se registra en 1 Reyes 18.\u00a0<\/span><\/p>\n<p><span style=\"font-weight: 400;\">Estoy seguro que est\u00e1n familiarizados con esta historia, de c\u00f3mo El\u00edas convoc\u00f3 a todo Israel para que se reunieran en la cima del monte, donde ser\u00edan testigos de una demostraci\u00f3n milagrosa del poder de Dios en el enfrentamiento entre Baal y Jehov\u00e1. Todo el d\u00eda, los profetas de Baal suplicaron a su dios falso, llorando, gritando y sajando su cuerpo con la esperanza de que su dios de madera consumiera el sacrificio sobre su altar. Pero todo fue en vano.<\/span><\/p>\n<p><span style=\"font-weight: 400;\">\u00a0<\/span><span style=\"font-weight: 400;\">Por otro lado, ah\u00ed estaba El\u00edas, <\/span><span style=\"font-weight: 400;\">valiente, de pie y solo, para permanecer firme al \u00fanico Dios verdadero<\/span><span style=\"font-weight: 400;\">. Se nos da una imagen muy clara en el libro Profetas y Reyes:\u00a0 <\/span><b>\u201cFrente al rey Acab y a los falsos profetas, y rodeado por las huestes congregadas de Israel, estaba El\u00edas de pie, el \u00fanico que se hab\u00eda presentado para vindicar el honor de Jehov\u00e1. Aquel a quien todo el reino culpaba de su desgracia se encontraba ahora delante de ellos, aparentemente indefenso en presencia del monarca de Israel, de los profetas de Baal, los hombres de guerra y los millares que le rodeaban. {PR 107.2}<\/b><\/p>\n<p><span style=\"font-weight: 400;\">La historia contin\u00faa con El\u00edas clamando al pueblo: <\/span><b>\u201c\u00bfHasta cu\u00e1ndo claudicar\u00e9is vosotros entre dos pensamientos? Si Jehov\u00e1 es Dios, seguidle; y si Baal, id en pos de \u00e9l. Y el pueblo no respondi\u00f3 palabra.\u201d (1 Reyes 18:21)<\/b><\/p>\n<p><span style=\"font-weight: 400;\">Nadie, aparentemente, estaba dispuesto a apoyar a El\u00edas en reconocer al \u00fanico Dios verdadero. Aunque era el \u00fanico que se hab\u00eda presentado, en realidad, contin\u00faa el texto, \u201cPero El\u00edas no estaba solo. Sobre \u00e9l y en derredor de \u00e9l estaban las huestes del cielo que le proteg\u00edan, \u00e1ngeles excelsos en fortaleza. Sin avergonzarse ni aterrorizarse, el profeta permanec\u00eda de pie delante de la multitud, reconociendo plenamente el mandato (Divino) que hab\u00eda recibido.\u201d (p. 107).<\/span><\/p>\n<p><span style=\"font-weight: 400;\">Por fin, despu\u00e9s de haber reconstruido minuciosamente el altar de Dios, colocar el holocausto sobre \u00e9l y haber derramado con agua tres veces, el profeta or\u00f3: \u201c<\/span><b>\u201cJehov\u00e1 Dios de Abraham, de Isaac y de Israel, sea hoy manifiesto que t\u00fa eres Dios en Israel, y que yo soy tu siervo, y que por mandato tuyo he hecho todas estas cosas.\u00a0 Resp\u00f3ndeme, Jehov\u00e1, resp\u00f3ndeme, para que conozca este pueblo que t\u00fa, oh Jehov\u00e1, eres el Dios, y que t\u00fa vuelves a ti el coraz\u00f3n de ellos.\u00a0 (1 Reyes 18:36,37).<\/b><span style=\"font-weight: 400;\">\u201d . Al instante, el fuego descendi\u00f3 del cielo, consumiendo el holocausto, la le\u00f1a, las piedras, el polvo y lamiendo el agua que rodeaba el altar. La oraci\u00f3n de El\u00edas fue escuchada y respondida.<\/span><\/p>\n<p><span style=\"font-weight: 400;\">\u00bf Alguna vez te has sentido como si estuvieras solo por Dios? Ten la seguridad de que, aunque no lo parezca, no est\u00e1s solo. Dios est\u00e1 contigo. Sus \u00e1ngeles te rodean. \u00c9l te dar\u00e1 la sabidur\u00eda, la gu\u00eda y el valor para defenderte en cualquier circunstancia. Y recuerda, c\u00f3mo Dios le record\u00f3 m\u00e1s tarde a El\u00edas, tambi\u00e9n hay otros creyentes fieles. <\/span><b>\u201cY yo har\u00e9 que queden en Israel siete mil,\u201d<\/b><span style=\"font-weight: 400;\"> Dijo Dios, cuyas rodillas no se doblaron ante Baal, y cuyas bocas no lo besaron. (1 Reyes 19:18).<\/span><\/p>\n<p><span style=\"font-weight: 400;\">Seamos fieles a \u00c9l, dondequiera que \u00c9l nos llame a ir, sabiendo que <\/span><b>\u201cFiel es el que os llama, el cual tambi\u00e9n lo har\u00e1.\u201d (1 Tesalonicenses 5:4).<\/b><\/p>\n<p><span style=\"font-weight: 400;\">Oremos juntos.<\/span><\/p>\n<p><span style=\"font-weight: 400;\">Padre celestial, gracias por la maravillosa experiencia de El\u00edas, al mostrarnos c\u00f3mo podemos permanecer fieles a ti mientras nos apoyamos completamente en tu poder. Se\u00f1or, bendice a todos los que necesitan atenci\u00f3n especial de aliento, de poder sustentador del cielo. Ay\u00fadanos a comprender que, independientemente de lo que nos pidas que hagamos o de lo bien que nos sintamos mientras te representamos, est\u00e1s con nosotros y la fuerza angelical puede rodearnos y apoyarnos y animarnos. Se\u00f1or, nos ponemos en tus manos, env\u00eda al Esp\u00edritu Santo para que nos llene y nos use mientras proclamamos tu mensaje en estos \u00faltimos d\u00edas de la historia de la tierra, gracias por estar con nosotros, en el nombre de Jes\u00fas te lo pedimos, Am\u00e9n. <\/span><\/p>\n","protected":false},"excerpt":{"rendered":"<p>29 de enero de 2021 | Silver Spring, Maryland, Estados Unidos | Ted N.C. Wilson, President de la Asociaci\u00f3n General de los Adventistas del S\u00e9ptimo D\u00eda \u00a1Hola amigos! \u00bfAlguna vez&#8230;<\/p>\n","protected":false},"author":3,"featured_media":66913,"comment_status":"closed","ping_status":"closed","sticky":false,"template":"","format":"standard","meta":{"_acf_changed":false,"footnotes":""},"categories":[14,15],"tags":[],"class_list":["post-66897","post","type-post","status-publish","format-standard","has-post-thumbnail","hentry","category-de-la-iglesia-mundial","category-rss-espanol"],"acf":[],"yoast_head":"<!-- This site is optimized with the Yoast SEO plugin v27.3 - https:\/\/yoast.com\/product\/yoast-seo-wordpress\/ -->\n<title>No est\u00e1s solo - Iglesia Adventista del S\u00e9ptimo D\u00eda - Divisi\u00f3n Interamericana<\/title>\n<meta name=\"robots\" content=\"index, follow, max-snippet:-1, max-image-preview:large, max-video-preview:-1\" \/>\n<link rel=\"canonical\" href=\"https:\/\/interamerica.org\/es\/2021\/01\/no-estas-solo\/\" \/>\n<meta property=\"og:locale\" content=\"es_ES\" \/>\n<meta property=\"og:type\" content=\"article\" \/>\n<meta property=\"og:title\" content=\"No est\u00e1s solo - Iglesia Adventista del S\u00e9ptimo D\u00eda - Divisi\u00f3n Interamericana\" \/>\n<meta property=\"og:description\" content=\"29 de enero de 2021 | Silver Spring, Maryland, Estados Unidos | Ted N.C. Wilson, President de la Asociaci\u00f3n General de los Adventistas del S\u00e9ptimo D\u00eda \u00a1Hola amigos! \u00bfAlguna vez...\" \/>\n<meta property=\"og:url\" content=\"https:\/\/interamerica.org\/es\/2021\/01\/no-estas-solo\/\" \/>\n<meta property=\"og:site_name\" content=\"Iglesia Adventista del S\u00e9ptimo D\u00eda - Divisi\u00f3n Interamericana\" \/>\n<meta property=\"article:published_time\" content=\"2021-01-29T12:00:59+00:00\" \/>\n<meta property=\"article:modified_time\" content=\"2021-02-02T23:53:01+00:00\" \/>\n<meta property=\"og:image\" content=\"https:\/\/interamerica.org\/wp-content\/uploads\/2021\/01\/wilson-jan29-spa.jpg\" \/>\n\t<meta property=\"og:image:width\" content=\"1280\" \/>\n\t<meta property=\"og:image:height\" content=\"800\" \/>\n\t<meta property=\"og:image:type\" content=\"image\/jpeg\" \/>\n<meta name=\"author\" content=\"libna\" \/>\n<meta name=\"twitter:card\" content=\"summary_large_image\" \/>\n<meta name=\"twitter:label1\" content=\"Escrito por\" \/>\n\t<meta name=\"twitter:data1\" content=\"libna\" \/>\n\t<meta name=\"twitter:label2\" content=\"Tiempo de lectura\" \/>\n\t<meta name=\"twitter:data2\" content=\"4 minutos\" \/>\n<script type=\"application\/ld+json\" class=\"yoast-schema-graph\">{\"@context\":\"https:\\\/\\\/schema.org\",\"@graph\":[{\"@type\":\"Article\",\"@id\":\"https:\\\/\\\/interamerica.org\\\/es\\\/2021\\\/01\\\/no-estas-solo\\\/#article\",\"isPartOf\":{\"@id\":\"https:\\\/\\\/interamerica.org\\\/es\\\/2021\\\/01\\\/no-estas-solo\\\/\"},\"author\":{\"name\":\"libna\",\"@id\":\"https:\\\/\\\/interamerica.org\\\/es\\\/#\\\/schema\\\/person\\\/29998f2bc2d8bd0d38662909289b54f1\"},\"headline\":\"No est\u00e1s solo\",\"datePublished\":\"2021-01-29T12:00:59+00:00\",\"dateModified\":\"2021-02-02T23:53:01+00:00\",\"mainEntityOfPage\":{\"@id\":\"https:\\\/\\\/interamerica.org\\\/es\\\/2021\\\/01\\\/no-estas-solo\\\/\"},\"wordCount\":845,\"image\":{\"@id\":\"https:\\\/\\\/interamerica.org\\\/es\\\/2021\\\/01\\\/no-estas-solo\\\/#primaryimage\"},\"thumbnailUrl\":\"https:\\\/\\\/interamerica.org\\\/wp-content\\\/uploads\\\/2021\\\/01\\\/wilson-jan29-spa.jpg\",\"articleSection\":[\"Desde la iglesia mundial\",\"RSS Espa\u00f1ol\"],\"inLanguage\":\"es\"},{\"@type\":\"WebPage\",\"@id\":\"https:\\\/\\\/interamerica.org\\\/es\\\/2021\\\/01\\\/no-estas-solo\\\/\",\"url\":\"https:\\\/\\\/interamerica.org\\\/es\\\/2021\\\/01\\\/no-estas-solo\\\/\",\"name\":\"No est\u00e1s solo - Iglesia Adventista del S\u00e9ptimo D\u00eda - Divisi\u00f3n Interamericana\",\"isPartOf\":{\"@id\":\"https:\\\/\\\/interamerica.org\\\/es\\\/#website\"},\"primaryImageOfPage\":{\"@id\":\"https:\\\/\\\/interamerica.org\\\/es\\\/2021\\\/01\\\/no-estas-solo\\\/#primaryimage\"},\"image\":{\"@id\":\"https:\\\/\\\/interamerica.org\\\/es\\\/2021\\\/01\\\/no-estas-solo\\\/#primaryimage\"},\"thumbnailUrl\":\"https:\\\/\\\/interamerica.org\\\/wp-content\\\/uploads\\\/2021\\\/01\\\/wilson-jan29-spa.jpg\",\"datePublished\":\"2021-01-29T12:00:59+00:00\",\"dateModified\":\"2021-02-02T23:53:01+00:00\",\"author\":{\"@id\":\"https:\\\/\\\/interamerica.org\\\/es\\\/#\\\/schema\\\/person\\\/29998f2bc2d8bd0d38662909289b54f1\"},\"breadcrumb\":{\"@id\":\"https:\\\/\\\/interamerica.org\\\/es\\\/2021\\\/01\\\/no-estas-solo\\\/#breadcrumb\"},\"inLanguage\":\"es\",\"potentialAction\":[{\"@type\":\"ReadAction\",\"target\":[\"https:\\\/\\\/interamerica.org\\\/es\\\/2021\\\/01\\\/no-estas-solo\\\/\"]}]},{\"@type\":\"ImageObject\",\"inLanguage\":\"es\",\"@id\":\"https:\\\/\\\/interamerica.org\\\/es\\\/2021\\\/01\\\/no-estas-solo\\\/#primaryimage\",\"url\":\"https:\\\/\\\/interamerica.org\\\/wp-content\\\/uploads\\\/2021\\\/01\\\/wilson-jan29-spa.jpg\",\"contentUrl\":\"https:\\\/\\\/interamerica.org\\\/wp-content\\\/uploads\\\/2021\\\/01\\\/wilson-jan29-spa.jpg\",\"width\":1280,\"height\":800},{\"@type\":\"BreadcrumbList\",\"@id\":\"https:\\\/\\\/interamerica.org\\\/es\\\/2021\\\/01\\\/no-estas-solo\\\/#breadcrumb\",\"itemListElement\":[{\"@type\":\"ListItem\",\"position\":1,\"name\":\"Home\",\"item\":\"https:\\\/\\\/interamerica.org\\\/es\\\/\"},{\"@type\":\"ListItem\",\"position\":2,\"name\":\"No est\u00e1s solo\"}]},{\"@type\":\"WebSite\",\"@id\":\"https:\\\/\\\/interamerica.org\\\/es\\\/#website\",\"url\":\"https:\\\/\\\/interamerica.org\\\/es\\\/\",\"name\":\"Iglesia Adventista del S\u00e9ptimo D\u00eda - Divisi\u00f3n Interamericana\",\"description\":\"\",\"potentialAction\":[{\"@type\":\"SearchAction\",\"target\":{\"@type\":\"EntryPoint\",\"urlTemplate\":\"https:\\\/\\\/interamerica.org\\\/es\\\/?s={search_term_string}\"},\"query-input\":{\"@type\":\"PropertyValueSpecification\",\"valueRequired\":true,\"valueName\":\"search_term_string\"}}],\"inLanguage\":\"es\"},{\"@type\":\"Person\",\"@id\":\"https:\\\/\\\/interamerica.org\\\/es\\\/#\\\/schema\\\/person\\\/29998f2bc2d8bd0d38662909289b54f1\",\"name\":\"libna\",\"image\":{\"@type\":\"ImageObject\",\"inLanguage\":\"es\",\"@id\":\"https:\\\/\\\/secure.gravatar.com\\\/avatar\\\/7c5bd30ae4b47a9ba3c856590957fd1d96dc588bf3ac05719d247e126840331f?s=96&d=mm&r=g\",\"url\":\"https:\\\/\\\/secure.gravatar.com\\\/avatar\\\/7c5bd30ae4b47a9ba3c856590957fd1d96dc588bf3ac05719d247e126840331f?s=96&d=mm&r=g\",\"contentUrl\":\"https:\\\/\\\/secure.gravatar.com\\\/avatar\\\/7c5bd30ae4b47a9ba3c856590957fd1d96dc588bf3ac05719d247e126840331f?s=96&d=mm&r=g\",\"caption\":\"libna\"}}]}<\/script>\n<!-- \/ Yoast SEO plugin. -->","yoast_head_json":{"title":"No est\u00e1s solo - Iglesia Adventista del S\u00e9ptimo D\u00eda - Divisi\u00f3n Interamericana","robots":{"index":"index","follow":"follow","max-snippet":"max-snippet:-1","max-image-preview":"max-image-preview:large","max-video-preview":"max-video-preview:-1"},"canonical":"https:\/\/interamerica.org\/es\/2021\/01\/no-estas-solo\/","og_locale":"es_ES","og_type":"article","og_title":"No est\u00e1s solo - Iglesia Adventista del S\u00e9ptimo D\u00eda - Divisi\u00f3n Interamericana","og_description":"29 de enero de 2021 | Silver Spring, Maryland, Estados Unidos | Ted N.C. Wilson, President de la Asociaci\u00f3n General de los Adventistas del S\u00e9ptimo D\u00eda \u00a1Hola amigos! \u00bfAlguna vez...","og_url":"https:\/\/interamerica.org\/es\/2021\/01\/no-estas-solo\/","og_site_name":"Iglesia Adventista del S\u00e9ptimo D\u00eda - Divisi\u00f3n Interamericana","article_published_time":"2021-01-29T12:00:59+00:00","article_modified_time":"2021-02-02T23:53:01+00:00","og_image":[{"width":1280,"height":800,"url":"https:\/\/interamerica.org\/wp-content\/uploads\/2021\/01\/wilson-jan29-spa.jpg","type":"image\/jpeg"}],"author":"libna","twitter_card":"summary_large_image","twitter_misc":{"Escrito por":"libna","Tiempo de lectura":"4 minutos"},"schema":{"@context":"https:\/\/schema.org","@graph":[{"@type":"Article","@id":"https:\/\/interamerica.org\/es\/2021\/01\/no-estas-solo\/#article","isPartOf":{"@id":"https:\/\/interamerica.org\/es\/2021\/01\/no-estas-solo\/"},"author":{"name":"libna","@id":"https:\/\/interamerica.org\/es\/#\/schema\/person\/29998f2bc2d8bd0d38662909289b54f1"},"headline":"No est\u00e1s solo","datePublished":"2021-01-29T12:00:59+00:00","dateModified":"2021-02-02T23:53:01+00:00","mainEntityOfPage":{"@id":"https:\/\/interamerica.org\/es\/2021\/01\/no-estas-solo\/"},"wordCount":845,"image":{"@id":"https:\/\/interamerica.org\/es\/2021\/01\/no-estas-solo\/#primaryimage"},"thumbnailUrl":"https:\/\/interamerica.org\/wp-content\/uploads\/2021\/01\/wilson-jan29-spa.jpg","articleSection":["Desde la iglesia mundial","RSS Espa\u00f1ol"],"inLanguage":"es"},{"@type":"WebPage","@id":"https:\/\/interamerica.org\/es\/2021\/01\/no-estas-solo\/","url":"https:\/\/interamerica.org\/es\/2021\/01\/no-estas-solo\/","name":"No est\u00e1s solo - Iglesia Adventista del S\u00e9ptimo D\u00eda - Divisi\u00f3n Interamericana","isPartOf":{"@id":"https:\/\/interamerica.org\/es\/#website"},"primaryImageOfPage":{"@id":"https:\/\/interamerica.org\/es\/2021\/01\/no-estas-solo\/#primaryimage"},"image":{"@id":"https:\/\/interamerica.org\/es\/2021\/01\/no-estas-solo\/#primaryimage"},"thumbnailUrl":"https:\/\/interamerica.org\/wp-content\/uploads\/2021\/01\/wilson-jan29-spa.jpg","datePublished":"2021-01-29T12:00:59+00:00","dateModified":"2021-02-02T23:53:01+00:00","author":{"@id":"https:\/\/interamerica.org\/es\/#\/schema\/person\/29998f2bc2d8bd0d38662909289b54f1"},"breadcrumb":{"@id":"https:\/\/interamerica.org\/es\/2021\/01\/no-estas-solo\/#breadcrumb"},"inLanguage":"es","potentialAction":[{"@type":"ReadAction","target":["https:\/\/interamerica.org\/es\/2021\/01\/no-estas-solo\/"]}]},{"@type":"ImageObject","inLanguage":"es","@id":"https:\/\/interamerica.org\/es\/2021\/01\/no-estas-solo\/#primaryimage","url":"https:\/\/interamerica.org\/wp-content\/uploads\/2021\/01\/wilson-jan29-spa.jpg","contentUrl":"https:\/\/interamerica.org\/wp-content\/uploads\/2021\/01\/wilson-jan29-spa.jpg","width":1280,"height":800},{"@type":"BreadcrumbList","@id":"https:\/\/interamerica.org\/es\/2021\/01\/no-estas-solo\/#breadcrumb","itemListElement":[{"@type":"ListItem","position":1,"name":"Home","item":"https:\/\/interamerica.org\/es\/"},{"@type":"ListItem","position":2,"name":"No est\u00e1s solo"}]},{"@type":"WebSite","@id":"https:\/\/interamerica.org\/es\/#website","url":"https:\/\/interamerica.org\/es\/","name":"Iglesia Adventista del S\u00e9ptimo D\u00eda - Divisi\u00f3n Interamericana","description":"","potentialAction":[{"@type":"SearchAction","target":{"@type":"EntryPoint","urlTemplate":"https:\/\/interamerica.org\/es\/?s={search_term_string}"},"query-input":{"@type":"PropertyValueSpecification","valueRequired":true,"valueName":"search_term_string"}}],"inLanguage":"es"},{"@type":"Person","@id":"https:\/\/interamerica.org\/es\/#\/schema\/person\/29998f2bc2d8bd0d38662909289b54f1","name":"libna","image":{"@type":"ImageObject","inLanguage":"es","@id":"https:\/\/secure.gravatar.com\/avatar\/7c5bd30ae4b47a9ba3c856590957fd1d96dc588bf3ac05719d247e126840331f?s=96&d=mm&r=g","url":"https:\/\/secure.gravatar.com\/avatar\/7c5bd30ae4b47a9ba3c856590957fd1d96dc588bf3ac05719d247e126840331f?s=96&d=mm&r=g","contentUrl":"https:\/\/secure.gravatar.com\/avatar\/7c5bd30ae4b47a9ba3c856590957fd1d96dc588bf3ac05719d247e126840331f?s=96&d=mm&r=g","caption":"libna"}}]}},"_links":{"self":[{"href":"https:\/\/interamerica.org\/es\/wp-json\/wp\/v2\/posts\/66897","targetHints":{"allow":["GET"]}}],"collection":[{"href":"https:\/\/interamerica.org\/es\/wp-json\/wp\/v2\/posts"}],"about":[{"href":"https:\/\/interamerica.org\/es\/wp-json\/wp\/v2\/types\/post"}],"author":[{"embeddable":true,"href":"https:\/\/interamerica.org\/es\/wp-json\/wp\/v2\/users\/3"}],"replies":[{"embeddable":true,"href":"https:\/\/interamerica.org\/es\/wp-json\/wp\/v2\/comments?post=66897"}],"version-history":[{"count":0,"href":"https:\/\/interamerica.org\/es\/wp-json\/wp\/v2\/posts\/66897\/revisions"}],"wp:featuredmedia":[{"embeddable":true,"href":"https:\/\/interamerica.org\/es\/wp-json\/wp\/v2\/media\/66913"}],"wp:attachment":[{"href":"https:\/\/interamerica.org\/es\/wp-json\/wp\/v2\/media?parent=66897"}],"wp:term":[{"taxonomy":"category","embeddable":true,"href":"https:\/\/interamerica.org\/es\/wp-json\/wp\/v2\/categories?post=66897"},{"taxonomy":"post_tag","embeddable":true,"href":"https:\/\/interamerica.org\/es\/wp-json\/wp\/v2\/tags?post=66897"}],"curies":[{"name":"wp","href":"https:\/\/api.w.org\/{rel}","templated":true}]}}