{"id":68851,"date":"2021-02-13T14:23:54","date_gmt":"2021-02-13T18:23:54","guid":{"rendered":"https:\/\/recursing-golick.147-182-135-0.plesk.page\/?p=68851"},"modified":"2021-02-16T10:59:26","modified_gmt":"2021-02-16T14:59:26","slug":"el-pastor-lameck-barashinga-fue-liberado-de-la-carcel-en-burundi","status":"publish","type":"post","link":"https:\/\/interamerica.org\/es\/2021\/02\/el-pastor-lameck-barashinga-fue-liberado-de-la-carcel-en-burundi\/","title":{"rendered":"El Pastor Lameck Barashinga fue liberado de la c\u00e1rcel en Burundi"},"content":{"rendered":"<div class=\"c-block__category u-text-transform--upper\">\n<p>12 de febrero de 2021 | Nairobi, Kenia | Divisi\u00f3n Africana Central del Este \/ ANN News<\/p>\n<p>La Divisi\u00f3n Africana Central del Este se complace en informar a los miembros de la Iglesia Adventista del S\u00e9ptimo D\u00eda y al p\u00fablico en general, que el Pastor Lameck Barashinga fue liberado de la C\u00e1rcel Central Bujumbura, en Burundi, el 10 de febrero de 2021.<\/p>\n<p>El Pastor Barashinga es un fiel siervo de Dios en la Iglesia Adventista en Burundi. El 24 de octubre de 2019, fue arrestado por causa de su fe. Desde entonces, la Asociaci\u00f3n General de los Adventistas del S\u00e9ptimo D\u00eda ha solicitado a hermanos y hermanas de todo el mundo que oren en favor de \u00e9l y de toda la iglesia en Burundi.<\/p>\n<p>La Divisi\u00f3n Africana Central del Este est\u00e1 muy agradecida con Dios y agradece tanto al gobierno como a todos aquellos en el mundo que han elevado oraciones que han hecho posible este d\u00eda de celebraci\u00f3n.\u00a0 El presidente de la Divisi\u00f3n Africana Central del Este, Blasious Ruguri, dijo: \u201cDeseo darle gracias a Dios por haber protegido a su siervo. Dios ha contestado nuestras oraciones. Tambi\u00e9n deseo reconocer los esfuerzos de nuestros hermanos en la divisi\u00f3n y de todo al mundo, quienes se unieron a nosotros en esta jornada de oraci\u00f3n\u201d.<\/p>\n<p>Al mirar hacia el futuro en procura de m\u00e1s bendiciones en la labor misionera, el presidente Ruguri inst\u00f3 a la iglesia en Burundi a hacer de Filipenses 1:6, su lema: \u201cEstoy convencido de esto: el que comenz\u00f3 tan buena obra en ustedes la ir\u00e1 perfeccionando hasta el d\u00eda de Cristo Jes\u00fas\u201d.<\/p>\n<p>El presidente de la \u00a0Iglesia Adventista del S\u00e9ptimo D\u00eda mundial, Ted N.C. Wilson, expres\u00f3 tambi\u00e9n su gratitud por la liberaci\u00f3n del Pastor Barashinga. \u201cEstamos sumamente agradecidos a Dios y al gobierno de Burundi por la liberaci\u00f3n del Pastor Lameck Barashinga, por el cu\u00e1l hemos estado orando por muchos meses\u201d, dijo el Pastor Wilson. \u201cAlabamos al Se\u00f1or por este buen paso hacia la normalizaci\u00f3n de las actividades de la Iglesia Adventista del S\u00e9ptimo D\u00eda en Burundi, de manera que los mensajes de los tres \u00e1ngeles puedan ser dados con mayor poder en todo Burundi, en anticipaci\u00f3n al pronto regreso de nuestro Se\u00f1or Jesucristo\u201d.<\/p>\n<p>Traducci\u00f3n por Gloria Castrej\u00f3n<\/p>\n<\/div>\n","protected":false},"excerpt":{"rendered":"<p>12 de febrero de 2021 | Nairobi, Kenia | Divisi\u00f3n Africana Central del Este \/ ANN News La Divisi\u00f3n Africana Central del Este se complace en informar a los miembros&#8230;<\/p>\n","protected":false},"author":3,"featured_media":68832,"comment_status":"closed","ping_status":"closed","sticky":false,"template":"","format":"standard","meta":{"_acf_changed":false,"footnotes":""},"categories":[14,15],"tags":[],"class_list":["post-68851","post","type-post","status-publish","format-standard","has-post-thumbnail","hentry","category-de-la-iglesia-mundial","category-rss-espanol"],"acf":[],"yoast_head":"<!-- This site is optimized with the Yoast SEO plugin v27.3 - https:\/\/yoast.com\/product\/yoast-seo-wordpress\/ -->\n<title>El Pastor Lameck Barashinga fue liberado de la c\u00e1rcel en Burundi - Iglesia Adventista del S\u00e9ptimo D\u00eda - Divisi\u00f3n Interamericana<\/title>\n<meta name=\"robots\" content=\"index, follow, max-snippet:-1, max-image-preview:large, max-video-preview:-1\" \/>\n<link rel=\"canonical\" href=\"https:\/\/interamerica.org\/es\/2021\/02\/el-pastor-lameck-barashinga-fue-liberado-de-la-carcel-en-burundi\/\" \/>\n<meta property=\"og:locale\" content=\"es_ES\" \/>\n<meta property=\"og:type\" content=\"article\" \/>\n<meta property=\"og:title\" content=\"El Pastor Lameck Barashinga fue liberado de la c\u00e1rcel en Burundi - Iglesia Adventista del S\u00e9ptimo D\u00eda - Divisi\u00f3n Interamericana\" \/>\n<meta property=\"og:description\" content=\"12 de febrero de 2021 | Nairobi, Kenia | Divisi\u00f3n Africana Central del Este \/ ANN News La Divisi\u00f3n Africana Central del Este se complace en informar a los miembros...\" \/>\n<meta property=\"og:url\" content=\"https:\/\/interamerica.org\/es\/2021\/02\/el-pastor-lameck-barashinga-fue-liberado-de-la-carcel-en-burundi\/\" \/>\n<meta property=\"og:site_name\" content=\"Iglesia Adventista del S\u00e9ptimo D\u00eda - Divisi\u00f3n Interamericana\" \/>\n<meta property=\"article:published_time\" content=\"2021-02-13T18:23:54+00:00\" \/>\n<meta property=\"article:modified_time\" content=\"2021-02-16T14:59:26+00:00\" \/>\n<meta property=\"og:image\" content=\"https:\/\/interamerica.org\/wp-content\/uploads\/2021\/02\/burundi-flag.jpg\" \/>\n\t<meta property=\"og:image:width\" content=\"900\" \/>\n\t<meta property=\"og:image:height\" content=\"675\" \/>\n\t<meta property=\"og:image:type\" content=\"image\/jpeg\" \/>\n<meta name=\"author\" content=\"libna\" \/>\n<meta name=\"twitter:card\" content=\"summary_large_image\" \/>\n<meta name=\"twitter:label1\" content=\"Escrito por\" \/>\n\t<meta name=\"twitter:data1\" content=\"libna\" \/>\n\t<meta name=\"twitter:label2\" content=\"Tiempo de lectura\" \/>\n\t<meta name=\"twitter:data2\" content=\"2 minutos\" \/>\n<script type=\"application\/ld+json\" class=\"yoast-schema-graph\">{\"@context\":\"https:\\\/\\\/schema.org\",\"@graph\":[{\"@type\":\"Article\",\"@id\":\"https:\\\/\\\/interamerica.org\\\/es\\\/2021\\\/02\\\/el-pastor-lameck-barashinga-fue-liberado-de-la-carcel-en-burundi\\\/#article\",\"isPartOf\":{\"@id\":\"https:\\\/\\\/interamerica.org\\\/es\\\/2021\\\/02\\\/el-pastor-lameck-barashinga-fue-liberado-de-la-carcel-en-burundi\\\/\"},\"author\":{\"name\":\"libna\",\"@id\":\"https:\\\/\\\/interamerica.org\\\/es\\\/#\\\/schema\\\/person\\\/29998f2bc2d8bd0d38662909289b54f1\"},\"headline\":\"El Pastor Lameck Barashinga fue liberado de la c\u00e1rcel en Burundi\",\"datePublished\":\"2021-02-13T18:23:54+00:00\",\"dateModified\":\"2021-02-16T14:59:26+00:00\",\"mainEntityOfPage\":{\"@id\":\"https:\\\/\\\/interamerica.org\\\/es\\\/2021\\\/02\\\/el-pastor-lameck-barashinga-fue-liberado-de-la-carcel-en-burundi\\\/\"},\"wordCount\":406,\"image\":{\"@id\":\"https:\\\/\\\/interamerica.org\\\/es\\\/2021\\\/02\\\/el-pastor-lameck-barashinga-fue-liberado-de-la-carcel-en-burundi\\\/#primaryimage\"},\"thumbnailUrl\":\"https:\\\/\\\/interamerica.org\\\/wp-content\\\/uploads\\\/2021\\\/02\\\/burundi-flag.jpg\",\"articleSection\":[\"Desde la iglesia mundial\",\"RSS Espa\u00f1ol\"],\"inLanguage\":\"es\"},{\"@type\":\"WebPage\",\"@id\":\"https:\\\/\\\/interamerica.org\\\/es\\\/2021\\\/02\\\/el-pastor-lameck-barashinga-fue-liberado-de-la-carcel-en-burundi\\\/\",\"url\":\"https:\\\/\\\/interamerica.org\\\/es\\\/2021\\\/02\\\/el-pastor-lameck-barashinga-fue-liberado-de-la-carcel-en-burundi\\\/\",\"name\":\"El Pastor Lameck Barashinga fue liberado de la c\u00e1rcel en Burundi - Iglesia Adventista del S\u00e9ptimo D\u00eda - Divisi\u00f3n Interamericana\",\"isPartOf\":{\"@id\":\"https:\\\/\\\/interamerica.org\\\/es\\\/#website\"},\"primaryImageOfPage\":{\"@id\":\"https:\\\/\\\/interamerica.org\\\/es\\\/2021\\\/02\\\/el-pastor-lameck-barashinga-fue-liberado-de-la-carcel-en-burundi\\\/#primaryimage\"},\"image\":{\"@id\":\"https:\\\/\\\/interamerica.org\\\/es\\\/2021\\\/02\\\/el-pastor-lameck-barashinga-fue-liberado-de-la-carcel-en-burundi\\\/#primaryimage\"},\"thumbnailUrl\":\"https:\\\/\\\/interamerica.org\\\/wp-content\\\/uploads\\\/2021\\\/02\\\/burundi-flag.jpg\",\"datePublished\":\"2021-02-13T18:23:54+00:00\",\"dateModified\":\"2021-02-16T14:59:26+00:00\",\"author\":{\"@id\":\"https:\\\/\\\/interamerica.org\\\/es\\\/#\\\/schema\\\/person\\\/29998f2bc2d8bd0d38662909289b54f1\"},\"breadcrumb\":{\"@id\":\"https:\\\/\\\/interamerica.org\\\/es\\\/2021\\\/02\\\/el-pastor-lameck-barashinga-fue-liberado-de-la-carcel-en-burundi\\\/#breadcrumb\"},\"inLanguage\":\"es\",\"potentialAction\":[{\"@type\":\"ReadAction\",\"target\":[\"https:\\\/\\\/interamerica.org\\\/es\\\/2021\\\/02\\\/el-pastor-lameck-barashinga-fue-liberado-de-la-carcel-en-burundi\\\/\"]}]},{\"@type\":\"ImageObject\",\"inLanguage\":\"es\",\"@id\":\"https:\\\/\\\/interamerica.org\\\/es\\\/2021\\\/02\\\/el-pastor-lameck-barashinga-fue-liberado-de-la-carcel-en-burundi\\\/#primaryimage\",\"url\":\"https:\\\/\\\/interamerica.org\\\/wp-content\\\/uploads\\\/2021\\\/02\\\/burundi-flag.jpg\",\"contentUrl\":\"https:\\\/\\\/interamerica.org\\\/wp-content\\\/uploads\\\/2021\\\/02\\\/burundi-flag.jpg\",\"width\":900,\"height\":675,\"caption\":\"[Photo: Pixabay]\"},{\"@type\":\"BreadcrumbList\",\"@id\":\"https:\\\/\\\/interamerica.org\\\/es\\\/2021\\\/02\\\/el-pastor-lameck-barashinga-fue-liberado-de-la-carcel-en-burundi\\\/#breadcrumb\",\"itemListElement\":[{\"@type\":\"ListItem\",\"position\":1,\"name\":\"Home\",\"item\":\"https:\\\/\\\/interamerica.org\\\/es\\\/\"},{\"@type\":\"ListItem\",\"position\":2,\"name\":\"El Pastor Lameck Barashinga fue liberado de la c\u00e1rcel en Burundi\"}]},{\"@type\":\"WebSite\",\"@id\":\"https:\\\/\\\/interamerica.org\\\/es\\\/#website\",\"url\":\"https:\\\/\\\/interamerica.org\\\/es\\\/\",\"name\":\"Iglesia Adventista del S\u00e9ptimo D\u00eda - Divisi\u00f3n Interamericana\",\"description\":\"\",\"potentialAction\":[{\"@type\":\"SearchAction\",\"target\":{\"@type\":\"EntryPoint\",\"urlTemplate\":\"https:\\\/\\\/interamerica.org\\\/es\\\/?s={search_term_string}\"},\"query-input\":{\"@type\":\"PropertyValueSpecification\",\"valueRequired\":true,\"valueName\":\"search_term_string\"}}],\"inLanguage\":\"es\"},{\"@type\":\"Person\",\"@id\":\"https:\\\/\\\/interamerica.org\\\/es\\\/#\\\/schema\\\/person\\\/29998f2bc2d8bd0d38662909289b54f1\",\"name\":\"libna\",\"image\":{\"@type\":\"ImageObject\",\"inLanguage\":\"es\",\"@id\":\"https:\\\/\\\/secure.gravatar.com\\\/avatar\\\/7c5bd30ae4b47a9ba3c856590957fd1d96dc588bf3ac05719d247e126840331f?s=96&d=mm&r=g\",\"url\":\"https:\\\/\\\/secure.gravatar.com\\\/avatar\\\/7c5bd30ae4b47a9ba3c856590957fd1d96dc588bf3ac05719d247e126840331f?s=96&d=mm&r=g\",\"contentUrl\":\"https:\\\/\\\/secure.gravatar.com\\\/avatar\\\/7c5bd30ae4b47a9ba3c856590957fd1d96dc588bf3ac05719d247e126840331f?s=96&d=mm&r=g\",\"caption\":\"libna\"}}]}<\/script>\n<!-- \/ Yoast SEO plugin. -->","yoast_head_json":{"title":"El Pastor Lameck Barashinga fue liberado de la c\u00e1rcel en Burundi - Iglesia Adventista del S\u00e9ptimo D\u00eda - Divisi\u00f3n Interamericana","robots":{"index":"index","follow":"follow","max-snippet":"max-snippet:-1","max-image-preview":"max-image-preview:large","max-video-preview":"max-video-preview:-1"},"canonical":"https:\/\/interamerica.org\/es\/2021\/02\/el-pastor-lameck-barashinga-fue-liberado-de-la-carcel-en-burundi\/","og_locale":"es_ES","og_type":"article","og_title":"El Pastor Lameck Barashinga fue liberado de la c\u00e1rcel en Burundi - Iglesia Adventista del S\u00e9ptimo D\u00eda - Divisi\u00f3n Interamericana","og_description":"12 de febrero de 2021 | Nairobi, Kenia | Divisi\u00f3n Africana Central del Este \/ ANN News La Divisi\u00f3n Africana Central del Este se complace en informar a los miembros...","og_url":"https:\/\/interamerica.org\/es\/2021\/02\/el-pastor-lameck-barashinga-fue-liberado-de-la-carcel-en-burundi\/","og_site_name":"Iglesia Adventista del S\u00e9ptimo D\u00eda - Divisi\u00f3n Interamericana","article_published_time":"2021-02-13T18:23:54+00:00","article_modified_time":"2021-02-16T14:59:26+00:00","og_image":[{"width":900,"height":675,"url":"https:\/\/interamerica.org\/wp-content\/uploads\/2021\/02\/burundi-flag.jpg","type":"image\/jpeg"}],"author":"libna","twitter_card":"summary_large_image","twitter_misc":{"Escrito por":"libna","Tiempo de lectura":"2 minutos"},"schema":{"@context":"https:\/\/schema.org","@graph":[{"@type":"Article","@id":"https:\/\/interamerica.org\/es\/2021\/02\/el-pastor-lameck-barashinga-fue-liberado-de-la-carcel-en-burundi\/#article","isPartOf":{"@id":"https:\/\/interamerica.org\/es\/2021\/02\/el-pastor-lameck-barashinga-fue-liberado-de-la-carcel-en-burundi\/"},"author":{"name":"libna","@id":"https:\/\/interamerica.org\/es\/#\/schema\/person\/29998f2bc2d8bd0d38662909289b54f1"},"headline":"El Pastor Lameck Barashinga fue liberado de la c\u00e1rcel en Burundi","datePublished":"2021-02-13T18:23:54+00:00","dateModified":"2021-02-16T14:59:26+00:00","mainEntityOfPage":{"@id":"https:\/\/interamerica.org\/es\/2021\/02\/el-pastor-lameck-barashinga-fue-liberado-de-la-carcel-en-burundi\/"},"wordCount":406,"image":{"@id":"https:\/\/interamerica.org\/es\/2021\/02\/el-pastor-lameck-barashinga-fue-liberado-de-la-carcel-en-burundi\/#primaryimage"},"thumbnailUrl":"https:\/\/interamerica.org\/wp-content\/uploads\/2021\/02\/burundi-flag.jpg","articleSection":["Desde la iglesia mundial","RSS Espa\u00f1ol"],"inLanguage":"es"},{"@type":"WebPage","@id":"https:\/\/interamerica.org\/es\/2021\/02\/el-pastor-lameck-barashinga-fue-liberado-de-la-carcel-en-burundi\/","url":"https:\/\/interamerica.org\/es\/2021\/02\/el-pastor-lameck-barashinga-fue-liberado-de-la-carcel-en-burundi\/","name":"El Pastor Lameck Barashinga fue liberado de la c\u00e1rcel en Burundi - Iglesia Adventista del S\u00e9ptimo D\u00eda - Divisi\u00f3n Interamericana","isPartOf":{"@id":"https:\/\/interamerica.org\/es\/#website"},"primaryImageOfPage":{"@id":"https:\/\/interamerica.org\/es\/2021\/02\/el-pastor-lameck-barashinga-fue-liberado-de-la-carcel-en-burundi\/#primaryimage"},"image":{"@id":"https:\/\/interamerica.org\/es\/2021\/02\/el-pastor-lameck-barashinga-fue-liberado-de-la-carcel-en-burundi\/#primaryimage"},"thumbnailUrl":"https:\/\/interamerica.org\/wp-content\/uploads\/2021\/02\/burundi-flag.jpg","datePublished":"2021-02-13T18:23:54+00:00","dateModified":"2021-02-16T14:59:26+00:00","author":{"@id":"https:\/\/interamerica.org\/es\/#\/schema\/person\/29998f2bc2d8bd0d38662909289b54f1"},"breadcrumb":{"@id":"https:\/\/interamerica.org\/es\/2021\/02\/el-pastor-lameck-barashinga-fue-liberado-de-la-carcel-en-burundi\/#breadcrumb"},"inLanguage":"es","potentialAction":[{"@type":"ReadAction","target":["https:\/\/interamerica.org\/es\/2021\/02\/el-pastor-lameck-barashinga-fue-liberado-de-la-carcel-en-burundi\/"]}]},{"@type":"ImageObject","inLanguage":"es","@id":"https:\/\/interamerica.org\/es\/2021\/02\/el-pastor-lameck-barashinga-fue-liberado-de-la-carcel-en-burundi\/#primaryimage","url":"https:\/\/interamerica.org\/wp-content\/uploads\/2021\/02\/burundi-flag.jpg","contentUrl":"https:\/\/interamerica.org\/wp-content\/uploads\/2021\/02\/burundi-flag.jpg","width":900,"height":675,"caption":"[Photo: Pixabay]"},{"@type":"BreadcrumbList","@id":"https:\/\/interamerica.org\/es\/2021\/02\/el-pastor-lameck-barashinga-fue-liberado-de-la-carcel-en-burundi\/#breadcrumb","itemListElement":[{"@type":"ListItem","position":1,"name":"Home","item":"https:\/\/interamerica.org\/es\/"},{"@type":"ListItem","position":2,"name":"El Pastor Lameck Barashinga fue liberado de la c\u00e1rcel en Burundi"}]},{"@type":"WebSite","@id":"https:\/\/interamerica.org\/es\/#website","url":"https:\/\/interamerica.org\/es\/","name":"Iglesia Adventista del S\u00e9ptimo D\u00eda - Divisi\u00f3n Interamericana","description":"","potentialAction":[{"@type":"SearchAction","target":{"@type":"EntryPoint","urlTemplate":"https:\/\/interamerica.org\/es\/?s={search_term_string}"},"query-input":{"@type":"PropertyValueSpecification","valueRequired":true,"valueName":"search_term_string"}}],"inLanguage":"es"},{"@type":"Person","@id":"https:\/\/interamerica.org\/es\/#\/schema\/person\/29998f2bc2d8bd0d38662909289b54f1","name":"libna","image":{"@type":"ImageObject","inLanguage":"es","@id":"https:\/\/secure.gravatar.com\/avatar\/7c5bd30ae4b47a9ba3c856590957fd1d96dc588bf3ac05719d247e126840331f?s=96&d=mm&r=g","url":"https:\/\/secure.gravatar.com\/avatar\/7c5bd30ae4b47a9ba3c856590957fd1d96dc588bf3ac05719d247e126840331f?s=96&d=mm&r=g","contentUrl":"https:\/\/secure.gravatar.com\/avatar\/7c5bd30ae4b47a9ba3c856590957fd1d96dc588bf3ac05719d247e126840331f?s=96&d=mm&r=g","caption":"libna"}}]}},"_links":{"self":[{"href":"https:\/\/interamerica.org\/es\/wp-json\/wp\/v2\/posts\/68851","targetHints":{"allow":["GET"]}}],"collection":[{"href":"https:\/\/interamerica.org\/es\/wp-json\/wp\/v2\/posts"}],"about":[{"href":"https:\/\/interamerica.org\/es\/wp-json\/wp\/v2\/types\/post"}],"author":[{"embeddable":true,"href":"https:\/\/interamerica.org\/es\/wp-json\/wp\/v2\/users\/3"}],"replies":[{"embeddable":true,"href":"https:\/\/interamerica.org\/es\/wp-json\/wp\/v2\/comments?post=68851"}],"version-history":[{"count":0,"href":"https:\/\/interamerica.org\/es\/wp-json\/wp\/v2\/posts\/68851\/revisions"}],"wp:featuredmedia":[{"embeddable":true,"href":"https:\/\/interamerica.org\/es\/wp-json\/wp\/v2\/media\/68832"}],"wp:attachment":[{"href":"https:\/\/interamerica.org\/es\/wp-json\/wp\/v2\/media?parent=68851"}],"wp:term":[{"taxonomy":"category","embeddable":true,"href":"https:\/\/interamerica.org\/es\/wp-json\/wp\/v2\/categories?post=68851"},{"taxonomy":"post_tag","embeddable":true,"href":"https:\/\/interamerica.org\/es\/wp-json\/wp\/v2\/tags?post=68851"}],"curies":[{"name":"wp","href":"https:\/\/api.w.org\/{rel}","templated":true}]}}