{"id":68898,"date":"2021-02-16T20:44:15","date_gmt":"2021-02-17T00:44:15","guid":{"rendered":"https:\/\/recursing-golick.147-182-135-0.plesk.page\/?p=68898"},"modified":"2021-02-17T10:38:15","modified_gmt":"2021-02-17T14:38:15","slug":"en-santa-cruz-iglesia-adventista-iniciara-ministerio-radial-gracias-a-adquisicion-de-nueva-estacion","status":"publish","type":"post","link":"https:\/\/interamerica.org\/es\/2021\/02\/en-santa-cruz-iglesia-adventista-iniciara-ministerio-radial-gracias-a-adquisicion-de-nueva-estacion\/","title":{"rendered":"En Santa Cruz, Iglesia Adventista iniciar\u00e1 ministerio radial gracias a adquisici\u00f3n de nueva estaci\u00f3n"},"content":{"rendered":"<p><div id=\"attachment_68892\" style=\"width: 809px\" class=\"wp-caption aligncenter\"><img fetchpriority=\"high\" decoding=\"async\" aria-describedby=\"caption-attachment-68892\" class=\"wp-image-68892\" src=\"https:\/\/recursing-golick.147-182-135-0.plesk.page\/wp-content\/uploads\/2021\/02\/ncc-wgod-new-station.jpg\" alt=\"\" width=\"799\" height=\"599\" srcset=\"https:\/\/interamerica.org\/wp-content\/uploads\/2021\/02\/ncc-wgod-new-station.jpg 950w, https:\/\/interamerica.org\/wp-content\/uploads\/2021\/02\/ncc-wgod-new-station-300x225.jpg 300w, https:\/\/interamerica.org\/wp-content\/uploads\/2021\/02\/ncc-wgod-new-station-768x576.jpg 768w\" sizes=\"(max-width: 799px) 100vw, 799px\" \/><p id=\"caption-attachment-68892\" class=\"wp-caption-text\">La sede de la estaci\u00f3n de radio de FM WGOD 97.9 ubicada en la Zona Norte de la isla de Santo Tom\u00e1s. La Asociaci\u00f3n Norte\u00f1a del Caribe adquiri\u00f3 hace poco la estaci\u00f3n en sociedad con Radio Mundial Adventista, para ministrar a m\u00e1s de 250 mil personas en trece islas de las Islas V\u00edrgenes Brit\u00e1nicas, las Islas V\u00edrgenes de los Estados Unidos y las islas circundantes con el mensaje del evangelio. [Fotograf\u00eda: Royston Philbert\/NCC]<\/p><\/div>16 de febrero de 2021 | Santa Cruz, Islas V\u00edrgenes de los Estados Unidos | NCC y Noticias de la Divisi\u00f3n Interamericana<\/p>\n<p>La Iglesia Adventista del S\u00e9ptimo D\u00eda en la Asociaci\u00f3n Norte\u00f1a del Caribe, que supervisa un conjunto de islas en las Islas V\u00edrgenes Brit\u00e1nicas y las Islas V\u00edrgenes de los Estados Unidos, anunci\u00f3 hace poco la adquisici\u00f3n de una estaci\u00f3n de radio, gracias a una sociedad con Radio Mundial Adventista. Como nueva due\u00f1a de WGOD 97.9 FM, la iglesia pronto podr\u00e1 lanzar un ministerio radial m\u00e1s amplio, dijeron los l\u00edderes de la iglesia.<\/p>\n<p>\u201cEsta adquisici\u00f3n no podr\u00eda haberse producido en un momento m\u00e1s oportuno, cuando la Iglesia Adventista en la Asociaci\u00f3n Norte\u00f1a del Caribe se encuentra remodelando su ministerio de medios para ser m\u00e1s diversa, m\u00e1s inclusiva y m\u00e1s relevante, en momentos en que damos urgencia a la proclamaci\u00f3n de nuestro mensaje y el poderoso cumplimiento de la misi\u00f3n\u201d, dijo el pastor Desmond James, presidente de la Iglesia Adventista en la Asociaci\u00f3n Norte\u00f1a del Caribe. \u201cEs un tremendo logro para la iglesia, y estamos haciendo todo lo posible para avanzar con la conducci\u00f3n de Dios\u201d.<\/p>\n<p>WGOD-FM, que es la estaci\u00f3n de radio con licencia en Carlota Amalia, Santo Tom\u00e1s, en las Islas V\u00edrgenes de los Estados Unidos, era propiedad de la Compa\u00f1\u00eda Three Angels Broadcasting y el se\u00f1or Reynold Charles, un adventista de la isla, y cuenta con una combinaci\u00f3n de programas de ense\u00f1anza y m\u00fasica cristiana. La estaci\u00f3n ser\u00e1 escuchada en las ondas del aire y por Internet, dijeron los l\u00edderes de la iglesia. Seg\u00fan el pastor Royston Philbert, director de comunicaci\u00f3n de la iglesia en la Asociaci\u00f3n Norte\u00f1a del Caribe, la estaci\u00f3n de radio continuar\u00e1 sirviendo a una poblaci\u00f3n de aproximadamente 250 mil personas, lo que incluye a unos 16 mil miembros.<\/p>\n<p><div id=\"attachment_68889\" style=\"width: 811px\" class=\"wp-caption aligncenter\"><img decoding=\"async\" aria-describedby=\"caption-attachment-68889\" class=\"wp-image-68889\" src=\"https:\/\/recursing-golick.147-182-135-0.plesk.page\/wp-content\/uploads\/2021\/02\/ncc-wgod-meeting.jpg\" alt=\"\" width=\"801\" height=\"558\" srcset=\"https:\/\/interamerica.org\/wp-content\/uploads\/2021\/02\/ncc-wgod-meeting.jpg 1000w, https:\/\/interamerica.org\/wp-content\/uploads\/2021\/02\/ncc-wgod-meeting-300x209.jpg 300w, https:\/\/interamerica.org\/wp-content\/uploads\/2021\/02\/ncc-wgod-meeting-768x535.jpg 768w\" sizes=\"(max-width: 801px) 100vw, 801px\" \/><p id=\"caption-attachment-68889\" class=\"wp-caption-text\">El pastor Desmond F. James (derecha), presidente de la Iglesia Adventista en la Asociaci\u00f3n Norte\u00f1a del Caribe, se re\u00fane con Sam Gregory (al centro), ingeniero de recursos de Radio Mundial Adventista, y el se\u00f1or Reynold Charles (izquierda) en el estudio de grabaci\u00f3n de WGOD para analizar la adquisici\u00f3n de la estaci\u00f3n, el 13 de diciembre de 2019. [Fotograf\u00eda: Royston Philbert\/NCC] (<\/p><\/div>El plan es que la estaci\u00f3n ofrezca programas locales las 24 horas al d\u00eda a las Islas V\u00edrgenes de los Estados Unidos, las Islas V\u00edrgenes Brit\u00e1nicas, San Mart\u00edn, San Eustacio, las islas de Saba y Anguila, dijo. \u201cCreemos que este es el tiempo de Dios para que su iglesia proclame su Palabra mediante esta estaci\u00f3n de radio\u201d, dijo Philbert. \u201cEl ministerio planea ofrecer programas sobre el evangelio, temas de salud, la familia y los j\u00f3venes\u201d.<\/p>\n<p>La adquisici\u00f3n ha estado en proceso desde 2019, cuando directivos de Radio Mundial Adventista viajaron a Santa Cruz y Santo Tom\u00e1s para llevar a cabo una evaluaci\u00f3n y discusiones finales sobre el emprendimiento, explic\u00f3 Philbert. \u201cLos l\u00edderes de Radio Mundial Adventista aseguraron a la Asociaci\u00f3n Norte\u00f1a del Caribe de su apoyo a la hora de fortalecer el ministerio de radio para esparcir el evangelio\u201d, a\u00f1adi\u00f3.<\/p>\n<p>Se espera que el ministerio de radio, que est\u00e1 posicionado como una de las iniciativas estrat\u00e9gicas de la Asociaci\u00f3n Norte\u00f1a del Caribe, apoye el evangelismo creciente en el territorio, dijo el pastor Wilmoth James, secretario ejecutivo de la Iglesia Adventista en la Asociaci\u00f3n Norte\u00f1a del Caribe y presidente de la Comisi\u00f3n de Planificaci\u00f3n Estrat\u00e9gica. \u201cEsta es una traves\u00eda que estamos asumiendo por fe, y creemos que los miembros apoyar\u00e1n la idea y contribuir\u00e1n al proyecto\u201d, dijo James. \u201cMe siento entusiasmado porque la iglesia contin\u00fae lo que comenz\u00f3 el hermano Charles hace a\u00f1os y, hoy d\u00eda, Dios est\u00e1 abriendo la oportunidad de que la Iglesia Adventista contin\u00fae con este legado. La iglesia es indispensable en la vida de muchas personas del territorio\u201d.<\/p>\n<p><div id=\"attachment_68886\" style=\"width: 811px\" class=\"wp-caption aligncenter\"><img decoding=\"async\" aria-describedby=\"caption-attachment-68886\" class=\" wp-image-68886\" src=\"https:\/\/recursing-golick.147-182-135-0.plesk.page\/wp-content\/uploads\/2021\/02\/ncc-wgod-equipment.png\" alt=\"\" width=\"801\" height=\"604\" srcset=\"https:\/\/interamerica.org\/wp-content\/uploads\/2021\/02\/ncc-wgod-equipment.png 950w, https:\/\/interamerica.org\/wp-content\/uploads\/2021\/02\/ncc-wgod-equipment-300x226.png 300w, https:\/\/interamerica.org\/wp-content\/uploads\/2021\/02\/ncc-wgod-equipment-768x579.png 768w\" sizes=\"(max-width: 801px) 100vw, 801px\" \/><p id=\"caption-attachment-68886\" class=\"wp-caption-text\">Parte del estudio en la estaci\u00f3n de radio WGOD de Santo Tom\u00e1s, adquirida hace poco por la Iglesia Adventista en la Asociaci\u00f3n Norte\u00f1a del Caribe. [Fotograf\u00eda: Royston Philbert\/NCC]<\/p><\/div>Se han adquirido equipos adicionales para el estudio en preparaci\u00f3n para la transici\u00f3n, y la antena ser\u00e1 reacondicionada para maximizar el alcance de la estaci\u00f3n, dijo Philbert. Se esperan que comiencen a realizarse mejoras en el edificio existente y que se consiga personal en los pr\u00f3ximos meses.<\/p>\n<p>\u201cTiene que ver con la proclamaci\u00f3n del \u00faltimo mensaje de salvaci\u00f3n de Cristo\u201d, dijo Philbert.<\/p>\n<p>La Asociaci\u00f3n Norte\u00f1a del Caribe supervisa una feligres\u00eda de m\u00e1s de 16 mil miembros en 36 iglesias y congregaciones en Anguila, las Islas V\u00edrgenes Brit\u00e1nicas (que incluye a Anegada, Jost Van Dyke, T\u00f3rtola, y Virgen Gorda), las Islas V\u00edrgenes de los Estados Unidos (Santa Cruz, San Juan y Santo Tom\u00e1s), y las islas de Saba, San Eustacio y San Mart\u00edn. La asociaci\u00f3n opera escuelas primarias y secundarias.<\/p>\n<p>Para saber m\u00e1s sobre la Iglesia Adventista en la Asociaci\u00f3n Norte\u00f1a del Caribe, ingrese a <a href=\"http:\/\/www.northcaribbeanconference.org\/\">northcaribbeanconference.org<\/a><\/p>\n<p>Traducci\u00f3n de Marcos Paseggi<\/p>\n","protected":false},"excerpt":{"rendered":"<p>16 de febrero de 2021 | Santa Cruz, Islas V\u00edrgenes de los Estados Unidos | NCC y Noticias de la Divisi\u00f3n Interamericana La Iglesia Adventista del S\u00e9ptimo D\u00eda en la&#8230;<\/p>\n","protected":false},"author":3,"featured_media":68895,"comment_status":"closed","ping_status":"closed","sticky":false,"template":"","format":"standard","meta":{"_acf_changed":false,"footnotes":""},"categories":[17,15],"tags":[],"class_list":["post-68898","post","type-post","status-publish","format-standard","has-post-thumbnail","hentry","category-desde-el-campo","category-rss-espanol"],"acf":[],"yoast_head":"<!-- This site is optimized with the Yoast SEO plugin v27.3 - https:\/\/yoast.com\/product\/yoast-seo-wordpress\/ -->\n<title>En Santa Cruz, Iglesia Adventista iniciar\u00e1 ministerio radial gracias a adquisici\u00f3n de nueva estaci\u00f3n - Iglesia Adventista del S\u00e9ptimo D\u00eda - Divisi\u00f3n Interamericana<\/title>\n<meta name=\"robots\" content=\"index, follow, max-snippet:-1, max-image-preview:large, max-video-preview:-1\" \/>\n<link rel=\"canonical\" href=\"https:\/\/interamerica.org\/es\/2021\/02\/en-santa-cruz-iglesia-adventista-iniciara-ministerio-radial-gracias-a-adquisicion-de-nueva-estacion\/\" \/>\n<meta property=\"og:locale\" content=\"es_ES\" \/>\n<meta property=\"og:type\" content=\"article\" \/>\n<meta property=\"og:title\" content=\"En Santa Cruz, Iglesia Adventista iniciar\u00e1 ministerio radial gracias a adquisici\u00f3n de nueva estaci\u00f3n - Iglesia Adventista del S\u00e9ptimo D\u00eda - Divisi\u00f3n Interamericana\" \/>\n<meta property=\"og:description\" content=\"16 de febrero de 2021 | Santa Cruz, Islas V\u00edrgenes de los Estados Unidos | NCC y Noticias de la Divisi\u00f3n Interamericana La Iglesia Adventista del S\u00e9ptimo D\u00eda en la...\" \/>\n<meta property=\"og:url\" content=\"https:\/\/interamerica.org\/es\/2021\/02\/en-santa-cruz-iglesia-adventista-iniciara-ministerio-radial-gracias-a-adquisicion-de-nueva-estacion\/\" \/>\n<meta property=\"og:site_name\" content=\"Iglesia Adventista del S\u00e9ptimo D\u00eda - Divisi\u00f3n Interamericana\" \/>\n<meta property=\"article:published_time\" content=\"2021-02-17T00:44:15+00:00\" \/>\n<meta property=\"article:modified_time\" content=\"2021-02-17T14:38:15+00:00\" \/>\n<meta property=\"og:image\" content=\"https:\/\/interamerica.org\/wp-content\/uploads\/2021\/02\/ncc-wgod-station-1280.jpg\" \/>\n\t<meta property=\"og:image:width\" content=\"1280\" \/>\n\t<meta property=\"og:image:height\" content=\"800\" \/>\n\t<meta property=\"og:image:type\" content=\"image\/jpeg\" \/>\n<meta name=\"author\" content=\"libna\" \/>\n<meta name=\"twitter:card\" content=\"summary_large_image\" \/>\n<meta name=\"twitter:label1\" content=\"Escrito por\" \/>\n\t<meta name=\"twitter:data1\" content=\"libna\" \/>\n\t<meta name=\"twitter:label2\" content=\"Tiempo de lectura\" \/>\n\t<meta name=\"twitter:data2\" content=\"5 minutos\" \/>\n<script type=\"application\/ld+json\" class=\"yoast-schema-graph\">{\"@context\":\"https:\\\/\\\/schema.org\",\"@graph\":[{\"@type\":\"Article\",\"@id\":\"https:\\\/\\\/interamerica.org\\\/es\\\/2021\\\/02\\\/en-santa-cruz-iglesia-adventista-iniciara-ministerio-radial-gracias-a-adquisicion-de-nueva-estacion\\\/#article\",\"isPartOf\":{\"@id\":\"https:\\\/\\\/interamerica.org\\\/es\\\/2021\\\/02\\\/en-santa-cruz-iglesia-adventista-iniciara-ministerio-radial-gracias-a-adquisicion-de-nueva-estacion\\\/\"},\"author\":{\"name\":\"libna\",\"@id\":\"https:\\\/\\\/interamerica.org\\\/es\\\/#\\\/schema\\\/person\\\/29998f2bc2d8bd0d38662909289b54f1\"},\"headline\":\"En Santa Cruz, Iglesia Adventista iniciar\u00e1 ministerio radial gracias a adquisici\u00f3n de nueva estaci\u00f3n\",\"datePublished\":\"2021-02-17T00:44:15+00:00\",\"dateModified\":\"2021-02-17T14:38:15+00:00\",\"mainEntityOfPage\":{\"@id\":\"https:\\\/\\\/interamerica.org\\\/es\\\/2021\\\/02\\\/en-santa-cruz-iglesia-adventista-iniciara-ministerio-radial-gracias-a-adquisicion-de-nueva-estacion\\\/\"},\"wordCount\":1009,\"image\":{\"@id\":\"https:\\\/\\\/interamerica.org\\\/es\\\/2021\\\/02\\\/en-santa-cruz-iglesia-adventista-iniciara-ministerio-radial-gracias-a-adquisicion-de-nueva-estacion\\\/#primaryimage\"},\"thumbnailUrl\":\"https:\\\/\\\/interamerica.org\\\/wp-content\\\/uploads\\\/2021\\\/02\\\/ncc-wgod-station-1280.jpg\",\"articleSection\":[\"Desde el campo\",\"RSS Espa\u00f1ol\"],\"inLanguage\":\"es\"},{\"@type\":\"WebPage\",\"@id\":\"https:\\\/\\\/interamerica.org\\\/es\\\/2021\\\/02\\\/en-santa-cruz-iglesia-adventista-iniciara-ministerio-radial-gracias-a-adquisicion-de-nueva-estacion\\\/\",\"url\":\"https:\\\/\\\/interamerica.org\\\/es\\\/2021\\\/02\\\/en-santa-cruz-iglesia-adventista-iniciara-ministerio-radial-gracias-a-adquisicion-de-nueva-estacion\\\/\",\"name\":\"En Santa Cruz, Iglesia Adventista iniciar\u00e1 ministerio radial gracias a adquisici\u00f3n de nueva estaci\u00f3n - Iglesia Adventista del S\u00e9ptimo D\u00eda - Divisi\u00f3n Interamericana\",\"isPartOf\":{\"@id\":\"https:\\\/\\\/interamerica.org\\\/es\\\/#website\"},\"primaryImageOfPage\":{\"@id\":\"https:\\\/\\\/interamerica.org\\\/es\\\/2021\\\/02\\\/en-santa-cruz-iglesia-adventista-iniciara-ministerio-radial-gracias-a-adquisicion-de-nueva-estacion\\\/#primaryimage\"},\"image\":{\"@id\":\"https:\\\/\\\/interamerica.org\\\/es\\\/2021\\\/02\\\/en-santa-cruz-iglesia-adventista-iniciara-ministerio-radial-gracias-a-adquisicion-de-nueva-estacion\\\/#primaryimage\"},\"thumbnailUrl\":\"https:\\\/\\\/interamerica.org\\\/wp-content\\\/uploads\\\/2021\\\/02\\\/ncc-wgod-station-1280.jpg\",\"datePublished\":\"2021-02-17T00:44:15+00:00\",\"dateModified\":\"2021-02-17T14:38:15+00:00\",\"author\":{\"@id\":\"https:\\\/\\\/interamerica.org\\\/es\\\/#\\\/schema\\\/person\\\/29998f2bc2d8bd0d38662909289b54f1\"},\"breadcrumb\":{\"@id\":\"https:\\\/\\\/interamerica.org\\\/es\\\/2021\\\/02\\\/en-santa-cruz-iglesia-adventista-iniciara-ministerio-radial-gracias-a-adquisicion-de-nueva-estacion\\\/#breadcrumb\"},\"inLanguage\":\"es\",\"potentialAction\":[{\"@type\":\"ReadAction\",\"target\":[\"https:\\\/\\\/interamerica.org\\\/es\\\/2021\\\/02\\\/en-santa-cruz-iglesia-adventista-iniciara-ministerio-radial-gracias-a-adquisicion-de-nueva-estacion\\\/\"]}]},{\"@type\":\"ImageObject\",\"inLanguage\":\"es\",\"@id\":\"https:\\\/\\\/interamerica.org\\\/es\\\/2021\\\/02\\\/en-santa-cruz-iglesia-adventista-iniciara-ministerio-radial-gracias-a-adquisicion-de-nueva-estacion\\\/#primaryimage\",\"url\":\"https:\\\/\\\/interamerica.org\\\/wp-content\\\/uploads\\\/2021\\\/02\\\/ncc-wgod-station-1280.jpg\",\"contentUrl\":\"https:\\\/\\\/interamerica.org\\\/wp-content\\\/uploads\\\/2021\\\/02\\\/ncc-wgod-station-1280.jpg\",\"width\":1280,\"height\":800},{\"@type\":\"BreadcrumbList\",\"@id\":\"https:\\\/\\\/interamerica.org\\\/es\\\/2021\\\/02\\\/en-santa-cruz-iglesia-adventista-iniciara-ministerio-radial-gracias-a-adquisicion-de-nueva-estacion\\\/#breadcrumb\",\"itemListElement\":[{\"@type\":\"ListItem\",\"position\":1,\"name\":\"Home\",\"item\":\"https:\\\/\\\/interamerica.org\\\/es\\\/\"},{\"@type\":\"ListItem\",\"position\":2,\"name\":\"En Santa Cruz, Iglesia Adventista iniciar\u00e1 ministerio radial gracias a adquisici\u00f3n de nueva estaci\u00f3n\"}]},{\"@type\":\"WebSite\",\"@id\":\"https:\\\/\\\/interamerica.org\\\/es\\\/#website\",\"url\":\"https:\\\/\\\/interamerica.org\\\/es\\\/\",\"name\":\"Iglesia Adventista del S\u00e9ptimo D\u00eda - Divisi\u00f3n Interamericana\",\"description\":\"\",\"potentialAction\":[{\"@type\":\"SearchAction\",\"target\":{\"@type\":\"EntryPoint\",\"urlTemplate\":\"https:\\\/\\\/interamerica.org\\\/es\\\/?s={search_term_string}\"},\"query-input\":{\"@type\":\"PropertyValueSpecification\",\"valueRequired\":true,\"valueName\":\"search_term_string\"}}],\"inLanguage\":\"es\"},{\"@type\":\"Person\",\"@id\":\"https:\\\/\\\/interamerica.org\\\/es\\\/#\\\/schema\\\/person\\\/29998f2bc2d8bd0d38662909289b54f1\",\"name\":\"libna\",\"image\":{\"@type\":\"ImageObject\",\"inLanguage\":\"es\",\"@id\":\"https:\\\/\\\/secure.gravatar.com\\\/avatar\\\/7c5bd30ae4b47a9ba3c856590957fd1d96dc588bf3ac05719d247e126840331f?s=96&d=mm&r=g\",\"url\":\"https:\\\/\\\/secure.gravatar.com\\\/avatar\\\/7c5bd30ae4b47a9ba3c856590957fd1d96dc588bf3ac05719d247e126840331f?s=96&d=mm&r=g\",\"contentUrl\":\"https:\\\/\\\/secure.gravatar.com\\\/avatar\\\/7c5bd30ae4b47a9ba3c856590957fd1d96dc588bf3ac05719d247e126840331f?s=96&d=mm&r=g\",\"caption\":\"libna\"}}]}<\/script>\n<!-- \/ Yoast SEO plugin. -->","yoast_head_json":{"title":"En Santa Cruz, Iglesia Adventista iniciar\u00e1 ministerio radial gracias a adquisici\u00f3n de nueva estaci\u00f3n - Iglesia Adventista del S\u00e9ptimo D\u00eda - Divisi\u00f3n Interamericana","robots":{"index":"index","follow":"follow","max-snippet":"max-snippet:-1","max-image-preview":"max-image-preview:large","max-video-preview":"max-video-preview:-1"},"canonical":"https:\/\/interamerica.org\/es\/2021\/02\/en-santa-cruz-iglesia-adventista-iniciara-ministerio-radial-gracias-a-adquisicion-de-nueva-estacion\/","og_locale":"es_ES","og_type":"article","og_title":"En Santa Cruz, Iglesia Adventista iniciar\u00e1 ministerio radial gracias a adquisici\u00f3n de nueva estaci\u00f3n - Iglesia Adventista del S\u00e9ptimo D\u00eda - Divisi\u00f3n Interamericana","og_description":"16 de febrero de 2021 | Santa Cruz, Islas V\u00edrgenes de los Estados Unidos | NCC y Noticias de la Divisi\u00f3n Interamericana La Iglesia Adventista del S\u00e9ptimo D\u00eda en la...","og_url":"https:\/\/interamerica.org\/es\/2021\/02\/en-santa-cruz-iglesia-adventista-iniciara-ministerio-radial-gracias-a-adquisicion-de-nueva-estacion\/","og_site_name":"Iglesia Adventista del S\u00e9ptimo D\u00eda - Divisi\u00f3n Interamericana","article_published_time":"2021-02-17T00:44:15+00:00","article_modified_time":"2021-02-17T14:38:15+00:00","og_image":[{"width":1280,"height":800,"url":"https:\/\/interamerica.org\/wp-content\/uploads\/2021\/02\/ncc-wgod-station-1280.jpg","type":"image\/jpeg"}],"author":"libna","twitter_card":"summary_large_image","twitter_misc":{"Escrito por":"libna","Tiempo de lectura":"5 minutos"},"schema":{"@context":"https:\/\/schema.org","@graph":[{"@type":"Article","@id":"https:\/\/interamerica.org\/es\/2021\/02\/en-santa-cruz-iglesia-adventista-iniciara-ministerio-radial-gracias-a-adquisicion-de-nueva-estacion\/#article","isPartOf":{"@id":"https:\/\/interamerica.org\/es\/2021\/02\/en-santa-cruz-iglesia-adventista-iniciara-ministerio-radial-gracias-a-adquisicion-de-nueva-estacion\/"},"author":{"name":"libna","@id":"https:\/\/interamerica.org\/es\/#\/schema\/person\/29998f2bc2d8bd0d38662909289b54f1"},"headline":"En Santa Cruz, Iglesia Adventista iniciar\u00e1 ministerio radial gracias a adquisici\u00f3n de nueva estaci\u00f3n","datePublished":"2021-02-17T00:44:15+00:00","dateModified":"2021-02-17T14:38:15+00:00","mainEntityOfPage":{"@id":"https:\/\/interamerica.org\/es\/2021\/02\/en-santa-cruz-iglesia-adventista-iniciara-ministerio-radial-gracias-a-adquisicion-de-nueva-estacion\/"},"wordCount":1009,"image":{"@id":"https:\/\/interamerica.org\/es\/2021\/02\/en-santa-cruz-iglesia-adventista-iniciara-ministerio-radial-gracias-a-adquisicion-de-nueva-estacion\/#primaryimage"},"thumbnailUrl":"https:\/\/interamerica.org\/wp-content\/uploads\/2021\/02\/ncc-wgod-station-1280.jpg","articleSection":["Desde el campo","RSS Espa\u00f1ol"],"inLanguage":"es"},{"@type":"WebPage","@id":"https:\/\/interamerica.org\/es\/2021\/02\/en-santa-cruz-iglesia-adventista-iniciara-ministerio-radial-gracias-a-adquisicion-de-nueva-estacion\/","url":"https:\/\/interamerica.org\/es\/2021\/02\/en-santa-cruz-iglesia-adventista-iniciara-ministerio-radial-gracias-a-adquisicion-de-nueva-estacion\/","name":"En Santa Cruz, Iglesia Adventista iniciar\u00e1 ministerio radial gracias a adquisici\u00f3n de nueva estaci\u00f3n - Iglesia Adventista del S\u00e9ptimo D\u00eda - Divisi\u00f3n Interamericana","isPartOf":{"@id":"https:\/\/interamerica.org\/es\/#website"},"primaryImageOfPage":{"@id":"https:\/\/interamerica.org\/es\/2021\/02\/en-santa-cruz-iglesia-adventista-iniciara-ministerio-radial-gracias-a-adquisicion-de-nueva-estacion\/#primaryimage"},"image":{"@id":"https:\/\/interamerica.org\/es\/2021\/02\/en-santa-cruz-iglesia-adventista-iniciara-ministerio-radial-gracias-a-adquisicion-de-nueva-estacion\/#primaryimage"},"thumbnailUrl":"https:\/\/interamerica.org\/wp-content\/uploads\/2021\/02\/ncc-wgod-station-1280.jpg","datePublished":"2021-02-17T00:44:15+00:00","dateModified":"2021-02-17T14:38:15+00:00","author":{"@id":"https:\/\/interamerica.org\/es\/#\/schema\/person\/29998f2bc2d8bd0d38662909289b54f1"},"breadcrumb":{"@id":"https:\/\/interamerica.org\/es\/2021\/02\/en-santa-cruz-iglesia-adventista-iniciara-ministerio-radial-gracias-a-adquisicion-de-nueva-estacion\/#breadcrumb"},"inLanguage":"es","potentialAction":[{"@type":"ReadAction","target":["https:\/\/interamerica.org\/es\/2021\/02\/en-santa-cruz-iglesia-adventista-iniciara-ministerio-radial-gracias-a-adquisicion-de-nueva-estacion\/"]}]},{"@type":"ImageObject","inLanguage":"es","@id":"https:\/\/interamerica.org\/es\/2021\/02\/en-santa-cruz-iglesia-adventista-iniciara-ministerio-radial-gracias-a-adquisicion-de-nueva-estacion\/#primaryimage","url":"https:\/\/interamerica.org\/wp-content\/uploads\/2021\/02\/ncc-wgod-station-1280.jpg","contentUrl":"https:\/\/interamerica.org\/wp-content\/uploads\/2021\/02\/ncc-wgod-station-1280.jpg","width":1280,"height":800},{"@type":"BreadcrumbList","@id":"https:\/\/interamerica.org\/es\/2021\/02\/en-santa-cruz-iglesia-adventista-iniciara-ministerio-radial-gracias-a-adquisicion-de-nueva-estacion\/#breadcrumb","itemListElement":[{"@type":"ListItem","position":1,"name":"Home","item":"https:\/\/interamerica.org\/es\/"},{"@type":"ListItem","position":2,"name":"En Santa Cruz, Iglesia Adventista iniciar\u00e1 ministerio radial gracias a adquisici\u00f3n de nueva estaci\u00f3n"}]},{"@type":"WebSite","@id":"https:\/\/interamerica.org\/es\/#website","url":"https:\/\/interamerica.org\/es\/","name":"Iglesia Adventista del S\u00e9ptimo D\u00eda - Divisi\u00f3n Interamericana","description":"","potentialAction":[{"@type":"SearchAction","target":{"@type":"EntryPoint","urlTemplate":"https:\/\/interamerica.org\/es\/?s={search_term_string}"},"query-input":{"@type":"PropertyValueSpecification","valueRequired":true,"valueName":"search_term_string"}}],"inLanguage":"es"},{"@type":"Person","@id":"https:\/\/interamerica.org\/es\/#\/schema\/person\/29998f2bc2d8bd0d38662909289b54f1","name":"libna","image":{"@type":"ImageObject","inLanguage":"es","@id":"https:\/\/secure.gravatar.com\/avatar\/7c5bd30ae4b47a9ba3c856590957fd1d96dc588bf3ac05719d247e126840331f?s=96&d=mm&r=g","url":"https:\/\/secure.gravatar.com\/avatar\/7c5bd30ae4b47a9ba3c856590957fd1d96dc588bf3ac05719d247e126840331f?s=96&d=mm&r=g","contentUrl":"https:\/\/secure.gravatar.com\/avatar\/7c5bd30ae4b47a9ba3c856590957fd1d96dc588bf3ac05719d247e126840331f?s=96&d=mm&r=g","caption":"libna"}}]}},"_links":{"self":[{"href":"https:\/\/interamerica.org\/es\/wp-json\/wp\/v2\/posts\/68898","targetHints":{"allow":["GET"]}}],"collection":[{"href":"https:\/\/interamerica.org\/es\/wp-json\/wp\/v2\/posts"}],"about":[{"href":"https:\/\/interamerica.org\/es\/wp-json\/wp\/v2\/types\/post"}],"author":[{"embeddable":true,"href":"https:\/\/interamerica.org\/es\/wp-json\/wp\/v2\/users\/3"}],"replies":[{"embeddable":true,"href":"https:\/\/interamerica.org\/es\/wp-json\/wp\/v2\/comments?post=68898"}],"version-history":[{"count":0,"href":"https:\/\/interamerica.org\/es\/wp-json\/wp\/v2\/posts\/68898\/revisions"}],"wp:featuredmedia":[{"embeddable":true,"href":"https:\/\/interamerica.org\/es\/wp-json\/wp\/v2\/media\/68895"}],"wp:attachment":[{"href":"https:\/\/interamerica.org\/es\/wp-json\/wp\/v2\/media?parent=68898"}],"wp:term":[{"taxonomy":"category","embeddable":true,"href":"https:\/\/interamerica.org\/es\/wp-json\/wp\/v2\/categories?post=68898"},{"taxonomy":"post_tag","embeddable":true,"href":"https:\/\/interamerica.org\/es\/wp-json\/wp\/v2\/tags?post=68898"}],"curies":[{"name":"wp","href":"https:\/\/api.w.org\/{rel}","templated":true}]}}