{"id":69101,"date":"2021-02-24T08:12:12","date_gmt":"2021-02-24T12:12:12","guid":{"rendered":"https:\/\/recursing-golick.147-182-135-0.plesk.page\/?p=69101"},"modified":"2021-02-24T10:59:18","modified_gmt":"2021-02-24T14:59:18","slug":"culmina-esfuerzo-filantropico-despues-de-recaudar-mas-de-476-millones-de-dolares","status":"publish","type":"post","link":"https:\/\/interamerica.org\/es\/2021\/02\/culmina-esfuerzo-filantropico-despues-de-recaudar-mas-de-476-millones-de-dolares\/","title":{"rendered":"Culmina esfuerzo filantr\u00f3pico despu\u00e9s de recaudar m\u00e1s de 476 millones de d\u00f3lares"},"content":{"rendered":"<p><span class=\"byline-news\">24 de febrero de 2021 | Loma Linda, California, Estados Unidos | By: Sheann Brandon, Noticias de la Universidad de Loma Linda<\/span><\/p>\n<p><span class=\"cap\">Salud de la Universidad de Loma Linda anunci\u00f3 un r\u00e9cord de 476.832.220 millones de d\u00f3lares recaudados durante Visi\u00f3n 2020: La Campa\u00f1a para un Ma\u00f1ana Pleno. La conclusi\u00f3n del esfuerzo de recaudaci\u00f3n, que dur\u00f3 ocho a\u00f1os y contribuy\u00f3 al avance del objetivo de la organizaci\u00f3n de progresar en la atenci\u00f3n cl\u00ednica, la educaci\u00f3n y la investigaci\u00f3n, fue celebrada el domingo 21 de febrero de 2021.<\/span><\/p>\n<p>Richard H. Hart, rector de Salud de la Universidad de Loma Linda, expres\u00f3 su aprecio m\u00e1s profundo a cada persona que apoy\u00f3 la campa\u00f1a de contribuci\u00f3n al \u00e9xito de un logro tan maravilloso.<\/p>\n<p><div id=\"attachment_69094\" style=\"width: 808px\" class=\"wp-caption aligncenter\"><img fetchpriority=\"high\" decoding=\"async\" aria-describedby=\"caption-attachment-69094\" class=\" wp-image-69094\" src=\"https:\/\/recursing-golick.147-182-135-0.plesk.page\/wp-content\/uploads\/2021\/02\/philanthropic-effort-closes-after-raising-more-than-us476-million1.jpg\" alt=\"\" width=\"798\" height=\"399\" srcset=\"https:\/\/interamerica.org\/wp-content\/uploads\/2021\/02\/philanthropic-effort-closes-after-raising-more-than-us476-million1.jpg 1000w, https:\/\/interamerica.org\/wp-content\/uploads\/2021\/02\/philanthropic-effort-closes-after-raising-more-than-us476-million1-300x150.jpg 300w, https:\/\/interamerica.org\/wp-content\/uploads\/2021\/02\/philanthropic-effort-closes-after-raising-more-than-us476-million1-768x384.jpg 768w\" sizes=\"(max-width: 798px) 100vw, 798px\" \/><p id=\"caption-attachment-69094\" class=\"wp-caption-text\">Visi\u00f3n 2020 fue el m\u00e1s grande esfuerzo filantr\u00f3pico que alguna vez llev\u00f3 a cabo Salud de la Universidad de Loma Linda. [Fotograf\u00eda: Salud de la Universidad de Loma Linda]<\/p><\/div>\u201cNos sentimos tan agradecidos por cada simpatizante que contribuy\u00f3 mediante su compromiso con nuestra misi\u00f3n\u201d, dijo. \u201cEs gracias al apoyo inquebrantable de nuestros donantes que respondieron m\u00e1s all\u00e1 de nuestras expectativas, que Visi\u00f3n 2020 ha tenido un impacto incre\u00edble en nuestro campus y ha marcado una diferencia en las vidas de aquellos a quienes servimos cada d\u00eda\u201d.<\/p>\n<p>Los 476 millones de d\u00f3lares recaudados excedieron grandemente el blanco original de la campa\u00f1a, que era de 366 millones. Desde los inicios de la campa\u00f1a, m\u00e1s de 40.500 donantes realizaron aproximadamente 280 mil contribuciones. M\u00e1s de 411 millones de d\u00f3lares fueron asignados a las prioridades de Visi\u00f3n 2020, y se recaudaron 65 millones adicionales para otros proyectos institucionales. El anuncio fue llevado a cabo durante un evento virtual de celebraci\u00f3n, al que se conectaron m\u00e1s de 600 donantes, empleados y amigos de LLUH.<\/p>\n<p>La campa\u00f1a se hizo p\u00fablica en julio de 2014 despu\u00e9s de que se anunciara una donaci\u00f3n de 100 millones de d\u00f3lares de parte de Dennis y Carol Troesh. La donaci\u00f3n de ellos ha sido reconocida al asignar el nombre de Dennis y Carol Troesh al Campus M\u00e9dico, que abarca las nuevas torres del Centro M\u00e9dico y el Hospital de Ni\u00f1os.<\/p>\n<p>Visi\u00f3n 2020 fue el m\u00e1s grande esfuerzo filantr\u00f3pico que alguna vez emprendi\u00f3 Salud de la Universidad de Loma Linda, y los fondos han sido asignados a:<\/p>\n<ul>\n<li>atenci\u00f3n cl\u00ednica: para construir un nuevo hospital de Adultos y expandir el Hospital de Ni\u00f1os, dise\u00f1ados para cumplir con los c\u00f3digos s\u00edsmicos de California para las instituciones de salud<\/li>\n<li>educaci\u00f3n e investigaci\u00f3n: apoyar la capacitaci\u00f3n de la nueva generaci\u00f3n de profesionales de la salud y desafiar los l\u00edmites de la investigaci\u00f3n cient\u00edfica de Salud de la Universidad de Loma Linda<\/li>\n<li>plenitud: expandir el conocimiento y la pr\u00e1ctica de c\u00f3mo las personas de todo el mundo pueden disfrutar de vidas de plenitud y salud<\/li>\n<\/ul>\n<p>Rachelle Bussell, vicepresidenta principal de desarrollo institucional, se hizo eco de la gratitud de Hart a cada individuo que apoy\u00f3 la campa\u00f1a.<\/p>\n<p>\u201cJuntos, hemos logrado algo realmente destacado\u201d, dijo. \u201cAhora que Visi\u00f3n 2020 llega a su conclusi\u00f3n, entusiasma darse cuenta de que no es el fin de algo sino el comienzo de un futuro brillante para Salud de la Universidad de Loma Linda\u201d.<\/p>\n<p><em>La <\/em><a href=\"https:\/\/news.llu.edu\/community\/historic-philanthropic-effort-vision-2020-closes-after-raising-more-than-476-million\" target=\"_blank\" rel=\"noopener\"><em>versi\u00f3n original<\/em><\/a><em> de esta noticia fue publicada en el <\/em><a href=\"https:\/\/news.llu.edu\/\" target=\"_blank\" rel=\"noopener\"><em>sitio de noticias<\/em><\/a><em>de Salud de la Universidad de Loma Linda.<\/em><\/p>\n<p>Traducci\u00f3n de Marcos Paseggi<\/p>\n","protected":false},"excerpt":{"rendered":"<p>24 de febrero de 2021 | Loma Linda, California, Estados Unidos | By: Sheann Brandon, Noticias de la Universidad de Loma Linda Salud de la Universidad de Loma Linda anunci\u00f3&#8230;<\/p>\n","protected":false},"author":3,"featured_media":69094,"comment_status":"closed","ping_status":"closed","sticky":false,"template":"","format":"standard","meta":{"_acf_changed":false,"footnotes":""},"categories":[14,15],"tags":[],"class_list":["post-69101","post","type-post","status-publish","format-standard","has-post-thumbnail","hentry","category-de-la-iglesia-mundial","category-rss-espanol"],"acf":[],"yoast_head":"<!-- This site is optimized with the Yoast SEO plugin v27.3 - https:\/\/yoast.com\/product\/yoast-seo-wordpress\/ -->\n<title>Culmina esfuerzo filantr\u00f3pico despu\u00e9s de recaudar m\u00e1s de 476 millones de d\u00f3lares - Iglesia Adventista del S\u00e9ptimo D\u00eda - Divisi\u00f3n Interamericana<\/title>\n<meta name=\"robots\" content=\"index, follow, max-snippet:-1, max-image-preview:large, max-video-preview:-1\" \/>\n<link rel=\"canonical\" href=\"https:\/\/interamerica.org\/es\/2021\/02\/culmina-esfuerzo-filantropico-despues-de-recaudar-mas-de-476-millones-de-dolares\/\" \/>\n<meta property=\"og:locale\" content=\"es_ES\" \/>\n<meta property=\"og:type\" content=\"article\" \/>\n<meta property=\"og:title\" content=\"Culmina esfuerzo filantr\u00f3pico despu\u00e9s de recaudar m\u00e1s de 476 millones de d\u00f3lares - Iglesia Adventista del S\u00e9ptimo D\u00eda - Divisi\u00f3n Interamericana\" \/>\n<meta property=\"og:description\" content=\"24 de febrero de 2021 | Loma Linda, California, Estados Unidos | By: Sheann Brandon, Noticias de la Universidad de Loma Linda Salud de la Universidad de Loma Linda anunci\u00f3...\" \/>\n<meta property=\"og:url\" content=\"https:\/\/interamerica.org\/es\/2021\/02\/culmina-esfuerzo-filantropico-despues-de-recaudar-mas-de-476-millones-de-dolares\/\" \/>\n<meta property=\"og:site_name\" content=\"Iglesia Adventista del S\u00e9ptimo D\u00eda - Divisi\u00f3n Interamericana\" \/>\n<meta property=\"article:published_time\" content=\"2021-02-24T12:12:12+00:00\" \/>\n<meta property=\"article:modified_time\" content=\"2021-02-24T14:59:18+00:00\" \/>\n<meta property=\"og:image\" content=\"https:\/\/interamerica.org\/wp-content\/uploads\/2021\/02\/philanthropic-effort-closes-after-raising-more-than-us476-million1.jpg\" \/>\n\t<meta property=\"og:image:width\" content=\"1000\" \/>\n\t<meta property=\"og:image:height\" content=\"500\" \/>\n\t<meta property=\"og:image:type\" content=\"image\/jpeg\" \/>\n<meta name=\"author\" content=\"libna\" \/>\n<meta name=\"twitter:card\" content=\"summary_large_image\" \/>\n<meta name=\"twitter:label1\" content=\"Escrito por\" \/>\n\t<meta name=\"twitter:data1\" content=\"libna\" \/>\n\t<meta name=\"twitter:label2\" content=\"Tiempo de lectura\" \/>\n\t<meta name=\"twitter:data2\" content=\"3 minutos\" \/>\n<script type=\"application\/ld+json\" class=\"yoast-schema-graph\">{\"@context\":\"https:\\\/\\\/schema.org\",\"@graph\":[{\"@type\":\"Article\",\"@id\":\"https:\\\/\\\/interamerica.org\\\/es\\\/2021\\\/02\\\/culmina-esfuerzo-filantropico-despues-de-recaudar-mas-de-476-millones-de-dolares\\\/#article\",\"isPartOf\":{\"@id\":\"https:\\\/\\\/interamerica.org\\\/es\\\/2021\\\/02\\\/culmina-esfuerzo-filantropico-despues-de-recaudar-mas-de-476-millones-de-dolares\\\/\"},\"author\":{\"name\":\"libna\",\"@id\":\"https:\\\/\\\/interamerica.org\\\/es\\\/#\\\/schema\\\/person\\\/29998f2bc2d8bd0d38662909289b54f1\"},\"headline\":\"Culmina esfuerzo filantr\u00f3pico despu\u00e9s de recaudar m\u00e1s de 476 millones de d\u00f3lares\",\"datePublished\":\"2021-02-24T12:12:12+00:00\",\"dateModified\":\"2021-02-24T14:59:18+00:00\",\"mainEntityOfPage\":{\"@id\":\"https:\\\/\\\/interamerica.org\\\/es\\\/2021\\\/02\\\/culmina-esfuerzo-filantropico-despues-de-recaudar-mas-de-476-millones-de-dolares\\\/\"},\"wordCount\":611,\"image\":{\"@id\":\"https:\\\/\\\/interamerica.org\\\/es\\\/2021\\\/02\\\/culmina-esfuerzo-filantropico-despues-de-recaudar-mas-de-476-millones-de-dolares\\\/#primaryimage\"},\"thumbnailUrl\":\"https:\\\/\\\/interamerica.org\\\/wp-content\\\/uploads\\\/2021\\\/02\\\/philanthropic-effort-closes-after-raising-more-than-us476-million1.jpg\",\"articleSection\":[\"Desde la iglesia mundial\",\"RSS Espa\u00f1ol\"],\"inLanguage\":\"es\"},{\"@type\":\"WebPage\",\"@id\":\"https:\\\/\\\/interamerica.org\\\/es\\\/2021\\\/02\\\/culmina-esfuerzo-filantropico-despues-de-recaudar-mas-de-476-millones-de-dolares\\\/\",\"url\":\"https:\\\/\\\/interamerica.org\\\/es\\\/2021\\\/02\\\/culmina-esfuerzo-filantropico-despues-de-recaudar-mas-de-476-millones-de-dolares\\\/\",\"name\":\"Culmina esfuerzo filantr\u00f3pico despu\u00e9s de recaudar m\u00e1s de 476 millones de d\u00f3lares - Iglesia Adventista del S\u00e9ptimo D\u00eda - Divisi\u00f3n Interamericana\",\"isPartOf\":{\"@id\":\"https:\\\/\\\/interamerica.org\\\/es\\\/#website\"},\"primaryImageOfPage\":{\"@id\":\"https:\\\/\\\/interamerica.org\\\/es\\\/2021\\\/02\\\/culmina-esfuerzo-filantropico-despues-de-recaudar-mas-de-476-millones-de-dolares\\\/#primaryimage\"},\"image\":{\"@id\":\"https:\\\/\\\/interamerica.org\\\/es\\\/2021\\\/02\\\/culmina-esfuerzo-filantropico-despues-de-recaudar-mas-de-476-millones-de-dolares\\\/#primaryimage\"},\"thumbnailUrl\":\"https:\\\/\\\/interamerica.org\\\/wp-content\\\/uploads\\\/2021\\\/02\\\/philanthropic-effort-closes-after-raising-more-than-us476-million1.jpg\",\"datePublished\":\"2021-02-24T12:12:12+00:00\",\"dateModified\":\"2021-02-24T14:59:18+00:00\",\"author\":{\"@id\":\"https:\\\/\\\/interamerica.org\\\/es\\\/#\\\/schema\\\/person\\\/29998f2bc2d8bd0d38662909289b54f1\"},\"breadcrumb\":{\"@id\":\"https:\\\/\\\/interamerica.org\\\/es\\\/2021\\\/02\\\/culmina-esfuerzo-filantropico-despues-de-recaudar-mas-de-476-millones-de-dolares\\\/#breadcrumb\"},\"inLanguage\":\"es\",\"potentialAction\":[{\"@type\":\"ReadAction\",\"target\":[\"https:\\\/\\\/interamerica.org\\\/es\\\/2021\\\/02\\\/culmina-esfuerzo-filantropico-despues-de-recaudar-mas-de-476-millones-de-dolares\\\/\"]}]},{\"@type\":\"ImageObject\",\"inLanguage\":\"es\",\"@id\":\"https:\\\/\\\/interamerica.org\\\/es\\\/2021\\\/02\\\/culmina-esfuerzo-filantropico-despues-de-recaudar-mas-de-476-millones-de-dolares\\\/#primaryimage\",\"url\":\"https:\\\/\\\/interamerica.org\\\/wp-content\\\/uploads\\\/2021\\\/02\\\/philanthropic-effort-closes-after-raising-more-than-us476-million1.jpg\",\"contentUrl\":\"https:\\\/\\\/interamerica.org\\\/wp-content\\\/uploads\\\/2021\\\/02\\\/philanthropic-effort-closes-after-raising-more-than-us476-million1.jpg\",\"width\":1000,\"height\":500,\"caption\":\"Vision 2020 was the largest philanthropic effort ever undertaken by Loma Linda University Health. [Photo: Loma Linda University Health]\"},{\"@type\":\"BreadcrumbList\",\"@id\":\"https:\\\/\\\/interamerica.org\\\/es\\\/2021\\\/02\\\/culmina-esfuerzo-filantropico-despues-de-recaudar-mas-de-476-millones-de-dolares\\\/#breadcrumb\",\"itemListElement\":[{\"@type\":\"ListItem\",\"position\":1,\"name\":\"Home\",\"item\":\"https:\\\/\\\/interamerica.org\\\/es\\\/\"},{\"@type\":\"ListItem\",\"position\":2,\"name\":\"Culmina esfuerzo filantr\u00f3pico despu\u00e9s de recaudar m\u00e1s de 476 millones de d\u00f3lares\"}]},{\"@type\":\"WebSite\",\"@id\":\"https:\\\/\\\/interamerica.org\\\/es\\\/#website\",\"url\":\"https:\\\/\\\/interamerica.org\\\/es\\\/\",\"name\":\"Iglesia Adventista del S\u00e9ptimo D\u00eda - Divisi\u00f3n Interamericana\",\"description\":\"\",\"potentialAction\":[{\"@type\":\"SearchAction\",\"target\":{\"@type\":\"EntryPoint\",\"urlTemplate\":\"https:\\\/\\\/interamerica.org\\\/es\\\/?s={search_term_string}\"},\"query-input\":{\"@type\":\"PropertyValueSpecification\",\"valueRequired\":true,\"valueName\":\"search_term_string\"}}],\"inLanguage\":\"es\"},{\"@type\":\"Person\",\"@id\":\"https:\\\/\\\/interamerica.org\\\/es\\\/#\\\/schema\\\/person\\\/29998f2bc2d8bd0d38662909289b54f1\",\"name\":\"libna\",\"image\":{\"@type\":\"ImageObject\",\"inLanguage\":\"es\",\"@id\":\"https:\\\/\\\/secure.gravatar.com\\\/avatar\\\/7c5bd30ae4b47a9ba3c856590957fd1d96dc588bf3ac05719d247e126840331f?s=96&d=mm&r=g\",\"url\":\"https:\\\/\\\/secure.gravatar.com\\\/avatar\\\/7c5bd30ae4b47a9ba3c856590957fd1d96dc588bf3ac05719d247e126840331f?s=96&d=mm&r=g\",\"contentUrl\":\"https:\\\/\\\/secure.gravatar.com\\\/avatar\\\/7c5bd30ae4b47a9ba3c856590957fd1d96dc588bf3ac05719d247e126840331f?s=96&d=mm&r=g\",\"caption\":\"libna\"}}]}<\/script>\n<!-- \/ Yoast SEO plugin. -->","yoast_head_json":{"title":"Culmina esfuerzo filantr\u00f3pico despu\u00e9s de recaudar m\u00e1s de 476 millones de d\u00f3lares - Iglesia Adventista del S\u00e9ptimo D\u00eda - Divisi\u00f3n Interamericana","robots":{"index":"index","follow":"follow","max-snippet":"max-snippet:-1","max-image-preview":"max-image-preview:large","max-video-preview":"max-video-preview:-1"},"canonical":"https:\/\/interamerica.org\/es\/2021\/02\/culmina-esfuerzo-filantropico-despues-de-recaudar-mas-de-476-millones-de-dolares\/","og_locale":"es_ES","og_type":"article","og_title":"Culmina esfuerzo filantr\u00f3pico despu\u00e9s de recaudar m\u00e1s de 476 millones de d\u00f3lares - Iglesia Adventista del S\u00e9ptimo D\u00eda - Divisi\u00f3n Interamericana","og_description":"24 de febrero de 2021 | Loma Linda, California, Estados Unidos | By: Sheann Brandon, Noticias de la Universidad de Loma Linda Salud de la Universidad de Loma Linda anunci\u00f3...","og_url":"https:\/\/interamerica.org\/es\/2021\/02\/culmina-esfuerzo-filantropico-despues-de-recaudar-mas-de-476-millones-de-dolares\/","og_site_name":"Iglesia Adventista del S\u00e9ptimo D\u00eda - Divisi\u00f3n Interamericana","article_published_time":"2021-02-24T12:12:12+00:00","article_modified_time":"2021-02-24T14:59:18+00:00","og_image":[{"width":1000,"height":500,"url":"https:\/\/interamerica.org\/wp-content\/uploads\/2021\/02\/philanthropic-effort-closes-after-raising-more-than-us476-million1.jpg","type":"image\/jpeg"}],"author":"libna","twitter_card":"summary_large_image","twitter_misc":{"Escrito por":"libna","Tiempo de lectura":"3 minutos"},"schema":{"@context":"https:\/\/schema.org","@graph":[{"@type":"Article","@id":"https:\/\/interamerica.org\/es\/2021\/02\/culmina-esfuerzo-filantropico-despues-de-recaudar-mas-de-476-millones-de-dolares\/#article","isPartOf":{"@id":"https:\/\/interamerica.org\/es\/2021\/02\/culmina-esfuerzo-filantropico-despues-de-recaudar-mas-de-476-millones-de-dolares\/"},"author":{"name":"libna","@id":"https:\/\/interamerica.org\/es\/#\/schema\/person\/29998f2bc2d8bd0d38662909289b54f1"},"headline":"Culmina esfuerzo filantr\u00f3pico despu\u00e9s de recaudar m\u00e1s de 476 millones de d\u00f3lares","datePublished":"2021-02-24T12:12:12+00:00","dateModified":"2021-02-24T14:59:18+00:00","mainEntityOfPage":{"@id":"https:\/\/interamerica.org\/es\/2021\/02\/culmina-esfuerzo-filantropico-despues-de-recaudar-mas-de-476-millones-de-dolares\/"},"wordCount":611,"image":{"@id":"https:\/\/interamerica.org\/es\/2021\/02\/culmina-esfuerzo-filantropico-despues-de-recaudar-mas-de-476-millones-de-dolares\/#primaryimage"},"thumbnailUrl":"https:\/\/interamerica.org\/wp-content\/uploads\/2021\/02\/philanthropic-effort-closes-after-raising-more-than-us476-million1.jpg","articleSection":["Desde la iglesia mundial","RSS Espa\u00f1ol"],"inLanguage":"es"},{"@type":"WebPage","@id":"https:\/\/interamerica.org\/es\/2021\/02\/culmina-esfuerzo-filantropico-despues-de-recaudar-mas-de-476-millones-de-dolares\/","url":"https:\/\/interamerica.org\/es\/2021\/02\/culmina-esfuerzo-filantropico-despues-de-recaudar-mas-de-476-millones-de-dolares\/","name":"Culmina esfuerzo filantr\u00f3pico despu\u00e9s de recaudar m\u00e1s de 476 millones de d\u00f3lares - Iglesia Adventista del S\u00e9ptimo D\u00eda - Divisi\u00f3n Interamericana","isPartOf":{"@id":"https:\/\/interamerica.org\/es\/#website"},"primaryImageOfPage":{"@id":"https:\/\/interamerica.org\/es\/2021\/02\/culmina-esfuerzo-filantropico-despues-de-recaudar-mas-de-476-millones-de-dolares\/#primaryimage"},"image":{"@id":"https:\/\/interamerica.org\/es\/2021\/02\/culmina-esfuerzo-filantropico-despues-de-recaudar-mas-de-476-millones-de-dolares\/#primaryimage"},"thumbnailUrl":"https:\/\/interamerica.org\/wp-content\/uploads\/2021\/02\/philanthropic-effort-closes-after-raising-more-than-us476-million1.jpg","datePublished":"2021-02-24T12:12:12+00:00","dateModified":"2021-02-24T14:59:18+00:00","author":{"@id":"https:\/\/interamerica.org\/es\/#\/schema\/person\/29998f2bc2d8bd0d38662909289b54f1"},"breadcrumb":{"@id":"https:\/\/interamerica.org\/es\/2021\/02\/culmina-esfuerzo-filantropico-despues-de-recaudar-mas-de-476-millones-de-dolares\/#breadcrumb"},"inLanguage":"es","potentialAction":[{"@type":"ReadAction","target":["https:\/\/interamerica.org\/es\/2021\/02\/culmina-esfuerzo-filantropico-despues-de-recaudar-mas-de-476-millones-de-dolares\/"]}]},{"@type":"ImageObject","inLanguage":"es","@id":"https:\/\/interamerica.org\/es\/2021\/02\/culmina-esfuerzo-filantropico-despues-de-recaudar-mas-de-476-millones-de-dolares\/#primaryimage","url":"https:\/\/interamerica.org\/wp-content\/uploads\/2021\/02\/philanthropic-effort-closes-after-raising-more-than-us476-million1.jpg","contentUrl":"https:\/\/interamerica.org\/wp-content\/uploads\/2021\/02\/philanthropic-effort-closes-after-raising-more-than-us476-million1.jpg","width":1000,"height":500,"caption":"Vision 2020 was the largest philanthropic effort ever undertaken by Loma Linda University Health. [Photo: Loma Linda University Health]"},{"@type":"BreadcrumbList","@id":"https:\/\/interamerica.org\/es\/2021\/02\/culmina-esfuerzo-filantropico-despues-de-recaudar-mas-de-476-millones-de-dolares\/#breadcrumb","itemListElement":[{"@type":"ListItem","position":1,"name":"Home","item":"https:\/\/interamerica.org\/es\/"},{"@type":"ListItem","position":2,"name":"Culmina esfuerzo filantr\u00f3pico despu\u00e9s de recaudar m\u00e1s de 476 millones de d\u00f3lares"}]},{"@type":"WebSite","@id":"https:\/\/interamerica.org\/es\/#website","url":"https:\/\/interamerica.org\/es\/","name":"Iglesia Adventista del S\u00e9ptimo D\u00eda - Divisi\u00f3n Interamericana","description":"","potentialAction":[{"@type":"SearchAction","target":{"@type":"EntryPoint","urlTemplate":"https:\/\/interamerica.org\/es\/?s={search_term_string}"},"query-input":{"@type":"PropertyValueSpecification","valueRequired":true,"valueName":"search_term_string"}}],"inLanguage":"es"},{"@type":"Person","@id":"https:\/\/interamerica.org\/es\/#\/schema\/person\/29998f2bc2d8bd0d38662909289b54f1","name":"libna","image":{"@type":"ImageObject","inLanguage":"es","@id":"https:\/\/secure.gravatar.com\/avatar\/7c5bd30ae4b47a9ba3c856590957fd1d96dc588bf3ac05719d247e126840331f?s=96&d=mm&r=g","url":"https:\/\/secure.gravatar.com\/avatar\/7c5bd30ae4b47a9ba3c856590957fd1d96dc588bf3ac05719d247e126840331f?s=96&d=mm&r=g","contentUrl":"https:\/\/secure.gravatar.com\/avatar\/7c5bd30ae4b47a9ba3c856590957fd1d96dc588bf3ac05719d247e126840331f?s=96&d=mm&r=g","caption":"libna"}}]}},"_links":{"self":[{"href":"https:\/\/interamerica.org\/es\/wp-json\/wp\/v2\/posts\/69101","targetHints":{"allow":["GET"]}}],"collection":[{"href":"https:\/\/interamerica.org\/es\/wp-json\/wp\/v2\/posts"}],"about":[{"href":"https:\/\/interamerica.org\/es\/wp-json\/wp\/v2\/types\/post"}],"author":[{"embeddable":true,"href":"https:\/\/interamerica.org\/es\/wp-json\/wp\/v2\/users\/3"}],"replies":[{"embeddable":true,"href":"https:\/\/interamerica.org\/es\/wp-json\/wp\/v2\/comments?post=69101"}],"version-history":[{"count":0,"href":"https:\/\/interamerica.org\/es\/wp-json\/wp\/v2\/posts\/69101\/revisions"}],"wp:featuredmedia":[{"embeddable":true,"href":"https:\/\/interamerica.org\/es\/wp-json\/wp\/v2\/media\/69094"}],"wp:attachment":[{"href":"https:\/\/interamerica.org\/es\/wp-json\/wp\/v2\/media?parent=69101"}],"wp:term":[{"taxonomy":"category","embeddable":true,"href":"https:\/\/interamerica.org\/es\/wp-json\/wp\/v2\/categories?post=69101"},{"taxonomy":"post_tag","embeddable":true,"href":"https:\/\/interamerica.org\/es\/wp-json\/wp\/v2\/tags?post=69101"}],"curies":[{"name":"wp","href":"https:\/\/api.w.org\/{rel}","templated":true}]}}