{"id":69486,"date":"2021-03-05T10:23:13","date_gmt":"2021-03-05T14:23:13","guid":{"rendered":"https:\/\/recursing-golick.147-182-135-0.plesk.page\/?p=69486"},"modified":"2021-03-11T16:17:39","modified_gmt":"2021-03-11T20:17:39","slug":"dia-mundial-de-las-damas","status":"publish","type":"post","link":"https:\/\/interamerica.org\/es\/2021\/03\/dia-mundial-de-las-damas\/","title":{"rendered":"D\u00eda mundial de las damas"},"content":{"rendered":"<p>5 de marzo\u00a0 de 2021 | Silver Spring, Maryland, Estados Unidos | Ted N.C. Wilson, President de la Asociaci\u00f3n General de los Adventistas del S\u00e9ptimo D\u00eda<\/p>\n<p><b>Ted:<\/b><span style=\"font-weight: 400;\"> Amigos, hoy hablaremos de algo de vital importancia para cada cristiano, y estoy encantado de que una vez m\u00e1s mi esposa, Nancy, se una a nosotros para compartir juntos sobre el tema de la oraci\u00f3n.<\/span><\/p>\n<p><b>Nancy:<\/b><span style=\"font-weight: 400;\"> Es posible que est\u00e9n familiarizados con esta hermosa promesa que se encuentra en el libro. <\/span><b>El Camino a Cristo, p\u00e1gina 95: \u201cLa oraci\u00f3n es la llave en la mano de la fe para abrir el almac\u00e9n del cielo, donde est\u00e1n atesorados los recursos infinitos de la Omnipotencia\u201d<\/b><span style=\"font-weight: 400;\"> y, sin embargo, \u00bfrealmente creemos que esta asombrosa promesa es para nosotros, personalmente?<\/span><\/p>\n<p><span style=\"font-weight: 400;\">El mundo trata de convencernos de que la oraci\u00f3n no es necesaria, o que en realidad no hace una diferencia, \u00a1Sin embargo, cu\u00e1n lejos est\u00e1 eso de la verdad!\u00a0 En el libro <\/span><b>El Conflicto de los Siglos<\/b><span style=\"font-weight: 400;\">, hay una promesa maravillosa que me encanta. Refiri\u00e9ndose a los milagros que Jes\u00fas hizo cuando estuvo en la Tierra, Elena de White escribe:\u00a0 <\/span><b>\u201cEl mismo Salvador compasivo vive en nuestros d\u00edas, y est\u00e1 tan dispuesto a escuchar la oraci\u00f3n de la fe como cuando andaba en forma visible entre los hombres. Lo natural coopera con lo sobrenatural. Forma parte del plan de Dios concedernos, en respuesta a la oraci\u00f3n hecha con fe, lo que no nos dar\u00eda si no se lo pidi\u00e9semos as\u00ed.\u201d {CS 515.4}.<\/b><\/p>\n<p><span style=\"font-weight: 400;\">\u00bfPueden imaginar todas las oraciones que \u00c9l anhela responder si tan solo las pedimos?\u00a0<\/span><\/p>\n<p><b>Ted:<\/b><span style=\"font-weight: 400;\"> En la Biblia, tenemos numerosos ejemplos de personas que oraron en muchas circunstancias diferentes. Est\u00e1 la oraci\u00f3n de El\u00edas, en lo alto del Monte Carmelo, pidiendo a Dios que se revelara a s\u00ed mismo como el \u00fanico Dios verdadero, y all\u00ed est\u00e1 Jon\u00e1s, en las profundidades del mar, sepultado en el vientre de una ballena, suplicando su liberaci\u00f3n. Podemos leer la hermosa oraci\u00f3n del rey Salom\u00f3n cuando dedic\u00f3 el magn\u00edfico templo al Se\u00f1or, y la conmovedora oraci\u00f3n de intercesi\u00f3n de Daniel mientras suplicaba en nombre <\/span><span style=\"font-weight: 400;\">de su pueblo en Babilonia.<\/span><\/p>\n<p><b>Nancy:<\/b><span style=\"font-weight: 400;\"> En el libro de 1 Samuel, tenemos el ejemplo de Ana, quien derram\u00f3 su pedido personal con un sincero clamor al Se\u00f1or y recibi\u00f3 una respuesta asombrosa.<\/span><\/p>\n<p><span style=\"font-weight: 400;\">En <\/span><b>Lucas 18<\/b><span style=\"font-weight: 400;\">, Jes\u00fas se\u00f1ala el poder de la oraci\u00f3n en la par\u00e1bola de la viuda persistente y el juez injusto, donde se nos recuerda en el <\/span><b>vers\u00edculo 1<\/b><span style=\"font-weight: 400;\"> que<\/span><\/p>\n<p><b>\u00a0\u201cJes\u00fas les cont\u00f3 una historia\u2026 para ense\u00f1arles que deb\u00edan orar siempre y sin desanimarse.\u201d (TLA).<\/b><span style=\"font-weight: 400;\"> Y tenemos un ejemplo asombroso de oraci\u00f3n persistente en la mujer samaritana que vino a Jes\u00fas, suplicando en nombre de su hija pose\u00edda por el demonio y pidiendo solo <\/span><b>\u00ablas migajas que caen de la mesa de sus amos\u00bb.<\/b><span style=\"font-weight: 400;\"> Jes\u00fas elogi\u00f3 a esta madre, diciendo: <\/span><b>\u201cOh mujer, grande es tu fe; h\u00e1gase contigo como quieres. Y su hija fue sanada desde aquella hora.\u201d(Mateo 15:28, RVR1960).<\/b><\/p>\n<p><b>Ted:<\/b><span style=\"font-weight: 400;\"> La Biblia nos dice en 1 Tesalonicenses 5:17 que debemos \u00aborar sin cesar\u00bb. Pero, \u00bfqu\u00e9 significa esto realmente? Creo que significa estar siempre subordinados a la direcci\u00f3n del Se\u00f1or, permiti\u00e9ndole dirigir como mejor le parezca. Y tambi\u00e9n significa que debemos estar listos para enviar una oraci\u00f3n sobre cualquier tema, porque Dios no se especializa solo en los problemas mayores. Le encanta escuchar todo lo que nos concierne, incluso la m\u00e1s peque\u00f1a dificultad o la m\u00e1s peque\u00f1a alegr\u00eda.<\/span><\/p>\n<p><span style=\"font-weight: 400;\">La oraci\u00f3n es una gran conexi\u00f3n segura con Dios que me ayuda en todo tipo de cosas. Oro por la ma\u00f1ana, arrodill\u00e1ndome fuera de la cama y consagrando mi d\u00eda al Se\u00f1or, pidiendo por el Esp\u00edritu Santo en mi vida, por la lluvia tard\u00eda y por sabidur\u00eda. Luego, a lo largo del d\u00eda, ya sea estudiando la Palabra de Dios o en alguna reuni\u00f3n, ruego por la gu\u00eda y la sabidur\u00eda Divinas. A medida que avanza el d\u00eda, el motivo de oraci\u00f3n puede cambiar, pero la conexi\u00f3n siempre est\u00e1 ah\u00ed. Durante todo el d\u00eda, la oraci\u00f3n es absolutamente vital; de loccontrario, estamos solos y ese no es un buen lugar para estar.\u00a0<\/span><\/p>\n<p><b>Nancy:<\/b><span style=\"font-weight: 400;\"> \u00bfSaben?, cuanto m\u00e1s pasan los a\u00f1os, m\u00e1s me doy cuenta de que Dios est\u00e1 haciendo todo lo posible para despertarnos y salvarnos, para hacer por nosotros lo que \u00c9l anhela hacer. Y esta comprensi\u00f3n ha influido mi vida de oraci\u00f3n. Me preocupo menos y conf\u00edo m\u00e1s en \u00c9l. Comparto mis preocupaciones con \u00c9l. Sol\u00eda tener tanta angustia por ciertas situaciones, pero ahora me doy cuenta de que Dios est\u00e1 haciendo cosas de las que ni siquiera soy consciente para responder a mis oraciones. Puedo confiar estos desaf\u00edos en Sus manos, pero es \u00fatil hablar con \u00c9l sobre ellos.\u00a0<\/span><\/p>\n<p><b>Ted:<\/b><span style=\"font-weight: 400;\"> Este s\u00e1bado 6 de marzo es una oportunidad especial para orar, ya que miles de personas en todo el mundo se reunir\u00e1n en oraci\u00f3n durante el D\u00eda Internacional de Oraci\u00f3n de la Mujer, auspiciado por el departamento de Ministerios de la Mujer de la Asociaci\u00f3n General. M\u00e1s informaci\u00f3n sobre este d\u00eda especial, junto con un paquete de materiales muy \u00fatil, est\u00e1 disponible para su descarga gratuita en <\/span><b>women.adventist.org.<\/b><\/p>\n<p><b>Nancy:<\/b><span style=\"font-weight: 400;\"> Que el Se\u00f1or nos bendiga a medida que obtenemos una comprensi\u00f3n m\u00e1s profunda de la necesidad de la oraci\u00f3n, su significado y bendiciones en cada una de nuestras vidas, especialmente en estos tiempos incre\u00edbles en los que vivimos.<\/span><\/p>\n<p><b>Nancy:<\/b><span style=\"font-weight: 400;\"> Inclinemos nuestros rostros. Padre celestial, qu\u00e9 privilegio es venir ante ti en la sala del trono celestial. Qu\u00e9 acceso maravilloso tenemos a nuestro padre celestial. Se\u00f1or, ay\u00fadanos a darnos cuenta de cu\u00e1nto anhelas escuchar de nosotros, anhelas escuchar nuestras alabanzas, pero Se\u00f1or, tambi\u00e9n est\u00e1s deseando escucharnos, independientemente de c\u00f3mo nos sintamos en<\/span><\/p>\n<p><span style=\"font-weight: 400;\">este momento, incluso si estamos enojados o preocupados por que quiz\u00e1 pensamos que no respondiste nuestras oraciones o cuando simplemente lo que sentimos tal vez no sea correcto contigo, pues t\u00fa nos escuchas en todo momento Se\u00f1or, porque quieres ayudarnos, moldearnos, abrir el camino para guiarnos, darnos fuerzas y bendecirnos.<\/span><\/p>\n<p><span style=\"font-weight: 400;\">Se\u00f1or, hoy oro por todas mis hermanas. S\u00e9 que tienen muchos roles que llenar en sus vidas, Quiz\u00e1 est\u00e1n en casa cuidando a sus hijos, puede ser que est\u00e1n tratando de trabajar y cuidar de sus hijos.\u00a0 Probablemente tienen un trabajo importante o tal vez se sientan solas Se\u00f1or, pero anhelamos que les bendigas Se\u00f1or y les ayudes a saber est\u00e1s con cada una, que las escuchas y anhelas satisfacer todas sus necesidades.<\/span><\/p>\n<p><span style=\"font-weight: 400;\">Estamos tan agradecidos Se\u00f1or que eres un Dios tan personal y todo lo que nos concierne te concierne, as\u00ed que ens\u00e9\u00f1anos Se\u00f1or m\u00e1s y m\u00e1s c\u00f3mo orar, c\u00f3mo llegar a ti y oro por todos nuestros hermanos de todo el mundo el Se\u00f1or, T\u00fa sabes que todos te necesitamos y T\u00fa eres nuestro todo en todo. Eres la fuente de todo nuestro gozo, toda nuestra paz y toda nuestra seguridad, T\u00fa Se\u00f1or eres nuestro todo en todos. As\u00ed que gracias por escucharnos, por estar disponible para nosotros, por anhelas estar con nosotros y Se\u00f1or oro para que te respondamos siempre de manera muy positiva sabiendo, solo un poquito lo profundo que eres para cada una de nosotras. Ruego por mis hermanas, especialmente en este d\u00eda internacional de la mujer, dej\u00e1ndolas en tus manos, Se\u00f1or, gu\u00eda a cada una de nosotras seg\u00fan tu voluntad. En el nombre de Jes\u00fas oramos, am\u00e9n.<\/span><\/p>\n","protected":false},"excerpt":{"rendered":"<p>5 de marzo\u00a0 de 2021 | Silver Spring, Maryland, Estados Unidos | Ted N.C. Wilson, President de la Asociaci\u00f3n General de los Adventistas del S\u00e9ptimo D\u00eda Ted: Amigos, hoy hablaremos&#8230;<\/p>\n","protected":false},"author":3,"featured_media":69484,"comment_status":"closed","ping_status":"closed","sticky":false,"template":"","format":"standard","meta":{"_acf_changed":false,"footnotes":""},"categories":[14,15],"tags":[],"class_list":["post-69486","post","type-post","status-publish","format-standard","has-post-thumbnail","hentry","category-de-la-iglesia-mundial","category-rss-espanol"],"acf":[],"yoast_head":"<!-- This site is optimized with the Yoast SEO plugin v27.3 - https:\/\/yoast.com\/product\/yoast-seo-wordpress\/ -->\n<title>D\u00eda mundial de las damas - Iglesia Adventista del S\u00e9ptimo D\u00eda - Divisi\u00f3n Interamericana<\/title>\n<meta name=\"robots\" content=\"index, follow, max-snippet:-1, max-image-preview:large, max-video-preview:-1\" \/>\n<link rel=\"canonical\" href=\"https:\/\/interamerica.org\/es\/2021\/03\/dia-mundial-de-las-damas\/\" \/>\n<meta property=\"og:locale\" content=\"es_ES\" \/>\n<meta property=\"og:type\" content=\"article\" \/>\n<meta property=\"og:title\" content=\"D\u00eda mundial de las damas - Iglesia Adventista del S\u00e9ptimo D\u00eda - Divisi\u00f3n Interamericana\" \/>\n<meta property=\"og:description\" content=\"5 de marzo\u00a0 de 2021 | Silver Spring, Maryland, Estados Unidos | Ted N.C. Wilson, President de la Asociaci\u00f3n General de los Adventistas del S\u00e9ptimo D\u00eda Ted: Amigos, hoy hablaremos...\" \/>\n<meta property=\"og:url\" content=\"https:\/\/interamerica.org\/es\/2021\/03\/dia-mundial-de-las-damas\/\" \/>\n<meta property=\"og:site_name\" content=\"Iglesia Adventista del S\u00e9ptimo D\u00eda - Divisi\u00f3n Interamericana\" \/>\n<meta property=\"article:published_time\" content=\"2021-03-05T14:23:13+00:00\" \/>\n<meta property=\"article:modified_time\" content=\"2021-03-11T20:17:39+00:00\" \/>\n<meta property=\"og:image\" content=\"https:\/\/interamerica.org\/wp-content\/uploads\/2021\/03\/wilson-mar5-spaish.jpg\" \/>\n\t<meta property=\"og:image:width\" content=\"1280\" \/>\n\t<meta property=\"og:image:height\" content=\"800\" \/>\n\t<meta property=\"og:image:type\" content=\"image\/jpeg\" \/>\n<meta name=\"author\" content=\"libna\" \/>\n<meta name=\"twitter:card\" content=\"summary_large_image\" \/>\n<meta name=\"twitter:label1\" content=\"Escrito por\" \/>\n\t<meta name=\"twitter:data1\" content=\"libna\" \/>\n\t<meta name=\"twitter:label2\" content=\"Tiempo de lectura\" \/>\n\t<meta name=\"twitter:data2\" content=\"6 minutos\" \/>\n<script type=\"application\/ld+json\" class=\"yoast-schema-graph\">{\"@context\":\"https:\\\/\\\/schema.org\",\"@graph\":[{\"@type\":\"Article\",\"@id\":\"https:\\\/\\\/interamerica.org\\\/es\\\/2021\\\/03\\\/dia-mundial-de-las-damas\\\/#article\",\"isPartOf\":{\"@id\":\"https:\\\/\\\/interamerica.org\\\/es\\\/2021\\\/03\\\/dia-mundial-de-las-damas\\\/\"},\"author\":{\"name\":\"libna\",\"@id\":\"https:\\\/\\\/interamerica.org\\\/es\\\/#\\\/schema\\\/person\\\/29998f2bc2d8bd0d38662909289b54f1\"},\"headline\":\"D\u00eda mundial de las damas\",\"datePublished\":\"2021-03-05T14:23:13+00:00\",\"dateModified\":\"2021-03-11T20:17:39+00:00\",\"mainEntityOfPage\":{\"@id\":\"https:\\\/\\\/interamerica.org\\\/es\\\/2021\\\/03\\\/dia-mundial-de-las-damas\\\/\"},\"wordCount\":1333,\"image\":{\"@id\":\"https:\\\/\\\/interamerica.org\\\/es\\\/2021\\\/03\\\/dia-mundial-de-las-damas\\\/#primaryimage\"},\"thumbnailUrl\":\"https:\\\/\\\/interamerica.org\\\/wp-content\\\/uploads\\\/2021\\\/03\\\/wilson-mar5-spaish.jpg\",\"articleSection\":[\"Desde la iglesia mundial\",\"RSS Espa\u00f1ol\"],\"inLanguage\":\"es\"},{\"@type\":\"WebPage\",\"@id\":\"https:\\\/\\\/interamerica.org\\\/es\\\/2021\\\/03\\\/dia-mundial-de-las-damas\\\/\",\"url\":\"https:\\\/\\\/interamerica.org\\\/es\\\/2021\\\/03\\\/dia-mundial-de-las-damas\\\/\",\"name\":\"D\u00eda mundial de las damas - Iglesia Adventista del S\u00e9ptimo D\u00eda - Divisi\u00f3n Interamericana\",\"isPartOf\":{\"@id\":\"https:\\\/\\\/interamerica.org\\\/es\\\/#website\"},\"primaryImageOfPage\":{\"@id\":\"https:\\\/\\\/interamerica.org\\\/es\\\/2021\\\/03\\\/dia-mundial-de-las-damas\\\/#primaryimage\"},\"image\":{\"@id\":\"https:\\\/\\\/interamerica.org\\\/es\\\/2021\\\/03\\\/dia-mundial-de-las-damas\\\/#primaryimage\"},\"thumbnailUrl\":\"https:\\\/\\\/interamerica.org\\\/wp-content\\\/uploads\\\/2021\\\/03\\\/wilson-mar5-spaish.jpg\",\"datePublished\":\"2021-03-05T14:23:13+00:00\",\"dateModified\":\"2021-03-11T20:17:39+00:00\",\"author\":{\"@id\":\"https:\\\/\\\/interamerica.org\\\/es\\\/#\\\/schema\\\/person\\\/29998f2bc2d8bd0d38662909289b54f1\"},\"breadcrumb\":{\"@id\":\"https:\\\/\\\/interamerica.org\\\/es\\\/2021\\\/03\\\/dia-mundial-de-las-damas\\\/#breadcrumb\"},\"inLanguage\":\"es\",\"potentialAction\":[{\"@type\":\"ReadAction\",\"target\":[\"https:\\\/\\\/interamerica.org\\\/es\\\/2021\\\/03\\\/dia-mundial-de-las-damas\\\/\"]}]},{\"@type\":\"ImageObject\",\"inLanguage\":\"es\",\"@id\":\"https:\\\/\\\/interamerica.org\\\/es\\\/2021\\\/03\\\/dia-mundial-de-las-damas\\\/#primaryimage\",\"url\":\"https:\\\/\\\/interamerica.org\\\/wp-content\\\/uploads\\\/2021\\\/03\\\/wilson-mar5-spaish.jpg\",\"contentUrl\":\"https:\\\/\\\/interamerica.org\\\/wp-content\\\/uploads\\\/2021\\\/03\\\/wilson-mar5-spaish.jpg\",\"width\":1280,\"height\":800},{\"@type\":\"BreadcrumbList\",\"@id\":\"https:\\\/\\\/interamerica.org\\\/es\\\/2021\\\/03\\\/dia-mundial-de-las-damas\\\/#breadcrumb\",\"itemListElement\":[{\"@type\":\"ListItem\",\"position\":1,\"name\":\"Home\",\"item\":\"https:\\\/\\\/interamerica.org\\\/es\\\/\"},{\"@type\":\"ListItem\",\"position\":2,\"name\":\"D\u00eda mundial de las damas\"}]},{\"@type\":\"WebSite\",\"@id\":\"https:\\\/\\\/interamerica.org\\\/es\\\/#website\",\"url\":\"https:\\\/\\\/interamerica.org\\\/es\\\/\",\"name\":\"Iglesia Adventista del S\u00e9ptimo D\u00eda - Divisi\u00f3n Interamericana\",\"description\":\"\",\"potentialAction\":[{\"@type\":\"SearchAction\",\"target\":{\"@type\":\"EntryPoint\",\"urlTemplate\":\"https:\\\/\\\/interamerica.org\\\/es\\\/?s={search_term_string}\"},\"query-input\":{\"@type\":\"PropertyValueSpecification\",\"valueRequired\":true,\"valueName\":\"search_term_string\"}}],\"inLanguage\":\"es\"},{\"@type\":\"Person\",\"@id\":\"https:\\\/\\\/interamerica.org\\\/es\\\/#\\\/schema\\\/person\\\/29998f2bc2d8bd0d38662909289b54f1\",\"name\":\"libna\",\"image\":{\"@type\":\"ImageObject\",\"inLanguage\":\"es\",\"@id\":\"https:\\\/\\\/secure.gravatar.com\\\/avatar\\\/7c5bd30ae4b47a9ba3c856590957fd1d96dc588bf3ac05719d247e126840331f?s=96&d=mm&r=g\",\"url\":\"https:\\\/\\\/secure.gravatar.com\\\/avatar\\\/7c5bd30ae4b47a9ba3c856590957fd1d96dc588bf3ac05719d247e126840331f?s=96&d=mm&r=g\",\"contentUrl\":\"https:\\\/\\\/secure.gravatar.com\\\/avatar\\\/7c5bd30ae4b47a9ba3c856590957fd1d96dc588bf3ac05719d247e126840331f?s=96&d=mm&r=g\",\"caption\":\"libna\"}}]}<\/script>\n<!-- \/ Yoast SEO plugin. -->","yoast_head_json":{"title":"D\u00eda mundial de las damas - Iglesia Adventista del S\u00e9ptimo D\u00eda - Divisi\u00f3n Interamericana","robots":{"index":"index","follow":"follow","max-snippet":"max-snippet:-1","max-image-preview":"max-image-preview:large","max-video-preview":"max-video-preview:-1"},"canonical":"https:\/\/interamerica.org\/es\/2021\/03\/dia-mundial-de-las-damas\/","og_locale":"es_ES","og_type":"article","og_title":"D\u00eda mundial de las damas - Iglesia Adventista del S\u00e9ptimo D\u00eda - Divisi\u00f3n Interamericana","og_description":"5 de marzo\u00a0 de 2021 | Silver Spring, Maryland, Estados Unidos | Ted N.C. Wilson, President de la Asociaci\u00f3n General de los Adventistas del S\u00e9ptimo D\u00eda Ted: Amigos, hoy hablaremos...","og_url":"https:\/\/interamerica.org\/es\/2021\/03\/dia-mundial-de-las-damas\/","og_site_name":"Iglesia Adventista del S\u00e9ptimo D\u00eda - Divisi\u00f3n Interamericana","article_published_time":"2021-03-05T14:23:13+00:00","article_modified_time":"2021-03-11T20:17:39+00:00","og_image":[{"width":1280,"height":800,"url":"https:\/\/interamerica.org\/wp-content\/uploads\/2021\/03\/wilson-mar5-spaish.jpg","type":"image\/jpeg"}],"author":"libna","twitter_card":"summary_large_image","twitter_misc":{"Escrito por":"libna","Tiempo de lectura":"6 minutos"},"schema":{"@context":"https:\/\/schema.org","@graph":[{"@type":"Article","@id":"https:\/\/interamerica.org\/es\/2021\/03\/dia-mundial-de-las-damas\/#article","isPartOf":{"@id":"https:\/\/interamerica.org\/es\/2021\/03\/dia-mundial-de-las-damas\/"},"author":{"name":"libna","@id":"https:\/\/interamerica.org\/es\/#\/schema\/person\/29998f2bc2d8bd0d38662909289b54f1"},"headline":"D\u00eda mundial de las damas","datePublished":"2021-03-05T14:23:13+00:00","dateModified":"2021-03-11T20:17:39+00:00","mainEntityOfPage":{"@id":"https:\/\/interamerica.org\/es\/2021\/03\/dia-mundial-de-las-damas\/"},"wordCount":1333,"image":{"@id":"https:\/\/interamerica.org\/es\/2021\/03\/dia-mundial-de-las-damas\/#primaryimage"},"thumbnailUrl":"https:\/\/interamerica.org\/wp-content\/uploads\/2021\/03\/wilson-mar5-spaish.jpg","articleSection":["Desde la iglesia mundial","RSS Espa\u00f1ol"],"inLanguage":"es"},{"@type":"WebPage","@id":"https:\/\/interamerica.org\/es\/2021\/03\/dia-mundial-de-las-damas\/","url":"https:\/\/interamerica.org\/es\/2021\/03\/dia-mundial-de-las-damas\/","name":"D\u00eda mundial de las damas - Iglesia Adventista del S\u00e9ptimo D\u00eda - Divisi\u00f3n Interamericana","isPartOf":{"@id":"https:\/\/interamerica.org\/es\/#website"},"primaryImageOfPage":{"@id":"https:\/\/interamerica.org\/es\/2021\/03\/dia-mundial-de-las-damas\/#primaryimage"},"image":{"@id":"https:\/\/interamerica.org\/es\/2021\/03\/dia-mundial-de-las-damas\/#primaryimage"},"thumbnailUrl":"https:\/\/interamerica.org\/wp-content\/uploads\/2021\/03\/wilson-mar5-spaish.jpg","datePublished":"2021-03-05T14:23:13+00:00","dateModified":"2021-03-11T20:17:39+00:00","author":{"@id":"https:\/\/interamerica.org\/es\/#\/schema\/person\/29998f2bc2d8bd0d38662909289b54f1"},"breadcrumb":{"@id":"https:\/\/interamerica.org\/es\/2021\/03\/dia-mundial-de-las-damas\/#breadcrumb"},"inLanguage":"es","potentialAction":[{"@type":"ReadAction","target":["https:\/\/interamerica.org\/es\/2021\/03\/dia-mundial-de-las-damas\/"]}]},{"@type":"ImageObject","inLanguage":"es","@id":"https:\/\/interamerica.org\/es\/2021\/03\/dia-mundial-de-las-damas\/#primaryimage","url":"https:\/\/interamerica.org\/wp-content\/uploads\/2021\/03\/wilson-mar5-spaish.jpg","contentUrl":"https:\/\/interamerica.org\/wp-content\/uploads\/2021\/03\/wilson-mar5-spaish.jpg","width":1280,"height":800},{"@type":"BreadcrumbList","@id":"https:\/\/interamerica.org\/es\/2021\/03\/dia-mundial-de-las-damas\/#breadcrumb","itemListElement":[{"@type":"ListItem","position":1,"name":"Home","item":"https:\/\/interamerica.org\/es\/"},{"@type":"ListItem","position":2,"name":"D\u00eda mundial de las damas"}]},{"@type":"WebSite","@id":"https:\/\/interamerica.org\/es\/#website","url":"https:\/\/interamerica.org\/es\/","name":"Iglesia Adventista del S\u00e9ptimo D\u00eda - Divisi\u00f3n Interamericana","description":"","potentialAction":[{"@type":"SearchAction","target":{"@type":"EntryPoint","urlTemplate":"https:\/\/interamerica.org\/es\/?s={search_term_string}"},"query-input":{"@type":"PropertyValueSpecification","valueRequired":true,"valueName":"search_term_string"}}],"inLanguage":"es"},{"@type":"Person","@id":"https:\/\/interamerica.org\/es\/#\/schema\/person\/29998f2bc2d8bd0d38662909289b54f1","name":"libna","image":{"@type":"ImageObject","inLanguage":"es","@id":"https:\/\/secure.gravatar.com\/avatar\/7c5bd30ae4b47a9ba3c856590957fd1d96dc588bf3ac05719d247e126840331f?s=96&d=mm&r=g","url":"https:\/\/secure.gravatar.com\/avatar\/7c5bd30ae4b47a9ba3c856590957fd1d96dc588bf3ac05719d247e126840331f?s=96&d=mm&r=g","contentUrl":"https:\/\/secure.gravatar.com\/avatar\/7c5bd30ae4b47a9ba3c856590957fd1d96dc588bf3ac05719d247e126840331f?s=96&d=mm&r=g","caption":"libna"}}]}},"_links":{"self":[{"href":"https:\/\/interamerica.org\/es\/wp-json\/wp\/v2\/posts\/69486","targetHints":{"allow":["GET"]}}],"collection":[{"href":"https:\/\/interamerica.org\/es\/wp-json\/wp\/v2\/posts"}],"about":[{"href":"https:\/\/interamerica.org\/es\/wp-json\/wp\/v2\/types\/post"}],"author":[{"embeddable":true,"href":"https:\/\/interamerica.org\/es\/wp-json\/wp\/v2\/users\/3"}],"replies":[{"embeddable":true,"href":"https:\/\/interamerica.org\/es\/wp-json\/wp\/v2\/comments?post=69486"}],"version-history":[{"count":0,"href":"https:\/\/interamerica.org\/es\/wp-json\/wp\/v2\/posts\/69486\/revisions"}],"wp:featuredmedia":[{"embeddable":true,"href":"https:\/\/interamerica.org\/es\/wp-json\/wp\/v2\/media\/69484"}],"wp:attachment":[{"href":"https:\/\/interamerica.org\/es\/wp-json\/wp\/v2\/media?parent=69486"}],"wp:term":[{"taxonomy":"category","embeddable":true,"href":"https:\/\/interamerica.org\/es\/wp-json\/wp\/v2\/categories?post=69486"},{"taxonomy":"post_tag","embeddable":true,"href":"https:\/\/interamerica.org\/es\/wp-json\/wp\/v2\/tags?post=69486"}],"curies":[{"name":"wp","href":"https:\/\/api.w.org\/{rel}","templated":true}]}}