{"id":69564,"date":"2021-03-03T16:31:51","date_gmt":"2021-03-03T20:31:51","guid":{"rendered":"https:\/\/recursing-golick.147-182-135-0.plesk.page\/?p=69564"},"modified":"2021-03-04T10:01:10","modified_gmt":"2021-03-04T14:01:10","slug":"universidad-loma-linda-lanza-conversaciones-sobre-gobernacion","status":"publish","type":"post","link":"https:\/\/interamerica.org\/es\/2021\/03\/universidad-loma-linda-lanza-conversaciones-sobre-gobernacion\/","title":{"rendered":"Universidad Loma Linda lanza \u2018Conversaciones sobre Gobernaci\u00f3n\u2019"},"content":{"rendered":"<p><strong>Curso gratuito en l\u00ednea se propone fortalecer el papel a desempe\u00f1ar de miembros y dirigentes de junta. <\/strong><\/p>\n<p>3 de marzo de 2021 | Loma Linda, California, Estados Unidos | por Dona Jayne Potts, Loma Linda University Health<\/p>\n<p>Loma Linda University Health ofrece ahora una forma innovadora de apoyar y fortalecer las juntas de gobierno de los sistemas de atenci\u00f3n a la salud y educaci\u00f3n adventistas del s\u00e9ptimo d\u00eda de todo el mundo.<\/p>\n<p>Lanzado en el mes de enero, \u201cConversaciones sobre Gobernaci\u00f3n\u201d es un curso de desarrollo ofrecido gratuitamente en l\u00ednea, para miembros y dirigentes de juntas adventistas del s\u00e9ptimo d\u00eda internacionales. Este programa de certificaci\u00f3n, de dos a\u00f1os, consta de seis sesiones en l\u00ednea cada a\u00f1o y est\u00e1 disponible en tres idiomas: Ingl\u00e9s, espa\u00f1ol y franc\u00e9s.<\/p>\n<p>La Iglesia Adventista del S\u00e9ptimo D\u00eda tiene presencia establecida en 212 pa\u00edses y opera cerca de 200 hospitales, 450 cl\u00ednicas y m\u00e1s de 8,500 instituciones de educaci\u00f3n en todo el mundo.<\/p>\n<p>\u201cLa buena gobernaci\u00f3n es esencial en cualquier organizaci\u00f3n de \u00e9xito\u201d, dijo el presidente de Loma Linda University Health, Richard H. Hart. \u201cLa junta es responsable por la elaboraci\u00f3n de reglamentos y de tomar acciones para asegurar suficientes y apropiados recursos humanos y financieros a fin de que la organizaci\u00f3n pueda cumplir su misi\u00f3n.<\/p>\n<p>En el curso as\u00ed llamado \u201cBuena Gobernaci\u00f3n: Lo que las juntas necesitan saber\u201d, los participantes aprenden acerca de principios de gobierno, responsabilidades fiduciarias, diferencias entre gobierno y administraci\u00f3n y la importancia de ver m\u00e1s all\u00e1 de los intereses personales y presiones pol\u00edticas locales. \u201cSe anima a los participantes a tomar parte activa al compartir ejemplos de sus \u00e9xitos y fracasos y a proveer informaci\u00f3n retroactiva e ideas a otros en la clase\u201d, dijo el Dr. Hart.<\/p>\n<p>Un total de casi 340 dirigentes adventistas del s\u00e9ptimo d\u00eda en el ramo de salud y educaci\u00f3n, procedentes de 61 pa\u00edses, se inscribieron para la primea sesi\u00f3n que tuvo lugar el 21 de enero de \u00a02021.<\/p>\n<p>El presidente Hart reuni\u00f3 a un equipo de expertos en juntas de gobierno adventistas del s\u00e9ptimo d\u00eda, para prestar servicios como facultad en los 90 minutos de cada sesi\u00f3n de aprendizaje y su trabajo de curso acompa\u00f1ante, incluyendo a Lowell Cooper, vicepresidente ya jubilado de la Asociaci\u00f3n General; Bob Kyte, ex consejero general de la Asociaci\u00f3n General y presidente ya jubilado de Adventist Risk Management; Don Pursley, vicepresidente jubilado de finanzas de la Universidad Loma Linda y Dr. Elie S. Honore, presidente jubilado de Servicios Adventistas de Salud de Interam\u00e9rica.<\/p>\n<p>\u201cEste programa de desarrollo sobre gobernaci\u00f3n va a ofrecer apoyo a la red mundial de hospitales adventistas, desde los grandes centros m\u00e9dicos de nivel terciario, hasta los hospitales peque\u00f1os y rurales de nivel primario, a fin de encarar los diversos desaf\u00edos actuales\u201d, dijo Lowell Cooper, miembro de la facultad. \u201cAl aumentar la complejidad de gobernaci\u00f3n y de los grandes hospitales privados, los hospitales adventistas necesitan mantener una gobernaci\u00f3n de vanguardia a fin de continuar proporcionando el ministerio de curaci\u00f3n de Cristo Jes\u00fas a todos los necesitados del mismo\u201d.<\/p>\n<p>Organizado por el Instituto Mundial de Salud de Loma Linda University Health, el programa de \u201cConversaciones sobre Gobernaci\u00f3n\u201d cuenta con el apoyo de Salud Adventista Internacional y el Ministerio de Salud Adventista de la Asociaci\u00f3n General.<\/p>\n<p><em>La <\/em><a href=\"https:\/\/news.llu.edu\/academics\/loma-linda-university-health-launches-conversations-governance\"><em>versi\u00f3n original <\/em><\/a><em>de esta noticia se public\u00f3 en el <\/em><a href=\"https:\/\/news.llu.edu\/\"><em>sitio de noticias<\/em><\/a> <em>de Loma Linda University Health.<\/em><\/p>\n<p>Traducci\u00f3n \u2013 Gloria A. Castrej\u00f3n<\/p>\n<h2 class=\"subtitle\"><\/h2>\n","protected":false},"excerpt":{"rendered":"<p>Curso gratuito en l\u00ednea se propone fortalecer el papel a desempe\u00f1ar de miembros y dirigentes de junta. 3 de marzo de 2021 | Loma Linda, California, Estados Unidos | por&#8230;<\/p>\n","protected":false},"author":3,"featured_media":69552,"comment_status":"closed","ping_status":"closed","sticky":false,"template":"","format":"standard","meta":{"_acf_changed":false,"footnotes":""},"categories":[14,15],"tags":[],"class_list":["post-69564","post","type-post","status-publish","format-standard","has-post-thumbnail","hentry","category-de-la-iglesia-mundial","category-rss-espanol"],"acf":[],"yoast_head":"<!-- This site is optimized with the Yoast SEO plugin v27.3 - https:\/\/yoast.com\/product\/yoast-seo-wordpress\/ -->\n<title>Universidad Loma Linda lanza \u2018Conversaciones sobre Gobernaci\u00f3n\u2019 - Iglesia Adventista del S\u00e9ptimo D\u00eda - Divisi\u00f3n Interamericana<\/title>\n<meta name=\"robots\" content=\"index, follow, max-snippet:-1, max-image-preview:large, max-video-preview:-1\" \/>\n<link rel=\"canonical\" href=\"https:\/\/interamerica.org\/es\/2021\/03\/universidad-loma-linda-lanza-conversaciones-sobre-gobernacion\/\" \/>\n<meta property=\"og:locale\" content=\"es_ES\" \/>\n<meta property=\"og:type\" content=\"article\" \/>\n<meta property=\"og:title\" content=\"Universidad Loma Linda lanza \u2018Conversaciones sobre Gobernaci\u00f3n\u2019 - Iglesia Adventista del S\u00e9ptimo D\u00eda - Divisi\u00f3n Interamericana\" \/>\n<meta property=\"og:description\" content=\"Curso gratuito en l\u00ednea se propone fortalecer el papel a desempe\u00f1ar de miembros y dirigentes de junta. 3 de marzo de 2021 | Loma Linda, California, Estados Unidos | por...\" \/>\n<meta property=\"og:url\" content=\"https:\/\/interamerica.org\/es\/2021\/03\/universidad-loma-linda-lanza-conversaciones-sobre-gobernacion\/\" \/>\n<meta property=\"og:site_name\" content=\"Iglesia Adventista del S\u00e9ptimo D\u00eda - Divisi\u00f3n Interamericana\" \/>\n<meta property=\"article:published_time\" content=\"2021-03-03T20:31:51+00:00\" \/>\n<meta property=\"article:modified_time\" content=\"2021-03-04T14:01:10+00:00\" \/>\n<meta property=\"og:image\" content=\"https:\/\/interamerica.org\/wp-content\/uploads\/2021\/03\/online-headway-5qgiuubxkwm-unsplash.jpg\" \/>\n\t<meta property=\"og:image:width\" content=\"1280\" \/>\n\t<meta property=\"og:image:height\" content=\"800\" \/>\n\t<meta property=\"og:image:type\" content=\"image\/jpeg\" \/>\n<meta name=\"author\" content=\"libna\" \/>\n<meta name=\"twitter:card\" content=\"summary_large_image\" \/>\n<meta name=\"twitter:label1\" content=\"Escrito por\" \/>\n\t<meta name=\"twitter:data1\" content=\"libna\" \/>\n\t<meta name=\"twitter:label2\" content=\"Tiempo de lectura\" \/>\n\t<meta name=\"twitter:data2\" content=\"3 minutos\" \/>\n<script type=\"application\/ld+json\" class=\"yoast-schema-graph\">{\"@context\":\"https:\\\/\\\/schema.org\",\"@graph\":[{\"@type\":\"Article\",\"@id\":\"https:\\\/\\\/interamerica.org\\\/es\\\/2021\\\/03\\\/universidad-loma-linda-lanza-conversaciones-sobre-gobernacion\\\/#article\",\"isPartOf\":{\"@id\":\"https:\\\/\\\/interamerica.org\\\/es\\\/2021\\\/03\\\/universidad-loma-linda-lanza-conversaciones-sobre-gobernacion\\\/\"},\"author\":{\"name\":\"libna\",\"@id\":\"https:\\\/\\\/interamerica.org\\\/es\\\/#\\\/schema\\\/person\\\/29998f2bc2d8bd0d38662909289b54f1\"},\"headline\":\"Universidad Loma Linda lanza \u2018Conversaciones sobre Gobernaci\u00f3n\u2019\",\"datePublished\":\"2021-03-03T20:31:51+00:00\",\"dateModified\":\"2021-03-04T14:01:10+00:00\",\"mainEntityOfPage\":{\"@id\":\"https:\\\/\\\/interamerica.org\\\/es\\\/2021\\\/03\\\/universidad-loma-linda-lanza-conversaciones-sobre-gobernacion\\\/\"},\"wordCount\":611,\"image\":{\"@id\":\"https:\\\/\\\/interamerica.org\\\/es\\\/2021\\\/03\\\/universidad-loma-linda-lanza-conversaciones-sobre-gobernacion\\\/#primaryimage\"},\"thumbnailUrl\":\"https:\\\/\\\/interamerica.org\\\/wp-content\\\/uploads\\\/2021\\\/03\\\/online-headway-5qgiuubxkwm-unsplash.jpg\",\"articleSection\":[\"Desde la iglesia mundial\",\"RSS Espa\u00f1ol\"],\"inLanguage\":\"es\"},{\"@type\":\"WebPage\",\"@id\":\"https:\\\/\\\/interamerica.org\\\/es\\\/2021\\\/03\\\/universidad-loma-linda-lanza-conversaciones-sobre-gobernacion\\\/\",\"url\":\"https:\\\/\\\/interamerica.org\\\/es\\\/2021\\\/03\\\/universidad-loma-linda-lanza-conversaciones-sobre-gobernacion\\\/\",\"name\":\"Universidad Loma Linda lanza \u2018Conversaciones sobre Gobernaci\u00f3n\u2019 - Iglesia Adventista del S\u00e9ptimo D\u00eda - Divisi\u00f3n Interamericana\",\"isPartOf\":{\"@id\":\"https:\\\/\\\/interamerica.org\\\/es\\\/#website\"},\"primaryImageOfPage\":{\"@id\":\"https:\\\/\\\/interamerica.org\\\/es\\\/2021\\\/03\\\/universidad-loma-linda-lanza-conversaciones-sobre-gobernacion\\\/#primaryimage\"},\"image\":{\"@id\":\"https:\\\/\\\/interamerica.org\\\/es\\\/2021\\\/03\\\/universidad-loma-linda-lanza-conversaciones-sobre-gobernacion\\\/#primaryimage\"},\"thumbnailUrl\":\"https:\\\/\\\/interamerica.org\\\/wp-content\\\/uploads\\\/2021\\\/03\\\/online-headway-5qgiuubxkwm-unsplash.jpg\",\"datePublished\":\"2021-03-03T20:31:51+00:00\",\"dateModified\":\"2021-03-04T14:01:10+00:00\",\"author\":{\"@id\":\"https:\\\/\\\/interamerica.org\\\/es\\\/#\\\/schema\\\/person\\\/29998f2bc2d8bd0d38662909289b54f1\"},\"breadcrumb\":{\"@id\":\"https:\\\/\\\/interamerica.org\\\/es\\\/2021\\\/03\\\/universidad-loma-linda-lanza-conversaciones-sobre-gobernacion\\\/#breadcrumb\"},\"inLanguage\":\"es\",\"potentialAction\":[{\"@type\":\"ReadAction\",\"target\":[\"https:\\\/\\\/interamerica.org\\\/es\\\/2021\\\/03\\\/universidad-loma-linda-lanza-conversaciones-sobre-gobernacion\\\/\"]}]},{\"@type\":\"ImageObject\",\"inLanguage\":\"es\",\"@id\":\"https:\\\/\\\/interamerica.org\\\/es\\\/2021\\\/03\\\/universidad-loma-linda-lanza-conversaciones-sobre-gobernacion\\\/#primaryimage\",\"url\":\"https:\\\/\\\/interamerica.org\\\/wp-content\\\/uploads\\\/2021\\\/03\\\/online-headway-5qgiuubxkwm-unsplash.jpg\",\"contentUrl\":\"https:\\\/\\\/interamerica.org\\\/wp-content\\\/uploads\\\/2021\\\/03\\\/online-headway-5qgiuubxkwm-unsplash.jpg\",\"width\":1280,\"height\":800,\"caption\":\"[Imagen: Unsplash]\"},{\"@type\":\"BreadcrumbList\",\"@id\":\"https:\\\/\\\/interamerica.org\\\/es\\\/2021\\\/03\\\/universidad-loma-linda-lanza-conversaciones-sobre-gobernacion\\\/#breadcrumb\",\"itemListElement\":[{\"@type\":\"ListItem\",\"position\":1,\"name\":\"Home\",\"item\":\"https:\\\/\\\/interamerica.org\\\/es\\\/\"},{\"@type\":\"ListItem\",\"position\":2,\"name\":\"Universidad Loma Linda lanza \u2018Conversaciones sobre Gobernaci\u00f3n\u2019\"}]},{\"@type\":\"WebSite\",\"@id\":\"https:\\\/\\\/interamerica.org\\\/es\\\/#website\",\"url\":\"https:\\\/\\\/interamerica.org\\\/es\\\/\",\"name\":\"Iglesia Adventista del S\u00e9ptimo D\u00eda - Divisi\u00f3n Interamericana\",\"description\":\"\",\"potentialAction\":[{\"@type\":\"SearchAction\",\"target\":{\"@type\":\"EntryPoint\",\"urlTemplate\":\"https:\\\/\\\/interamerica.org\\\/es\\\/?s={search_term_string}\"},\"query-input\":{\"@type\":\"PropertyValueSpecification\",\"valueRequired\":true,\"valueName\":\"search_term_string\"}}],\"inLanguage\":\"es\"},{\"@type\":\"Person\",\"@id\":\"https:\\\/\\\/interamerica.org\\\/es\\\/#\\\/schema\\\/person\\\/29998f2bc2d8bd0d38662909289b54f1\",\"name\":\"libna\",\"image\":{\"@type\":\"ImageObject\",\"inLanguage\":\"es\",\"@id\":\"https:\\\/\\\/secure.gravatar.com\\\/avatar\\\/7c5bd30ae4b47a9ba3c856590957fd1d96dc588bf3ac05719d247e126840331f?s=96&d=mm&r=g\",\"url\":\"https:\\\/\\\/secure.gravatar.com\\\/avatar\\\/7c5bd30ae4b47a9ba3c856590957fd1d96dc588bf3ac05719d247e126840331f?s=96&d=mm&r=g\",\"contentUrl\":\"https:\\\/\\\/secure.gravatar.com\\\/avatar\\\/7c5bd30ae4b47a9ba3c856590957fd1d96dc588bf3ac05719d247e126840331f?s=96&d=mm&r=g\",\"caption\":\"libna\"}}]}<\/script>\n<!-- \/ Yoast SEO plugin. -->","yoast_head_json":{"title":"Universidad Loma Linda lanza \u2018Conversaciones sobre Gobernaci\u00f3n\u2019 - Iglesia Adventista del S\u00e9ptimo D\u00eda - Divisi\u00f3n Interamericana","robots":{"index":"index","follow":"follow","max-snippet":"max-snippet:-1","max-image-preview":"max-image-preview:large","max-video-preview":"max-video-preview:-1"},"canonical":"https:\/\/interamerica.org\/es\/2021\/03\/universidad-loma-linda-lanza-conversaciones-sobre-gobernacion\/","og_locale":"es_ES","og_type":"article","og_title":"Universidad Loma Linda lanza \u2018Conversaciones sobre Gobernaci\u00f3n\u2019 - Iglesia Adventista del S\u00e9ptimo D\u00eda - Divisi\u00f3n Interamericana","og_description":"Curso gratuito en l\u00ednea se propone fortalecer el papel a desempe\u00f1ar de miembros y dirigentes de junta. 3 de marzo de 2021 | Loma Linda, California, Estados Unidos | por...","og_url":"https:\/\/interamerica.org\/es\/2021\/03\/universidad-loma-linda-lanza-conversaciones-sobre-gobernacion\/","og_site_name":"Iglesia Adventista del S\u00e9ptimo D\u00eda - Divisi\u00f3n Interamericana","article_published_time":"2021-03-03T20:31:51+00:00","article_modified_time":"2021-03-04T14:01:10+00:00","og_image":[{"width":1280,"height":800,"url":"https:\/\/interamerica.org\/wp-content\/uploads\/2021\/03\/online-headway-5qgiuubxkwm-unsplash.jpg","type":"image\/jpeg"}],"author":"libna","twitter_card":"summary_large_image","twitter_misc":{"Escrito por":"libna","Tiempo de lectura":"3 minutos"},"schema":{"@context":"https:\/\/schema.org","@graph":[{"@type":"Article","@id":"https:\/\/interamerica.org\/es\/2021\/03\/universidad-loma-linda-lanza-conversaciones-sobre-gobernacion\/#article","isPartOf":{"@id":"https:\/\/interamerica.org\/es\/2021\/03\/universidad-loma-linda-lanza-conversaciones-sobre-gobernacion\/"},"author":{"name":"libna","@id":"https:\/\/interamerica.org\/es\/#\/schema\/person\/29998f2bc2d8bd0d38662909289b54f1"},"headline":"Universidad Loma Linda lanza \u2018Conversaciones sobre Gobernaci\u00f3n\u2019","datePublished":"2021-03-03T20:31:51+00:00","dateModified":"2021-03-04T14:01:10+00:00","mainEntityOfPage":{"@id":"https:\/\/interamerica.org\/es\/2021\/03\/universidad-loma-linda-lanza-conversaciones-sobre-gobernacion\/"},"wordCount":611,"image":{"@id":"https:\/\/interamerica.org\/es\/2021\/03\/universidad-loma-linda-lanza-conversaciones-sobre-gobernacion\/#primaryimage"},"thumbnailUrl":"https:\/\/interamerica.org\/wp-content\/uploads\/2021\/03\/online-headway-5qgiuubxkwm-unsplash.jpg","articleSection":["Desde la iglesia mundial","RSS Espa\u00f1ol"],"inLanguage":"es"},{"@type":"WebPage","@id":"https:\/\/interamerica.org\/es\/2021\/03\/universidad-loma-linda-lanza-conversaciones-sobre-gobernacion\/","url":"https:\/\/interamerica.org\/es\/2021\/03\/universidad-loma-linda-lanza-conversaciones-sobre-gobernacion\/","name":"Universidad Loma Linda lanza \u2018Conversaciones sobre Gobernaci\u00f3n\u2019 - Iglesia Adventista del S\u00e9ptimo D\u00eda - Divisi\u00f3n Interamericana","isPartOf":{"@id":"https:\/\/interamerica.org\/es\/#website"},"primaryImageOfPage":{"@id":"https:\/\/interamerica.org\/es\/2021\/03\/universidad-loma-linda-lanza-conversaciones-sobre-gobernacion\/#primaryimage"},"image":{"@id":"https:\/\/interamerica.org\/es\/2021\/03\/universidad-loma-linda-lanza-conversaciones-sobre-gobernacion\/#primaryimage"},"thumbnailUrl":"https:\/\/interamerica.org\/wp-content\/uploads\/2021\/03\/online-headway-5qgiuubxkwm-unsplash.jpg","datePublished":"2021-03-03T20:31:51+00:00","dateModified":"2021-03-04T14:01:10+00:00","author":{"@id":"https:\/\/interamerica.org\/es\/#\/schema\/person\/29998f2bc2d8bd0d38662909289b54f1"},"breadcrumb":{"@id":"https:\/\/interamerica.org\/es\/2021\/03\/universidad-loma-linda-lanza-conversaciones-sobre-gobernacion\/#breadcrumb"},"inLanguage":"es","potentialAction":[{"@type":"ReadAction","target":["https:\/\/interamerica.org\/es\/2021\/03\/universidad-loma-linda-lanza-conversaciones-sobre-gobernacion\/"]}]},{"@type":"ImageObject","inLanguage":"es","@id":"https:\/\/interamerica.org\/es\/2021\/03\/universidad-loma-linda-lanza-conversaciones-sobre-gobernacion\/#primaryimage","url":"https:\/\/interamerica.org\/wp-content\/uploads\/2021\/03\/online-headway-5qgiuubxkwm-unsplash.jpg","contentUrl":"https:\/\/interamerica.org\/wp-content\/uploads\/2021\/03\/online-headway-5qgiuubxkwm-unsplash.jpg","width":1280,"height":800,"caption":"[Imagen: Unsplash]"},{"@type":"BreadcrumbList","@id":"https:\/\/interamerica.org\/es\/2021\/03\/universidad-loma-linda-lanza-conversaciones-sobre-gobernacion\/#breadcrumb","itemListElement":[{"@type":"ListItem","position":1,"name":"Home","item":"https:\/\/interamerica.org\/es\/"},{"@type":"ListItem","position":2,"name":"Universidad Loma Linda lanza \u2018Conversaciones sobre Gobernaci\u00f3n\u2019"}]},{"@type":"WebSite","@id":"https:\/\/interamerica.org\/es\/#website","url":"https:\/\/interamerica.org\/es\/","name":"Iglesia Adventista del S\u00e9ptimo D\u00eda - Divisi\u00f3n Interamericana","description":"","potentialAction":[{"@type":"SearchAction","target":{"@type":"EntryPoint","urlTemplate":"https:\/\/interamerica.org\/es\/?s={search_term_string}"},"query-input":{"@type":"PropertyValueSpecification","valueRequired":true,"valueName":"search_term_string"}}],"inLanguage":"es"},{"@type":"Person","@id":"https:\/\/interamerica.org\/es\/#\/schema\/person\/29998f2bc2d8bd0d38662909289b54f1","name":"libna","image":{"@type":"ImageObject","inLanguage":"es","@id":"https:\/\/secure.gravatar.com\/avatar\/7c5bd30ae4b47a9ba3c856590957fd1d96dc588bf3ac05719d247e126840331f?s=96&d=mm&r=g","url":"https:\/\/secure.gravatar.com\/avatar\/7c5bd30ae4b47a9ba3c856590957fd1d96dc588bf3ac05719d247e126840331f?s=96&d=mm&r=g","contentUrl":"https:\/\/secure.gravatar.com\/avatar\/7c5bd30ae4b47a9ba3c856590957fd1d96dc588bf3ac05719d247e126840331f?s=96&d=mm&r=g","caption":"libna"}}]}},"_links":{"self":[{"href":"https:\/\/interamerica.org\/es\/wp-json\/wp\/v2\/posts\/69564","targetHints":{"allow":["GET"]}}],"collection":[{"href":"https:\/\/interamerica.org\/es\/wp-json\/wp\/v2\/posts"}],"about":[{"href":"https:\/\/interamerica.org\/es\/wp-json\/wp\/v2\/types\/post"}],"author":[{"embeddable":true,"href":"https:\/\/interamerica.org\/es\/wp-json\/wp\/v2\/users\/3"}],"replies":[{"embeddable":true,"href":"https:\/\/interamerica.org\/es\/wp-json\/wp\/v2\/comments?post=69564"}],"version-history":[{"count":0,"href":"https:\/\/interamerica.org\/es\/wp-json\/wp\/v2\/posts\/69564\/revisions"}],"wp:featuredmedia":[{"embeddable":true,"href":"https:\/\/interamerica.org\/es\/wp-json\/wp\/v2\/media\/69552"}],"wp:attachment":[{"href":"https:\/\/interamerica.org\/es\/wp-json\/wp\/v2\/media?parent=69564"}],"wp:term":[{"taxonomy":"category","embeddable":true,"href":"https:\/\/interamerica.org\/es\/wp-json\/wp\/v2\/categories?post=69564"},{"taxonomy":"post_tag","embeddable":true,"href":"https:\/\/interamerica.org\/es\/wp-json\/wp\/v2\/tags?post=69564"}],"curies":[{"name":"wp","href":"https:\/\/api.w.org\/{rel}","templated":true}]}}